{"id":3928,"date":"2022-02-15T13:35:35","date_gmt":"2022-02-15T11:35:35","guid":{"rendered":"https:\/\/nicogcasares.eu\/?p=3928"},"modified":"2022-04-01T15:27:26","modified_gmt":"2022-04-01T13:27:26","slug":"gonzalez-casares-enerxia-eolica-marina-europa","status":"publish","type":"post","link":"https:\/\/nicogcasares.eu\/gl\/gonzalez-casares-enerxia-eolica-marina-europa\/","title":{"rendered":"Gonz\u00e1lez Casares ve na enerx\u00eda e\u00f3lica mari\u00f1a a &#8220;grande oportunidade industrial&#8221; por facerse co liderado tecnol\u00f3xico"},"content":{"rendered":"\n<p class=\"has-black-color has-text-color has-medium-font-size\"> <strong>O parlamentario chama \u00e1 participaci\u00f3n do sector pesqueiro no debate sobre a implantaci\u00f3n das instalaci\u00f3ns offshore no territorio<\/strong><\/p>\n\n\n\n<p class=\"has-black-color has-text-color has-medium-font-size\">  No marco das negociaci\u00f3ns das propostas que articular\u00e1n o <strong>paquete Fit for 55<\/strong>, este luns na sesi\u00f3n plenaria do Parlamento Europeo aprobouse un novo informe sobre a <strong>Estratexia europea para a enerx\u00eda renovable mari\u00f1a<\/strong>.  <\/p>\n\n\n\n<p class=\"has-black-color has-text-color has-medium-font-size\"> Actualmente, a <strong>capacidade de produci\u00f3n de enerx\u00eda offshore da Uni\u00f3n Europea<\/strong> \u00e9 de 12 xiga vatios (GW), o obxectivo \u00e9 alcanzar de aqu\u00ed ao 2030 os 60 GW e chegar aos 300 GW en 2050. A enerx\u00eda oce\u00e1nica e outras tecnolox\u00edas mari\u00f1as emerxentes, como o uso de algas para producir biocarburantes, poder\u00edan complementar este tipo de electricidade que atopa no mar do Norte e o B\u00e1ltico dous dos seus puntos de maior proxecci\u00f3n. <\/p>\n\n\n\n<p class=\"has-black-color has-text-color has-medium-font-size\"> As instalaci\u00f3ns offshore resultar\u00e1n moi proveitosas para mellorar <strong>a interconexi\u00f3n de territorios como a Pen\u00ednsula Ib\u00e9rica<\/strong>, que funcionan como illas el\u00e9ctricas, e tam\u00e9n doutras zonas m\u00e1is pequenas, sen costa ou localizadas en latitudes setentrionais, que ven limitada a s\u00faa capacidade para apostar polas renovables e, polo tanto, para contribu\u00edr \u00e1 descarbonizaci\u00f3n de Europa. <\/p>\n\n\n\n<p class=\"has-black-color has-text-color has-medium-font-size\"> Nesta li\u00f1a, desde o <strong>Grupo da Alianza de Socialistas e Dem\u00f3cratas<\/strong>, o eurodeputado galego <strong>Nicol\u00e1s Gonz\u00e1lez Casares<\/strong> chamou a ter en conta as especificades de cada Estado membro e impulsar a colaboraci\u00f3n entre eles: &#8220;Non \u00e9 o mesmo o Mar do Norte que o Oc\u00e9ano Atl\u00e1ntico. Polo que <strong>debemos dar un salto rompedor para ser l\u00edderes en tecnolox\u00eda de plataforma flotante<\/strong>. Temos co\u00f1ecementos t\u00e9cnicos, por exemplo, na industria naval, e contamos cunha boa posici\u00f3n. \u00c9 unha grande oportunidade industrial&#8221;. <\/p>\n\n\n\n<p class=\"has-black-color has-text-color has-medium-font-size\"> A enerx\u00eda e\u00f3lica mari\u00f1a est\u00e1 a demostrar a s\u00faa competitividade respecto doutras enerx\u00edas renovables e o liderado tecnol\u00f3xico que pode xogar a Uni\u00f3n Europa neste campo, polo que a participaci\u00f3n dos actores implicados e da sociedade en xeral \u00e9 primordial. <\/p>\n\n\n\n<p class=\"has-black-color has-text-color has-medium-font-size\"> &#8220;O desenvolvemento renovable non debe, por exemplo, comprometer a produci\u00f3n de alimentos como nos lembran os Acordos de Par\u00eds, polo que <strong>precisamos que todos os sectores, fundamentalmente o pesqueiro, estean a bordo nos debates sobre o despregamento desta enerx\u00eda<\/strong>&#8220;, anunciaba Gonz\u00e1lez Casares ao tempo que lembraba a necesidade de que este tipo de iniciativas &#8220;repercutan beneficios para as comunidades pr\u00f3ximas&#8221;. <\/p>\n\n\n\n<p class=\"has-black-color has-text-color has-medium-font-size\"> <strong>O paquete Fit for 55<\/strong> <\/p>\n\n\n\n<p class=\"has-black-color has-text-color has-medium-font-size\"> Tr\u00e1tase dun conxunto de propostas que buscan revisar e actualizar a lexislaci\u00f3n da Uni\u00f3n Europea e po\u00f1er en marcha novas iniciativas co obxectivo de garantir que as pol\u00edticas da UE estean en consonancia cos obxectivos clim\u00e1ticos acordados polo Consello e o Parlamento Europeo. <\/p>\n\n\n\n<p class=\"has-black-color has-text-color has-medium-font-size\"> O paquete de propostas pretende proporcionar un marco coherente e equilibrado para alcanzar os obxectivos clim\u00e1ticos da UE para asegurar unha transici\u00f3n socialmente xusta, manter e reforzar a innovaci\u00f3n e a competitividade da industria garantindo a igualdade de condici\u00f3ns fronte aos operadores econ\u00f3micos de terceiros.<\/p>\n\n\n\n<p><a href=\"https:\/\/www.energias-renovables.com\/eolica\/galicia-debe-dar-un-salto-disruptivo-para-20220215\" target=\"_blank\" rel=\"noreferrer noopener\">M\u00e1is info sobre a noticia<\/a><\/p>\n","protected":false},"excerpt":{"rendered":"<p>No marco das negociaci\u00f3ns das propostas que articular\u00e1n o paquete Fit for 55, este luns na sesi\u00f3n plenaria do Parlamento Europeo aprobouse un novo informe sobre a Estratexia europea para a enerx\u00eda renovable mari\u00f1a<\/p>\n","protected":false},"author":4,"featured_media":4112,"comment_status":"closed","ping_status":"closed","sticky":true,"template":"","format":"standard","meta":{"footnotes":""},"categories":[2,34,27,29,26,30,31,24,20,32],"tags":[345,346,344,347,84],"yoast_head":"<!-- This site is optimized with the Yoast SEO plugin v22.3 - https:\/\/yoast.com\/wordpress\/plugins\/seo\/ -->\n<title>Gonz\u00e1lez Casares ve na enerx\u00eda e\u00f3lica mari\u00f1a a &quot;grande oportunidade industrial&quot; por facerse co liderado tecnol\u00f3xico - Nico G. Casares<\/title>\n<meta name=\"description\" content=\"No marco das negociaci\u00f3ns das propostas que articular\u00e1n o paquete Fit for 55, este luns na sesi\u00f3n plenaria do Parlamento Europeo aprobouse un novo informe sobre a Estratexia europea para a enerx\u00eda renovable mari\u00f1a\" \/>\n<meta name=\"robots\" content=\"index, follow, max-snippet:-1, max-image-preview:large, max-video-preview:-1\" \/>\n<link rel=\"canonical\" href=\"https:\/\/nicogcasares.eu\/gl\/gonzalez-casares-enerxia-eolica-marina-europa\/\" \/>\n<meta property=\"og:locale\" content=\"gl_ES\" \/>\n<meta property=\"og:type\" content=\"article\" \/>\n<meta property=\"og:title\" content=\"Gonz\u00e1lez Casares ve na enerx\u00eda e\u00f3lica mari\u00f1a a &quot;grande oportunidade industrial&quot; por facerse co liderado tecnol\u00f3xico\" \/>\n<meta property=\"og:description\" content=\"No marco das negociaci\u00f3ns das propostas que articular\u00e1n o paquete Fit for 55, este luns na sesi\u00f3n plenaria do Parlamento Europeo aprobouse un novo informe sobre a Estratexia europea para a enerx\u00eda renovable mari\u00f1a\" \/>\n<meta property=\"og:url\" content=\"https:\/\/nicogcasares.eu\/gl\/gonzalez-casares-enerxia-eolica-marina-europa\/\" \/>\n<meta property=\"og:site_name\" content=\"Nico G. Casares\" \/>\n<meta property=\"article:published_time\" content=\"2022-02-15T11:35:35+00:00\" \/>\n<meta property=\"article:modified_time\" content=\"2022-04-01T13:27:26+00:00\" \/>\n<meta property=\"og:image\" content=\"https:\/\/nicogcasares.eu\/wp-content\/uploads\/2022\/03\/Nicolas-Gonzalez-Casares.-ERIC-VIDAL-PARLAMENTO-EUROPEO-4.jpg\" \/>\n\t<meta property=\"og:image:width\" content=\"1919\" \/>\n\t<meta property=\"og:image:height\" content=\"1277\" \/>\n\t<meta property=\"og:image:type\" content=\"image\/jpeg\" \/>\n<meta name=\"author\" content=\"Nicol\u00e1s Gonz\u00e1lez Casares\" \/>\n<meta name=\"twitter:card\" content=\"summary_large_image\" \/>\n<meta name=\"twitter:title\" content=\"Gonz\u00e1lez Casares ve na enerx\u00eda e\u00f3lica mari\u00f1a a &quot;grande oportunidade industrial&quot; por facerse co liderado tecnol\u00f3xico\" \/>\n<meta name=\"twitter:description\" content=\"No marco das negociaci\u00f3ns das propostas que articular\u00e1n o paquete Fit for 55, este luns na sesi\u00f3n plenaria do Parlamento Europeo aprobouse un novo informe sobre a Estratexia europea para a enerx\u00eda renovable mari\u00f1a\" \/>\n<meta name=\"twitter:image\" content=\"https:\/\/nicogcasares.eu\/wp-content\/uploads\/2022\/03\/Nicolas-Gonzalez-Casares.-ERIC-VIDAL-PARLAMENTO-EUROPEO-4.jpg\" \/>\n<meta name=\"twitter:creator\" content=\"@nicogoncas\" \/>\n<meta name=\"twitter:site\" content=\"@nicogoncas\" \/>\n<meta name=\"twitter:label1\" content=\"Escrito por\" \/>\n\t<meta name=\"twitter:data1\" content=\"Nicol\u00e1s Gonz\u00e1lez Casares\" \/>\n\t<meta name=\"twitter:label2\" content=\"Tempo de lectura\" \/>\n\t<meta name=\"twitter:data2\" content=\"3 minutos\" \/>\n<script type=\"application\/ld+json\" class=\"yoast-schema-graph\">{\"@context\":\"https:\/\/schema.org\",\"@graph\":[{\"@type\":\"Article\",\"@id\":\"https:\/\/nicogcasares.eu\/gl\/gonzalez-casares-enerxia-eolica-marina-europa\/#article\",\"isPartOf\":{\"@id\":\"https:\/\/nicogcasares.eu\/gl\/gonzalez-casares-enerxia-eolica-marina-europa\/\"},\"author\":{\"name\":\"Nicol\u00e1s Gonz\u00e1lez Casares\",\"@id\":\"https:\/\/nicogcasares.eu\/gl\/#\/schema\/person\/75361477143e596646d48598a3778163\"},\"headline\":\"Gonz\u00e1lez Casares ve na enerx\u00eda e\u00f3lica mari\u00f1a a &#8220;grande oportunidade industrial&#8221; por facerse co liderado tecnol\u00f3xico\",\"datePublished\":\"2022-02-15T11:35:35+00:00\",\"dateModified\":\"2022-04-01T13:27:26+00:00\",\"mainEntityOfPage\":{\"@id\":\"https:\/\/nicogcasares.eu\/gl\/gonzalez-casares-enerxia-eolica-marina-europa\/\"},\"wordCount\":528,\"publisher\":{\"@id\":\"https:\/\/nicogcasares.eu\/gl\/#\/schema\/person\/75361477143e596646d48598a3778163\"},\"image\":{\"@id\":\"https:\/\/nicogcasares.eu\/gl\/gonzalez-casares-enerxia-eolica-marina-europa\/#primaryimage\"},\"thumbnailUrl\":\"https:\/\/nicogcasares.eu\/wp-content\/uploads\/2022\/03\/Nicolas-Gonzalez-Casares.-ERIC-VIDAL-PARLAMENTO-EUROPEO-4.jpg\",\"keywords\":[\"enerx\u00eda\",\"e\u00f3lica\",\"Gonz\u00e1lez Casares\",\"offshore\",\"Parlamento Europeo\"],\"articleSection\":[\"Actividad\",\"Actividade\",\"Energ\u00eda\",\"Enerx\u00eda\",\"Industria\",\"Industria\",\"Medio ambiente\",\"Medioambiente\",\"Noticias\",\"Novas\"],\"inLanguage\":\"gl-ES\"},{\"@type\":\"WebPage\",\"@id\":\"https:\/\/nicogcasares.eu\/gl\/gonzalez-casares-enerxia-eolica-marina-europa\/\",\"url\":\"https:\/\/nicogcasares.eu\/gl\/gonzalez-casares-enerxia-eolica-marina-europa\/\",\"name\":\"Gonz\u00e1lez Casares ve na enerx\u00eda e\u00f3lica mari\u00f1a a \\\"grande oportunidade industrial\\\" por facerse co liderado tecnol\u00f3xico - Nico G. Casares\",\"isPartOf\":{\"@id\":\"https:\/\/nicogcasares.eu\/gl\/#website\"},\"primaryImageOfPage\":{\"@id\":\"https:\/\/nicogcasares.eu\/gl\/gonzalez-casares-enerxia-eolica-marina-europa\/#primaryimage\"},\"image\":{\"@id\":\"https:\/\/nicogcasares.eu\/gl\/gonzalez-casares-enerxia-eolica-marina-europa\/#primaryimage\"},\"thumbnailUrl\":\"https:\/\/nicogcasares.eu\/wp-content\/uploads\/2022\/03\/Nicolas-Gonzalez-Casares.-ERIC-VIDAL-PARLAMENTO-EUROPEO-4.jpg\",\"datePublished\":\"2022-02-15T11:35:35+00:00\",\"dateModified\":\"2022-04-01T13:27:26+00:00\",\"description\":\"No marco das negociaci\u00f3ns das propostas que articular\u00e1n o paquete Fit for 55, este luns na sesi\u00f3n plenaria do Parlamento Europeo aprobouse un novo informe sobre a Estratexia europea para a enerx\u00eda renovable mari\u00f1a\",\"breadcrumb\":{\"@id\":\"https:\/\/nicogcasares.eu\/gl\/gonzalez-casares-enerxia-eolica-marina-europa\/#breadcrumb\"},\"inLanguage\":\"gl-ES\",\"potentialAction\":[{\"@type\":\"ReadAction\",\"target\":[\"https:\/\/nicogcasares.eu\/gl\/gonzalez-casares-enerxia-eolica-marina-europa\/\"]}]},{\"@type\":\"ImageObject\",\"inLanguage\":\"gl-ES\",\"@id\":\"https:\/\/nicogcasares.eu\/gl\/gonzalez-casares-enerxia-eolica-marina-europa\/#primaryimage\",\"url\":\"https:\/\/nicogcasares.eu\/wp-content\/uploads\/2022\/03\/Nicolas-Gonzalez-Casares.-ERIC-VIDAL-PARLAMENTO-EUROPEO-4.jpg\",\"contentUrl\":\"https:\/\/nicogcasares.eu\/wp-content\/uploads\/2022\/03\/Nicolas-Gonzalez-Casares.-ERIC-VIDAL-PARLAMENTO-EUROPEO-4.jpg\",\"width\":1919,\"height\":1277},{\"@type\":\"BreadcrumbList\",\"@id\":\"https:\/\/nicogcasares.eu\/gl\/gonzalez-casares-enerxia-eolica-marina-europa\/#breadcrumb\",\"itemListElement\":[{\"@type\":\"ListItem\",\"position\":1,\"name\":\"Portada\",\"item\":\"https:\/\/nicogcasares.eu\/gl\/\"},{\"@type\":\"ListItem\",\"position\":2,\"name\":\"Gonz\u00e1lez Casares ve na enerx\u00eda e\u00f3lica mari\u00f1a a \u00abgrande oportunidade industrial\u00bb por facerse co liderado tecnol\u00f3xico\"}]},{\"@type\":\"WebSite\",\"@id\":\"https:\/\/nicogcasares.eu\/gl\/#website\",\"url\":\"https:\/\/nicogcasares.eu\/gl\/\",\"name\":\"Nico G. Casares\",\"description\":\"Diputado socialista en el parlamento europeo\",\"publisher\":{\"@id\":\"https:\/\/nicogcasares.eu\/gl\/#\/schema\/person\/75361477143e596646d48598a3778163\"},\"potentialAction\":[{\"@type\":\"SearchAction\",\"target\":{\"@type\":\"EntryPoint\",\"urlTemplate\":\"https:\/\/nicogcasares.eu\/gl\/?s={search_term_string}\"},\"query-input\":\"required name=search_term_string\"}],\"inLanguage\":\"gl-ES\"},{\"@type\":[\"Person\",\"Organization\"],\"@id\":\"https:\/\/nicogcasares.eu\/gl\/#\/schema\/person\/75361477143e596646d48598a3778163\",\"name\":\"Nicol\u00e1s Gonz\u00e1lez Casares\",\"image\":{\"@type\":\"ImageObject\",\"inLanguage\":\"gl-ES\",\"@id\":\"https:\/\/nicogcasares.eu\/gl\/#\/schema\/person\/image\/\",\"url\":\"https:\/\/nicogcasares.eu\/wp-content\/uploads\/2021\/11\/20211006_EP-119139A_FMA_0895_RESIZED_S.jpg\",\"contentUrl\":\"https:\/\/nicogcasares.eu\/wp-content\/uploads\/2021\/11\/20211006_EP-119139A_FMA_0895_RESIZED_S.jpg\",\"width\":639,\"height\":426,\"caption\":\"Nicol\u00e1s Gonz\u00e1lez Casares\"},\"logo\":{\"@id\":\"https:\/\/nicogcasares.eu\/gl\/#\/schema\/person\/image\/\"},\"url\":\"https:\/\/nicogcasares.eu\/gl\/author\/nico\/\"}]}<\/script>\n<!-- \/ Yoast SEO plugin. -->","yoast_head_json":{"title":"Gonz\u00e1lez Casares ve na enerx\u00eda e\u00f3lica mari\u00f1a a \"grande oportunidade industrial\" por facerse co liderado tecnol\u00f3xico - Nico G. Casares","description":"No marco das negociaci\u00f3ns das propostas que articular\u00e1n o paquete Fit for 55, este luns na sesi\u00f3n plenaria do Parlamento Europeo aprobouse un novo informe sobre a Estratexia europea para a enerx\u00eda renovable mari\u00f1a","robots":{"index":"index","follow":"follow","max-snippet":"max-snippet:-1","max-image-preview":"max-image-preview:large","max-video-preview":"max-video-preview:-1"},"canonical":"https:\/\/nicogcasares.eu\/gl\/gonzalez-casares-enerxia-eolica-marina-europa\/","og_locale":"gl_ES","og_type":"article","og_title":"Gonz\u00e1lez Casares ve na enerx\u00eda e\u00f3lica mari\u00f1a a \"grande oportunidade industrial\" por facerse co liderado tecnol\u00f3xico","og_description":"No marco das negociaci\u00f3ns das propostas que articular\u00e1n o paquete Fit for 55, este luns na sesi\u00f3n plenaria do Parlamento Europeo aprobouse un novo informe sobre a Estratexia europea para a enerx\u00eda renovable mari\u00f1a","og_url":"https:\/\/nicogcasares.eu\/gl\/gonzalez-casares-enerxia-eolica-marina-europa\/","og_site_name":"Nico G. Casares","article_published_time":"2022-02-15T11:35:35+00:00","article_modified_time":"2022-04-01T13:27:26+00:00","og_image":[{"width":1919,"height":1277,"url":"https:\/\/nicogcasares.eu\/wp-content\/uploads\/2022\/03\/Nicolas-Gonzalez-Casares.-ERIC-VIDAL-PARLAMENTO-EUROPEO-4.jpg","type":"image\/jpeg"}],"author":"Nicol\u00e1s Gonz\u00e1lez Casares","twitter_card":"summary_large_image","twitter_title":"Gonz\u00e1lez Casares ve na enerx\u00eda e\u00f3lica mari\u00f1a a \"grande oportunidade industrial\" por facerse co liderado tecnol\u00f3xico","twitter_description":"No marco das negociaci\u00f3ns das propostas que articular\u00e1n o paquete Fit for 55, este luns na sesi\u00f3n plenaria do Parlamento Europeo aprobouse un novo informe sobre a Estratexia europea para a enerx\u00eda renovable mari\u00f1a","twitter_image":"https:\/\/nicogcasares.eu\/wp-content\/uploads\/2022\/03\/Nicolas-Gonzalez-Casares.-ERIC-VIDAL-PARLAMENTO-EUROPEO-4.jpg","twitter_creator":"@nicogoncas","twitter_site":"@nicogoncas","twitter_misc":{"Escrito por":"Nicol\u00e1s Gonz\u00e1lez Casares","Tempo de lectura":"3 minutos"},"schema":{"@context":"https:\/\/schema.org","@graph":[{"@type":"Article","@id":"https:\/\/nicogcasares.eu\/gl\/gonzalez-casares-enerxia-eolica-marina-europa\/#article","isPartOf":{"@id":"https:\/\/nicogcasares.eu\/gl\/gonzalez-casares-enerxia-eolica-marina-europa\/"},"author":{"name":"Nicol\u00e1s Gonz\u00e1lez Casares","@id":"https:\/\/nicogcasares.eu\/gl\/#\/schema\/person\/75361477143e596646d48598a3778163"},"headline":"Gonz\u00e1lez Casares ve na enerx\u00eda e\u00f3lica mari\u00f1a a &#8220;grande oportunidade industrial&#8221; por facerse co liderado tecnol\u00f3xico","datePublished":"2022-02-15T11:35:35+00:00","dateModified":"2022-04-01T13:27:26+00:00","mainEntityOfPage":{"@id":"https:\/\/nicogcasares.eu\/gl\/gonzalez-casares-enerxia-eolica-marina-europa\/"},"wordCount":528,"publisher":{"@id":"https:\/\/nicogcasares.eu\/gl\/#\/schema\/person\/75361477143e596646d48598a3778163"},"image":{"@id":"https:\/\/nicogcasares.eu\/gl\/gonzalez-casares-enerxia-eolica-marina-europa\/#primaryimage"},"thumbnailUrl":"https:\/\/nicogcasares.eu\/wp-content\/uploads\/2022\/03\/Nicolas-Gonzalez-Casares.-ERIC-VIDAL-PARLAMENTO-EUROPEO-4.jpg","keywords":["enerx\u00eda","e\u00f3lica","Gonz\u00e1lez Casares","offshore","Parlamento Europeo"],"articleSection":["Actividad","Actividade","Energ\u00eda","Enerx\u00eda","Industria","Industria","Medio ambiente","Medioambiente","Noticias","Novas"],"inLanguage":"gl-ES"},{"@type":"WebPage","@id":"https:\/\/nicogcasares.eu\/gl\/gonzalez-casares-enerxia-eolica-marina-europa\/","url":"https:\/\/nicogcasares.eu\/gl\/gonzalez-casares-enerxia-eolica-marina-europa\/","name":"Gonz\u00e1lez Casares ve na enerx\u00eda e\u00f3lica mari\u00f1a a \"grande oportunidade industrial\" por facerse co liderado tecnol\u00f3xico - Nico G. Casares","isPartOf":{"@id":"https:\/\/nicogcasares.eu\/gl\/#website"},"primaryImageOfPage":{"@id":"https:\/\/nicogcasares.eu\/gl\/gonzalez-casares-enerxia-eolica-marina-europa\/#primaryimage"},"image":{"@id":"https:\/\/nicogcasares.eu\/gl\/gonzalez-casares-enerxia-eolica-marina-europa\/#primaryimage"},"thumbnailUrl":"https:\/\/nicogcasares.eu\/wp-content\/uploads\/2022\/03\/Nicolas-Gonzalez-Casares.-ERIC-VIDAL-PARLAMENTO-EUROPEO-4.jpg","datePublished":"2022-02-15T11:35:35+00:00","dateModified":"2022-04-01T13:27:26+00:00","description":"No marco das negociaci\u00f3ns das propostas que articular\u00e1n o paquete Fit for 55, este luns na sesi\u00f3n plenaria do Parlamento Europeo aprobouse un novo informe sobre a Estratexia europea para a enerx\u00eda renovable mari\u00f1a","breadcrumb":{"@id":"https:\/\/nicogcasares.eu\/gl\/gonzalez-casares-enerxia-eolica-marina-europa\/#breadcrumb"},"inLanguage":"gl-ES","potentialAction":[{"@type":"ReadAction","target":["https:\/\/nicogcasares.eu\/gl\/gonzalez-casares-enerxia-eolica-marina-europa\/"]}]},{"@type":"ImageObject","inLanguage":"gl-ES","@id":"https:\/\/nicogcasares.eu\/gl\/gonzalez-casares-enerxia-eolica-marina-europa\/#primaryimage","url":"https:\/\/nicogcasares.eu\/wp-content\/uploads\/2022\/03\/Nicolas-Gonzalez-Casares.-ERIC-VIDAL-PARLAMENTO-EUROPEO-4.jpg","contentUrl":"https:\/\/nicogcasares.eu\/wp-content\/uploads\/2022\/03\/Nicolas-Gonzalez-Casares.-ERIC-VIDAL-PARLAMENTO-EUROPEO-4.jpg","width":1919,"height":1277},{"@type":"BreadcrumbList","@id":"https:\/\/nicogcasares.eu\/gl\/gonzalez-casares-enerxia-eolica-marina-europa\/#breadcrumb","itemListElement":[{"@type":"ListItem","position":1,"name":"Portada","item":"https:\/\/nicogcasares.eu\/gl\/"},{"@type":"ListItem","position":2,"name":"Gonz\u00e1lez Casares ve na enerx\u00eda e\u00f3lica mari\u00f1a a \u00abgrande oportunidade industrial\u00bb por facerse co liderado tecnol\u00f3xico"}]},{"@type":"WebSite","@id":"https:\/\/nicogcasares.eu\/gl\/#website","url":"https:\/\/nicogcasares.eu\/gl\/","name":"Nico G. Casares","description":"Diputado socialista en el parlamento europeo","publisher":{"@id":"https:\/\/nicogcasares.eu\/gl\/#\/schema\/person\/75361477143e596646d48598a3778163"},"potentialAction":[{"@type":"SearchAction","target":{"@type":"EntryPoint","urlTemplate":"https:\/\/nicogcasares.eu\/gl\/?s={search_term_string}"},"query-input":"required name=search_term_string"}],"inLanguage":"gl-ES"},{"@type":["Person","Organization"],"@id":"https:\/\/nicogcasares.eu\/gl\/#\/schema\/person\/75361477143e596646d48598a3778163","name":"Nicol\u00e1s Gonz\u00e1lez Casares","image":{"@type":"ImageObject","inLanguage":"gl-ES","@id":"https:\/\/nicogcasares.eu\/gl\/#\/schema\/person\/image\/","url":"https:\/\/nicogcasares.eu\/wp-content\/uploads\/2021\/11\/20211006_EP-119139A_FMA_0895_RESIZED_S.jpg","contentUrl":"https:\/\/nicogcasares.eu\/wp-content\/uploads\/2021\/11\/20211006_EP-119139A_FMA_0895_RESIZED_S.jpg","width":639,"height":426,"caption":"Nicol\u00e1s Gonz\u00e1lez Casares"},"logo":{"@id":"https:\/\/nicogcasares.eu\/gl\/#\/schema\/person\/image\/"},"url":"https:\/\/nicogcasares.eu\/gl\/author\/nico\/"}]}},"_links":{"self":[{"href":"https:\/\/nicogcasares.eu\/gl\/wp-json\/wp\/v2\/posts\/3928"}],"collection":[{"href":"https:\/\/nicogcasares.eu\/gl\/wp-json\/wp\/v2\/posts"}],"about":[{"href":"https:\/\/nicogcasares.eu\/gl\/wp-json\/wp\/v2\/types\/post"}],"author":[{"embeddable":true,"href":"https:\/\/nicogcasares.eu\/gl\/wp-json\/wp\/v2\/users\/4"}],"replies":[{"embeddable":true,"href":"https:\/\/nicogcasares.eu\/gl\/wp-json\/wp\/v2\/comments?post=3928"}],"version-history":[{"count":2,"href":"https:\/\/nicogcasares.eu\/gl\/wp-json\/wp\/v2\/posts\/3928\/revisions"}],"predecessor-version":[{"id":3931,"href":"https:\/\/nicogcasares.eu\/gl\/wp-json\/wp\/v2\/posts\/3928\/revisions\/3931"}],"wp:featuredmedia":[{"embeddable":true,"href":"https:\/\/nicogcasares.eu\/gl\/wp-json\/wp\/v2\/media\/4112"}],"wp:attachment":[{"href":"https:\/\/nicogcasares.eu\/gl\/wp-json\/wp\/v2\/media?parent=3928"}],"wp:term":[{"taxonomy":"category","embeddable":true,"href":"https:\/\/nicogcasares.eu\/gl\/wp-json\/wp\/v2\/categories?post=3928"},{"taxonomy":"post_tag","embeddable":true,"href":"https:\/\/nicogcasares.eu\/gl\/wp-json\/wp\/v2\/tags?post=3928"}],"curies":[{"name":"wp","href":"https:\/\/api.w.org\/{rel}","templated":true}]}}