{"id":3942,"date":"2022-02-15T17:27:56","date_gmt":"2022-02-15T15:27:56","guid":{"rendered":"https:\/\/nicogcasares.eu\/?p=3942"},"modified":"2022-04-01T15:29:46","modified_gmt":"2022-04-01T13:29:46","slug":"gonzalez-casares-loita-cancro-igualdade-ciencia","status":"publish","type":"post","link":"https:\/\/nicogcasares.eu\/gl\/gonzalez-casares-loita-cancro-igualdade-ciencia\/","title":{"rendered":"&#8220;No coraz\u00f3n deste informe late a xustiza social como principio inspirador da loita contra o cancro&#8221;"},"content":{"rendered":"\n<p class=\"has-black-color has-text-color has-medium-font-size\"> <strong>O eurodeputado chama a reforzar a loita contra o cancro cunha estratexia &#8220;comprometida coa igualdade e a ciencia&#8221; e avoga pola xustiza social ante as desigualdades que se dan no acceso aos tratamentos contra o cancro en Europa <\/strong><\/p>\n\n\n\n<p class=\"has-black-color has-text-color has-medium-font-size\">  &#8220;Esta comisi\u00f3n dedicou meses a afondar <strong>no estudo do cancro e hai dous principios fundamentais: o compromiso coa igualdade e o compromiso coa ciencia<\/strong>&#8220;, defend\u00eda esta ma\u00f1\u00e1 o eurodeputado socialista <strong>Nicol\u00e1s Gonz\u00e1lez Casares<\/strong> durante o debate sobre o informe &#8220;Reforzar Europa na loita contra o cancro&#8221;. <\/p>\n\n\n\n<p class=\"has-black-color has-text-color has-medium-font-size\"> O parlamentario incitou a seguir traballando para frear o aumento de casos, que poder\u00edan incrementarse ata nun 21% &#8220;se non facemos nada&#8221;. Un labor que, ademais, ten que ter en conta as desigualdades que se producen no acceso aos tratamentos contra o cancro, rexistr\u00e1ndose <strong>diferenzas na supervivencia en m\u00e1is do 25% entre os Estados membro<\/strong>. <\/p>\n\n\n\n<p class=\"has-black-color has-text-color has-medium-font-size\"> &#8220;No coraz\u00f3n deste informe late a <strong>xustiza social<\/strong> como principio inspirador da loita contra o cancro&#8221;, dic\u00eda Gonz\u00e1lez Casares. Para os socialistas o reforzo desta loita pasa necesariamente pola garant\u00eda de plenos dereitos para todas as familias afectadas pola enfermidade. <\/p>\n\n\n\n<p class=\"has-black-color has-text-color has-medium-font-size\"> &#8220;En canto ao tabaco e ao alcol, podemos cambiar partes do informe, pero o que non se cambia nunca \u00e9 a <strong>ciencia<\/strong> que seguir\u00e1 chamando \u00e1 porta&#8221;, apuntaba o eurodeputado. A <strong>prevenci\u00f3n, a detecci\u00f3n precoz e a investigaci\u00f3n<\/strong> constit\u00faen os tres piares desde os que impulsar e apoiar a ciencia. <\/p>\n\n\n\n<p class=\"has-black-color has-text-color has-medium-font-size\"> Consciente de que &#8220;o mellor cancro \u00e9 aquel que non se ten&#8221;, incitou a reforzar os cadros de persoal sanitarios ante o impacto dunha <strong>crise sanitaria<\/strong> que est\u00e1 a provocar un forte retraso nos diagn\u00f3sticos, cuantific\u00e1ndose en ata cen mill\u00f3ns as probas que se deixaron de facer ao longo destes meses marcados pola COVID-19.<\/p>\n\n\n\n<p class=\"has-black-color has-text-color has-medium-font-size\"> &#8220;Temos que reforzar a loita contra o cancro e dar esperanza \u00e1s familias, para eles \u00e9 esta loita, fag\u00e1molo xuntos&#8221;, conclu\u00edu.<\/p>\n","protected":false},"excerpt":{"rendered":"<p>O eurodeputado chama a reforzar a loita contra o cancro cunha estratexia &#8220;comprometida coa igualdade e a ciencia&#8221; e avoga pola xustiza social ante as desigualdades que se dan no acceso aos tratamentos contra o cancro en Europa <\/p>\n","protected":false},"author":4,"featured_media":4109,"comment_status":"closed","ping_status":"closed","sticky":true,"template":"","format":"standard","meta":{"footnotes":""},"categories":[2,34,27,26,24,20,32,42],"tags":[348,344,350,84,65],"yoast_head":"<!-- This site is optimized with the Yoast SEO plugin v22.3 - https:\/\/yoast.com\/wordpress\/plugins\/seo\/ -->\n<title>&quot;No coraz\u00f3n deste informe late a xustiza social como principio inspirador da loita contra o cancro&quot; - Nico G. Casares<\/title>\n<meta name=\"description\" content=\"O eurodeputado chama a reforzar a loita contra o cancro cunha estratexia &quot;comprometida coa igualdade e a ciencia&quot; e avoga pola xustiza social ante as desigualdades que se dan no acceso aos tratamentos contra o cancro en Europa\" \/>\n<meta name=\"robots\" content=\"index, follow, max-snippet:-1, max-image-preview:large, max-video-preview:-1\" \/>\n<link rel=\"canonical\" href=\"https:\/\/nicogcasares.eu\/gl\/gonzalez-casares-loita-cancro-igualdade-ciencia\/\" \/>\n<meta property=\"og:locale\" content=\"gl_ES\" \/>\n<meta property=\"og:type\" content=\"article\" \/>\n<meta property=\"og:title\" content=\"&quot;No coraz\u00f3n deste informe late a xustiza social como principio inspirador da loita contra o cancro&quot;\" \/>\n<meta property=\"og:description\" content=\"O eurodeputado chama a reforzar a loita contra o cancro cunha estratexia &quot;comprometida coa igualdade e a ciencia&quot; e avoga pola xustiza social ante as desigualdades que se dan no acceso aos tratamentos contra o cancro en Europa\" \/>\n<meta property=\"og:url\" content=\"https:\/\/nicogcasares.eu\/gl\/gonzalez-casares-loita-cancro-igualdade-ciencia\/\" \/>\n<meta property=\"og:site_name\" content=\"Nico G. Casares\" \/>\n<meta property=\"article:published_time\" content=\"2022-02-15T15:27:56+00:00\" \/>\n<meta property=\"article:modified_time\" content=\"2022-04-01T13:29:46+00:00\" \/>\n<meta property=\"og:image\" content=\"https:\/\/nicogcasares.eu\/wp-content\/uploads\/2022\/03\/Nicolas-Gonzalez-Casares.-ERIC-VIDAL-PARLAMENTO-EUROPEO-3.jpg\" \/>\n\t<meta property=\"og:image:width\" content=\"1919\" \/>\n\t<meta property=\"og:image:height\" content=\"1277\" \/>\n\t<meta property=\"og:image:type\" content=\"image\/jpeg\" \/>\n<meta name=\"author\" content=\"Nicol\u00e1s Gonz\u00e1lez Casares\" \/>\n<meta name=\"twitter:card\" content=\"summary_large_image\" \/>\n<meta name=\"twitter:title\" content=\"&quot;No coraz\u00f3n deste informe late a xustiza social como principio inspirador da loita contra o cancro&quot;\" \/>\n<meta name=\"twitter:description\" content=\"O eurodeputado chama a reforzar a loita contra o cancro cunha estratexia &quot;comprometida coa igualdade e a ciencia&quot; e avoga pola xustiza social ante as desigualdades que se dan no acceso aos tratamentos contra o cancro en Europa\" \/>\n<meta name=\"twitter:image\" content=\"https:\/\/nicogcasares.eu\/wp-content\/uploads\/2022\/03\/Nicolas-Gonzalez-Casares.-ERIC-VIDAL-PARLAMENTO-EUROPEO-3.jpg\" \/>\n<meta name=\"twitter:creator\" content=\"@nicogoncas\" \/>\n<meta name=\"twitter:site\" content=\"@nicogoncas\" \/>\n<meta name=\"twitter:label1\" content=\"Escrito por\" \/>\n\t<meta name=\"twitter:data1\" content=\"Nicol\u00e1s Gonz\u00e1lez Casares\" \/>\n\t<meta name=\"twitter:label2\" content=\"Tempo de lectura\" \/>\n\t<meta name=\"twitter:data2\" content=\"2 minutos\" \/>\n<script type=\"application\/ld+json\" class=\"yoast-schema-graph\">{\"@context\":\"https:\/\/schema.org\",\"@graph\":[{\"@type\":\"Article\",\"@id\":\"https:\/\/nicogcasares.eu\/gl\/gonzalez-casares-loita-cancro-igualdade-ciencia\/#article\",\"isPartOf\":{\"@id\":\"https:\/\/nicogcasares.eu\/gl\/gonzalez-casares-loita-cancro-igualdade-ciencia\/\"},\"author\":{\"name\":\"Nicol\u00e1s Gonz\u00e1lez Casares\",\"@id\":\"https:\/\/nicogcasares.eu\/gl\/#\/schema\/person\/75361477143e596646d48598a3778163\"},\"headline\":\"&#8220;No coraz\u00f3n deste informe late a xustiza social como principio inspirador da loita contra o cancro&#8221;\",\"datePublished\":\"2022-02-15T15:27:56+00:00\",\"dateModified\":\"2022-04-01T13:29:46+00:00\",\"mainEntityOfPage\":{\"@id\":\"https:\/\/nicogcasares.eu\/gl\/gonzalez-casares-loita-cancro-igualdade-ciencia\/\"},\"wordCount\":335,\"publisher\":{\"@id\":\"https:\/\/nicogcasares.eu\/gl\/#\/schema\/person\/75361477143e596646d48598a3778163\"},\"image\":{\"@id\":\"https:\/\/nicogcasares.eu\/gl\/gonzalez-casares-loita-cancro-igualdade-ciencia\/#primaryimage\"},\"thumbnailUrl\":\"https:\/\/nicogcasares.eu\/wp-content\/uploads\/2022\/03\/Nicolas-Gonzalez-Casares.-ERIC-VIDAL-PARLAMENTO-EUROPEO-3.jpg\",\"keywords\":[\"cancro\",\"Gonz\u00e1lez Casares\",\"igualdade\",\"Parlamento Europeo\",\"sa\u00fade\"],\"articleSection\":[\"Actividad\",\"Actividade\",\"Energ\u00eda\",\"Industria\",\"Medioambiente\",\"Noticias\",\"Novas\",\"Sa\u00fade\"],\"inLanguage\":\"gl-ES\"},{\"@type\":\"WebPage\",\"@id\":\"https:\/\/nicogcasares.eu\/gl\/gonzalez-casares-loita-cancro-igualdade-ciencia\/\",\"url\":\"https:\/\/nicogcasares.eu\/gl\/gonzalez-casares-loita-cancro-igualdade-ciencia\/\",\"name\":\"\\\"No coraz\u00f3n deste informe late a xustiza social como principio inspirador da loita contra o cancro\\\" - Nico G. Casares\",\"isPartOf\":{\"@id\":\"https:\/\/nicogcasares.eu\/gl\/#website\"},\"primaryImageOfPage\":{\"@id\":\"https:\/\/nicogcasares.eu\/gl\/gonzalez-casares-loita-cancro-igualdade-ciencia\/#primaryimage\"},\"image\":{\"@id\":\"https:\/\/nicogcasares.eu\/gl\/gonzalez-casares-loita-cancro-igualdade-ciencia\/#primaryimage\"},\"thumbnailUrl\":\"https:\/\/nicogcasares.eu\/wp-content\/uploads\/2022\/03\/Nicolas-Gonzalez-Casares.-ERIC-VIDAL-PARLAMENTO-EUROPEO-3.jpg\",\"datePublished\":\"2022-02-15T15:27:56+00:00\",\"dateModified\":\"2022-04-01T13:29:46+00:00\",\"description\":\"O eurodeputado chama a reforzar a loita contra o cancro cunha estratexia \\\"comprometida coa igualdade e a ciencia\\\" e avoga pola xustiza social ante as desigualdades que se dan no acceso aos tratamentos contra o cancro en Europa\",\"breadcrumb\":{\"@id\":\"https:\/\/nicogcasares.eu\/gl\/gonzalez-casares-loita-cancro-igualdade-ciencia\/#breadcrumb\"},\"inLanguage\":\"gl-ES\",\"potentialAction\":[{\"@type\":\"ReadAction\",\"target\":[\"https:\/\/nicogcasares.eu\/gl\/gonzalez-casares-loita-cancro-igualdade-ciencia\/\"]}]},{\"@type\":\"ImageObject\",\"inLanguage\":\"gl-ES\",\"@id\":\"https:\/\/nicogcasares.eu\/gl\/gonzalez-casares-loita-cancro-igualdade-ciencia\/#primaryimage\",\"url\":\"https:\/\/nicogcasares.eu\/wp-content\/uploads\/2022\/03\/Nicolas-Gonzalez-Casares.-ERIC-VIDAL-PARLAMENTO-EUROPEO-3.jpg\",\"contentUrl\":\"https:\/\/nicogcasares.eu\/wp-content\/uploads\/2022\/03\/Nicolas-Gonzalez-Casares.-ERIC-VIDAL-PARLAMENTO-EUROPEO-3.jpg\",\"width\":1919,\"height\":1277},{\"@type\":\"BreadcrumbList\",\"@id\":\"https:\/\/nicogcasares.eu\/gl\/gonzalez-casares-loita-cancro-igualdade-ciencia\/#breadcrumb\",\"itemListElement\":[{\"@type\":\"ListItem\",\"position\":1,\"name\":\"Portada\",\"item\":\"https:\/\/nicogcasares.eu\/gl\/\"},{\"@type\":\"ListItem\",\"position\":2,\"name\":\"\u00abNo coraz\u00f3n deste informe late a xustiza social como principio inspirador da loita contra o cancro\u00bb\"}]},{\"@type\":\"WebSite\",\"@id\":\"https:\/\/nicogcasares.eu\/gl\/#website\",\"url\":\"https:\/\/nicogcasares.eu\/gl\/\",\"name\":\"Nico G. Casares\",\"description\":\"Diputado socialista en el parlamento europeo\",\"publisher\":{\"@id\":\"https:\/\/nicogcasares.eu\/gl\/#\/schema\/person\/75361477143e596646d48598a3778163\"},\"potentialAction\":[{\"@type\":\"SearchAction\",\"target\":{\"@type\":\"EntryPoint\",\"urlTemplate\":\"https:\/\/nicogcasares.eu\/gl\/?s={search_term_string}\"},\"query-input\":\"required name=search_term_string\"}],\"inLanguage\":\"gl-ES\"},{\"@type\":[\"Person\",\"Organization\"],\"@id\":\"https:\/\/nicogcasares.eu\/gl\/#\/schema\/person\/75361477143e596646d48598a3778163\",\"name\":\"Nicol\u00e1s Gonz\u00e1lez Casares\",\"image\":{\"@type\":\"ImageObject\",\"inLanguage\":\"gl-ES\",\"@id\":\"https:\/\/nicogcasares.eu\/gl\/#\/schema\/person\/image\/\",\"url\":\"https:\/\/nicogcasares.eu\/wp-content\/uploads\/2021\/11\/20211006_EP-119139A_FMA_0895_RESIZED_S.jpg\",\"contentUrl\":\"https:\/\/nicogcasares.eu\/wp-content\/uploads\/2021\/11\/20211006_EP-119139A_FMA_0895_RESIZED_S.jpg\",\"width\":639,\"height\":426,\"caption\":\"Nicol\u00e1s Gonz\u00e1lez Casares\"},\"logo\":{\"@id\":\"https:\/\/nicogcasares.eu\/gl\/#\/schema\/person\/image\/\"},\"url\":\"https:\/\/nicogcasares.eu\/gl\/author\/nico\/\"}]}<\/script>\n<!-- \/ Yoast SEO plugin. -->","yoast_head_json":{"title":"\"No coraz\u00f3n deste informe late a xustiza social como principio inspirador da loita contra o cancro\" - Nico G. Casares","description":"O eurodeputado chama a reforzar a loita contra o cancro cunha estratexia \"comprometida coa igualdade e a ciencia\" e avoga pola xustiza social ante as desigualdades que se dan no acceso aos tratamentos contra o cancro en Europa","robots":{"index":"index","follow":"follow","max-snippet":"max-snippet:-1","max-image-preview":"max-image-preview:large","max-video-preview":"max-video-preview:-1"},"canonical":"https:\/\/nicogcasares.eu\/gl\/gonzalez-casares-loita-cancro-igualdade-ciencia\/","og_locale":"gl_ES","og_type":"article","og_title":"\"No coraz\u00f3n deste informe late a xustiza social como principio inspirador da loita contra o cancro\"","og_description":"O eurodeputado chama a reforzar a loita contra o cancro cunha estratexia \"comprometida coa igualdade e a ciencia\" e avoga pola xustiza social ante as desigualdades que se dan no acceso aos tratamentos contra o cancro en Europa","og_url":"https:\/\/nicogcasares.eu\/gl\/gonzalez-casares-loita-cancro-igualdade-ciencia\/","og_site_name":"Nico G. Casares","article_published_time":"2022-02-15T15:27:56+00:00","article_modified_time":"2022-04-01T13:29:46+00:00","og_image":[{"width":1919,"height":1277,"url":"https:\/\/nicogcasares.eu\/wp-content\/uploads\/2022\/03\/Nicolas-Gonzalez-Casares.-ERIC-VIDAL-PARLAMENTO-EUROPEO-3.jpg","type":"image\/jpeg"}],"author":"Nicol\u00e1s Gonz\u00e1lez Casares","twitter_card":"summary_large_image","twitter_title":"\"No coraz\u00f3n deste informe late a xustiza social como principio inspirador da loita contra o cancro\"","twitter_description":"O eurodeputado chama a reforzar a loita contra o cancro cunha estratexia \"comprometida coa igualdade e a ciencia\" e avoga pola xustiza social ante as desigualdades que se dan no acceso aos tratamentos contra o cancro en Europa","twitter_image":"https:\/\/nicogcasares.eu\/wp-content\/uploads\/2022\/03\/Nicolas-Gonzalez-Casares.-ERIC-VIDAL-PARLAMENTO-EUROPEO-3.jpg","twitter_creator":"@nicogoncas","twitter_site":"@nicogoncas","twitter_misc":{"Escrito por":"Nicol\u00e1s Gonz\u00e1lez Casares","Tempo de lectura":"2 minutos"},"schema":{"@context":"https:\/\/schema.org","@graph":[{"@type":"Article","@id":"https:\/\/nicogcasares.eu\/gl\/gonzalez-casares-loita-cancro-igualdade-ciencia\/#article","isPartOf":{"@id":"https:\/\/nicogcasares.eu\/gl\/gonzalez-casares-loita-cancro-igualdade-ciencia\/"},"author":{"name":"Nicol\u00e1s Gonz\u00e1lez Casares","@id":"https:\/\/nicogcasares.eu\/gl\/#\/schema\/person\/75361477143e596646d48598a3778163"},"headline":"&#8220;No coraz\u00f3n deste informe late a xustiza social como principio inspirador da loita contra o cancro&#8221;","datePublished":"2022-02-15T15:27:56+00:00","dateModified":"2022-04-01T13:29:46+00:00","mainEntityOfPage":{"@id":"https:\/\/nicogcasares.eu\/gl\/gonzalez-casares-loita-cancro-igualdade-ciencia\/"},"wordCount":335,"publisher":{"@id":"https:\/\/nicogcasares.eu\/gl\/#\/schema\/person\/75361477143e596646d48598a3778163"},"image":{"@id":"https:\/\/nicogcasares.eu\/gl\/gonzalez-casares-loita-cancro-igualdade-ciencia\/#primaryimage"},"thumbnailUrl":"https:\/\/nicogcasares.eu\/wp-content\/uploads\/2022\/03\/Nicolas-Gonzalez-Casares.-ERIC-VIDAL-PARLAMENTO-EUROPEO-3.jpg","keywords":["cancro","Gonz\u00e1lez Casares","igualdade","Parlamento Europeo","sa\u00fade"],"articleSection":["Actividad","Actividade","Energ\u00eda","Industria","Medioambiente","Noticias","Novas","Sa\u00fade"],"inLanguage":"gl-ES"},{"@type":"WebPage","@id":"https:\/\/nicogcasares.eu\/gl\/gonzalez-casares-loita-cancro-igualdade-ciencia\/","url":"https:\/\/nicogcasares.eu\/gl\/gonzalez-casares-loita-cancro-igualdade-ciencia\/","name":"\"No coraz\u00f3n deste informe late a xustiza social como principio inspirador da loita contra o cancro\" - Nico G. Casares","isPartOf":{"@id":"https:\/\/nicogcasares.eu\/gl\/#website"},"primaryImageOfPage":{"@id":"https:\/\/nicogcasares.eu\/gl\/gonzalez-casares-loita-cancro-igualdade-ciencia\/#primaryimage"},"image":{"@id":"https:\/\/nicogcasares.eu\/gl\/gonzalez-casares-loita-cancro-igualdade-ciencia\/#primaryimage"},"thumbnailUrl":"https:\/\/nicogcasares.eu\/wp-content\/uploads\/2022\/03\/Nicolas-Gonzalez-Casares.-ERIC-VIDAL-PARLAMENTO-EUROPEO-3.jpg","datePublished":"2022-02-15T15:27:56+00:00","dateModified":"2022-04-01T13:29:46+00:00","description":"O eurodeputado chama a reforzar a loita contra o cancro cunha estratexia \"comprometida coa igualdade e a ciencia\" e avoga pola xustiza social ante as desigualdades que se dan no acceso aos tratamentos contra o cancro en Europa","breadcrumb":{"@id":"https:\/\/nicogcasares.eu\/gl\/gonzalez-casares-loita-cancro-igualdade-ciencia\/#breadcrumb"},"inLanguage":"gl-ES","potentialAction":[{"@type":"ReadAction","target":["https:\/\/nicogcasares.eu\/gl\/gonzalez-casares-loita-cancro-igualdade-ciencia\/"]}]},{"@type":"ImageObject","inLanguage":"gl-ES","@id":"https:\/\/nicogcasares.eu\/gl\/gonzalez-casares-loita-cancro-igualdade-ciencia\/#primaryimage","url":"https:\/\/nicogcasares.eu\/wp-content\/uploads\/2022\/03\/Nicolas-Gonzalez-Casares.-ERIC-VIDAL-PARLAMENTO-EUROPEO-3.jpg","contentUrl":"https:\/\/nicogcasares.eu\/wp-content\/uploads\/2022\/03\/Nicolas-Gonzalez-Casares.-ERIC-VIDAL-PARLAMENTO-EUROPEO-3.jpg","width":1919,"height":1277},{"@type":"BreadcrumbList","@id":"https:\/\/nicogcasares.eu\/gl\/gonzalez-casares-loita-cancro-igualdade-ciencia\/#breadcrumb","itemListElement":[{"@type":"ListItem","position":1,"name":"Portada","item":"https:\/\/nicogcasares.eu\/gl\/"},{"@type":"ListItem","position":2,"name":"\u00abNo coraz\u00f3n deste informe late a xustiza social como principio inspirador da loita contra o cancro\u00bb"}]},{"@type":"WebSite","@id":"https:\/\/nicogcasares.eu\/gl\/#website","url":"https:\/\/nicogcasares.eu\/gl\/","name":"Nico G. Casares","description":"Diputado socialista en el parlamento europeo","publisher":{"@id":"https:\/\/nicogcasares.eu\/gl\/#\/schema\/person\/75361477143e596646d48598a3778163"},"potentialAction":[{"@type":"SearchAction","target":{"@type":"EntryPoint","urlTemplate":"https:\/\/nicogcasares.eu\/gl\/?s={search_term_string}"},"query-input":"required name=search_term_string"}],"inLanguage":"gl-ES"},{"@type":["Person","Organization"],"@id":"https:\/\/nicogcasares.eu\/gl\/#\/schema\/person\/75361477143e596646d48598a3778163","name":"Nicol\u00e1s Gonz\u00e1lez Casares","image":{"@type":"ImageObject","inLanguage":"gl-ES","@id":"https:\/\/nicogcasares.eu\/gl\/#\/schema\/person\/image\/","url":"https:\/\/nicogcasares.eu\/wp-content\/uploads\/2021\/11\/20211006_EP-119139A_FMA_0895_RESIZED_S.jpg","contentUrl":"https:\/\/nicogcasares.eu\/wp-content\/uploads\/2021\/11\/20211006_EP-119139A_FMA_0895_RESIZED_S.jpg","width":639,"height":426,"caption":"Nicol\u00e1s Gonz\u00e1lez Casares"},"logo":{"@id":"https:\/\/nicogcasares.eu\/gl\/#\/schema\/person\/image\/"},"url":"https:\/\/nicogcasares.eu\/gl\/author\/nico\/"}]}},"_links":{"self":[{"href":"https:\/\/nicogcasares.eu\/gl\/wp-json\/wp\/v2\/posts\/3942"}],"collection":[{"href":"https:\/\/nicogcasares.eu\/gl\/wp-json\/wp\/v2\/posts"}],"about":[{"href":"https:\/\/nicogcasares.eu\/gl\/wp-json\/wp\/v2\/types\/post"}],"author":[{"embeddable":true,"href":"https:\/\/nicogcasares.eu\/gl\/wp-json\/wp\/v2\/users\/4"}],"replies":[{"embeddable":true,"href":"https:\/\/nicogcasares.eu\/gl\/wp-json\/wp\/v2\/comments?post=3942"}],"version-history":[{"count":1,"href":"https:\/\/nicogcasares.eu\/gl\/wp-json\/wp\/v2\/posts\/3942\/revisions"}],"predecessor-version":[{"id":3943,"href":"https:\/\/nicogcasares.eu\/gl\/wp-json\/wp\/v2\/posts\/3942\/revisions\/3943"}],"wp:featuredmedia":[{"embeddable":true,"href":"https:\/\/nicogcasares.eu\/gl\/wp-json\/wp\/v2\/media\/4109"}],"wp:attachment":[{"href":"https:\/\/nicogcasares.eu\/gl\/wp-json\/wp\/v2\/media?parent=3942"}],"wp:term":[{"taxonomy":"category","embeddable":true,"href":"https:\/\/nicogcasares.eu\/gl\/wp-json\/wp\/v2\/categories?post=3942"},{"taxonomy":"post_tag","embeddable":true,"href":"https:\/\/nicogcasares.eu\/gl\/wp-json\/wp\/v2\/tags?post=3942"}],"curies":[{"name":"wp","href":"https:\/\/api.w.org\/{rel}","templated":true}]}}