{"id":4018,"date":"2022-02-18T15:04:11","date_gmt":"2022-02-18T13:04:11","guid":{"rendered":"https:\/\/nicogcasares.eu\/?p=4018"},"modified":"2022-04-01T15:31:14","modified_gmt":"2022-04-01T13:31:14","slug":"justicia-social-en-la-lucha-contra-el-cancer","status":"publish","type":"post","link":"https:\/\/nicogcasares.eu\/gl\/justicia-social-en-la-lucha-contra-el-cancer\/","title":{"rendered":"Justicia social en la lucha contra el c\u00e1ncer"},"content":{"rendered":"\n<p style=\"font-size:22px\"><strong>   ESTE ARTIGO FOI PUBLICADO EN elDiario.es O 14 DE FEBREIRO. <a href=\"https:\/\/www.eldiario.es\/euroblog\/justicia-social-lucha-cancer_132_8732709.html?fbclid=IwAR10BMb9VVkTADGKXZOvP0x_nD0XtLVPIzGgAnbPC4KAOgOsDQKzVs_giMc\" target=\"_blank\" rel=\"noreferrer noopener\">AQU\u00cd PODES ATOPALO <\/a><\/strong><\/p>\n\n\n\n<p class=\"has-black-color has-text-color has-medium-font-size\">  <strong>No podemos seguir aceptando diferencias en las ratios de supervivencia al c\u00e1ncer superiores al 25% entre los Estados miembros de la UE. La justicia social debe ser el principio rector en la lucha contra la enfermedad<\/strong><\/p>\n\n\n\n<p class=\"has-black-color has-text-color has-medium-font-size\"> Europa representa una d\u00e9cima parte de la poblaci\u00f3n mundial, pero cuenta con un cuarto de los casos mundiales de c\u00e1ncer, que se cobra la vida de 1,3 millones de europeos al a\u00f1o, entre ellos 6.000 ni\u00f1os. Por ello, urge actuar, con la prioridad en dos frentes: prevenci\u00f3n y lucha contra la desigualdad. No podemos permitirnos quedarnos quietos cuando el 40% de los casos de c\u00e1ncer son prevenibles. No podemos seguir aceptando diferencias en las ratios de supervivencia superiores al 25% entre los Estados miembros. <\/p>\n\n\n\n<p class=\"has-black-color has-text-color has-medium-font-size\"> Europa est\u00e1 determinada a enfrentar el desaf\u00edo, con pol\u00edticas y con recursos, para abordar el c\u00e1ncer desde todos los frentes: prevenci\u00f3n, detecci\u00f3n precoz, diagn\u00f3stico, tratamiento y calidad de vida de los pacientes y los supervivientes. Porque de no hacer nada, corremos el riesgo de incrementar hasta un 21% en 2040 el peaje de los nuevos diagn\u00f3sticos. <\/p>\n\n\n\n<p class=\"has-black-color has-text-color has-medium-font-size\"> A lo largo del \u00faltimo a\u00f1o en el Parlamento Europeo, donde he tenido el orgullo de ejercer como ponente socialista, hemos trabajado a fondo con expertos, profesionales, investigadores y asociaciones de pacientes para dar br\u00edo a un plan europeo que tenga un impacto significativo en la lucha contra esta enfermedad. Y hemos ido a las ra\u00edces, porque no hay mejor forma de combatir una enfermedad que acentuando los esfuerzos en su prevenci\u00f3n. <\/p>\n\n\n\n<p class=\"has-black-color has-text-color has-medium-font-size\"> Esto exige, en primer lugar, una lucha decidida contra los factores de riesgo de c\u00e1ncer: el consumo de tabaco y de alcohol, una dieta poco saludable, la falta de actividad f\u00edsica, la exposici\u00f3n a radiaciones ultravioletas e ionizantes, la exposici\u00f3n a agentes carcin\u00f3genos y alteradores del sistema endocrino o la contaminaci\u00f3n del aire son factores de riesgo sobre los que debemos actuar decididamente, tambi\u00e9n en el \u00e1mbito laboral. Pero tambi\u00e9n una adecuada vacunaci\u00f3n de la poblaci\u00f3n para prevenir c\u00e1nceres causados por infecciones, como el virus del papiloma humano o la hepatitis B. Y un apoyo decidido a la investigaci\u00f3n en gen\u00e9tica, con el fin de encontrar genotipos con mayor susceptibilidad a desarrollar determinados c\u00e1nceres, incluidos los infantiles. <\/p>\n\n\n\n<p class=\"has-black-color has-text-color has-medium-font-size\"> Y exige, igualmente, impulsar la puesta en com\u00fan de la ingente cantidad de datos desperdigados a lo largo de los Estados miembros, a trav\u00e9s de un Centro de Conocimiento del C\u00e1ncer que debe no solo difundir conocimiento y mejores pr\u00e1cticas, sino explotar el potencial de los datos acumulados en los servicios sanitarios para combatir mejor la enfermedad. <\/p>\n\n\n\n<p class=\"has-black-color has-text-color has-medium-font-size\"> Pero no seremos exitosos si no atajamos la lacerante desigualdad que divide a los ciudadanos en funci\u00f3n del lugar donde habitan. Como hemos logrado incluir en la resoluci\u00f3n de esta comisi\u00f3n, la justicia social debe ser el principio rector en la lucha contra la enfermedad. <\/p>\n\n\n\n<p class=\"has-black-color has-text-color has-medium-font-size\"> De justicia es superar las barreras que limitan la detecci\u00f3n temprana y el diagn\u00f3stico precoz en la Uni\u00f3n. De justicia es que un ciudadano pueda acceder a un tratamiento en cualquier Estado de la UE, financiado todos los costes antes de su inicio. De justicia es garantizar el suministro de medicamentos oncol\u00f3gicos, los precios justos y la accesibilidad a los tratamientos. De justicia es mejorar la dotaci\u00f3n de equipos humanos y tecnol\u00f3gicos. De justicia es que los m\u00e1s vulnerables, los ni\u00f1os, reciban la atenci\u00f3n debida, dedicando los esfuerzos necesarios para desarrollar tratamientos efectivos espec\u00edficos para ellos. <\/p>\n\n\n\n<p class=\"has-black-color has-text-color has-medium-font-size\">Las acciones est\u00e1n marcadas. Es hora de acelerar su ejecuci\u00f3n.<\/p>\n","protected":false},"excerpt":{"rendered":"<p>No podemos seguir aceptando diferencias en las ratios de supervivencia al c\u00e1ncer superiores al 25% entre los Estados miembros de la UE. La justicia social debe ser el principio rector en la lucha contra la enfermedad<\/p>\n","protected":false},"author":4,"featured_media":4015,"comment_status":"closed","ping_status":"closed","sticky":true,"template":"","format":"standard","meta":{"footnotes":""},"categories":[32,71,42],"tags":[],"yoast_head":"<!-- This site is optimized with the Yoast SEO plugin v22.3 - https:\/\/yoast.com\/wordpress\/plugins\/seo\/ -->\n<title>Justicia social en la lucha contra el c\u00e1ncer - Nico G. Casares<\/title>\n<meta name=\"description\" content=\"No podemos seguir aceptando diferencias en las ratios de supervivencia al c\u00e1ncer superiores al 25% entre los Estados miembros de la UE.\" \/>\n<meta name=\"robots\" content=\"index, follow, max-snippet:-1, max-image-preview:large, max-video-preview:-1\" \/>\n<link rel=\"canonical\" href=\"https:\/\/nicogcasares.eu\/gl\/justicia-social-en-la-lucha-contra-el-cancer\/\" \/>\n<meta property=\"og:locale\" content=\"gl_ES\" \/>\n<meta property=\"og:type\" content=\"article\" \/>\n<meta property=\"og:title\" content=\"Justicia social en la lucha contra el c\u00e1ncer\" \/>\n<meta property=\"og:description\" content=\"No podemos seguir aceptando diferencias en las ratios de supervivencia al c\u00e1ncer superiores al 25% entre los Estados miembros de la UE. La justicia social debe ser el principio rector en la lucha contra la enfermedad\" \/>\n<meta property=\"og:url\" content=\"https:\/\/nicogcasares.eu\/gl\/justicia-social-en-la-lucha-contra-el-cancer\/\" \/>\n<meta property=\"og:site_name\" content=\"Nico G. Casares\" \/>\n<meta property=\"article:published_time\" content=\"2022-02-18T13:04:11+00:00\" \/>\n<meta property=\"article:modified_time\" content=\"2022-04-01T13:31:14+00:00\" \/>\n<meta property=\"og:image\" content=\"https:\/\/nicogcasares.eu\/wp-content\/uploads\/2022\/02\/cancro-1.jpg\" \/>\n\t<meta property=\"og:image:width\" content=\"880\" \/>\n\t<meta property=\"og:image:height\" content=\"495\" \/>\n\t<meta property=\"og:image:type\" content=\"image\/jpeg\" \/>\n<meta name=\"author\" content=\"Nicol\u00e1s Gonz\u00e1lez Casares\" \/>\n<meta name=\"twitter:card\" content=\"summary_large_image\" \/>\n<meta name=\"twitter:title\" content=\"Justicia social en la lucha contra el c\u00e1ncer\" \/>\n<meta name=\"twitter:description\" content=\"No podemos seguir aceptando diferencias en las ratios de supervivencia al c\u00e1ncer superiores al 25% entre los Estados miembros de la UE. La justicia social debe ser el principio rector en la lucha contra la enfermedad\" \/>\n<meta name=\"twitter:image\" content=\"https:\/\/nicogcasares.eu\/wp-content\/uploads\/2022\/02\/cancro-1.jpg\" \/>\n<meta name=\"twitter:creator\" content=\"@nicogoncas\" \/>\n<meta name=\"twitter:site\" content=\"@nicogoncas\" \/>\n<meta name=\"twitter:label1\" content=\"Escrito por\" \/>\n\t<meta name=\"twitter:data1\" content=\"Nicol\u00e1s Gonz\u00e1lez Casares\" \/>\n\t<meta name=\"twitter:label2\" content=\"Tempo de lectura\" \/>\n\t<meta name=\"twitter:data2\" content=\"3 minutos\" \/>\n<script type=\"application\/ld+json\" class=\"yoast-schema-graph\">{\"@context\":\"https:\/\/schema.org\",\"@graph\":[{\"@type\":\"Article\",\"@id\":\"https:\/\/nicogcasares.eu\/gl\/justicia-social-en-la-lucha-contra-el-cancer\/#article\",\"isPartOf\":{\"@id\":\"https:\/\/nicogcasares.eu\/gl\/justicia-social-en-la-lucha-contra-el-cancer\/\"},\"author\":{\"name\":\"Nicol\u00e1s Gonz\u00e1lez Casares\",\"@id\":\"https:\/\/nicogcasares.eu\/gl\/#\/schema\/person\/75361477143e596646d48598a3778163\"},\"headline\":\"Justicia social en la lucha contra el c\u00e1ncer\",\"datePublished\":\"2022-02-18T13:04:11+00:00\",\"dateModified\":\"2022-04-01T13:31:14+00:00\",\"mainEntityOfPage\":{\"@id\":\"https:\/\/nicogcasares.eu\/gl\/justicia-social-en-la-lucha-contra-el-cancer\/\"},\"wordCount\":640,\"publisher\":{\"@id\":\"https:\/\/nicogcasares.eu\/gl\/#\/schema\/person\/75361477143e596646d48598a3778163\"},\"image\":{\"@id\":\"https:\/\/nicogcasares.eu\/gl\/justicia-social-en-la-lucha-contra-el-cancer\/#primaryimage\"},\"thumbnailUrl\":\"https:\/\/nicogcasares.eu\/wp-content\/uploads\/2022\/02\/cancro-1.jpg\",\"articleSection\":[\"Novas\",\"Prensa\",\"Sa\u00fade\"],\"inLanguage\":\"gl-ES\"},{\"@type\":\"WebPage\",\"@id\":\"https:\/\/nicogcasares.eu\/gl\/justicia-social-en-la-lucha-contra-el-cancer\/\",\"url\":\"https:\/\/nicogcasares.eu\/gl\/justicia-social-en-la-lucha-contra-el-cancer\/\",\"name\":\"Justicia social en la lucha contra el c\u00e1ncer - Nico G. Casares\",\"isPartOf\":{\"@id\":\"https:\/\/nicogcasares.eu\/gl\/#website\"},\"primaryImageOfPage\":{\"@id\":\"https:\/\/nicogcasares.eu\/gl\/justicia-social-en-la-lucha-contra-el-cancer\/#primaryimage\"},\"image\":{\"@id\":\"https:\/\/nicogcasares.eu\/gl\/justicia-social-en-la-lucha-contra-el-cancer\/#primaryimage\"},\"thumbnailUrl\":\"https:\/\/nicogcasares.eu\/wp-content\/uploads\/2022\/02\/cancro-1.jpg\",\"datePublished\":\"2022-02-18T13:04:11+00:00\",\"dateModified\":\"2022-04-01T13:31:14+00:00\",\"description\":\"No podemos seguir aceptando diferencias en las ratios de supervivencia al c\u00e1ncer superiores al 25% entre los Estados miembros de la UE.\",\"breadcrumb\":{\"@id\":\"https:\/\/nicogcasares.eu\/gl\/justicia-social-en-la-lucha-contra-el-cancer\/#breadcrumb\"},\"inLanguage\":\"gl-ES\",\"potentialAction\":[{\"@type\":\"ReadAction\",\"target\":[\"https:\/\/nicogcasares.eu\/gl\/justicia-social-en-la-lucha-contra-el-cancer\/\"]}]},{\"@type\":\"ImageObject\",\"inLanguage\":\"gl-ES\",\"@id\":\"https:\/\/nicogcasares.eu\/gl\/justicia-social-en-la-lucha-contra-el-cancer\/#primaryimage\",\"url\":\"https:\/\/nicogcasares.eu\/wp-content\/uploads\/2022\/02\/cancro-1.jpg\",\"contentUrl\":\"https:\/\/nicogcasares.eu\/wp-content\/uploads\/2022\/02\/cancro-1.jpg\",\"width\":880,\"height\":495},{\"@type\":\"BreadcrumbList\",\"@id\":\"https:\/\/nicogcasares.eu\/gl\/justicia-social-en-la-lucha-contra-el-cancer\/#breadcrumb\",\"itemListElement\":[{\"@type\":\"ListItem\",\"position\":1,\"name\":\"Portada\",\"item\":\"https:\/\/nicogcasares.eu\/gl\/\"},{\"@type\":\"ListItem\",\"position\":2,\"name\":\"Justicia social en la lucha contra el c\u00e1ncer\"}]},{\"@type\":\"WebSite\",\"@id\":\"https:\/\/nicogcasares.eu\/gl\/#website\",\"url\":\"https:\/\/nicogcasares.eu\/gl\/\",\"name\":\"Nico G. Casares\",\"description\":\"Diputado socialista en el parlamento europeo\",\"publisher\":{\"@id\":\"https:\/\/nicogcasares.eu\/gl\/#\/schema\/person\/75361477143e596646d48598a3778163\"},\"potentialAction\":[{\"@type\":\"SearchAction\",\"target\":{\"@type\":\"EntryPoint\",\"urlTemplate\":\"https:\/\/nicogcasares.eu\/gl\/?s={search_term_string}\"},\"query-input\":\"required name=search_term_string\"}],\"inLanguage\":\"gl-ES\"},{\"@type\":[\"Person\",\"Organization\"],\"@id\":\"https:\/\/nicogcasares.eu\/gl\/#\/schema\/person\/75361477143e596646d48598a3778163\",\"name\":\"Nicol\u00e1s Gonz\u00e1lez Casares\",\"image\":{\"@type\":\"ImageObject\",\"inLanguage\":\"gl-ES\",\"@id\":\"https:\/\/nicogcasares.eu\/gl\/#\/schema\/person\/image\/\",\"url\":\"https:\/\/nicogcasares.eu\/wp-content\/uploads\/2021\/11\/20211006_EP-119139A_FMA_0895_RESIZED_S.jpg\",\"contentUrl\":\"https:\/\/nicogcasares.eu\/wp-content\/uploads\/2021\/11\/20211006_EP-119139A_FMA_0895_RESIZED_S.jpg\",\"width\":639,\"height\":426,\"caption\":\"Nicol\u00e1s Gonz\u00e1lez Casares\"},\"logo\":{\"@id\":\"https:\/\/nicogcasares.eu\/gl\/#\/schema\/person\/image\/\"},\"url\":\"https:\/\/nicogcasares.eu\/gl\/author\/nico\/\"}]}<\/script>\n<!-- \/ Yoast SEO plugin. -->","yoast_head_json":{"title":"Justicia social en la lucha contra el c\u00e1ncer - Nico G. Casares","description":"No podemos seguir aceptando diferencias en las ratios de supervivencia al c\u00e1ncer superiores al 25% entre los Estados miembros de la UE.","robots":{"index":"index","follow":"follow","max-snippet":"max-snippet:-1","max-image-preview":"max-image-preview:large","max-video-preview":"max-video-preview:-1"},"canonical":"https:\/\/nicogcasares.eu\/gl\/justicia-social-en-la-lucha-contra-el-cancer\/","og_locale":"gl_ES","og_type":"article","og_title":"Justicia social en la lucha contra el c\u00e1ncer","og_description":"No podemos seguir aceptando diferencias en las ratios de supervivencia al c\u00e1ncer superiores al 25% entre los Estados miembros de la UE. La justicia social debe ser el principio rector en la lucha contra la enfermedad","og_url":"https:\/\/nicogcasares.eu\/gl\/justicia-social-en-la-lucha-contra-el-cancer\/","og_site_name":"Nico G. Casares","article_published_time":"2022-02-18T13:04:11+00:00","article_modified_time":"2022-04-01T13:31:14+00:00","og_image":[{"width":880,"height":495,"url":"https:\/\/nicogcasares.eu\/wp-content\/uploads\/2022\/02\/cancro-1.jpg","type":"image\/jpeg"}],"author":"Nicol\u00e1s Gonz\u00e1lez Casares","twitter_card":"summary_large_image","twitter_title":"Justicia social en la lucha contra el c\u00e1ncer","twitter_description":"No podemos seguir aceptando diferencias en las ratios de supervivencia al c\u00e1ncer superiores al 25% entre los Estados miembros de la UE. La justicia social debe ser el principio rector en la lucha contra la enfermedad","twitter_image":"https:\/\/nicogcasares.eu\/wp-content\/uploads\/2022\/02\/cancro-1.jpg","twitter_creator":"@nicogoncas","twitter_site":"@nicogoncas","twitter_misc":{"Escrito por":"Nicol\u00e1s Gonz\u00e1lez Casares","Tempo de lectura":"3 minutos"},"schema":{"@context":"https:\/\/schema.org","@graph":[{"@type":"Article","@id":"https:\/\/nicogcasares.eu\/gl\/justicia-social-en-la-lucha-contra-el-cancer\/#article","isPartOf":{"@id":"https:\/\/nicogcasares.eu\/gl\/justicia-social-en-la-lucha-contra-el-cancer\/"},"author":{"name":"Nicol\u00e1s Gonz\u00e1lez Casares","@id":"https:\/\/nicogcasares.eu\/gl\/#\/schema\/person\/75361477143e596646d48598a3778163"},"headline":"Justicia social en la lucha contra el c\u00e1ncer","datePublished":"2022-02-18T13:04:11+00:00","dateModified":"2022-04-01T13:31:14+00:00","mainEntityOfPage":{"@id":"https:\/\/nicogcasares.eu\/gl\/justicia-social-en-la-lucha-contra-el-cancer\/"},"wordCount":640,"publisher":{"@id":"https:\/\/nicogcasares.eu\/gl\/#\/schema\/person\/75361477143e596646d48598a3778163"},"image":{"@id":"https:\/\/nicogcasares.eu\/gl\/justicia-social-en-la-lucha-contra-el-cancer\/#primaryimage"},"thumbnailUrl":"https:\/\/nicogcasares.eu\/wp-content\/uploads\/2022\/02\/cancro-1.jpg","articleSection":["Novas","Prensa","Sa\u00fade"],"inLanguage":"gl-ES"},{"@type":"WebPage","@id":"https:\/\/nicogcasares.eu\/gl\/justicia-social-en-la-lucha-contra-el-cancer\/","url":"https:\/\/nicogcasares.eu\/gl\/justicia-social-en-la-lucha-contra-el-cancer\/","name":"Justicia social en la lucha contra el c\u00e1ncer - Nico G. Casares","isPartOf":{"@id":"https:\/\/nicogcasares.eu\/gl\/#website"},"primaryImageOfPage":{"@id":"https:\/\/nicogcasares.eu\/gl\/justicia-social-en-la-lucha-contra-el-cancer\/#primaryimage"},"image":{"@id":"https:\/\/nicogcasares.eu\/gl\/justicia-social-en-la-lucha-contra-el-cancer\/#primaryimage"},"thumbnailUrl":"https:\/\/nicogcasares.eu\/wp-content\/uploads\/2022\/02\/cancro-1.jpg","datePublished":"2022-02-18T13:04:11+00:00","dateModified":"2022-04-01T13:31:14+00:00","description":"No podemos seguir aceptando diferencias en las ratios de supervivencia al c\u00e1ncer superiores al 25% entre los Estados miembros de la UE.","breadcrumb":{"@id":"https:\/\/nicogcasares.eu\/gl\/justicia-social-en-la-lucha-contra-el-cancer\/#breadcrumb"},"inLanguage":"gl-ES","potentialAction":[{"@type":"ReadAction","target":["https:\/\/nicogcasares.eu\/gl\/justicia-social-en-la-lucha-contra-el-cancer\/"]}]},{"@type":"ImageObject","inLanguage":"gl-ES","@id":"https:\/\/nicogcasares.eu\/gl\/justicia-social-en-la-lucha-contra-el-cancer\/#primaryimage","url":"https:\/\/nicogcasares.eu\/wp-content\/uploads\/2022\/02\/cancro-1.jpg","contentUrl":"https:\/\/nicogcasares.eu\/wp-content\/uploads\/2022\/02\/cancro-1.jpg","width":880,"height":495},{"@type":"BreadcrumbList","@id":"https:\/\/nicogcasares.eu\/gl\/justicia-social-en-la-lucha-contra-el-cancer\/#breadcrumb","itemListElement":[{"@type":"ListItem","position":1,"name":"Portada","item":"https:\/\/nicogcasares.eu\/gl\/"},{"@type":"ListItem","position":2,"name":"Justicia social en la lucha contra el c\u00e1ncer"}]},{"@type":"WebSite","@id":"https:\/\/nicogcasares.eu\/gl\/#website","url":"https:\/\/nicogcasares.eu\/gl\/","name":"Nico G. Casares","description":"Diputado socialista en el parlamento europeo","publisher":{"@id":"https:\/\/nicogcasares.eu\/gl\/#\/schema\/person\/75361477143e596646d48598a3778163"},"potentialAction":[{"@type":"SearchAction","target":{"@type":"EntryPoint","urlTemplate":"https:\/\/nicogcasares.eu\/gl\/?s={search_term_string}"},"query-input":"required name=search_term_string"}],"inLanguage":"gl-ES"},{"@type":["Person","Organization"],"@id":"https:\/\/nicogcasares.eu\/gl\/#\/schema\/person\/75361477143e596646d48598a3778163","name":"Nicol\u00e1s Gonz\u00e1lez Casares","image":{"@type":"ImageObject","inLanguage":"gl-ES","@id":"https:\/\/nicogcasares.eu\/gl\/#\/schema\/person\/image\/","url":"https:\/\/nicogcasares.eu\/wp-content\/uploads\/2021\/11\/20211006_EP-119139A_FMA_0895_RESIZED_S.jpg","contentUrl":"https:\/\/nicogcasares.eu\/wp-content\/uploads\/2021\/11\/20211006_EP-119139A_FMA_0895_RESIZED_S.jpg","width":639,"height":426,"caption":"Nicol\u00e1s Gonz\u00e1lez Casares"},"logo":{"@id":"https:\/\/nicogcasares.eu\/gl\/#\/schema\/person\/image\/"},"url":"https:\/\/nicogcasares.eu\/gl\/author\/nico\/"}]}},"_links":{"self":[{"href":"https:\/\/nicogcasares.eu\/gl\/wp-json\/wp\/v2\/posts\/4018"}],"collection":[{"href":"https:\/\/nicogcasares.eu\/gl\/wp-json\/wp\/v2\/posts"}],"about":[{"href":"https:\/\/nicogcasares.eu\/gl\/wp-json\/wp\/v2\/types\/post"}],"author":[{"embeddable":true,"href":"https:\/\/nicogcasares.eu\/gl\/wp-json\/wp\/v2\/users\/4"}],"replies":[{"embeddable":true,"href":"https:\/\/nicogcasares.eu\/gl\/wp-json\/wp\/v2\/comments?post=4018"}],"version-history":[{"count":2,"href":"https:\/\/nicogcasares.eu\/gl\/wp-json\/wp\/v2\/posts\/4018\/revisions"}],"predecessor-version":[{"id":4020,"href":"https:\/\/nicogcasares.eu\/gl\/wp-json\/wp\/v2\/posts\/4018\/revisions\/4020"}],"wp:featuredmedia":[{"embeddable":true,"href":"https:\/\/nicogcasares.eu\/gl\/wp-json\/wp\/v2\/media\/4015"}],"wp:attachment":[{"href":"https:\/\/nicogcasares.eu\/gl\/wp-json\/wp\/v2\/media?parent=4018"}],"wp:term":[{"taxonomy":"category","embeddable":true,"href":"https:\/\/nicogcasares.eu\/gl\/wp-json\/wp\/v2\/categories?post=4018"},{"taxonomy":"post_tag","embeddable":true,"href":"https:\/\/nicogcasares.eu\/gl\/wp-json\/wp\/v2\/tags?post=4018"}],"curies":[{"name":"wp","href":"https:\/\/api.w.org\/{rel}","templated":true}]}}