{"id":4023,"date":"2022-02-23T14:19:14","date_gmt":"2022-02-23T12:19:14","guid":{"rendered":"https:\/\/nicogcasares.eu\/?p=4023"},"modified":"2022-04-01T15:32:46","modified_gmt":"2022-04-01T13:32:46","slug":"informe-beca-fito-loita-cancro-union-europea","status":"publish","type":"post","link":"https:\/\/nicogcasares.eu\/gl\/informe-beca-fito-loita-cancro-union-europea\/","title":{"rendered":"S&#038;D: o informe BECA marca un fito na loita contra o cancro e cara \u00e1 futura Uni\u00f3n Europea da Sa\u00fade"},"content":{"rendered":"\n<p style=\"font-size:22px\"><strong>   INFORMACI\u00d3N PUBLICADA NA DO Grupo S&amp;D O 16 DE FEBREIRO. <a href=\"https:\/\/www.socialistsanddemocrats.eu\/newsroom\/sds-beca-report-marks-milestone-fight-beat-cancer-and-towards-future-european-health-union\" target=\"_blank\" rel=\"noreferrer noopener\">PODES LELA COMPLETA AQU\u00cd<\/a><\/strong><\/p>\n\n\n\n<p class=\"has-black-color has-text-color has-medium-font-size\"> O <strong>informe do comit\u00e9 especial para combater o cancro (BECA) marcar\u00e1 un fito na loita contra o cancro en Europa<\/strong>. Estamos orgullosos como socialistas de integrar o principio de xustiza social, a loita contra a inequidade e a desigualdade e a perspectiva de x\u00e9nero no coraz\u00f3n do informe. A batalla a\u00ednda non terminou. Esperamos que este importante resultado se integre na futura Uni\u00f3n Europea da Sa\u00fade (EHU). A pesar das deficiencias da votaci\u00f3n no pleno, esperamos que se respecte o principio de precauci\u00f3n, a evidencia cient\u00edfica e as recomendaci\u00f3ns da OMS sobre o tabaco e os cigarros electr\u00f3nicos cando a Uni\u00f3n revise a lexislaci\u00f3n neste \u00e1mbito. <\/p>\n\n\n\n<p class=\"has-black-color has-text-color has-medium-font-size\"> O portavoz do S&amp;D, <strong>Nicol\u00e1s Gonz\u00e1lez Casares<\/strong>, comentou: <\/p>\n\n\n\n<p class=\"has-black-color has-text-color has-medium-font-size\"> \u201cDespois de meses de traballo, audiencias e investigaci\u00f3ns, este informe representa hoxe unha esperanza concreta a partir da cal constru\u00edr unha loita renovada e com\u00fan contra o cancro en toda Europa. Non podemos facer a vista gorda na loita contra o cancro; pola contra, corremos o risco de ver un aumento do 21% en casos novos\u201d. <\/p>\n\n\n\n<p class=\"has-black-color has-text-color has-medium-font-size\"> &#8220;Como progresistas, estamos orgullosos de poder vincular este informe crucial co principio de igualdade e xustiza social e a necesidade de maximizar continuamente a ciencia e a investigaci\u00f3n\u201d. <\/p>\n\n\n\n<p class=\"has-black-color has-text-color has-medium-font-size\"> \u201cXa non podemos aceptar unha diferenza do 25% nas taxas de supervivencia entre os estados membros. Todos os pacientes, sen importar a s\u00faa nacionalidade, deben ter o mesmo nivel de tratamento. Instamos \u00e1 Comisi\u00f3n da UE e a todos os estados membros a actuar agora e facer uso de todos os fondos necesarios para cambiar esta situaci\u00f3n inaceptable\u201d. <\/p>\n\n\n\n<p class=\"has-black-color has-text-color has-medium-font-size\"> \u201cO comp\u00e1s, a estrela polar que sempre nos guiou neste informe non pod\u00eda ser outra cousa que a ciencia. Este informe describe varias propostas para mellorar a prevenci\u00f3n, o diagn\u00f3stico precoz, os tratamentos e os estilos de vida. A ciencia bas\u00e9ase en feitos, e os feitos proban o v\u00ednculo directo entre o cancro e o consumo de tabaco, alcol e a nutrici\u00f3n de mala ou baixa calidade. Con todo, lamentamos que varios membros do Parlamento Europeo decidisen ignorar e descoidar abertamente estes feitos\u201d. <\/p>\n\n\n\n<p class=\"has-black-color has-text-color has-medium-font-size\"> \u201cOs intereses privados ou os negocios non poden prevalecer sobre a sa\u00fade dos nosos cidad\u00e1ns. Nunca\u201d. <\/p>\n","protected":false},"excerpt":{"rendered":"<p>O informe do comit\u00e9 especial para combater o cancro (BECA) marcar\u00e1 un fito na loita contra o cancro en Europa<\/p>\n","protected":false},"author":4,"featured_media":4115,"comment_status":"closed","ping_status":"closed","sticky":true,"template":"","format":"standard","meta":{"footnotes":""},"categories":[34,32,42],"tags":[121,348,357,65],"yoast_head":"<!-- This site is optimized with the Yoast SEO plugin v22.3 - https:\/\/yoast.com\/wordpress\/plugins\/seo\/ -->\n<title>S&amp;D: o informe BECA marca un fito na loita contra o cancro e cara \u00e1 futura Uni\u00f3n Europea da Sa\u00fade - Nico G. Casares<\/title>\n<meta name=\"description\" content=\"O informe do comit\u00e9 especial para combater o cancro (BECA) marcar\u00e1 un fito na loita contra o cancro en Europa\" \/>\n<meta name=\"robots\" content=\"index, follow, max-snippet:-1, max-image-preview:large, max-video-preview:-1\" \/>\n<link rel=\"canonical\" href=\"https:\/\/nicogcasares.eu\/gl\/informe-beca-fito-loita-cancro-union-europea\/\" \/>\n<meta property=\"og:locale\" content=\"gl_ES\" \/>\n<meta property=\"og:type\" content=\"article\" \/>\n<meta property=\"og:title\" content=\"S&amp;D: o informe BECA marca un fito na loita contra o cancro e cara \u00e1 futura Uni\u00f3n Europea da Sa\u00fade\" \/>\n<meta property=\"og:description\" content=\"O informe do comit\u00e9 especial para combater o cancro (BECA) marcar\u00e1 un fito na loita contra o cancro en Europa\" \/>\n<meta property=\"og:url\" content=\"https:\/\/nicogcasares.eu\/gl\/informe-beca-fito-loita-cancro-union-europea\/\" \/>\n<meta property=\"og:site_name\" content=\"Nico G. Casares\" \/>\n<meta property=\"article:published_time\" content=\"2022-02-23T12:19:14+00:00\" \/>\n<meta property=\"article:modified_time\" content=\"2022-04-01T13:32:46+00:00\" \/>\n<meta property=\"og:image\" content=\"https:\/\/nicogcasares.eu\/wp-content\/uploads\/2022\/03\/Nicolas-Gonzalez-Casares.-ERIC-VIDAL-PARLAMENTO-EUROPEO.jpg\" \/>\n\t<meta property=\"og:image:width\" content=\"1919\" \/>\n\t<meta property=\"og:image:height\" content=\"1277\" \/>\n\t<meta property=\"og:image:type\" content=\"image\/jpeg\" \/>\n<meta name=\"author\" content=\"Nicol\u00e1s Gonz\u00e1lez Casares\" \/>\n<meta name=\"twitter:card\" content=\"summary_large_image\" \/>\n<meta name=\"twitter:title\" content=\"S&amp;D: o informe BECA marca un fito na loita contra o cancro e cara \u00e1 futura Uni\u00f3n Europea da Sa\u00fade\" \/>\n<meta name=\"twitter:description\" content=\"O informe do comit\u00e9 especial para combater o cancro (BECA) marcar\u00e1 un fito na loita contra o cancro en Europa\" \/>\n<meta name=\"twitter:image\" content=\"https:\/\/nicogcasares.eu\/wp-content\/uploads\/2022\/03\/Nicolas-Gonzalez-Casares.-ERIC-VIDAL-PARLAMENTO-EUROPEO.jpg\" \/>\n<meta name=\"twitter:creator\" content=\"@nicogoncas\" \/>\n<meta name=\"twitter:site\" content=\"@nicogoncas\" \/>\n<meta name=\"twitter:label1\" content=\"Escrito por\" \/>\n\t<meta name=\"twitter:data1\" content=\"Nicol\u00e1s Gonz\u00e1lez Casares\" \/>\n\t<meta name=\"twitter:label2\" content=\"Tempo de lectura\" \/>\n\t<meta name=\"twitter:data2\" content=\"2 minutos\" \/>\n<script type=\"application\/ld+json\" class=\"yoast-schema-graph\">{\"@context\":\"https:\/\/schema.org\",\"@graph\":[{\"@type\":\"Article\",\"@id\":\"https:\/\/nicogcasares.eu\/gl\/informe-beca-fito-loita-cancro-union-europea\/#article\",\"isPartOf\":{\"@id\":\"https:\/\/nicogcasares.eu\/gl\/informe-beca-fito-loita-cancro-union-europea\/\"},\"author\":{\"name\":\"Nicol\u00e1s Gonz\u00e1lez Casares\",\"@id\":\"https:\/\/nicogcasares.eu\/gl\/#\/schema\/person\/75361477143e596646d48598a3778163\"},\"headline\":\"S&#038;D: o informe BECA marca un fito na loita contra o cancro e cara \u00e1 futura Uni\u00f3n Europea da Sa\u00fade\",\"datePublished\":\"2022-02-23T12:19:14+00:00\",\"dateModified\":\"2022-04-01T13:32:46+00:00\",\"mainEntityOfPage\":{\"@id\":\"https:\/\/nicogcasares.eu\/gl\/informe-beca-fito-loita-cancro-union-europea\/\"},\"wordCount\":422,\"publisher\":{\"@id\":\"https:\/\/nicogcasares.eu\/gl\/#\/schema\/person\/75361477143e596646d48598a3778163\"},\"image\":{\"@id\":\"https:\/\/nicogcasares.eu\/gl\/informe-beca-fito-loita-cancro-union-europea\/#primaryimage\"},\"thumbnailUrl\":\"https:\/\/nicogcasares.eu\/wp-content\/uploads\/2022\/03\/Nicolas-Gonzalez-Casares.-ERIC-VIDAL-PARLAMENTO-EUROPEO.jpg\",\"keywords\":[\"c\u00e1ncer\",\"cancro\",\"Nicol\u00e1s Gonz\u00e1lez Casares\",\"sa\u00fade\"],\"articleSection\":[\"Actividade\",\"Novas\",\"Sa\u00fade\"],\"inLanguage\":\"gl-ES\"},{\"@type\":\"WebPage\",\"@id\":\"https:\/\/nicogcasares.eu\/gl\/informe-beca-fito-loita-cancro-union-europea\/\",\"url\":\"https:\/\/nicogcasares.eu\/gl\/informe-beca-fito-loita-cancro-union-europea\/\",\"name\":\"S&D: o informe BECA marca un fito na loita contra o cancro e cara \u00e1 futura Uni\u00f3n Europea da Sa\u00fade - Nico G. Casares\",\"isPartOf\":{\"@id\":\"https:\/\/nicogcasares.eu\/gl\/#website\"},\"primaryImageOfPage\":{\"@id\":\"https:\/\/nicogcasares.eu\/gl\/informe-beca-fito-loita-cancro-union-europea\/#primaryimage\"},\"image\":{\"@id\":\"https:\/\/nicogcasares.eu\/gl\/informe-beca-fito-loita-cancro-union-europea\/#primaryimage\"},\"thumbnailUrl\":\"https:\/\/nicogcasares.eu\/wp-content\/uploads\/2022\/03\/Nicolas-Gonzalez-Casares.-ERIC-VIDAL-PARLAMENTO-EUROPEO.jpg\",\"datePublished\":\"2022-02-23T12:19:14+00:00\",\"dateModified\":\"2022-04-01T13:32:46+00:00\",\"description\":\"O informe do comit\u00e9 especial para combater o cancro (BECA) marcar\u00e1 un fito na loita contra o cancro en Europa\",\"breadcrumb\":{\"@id\":\"https:\/\/nicogcasares.eu\/gl\/informe-beca-fito-loita-cancro-union-europea\/#breadcrumb\"},\"inLanguage\":\"gl-ES\",\"potentialAction\":[{\"@type\":\"ReadAction\",\"target\":[\"https:\/\/nicogcasares.eu\/gl\/informe-beca-fito-loita-cancro-union-europea\/\"]}]},{\"@type\":\"ImageObject\",\"inLanguage\":\"gl-ES\",\"@id\":\"https:\/\/nicogcasares.eu\/gl\/informe-beca-fito-loita-cancro-union-europea\/#primaryimage\",\"url\":\"https:\/\/nicogcasares.eu\/wp-content\/uploads\/2022\/03\/Nicolas-Gonzalez-Casares.-ERIC-VIDAL-PARLAMENTO-EUROPEO.jpg\",\"contentUrl\":\"https:\/\/nicogcasares.eu\/wp-content\/uploads\/2022\/03\/Nicolas-Gonzalez-Casares.-ERIC-VIDAL-PARLAMENTO-EUROPEO.jpg\",\"width\":1919,\"height\":1277},{\"@type\":\"BreadcrumbList\",\"@id\":\"https:\/\/nicogcasares.eu\/gl\/informe-beca-fito-loita-cancro-union-europea\/#breadcrumb\",\"itemListElement\":[{\"@type\":\"ListItem\",\"position\":1,\"name\":\"Portada\",\"item\":\"https:\/\/nicogcasares.eu\/gl\/\"},{\"@type\":\"ListItem\",\"position\":2,\"name\":\"S&#038;D: o informe BECA marca un fito na loita contra o cancro e cara \u00e1 futura Uni\u00f3n Europea da Sa\u00fade\"}]},{\"@type\":\"WebSite\",\"@id\":\"https:\/\/nicogcasares.eu\/gl\/#website\",\"url\":\"https:\/\/nicogcasares.eu\/gl\/\",\"name\":\"Nico G. Casares\",\"description\":\"Diputado socialista en el parlamento europeo\",\"publisher\":{\"@id\":\"https:\/\/nicogcasares.eu\/gl\/#\/schema\/person\/75361477143e596646d48598a3778163\"},\"potentialAction\":[{\"@type\":\"SearchAction\",\"target\":{\"@type\":\"EntryPoint\",\"urlTemplate\":\"https:\/\/nicogcasares.eu\/gl\/?s={search_term_string}\"},\"query-input\":\"required name=search_term_string\"}],\"inLanguage\":\"gl-ES\"},{\"@type\":[\"Person\",\"Organization\"],\"@id\":\"https:\/\/nicogcasares.eu\/gl\/#\/schema\/person\/75361477143e596646d48598a3778163\",\"name\":\"Nicol\u00e1s Gonz\u00e1lez Casares\",\"image\":{\"@type\":\"ImageObject\",\"inLanguage\":\"gl-ES\",\"@id\":\"https:\/\/nicogcasares.eu\/gl\/#\/schema\/person\/image\/\",\"url\":\"https:\/\/nicogcasares.eu\/wp-content\/uploads\/2021\/11\/20211006_EP-119139A_FMA_0895_RESIZED_S.jpg\",\"contentUrl\":\"https:\/\/nicogcasares.eu\/wp-content\/uploads\/2021\/11\/20211006_EP-119139A_FMA_0895_RESIZED_S.jpg\",\"width\":639,\"height\":426,\"caption\":\"Nicol\u00e1s Gonz\u00e1lez Casares\"},\"logo\":{\"@id\":\"https:\/\/nicogcasares.eu\/gl\/#\/schema\/person\/image\/\"},\"url\":\"https:\/\/nicogcasares.eu\/gl\/author\/nico\/\"}]}<\/script>\n<!-- \/ Yoast SEO plugin. -->","yoast_head_json":{"title":"S&D: o informe BECA marca un fito na loita contra o cancro e cara \u00e1 futura Uni\u00f3n Europea da Sa\u00fade - Nico G. Casares","description":"O informe do comit\u00e9 especial para combater o cancro (BECA) marcar\u00e1 un fito na loita contra o cancro en Europa","robots":{"index":"index","follow":"follow","max-snippet":"max-snippet:-1","max-image-preview":"max-image-preview:large","max-video-preview":"max-video-preview:-1"},"canonical":"https:\/\/nicogcasares.eu\/gl\/informe-beca-fito-loita-cancro-union-europea\/","og_locale":"gl_ES","og_type":"article","og_title":"S&D: o informe BECA marca un fito na loita contra o cancro e cara \u00e1 futura Uni\u00f3n Europea da Sa\u00fade","og_description":"O informe do comit\u00e9 especial para combater o cancro (BECA) marcar\u00e1 un fito na loita contra o cancro en Europa","og_url":"https:\/\/nicogcasares.eu\/gl\/informe-beca-fito-loita-cancro-union-europea\/","og_site_name":"Nico G. Casares","article_published_time":"2022-02-23T12:19:14+00:00","article_modified_time":"2022-04-01T13:32:46+00:00","og_image":[{"width":1919,"height":1277,"url":"https:\/\/nicogcasares.eu\/wp-content\/uploads\/2022\/03\/Nicolas-Gonzalez-Casares.-ERIC-VIDAL-PARLAMENTO-EUROPEO.jpg","type":"image\/jpeg"}],"author":"Nicol\u00e1s Gonz\u00e1lez Casares","twitter_card":"summary_large_image","twitter_title":"S&D: o informe BECA marca un fito na loita contra o cancro e cara \u00e1 futura Uni\u00f3n Europea da Sa\u00fade","twitter_description":"O informe do comit\u00e9 especial para combater o cancro (BECA) marcar\u00e1 un fito na loita contra o cancro en Europa","twitter_image":"https:\/\/nicogcasares.eu\/wp-content\/uploads\/2022\/03\/Nicolas-Gonzalez-Casares.-ERIC-VIDAL-PARLAMENTO-EUROPEO.jpg","twitter_creator":"@nicogoncas","twitter_site":"@nicogoncas","twitter_misc":{"Escrito por":"Nicol\u00e1s Gonz\u00e1lez Casares","Tempo de lectura":"2 minutos"},"schema":{"@context":"https:\/\/schema.org","@graph":[{"@type":"Article","@id":"https:\/\/nicogcasares.eu\/gl\/informe-beca-fito-loita-cancro-union-europea\/#article","isPartOf":{"@id":"https:\/\/nicogcasares.eu\/gl\/informe-beca-fito-loita-cancro-union-europea\/"},"author":{"name":"Nicol\u00e1s Gonz\u00e1lez Casares","@id":"https:\/\/nicogcasares.eu\/gl\/#\/schema\/person\/75361477143e596646d48598a3778163"},"headline":"S&#038;D: o informe BECA marca un fito na loita contra o cancro e cara \u00e1 futura Uni\u00f3n Europea da Sa\u00fade","datePublished":"2022-02-23T12:19:14+00:00","dateModified":"2022-04-01T13:32:46+00:00","mainEntityOfPage":{"@id":"https:\/\/nicogcasares.eu\/gl\/informe-beca-fito-loita-cancro-union-europea\/"},"wordCount":422,"publisher":{"@id":"https:\/\/nicogcasares.eu\/gl\/#\/schema\/person\/75361477143e596646d48598a3778163"},"image":{"@id":"https:\/\/nicogcasares.eu\/gl\/informe-beca-fito-loita-cancro-union-europea\/#primaryimage"},"thumbnailUrl":"https:\/\/nicogcasares.eu\/wp-content\/uploads\/2022\/03\/Nicolas-Gonzalez-Casares.-ERIC-VIDAL-PARLAMENTO-EUROPEO.jpg","keywords":["c\u00e1ncer","cancro","Nicol\u00e1s Gonz\u00e1lez Casares","sa\u00fade"],"articleSection":["Actividade","Novas","Sa\u00fade"],"inLanguage":"gl-ES"},{"@type":"WebPage","@id":"https:\/\/nicogcasares.eu\/gl\/informe-beca-fito-loita-cancro-union-europea\/","url":"https:\/\/nicogcasares.eu\/gl\/informe-beca-fito-loita-cancro-union-europea\/","name":"S&D: o informe BECA marca un fito na loita contra o cancro e cara \u00e1 futura Uni\u00f3n Europea da Sa\u00fade - Nico G. Casares","isPartOf":{"@id":"https:\/\/nicogcasares.eu\/gl\/#website"},"primaryImageOfPage":{"@id":"https:\/\/nicogcasares.eu\/gl\/informe-beca-fito-loita-cancro-union-europea\/#primaryimage"},"image":{"@id":"https:\/\/nicogcasares.eu\/gl\/informe-beca-fito-loita-cancro-union-europea\/#primaryimage"},"thumbnailUrl":"https:\/\/nicogcasares.eu\/wp-content\/uploads\/2022\/03\/Nicolas-Gonzalez-Casares.-ERIC-VIDAL-PARLAMENTO-EUROPEO.jpg","datePublished":"2022-02-23T12:19:14+00:00","dateModified":"2022-04-01T13:32:46+00:00","description":"O informe do comit\u00e9 especial para combater o cancro (BECA) marcar\u00e1 un fito na loita contra o cancro en Europa","breadcrumb":{"@id":"https:\/\/nicogcasares.eu\/gl\/informe-beca-fito-loita-cancro-union-europea\/#breadcrumb"},"inLanguage":"gl-ES","potentialAction":[{"@type":"ReadAction","target":["https:\/\/nicogcasares.eu\/gl\/informe-beca-fito-loita-cancro-union-europea\/"]}]},{"@type":"ImageObject","inLanguage":"gl-ES","@id":"https:\/\/nicogcasares.eu\/gl\/informe-beca-fito-loita-cancro-union-europea\/#primaryimage","url":"https:\/\/nicogcasares.eu\/wp-content\/uploads\/2022\/03\/Nicolas-Gonzalez-Casares.-ERIC-VIDAL-PARLAMENTO-EUROPEO.jpg","contentUrl":"https:\/\/nicogcasares.eu\/wp-content\/uploads\/2022\/03\/Nicolas-Gonzalez-Casares.-ERIC-VIDAL-PARLAMENTO-EUROPEO.jpg","width":1919,"height":1277},{"@type":"BreadcrumbList","@id":"https:\/\/nicogcasares.eu\/gl\/informe-beca-fito-loita-cancro-union-europea\/#breadcrumb","itemListElement":[{"@type":"ListItem","position":1,"name":"Portada","item":"https:\/\/nicogcasares.eu\/gl\/"},{"@type":"ListItem","position":2,"name":"S&#038;D: o informe BECA marca un fito na loita contra o cancro e cara \u00e1 futura Uni\u00f3n Europea da Sa\u00fade"}]},{"@type":"WebSite","@id":"https:\/\/nicogcasares.eu\/gl\/#website","url":"https:\/\/nicogcasares.eu\/gl\/","name":"Nico G. Casares","description":"Diputado socialista en el parlamento europeo","publisher":{"@id":"https:\/\/nicogcasares.eu\/gl\/#\/schema\/person\/75361477143e596646d48598a3778163"},"potentialAction":[{"@type":"SearchAction","target":{"@type":"EntryPoint","urlTemplate":"https:\/\/nicogcasares.eu\/gl\/?s={search_term_string}"},"query-input":"required name=search_term_string"}],"inLanguage":"gl-ES"},{"@type":["Person","Organization"],"@id":"https:\/\/nicogcasares.eu\/gl\/#\/schema\/person\/75361477143e596646d48598a3778163","name":"Nicol\u00e1s Gonz\u00e1lez Casares","image":{"@type":"ImageObject","inLanguage":"gl-ES","@id":"https:\/\/nicogcasares.eu\/gl\/#\/schema\/person\/image\/","url":"https:\/\/nicogcasares.eu\/wp-content\/uploads\/2021\/11\/20211006_EP-119139A_FMA_0895_RESIZED_S.jpg","contentUrl":"https:\/\/nicogcasares.eu\/wp-content\/uploads\/2021\/11\/20211006_EP-119139A_FMA_0895_RESIZED_S.jpg","width":639,"height":426,"caption":"Nicol\u00e1s Gonz\u00e1lez Casares"},"logo":{"@id":"https:\/\/nicogcasares.eu\/gl\/#\/schema\/person\/image\/"},"url":"https:\/\/nicogcasares.eu\/gl\/author\/nico\/"}]}},"_links":{"self":[{"href":"https:\/\/nicogcasares.eu\/gl\/wp-json\/wp\/v2\/posts\/4023"}],"collection":[{"href":"https:\/\/nicogcasares.eu\/gl\/wp-json\/wp\/v2\/posts"}],"about":[{"href":"https:\/\/nicogcasares.eu\/gl\/wp-json\/wp\/v2\/types\/post"}],"author":[{"embeddable":true,"href":"https:\/\/nicogcasares.eu\/gl\/wp-json\/wp\/v2\/users\/4"}],"replies":[{"embeddable":true,"href":"https:\/\/nicogcasares.eu\/gl\/wp-json\/wp\/v2\/comments?post=4023"}],"version-history":[{"count":1,"href":"https:\/\/nicogcasares.eu\/gl\/wp-json\/wp\/v2\/posts\/4023\/revisions"}],"predecessor-version":[{"id":4024,"href":"https:\/\/nicogcasares.eu\/gl\/wp-json\/wp\/v2\/posts\/4023\/revisions\/4024"}],"wp:featuredmedia":[{"embeddable":true,"href":"https:\/\/nicogcasares.eu\/gl\/wp-json\/wp\/v2\/media\/4115"}],"wp:attachment":[{"href":"https:\/\/nicogcasares.eu\/gl\/wp-json\/wp\/v2\/media?parent=4023"}],"wp:term":[{"taxonomy":"category","embeddable":true,"href":"https:\/\/nicogcasares.eu\/gl\/wp-json\/wp\/v2\/categories?post=4023"},{"taxonomy":"post_tag","embeddable":true,"href":"https:\/\/nicogcasares.eu\/gl\/wp-json\/wp\/v2\/tags?post=4023"}],"curies":[{"name":"wp","href":"https:\/\/api.w.org\/{rel}","templated":true}]}}