{"id":4034,"date":"2022-02-23T14:59:58","date_gmt":"2022-02-23T12:59:58","guid":{"rendered":"https:\/\/nicogcasares.eu\/?p=4034"},"modified":"2022-04-01T15:34:37","modified_gmt":"2022-04-01T13:34:37","slug":"gonzalez-casares-acordo-pesqueiro-senegal","status":"publish","type":"post","link":"https:\/\/nicogcasares.eu\/gl\/gonzalez-casares-acordo-pesqueiro-senegal\/","title":{"rendered":"Gonz\u00e1lez Casares denuncia dificultades no cumprimento do acordo pesqueiro na s\u00faa viaxe a Senegal"},"content":{"rendered":"\n<p class=\"has-black-color has-text-color has-medium-font-size\"> <strong>Unha delegaci\u00f3n da Comisi\u00f3n de Pesca do Parlamento Europeo re\u00fanese co ministro de Pesca e Econom\u00eda Mar\u00edtima Alioune Ndoye<\/strong> <\/p>\n\n\n\n<p class=\"has-black-color has-text-color has-medium-font-size\"> <strong>Urxen unha xuntanza da Comisi\u00f3n Mixta de Seguimento do Acordo Senegal-UE para desbloquear a situaci\u00f3n<\/strong><\/p>\n\n\n\n<p class=\"has-black-color has-text-color has-medium-font-size\">  Unha <strong>delegaci\u00f3n da Comisi\u00f3n de Pesca do Parlamento Europeo<\/strong> desprazouse esta semana a <strong>Senegal<\/strong> para analizar o estado do <strong>Acordo de Pesca<\/strong> ante as trabas coas que se est\u00e1 a atopar a <strong>flota europea<\/strong>. Con esta misi\u00f3n parlamentaria b\u00fascase validar coas autoridades senegalesas o punto no que se atopa o pacto e os investimentos que est\u00e1 a realizar o pa\u00eds ao seu abeiro. Ademais, recolleranse as <strong>demandas das asociaci\u00f3ns de pescadores<\/strong> e representantes da flota da pesca da UE. <\/p>\n\n\n\n<p class=\"has-black-color has-text-color has-medium-font-size\"> Na reuni\u00f3n mantida co <strong>ministro de Pesca e Econom\u00eda Mar\u00edtima, Alioune Ndoye<\/strong>, o eurodeputado <strong>Nicol\u00e1s Gonz\u00e1lez Casares<\/strong>, do <strong>Grupo da Alianza de Socialistas e Dem\u00f3cratas<\/strong>, constatou<strong> &#8220;as moitas dificultades que se est\u00e1n a dar en Senegal na aplicaci\u00f3n do acordo pesqueiro&#8221;<\/strong>. Ndoye mantivo a s\u00faa postura respecto \u00e1 negativa de novas licencias para os barcos europeos. Unha decisi\u00f3n que Senegal tomaba o 1 de xaneiro e que agrava a situaci\u00f3n dos pescadores da UE no pa\u00eds, especialmente os da <strong>flota ca\u00f1eira do at\u00fan e a da pescada negra<\/strong>, para as cales o acordo pesqueiro acordaba ata dez e dous barcos en activo, respectivamente. <\/p>\n\n\n\n<p class=\"has-black-color has-text-color has-medium-font-size\"> Non obstante, desde xullo de 2020 os ca\u00f1eiros, procedentes do Pa\u00eds Vasco e de Francia, <strong>te\u00f1en prohibido acceder \u00e1 ba\u00eda de Hann<\/strong> para facerse co cebo que precisan para faenar, o que os leva a permanecer amarrados no porto. No seu momento, a Comisi\u00f3n Europea xa emitira un informe cient\u00edfico que evidenciaba o baixo impacto que ten a recollida dese cebo na zona da enseada senegalesa. <\/p>\n\n\n\n<p class=\"has-black-color has-text-color has-medium-font-size\"> Parte da flota europea tam\u00e9n permanece parada ante os <strong>desacordos nos pagos e nas auditor\u00edas das inversi\u00f3ns<\/strong> recollidas no acordo sectorial. De acordo co protocolo en vigor, a contribuci\u00f3n financeira anual da UE quedou fixada en 1,7 mill\u00f3ns de euros, 800.000 polo acceso \u00e1s augas de Senegal e o monto restante para apoiar a pol\u00edtica pesqueira do pa\u00eds, co prop\u00f3sito de contribu\u00edr \u00e1 mellora no control da pesca e ao desenvolvemento da investigaci\u00f3n pesqueira e da certificaci\u00f3n sanitaria dos produtos do mar. <\/p>\n\n\n\n<p class=\"has-black-color has-text-color has-medium-font-size\"> Co prop\u00f3sito de dirimir estas desconformidades, acordouse co ministro de Pesca e Econom\u00eda Mar\u00edtima fixar unha <strong>reuni\u00f3n da Comisi\u00f3n Mixta de Seguimento do Acordo Senegal-UE<\/strong> o m\u00e1is axi\u00f1a posible &#8220;coa esperanza de que se poida avanzar nunha situaci\u00f3n que agora mesmo est\u00e1 bloqueada&#8221;, explicaba Gonz\u00e1lez Casares. <\/p>\n\n\n\n<p class=\"has-black-color has-text-color has-medium-font-size\">Nesta misi\u00f3n parlamentaria participa tam\u00e9n o presidente da Comisi\u00f3n de Pesca do Parlamento Europeo, <strong>Pierre Karleskind<\/strong>, e os eurodeputados <strong>Izaskun Bilbao<\/strong> (PNV), <strong>Predrag Fred Mati\u010d<\/strong> (S&amp;D), <strong>Niclas Herbst<\/strong> (Grupo do Partido Popular Europeo) e <strong>Caroline Roose<\/strong> (Grupo dos Verdes). <\/p>\n","protected":false},"excerpt":{"rendered":"<p>Unha delegaci\u00f3n da Comisi\u00f3n de Pesca do Parlamento Europeo re\u00fanese co ministro de Pesca e Econom\u00eda Mar\u00edtima Alioune Ndoye <\/p>\n","protected":false},"author":4,"featured_media":4031,"comment_status":"closed","ping_status":"closed","sticky":true,"template":"","format":"standard","meta":{"footnotes":""},"categories":[2,34,27,26,24,20,32,40],"tags":[361,357,99,360,76],"yoast_head":"<!-- This site is optimized with the Yoast SEO plugin v22.3 - https:\/\/yoast.com\/wordpress\/plugins\/seo\/ -->\n<title>Gonz\u00e1lez Casares denuncia dificultades no cumprimento do acordo pesqueiro na s\u00faa viaxe a Senegal - Nico G. Casares<\/title>\n<meta name=\"description\" content=\"Unha delegaci\u00f3n da Comisi\u00f3n de Pesca do Parlamento Europeo re\u00fanese co ministro de Pesca e Econom\u00eda Mar\u00edtima Alioune Ndoye\" \/>\n<meta name=\"robots\" content=\"index, follow, max-snippet:-1, max-image-preview:large, max-video-preview:-1\" \/>\n<link rel=\"canonical\" href=\"https:\/\/nicogcasares.eu\/gl\/gonzalez-casares-acordo-pesqueiro-senegal\/\" \/>\n<meta property=\"og:locale\" content=\"gl_ES\" \/>\n<meta property=\"og:type\" content=\"article\" \/>\n<meta property=\"og:title\" content=\"Gonz\u00e1lez Casares denuncia dificultades no cumprimento do acordo pesqueiro na s\u00faa viaxe a Senegal\" \/>\n<meta property=\"og:description\" content=\"Unha delegaci\u00f3n da Comisi\u00f3n de Pesca do Parlamento Europeo re\u00fanese co ministro de Pesca e Econom\u00eda Mar\u00edtima Alioune Ndoye\" \/>\n<meta property=\"og:url\" content=\"https:\/\/nicogcasares.eu\/gl\/gonzalez-casares-acordo-pesqueiro-senegal\/\" \/>\n<meta property=\"og:site_name\" content=\"Nico G. Casares\" \/>\n<meta property=\"article:published_time\" content=\"2022-02-23T12:59:58+00:00\" \/>\n<meta property=\"article:modified_time\" content=\"2022-04-01T13:34:37+00:00\" \/>\n<meta property=\"og:image\" content=\"https:\/\/nicogcasares.eu\/wp-content\/uploads\/2022\/02\/Reunion-co-ministro-de-Pesca-e-Economia-Maritima-de-Senegal.jpg\" \/>\n\t<meta property=\"og:image:width\" content=\"1600\" \/>\n\t<meta property=\"og:image:height\" content=\"965\" \/>\n\t<meta property=\"og:image:type\" content=\"image\/jpeg\" \/>\n<meta name=\"author\" content=\"Nicol\u00e1s Gonz\u00e1lez Casares\" \/>\n<meta name=\"twitter:card\" content=\"summary_large_image\" \/>\n<meta name=\"twitter:title\" content=\"Gonz\u00e1lez Casares denuncia dificultades no cumprimento do acordo pesqueiro na s\u00faa viaxe a Senegal\" \/>\n<meta name=\"twitter:description\" content=\"Unha delegaci\u00f3n da Comisi\u00f3n de Pesca do Parlamento Europeo re\u00fanese co ministro de Pesca e Econom\u00eda Mar\u00edtima Alioune Ndoye\" \/>\n<meta name=\"twitter:image\" content=\"https:\/\/nicogcasares.eu\/wp-content\/uploads\/2022\/02\/Reunion-co-ministro-de-Pesca-e-Economia-Maritima-de-Senegal.jpg\" \/>\n<meta name=\"twitter:creator\" content=\"@nicogoncas\" \/>\n<meta name=\"twitter:site\" content=\"@nicogoncas\" \/>\n<meta name=\"twitter:label1\" content=\"Escrito por\" \/>\n\t<meta name=\"twitter:data1\" content=\"Nicol\u00e1s Gonz\u00e1lez Casares\" \/>\n\t<meta name=\"twitter:label2\" content=\"Tempo de lectura\" \/>\n\t<meta name=\"twitter:data2\" content=\"3 minutos\" \/>\n<script type=\"application\/ld+json\" class=\"yoast-schema-graph\">{\"@context\":\"https:\/\/schema.org\",\"@graph\":[{\"@type\":\"Article\",\"@id\":\"https:\/\/nicogcasares.eu\/gl\/gonzalez-casares-acordo-pesqueiro-senegal\/#article\",\"isPartOf\":{\"@id\":\"https:\/\/nicogcasares.eu\/gl\/gonzalez-casares-acordo-pesqueiro-senegal\/\"},\"author\":{\"name\":\"Nicol\u00e1s Gonz\u00e1lez Casares\",\"@id\":\"https:\/\/nicogcasares.eu\/gl\/#\/schema\/person\/75361477143e596646d48598a3778163\"},\"headline\":\"Gonz\u00e1lez Casares denuncia dificultades no cumprimento do acordo pesqueiro na s\u00faa viaxe a Senegal\",\"datePublished\":\"2022-02-23T12:59:58+00:00\",\"dateModified\":\"2022-04-01T13:34:37+00:00\",\"mainEntityOfPage\":{\"@id\":\"https:\/\/nicogcasares.eu\/gl\/gonzalez-casares-acordo-pesqueiro-senegal\/\"},\"wordCount\":516,\"publisher\":{\"@id\":\"https:\/\/nicogcasares.eu\/gl\/#\/schema\/person\/75361477143e596646d48598a3778163\"},\"image\":{\"@id\":\"https:\/\/nicogcasares.eu\/gl\/gonzalez-casares-acordo-pesqueiro-senegal\/#primaryimage\"},\"thumbnailUrl\":\"https:\/\/nicogcasares.eu\/wp-content\/uploads\/2022\/02\/Reunion-co-ministro-de-Pesca-e-Economia-Maritima-de-Senegal.jpg\",\"keywords\":[\"at\u00fan\",\"Nicol\u00e1s Gonz\u00e1lez Casares\",\"pesca\",\"Senegal\",\"Uni\u00f3n Europea\"],\"articleSection\":[\"Actividad\",\"Actividade\",\"Energ\u00eda\",\"Industria\",\"Medioambiente\",\"Noticias\",\"Novas\",\"Pesca\"],\"inLanguage\":\"gl-ES\"},{\"@type\":\"WebPage\",\"@id\":\"https:\/\/nicogcasares.eu\/gl\/gonzalez-casares-acordo-pesqueiro-senegal\/\",\"url\":\"https:\/\/nicogcasares.eu\/gl\/gonzalez-casares-acordo-pesqueiro-senegal\/\",\"name\":\"Gonz\u00e1lez Casares denuncia dificultades no cumprimento do acordo pesqueiro na s\u00faa viaxe a Senegal - Nico G. Casares\",\"isPartOf\":{\"@id\":\"https:\/\/nicogcasares.eu\/gl\/#website\"},\"primaryImageOfPage\":{\"@id\":\"https:\/\/nicogcasares.eu\/gl\/gonzalez-casares-acordo-pesqueiro-senegal\/#primaryimage\"},\"image\":{\"@id\":\"https:\/\/nicogcasares.eu\/gl\/gonzalez-casares-acordo-pesqueiro-senegal\/#primaryimage\"},\"thumbnailUrl\":\"https:\/\/nicogcasares.eu\/wp-content\/uploads\/2022\/02\/Reunion-co-ministro-de-Pesca-e-Economia-Maritima-de-Senegal.jpg\",\"datePublished\":\"2022-02-23T12:59:58+00:00\",\"dateModified\":\"2022-04-01T13:34:37+00:00\",\"description\":\"Unha delegaci\u00f3n da Comisi\u00f3n de Pesca do Parlamento Europeo re\u00fanese co ministro de Pesca e Econom\u00eda Mar\u00edtima Alioune Ndoye\",\"breadcrumb\":{\"@id\":\"https:\/\/nicogcasares.eu\/gl\/gonzalez-casares-acordo-pesqueiro-senegal\/#breadcrumb\"},\"inLanguage\":\"gl-ES\",\"potentialAction\":[{\"@type\":\"ReadAction\",\"target\":[\"https:\/\/nicogcasares.eu\/gl\/gonzalez-casares-acordo-pesqueiro-senegal\/\"]}]},{\"@type\":\"ImageObject\",\"inLanguage\":\"gl-ES\",\"@id\":\"https:\/\/nicogcasares.eu\/gl\/gonzalez-casares-acordo-pesqueiro-senegal\/#primaryimage\",\"url\":\"https:\/\/nicogcasares.eu\/wp-content\/uploads\/2022\/02\/Reunion-co-ministro-de-Pesca-e-Economia-Maritima-de-Senegal.jpg\",\"contentUrl\":\"https:\/\/nicogcasares.eu\/wp-content\/uploads\/2022\/02\/Reunion-co-ministro-de-Pesca-e-Economia-Maritima-de-Senegal.jpg\",\"width\":1600,\"height\":965},{\"@type\":\"BreadcrumbList\",\"@id\":\"https:\/\/nicogcasares.eu\/gl\/gonzalez-casares-acordo-pesqueiro-senegal\/#breadcrumb\",\"itemListElement\":[{\"@type\":\"ListItem\",\"position\":1,\"name\":\"Portada\",\"item\":\"https:\/\/nicogcasares.eu\/gl\/\"},{\"@type\":\"ListItem\",\"position\":2,\"name\":\"Gonz\u00e1lez Casares denuncia dificultades no cumprimento do acordo pesqueiro na s\u00faa viaxe a Senegal\"}]},{\"@type\":\"WebSite\",\"@id\":\"https:\/\/nicogcasares.eu\/gl\/#website\",\"url\":\"https:\/\/nicogcasares.eu\/gl\/\",\"name\":\"Nico G. Casares\",\"description\":\"Diputado socialista en el parlamento europeo\",\"publisher\":{\"@id\":\"https:\/\/nicogcasares.eu\/gl\/#\/schema\/person\/75361477143e596646d48598a3778163\"},\"potentialAction\":[{\"@type\":\"SearchAction\",\"target\":{\"@type\":\"EntryPoint\",\"urlTemplate\":\"https:\/\/nicogcasares.eu\/gl\/?s={search_term_string}\"},\"query-input\":\"required name=search_term_string\"}],\"inLanguage\":\"gl-ES\"},{\"@type\":[\"Person\",\"Organization\"],\"@id\":\"https:\/\/nicogcasares.eu\/gl\/#\/schema\/person\/75361477143e596646d48598a3778163\",\"name\":\"Nicol\u00e1s Gonz\u00e1lez Casares\",\"image\":{\"@type\":\"ImageObject\",\"inLanguage\":\"gl-ES\",\"@id\":\"https:\/\/nicogcasares.eu\/gl\/#\/schema\/person\/image\/\",\"url\":\"https:\/\/nicogcasares.eu\/wp-content\/uploads\/2021\/11\/20211006_EP-119139A_FMA_0895_RESIZED_S.jpg\",\"contentUrl\":\"https:\/\/nicogcasares.eu\/wp-content\/uploads\/2021\/11\/20211006_EP-119139A_FMA_0895_RESIZED_S.jpg\",\"width\":639,\"height\":426,\"caption\":\"Nicol\u00e1s Gonz\u00e1lez Casares\"},\"logo\":{\"@id\":\"https:\/\/nicogcasares.eu\/gl\/#\/schema\/person\/image\/\"},\"url\":\"https:\/\/nicogcasares.eu\/gl\/author\/nico\/\"}]}<\/script>\n<!-- \/ Yoast SEO plugin. -->","yoast_head_json":{"title":"Gonz\u00e1lez Casares denuncia dificultades no cumprimento do acordo pesqueiro na s\u00faa viaxe a Senegal - Nico G. Casares","description":"Unha delegaci\u00f3n da Comisi\u00f3n de Pesca do Parlamento Europeo re\u00fanese co ministro de Pesca e Econom\u00eda Mar\u00edtima Alioune Ndoye","robots":{"index":"index","follow":"follow","max-snippet":"max-snippet:-1","max-image-preview":"max-image-preview:large","max-video-preview":"max-video-preview:-1"},"canonical":"https:\/\/nicogcasares.eu\/gl\/gonzalez-casares-acordo-pesqueiro-senegal\/","og_locale":"gl_ES","og_type":"article","og_title":"Gonz\u00e1lez Casares denuncia dificultades no cumprimento do acordo pesqueiro na s\u00faa viaxe a Senegal","og_description":"Unha delegaci\u00f3n da Comisi\u00f3n de Pesca do Parlamento Europeo re\u00fanese co ministro de Pesca e Econom\u00eda Mar\u00edtima Alioune Ndoye","og_url":"https:\/\/nicogcasares.eu\/gl\/gonzalez-casares-acordo-pesqueiro-senegal\/","og_site_name":"Nico G. Casares","article_published_time":"2022-02-23T12:59:58+00:00","article_modified_time":"2022-04-01T13:34:37+00:00","og_image":[{"width":1600,"height":965,"url":"https:\/\/nicogcasares.eu\/wp-content\/uploads\/2022\/02\/Reunion-co-ministro-de-Pesca-e-Economia-Maritima-de-Senegal.jpg","type":"image\/jpeg"}],"author":"Nicol\u00e1s Gonz\u00e1lez Casares","twitter_card":"summary_large_image","twitter_title":"Gonz\u00e1lez Casares denuncia dificultades no cumprimento do acordo pesqueiro na s\u00faa viaxe a Senegal","twitter_description":"Unha delegaci\u00f3n da Comisi\u00f3n de Pesca do Parlamento Europeo re\u00fanese co ministro de Pesca e Econom\u00eda Mar\u00edtima Alioune Ndoye","twitter_image":"https:\/\/nicogcasares.eu\/wp-content\/uploads\/2022\/02\/Reunion-co-ministro-de-Pesca-e-Economia-Maritima-de-Senegal.jpg","twitter_creator":"@nicogoncas","twitter_site":"@nicogoncas","twitter_misc":{"Escrito por":"Nicol\u00e1s Gonz\u00e1lez Casares","Tempo de lectura":"3 minutos"},"schema":{"@context":"https:\/\/schema.org","@graph":[{"@type":"Article","@id":"https:\/\/nicogcasares.eu\/gl\/gonzalez-casares-acordo-pesqueiro-senegal\/#article","isPartOf":{"@id":"https:\/\/nicogcasares.eu\/gl\/gonzalez-casares-acordo-pesqueiro-senegal\/"},"author":{"name":"Nicol\u00e1s Gonz\u00e1lez Casares","@id":"https:\/\/nicogcasares.eu\/gl\/#\/schema\/person\/75361477143e596646d48598a3778163"},"headline":"Gonz\u00e1lez Casares denuncia dificultades no cumprimento do acordo pesqueiro na s\u00faa viaxe a Senegal","datePublished":"2022-02-23T12:59:58+00:00","dateModified":"2022-04-01T13:34:37+00:00","mainEntityOfPage":{"@id":"https:\/\/nicogcasares.eu\/gl\/gonzalez-casares-acordo-pesqueiro-senegal\/"},"wordCount":516,"publisher":{"@id":"https:\/\/nicogcasares.eu\/gl\/#\/schema\/person\/75361477143e596646d48598a3778163"},"image":{"@id":"https:\/\/nicogcasares.eu\/gl\/gonzalez-casares-acordo-pesqueiro-senegal\/#primaryimage"},"thumbnailUrl":"https:\/\/nicogcasares.eu\/wp-content\/uploads\/2022\/02\/Reunion-co-ministro-de-Pesca-e-Economia-Maritima-de-Senegal.jpg","keywords":["at\u00fan","Nicol\u00e1s Gonz\u00e1lez Casares","pesca","Senegal","Uni\u00f3n Europea"],"articleSection":["Actividad","Actividade","Energ\u00eda","Industria","Medioambiente","Noticias","Novas","Pesca"],"inLanguage":"gl-ES"},{"@type":"WebPage","@id":"https:\/\/nicogcasares.eu\/gl\/gonzalez-casares-acordo-pesqueiro-senegal\/","url":"https:\/\/nicogcasares.eu\/gl\/gonzalez-casares-acordo-pesqueiro-senegal\/","name":"Gonz\u00e1lez Casares denuncia dificultades no cumprimento do acordo pesqueiro na s\u00faa viaxe a Senegal - Nico G. Casares","isPartOf":{"@id":"https:\/\/nicogcasares.eu\/gl\/#website"},"primaryImageOfPage":{"@id":"https:\/\/nicogcasares.eu\/gl\/gonzalez-casares-acordo-pesqueiro-senegal\/#primaryimage"},"image":{"@id":"https:\/\/nicogcasares.eu\/gl\/gonzalez-casares-acordo-pesqueiro-senegal\/#primaryimage"},"thumbnailUrl":"https:\/\/nicogcasares.eu\/wp-content\/uploads\/2022\/02\/Reunion-co-ministro-de-Pesca-e-Economia-Maritima-de-Senegal.jpg","datePublished":"2022-02-23T12:59:58+00:00","dateModified":"2022-04-01T13:34:37+00:00","description":"Unha delegaci\u00f3n da Comisi\u00f3n de Pesca do Parlamento Europeo re\u00fanese co ministro de Pesca e Econom\u00eda Mar\u00edtima Alioune Ndoye","breadcrumb":{"@id":"https:\/\/nicogcasares.eu\/gl\/gonzalez-casares-acordo-pesqueiro-senegal\/#breadcrumb"},"inLanguage":"gl-ES","potentialAction":[{"@type":"ReadAction","target":["https:\/\/nicogcasares.eu\/gl\/gonzalez-casares-acordo-pesqueiro-senegal\/"]}]},{"@type":"ImageObject","inLanguage":"gl-ES","@id":"https:\/\/nicogcasares.eu\/gl\/gonzalez-casares-acordo-pesqueiro-senegal\/#primaryimage","url":"https:\/\/nicogcasares.eu\/wp-content\/uploads\/2022\/02\/Reunion-co-ministro-de-Pesca-e-Economia-Maritima-de-Senegal.jpg","contentUrl":"https:\/\/nicogcasares.eu\/wp-content\/uploads\/2022\/02\/Reunion-co-ministro-de-Pesca-e-Economia-Maritima-de-Senegal.jpg","width":1600,"height":965},{"@type":"BreadcrumbList","@id":"https:\/\/nicogcasares.eu\/gl\/gonzalez-casares-acordo-pesqueiro-senegal\/#breadcrumb","itemListElement":[{"@type":"ListItem","position":1,"name":"Portada","item":"https:\/\/nicogcasares.eu\/gl\/"},{"@type":"ListItem","position":2,"name":"Gonz\u00e1lez Casares denuncia dificultades no cumprimento do acordo pesqueiro na s\u00faa viaxe a Senegal"}]},{"@type":"WebSite","@id":"https:\/\/nicogcasares.eu\/gl\/#website","url":"https:\/\/nicogcasares.eu\/gl\/","name":"Nico G. Casares","description":"Diputado socialista en el parlamento europeo","publisher":{"@id":"https:\/\/nicogcasares.eu\/gl\/#\/schema\/person\/75361477143e596646d48598a3778163"},"potentialAction":[{"@type":"SearchAction","target":{"@type":"EntryPoint","urlTemplate":"https:\/\/nicogcasares.eu\/gl\/?s={search_term_string}"},"query-input":"required name=search_term_string"}],"inLanguage":"gl-ES"},{"@type":["Person","Organization"],"@id":"https:\/\/nicogcasares.eu\/gl\/#\/schema\/person\/75361477143e596646d48598a3778163","name":"Nicol\u00e1s Gonz\u00e1lez Casares","image":{"@type":"ImageObject","inLanguage":"gl-ES","@id":"https:\/\/nicogcasares.eu\/gl\/#\/schema\/person\/image\/","url":"https:\/\/nicogcasares.eu\/wp-content\/uploads\/2021\/11\/20211006_EP-119139A_FMA_0895_RESIZED_S.jpg","contentUrl":"https:\/\/nicogcasares.eu\/wp-content\/uploads\/2021\/11\/20211006_EP-119139A_FMA_0895_RESIZED_S.jpg","width":639,"height":426,"caption":"Nicol\u00e1s Gonz\u00e1lez Casares"},"logo":{"@id":"https:\/\/nicogcasares.eu\/gl\/#\/schema\/person\/image\/"},"url":"https:\/\/nicogcasares.eu\/gl\/author\/nico\/"}]}},"_links":{"self":[{"href":"https:\/\/nicogcasares.eu\/gl\/wp-json\/wp\/v2\/posts\/4034"}],"collection":[{"href":"https:\/\/nicogcasares.eu\/gl\/wp-json\/wp\/v2\/posts"}],"about":[{"href":"https:\/\/nicogcasares.eu\/gl\/wp-json\/wp\/v2\/types\/post"}],"author":[{"embeddable":true,"href":"https:\/\/nicogcasares.eu\/gl\/wp-json\/wp\/v2\/users\/4"}],"replies":[{"embeddable":true,"href":"https:\/\/nicogcasares.eu\/gl\/wp-json\/wp\/v2\/comments?post=4034"}],"version-history":[{"count":1,"href":"https:\/\/nicogcasares.eu\/gl\/wp-json\/wp\/v2\/posts\/4034\/revisions"}],"predecessor-version":[{"id":4035,"href":"https:\/\/nicogcasares.eu\/gl\/wp-json\/wp\/v2\/posts\/4034\/revisions\/4035"}],"wp:featuredmedia":[{"embeddable":true,"href":"https:\/\/nicogcasares.eu\/gl\/wp-json\/wp\/v2\/media\/4031"}],"wp:attachment":[{"href":"https:\/\/nicogcasares.eu\/gl\/wp-json\/wp\/v2\/media?parent=4034"}],"wp:term":[{"taxonomy":"category","embeddable":true,"href":"https:\/\/nicogcasares.eu\/gl\/wp-json\/wp\/v2\/categories?post=4034"},{"taxonomy":"post_tag","embeddable":true,"href":"https:\/\/nicogcasares.eu\/gl\/wp-json\/wp\/v2\/tags?post=4034"}],"curies":[{"name":"wp","href":"https:\/\/api.w.org\/{rel}","templated":true}]}}