{"id":4056,"date":"2022-03-02T09:41:44","date_gmt":"2022-03-02T07:41:44","guid":{"rendered":"https:\/\/nicogcasares.eu\/?p=4056"},"modified":"2022-04-01T15:40:43","modified_gmt":"2022-04-01T13:40:43","slug":"condena-parlamento-europeo-invasion-ucrania-europa-unida-nicolas-gonzalez-casares","status":"publish","type":"post","link":"https:\/\/nicogcasares.eu\/gl\/condena-parlamento-europeo-invasion-ucrania-europa-unida-nicolas-gonzalez-casares\/","title":{"rendered":"&#8220;A condena do Parlamento Europeo \u00e1 invasi\u00f3n de Ucra\u00edna mostra unha Europa unida&#8221;, afirma Nicol\u00e1s Gonz\u00e1lez Casares"},"content":{"rendered":"\n<p class=\"has-black-color has-text-color has-medium-font-size\"><strong>O presidente ucra\u00edno Zelenski interveu en directo para solicitar axuda aos eurodeputados <\/strong><\/p>\n\n\n\n<p class=\"has-black-color has-text-color has-medium-font-size\"><strong>O ataque a Ucra\u00edna debe entenderse como un ataque \u00e1s democracias e aos valores que sustentan a UE<\/strong> <\/p>\n\n\n\n<p class=\"has-black-color has-text-color has-medium-font-size\">A Uni\u00f3n Europea mostrou este martes m\u00e1is que nunca a s\u00faa <strong>uni\u00f3n<\/strong> cunha resoluci\u00f3n aprobada por ampl\u00edsima maior\u00eda (637 votos a favor, 13 en contra e 26 abstenci\u00f3ns) <strong>condenando sen paliativos a agresi\u00f3n rusa<\/strong>, instando a un cese da violencia e chamando aos estados membros a aumentar a presi\u00f3n sobre Putin con sanci\u00f3ns que debiliten estratexicamente a econom\u00eda e industria rusas. O foco centrouse en particular na restrici\u00f3n da <strong>importaci\u00f3n de petr\u00f3leo e gas<\/strong>. <\/p>\n\n\n\n<p class=\"has-black-color has-text-color has-medium-font-size\">Nicol\u00e1s Gonz\u00e1lez Casares, como responsable de enerx\u00eda da Delegaci\u00f3n Socialista Espa\u00f1ola, sinalou que <strong>&#8220;ve\u00f1en tempos de sacrificios no que ten que ver coa enerx\u00eda&#8221;<\/strong> porque &#8220;non podemos prescindir do gas ruso dun d\u00eda para outro&#8221;. Considera que \u00e9 preciso buscar <strong>alternativas<\/strong>, algo para o cal &#8220;xa chegamos tarde&#8221;. <\/p>\n\n\n\n<p class=\"has-black-color has-text-color has-medium-font-size\">Nesta li\u00f1a, tanto <strong>Von der Leyen como Borrell<\/strong> sinalaron que a UE debe <strong>avanzar en renovables<\/strong> pero para Nicol\u00e1s G. Casares a Comisi\u00f3n Europea pode facer m\u00e1is en relaci\u00f3n ao <strong>sistema de fixaci\u00f3n de prezos da electricidade<\/strong>: &#8220;\u00c9 preciso reformalo de xeito temporal para que os elevados prezos do gas non condicionen a factura el\u00e9ctrica do xeito que o est\u00e1n facendo, e que pode ir a peor&#8221;, apuntou Casares. <\/p>\n","protected":false},"excerpt":{"rendered":"<p>Nicol\u00e1s Gonz\u00e1lez Casares afirma que a condena do Parlamento Europeo \u00e1 invasi\u00f3n de Ucra\u00edna mostra unha Europa unida<\/p>\n","protected":false},"author":1,"featured_media":4054,"comment_status":"closed","ping_status":"closed","sticky":true,"template":"","format":"standard","meta":{"footnotes":""},"categories":[34,29,32],"tags":[369,370,371],"yoast_head":"<!-- This site is optimized with the Yoast SEO plugin v22.3 - https:\/\/yoast.com\/wordpress\/plugins\/seo\/ -->\n<title>&quot;A condena do Parlamento Europeo \u00e1 invasi\u00f3n de Ucra\u00edna mostra unha Europa unida&quot;, afirma Nicol\u00e1s Gonz\u00e1lez Casares - Nico G. Casares %<\/title>\n<meta name=\"description\" content=\"Nicol\u00e1s Gonz\u00e1lez Casares afirma que a condena do Parlamento Europeo \u00e1 invasi\u00f3n de Ucra\u00edna mostra unha Europa unida\" \/>\n<meta name=\"robots\" content=\"index, follow, max-snippet:-1, max-image-preview:large, max-video-preview:-1\" \/>\n<link rel=\"canonical\" href=\"https:\/\/nicogcasares.eu\/gl\/condena-parlamento-europeo-invasion-ucrania-europa-unida-nicolas-gonzalez-casares\/\" \/>\n<meta property=\"og:locale\" content=\"gl_ES\" \/>\n<meta property=\"og:type\" content=\"article\" \/>\n<meta property=\"og:title\" content=\"&quot;A condena do Parlamento Europeo \u00e1 invasi\u00f3n de Ucra\u00edna mostra unha Europa unida&quot;, afirma Nicol\u00e1s Gonz\u00e1lez Casares\" \/>\n<meta property=\"og:description\" content=\"Nicol\u00e1s Gonz\u00e1lez Casares afirma que a condena do Parlamento Europeo \u00e1 invasi\u00f3n de Ucra\u00edna mostra unha Europa unida\" \/>\n<meta property=\"og:url\" content=\"https:\/\/nicogcasares.eu\/gl\/condena-parlamento-europeo-invasion-ucrania-europa-unida-nicolas-gonzalez-casares\/\" \/>\n<meta property=\"og:site_name\" content=\"Nico G. Casares\" \/>\n<meta property=\"article:published_time\" content=\"2022-03-02T07:41:44+00:00\" \/>\n<meta property=\"article:modified_time\" content=\"2022-04-01T13:40:43+00:00\" \/>\n<meta property=\"og:image\" content=\"https:\/\/nicogcasares.eu\/wp-content\/uploads\/2022\/03\/WhatsApp-Image-2022-03-01-at-18.46.41-1.jpeg\" \/>\n\t<meta property=\"og:image:width\" content=\"1424\" \/>\n\t<meta property=\"og:image:height\" content=\"924\" \/>\n\t<meta property=\"og:image:type\" content=\"image\/jpeg\" \/>\n<meta name=\"author\" content=\"admin\" \/>\n<meta name=\"twitter:card\" content=\"summary_large_image\" \/>\n<meta name=\"twitter:title\" content=\"&quot;A condena do Parlamento Europeo \u00e1 invasi\u00f3n de Ucra\u00edna mostra unha Europa unida&quot;, afirma Nicol\u00e1s Gonz\u00e1lez Casares\" \/>\n<meta name=\"twitter:description\" content=\"Nicol\u00e1s Gonz\u00e1lez Casares afirma que a condena do Parlamento Europeo \u00e1 invasi\u00f3n de Ucra\u00edna mostra unha Europa unida\" \/>\n<meta name=\"twitter:image\" content=\"https:\/\/nicogcasares.eu\/wp-content\/uploads\/2022\/03\/WhatsApp-Image-2022-03-01-at-18.46.41-1.jpeg\" \/>\n<meta name=\"twitter:creator\" content=\"@nicogoncas\" \/>\n<meta name=\"twitter:site\" content=\"@nicogoncas\" \/>\n<meta name=\"twitter:label1\" content=\"Escrito por\" \/>\n\t<meta name=\"twitter:data1\" content=\"admin\" \/>\n\t<meta name=\"twitter:label2\" content=\"Tempo de lectura\" \/>\n\t<meta name=\"twitter:data2\" content=\"2 minutos\" \/>\n<script type=\"application\/ld+json\" class=\"yoast-schema-graph\">{\"@context\":\"https:\/\/schema.org\",\"@graph\":[{\"@type\":\"Article\",\"@id\":\"https:\/\/nicogcasares.eu\/gl\/condena-parlamento-europeo-invasion-ucrania-europa-unida-nicolas-gonzalez-casares\/#article\",\"isPartOf\":{\"@id\":\"https:\/\/nicogcasares.eu\/gl\/condena-parlamento-europeo-invasion-ucrania-europa-unida-nicolas-gonzalez-casares\/\"},\"author\":{\"name\":\"admin\",\"@id\":\"https:\/\/nicogcasares.eu\/gl\/#\/schema\/person\/7024d94b36fe4f156ac09b6927ba9652\"},\"headline\":\"&#8220;A condena do Parlamento Europeo \u00e1 invasi\u00f3n de Ucra\u00edna mostra unha Europa unida&#8221;, afirma Nicol\u00e1s Gonz\u00e1lez Casares\",\"datePublished\":\"2022-03-02T07:41:44+00:00\",\"dateModified\":\"2022-04-01T13:40:43+00:00\",\"mainEntityOfPage\":{\"@id\":\"https:\/\/nicogcasares.eu\/gl\/condena-parlamento-europeo-invasion-ucrania-europa-unida-nicolas-gonzalez-casares\/\"},\"wordCount\":269,\"publisher\":{\"@id\":\"https:\/\/nicogcasares.eu\/gl\/#\/schema\/person\/75361477143e596646d48598a3778163\"},\"image\":{\"@id\":\"https:\/\/nicogcasares.eu\/gl\/condena-parlamento-europeo-invasion-ucrania-europa-unida-nicolas-gonzalez-casares\/#primaryimage\"},\"thumbnailUrl\":\"https:\/\/nicogcasares.eu\/wp-content\/uploads\/2022\/03\/WhatsApp-Image-2022-03-01-at-18.46.41-1.jpeg\",\"keywords\":[\"Nicol\u00e1s Gonz\u00e1lez Casares\",\"Precios electricidad\",\"Sanciones\"],\"articleSection\":[\"Actividade\",\"Enerx\u00eda\",\"Novas\"],\"inLanguage\":\"gl-ES\"},{\"@type\":\"WebPage\",\"@id\":\"https:\/\/nicogcasares.eu\/gl\/condena-parlamento-europeo-invasion-ucrania-europa-unida-nicolas-gonzalez-casares\/\",\"url\":\"https:\/\/nicogcasares.eu\/gl\/condena-parlamento-europeo-invasion-ucrania-europa-unida-nicolas-gonzalez-casares\/\",\"name\":\"\\\"A condena do Parlamento Europeo \u00e1 invasi\u00f3n de Ucra\u00edna mostra unha Europa unida\\\", afirma Nicol\u00e1s Gonz\u00e1lez Casares - Nico G. Casares %\",\"isPartOf\":{\"@id\":\"https:\/\/nicogcasares.eu\/gl\/#website\"},\"primaryImageOfPage\":{\"@id\":\"https:\/\/nicogcasares.eu\/gl\/condena-parlamento-europeo-invasion-ucrania-europa-unida-nicolas-gonzalez-casares\/#primaryimage\"},\"image\":{\"@id\":\"https:\/\/nicogcasares.eu\/gl\/condena-parlamento-europeo-invasion-ucrania-europa-unida-nicolas-gonzalez-casares\/#primaryimage\"},\"thumbnailUrl\":\"https:\/\/nicogcasares.eu\/wp-content\/uploads\/2022\/03\/WhatsApp-Image-2022-03-01-at-18.46.41-1.jpeg\",\"datePublished\":\"2022-03-02T07:41:44+00:00\",\"dateModified\":\"2022-04-01T13:40:43+00:00\",\"description\":\"Nicol\u00e1s Gonz\u00e1lez Casares afirma que a condena do Parlamento Europeo \u00e1 invasi\u00f3n de Ucra\u00edna mostra unha Europa unida\",\"breadcrumb\":{\"@id\":\"https:\/\/nicogcasares.eu\/gl\/condena-parlamento-europeo-invasion-ucrania-europa-unida-nicolas-gonzalez-casares\/#breadcrumb\"},\"inLanguage\":\"gl-ES\",\"potentialAction\":[{\"@type\":\"ReadAction\",\"target\":[\"https:\/\/nicogcasares.eu\/gl\/condena-parlamento-europeo-invasion-ucrania-europa-unida-nicolas-gonzalez-casares\/\"]}]},{\"@type\":\"ImageObject\",\"inLanguage\":\"gl-ES\",\"@id\":\"https:\/\/nicogcasares.eu\/gl\/condena-parlamento-europeo-invasion-ucrania-europa-unida-nicolas-gonzalez-casares\/#primaryimage\",\"url\":\"https:\/\/nicogcasares.eu\/wp-content\/uploads\/2022\/03\/WhatsApp-Image-2022-03-01-at-18.46.41-1.jpeg\",\"contentUrl\":\"https:\/\/nicogcasares.eu\/wp-content\/uploads\/2022\/03\/WhatsApp-Image-2022-03-01-at-18.46.41-1.jpeg\",\"width\":1424,\"height\":924},{\"@type\":\"BreadcrumbList\",\"@id\":\"https:\/\/nicogcasares.eu\/gl\/condena-parlamento-europeo-invasion-ucrania-europa-unida-nicolas-gonzalez-casares\/#breadcrumb\",\"itemListElement\":[{\"@type\":\"ListItem\",\"position\":1,\"name\":\"Portada\",\"item\":\"https:\/\/nicogcasares.eu\/gl\/\"},{\"@type\":\"ListItem\",\"position\":2,\"name\":\"\u00abA condena do Parlamento Europeo \u00e1 invasi\u00f3n de Ucra\u00edna mostra unha Europa unida\u00bb, afirma Nicol\u00e1s Gonz\u00e1lez Casares\"}]},{\"@type\":\"WebSite\",\"@id\":\"https:\/\/nicogcasares.eu\/gl\/#website\",\"url\":\"https:\/\/nicogcasares.eu\/gl\/\",\"name\":\"Nico G. Casares\",\"description\":\"Diputado socialista en el parlamento europeo\",\"publisher\":{\"@id\":\"https:\/\/nicogcasares.eu\/gl\/#\/schema\/person\/75361477143e596646d48598a3778163\"},\"potentialAction\":[{\"@type\":\"SearchAction\",\"target\":{\"@type\":\"EntryPoint\",\"urlTemplate\":\"https:\/\/nicogcasares.eu\/gl\/?s={search_term_string}\"},\"query-input\":\"required name=search_term_string\"}],\"inLanguage\":\"gl-ES\"},{\"@type\":[\"Person\",\"Organization\"],\"@id\":\"https:\/\/nicogcasares.eu\/gl\/#\/schema\/person\/75361477143e596646d48598a3778163\",\"name\":\"Nicol\u00e1s Gonz\u00e1lez Casares\",\"image\":{\"@type\":\"ImageObject\",\"inLanguage\":\"gl-ES\",\"@id\":\"https:\/\/nicogcasares.eu\/gl\/#\/schema\/person\/image\/\",\"url\":\"https:\/\/nicogcasares.eu\/wp-content\/uploads\/2021\/11\/20211006_EP-119139A_FMA_0895_RESIZED_S.jpg\",\"contentUrl\":\"https:\/\/nicogcasares.eu\/wp-content\/uploads\/2021\/11\/20211006_EP-119139A_FMA_0895_RESIZED_S.jpg\",\"width\":639,\"height\":426,\"caption\":\"Nicol\u00e1s Gonz\u00e1lez Casares\"},\"logo\":{\"@id\":\"https:\/\/nicogcasares.eu\/gl\/#\/schema\/person\/image\/\"}},{\"@type\":\"Person\",\"@id\":\"https:\/\/nicogcasares.eu\/gl\/#\/schema\/person\/7024d94b36fe4f156ac09b6927ba9652\",\"name\":\"admin\",\"image\":{\"@type\":\"ImageObject\",\"inLanguage\":\"gl-ES\",\"@id\":\"https:\/\/nicogcasares.eu\/gl\/#\/schema\/person\/image\/\",\"url\":\"https:\/\/secure.gravatar.com\/avatar\/b18429e17ea8e3876fa074b34dad0f0b?s=96&d=mm&r=g\",\"contentUrl\":\"https:\/\/secure.gravatar.com\/avatar\/b18429e17ea8e3876fa074b34dad0f0b?s=96&d=mm&r=g\",\"caption\":\"admin\"},\"url\":\"https:\/\/nicogcasares.eu\/gl\/author\/admin\/\"}]}<\/script>\n<!-- \/ Yoast SEO plugin. -->","yoast_head_json":{"title":"\"A condena do Parlamento Europeo \u00e1 invasi\u00f3n de Ucra\u00edna mostra unha Europa unida\", afirma Nicol\u00e1s Gonz\u00e1lez Casares - Nico G. Casares %","description":"Nicol\u00e1s Gonz\u00e1lez Casares afirma que a condena do Parlamento Europeo \u00e1 invasi\u00f3n de Ucra\u00edna mostra unha Europa unida","robots":{"index":"index","follow":"follow","max-snippet":"max-snippet:-1","max-image-preview":"max-image-preview:large","max-video-preview":"max-video-preview:-1"},"canonical":"https:\/\/nicogcasares.eu\/gl\/condena-parlamento-europeo-invasion-ucrania-europa-unida-nicolas-gonzalez-casares\/","og_locale":"gl_ES","og_type":"article","og_title":"\"A condena do Parlamento Europeo \u00e1 invasi\u00f3n de Ucra\u00edna mostra unha Europa unida\", afirma Nicol\u00e1s Gonz\u00e1lez Casares","og_description":"Nicol\u00e1s Gonz\u00e1lez Casares afirma que a condena do Parlamento Europeo \u00e1 invasi\u00f3n de Ucra\u00edna mostra unha Europa unida","og_url":"https:\/\/nicogcasares.eu\/gl\/condena-parlamento-europeo-invasion-ucrania-europa-unida-nicolas-gonzalez-casares\/","og_site_name":"Nico G. Casares","article_published_time":"2022-03-02T07:41:44+00:00","article_modified_time":"2022-04-01T13:40:43+00:00","og_image":[{"width":1424,"height":924,"url":"https:\/\/nicogcasares.eu\/wp-content\/uploads\/2022\/03\/WhatsApp-Image-2022-03-01-at-18.46.41-1.jpeg","type":"image\/jpeg"}],"author":"admin","twitter_card":"summary_large_image","twitter_title":"\"A condena do Parlamento Europeo \u00e1 invasi\u00f3n de Ucra\u00edna mostra unha Europa unida\", afirma Nicol\u00e1s Gonz\u00e1lez Casares","twitter_description":"Nicol\u00e1s Gonz\u00e1lez Casares afirma que a condena do Parlamento Europeo \u00e1 invasi\u00f3n de Ucra\u00edna mostra unha Europa unida","twitter_image":"https:\/\/nicogcasares.eu\/wp-content\/uploads\/2022\/03\/WhatsApp-Image-2022-03-01-at-18.46.41-1.jpeg","twitter_creator":"@nicogoncas","twitter_site":"@nicogoncas","twitter_misc":{"Escrito por":"admin","Tempo de lectura":"2 minutos"},"schema":{"@context":"https:\/\/schema.org","@graph":[{"@type":"Article","@id":"https:\/\/nicogcasares.eu\/gl\/condena-parlamento-europeo-invasion-ucrania-europa-unida-nicolas-gonzalez-casares\/#article","isPartOf":{"@id":"https:\/\/nicogcasares.eu\/gl\/condena-parlamento-europeo-invasion-ucrania-europa-unida-nicolas-gonzalez-casares\/"},"author":{"name":"admin","@id":"https:\/\/nicogcasares.eu\/gl\/#\/schema\/person\/7024d94b36fe4f156ac09b6927ba9652"},"headline":"&#8220;A condena do Parlamento Europeo \u00e1 invasi\u00f3n de Ucra\u00edna mostra unha Europa unida&#8221;, afirma Nicol\u00e1s Gonz\u00e1lez Casares","datePublished":"2022-03-02T07:41:44+00:00","dateModified":"2022-04-01T13:40:43+00:00","mainEntityOfPage":{"@id":"https:\/\/nicogcasares.eu\/gl\/condena-parlamento-europeo-invasion-ucrania-europa-unida-nicolas-gonzalez-casares\/"},"wordCount":269,"publisher":{"@id":"https:\/\/nicogcasares.eu\/gl\/#\/schema\/person\/75361477143e596646d48598a3778163"},"image":{"@id":"https:\/\/nicogcasares.eu\/gl\/condena-parlamento-europeo-invasion-ucrania-europa-unida-nicolas-gonzalez-casares\/#primaryimage"},"thumbnailUrl":"https:\/\/nicogcasares.eu\/wp-content\/uploads\/2022\/03\/WhatsApp-Image-2022-03-01-at-18.46.41-1.jpeg","keywords":["Nicol\u00e1s Gonz\u00e1lez Casares","Precios electricidad","Sanciones"],"articleSection":["Actividade","Enerx\u00eda","Novas"],"inLanguage":"gl-ES"},{"@type":"WebPage","@id":"https:\/\/nicogcasares.eu\/gl\/condena-parlamento-europeo-invasion-ucrania-europa-unida-nicolas-gonzalez-casares\/","url":"https:\/\/nicogcasares.eu\/gl\/condena-parlamento-europeo-invasion-ucrania-europa-unida-nicolas-gonzalez-casares\/","name":"\"A condena do Parlamento Europeo \u00e1 invasi\u00f3n de Ucra\u00edna mostra unha Europa unida\", afirma Nicol\u00e1s Gonz\u00e1lez Casares - Nico G. Casares %","isPartOf":{"@id":"https:\/\/nicogcasares.eu\/gl\/#website"},"primaryImageOfPage":{"@id":"https:\/\/nicogcasares.eu\/gl\/condena-parlamento-europeo-invasion-ucrania-europa-unida-nicolas-gonzalez-casares\/#primaryimage"},"image":{"@id":"https:\/\/nicogcasares.eu\/gl\/condena-parlamento-europeo-invasion-ucrania-europa-unida-nicolas-gonzalez-casares\/#primaryimage"},"thumbnailUrl":"https:\/\/nicogcasares.eu\/wp-content\/uploads\/2022\/03\/WhatsApp-Image-2022-03-01-at-18.46.41-1.jpeg","datePublished":"2022-03-02T07:41:44+00:00","dateModified":"2022-04-01T13:40:43+00:00","description":"Nicol\u00e1s Gonz\u00e1lez Casares afirma que a condena do Parlamento Europeo \u00e1 invasi\u00f3n de Ucra\u00edna mostra unha Europa unida","breadcrumb":{"@id":"https:\/\/nicogcasares.eu\/gl\/condena-parlamento-europeo-invasion-ucrania-europa-unida-nicolas-gonzalez-casares\/#breadcrumb"},"inLanguage":"gl-ES","potentialAction":[{"@type":"ReadAction","target":["https:\/\/nicogcasares.eu\/gl\/condena-parlamento-europeo-invasion-ucrania-europa-unida-nicolas-gonzalez-casares\/"]}]},{"@type":"ImageObject","inLanguage":"gl-ES","@id":"https:\/\/nicogcasares.eu\/gl\/condena-parlamento-europeo-invasion-ucrania-europa-unida-nicolas-gonzalez-casares\/#primaryimage","url":"https:\/\/nicogcasares.eu\/wp-content\/uploads\/2022\/03\/WhatsApp-Image-2022-03-01-at-18.46.41-1.jpeg","contentUrl":"https:\/\/nicogcasares.eu\/wp-content\/uploads\/2022\/03\/WhatsApp-Image-2022-03-01-at-18.46.41-1.jpeg","width":1424,"height":924},{"@type":"BreadcrumbList","@id":"https:\/\/nicogcasares.eu\/gl\/condena-parlamento-europeo-invasion-ucrania-europa-unida-nicolas-gonzalez-casares\/#breadcrumb","itemListElement":[{"@type":"ListItem","position":1,"name":"Portada","item":"https:\/\/nicogcasares.eu\/gl\/"},{"@type":"ListItem","position":2,"name":"\u00abA condena do Parlamento Europeo \u00e1 invasi\u00f3n de Ucra\u00edna mostra unha Europa unida\u00bb, afirma Nicol\u00e1s Gonz\u00e1lez Casares"}]},{"@type":"WebSite","@id":"https:\/\/nicogcasares.eu\/gl\/#website","url":"https:\/\/nicogcasares.eu\/gl\/","name":"Nico G. Casares","description":"Diputado socialista en el parlamento europeo","publisher":{"@id":"https:\/\/nicogcasares.eu\/gl\/#\/schema\/person\/75361477143e596646d48598a3778163"},"potentialAction":[{"@type":"SearchAction","target":{"@type":"EntryPoint","urlTemplate":"https:\/\/nicogcasares.eu\/gl\/?s={search_term_string}"},"query-input":"required name=search_term_string"}],"inLanguage":"gl-ES"},{"@type":["Person","Organization"],"@id":"https:\/\/nicogcasares.eu\/gl\/#\/schema\/person\/75361477143e596646d48598a3778163","name":"Nicol\u00e1s Gonz\u00e1lez Casares","image":{"@type":"ImageObject","inLanguage":"gl-ES","@id":"https:\/\/nicogcasares.eu\/gl\/#\/schema\/person\/image\/","url":"https:\/\/nicogcasares.eu\/wp-content\/uploads\/2021\/11\/20211006_EP-119139A_FMA_0895_RESIZED_S.jpg","contentUrl":"https:\/\/nicogcasares.eu\/wp-content\/uploads\/2021\/11\/20211006_EP-119139A_FMA_0895_RESIZED_S.jpg","width":639,"height":426,"caption":"Nicol\u00e1s Gonz\u00e1lez Casares"},"logo":{"@id":"https:\/\/nicogcasares.eu\/gl\/#\/schema\/person\/image\/"}},{"@type":"Person","@id":"https:\/\/nicogcasares.eu\/gl\/#\/schema\/person\/7024d94b36fe4f156ac09b6927ba9652","name":"admin","image":{"@type":"ImageObject","inLanguage":"gl-ES","@id":"https:\/\/nicogcasares.eu\/gl\/#\/schema\/person\/image\/","url":"https:\/\/secure.gravatar.com\/avatar\/b18429e17ea8e3876fa074b34dad0f0b?s=96&d=mm&r=g","contentUrl":"https:\/\/secure.gravatar.com\/avatar\/b18429e17ea8e3876fa074b34dad0f0b?s=96&d=mm&r=g","caption":"admin"},"url":"https:\/\/nicogcasares.eu\/gl\/author\/admin\/"}]}},"_links":{"self":[{"href":"https:\/\/nicogcasares.eu\/gl\/wp-json\/wp\/v2\/posts\/4056"}],"collection":[{"href":"https:\/\/nicogcasares.eu\/gl\/wp-json\/wp\/v2\/posts"}],"about":[{"href":"https:\/\/nicogcasares.eu\/gl\/wp-json\/wp\/v2\/types\/post"}],"author":[{"embeddable":true,"href":"https:\/\/nicogcasares.eu\/gl\/wp-json\/wp\/v2\/users\/1"}],"replies":[{"embeddable":true,"href":"https:\/\/nicogcasares.eu\/gl\/wp-json\/wp\/v2\/comments?post=4056"}],"version-history":[{"count":1,"href":"https:\/\/nicogcasares.eu\/gl\/wp-json\/wp\/v2\/posts\/4056\/revisions"}],"predecessor-version":[{"id":4059,"href":"https:\/\/nicogcasares.eu\/gl\/wp-json\/wp\/v2\/posts\/4056\/revisions\/4059"}],"wp:featuredmedia":[{"embeddable":true,"href":"https:\/\/nicogcasares.eu\/gl\/wp-json\/wp\/v2\/media\/4054"}],"wp:attachment":[{"href":"https:\/\/nicogcasares.eu\/gl\/wp-json\/wp\/v2\/media?parent=4056"}],"wp:term":[{"taxonomy":"category","embeddable":true,"href":"https:\/\/nicogcasares.eu\/gl\/wp-json\/wp\/v2\/categories?post=4056"},{"taxonomy":"post_tag","embeddable":true,"href":"https:\/\/nicogcasares.eu\/gl\/wp-json\/wp\/v2\/tags?post=4056"}],"curies":[{"name":"wp","href":"https:\/\/api.w.org\/{rel}","templated":true}]}}