{"id":4060,"date":"2022-03-08T00:41:15","date_gmt":"2022-03-07T22:41:15","guid":{"rendered":"https:\/\/nicogcasares.eu\/?p=4060"},"modified":"2022-04-01T15:43:34","modified_gmt":"2022-04-01T13:43:34","slug":"xornada-plan-recuperacion-transformacion-resiliencia-lalin","status":"publish","type":"post","link":"https:\/\/nicogcasares.eu\/gl\/xornada-plan-recuperacion-transformacion-resiliencia-lalin\/","title":{"rendered":"Xornada sobre o Plan de Recuperaci\u00f3n, Transformaci\u00f3n e Resiliencia en Lal\u00edn"},"content":{"rendered":"\n<p class=\"has-black-color has-text-color has-medium-font-size\"> <strong>O Pazo de Bendoiro acolle o evento o vindeiro venres, 11 de marzo, \u00e1s 19:00 horas<\/strong><\/p>\n\n\n\n<p class=\"has-black-color has-text-color has-medium-font-size\"> O eurodeputado socialista <strong>Nicol\u00e1s Gonz\u00e1lez Casares<\/strong> organiza este venres, 11 de marzo, unha xornada en Lal\u00edn para dar a co\u00f1ecer o <strong>Plan de Recuperaci\u00f3n, Transformaci\u00f3n e Resiliencia<\/strong> ao tecido empresarial da zona e \u00e1 veci\u00f1anza en xeral. <\/p>\n\n\n\n<p class=\"has-black-color has-text-color has-medium-font-size\"> O parlamentario debullar\u00e1 os obxectivos desta estratexia dese\u00f1ada para canalizar os <strong>fondos destinados por Europa a reparar os danos provocados pola crise da COVID-19<\/strong> e, a trav\u00e9s de reformas e investimentos, constru\u00edr un futuro m\u00e1is sostible. <\/p>\n\n\n\n<p class=\"has-black-color has-text-color has-medium-font-size\"> <strong>Empresas, aut\u00f3nomos e particulares<\/strong> contar\u00e1n con informaci\u00f3n de primeira man sobre o car\u00e1cter dos fondos Next Generation e as oportunidades que representan, por exemplo, para a transici\u00f3n ecol\u00f3xica e dixital ou para o agro a trav\u00e9s dos PERTE, que ve\u00f1en a ser grandes proxectos estrat\u00e9xicos que esixen a colaboraci\u00f3n entre administraci\u00f3ns, empresas e centros de investigaci\u00f3n. <\/p>\n\n\n\n<p class=\"has-black-color has-text-color has-medium-font-size\"> A xornada, con entrada aberta, celebrarase <strong>\u00e1s 19:00 horas no Pazo de Bendoiro<\/strong>.<\/p>\n\n\n\n<figure class=\"wp-block-image size-large\"><img fetchpriority=\"high\" decoding=\"async\" width=\"576\" height=\"1024\" src=\"https:\/\/nicogcasares.eu\/wp-content\/uploads\/2022\/03\/PLAN-DE-RECUPERACION-LALIN-VERTICAL-576x1024.jpg\" alt=\"\" class=\"wp-image-4064\" srcset=\"https:\/\/nicogcasares.eu\/wp-content\/uploads\/2022\/03\/PLAN-DE-RECUPERACION-LALIN-VERTICAL-576x1024.jpg 576w, https:\/\/nicogcasares.eu\/wp-content\/uploads\/2022\/03\/PLAN-DE-RECUPERACION-LALIN-VERTICAL-169x300.jpg 169w, https:\/\/nicogcasares.eu\/wp-content\/uploads\/2022\/03\/PLAN-DE-RECUPERACION-LALIN-VERTICAL-768x1365.jpg 768w, https:\/\/nicogcasares.eu\/wp-content\/uploads\/2022\/03\/PLAN-DE-RECUPERACION-LALIN-VERTICAL-864x1536.jpg 864w, https:\/\/nicogcasares.eu\/wp-content\/uploads\/2022\/03\/PLAN-DE-RECUPERACION-LALIN-VERTICAL-980x1742.jpg 980w, https:\/\/nicogcasares.eu\/wp-content\/uploads\/2022\/03\/PLAN-DE-RECUPERACION-LALIN-VERTICAL-480x853.jpg 480w, https:\/\/nicogcasares.eu\/wp-content\/uploads\/2022\/03\/PLAN-DE-RECUPERACION-LALIN-VERTICAL.jpg 1080w\" sizes=\"(max-width: 576px) 100vw, 576px\" \/><\/figure>\n","protected":false},"excerpt":{"rendered":"<p>O Pazo de Bendoiro acolle o evento o vindeiro venres, 11 de marzo, \u00e1s 19:00 horas<\/p>\n","protected":false},"author":4,"featured_media":4061,"comment_status":"closed","ping_status":"closed","sticky":true,"template":"","format":"standard","meta":{"footnotes":""},"categories":[2,34,27,29,26,30,31,24,20,32,44],"tags":[54,108,372,357],"yoast_head":"<!-- This site is optimized with the Yoast SEO plugin v22.3 - https:\/\/yoast.com\/wordpress\/plugins\/seo\/ -->\n<title>Xornada sobre o Plan de Recuperaci\u00f3n, Transformaci\u00f3n e Resiliencia en Lal\u00edn - Nico G. Casares %<\/title>\n<meta name=\"description\" content=\"O Pazo de Bendoiro acolle o evento o vindeiro venres, 11 de marzo, \u00e1s 19:00 horas\" \/>\n<meta name=\"robots\" content=\"index, follow, max-snippet:-1, max-image-preview:large, max-video-preview:-1\" \/>\n<link rel=\"canonical\" href=\"https:\/\/nicogcasares.eu\/gl\/xornada-plan-recuperacion-transformacion-resiliencia-lalin\/\" \/>\n<meta property=\"og:locale\" content=\"gl_ES\" \/>\n<meta property=\"og:type\" content=\"article\" \/>\n<meta property=\"og:title\" content=\"Xornada sobre o Plan de Recuperaci\u00f3n, Transformaci\u00f3n e Resiliencia en Lal\u00edn\" \/>\n<meta property=\"og:description\" content=\"O Pazo de Bendoiro acolle o evento o vindeiro venres, 11 de marzo, \u00e1s 19:00 horas\" \/>\n<meta property=\"og:url\" content=\"https:\/\/nicogcasares.eu\/gl\/xornada-plan-recuperacion-transformacion-resiliencia-lalin\/\" \/>\n<meta property=\"og:site_name\" content=\"Nico G. Casares\" \/>\n<meta property=\"article:published_time\" content=\"2022-03-07T22:41:15+00:00\" \/>\n<meta property=\"article:modified_time\" content=\"2022-04-01T13:43:34+00:00\" \/>\n<meta property=\"og:image\" content=\"https:\/\/nicogcasares.eu\/wp-content\/uploads\/2022\/03\/PLAN-DE-RECUPERACION-LALIN-HORIZONTAL.jpg\" \/>\n\t<meta property=\"og:image:width\" content=\"2490\" \/>\n\t<meta property=\"og:image:height\" content=\"2490\" \/>\n\t<meta property=\"og:image:type\" content=\"image\/jpeg\" \/>\n<meta name=\"author\" content=\"Nicol\u00e1s Gonz\u00e1lez Casares\" \/>\n<meta name=\"twitter:card\" content=\"summary_large_image\" \/>\n<meta name=\"twitter:title\" content=\"Xornada sobre o Plan de Recuperaci\u00f3n, Transformaci\u00f3n e Resiliencia en Lal\u00edn\" \/>\n<meta name=\"twitter:description\" content=\"O Pazo de Bendoiro acolle o evento o vindeiro venres, 11 de marzo, \u00e1s 19:00 horas\" \/>\n<meta name=\"twitter:image\" content=\"https:\/\/nicogcasares.eu\/wp-content\/uploads\/2022\/03\/PLAN-DE-RECUPERACION-LALIN-HORIZONTAL.jpg\" \/>\n<meta name=\"twitter:creator\" content=\"@nicogoncas\" \/>\n<meta name=\"twitter:site\" content=\"@nicogoncas\" \/>\n<meta name=\"twitter:label1\" content=\"Escrito por\" \/>\n\t<meta name=\"twitter:data1\" content=\"Nicol\u00e1s Gonz\u00e1lez Casares\" \/>\n\t<meta name=\"twitter:label2\" content=\"Tempo de lectura\" \/>\n\t<meta name=\"twitter:data2\" content=\"1 minuto\" \/>\n<script type=\"application\/ld+json\" class=\"yoast-schema-graph\">{\"@context\":\"https:\/\/schema.org\",\"@graph\":[{\"@type\":\"Article\",\"@id\":\"https:\/\/nicogcasares.eu\/gl\/xornada-plan-recuperacion-transformacion-resiliencia-lalin\/#article\",\"isPartOf\":{\"@id\":\"https:\/\/nicogcasares.eu\/gl\/xornada-plan-recuperacion-transformacion-resiliencia-lalin\/\"},\"author\":{\"name\":\"Nicol\u00e1s Gonz\u00e1lez Casares\",\"@id\":\"https:\/\/nicogcasares.eu\/gl\/#\/schema\/person\/75361477143e596646d48598a3778163\"},\"headline\":\"Xornada sobre o Plan de Recuperaci\u00f3n, Transformaci\u00f3n e Resiliencia en Lal\u00edn\",\"datePublished\":\"2022-03-07T22:41:15+00:00\",\"dateModified\":\"2022-04-01T13:43:34+00:00\",\"mainEntityOfPage\":{\"@id\":\"https:\/\/nicogcasares.eu\/gl\/xornada-plan-recuperacion-transformacion-resiliencia-lalin\/\"},\"wordCount\":190,\"publisher\":{\"@id\":\"https:\/\/nicogcasares.eu\/gl\/#\/schema\/person\/75361477143e596646d48598a3778163\"},\"image\":{\"@id\":\"https:\/\/nicogcasares.eu\/gl\/xornada-plan-recuperacion-transformacion-resiliencia-lalin\/#primaryimage\"},\"thumbnailUrl\":\"https:\/\/nicogcasares.eu\/wp-content\/uploads\/2022\/03\/PLAN-DE-RECUPERACION-LALIN-HORIZONTAL.jpg\",\"keywords\":[\"COVID-19\",\"industria\",\"Next Generation\",\"Nicol\u00e1s Gonz\u00e1lez Casares\"],\"articleSection\":[\"Actividad\",\"Actividade\",\"Energ\u00eda\",\"Enerx\u00eda\",\"Industria\",\"Industria\",\"Medio ambiente\",\"Medioambiente\",\"Noticias\",\"Novas\",\"Sociedade dixital\"],\"inLanguage\":\"gl-ES\"},{\"@type\":\"WebPage\",\"@id\":\"https:\/\/nicogcasares.eu\/gl\/xornada-plan-recuperacion-transformacion-resiliencia-lalin\/\",\"url\":\"https:\/\/nicogcasares.eu\/gl\/xornada-plan-recuperacion-transformacion-resiliencia-lalin\/\",\"name\":\"Xornada sobre o Plan de Recuperaci\u00f3n, Transformaci\u00f3n e Resiliencia en Lal\u00edn - Nico G. Casares %\",\"isPartOf\":{\"@id\":\"https:\/\/nicogcasares.eu\/gl\/#website\"},\"primaryImageOfPage\":{\"@id\":\"https:\/\/nicogcasares.eu\/gl\/xornada-plan-recuperacion-transformacion-resiliencia-lalin\/#primaryimage\"},\"image\":{\"@id\":\"https:\/\/nicogcasares.eu\/gl\/xornada-plan-recuperacion-transformacion-resiliencia-lalin\/#primaryimage\"},\"thumbnailUrl\":\"https:\/\/nicogcasares.eu\/wp-content\/uploads\/2022\/03\/PLAN-DE-RECUPERACION-LALIN-HORIZONTAL.jpg\",\"datePublished\":\"2022-03-07T22:41:15+00:00\",\"dateModified\":\"2022-04-01T13:43:34+00:00\",\"description\":\"O Pazo de Bendoiro acolle o evento o vindeiro venres, 11 de marzo, \u00e1s 19:00 horas\",\"breadcrumb\":{\"@id\":\"https:\/\/nicogcasares.eu\/gl\/xornada-plan-recuperacion-transformacion-resiliencia-lalin\/#breadcrumb\"},\"inLanguage\":\"gl-ES\",\"potentialAction\":[{\"@type\":\"ReadAction\",\"target\":[\"https:\/\/nicogcasares.eu\/gl\/xornada-plan-recuperacion-transformacion-resiliencia-lalin\/\"]}]},{\"@type\":\"ImageObject\",\"inLanguage\":\"gl-ES\",\"@id\":\"https:\/\/nicogcasares.eu\/gl\/xornada-plan-recuperacion-transformacion-resiliencia-lalin\/#primaryimage\",\"url\":\"https:\/\/nicogcasares.eu\/wp-content\/uploads\/2022\/03\/PLAN-DE-RECUPERACION-LALIN-HORIZONTAL.jpg\",\"contentUrl\":\"https:\/\/nicogcasares.eu\/wp-content\/uploads\/2022\/03\/PLAN-DE-RECUPERACION-LALIN-HORIZONTAL.jpg\",\"width\":2490,\"height\":2490},{\"@type\":\"BreadcrumbList\",\"@id\":\"https:\/\/nicogcasares.eu\/gl\/xornada-plan-recuperacion-transformacion-resiliencia-lalin\/#breadcrumb\",\"itemListElement\":[{\"@type\":\"ListItem\",\"position\":1,\"name\":\"Portada\",\"item\":\"https:\/\/nicogcasares.eu\/gl\/\"},{\"@type\":\"ListItem\",\"position\":2,\"name\":\"Xornada sobre o Plan de Recuperaci\u00f3n, Transformaci\u00f3n e Resiliencia en Lal\u00edn\"}]},{\"@type\":\"WebSite\",\"@id\":\"https:\/\/nicogcasares.eu\/gl\/#website\",\"url\":\"https:\/\/nicogcasares.eu\/gl\/\",\"name\":\"Nico G. Casares\",\"description\":\"Diputado socialista en el parlamento europeo\",\"publisher\":{\"@id\":\"https:\/\/nicogcasares.eu\/gl\/#\/schema\/person\/75361477143e596646d48598a3778163\"},\"potentialAction\":[{\"@type\":\"SearchAction\",\"target\":{\"@type\":\"EntryPoint\",\"urlTemplate\":\"https:\/\/nicogcasares.eu\/gl\/?s={search_term_string}\"},\"query-input\":\"required name=search_term_string\"}],\"inLanguage\":\"gl-ES\"},{\"@type\":[\"Person\",\"Organization\"],\"@id\":\"https:\/\/nicogcasares.eu\/gl\/#\/schema\/person\/75361477143e596646d48598a3778163\",\"name\":\"Nicol\u00e1s Gonz\u00e1lez Casares\",\"image\":{\"@type\":\"ImageObject\",\"inLanguage\":\"gl-ES\",\"@id\":\"https:\/\/nicogcasares.eu\/gl\/#\/schema\/person\/image\/\",\"url\":\"https:\/\/nicogcasares.eu\/wp-content\/uploads\/2021\/11\/20211006_EP-119139A_FMA_0895_RESIZED_S.jpg\",\"contentUrl\":\"https:\/\/nicogcasares.eu\/wp-content\/uploads\/2021\/11\/20211006_EP-119139A_FMA_0895_RESIZED_S.jpg\",\"width\":639,\"height\":426,\"caption\":\"Nicol\u00e1s Gonz\u00e1lez Casares\"},\"logo\":{\"@id\":\"https:\/\/nicogcasares.eu\/gl\/#\/schema\/person\/image\/\"},\"url\":\"https:\/\/nicogcasares.eu\/gl\/author\/nico\/\"}]}<\/script>\n<!-- \/ Yoast SEO plugin. -->","yoast_head_json":{"title":"Xornada sobre o Plan de Recuperaci\u00f3n, Transformaci\u00f3n e Resiliencia en Lal\u00edn - Nico G. Casares %","description":"O Pazo de Bendoiro acolle o evento o vindeiro venres, 11 de marzo, \u00e1s 19:00 horas","robots":{"index":"index","follow":"follow","max-snippet":"max-snippet:-1","max-image-preview":"max-image-preview:large","max-video-preview":"max-video-preview:-1"},"canonical":"https:\/\/nicogcasares.eu\/gl\/xornada-plan-recuperacion-transformacion-resiliencia-lalin\/","og_locale":"gl_ES","og_type":"article","og_title":"Xornada sobre o Plan de Recuperaci\u00f3n, Transformaci\u00f3n e Resiliencia en Lal\u00edn","og_description":"O Pazo de Bendoiro acolle o evento o vindeiro venres, 11 de marzo, \u00e1s 19:00 horas","og_url":"https:\/\/nicogcasares.eu\/gl\/xornada-plan-recuperacion-transformacion-resiliencia-lalin\/","og_site_name":"Nico G. Casares","article_published_time":"2022-03-07T22:41:15+00:00","article_modified_time":"2022-04-01T13:43:34+00:00","og_image":[{"width":2490,"height":2490,"url":"https:\/\/nicogcasares.eu\/wp-content\/uploads\/2022\/03\/PLAN-DE-RECUPERACION-LALIN-HORIZONTAL.jpg","type":"image\/jpeg"}],"author":"Nicol\u00e1s Gonz\u00e1lez Casares","twitter_card":"summary_large_image","twitter_title":"Xornada sobre o Plan de Recuperaci\u00f3n, Transformaci\u00f3n e Resiliencia en Lal\u00edn","twitter_description":"O Pazo de Bendoiro acolle o evento o vindeiro venres, 11 de marzo, \u00e1s 19:00 horas","twitter_image":"https:\/\/nicogcasares.eu\/wp-content\/uploads\/2022\/03\/PLAN-DE-RECUPERACION-LALIN-HORIZONTAL.jpg","twitter_creator":"@nicogoncas","twitter_site":"@nicogoncas","twitter_misc":{"Escrito por":"Nicol\u00e1s Gonz\u00e1lez Casares","Tempo de lectura":"1 minuto"},"schema":{"@context":"https:\/\/schema.org","@graph":[{"@type":"Article","@id":"https:\/\/nicogcasares.eu\/gl\/xornada-plan-recuperacion-transformacion-resiliencia-lalin\/#article","isPartOf":{"@id":"https:\/\/nicogcasares.eu\/gl\/xornada-plan-recuperacion-transformacion-resiliencia-lalin\/"},"author":{"name":"Nicol\u00e1s Gonz\u00e1lez Casares","@id":"https:\/\/nicogcasares.eu\/gl\/#\/schema\/person\/75361477143e596646d48598a3778163"},"headline":"Xornada sobre o Plan de Recuperaci\u00f3n, Transformaci\u00f3n e Resiliencia en Lal\u00edn","datePublished":"2022-03-07T22:41:15+00:00","dateModified":"2022-04-01T13:43:34+00:00","mainEntityOfPage":{"@id":"https:\/\/nicogcasares.eu\/gl\/xornada-plan-recuperacion-transformacion-resiliencia-lalin\/"},"wordCount":190,"publisher":{"@id":"https:\/\/nicogcasares.eu\/gl\/#\/schema\/person\/75361477143e596646d48598a3778163"},"image":{"@id":"https:\/\/nicogcasares.eu\/gl\/xornada-plan-recuperacion-transformacion-resiliencia-lalin\/#primaryimage"},"thumbnailUrl":"https:\/\/nicogcasares.eu\/wp-content\/uploads\/2022\/03\/PLAN-DE-RECUPERACION-LALIN-HORIZONTAL.jpg","keywords":["COVID-19","industria","Next Generation","Nicol\u00e1s Gonz\u00e1lez Casares"],"articleSection":["Actividad","Actividade","Energ\u00eda","Enerx\u00eda","Industria","Industria","Medio ambiente","Medioambiente","Noticias","Novas","Sociedade dixital"],"inLanguage":"gl-ES"},{"@type":"WebPage","@id":"https:\/\/nicogcasares.eu\/gl\/xornada-plan-recuperacion-transformacion-resiliencia-lalin\/","url":"https:\/\/nicogcasares.eu\/gl\/xornada-plan-recuperacion-transformacion-resiliencia-lalin\/","name":"Xornada sobre o Plan de Recuperaci\u00f3n, Transformaci\u00f3n e Resiliencia en Lal\u00edn - Nico G. Casares %","isPartOf":{"@id":"https:\/\/nicogcasares.eu\/gl\/#website"},"primaryImageOfPage":{"@id":"https:\/\/nicogcasares.eu\/gl\/xornada-plan-recuperacion-transformacion-resiliencia-lalin\/#primaryimage"},"image":{"@id":"https:\/\/nicogcasares.eu\/gl\/xornada-plan-recuperacion-transformacion-resiliencia-lalin\/#primaryimage"},"thumbnailUrl":"https:\/\/nicogcasares.eu\/wp-content\/uploads\/2022\/03\/PLAN-DE-RECUPERACION-LALIN-HORIZONTAL.jpg","datePublished":"2022-03-07T22:41:15+00:00","dateModified":"2022-04-01T13:43:34+00:00","description":"O Pazo de Bendoiro acolle o evento o vindeiro venres, 11 de marzo, \u00e1s 19:00 horas","breadcrumb":{"@id":"https:\/\/nicogcasares.eu\/gl\/xornada-plan-recuperacion-transformacion-resiliencia-lalin\/#breadcrumb"},"inLanguage":"gl-ES","potentialAction":[{"@type":"ReadAction","target":["https:\/\/nicogcasares.eu\/gl\/xornada-plan-recuperacion-transformacion-resiliencia-lalin\/"]}]},{"@type":"ImageObject","inLanguage":"gl-ES","@id":"https:\/\/nicogcasares.eu\/gl\/xornada-plan-recuperacion-transformacion-resiliencia-lalin\/#primaryimage","url":"https:\/\/nicogcasares.eu\/wp-content\/uploads\/2022\/03\/PLAN-DE-RECUPERACION-LALIN-HORIZONTAL.jpg","contentUrl":"https:\/\/nicogcasares.eu\/wp-content\/uploads\/2022\/03\/PLAN-DE-RECUPERACION-LALIN-HORIZONTAL.jpg","width":2490,"height":2490},{"@type":"BreadcrumbList","@id":"https:\/\/nicogcasares.eu\/gl\/xornada-plan-recuperacion-transformacion-resiliencia-lalin\/#breadcrumb","itemListElement":[{"@type":"ListItem","position":1,"name":"Portada","item":"https:\/\/nicogcasares.eu\/gl\/"},{"@type":"ListItem","position":2,"name":"Xornada sobre o Plan de Recuperaci\u00f3n, Transformaci\u00f3n e Resiliencia en Lal\u00edn"}]},{"@type":"WebSite","@id":"https:\/\/nicogcasares.eu\/gl\/#website","url":"https:\/\/nicogcasares.eu\/gl\/","name":"Nico G. Casares","description":"Diputado socialista en el parlamento europeo","publisher":{"@id":"https:\/\/nicogcasares.eu\/gl\/#\/schema\/person\/75361477143e596646d48598a3778163"},"potentialAction":[{"@type":"SearchAction","target":{"@type":"EntryPoint","urlTemplate":"https:\/\/nicogcasares.eu\/gl\/?s={search_term_string}"},"query-input":"required name=search_term_string"}],"inLanguage":"gl-ES"},{"@type":["Person","Organization"],"@id":"https:\/\/nicogcasares.eu\/gl\/#\/schema\/person\/75361477143e596646d48598a3778163","name":"Nicol\u00e1s Gonz\u00e1lez Casares","image":{"@type":"ImageObject","inLanguage":"gl-ES","@id":"https:\/\/nicogcasares.eu\/gl\/#\/schema\/person\/image\/","url":"https:\/\/nicogcasares.eu\/wp-content\/uploads\/2021\/11\/20211006_EP-119139A_FMA_0895_RESIZED_S.jpg","contentUrl":"https:\/\/nicogcasares.eu\/wp-content\/uploads\/2021\/11\/20211006_EP-119139A_FMA_0895_RESIZED_S.jpg","width":639,"height":426,"caption":"Nicol\u00e1s Gonz\u00e1lez Casares"},"logo":{"@id":"https:\/\/nicogcasares.eu\/gl\/#\/schema\/person\/image\/"},"url":"https:\/\/nicogcasares.eu\/gl\/author\/nico\/"}]}},"_links":{"self":[{"href":"https:\/\/nicogcasares.eu\/gl\/wp-json\/wp\/v2\/posts\/4060"}],"collection":[{"href":"https:\/\/nicogcasares.eu\/gl\/wp-json\/wp\/v2\/posts"}],"about":[{"href":"https:\/\/nicogcasares.eu\/gl\/wp-json\/wp\/v2\/types\/post"}],"author":[{"embeddable":true,"href":"https:\/\/nicogcasares.eu\/gl\/wp-json\/wp\/v2\/users\/4"}],"replies":[{"embeddable":true,"href":"https:\/\/nicogcasares.eu\/gl\/wp-json\/wp\/v2\/comments?post=4060"}],"version-history":[{"count":2,"href":"https:\/\/nicogcasares.eu\/gl\/wp-json\/wp\/v2\/posts\/4060\/revisions"}],"predecessor-version":[{"id":4072,"href":"https:\/\/nicogcasares.eu\/gl\/wp-json\/wp\/v2\/posts\/4060\/revisions\/4072"}],"wp:featuredmedia":[{"embeddable":true,"href":"https:\/\/nicogcasares.eu\/gl\/wp-json\/wp\/v2\/media\/4061"}],"wp:attachment":[{"href":"https:\/\/nicogcasares.eu\/gl\/wp-json\/wp\/v2\/media?parent=4060"}],"wp:term":[{"taxonomy":"category","embeddable":true,"href":"https:\/\/nicogcasares.eu\/gl\/wp-json\/wp\/v2\/categories?post=4060"},{"taxonomy":"post_tag","embeddable":true,"href":"https:\/\/nicogcasares.eu\/gl\/wp-json\/wp\/v2\/tags?post=4060"}],"curies":[{"name":"wp","href":"https:\/\/api.w.org\/{rel}","templated":true}]}}