{"id":4082,"date":"2022-03-08T21:34:51","date_gmt":"2022-03-08T19:34:51","guid":{"rendered":"https:\/\/nicogcasares.eu\/?p=4082"},"modified":"2022-04-01T15:45:25","modified_gmt":"2022-04-01T13:45:25","slug":"espana-marca-camino-comision-europea-reducir-beneficios-extraordinarios-electricas-crise-enerxia","status":"publish","type":"post","link":"https:\/\/nicogcasares.eu\/gl\/espana-marca-camino-comision-europea-reducir-beneficios-extraordinarios-electricas-crise-enerxia\/","title":{"rendered":"&#8220;Espa\u00f1a marca o cami\u00f1o \u00e1 Comisi\u00f3n Europea para reducir os beneficios extraordinarios das el\u00e9ctricas e facer fronte \u00e1 crise da enerx\u00eda&#8221;"},"content":{"rendered":"\n<p class=\"has-black-color has-text-color has-medium-font-size\"><strong> &#8220;\u00c9 un bo punto de partida, pero hai que ir m\u00e1is al\u00f3 para desligar os prezos do gas dos da electricidade&#8221;, asegurou o eurodeputado este martes no Pleno do Parlamento Europeo<\/strong><\/p>\n\n\n\n<p class=\"has-black-color has-text-color has-medium-font-size\"> O eurodeputado socialista <strong>Nicol\u00e1s Gonz\u00e1lez Casares<\/strong> sinalou no Pleno do Parlamento Europeo que &#8220;a proposta anunciada hoxe pola Comisi\u00f3n Europea para <strong>reducir os beneficios extraordinarios das el\u00e9ctricas<\/strong> segue a iniciativa que adoptou Espa\u00f1a o pasado mes de setembro para facer fronte \u00e1 alza de prezos da enerx\u00eda&#8221;. &#8220;Espa\u00f1a reclamou medidas coordinadas a nivel europeo e tomou a dianteira cunha medida que hoxe se demostra que era moi necesaria&#8221;, dixo. <\/p>\n\n\n\n<p class=\"has-black-color has-text-color has-medium-font-size\"> Para o eurodeputado, &#8220;tr\u00e1tase dun bo punto de partida&#8221;, pero apuntou que <strong>&#8220;\u00e9 necesario ir m\u00e1is al\u00f3 do \u00e1mbito fiscal&#8221;<\/strong> e &#8220;desvincular a volatilidade dos prezos do gas da formaci\u00f3n do prezo da electricidade, mediante un <strong>prezo m\u00e1ximo \u00e1 electricidade<\/strong> xerada con gas natural&#8221;. <\/p>\n\n\n\n<p class=\"has-black-color has-text-color has-medium-font-size\"> Gonz\u00e1lez Casares, que \u00e9 membro da Comisi\u00f3n de Industria e Enerx\u00eda da Euroc\u00e1mara, subli\u00f1ou que a proposta do executivo comunitario &#8220;\u00e9 de clara inspiraci\u00f3n espa\u00f1ola&#8221;, con medidas sobre a compra conxunta de gas e a regulaci\u00f3n para asegurar un limiar m\u00ednimo de almacenamento de gas ao 90% para outubro. <\/p>\n\n\n\n<p class=\"has-black-color has-text-color has-medium-font-size\"> O eurodeputado avogou por un <strong>despregamento m\u00e1is ambicioso das enerx\u00edas renovables<\/strong>, &#8220;esenciais para mellorar a independencia e seguridade enerx\u00e9tica&#8221;, e pediu reforzar os instrumentos que permitan o seu despregamento, fomentando <strong>acordos anticipados de compra de enerx\u00eda<\/strong> (PPAs), aumentando obxectivos e simplificando os tr\u00e1mites administrativos.<\/p>\n\n\n\n<p><\/p>\n","protected":false},"excerpt":{"rendered":"<p> &#8220;\u00c9 un bo punto de partida, pero hai que ir m\u00e1is al\u00f3 para desligar os prezos do gas dos da electricidade&#8221;, asegurou o eurodeputado este martes no Pleno do Parlamento Europeo<\/p>\n","protected":false},"author":4,"featured_media":4083,"comment_status":"closed","ping_status":"closed","sticky":true,"template":"","format":"standard","meta":{"footnotes":""},"categories":[2,34,27,29,26,30,31,24,20,32],"tags":[345,375,108,357,374],"yoast_head":"<!-- This site is optimized with the Yoast SEO plugin v22.3 - https:\/\/yoast.com\/wordpress\/plugins\/seo\/ -->\n<title>&quot;Espa\u00f1a marca o cami\u00f1o \u00e1 Comisi\u00f3n Europea para reducir os beneficios extraordinarios das el\u00e9ctricas e facer fronte \u00e1 crise da enerx\u00eda&quot; - Nico G. Casares %<\/title>\n<meta name=\"description\" content=\"&quot;\u00c9 un bo punto de partida, pero hai que ir m\u00e1is al\u00f3 para desligar os prezos do gas dos da electricidade&quot;, asegurou o eurodeputado este martes no Pleno do Parlamento Europeo\" \/>\n<meta name=\"robots\" content=\"index, follow, max-snippet:-1, max-image-preview:large, max-video-preview:-1\" \/>\n<link rel=\"canonical\" href=\"https:\/\/nicogcasares.eu\/gl\/espana-marca-camino-comision-europea-reducir-beneficios-extraordinarios-electricas-crise-enerxia\/\" \/>\n<meta property=\"og:locale\" content=\"gl_ES\" \/>\n<meta property=\"og:type\" content=\"article\" \/>\n<meta property=\"og:title\" content=\"&quot;Espa\u00f1a marca o cami\u00f1o \u00e1 Comisi\u00f3n Europea para reducir os beneficios extraordinarios das el\u00e9ctricas e facer fronte \u00e1 crise da enerx\u00eda&quot;\" \/>\n<meta property=\"og:description\" content=\"&quot;\u00c9 un bo punto de partida, pero hai que ir m\u00e1is al\u00f3 para desligar os prezos do gas dos da electricidade&quot;, asegurou o eurodeputado este martes no Pleno do Parlamento Europeo\" \/>\n<meta property=\"og:url\" content=\"https:\/\/nicogcasares.eu\/gl\/espana-marca-camino-comision-europea-reducir-beneficios-extraordinarios-electricas-crise-enerxia\/\" \/>\n<meta property=\"og:site_name\" content=\"Nico G. Casares\" \/>\n<meta property=\"article:published_time\" content=\"2022-03-08T19:34:51+00:00\" \/>\n<meta property=\"article:modified_time\" content=\"2022-04-01T13:45:25+00:00\" \/>\n<meta property=\"og:image\" content=\"https:\/\/nicogcasares.eu\/wp-content\/uploads\/2022\/03\/Nicolas-Gonzalez-Casares-1.jpg\" \/>\n\t<meta property=\"og:image:width\" content=\"874\" \/>\n\t<meta property=\"og:image:height\" content=\"586\" \/>\n\t<meta property=\"og:image:type\" content=\"image\/jpeg\" \/>\n<meta name=\"author\" content=\"Nicol\u00e1s Gonz\u00e1lez Casares\" \/>\n<meta name=\"twitter:card\" content=\"summary_large_image\" \/>\n<meta name=\"twitter:title\" content=\"&quot;Espa\u00f1a marca o cami\u00f1o \u00e1 Comisi\u00f3n Europea para reducir os beneficios extraordinarios das el\u00e9ctricas e facer fronte \u00e1 crise da enerx\u00eda&quot;\" \/>\n<meta name=\"twitter:description\" content=\"&quot;\u00c9 un bo punto de partida, pero hai que ir m\u00e1is al\u00f3 para desligar os prezos do gas dos da electricidade&quot;, asegurou o eurodeputado este martes no Pleno do Parlamento Europeo\" \/>\n<meta name=\"twitter:image\" content=\"https:\/\/nicogcasares.eu\/wp-content\/uploads\/2022\/03\/Nicolas-Gonzalez-Casares-1.jpg\" \/>\n<meta name=\"twitter:creator\" content=\"@nicogoncas\" \/>\n<meta name=\"twitter:site\" content=\"@nicogoncas\" \/>\n<meta name=\"twitter:label1\" content=\"Escrito por\" \/>\n\t<meta name=\"twitter:data1\" content=\"Nicol\u00e1s Gonz\u00e1lez Casares\" \/>\n\t<meta name=\"twitter:label2\" content=\"Tempo de lectura\" \/>\n\t<meta name=\"twitter:data2\" content=\"2 minutos\" \/>\n<script type=\"application\/ld+json\" class=\"yoast-schema-graph\">{\"@context\":\"https:\/\/schema.org\",\"@graph\":[{\"@type\":\"Article\",\"@id\":\"https:\/\/nicogcasares.eu\/gl\/espana-marca-camino-comision-europea-reducir-beneficios-extraordinarios-electricas-crise-enerxia\/#article\",\"isPartOf\":{\"@id\":\"https:\/\/nicogcasares.eu\/gl\/espana-marca-camino-comision-europea-reducir-beneficios-extraordinarios-electricas-crise-enerxia\/\"},\"author\":{\"name\":\"Nicol\u00e1s Gonz\u00e1lez Casares\",\"@id\":\"https:\/\/nicogcasares.eu\/gl\/#\/schema\/person\/75361477143e596646d48598a3778163\"},\"headline\":\"&#8220;Espa\u00f1a marca o cami\u00f1o \u00e1 Comisi\u00f3n Europea para reducir os beneficios extraordinarios das el\u00e9ctricas e facer fronte \u00e1 crise da enerx\u00eda&#8221;\",\"datePublished\":\"2022-03-08T19:34:51+00:00\",\"dateModified\":\"2022-04-01T13:45:25+00:00\",\"mainEntityOfPage\":{\"@id\":\"https:\/\/nicogcasares.eu\/gl\/espana-marca-camino-comision-europea-reducir-beneficios-extraordinarios-electricas-crise-enerxia\/\"},\"wordCount\":280,\"publisher\":{\"@id\":\"https:\/\/nicogcasares.eu\/gl\/#\/schema\/person\/75361477143e596646d48598a3778163\"},\"image\":{\"@id\":\"https:\/\/nicogcasares.eu\/gl\/espana-marca-camino-comision-europea-reducir-beneficios-extraordinarios-electricas-crise-enerxia\/#primaryimage\"},\"thumbnailUrl\":\"https:\/\/nicogcasares.eu\/wp-content\/uploads\/2022\/03\/Nicolas-Gonzalez-Casares-1.jpg\",\"keywords\":[\"enerx\u00eda\",\"gas\",\"industria\",\"Nicol\u00e1s Gonz\u00e1lez Casares\",\"renovables\"],\"articleSection\":[\"Actividad\",\"Actividade\",\"Energ\u00eda\",\"Enerx\u00eda\",\"Industria\",\"Industria\",\"Medio ambiente\",\"Medioambiente\",\"Noticias\",\"Novas\"],\"inLanguage\":\"gl-ES\"},{\"@type\":\"WebPage\",\"@id\":\"https:\/\/nicogcasares.eu\/gl\/espana-marca-camino-comision-europea-reducir-beneficios-extraordinarios-electricas-crise-enerxia\/\",\"url\":\"https:\/\/nicogcasares.eu\/gl\/espana-marca-camino-comision-europea-reducir-beneficios-extraordinarios-electricas-crise-enerxia\/\",\"name\":\"\\\"Espa\u00f1a marca o cami\u00f1o \u00e1 Comisi\u00f3n Europea para reducir os beneficios extraordinarios das el\u00e9ctricas e facer fronte \u00e1 crise da enerx\u00eda\\\" - Nico G. Casares %\",\"isPartOf\":{\"@id\":\"https:\/\/nicogcasares.eu\/gl\/#website\"},\"primaryImageOfPage\":{\"@id\":\"https:\/\/nicogcasares.eu\/gl\/espana-marca-camino-comision-europea-reducir-beneficios-extraordinarios-electricas-crise-enerxia\/#primaryimage\"},\"image\":{\"@id\":\"https:\/\/nicogcasares.eu\/gl\/espana-marca-camino-comision-europea-reducir-beneficios-extraordinarios-electricas-crise-enerxia\/#primaryimage\"},\"thumbnailUrl\":\"https:\/\/nicogcasares.eu\/wp-content\/uploads\/2022\/03\/Nicolas-Gonzalez-Casares-1.jpg\",\"datePublished\":\"2022-03-08T19:34:51+00:00\",\"dateModified\":\"2022-04-01T13:45:25+00:00\",\"description\":\"\\\"\u00c9 un bo punto de partida, pero hai que ir m\u00e1is al\u00f3 para desligar os prezos do gas dos da electricidade\\\", asegurou o eurodeputado este martes no Pleno do Parlamento Europeo\",\"breadcrumb\":{\"@id\":\"https:\/\/nicogcasares.eu\/gl\/espana-marca-camino-comision-europea-reducir-beneficios-extraordinarios-electricas-crise-enerxia\/#breadcrumb\"},\"inLanguage\":\"gl-ES\",\"potentialAction\":[{\"@type\":\"ReadAction\",\"target\":[\"https:\/\/nicogcasares.eu\/gl\/espana-marca-camino-comision-europea-reducir-beneficios-extraordinarios-electricas-crise-enerxia\/\"]}]},{\"@type\":\"ImageObject\",\"inLanguage\":\"gl-ES\",\"@id\":\"https:\/\/nicogcasares.eu\/gl\/espana-marca-camino-comision-europea-reducir-beneficios-extraordinarios-electricas-crise-enerxia\/#primaryimage\",\"url\":\"https:\/\/nicogcasares.eu\/wp-content\/uploads\/2022\/03\/Nicolas-Gonzalez-Casares-1.jpg\",\"contentUrl\":\"https:\/\/nicogcasares.eu\/wp-content\/uploads\/2022\/03\/Nicolas-Gonzalez-Casares-1.jpg\",\"width\":874,\"height\":586},{\"@type\":\"BreadcrumbList\",\"@id\":\"https:\/\/nicogcasares.eu\/gl\/espana-marca-camino-comision-europea-reducir-beneficios-extraordinarios-electricas-crise-enerxia\/#breadcrumb\",\"itemListElement\":[{\"@type\":\"ListItem\",\"position\":1,\"name\":\"Portada\",\"item\":\"https:\/\/nicogcasares.eu\/gl\/\"},{\"@type\":\"ListItem\",\"position\":2,\"name\":\"\u00abEspa\u00f1a marca o cami\u00f1o \u00e1 Comisi\u00f3n Europea para reducir os beneficios extraordinarios das el\u00e9ctricas e facer fronte \u00e1 crise da enerx\u00eda\u00bb\"}]},{\"@type\":\"WebSite\",\"@id\":\"https:\/\/nicogcasares.eu\/gl\/#website\",\"url\":\"https:\/\/nicogcasares.eu\/gl\/\",\"name\":\"Nico G. Casares\",\"description\":\"Diputado socialista en el parlamento europeo\",\"publisher\":{\"@id\":\"https:\/\/nicogcasares.eu\/gl\/#\/schema\/person\/75361477143e596646d48598a3778163\"},\"potentialAction\":[{\"@type\":\"SearchAction\",\"target\":{\"@type\":\"EntryPoint\",\"urlTemplate\":\"https:\/\/nicogcasares.eu\/gl\/?s={search_term_string}\"},\"query-input\":\"required name=search_term_string\"}],\"inLanguage\":\"gl-ES\"},{\"@type\":[\"Person\",\"Organization\"],\"@id\":\"https:\/\/nicogcasares.eu\/gl\/#\/schema\/person\/75361477143e596646d48598a3778163\",\"name\":\"Nicol\u00e1s Gonz\u00e1lez Casares\",\"image\":{\"@type\":\"ImageObject\",\"inLanguage\":\"gl-ES\",\"@id\":\"https:\/\/nicogcasares.eu\/gl\/#\/schema\/person\/image\/\",\"url\":\"https:\/\/nicogcasares.eu\/wp-content\/uploads\/2021\/11\/20211006_EP-119139A_FMA_0895_RESIZED_S.jpg\",\"contentUrl\":\"https:\/\/nicogcasares.eu\/wp-content\/uploads\/2021\/11\/20211006_EP-119139A_FMA_0895_RESIZED_S.jpg\",\"width\":639,\"height\":426,\"caption\":\"Nicol\u00e1s Gonz\u00e1lez Casares\"},\"logo\":{\"@id\":\"https:\/\/nicogcasares.eu\/gl\/#\/schema\/person\/image\/\"},\"url\":\"https:\/\/nicogcasares.eu\/gl\/author\/nico\/\"}]}<\/script>\n<!-- \/ Yoast SEO plugin. -->","yoast_head_json":{"title":"\"Espa\u00f1a marca o cami\u00f1o \u00e1 Comisi\u00f3n Europea para reducir os beneficios extraordinarios das el\u00e9ctricas e facer fronte \u00e1 crise da enerx\u00eda\" - Nico G. Casares %","description":"\"\u00c9 un bo punto de partida, pero hai que ir m\u00e1is al\u00f3 para desligar os prezos do gas dos da electricidade\", asegurou o eurodeputado este martes no Pleno do Parlamento Europeo","robots":{"index":"index","follow":"follow","max-snippet":"max-snippet:-1","max-image-preview":"max-image-preview:large","max-video-preview":"max-video-preview:-1"},"canonical":"https:\/\/nicogcasares.eu\/gl\/espana-marca-camino-comision-europea-reducir-beneficios-extraordinarios-electricas-crise-enerxia\/","og_locale":"gl_ES","og_type":"article","og_title":"\"Espa\u00f1a marca o cami\u00f1o \u00e1 Comisi\u00f3n Europea para reducir os beneficios extraordinarios das el\u00e9ctricas e facer fronte \u00e1 crise da enerx\u00eda\"","og_description":"\"\u00c9 un bo punto de partida, pero hai que ir m\u00e1is al\u00f3 para desligar os prezos do gas dos da electricidade\", asegurou o eurodeputado este martes no Pleno do Parlamento Europeo","og_url":"https:\/\/nicogcasares.eu\/gl\/espana-marca-camino-comision-europea-reducir-beneficios-extraordinarios-electricas-crise-enerxia\/","og_site_name":"Nico G. Casares","article_published_time":"2022-03-08T19:34:51+00:00","article_modified_time":"2022-04-01T13:45:25+00:00","og_image":[{"width":874,"height":586,"url":"https:\/\/nicogcasares.eu\/wp-content\/uploads\/2022\/03\/Nicolas-Gonzalez-Casares-1.jpg","type":"image\/jpeg"}],"author":"Nicol\u00e1s Gonz\u00e1lez Casares","twitter_card":"summary_large_image","twitter_title":"\"Espa\u00f1a marca o cami\u00f1o \u00e1 Comisi\u00f3n Europea para reducir os beneficios extraordinarios das el\u00e9ctricas e facer fronte \u00e1 crise da enerx\u00eda\"","twitter_description":"\"\u00c9 un bo punto de partida, pero hai que ir m\u00e1is al\u00f3 para desligar os prezos do gas dos da electricidade\", asegurou o eurodeputado este martes no Pleno do Parlamento Europeo","twitter_image":"https:\/\/nicogcasares.eu\/wp-content\/uploads\/2022\/03\/Nicolas-Gonzalez-Casares-1.jpg","twitter_creator":"@nicogoncas","twitter_site":"@nicogoncas","twitter_misc":{"Escrito por":"Nicol\u00e1s Gonz\u00e1lez Casares","Tempo de lectura":"2 minutos"},"schema":{"@context":"https:\/\/schema.org","@graph":[{"@type":"Article","@id":"https:\/\/nicogcasares.eu\/gl\/espana-marca-camino-comision-europea-reducir-beneficios-extraordinarios-electricas-crise-enerxia\/#article","isPartOf":{"@id":"https:\/\/nicogcasares.eu\/gl\/espana-marca-camino-comision-europea-reducir-beneficios-extraordinarios-electricas-crise-enerxia\/"},"author":{"name":"Nicol\u00e1s Gonz\u00e1lez Casares","@id":"https:\/\/nicogcasares.eu\/gl\/#\/schema\/person\/75361477143e596646d48598a3778163"},"headline":"&#8220;Espa\u00f1a marca o cami\u00f1o \u00e1 Comisi\u00f3n Europea para reducir os beneficios extraordinarios das el\u00e9ctricas e facer fronte \u00e1 crise da enerx\u00eda&#8221;","datePublished":"2022-03-08T19:34:51+00:00","dateModified":"2022-04-01T13:45:25+00:00","mainEntityOfPage":{"@id":"https:\/\/nicogcasares.eu\/gl\/espana-marca-camino-comision-europea-reducir-beneficios-extraordinarios-electricas-crise-enerxia\/"},"wordCount":280,"publisher":{"@id":"https:\/\/nicogcasares.eu\/gl\/#\/schema\/person\/75361477143e596646d48598a3778163"},"image":{"@id":"https:\/\/nicogcasares.eu\/gl\/espana-marca-camino-comision-europea-reducir-beneficios-extraordinarios-electricas-crise-enerxia\/#primaryimage"},"thumbnailUrl":"https:\/\/nicogcasares.eu\/wp-content\/uploads\/2022\/03\/Nicolas-Gonzalez-Casares-1.jpg","keywords":["enerx\u00eda","gas","industria","Nicol\u00e1s Gonz\u00e1lez Casares","renovables"],"articleSection":["Actividad","Actividade","Energ\u00eda","Enerx\u00eda","Industria","Industria","Medio ambiente","Medioambiente","Noticias","Novas"],"inLanguage":"gl-ES"},{"@type":"WebPage","@id":"https:\/\/nicogcasares.eu\/gl\/espana-marca-camino-comision-europea-reducir-beneficios-extraordinarios-electricas-crise-enerxia\/","url":"https:\/\/nicogcasares.eu\/gl\/espana-marca-camino-comision-europea-reducir-beneficios-extraordinarios-electricas-crise-enerxia\/","name":"\"Espa\u00f1a marca o cami\u00f1o \u00e1 Comisi\u00f3n Europea para reducir os beneficios extraordinarios das el\u00e9ctricas e facer fronte \u00e1 crise da enerx\u00eda\" - Nico G. Casares %","isPartOf":{"@id":"https:\/\/nicogcasares.eu\/gl\/#website"},"primaryImageOfPage":{"@id":"https:\/\/nicogcasares.eu\/gl\/espana-marca-camino-comision-europea-reducir-beneficios-extraordinarios-electricas-crise-enerxia\/#primaryimage"},"image":{"@id":"https:\/\/nicogcasares.eu\/gl\/espana-marca-camino-comision-europea-reducir-beneficios-extraordinarios-electricas-crise-enerxia\/#primaryimage"},"thumbnailUrl":"https:\/\/nicogcasares.eu\/wp-content\/uploads\/2022\/03\/Nicolas-Gonzalez-Casares-1.jpg","datePublished":"2022-03-08T19:34:51+00:00","dateModified":"2022-04-01T13:45:25+00:00","description":"\"\u00c9 un bo punto de partida, pero hai que ir m\u00e1is al\u00f3 para desligar os prezos do gas dos da electricidade\", asegurou o eurodeputado este martes no Pleno do Parlamento Europeo","breadcrumb":{"@id":"https:\/\/nicogcasares.eu\/gl\/espana-marca-camino-comision-europea-reducir-beneficios-extraordinarios-electricas-crise-enerxia\/#breadcrumb"},"inLanguage":"gl-ES","potentialAction":[{"@type":"ReadAction","target":["https:\/\/nicogcasares.eu\/gl\/espana-marca-camino-comision-europea-reducir-beneficios-extraordinarios-electricas-crise-enerxia\/"]}]},{"@type":"ImageObject","inLanguage":"gl-ES","@id":"https:\/\/nicogcasares.eu\/gl\/espana-marca-camino-comision-europea-reducir-beneficios-extraordinarios-electricas-crise-enerxia\/#primaryimage","url":"https:\/\/nicogcasares.eu\/wp-content\/uploads\/2022\/03\/Nicolas-Gonzalez-Casares-1.jpg","contentUrl":"https:\/\/nicogcasares.eu\/wp-content\/uploads\/2022\/03\/Nicolas-Gonzalez-Casares-1.jpg","width":874,"height":586},{"@type":"BreadcrumbList","@id":"https:\/\/nicogcasares.eu\/gl\/espana-marca-camino-comision-europea-reducir-beneficios-extraordinarios-electricas-crise-enerxia\/#breadcrumb","itemListElement":[{"@type":"ListItem","position":1,"name":"Portada","item":"https:\/\/nicogcasares.eu\/gl\/"},{"@type":"ListItem","position":2,"name":"\u00abEspa\u00f1a marca o cami\u00f1o \u00e1 Comisi\u00f3n Europea para reducir os beneficios extraordinarios das el\u00e9ctricas e facer fronte \u00e1 crise da enerx\u00eda\u00bb"}]},{"@type":"WebSite","@id":"https:\/\/nicogcasares.eu\/gl\/#website","url":"https:\/\/nicogcasares.eu\/gl\/","name":"Nico G. Casares","description":"Diputado socialista en el parlamento europeo","publisher":{"@id":"https:\/\/nicogcasares.eu\/gl\/#\/schema\/person\/75361477143e596646d48598a3778163"},"potentialAction":[{"@type":"SearchAction","target":{"@type":"EntryPoint","urlTemplate":"https:\/\/nicogcasares.eu\/gl\/?s={search_term_string}"},"query-input":"required name=search_term_string"}],"inLanguage":"gl-ES"},{"@type":["Person","Organization"],"@id":"https:\/\/nicogcasares.eu\/gl\/#\/schema\/person\/75361477143e596646d48598a3778163","name":"Nicol\u00e1s Gonz\u00e1lez Casares","image":{"@type":"ImageObject","inLanguage":"gl-ES","@id":"https:\/\/nicogcasares.eu\/gl\/#\/schema\/person\/image\/","url":"https:\/\/nicogcasares.eu\/wp-content\/uploads\/2021\/11\/20211006_EP-119139A_FMA_0895_RESIZED_S.jpg","contentUrl":"https:\/\/nicogcasares.eu\/wp-content\/uploads\/2021\/11\/20211006_EP-119139A_FMA_0895_RESIZED_S.jpg","width":639,"height":426,"caption":"Nicol\u00e1s Gonz\u00e1lez Casares"},"logo":{"@id":"https:\/\/nicogcasares.eu\/gl\/#\/schema\/person\/image\/"},"url":"https:\/\/nicogcasares.eu\/gl\/author\/nico\/"}]}},"_links":{"self":[{"href":"https:\/\/nicogcasares.eu\/gl\/wp-json\/wp\/v2\/posts\/4082"}],"collection":[{"href":"https:\/\/nicogcasares.eu\/gl\/wp-json\/wp\/v2\/posts"}],"about":[{"href":"https:\/\/nicogcasares.eu\/gl\/wp-json\/wp\/v2\/types\/post"}],"author":[{"embeddable":true,"href":"https:\/\/nicogcasares.eu\/gl\/wp-json\/wp\/v2\/users\/4"}],"replies":[{"embeddable":true,"href":"https:\/\/nicogcasares.eu\/gl\/wp-json\/wp\/v2\/comments?post=4082"}],"version-history":[{"count":1,"href":"https:\/\/nicogcasares.eu\/gl\/wp-json\/wp\/v2\/posts\/4082\/revisions"}],"predecessor-version":[{"id":4086,"href":"https:\/\/nicogcasares.eu\/gl\/wp-json\/wp\/v2\/posts\/4082\/revisions\/4086"}],"wp:featuredmedia":[{"embeddable":true,"href":"https:\/\/nicogcasares.eu\/gl\/wp-json\/wp\/v2\/media\/4083"}],"wp:attachment":[{"href":"https:\/\/nicogcasares.eu\/gl\/wp-json\/wp\/v2\/media?parent=4082"}],"wp:term":[{"taxonomy":"category","embeddable":true,"href":"https:\/\/nicogcasares.eu\/gl\/wp-json\/wp\/v2\/categories?post=4082"},{"taxonomy":"post_tag","embeddable":true,"href":"https:\/\/nicogcasares.eu\/gl\/wp-json\/wp\/v2\/tags?post=4082"}],"curies":[{"name":"wp","href":"https:\/\/api.w.org\/{rel}","templated":true}]}}