{"id":4092,"date":"2022-03-10T18:45:57","date_gmt":"2022-03-10T16:45:57","guid":{"rendered":"https:\/\/nicogcasares.eu\/?p=4092"},"modified":"2022-04-01T15:47:24","modified_gmt":"2022-04-01T13:47:24","slug":"gonzalez-casares-visibilidade-enfermidade-renal-cronica-cobertura-tratamentos","status":"publish","type":"post","link":"https:\/\/nicogcasares.eu\/gl\/gonzalez-casares-visibilidade-enfermidade-renal-cronica-cobertura-tratamentos\/","title":{"rendered":"Gonz\u00e1lez Casares reclama unha maior visibilidade para a enfermidade renal cr\u00f3nica e ampliar a cobertura dos seus tratamentos"},"content":{"rendered":"\n<p class=\"has-black-color has-text-color has-medium-font-size\"><strong> O Pleno do Parlamento Europeo deste xoves acolleu un debate sobre a enfermidade renal cr\u00f3nica con motivo do D\u00eda Mundial do Ril<\/strong><\/p>\n\n\n\n<p class=\"has-black-color has-text-color has-medium-font-size\"> &#8220;A maior\u00eda dos pacientes con enfermidade renal cr\u00f3nica desco\u00f1ecen a s\u00faa enfermidade debido \u00e1 falta de diagn\u00f3stico precoz, as opci\u00f3ns de tratamento non est\u00e1n dispo\u00f1ibles para todos os pacientes europeos e a investigaci\u00f3n de novas terapias quedouse atr\u00e1s en Europa&#8221;, apuntaba o eurodeputado socialista <strong>Nicol\u00e1s Gonz\u00e1lez Casares<\/strong> durante o debate respecto \u00e1 <strong>enfermidade renal cr\u00f3nica (ERC) <\/strong>no Pleno do Parlamento Europeo deste xoves. <\/p>\n\n\n\n<p class=\"has-black-color has-text-color has-medium-font-size\"> No <strong>D\u00eda Mundial do Ril<\/strong>, que este ano se conmemora baixo o lema <strong>&#8216;Sa\u00fade renal para todos &#8211; Superando as deficiencias de informaci\u00f3n para mellorar a sa\u00fade renal&#8217;<\/strong>, o europarlamentario salientou que &#8220;entre 75 e 100 mill\u00f3ns de europeos sofren de enfermidade renal cr\u00f3nica e as <strong>predici\u00f3ns mostran que se converter\u00e1 na quinta causa de morte a nivel mundial en 2040<\/strong>&#8220;. <\/p>\n\n\n\n<p class=\"has-black-color has-text-color has-medium-font-size\"> En Espa\u00f1a, segundo datos recollidos pola Sociedad Espa\u00f1ola de Nefrolog\u00eda, a <strong>enfermidade renal cr\u00f3nica afecta a un 15,1% das persoas adultas<\/strong>, increment\u00e1ndose nun 30% os pacientes que precisan dun <strong>Tratamento Renal Substitutivo (TRS)<\/strong>, xa sexa di\u00e1lise ou transplante, nos \u00faltimos dez anos. Persoas que se encontran entre os grupos de maior vulnerabilidade ante a infecci\u00f3n por COVID-19. <\/p>\n\n\n\n<p class=\"has-black-color has-text-color has-medium-font-size\"> Ante este <strong>crecemento<\/strong>, a aposta pola <strong>prevenci\u00f3n, o diagn\u00f3stico precoz, a cobertura de tratamento e a investigaci\u00f3n<\/strong>, para a cal a Comisi\u00f3n Europea leva financiados 40 proxectos con 64 mill\u00f3ns de euros, \u00e9 fundamental. Gonz\u00e1lez Casares alentou a Europa a <strong>seguir o modelo da Organizaci\u00f3n Nacional de Transplantes<\/strong> para derribar as desigualdades que se dan no acceso aos tratamentos e a continuar a fomentar a investigaci\u00f3n, prest\u00e1ndolle especial atenci\u00f3n \u00e1s causas da enfermidade renal cr\u00f3nica. <\/p>\n\n\n\n<p class=\"has-black-color has-text-color has-medium-font-size\"> C\u00f3mpre tam\u00e9n<strong> reforzar a toma de conciencia e o co\u00f1ecemento<\/strong> sobre esta enfermidade na sociedade e nos nosos sistemas sanitarios, para os que sup\u00f3n unha das patolox\u00edas con maior custo, arredor dos 140.000 mill\u00f3ns de euros anuais a nivel europeo.<\/p>\n\n\n\n<p><\/p>\n","protected":false},"excerpt":{"rendered":"<p>O Pleno do Parlamento Europeo deste xoves acolleu un debate sobre a enfermidade renal cr\u00f3nica con motivo do D\u00eda Mundial do Ril<\/p>\n","protected":false},"author":4,"featured_media":4093,"comment_status":"closed","ping_status":"closed","sticky":true,"template":"","format":"standard","meta":{"footnotes":""},"categories":[2,34,27,26,24,20,32,42],"tags":[357,377,65],"yoast_head":"<!-- This site is optimized with the Yoast SEO plugin v22.3 - https:\/\/yoast.com\/wordpress\/plugins\/seo\/ -->\n<title>Gonz\u00e1lez Casares reclama unha maior visibilidade para a enfermidade renal cr\u00f3nica e ampliar a cobertura dos seus tratamentos - Nico G. Casares %<\/title>\n<meta name=\"description\" content=\"O Pleno do Parlamento Europeo deste xoves acolleu un debate sobre a enfermidade renal cr\u00f3nica con motivo do D\u00eda Mundial do Ril\" \/>\n<meta name=\"robots\" content=\"index, follow, max-snippet:-1, max-image-preview:large, max-video-preview:-1\" \/>\n<link rel=\"canonical\" href=\"https:\/\/nicogcasares.eu\/gl\/gonzalez-casares-visibilidade-enfermidade-renal-cronica-cobertura-tratamentos\/\" \/>\n<meta property=\"og:locale\" content=\"gl_ES\" \/>\n<meta property=\"og:type\" content=\"article\" \/>\n<meta property=\"og:title\" content=\"Gonz\u00e1lez Casares reclama unha maior visibilidade para a enfermidade renal cr\u00f3nica e ampliar a cobertura dos seus tratamentos\" \/>\n<meta property=\"og:description\" content=\"O Pleno do Parlamento Europeo deste xoves acolleu un debate sobre a enfermidade renal cr\u00f3nica con motivo do D\u00eda Mundial do Ril\" \/>\n<meta property=\"og:url\" content=\"https:\/\/nicogcasares.eu\/gl\/gonzalez-casares-visibilidade-enfermidade-renal-cronica-cobertura-tratamentos\/\" \/>\n<meta property=\"og:site_name\" content=\"Nico G. Casares\" \/>\n<meta property=\"article:published_time\" content=\"2022-03-10T16:45:57+00:00\" \/>\n<meta property=\"article:modified_time\" content=\"2022-04-01T13:47:24+00:00\" \/>\n<meta property=\"og:image\" content=\"https:\/\/nicogcasares.eu\/wp-content\/uploads\/2022\/03\/Nicolas-Gonzalez-Casares-2.jpg\" \/>\n\t<meta property=\"og:image:width\" content=\"1919\" \/>\n\t<meta property=\"og:image:height\" content=\"1277\" \/>\n\t<meta property=\"og:image:type\" content=\"image\/jpeg\" \/>\n<meta name=\"author\" content=\"Nicol\u00e1s Gonz\u00e1lez Casares\" \/>\n<meta name=\"twitter:card\" content=\"summary_large_image\" \/>\n<meta name=\"twitter:title\" content=\"Gonz\u00e1lez Casares reclama unha maior visibilidade para a enfermidade renal cr\u00f3nica e ampliar a cobertura dos seus tratamentos\" \/>\n<meta name=\"twitter:description\" content=\"O Pleno do Parlamento Europeo deste xoves acolleu un debate sobre a enfermidade renal cr\u00f3nica con motivo do D\u00eda Mundial do Ril\" \/>\n<meta name=\"twitter:image\" content=\"https:\/\/nicogcasares.eu\/wp-content\/uploads\/2022\/03\/Nicolas-Gonzalez-Casares-2.jpg\" \/>\n<meta name=\"twitter:creator\" content=\"@nicogoncas\" \/>\n<meta name=\"twitter:site\" content=\"@nicogoncas\" \/>\n<meta name=\"twitter:label1\" content=\"Escrito por\" \/>\n\t<meta name=\"twitter:data1\" content=\"Nicol\u00e1s Gonz\u00e1lez Casares\" \/>\n\t<meta name=\"twitter:label2\" content=\"Tempo de lectura\" \/>\n\t<meta name=\"twitter:data2\" content=\"2 minutos\" \/>\n<script type=\"application\/ld+json\" class=\"yoast-schema-graph\">{\"@context\":\"https:\/\/schema.org\",\"@graph\":[{\"@type\":\"Article\",\"@id\":\"https:\/\/nicogcasares.eu\/gl\/gonzalez-casares-visibilidade-enfermidade-renal-cronica-cobertura-tratamentos\/#article\",\"isPartOf\":{\"@id\":\"https:\/\/nicogcasares.eu\/gl\/gonzalez-casares-visibilidade-enfermidade-renal-cronica-cobertura-tratamentos\/\"},\"author\":{\"name\":\"Nicol\u00e1s Gonz\u00e1lez Casares\",\"@id\":\"https:\/\/nicogcasares.eu\/gl\/#\/schema\/person\/75361477143e596646d48598a3778163\"},\"headline\":\"Gonz\u00e1lez Casares reclama unha maior visibilidade para a enfermidade renal cr\u00f3nica e ampliar a cobertura dos seus tratamentos\",\"datePublished\":\"2022-03-10T16:45:57+00:00\",\"dateModified\":\"2022-04-01T13:47:24+00:00\",\"mainEntityOfPage\":{\"@id\":\"https:\/\/nicogcasares.eu\/gl\/gonzalez-casares-visibilidade-enfermidade-renal-cronica-cobertura-tratamentos\/\"},\"wordCount\":373,\"publisher\":{\"@id\":\"https:\/\/nicogcasares.eu\/gl\/#\/schema\/person\/75361477143e596646d48598a3778163\"},\"image\":{\"@id\":\"https:\/\/nicogcasares.eu\/gl\/gonzalez-casares-visibilidade-enfermidade-renal-cronica-cobertura-tratamentos\/#primaryimage\"},\"thumbnailUrl\":\"https:\/\/nicogcasares.eu\/wp-content\/uploads\/2022\/03\/Nicolas-Gonzalez-Casares-2.jpg\",\"keywords\":[\"Nicol\u00e1s Gonz\u00e1lez Casares\",\"ril\",\"sa\u00fade\"],\"articleSection\":[\"Actividad\",\"Actividade\",\"Energ\u00eda\",\"Industria\",\"Medioambiente\",\"Noticias\",\"Novas\",\"Sa\u00fade\"],\"inLanguage\":\"gl-ES\"},{\"@type\":\"WebPage\",\"@id\":\"https:\/\/nicogcasares.eu\/gl\/gonzalez-casares-visibilidade-enfermidade-renal-cronica-cobertura-tratamentos\/\",\"url\":\"https:\/\/nicogcasares.eu\/gl\/gonzalez-casares-visibilidade-enfermidade-renal-cronica-cobertura-tratamentos\/\",\"name\":\"Gonz\u00e1lez Casares reclama unha maior visibilidade para a enfermidade renal cr\u00f3nica e ampliar a cobertura dos seus tratamentos - Nico G. Casares %\",\"isPartOf\":{\"@id\":\"https:\/\/nicogcasares.eu\/gl\/#website\"},\"primaryImageOfPage\":{\"@id\":\"https:\/\/nicogcasares.eu\/gl\/gonzalez-casares-visibilidade-enfermidade-renal-cronica-cobertura-tratamentos\/#primaryimage\"},\"image\":{\"@id\":\"https:\/\/nicogcasares.eu\/gl\/gonzalez-casares-visibilidade-enfermidade-renal-cronica-cobertura-tratamentos\/#primaryimage\"},\"thumbnailUrl\":\"https:\/\/nicogcasares.eu\/wp-content\/uploads\/2022\/03\/Nicolas-Gonzalez-Casares-2.jpg\",\"datePublished\":\"2022-03-10T16:45:57+00:00\",\"dateModified\":\"2022-04-01T13:47:24+00:00\",\"description\":\"O Pleno do Parlamento Europeo deste xoves acolleu un debate sobre a enfermidade renal cr\u00f3nica con motivo do D\u00eda Mundial do Ril\",\"breadcrumb\":{\"@id\":\"https:\/\/nicogcasares.eu\/gl\/gonzalez-casares-visibilidade-enfermidade-renal-cronica-cobertura-tratamentos\/#breadcrumb\"},\"inLanguage\":\"gl-ES\",\"potentialAction\":[{\"@type\":\"ReadAction\",\"target\":[\"https:\/\/nicogcasares.eu\/gl\/gonzalez-casares-visibilidade-enfermidade-renal-cronica-cobertura-tratamentos\/\"]}]},{\"@type\":\"ImageObject\",\"inLanguage\":\"gl-ES\",\"@id\":\"https:\/\/nicogcasares.eu\/gl\/gonzalez-casares-visibilidade-enfermidade-renal-cronica-cobertura-tratamentos\/#primaryimage\",\"url\":\"https:\/\/nicogcasares.eu\/wp-content\/uploads\/2022\/03\/Nicolas-Gonzalez-Casares-2.jpg\",\"contentUrl\":\"https:\/\/nicogcasares.eu\/wp-content\/uploads\/2022\/03\/Nicolas-Gonzalez-Casares-2.jpg\",\"width\":1919,\"height\":1277},{\"@type\":\"BreadcrumbList\",\"@id\":\"https:\/\/nicogcasares.eu\/gl\/gonzalez-casares-visibilidade-enfermidade-renal-cronica-cobertura-tratamentos\/#breadcrumb\",\"itemListElement\":[{\"@type\":\"ListItem\",\"position\":1,\"name\":\"Portada\",\"item\":\"https:\/\/nicogcasares.eu\/gl\/\"},{\"@type\":\"ListItem\",\"position\":2,\"name\":\"Gonz\u00e1lez Casares reclama unha maior visibilidade para a enfermidade renal cr\u00f3nica e ampliar a cobertura dos seus tratamentos\"}]},{\"@type\":\"WebSite\",\"@id\":\"https:\/\/nicogcasares.eu\/gl\/#website\",\"url\":\"https:\/\/nicogcasares.eu\/gl\/\",\"name\":\"Nico G. Casares\",\"description\":\"Diputado socialista en el parlamento europeo\",\"publisher\":{\"@id\":\"https:\/\/nicogcasares.eu\/gl\/#\/schema\/person\/75361477143e596646d48598a3778163\"},\"potentialAction\":[{\"@type\":\"SearchAction\",\"target\":{\"@type\":\"EntryPoint\",\"urlTemplate\":\"https:\/\/nicogcasares.eu\/gl\/?s={search_term_string}\"},\"query-input\":\"required name=search_term_string\"}],\"inLanguage\":\"gl-ES\"},{\"@type\":[\"Person\",\"Organization\"],\"@id\":\"https:\/\/nicogcasares.eu\/gl\/#\/schema\/person\/75361477143e596646d48598a3778163\",\"name\":\"Nicol\u00e1s Gonz\u00e1lez Casares\",\"image\":{\"@type\":\"ImageObject\",\"inLanguage\":\"gl-ES\",\"@id\":\"https:\/\/nicogcasares.eu\/gl\/#\/schema\/person\/image\/\",\"url\":\"https:\/\/nicogcasares.eu\/wp-content\/uploads\/2021\/11\/20211006_EP-119139A_FMA_0895_RESIZED_S.jpg\",\"contentUrl\":\"https:\/\/nicogcasares.eu\/wp-content\/uploads\/2021\/11\/20211006_EP-119139A_FMA_0895_RESIZED_S.jpg\",\"width\":639,\"height\":426,\"caption\":\"Nicol\u00e1s Gonz\u00e1lez Casares\"},\"logo\":{\"@id\":\"https:\/\/nicogcasares.eu\/gl\/#\/schema\/person\/image\/\"},\"url\":\"https:\/\/nicogcasares.eu\/gl\/author\/nico\/\"}]}<\/script>\n<!-- \/ Yoast SEO plugin. -->","yoast_head_json":{"title":"Gonz\u00e1lez Casares reclama unha maior visibilidade para a enfermidade renal cr\u00f3nica e ampliar a cobertura dos seus tratamentos - Nico G. Casares %","description":"O Pleno do Parlamento Europeo deste xoves acolleu un debate sobre a enfermidade renal cr\u00f3nica con motivo do D\u00eda Mundial do Ril","robots":{"index":"index","follow":"follow","max-snippet":"max-snippet:-1","max-image-preview":"max-image-preview:large","max-video-preview":"max-video-preview:-1"},"canonical":"https:\/\/nicogcasares.eu\/gl\/gonzalez-casares-visibilidade-enfermidade-renal-cronica-cobertura-tratamentos\/","og_locale":"gl_ES","og_type":"article","og_title":"Gonz\u00e1lez Casares reclama unha maior visibilidade para a enfermidade renal cr\u00f3nica e ampliar a cobertura dos seus tratamentos","og_description":"O Pleno do Parlamento Europeo deste xoves acolleu un debate sobre a enfermidade renal cr\u00f3nica con motivo do D\u00eda Mundial do Ril","og_url":"https:\/\/nicogcasares.eu\/gl\/gonzalez-casares-visibilidade-enfermidade-renal-cronica-cobertura-tratamentos\/","og_site_name":"Nico G. Casares","article_published_time":"2022-03-10T16:45:57+00:00","article_modified_time":"2022-04-01T13:47:24+00:00","og_image":[{"width":1919,"height":1277,"url":"https:\/\/nicogcasares.eu\/wp-content\/uploads\/2022\/03\/Nicolas-Gonzalez-Casares-2.jpg","type":"image\/jpeg"}],"author":"Nicol\u00e1s Gonz\u00e1lez Casares","twitter_card":"summary_large_image","twitter_title":"Gonz\u00e1lez Casares reclama unha maior visibilidade para a enfermidade renal cr\u00f3nica e ampliar a cobertura dos seus tratamentos","twitter_description":"O Pleno do Parlamento Europeo deste xoves acolleu un debate sobre a enfermidade renal cr\u00f3nica con motivo do D\u00eda Mundial do Ril","twitter_image":"https:\/\/nicogcasares.eu\/wp-content\/uploads\/2022\/03\/Nicolas-Gonzalez-Casares-2.jpg","twitter_creator":"@nicogoncas","twitter_site":"@nicogoncas","twitter_misc":{"Escrito por":"Nicol\u00e1s Gonz\u00e1lez Casares","Tempo de lectura":"2 minutos"},"schema":{"@context":"https:\/\/schema.org","@graph":[{"@type":"Article","@id":"https:\/\/nicogcasares.eu\/gl\/gonzalez-casares-visibilidade-enfermidade-renal-cronica-cobertura-tratamentos\/#article","isPartOf":{"@id":"https:\/\/nicogcasares.eu\/gl\/gonzalez-casares-visibilidade-enfermidade-renal-cronica-cobertura-tratamentos\/"},"author":{"name":"Nicol\u00e1s Gonz\u00e1lez Casares","@id":"https:\/\/nicogcasares.eu\/gl\/#\/schema\/person\/75361477143e596646d48598a3778163"},"headline":"Gonz\u00e1lez Casares reclama unha maior visibilidade para a enfermidade renal cr\u00f3nica e ampliar a cobertura dos seus tratamentos","datePublished":"2022-03-10T16:45:57+00:00","dateModified":"2022-04-01T13:47:24+00:00","mainEntityOfPage":{"@id":"https:\/\/nicogcasares.eu\/gl\/gonzalez-casares-visibilidade-enfermidade-renal-cronica-cobertura-tratamentos\/"},"wordCount":373,"publisher":{"@id":"https:\/\/nicogcasares.eu\/gl\/#\/schema\/person\/75361477143e596646d48598a3778163"},"image":{"@id":"https:\/\/nicogcasares.eu\/gl\/gonzalez-casares-visibilidade-enfermidade-renal-cronica-cobertura-tratamentos\/#primaryimage"},"thumbnailUrl":"https:\/\/nicogcasares.eu\/wp-content\/uploads\/2022\/03\/Nicolas-Gonzalez-Casares-2.jpg","keywords":["Nicol\u00e1s Gonz\u00e1lez Casares","ril","sa\u00fade"],"articleSection":["Actividad","Actividade","Energ\u00eda","Industria","Medioambiente","Noticias","Novas","Sa\u00fade"],"inLanguage":"gl-ES"},{"@type":"WebPage","@id":"https:\/\/nicogcasares.eu\/gl\/gonzalez-casares-visibilidade-enfermidade-renal-cronica-cobertura-tratamentos\/","url":"https:\/\/nicogcasares.eu\/gl\/gonzalez-casares-visibilidade-enfermidade-renal-cronica-cobertura-tratamentos\/","name":"Gonz\u00e1lez Casares reclama unha maior visibilidade para a enfermidade renal cr\u00f3nica e ampliar a cobertura dos seus tratamentos - Nico G. Casares %","isPartOf":{"@id":"https:\/\/nicogcasares.eu\/gl\/#website"},"primaryImageOfPage":{"@id":"https:\/\/nicogcasares.eu\/gl\/gonzalez-casares-visibilidade-enfermidade-renal-cronica-cobertura-tratamentos\/#primaryimage"},"image":{"@id":"https:\/\/nicogcasares.eu\/gl\/gonzalez-casares-visibilidade-enfermidade-renal-cronica-cobertura-tratamentos\/#primaryimage"},"thumbnailUrl":"https:\/\/nicogcasares.eu\/wp-content\/uploads\/2022\/03\/Nicolas-Gonzalez-Casares-2.jpg","datePublished":"2022-03-10T16:45:57+00:00","dateModified":"2022-04-01T13:47:24+00:00","description":"O Pleno do Parlamento Europeo deste xoves acolleu un debate sobre a enfermidade renal cr\u00f3nica con motivo do D\u00eda Mundial do Ril","breadcrumb":{"@id":"https:\/\/nicogcasares.eu\/gl\/gonzalez-casares-visibilidade-enfermidade-renal-cronica-cobertura-tratamentos\/#breadcrumb"},"inLanguage":"gl-ES","potentialAction":[{"@type":"ReadAction","target":["https:\/\/nicogcasares.eu\/gl\/gonzalez-casares-visibilidade-enfermidade-renal-cronica-cobertura-tratamentos\/"]}]},{"@type":"ImageObject","inLanguage":"gl-ES","@id":"https:\/\/nicogcasares.eu\/gl\/gonzalez-casares-visibilidade-enfermidade-renal-cronica-cobertura-tratamentos\/#primaryimage","url":"https:\/\/nicogcasares.eu\/wp-content\/uploads\/2022\/03\/Nicolas-Gonzalez-Casares-2.jpg","contentUrl":"https:\/\/nicogcasares.eu\/wp-content\/uploads\/2022\/03\/Nicolas-Gonzalez-Casares-2.jpg","width":1919,"height":1277},{"@type":"BreadcrumbList","@id":"https:\/\/nicogcasares.eu\/gl\/gonzalez-casares-visibilidade-enfermidade-renal-cronica-cobertura-tratamentos\/#breadcrumb","itemListElement":[{"@type":"ListItem","position":1,"name":"Portada","item":"https:\/\/nicogcasares.eu\/gl\/"},{"@type":"ListItem","position":2,"name":"Gonz\u00e1lez Casares reclama unha maior visibilidade para a enfermidade renal cr\u00f3nica e ampliar a cobertura dos seus tratamentos"}]},{"@type":"WebSite","@id":"https:\/\/nicogcasares.eu\/gl\/#website","url":"https:\/\/nicogcasares.eu\/gl\/","name":"Nico G. Casares","description":"Diputado socialista en el parlamento europeo","publisher":{"@id":"https:\/\/nicogcasares.eu\/gl\/#\/schema\/person\/75361477143e596646d48598a3778163"},"potentialAction":[{"@type":"SearchAction","target":{"@type":"EntryPoint","urlTemplate":"https:\/\/nicogcasares.eu\/gl\/?s={search_term_string}"},"query-input":"required name=search_term_string"}],"inLanguage":"gl-ES"},{"@type":["Person","Organization"],"@id":"https:\/\/nicogcasares.eu\/gl\/#\/schema\/person\/75361477143e596646d48598a3778163","name":"Nicol\u00e1s Gonz\u00e1lez Casares","image":{"@type":"ImageObject","inLanguage":"gl-ES","@id":"https:\/\/nicogcasares.eu\/gl\/#\/schema\/person\/image\/","url":"https:\/\/nicogcasares.eu\/wp-content\/uploads\/2021\/11\/20211006_EP-119139A_FMA_0895_RESIZED_S.jpg","contentUrl":"https:\/\/nicogcasares.eu\/wp-content\/uploads\/2021\/11\/20211006_EP-119139A_FMA_0895_RESIZED_S.jpg","width":639,"height":426,"caption":"Nicol\u00e1s Gonz\u00e1lez Casares"},"logo":{"@id":"https:\/\/nicogcasares.eu\/gl\/#\/schema\/person\/image\/"},"url":"https:\/\/nicogcasares.eu\/gl\/author\/nico\/"}]}},"_links":{"self":[{"href":"https:\/\/nicogcasares.eu\/gl\/wp-json\/wp\/v2\/posts\/4092"}],"collection":[{"href":"https:\/\/nicogcasares.eu\/gl\/wp-json\/wp\/v2\/posts"}],"about":[{"href":"https:\/\/nicogcasares.eu\/gl\/wp-json\/wp\/v2\/types\/post"}],"author":[{"embeddable":true,"href":"https:\/\/nicogcasares.eu\/gl\/wp-json\/wp\/v2\/users\/4"}],"replies":[{"embeddable":true,"href":"https:\/\/nicogcasares.eu\/gl\/wp-json\/wp\/v2\/comments?post=4092"}],"version-history":[{"count":1,"href":"https:\/\/nicogcasares.eu\/gl\/wp-json\/wp\/v2\/posts\/4092\/revisions"}],"predecessor-version":[{"id":4096,"href":"https:\/\/nicogcasares.eu\/gl\/wp-json\/wp\/v2\/posts\/4092\/revisions\/4096"}],"wp:featuredmedia":[{"embeddable":true,"href":"https:\/\/nicogcasares.eu\/gl\/wp-json\/wp\/v2\/media\/4093"}],"wp:attachment":[{"href":"https:\/\/nicogcasares.eu\/gl\/wp-json\/wp\/v2\/media?parent=4092"}],"wp:term":[{"taxonomy":"category","embeddable":true,"href":"https:\/\/nicogcasares.eu\/gl\/wp-json\/wp\/v2\/categories?post=4092"},{"taxonomy":"post_tag","embeddable":true,"href":"https:\/\/nicogcasares.eu\/gl\/wp-json\/wp\/v2\/tags?post=4092"}],"curies":[{"name":"wp","href":"https:\/\/api.w.org\/{rel}","templated":true}]}}