{"id":4125,"date":"2022-03-11T22:17:12","date_gmt":"2022-03-11T20:17:12","guid":{"rendered":"https:\/\/nicogcasares.eu\/?p=4125"},"modified":"2022-04-01T15:49:23","modified_gmt":"2022-04-01T13:49:23","slug":"gonzalez-casares-lalin-next-generation-oportunidade-modernizar-estrutura-produtiva","status":"publish","type":"post","link":"https:\/\/nicogcasares.eu\/gl\/gonzalez-casares-lalin-next-generation-oportunidade-modernizar-estrutura-produtiva\/","title":{"rendered":"&#8220;Os fondos Next Generation son unha oportunidade \u00fanica para avanzar na modernizaci\u00f3n da estrutura produtiva de Lal\u00edn&#8221;"},"content":{"rendered":"\n<p class=\"has-black-color has-text-color has-medium-font-size\"><strong> O eurodeputado, xunto a Alba Forno e Rom\u00e1n Santalla, debullou as li\u00f1as de axudas do Plan de Recuperaci\u00f3n, Transformaci\u00f3n e Resiliencia <\/strong><\/p>\n\n\n\n<p class=\"has-black-color has-text-color has-medium-font-size\"> <strong>Forno destacou as inversi\u00f3ns millonarias que a Uni\u00f3n Europea leva feito en Lal\u00edn desde o anterior Goberno e Santalla denunciou a pasividade e a pouca ambici\u00f3n das autoridades locais ante estes fondos<\/strong><\/p>\n\n\n\n<p><\/p>\n\n\n\n<p class=\"has-black-color has-text-color has-medium-font-size\"> Este venres o eurodeputado socialista <strong>Nicol\u00e1s Gonz\u00e1lez Casares<\/strong> reuniuse co empresariado e a veci\u00f1anza de Lal\u00edn para achegarlles o <strong>Plan de Recuperaci\u00f3n, Transformaci\u00f3n e Resiliencia<\/strong>. A estratexia, dese\u00f1ada polo Goberno para canalizar os fondos europeos destinados a reparar os danos provocados pola crise da COVID-19, art\u00e9llase sobre dous eixos fundamentais: a <strong>transici\u00f3n ecol\u00f3xica e dixital<\/strong>. <\/p>\n\n\n\n<p class=\"has-black-color has-text-color has-medium-font-size\"> Xunto a <strong>Alba Forno<\/strong> e <strong>Rom\u00e1n Santalla<\/strong>, secretaria xeral e portavoz do PSOE de Lal\u00edn, Gonz\u00e1lez Casares subli\u00f1ou a oportunidade \u00fanica que representa este <strong>plan &#8220;para avanzar na modernizaci\u00f3n da nosa estrutura produtiva&#8221;<\/strong>. O europarlamentario chamou \u00e1 proactividade do tecido emprendedor no dese\u00f1o de proxectos que poidan beneficiarse destas axudas, que supo\u00f1en <strong>&#8220;unha panca para Lal\u00edn e a s\u00faa comarca&#8221;<\/strong> nun contexto complexo que pide un futuro de reformas. Cambios que debemos aplicar ao modelo enerx\u00e9tico actual, no que estamos a comprobar a importancia que cobra o aforro e a produci\u00f3n de <strong>enerx\u00eda renovable e de proximidade<\/strong>. <\/p>\n\n\n\n<p class=\"has-black-color has-text-color has-medium-font-size\"> &#8220;Estas transformaci\u00f3ns supo\u00f1en un salto adiante en competitividade, pero hai que ser ousados. Lal\u00edn conta cun bo <strong>pol\u00edgono industrial<\/strong>, con moitos terreos p\u00fablicos que poder\u00edan acoller unha<strong> comunidade enerx\u00e9tica<\/strong> que lle dera aos nosos empresarios unha perspectiva de custos alcanzables e constantes no medio e longo prazo&#8221;, explicaba Nicol\u00e1s Casares, ao que tam\u00e9n lle gustar\u00eda &#8220;ver \u00e1s nosas cooperativas agroalimentarias subirse a ese carro da transformaci\u00f3n a trav\u00e9s do <strong>PERTE da Agricultura<\/strong>&#8220;. <\/p>\n\n\n\n<p class=\"has-black-color has-text-color has-medium-font-size\"> A esta aposta pola <strong>autonom\u00eda enerx\u00e9tica tam\u00e9n se poden sumar os cidad\u00e1ns e cidad\u00e1s<\/strong> a trav\u00e9s destes fondos e que se traducir\u00edan nunha mellora da eficiencia enerx\u00e9tica nas s\u00faas vivendas. <\/p>\n\n\n\n<p class=\"has-black-color has-text-color has-medium-font-size\"> O outro piar no que se apoian os Next Generation \u00e9 a <strong>dixitalizaci\u00f3n<\/strong>. A trav\u00e9s do Programa Kit Dixital, dirixido a empresas de entre 10 e 49 empregados, os negocios poden mellorar ou ampliar o seu nivel de dixitalizaci\u00f3n con servizos como a creaci\u00f3n de p\u00e1xinas web, a ciberseguridade ou o comercio electr\u00f3nico, que lles permitan optimizar a xesti\u00f3n e o custo ao tempo que sit\u00faan o seu negocio no mundo dixital. <\/p>\n\n\n\n<p class=\"has-black-color has-text-color has-medium-font-size\"> Respecto ao <strong>impacto que tiveron e te\u00f1en os fondos europeos na transformaci\u00f3n de Lal\u00edn<\/strong>, Forno quixo lembrar os mill\u00f3ns de euros que leva invertido a Uni\u00f3n Europea no concello desde o anterior Goberno mediante os Fondos DUSI en proxectos como o Cinto Verde, a mellora das r\u00faas Joaqu\u00edn Loriga e Principal, a rehabilitaci\u00f3n do conxunto hist\u00f3rico de Lal\u00edn de Arriba, de Donramiro ou da r\u00faa Manuel Rivero e das antigas vivendas de profesores para fins sociais e que a d\u00eda de hoxe permitir\u00e1n o acollemento de persoas refuxiadas en condici\u00f3ns dignas. <strong>A secretaria xeral municipal do PSOE salientou que os investimentos contin\u00faan a realizarse a d\u00eda de hoxe <\/strong>e puxo como exemplo o Centro Integrado de Sa\u00fade (CIS), que est\u00e1 a constru\u00edrse integramente con fondos do <strong>Plan de Recuperaci\u00f3n, Transformaci\u00f3n e Resiliencia<\/strong>. <\/p>\n\n\n\n<p class=\"has-black-color has-text-color has-medium-font-size\"> Pola s\u00faa banda, <strong>Santalla<\/strong> tam\u00e9n catalogou a esta estratexia de &#8220;oportunidade hist\u00f3rica&#8221; e <strong>denunciou a &#8220;pasividade das nosas autoridades locais<\/strong> \u00e1 hora, non s\u00f3 de informar, sen\u00f3n tam\u00e9n de ser ambiciosos&#8221; ante este plan. \u201cOu avanzamos por esa li\u00f1a ou perdermos o carro. Como gandeiro sei ben que Europa \u00e1s veces esixe demasiado, pero tam\u00e9n d\u00e1 e hai que aproveitar as oportunidades\u201d, insistiu. <\/p>\n\n\n\n<p class=\"has-black-color has-text-color has-medium-font-size\"> Os asistentes puideron trasladar as s\u00faas d\u00fabidas sobre os Next Generation e tam\u00e9n as s\u00faas demandas en materia de pol\u00edtica comunitaria. <\/p>\n\n\n\n<figure class=\"wp-block-image size-large\"><img fetchpriority=\"high\" decoding=\"async\" width=\"1024\" height=\"667\" src=\"https:\/\/nicogcasares.eu\/wp-content\/uploads\/2022\/03\/foto-1-1024x667.jpg\" alt=\"Xornada sobre os Next Generation en Lal\u00edn\" class=\"wp-image-4134\" srcset=\"https:\/\/nicogcasares.eu\/wp-content\/uploads\/2022\/03\/foto-1-1024x667.jpg 1024w, https:\/\/nicogcasares.eu\/wp-content\/uploads\/2022\/03\/foto-1-300x196.jpg 300w, https:\/\/nicogcasares.eu\/wp-content\/uploads\/2022\/03\/foto-1-768x501.jpg 768w, https:\/\/nicogcasares.eu\/wp-content\/uploads\/2022\/03\/foto-1-1536x1001.jpg 1536w, https:\/\/nicogcasares.eu\/wp-content\/uploads\/2022\/03\/foto-1-2048x1335.jpg 2048w, https:\/\/nicogcasares.eu\/wp-content\/uploads\/2022\/03\/foto-1-1080x704.jpg 1080w, https:\/\/nicogcasares.eu\/wp-content\/uploads\/2022\/03\/foto-1-1280x834.jpg 1280w, https:\/\/nicogcasares.eu\/wp-content\/uploads\/2022\/03\/foto-1-980x639.jpg 980w, https:\/\/nicogcasares.eu\/wp-content\/uploads\/2022\/03\/foto-1-480x313.jpg 480w\" sizes=\"(max-width: 1024px) 100vw, 1024px\" \/><\/figure>\n\n\n\n<figure class=\"wp-block-image size-large\"><img decoding=\"async\" width=\"1024\" height=\"675\" src=\"https:\/\/nicogcasares.eu\/wp-content\/uploads\/2022\/03\/foto-3-1024x675.jpg\" alt=\"Xornada sobre os Next Generation en Lal\u00edn\" class=\"wp-image-4138\" srcset=\"https:\/\/nicogcasares.eu\/wp-content\/uploads\/2022\/03\/foto-3-1024x675.jpg 1024w, https:\/\/nicogcasares.eu\/wp-content\/uploads\/2022\/03\/foto-3-300x198.jpg 300w, https:\/\/nicogcasares.eu\/wp-content\/uploads\/2022\/03\/foto-3-768x506.jpg 768w, https:\/\/nicogcasares.eu\/wp-content\/uploads\/2022\/03\/foto-3-1536x1013.jpg 1536w, https:\/\/nicogcasares.eu\/wp-content\/uploads\/2022\/03\/foto-3-2048x1351.jpg 2048w, https:\/\/nicogcasares.eu\/wp-content\/uploads\/2022\/03\/foto-3-1080x712.jpg 1080w, https:\/\/nicogcasares.eu\/wp-content\/uploads\/2022\/03\/foto-3-1280x844.jpg 1280w, https:\/\/nicogcasares.eu\/wp-content\/uploads\/2022\/03\/foto-3-980x646.jpg 980w, https:\/\/nicogcasares.eu\/wp-content\/uploads\/2022\/03\/foto-3-480x317.jpg 480w\" sizes=\"(max-width: 1024px) 100vw, 1024px\" \/><\/figure>\n\n\n\n<figure class=\"wp-block-image size-large\"><img decoding=\"async\" width=\"1024\" height=\"683\" src=\"https:\/\/nicogcasares.eu\/wp-content\/uploads\/2022\/03\/foto-2-1024x683.jpg\" alt=\"\" class=\"wp-image-4144\" srcset=\"https:\/\/nicogcasares.eu\/wp-content\/uploads\/2022\/03\/foto-2-1024x683.jpg 1024w, https:\/\/nicogcasares.eu\/wp-content\/uploads\/2022\/03\/foto-2-300x200.jpg 300w, https:\/\/nicogcasares.eu\/wp-content\/uploads\/2022\/03\/foto-2-768x512.jpg 768w, https:\/\/nicogcasares.eu\/wp-content\/uploads\/2022\/03\/foto-2-1536x1024.jpg 1536w, https:\/\/nicogcasares.eu\/wp-content\/uploads\/2022\/03\/foto-2-2048x1365.jpg 2048w, https:\/\/nicogcasares.eu\/wp-content\/uploads\/2022\/03\/foto-2-1080x720.jpg 1080w, https:\/\/nicogcasares.eu\/wp-content\/uploads\/2022\/03\/foto-2-1280x854.jpg 1280w, https:\/\/nicogcasares.eu\/wp-content\/uploads\/2022\/03\/foto-2-980x653.jpg 980w, https:\/\/nicogcasares.eu\/wp-content\/uploads\/2022\/03\/foto-2-480x320.jpg 480w\" sizes=\"(max-width: 1024px) 100vw, 1024px\" \/><\/figure>\n\n\n\n<figure class=\"wp-block-image size-large\"><img loading=\"lazy\" decoding=\"async\" width=\"1024\" height=\"602\" src=\"https:\/\/nicogcasares.eu\/wp-content\/uploads\/2022\/03\/foto-6-1024x602.jpg\" alt=\"\" class=\"wp-image-4151\" srcset=\"https:\/\/nicogcasares.eu\/wp-content\/uploads\/2022\/03\/foto-6-1024x602.jpg 1024w, https:\/\/nicogcasares.eu\/wp-content\/uploads\/2022\/03\/foto-6-300x177.jpg 300w, https:\/\/nicogcasares.eu\/wp-content\/uploads\/2022\/03\/foto-6-768x452.jpg 768w, https:\/\/nicogcasares.eu\/wp-content\/uploads\/2022\/03\/foto-6-1536x904.jpg 1536w, https:\/\/nicogcasares.eu\/wp-content\/uploads\/2022\/03\/foto-6-2048x1205.jpg 2048w, https:\/\/nicogcasares.eu\/wp-content\/uploads\/2022\/03\/foto-6-1080x635.jpg 1080w, https:\/\/nicogcasares.eu\/wp-content\/uploads\/2022\/03\/foto-6-1280x753.jpg 1280w, https:\/\/nicogcasares.eu\/wp-content\/uploads\/2022\/03\/foto-6-980x577.jpg 980w, https:\/\/nicogcasares.eu\/wp-content\/uploads\/2022\/03\/foto-6-480x282.jpg 480w\" sizes=\"(max-width: 1024px) 100vw, 1024px\" \/><\/figure>\n","protected":false},"excerpt":{"rendered":"<p>O eurodeputado, xunto a Alba Forno e Rom\u00e1n Santalla, debullou as li\u00f1as de axudas do Plan de Recuperaci\u00f3n, Transformaci\u00f3n e Resiliencia <\/p>\n","protected":false},"author":4,"featured_media":4130,"comment_status":"closed","ping_status":"closed","sticky":true,"template":"","format":"standard","meta":{"footnotes":""},"categories":[2,34,27,29,26,30,24,20,32,44],"tags":[378,372,357,76],"yoast_head":"<!-- This site is optimized with the Yoast SEO plugin v22.3 - https:\/\/yoast.com\/wordpress\/plugins\/seo\/ -->\n<title>&quot;Os fondos Next Generation son unha oportunidade \u00fanica para avanzar na modernizaci\u00f3n da estrutura produtiva de Lal\u00edn&quot; - Nico G. Casares %<\/title>\n<meta name=\"description\" content=\"O eurodeputado, xunto a Alba Forno e Rom\u00e1n Santalla, debullou as li\u00f1as de axudas do Plan de Recuperaci\u00f3n, Transformaci\u00f3n e Resiliencia\" \/>\n<meta name=\"robots\" content=\"index, follow, max-snippet:-1, max-image-preview:large, max-video-preview:-1\" \/>\n<link rel=\"canonical\" href=\"https:\/\/nicogcasares.eu\/gl\/gonzalez-casares-lalin-next-generation-oportunidade-modernizar-estrutura-produtiva\/\" \/>\n<meta property=\"og:locale\" content=\"gl_ES\" \/>\n<meta property=\"og:type\" content=\"article\" \/>\n<meta property=\"og:title\" content=\"&quot;Os fondos Next Generation son unha oportunidade \u00fanica para avanzar na modernizaci\u00f3n da estrutura produtiva de Lal\u00edn&quot;\" \/>\n<meta property=\"og:description\" content=\"O eurodeputado, xunto a Alba Forno e Rom\u00e1n Santalla, debullou as li\u00f1as de axudas do Plan de Recuperaci\u00f3n, Transformaci\u00f3n e Resiliencia\" \/>\n<meta property=\"og:url\" content=\"https:\/\/nicogcasares.eu\/gl\/gonzalez-casares-lalin-next-generation-oportunidade-modernizar-estrutura-produtiva\/\" \/>\n<meta property=\"og:site_name\" content=\"Nico G. Casares\" \/>\n<meta property=\"article:published_time\" content=\"2022-03-11T20:17:12+00:00\" \/>\n<meta property=\"article:modified_time\" content=\"2022-04-01T13:49:23+00:00\" \/>\n<meta property=\"og:image\" content=\"https:\/\/nicogcasares.eu\/wp-content\/uploads\/2022\/03\/foto-5-scaled.jpg\" \/>\n\t<meta property=\"og:image:width\" content=\"2560\" \/>\n\t<meta property=\"og:image:height\" content=\"1570\" \/>\n\t<meta property=\"og:image:type\" content=\"image\/jpeg\" \/>\n<meta name=\"author\" content=\"Nicol\u00e1s Gonz\u00e1lez Casares\" \/>\n<meta name=\"twitter:card\" content=\"summary_large_image\" \/>\n<meta name=\"twitter:title\" content=\"&quot;Os fondos Next Generation son unha oportunidade \u00fanica para avanzar na modernizaci\u00f3n da estrutura produtiva de Lal\u00edn&quot;\" \/>\n<meta name=\"twitter:description\" content=\"O eurodeputado, xunto a Alba Forno e Rom\u00e1n Santalla, debullou as li\u00f1as de axudas do Plan de Recuperaci\u00f3n, Transformaci\u00f3n e Resiliencia\" \/>\n<meta name=\"twitter:image\" content=\"https:\/\/nicogcasares.eu\/wp-content\/uploads\/2022\/03\/foto-5-scaled.jpg\" \/>\n<meta name=\"twitter:creator\" content=\"@nicogoncas\" \/>\n<meta name=\"twitter:site\" content=\"@nicogoncas\" \/>\n<meta name=\"twitter:label1\" content=\"Escrito por\" \/>\n\t<meta name=\"twitter:data1\" content=\"Nicol\u00e1s Gonz\u00e1lez Casares\" \/>\n\t<meta name=\"twitter:label2\" content=\"Tempo de lectura\" \/>\n\t<meta name=\"twitter:data2\" content=\"4 minutos\" \/>\n<script type=\"application\/ld+json\" class=\"yoast-schema-graph\">{\"@context\":\"https:\/\/schema.org\",\"@graph\":[{\"@type\":\"Article\",\"@id\":\"https:\/\/nicogcasares.eu\/gl\/gonzalez-casares-lalin-next-generation-oportunidade-modernizar-estrutura-produtiva\/#article\",\"isPartOf\":{\"@id\":\"https:\/\/nicogcasares.eu\/gl\/gonzalez-casares-lalin-next-generation-oportunidade-modernizar-estrutura-produtiva\/\"},\"author\":{\"name\":\"Nicol\u00e1s Gonz\u00e1lez Casares\",\"@id\":\"https:\/\/nicogcasares.eu\/gl\/#\/schema\/person\/75361477143e596646d48598a3778163\"},\"headline\":\"&#8220;Os fondos Next Generation son unha oportunidade \u00fanica para avanzar na modernizaci\u00f3n da estrutura produtiva de Lal\u00edn&#8221;\",\"datePublished\":\"2022-03-11T20:17:12+00:00\",\"dateModified\":\"2022-04-01T13:49:23+00:00\",\"mainEntityOfPage\":{\"@id\":\"https:\/\/nicogcasares.eu\/gl\/gonzalez-casares-lalin-next-generation-oportunidade-modernizar-estrutura-produtiva\/\"},\"wordCount\":700,\"publisher\":{\"@id\":\"https:\/\/nicogcasares.eu\/gl\/#\/schema\/person\/75361477143e596646d48598a3778163\"},\"image\":{\"@id\":\"https:\/\/nicogcasares.eu\/gl\/gonzalez-casares-lalin-next-generation-oportunidade-modernizar-estrutura-produtiva\/#primaryimage\"},\"thumbnailUrl\":\"https:\/\/nicogcasares.eu\/wp-content\/uploads\/2022\/03\/foto-5-scaled.jpg\",\"keywords\":[\"Lal\u00edn\",\"Next Generation\",\"Nicol\u00e1s Gonz\u00e1lez Casares\",\"Uni\u00f3n Europea\"],\"articleSection\":[\"Actividad\",\"Actividade\",\"Energ\u00eda\",\"Enerx\u00eda\",\"Industria\",\"Industria\",\"Medioambiente\",\"Noticias\",\"Novas\",\"Sociedade dixital\"],\"inLanguage\":\"gl-ES\"},{\"@type\":\"WebPage\",\"@id\":\"https:\/\/nicogcasares.eu\/gl\/gonzalez-casares-lalin-next-generation-oportunidade-modernizar-estrutura-produtiva\/\",\"url\":\"https:\/\/nicogcasares.eu\/gl\/gonzalez-casares-lalin-next-generation-oportunidade-modernizar-estrutura-produtiva\/\",\"name\":\"\\\"Os fondos Next Generation son unha oportunidade \u00fanica para avanzar na modernizaci\u00f3n da estrutura produtiva de Lal\u00edn\\\" - Nico G. Casares %\",\"isPartOf\":{\"@id\":\"https:\/\/nicogcasares.eu\/gl\/#website\"},\"primaryImageOfPage\":{\"@id\":\"https:\/\/nicogcasares.eu\/gl\/gonzalez-casares-lalin-next-generation-oportunidade-modernizar-estrutura-produtiva\/#primaryimage\"},\"image\":{\"@id\":\"https:\/\/nicogcasares.eu\/gl\/gonzalez-casares-lalin-next-generation-oportunidade-modernizar-estrutura-produtiva\/#primaryimage\"},\"thumbnailUrl\":\"https:\/\/nicogcasares.eu\/wp-content\/uploads\/2022\/03\/foto-5-scaled.jpg\",\"datePublished\":\"2022-03-11T20:17:12+00:00\",\"dateModified\":\"2022-04-01T13:49:23+00:00\",\"description\":\"O eurodeputado, xunto a Alba Forno e Rom\u00e1n Santalla, debullou as li\u00f1as de axudas do Plan de Recuperaci\u00f3n, Transformaci\u00f3n e Resiliencia\",\"breadcrumb\":{\"@id\":\"https:\/\/nicogcasares.eu\/gl\/gonzalez-casares-lalin-next-generation-oportunidade-modernizar-estrutura-produtiva\/#breadcrumb\"},\"inLanguage\":\"gl-ES\",\"potentialAction\":[{\"@type\":\"ReadAction\",\"target\":[\"https:\/\/nicogcasares.eu\/gl\/gonzalez-casares-lalin-next-generation-oportunidade-modernizar-estrutura-produtiva\/\"]}]},{\"@type\":\"ImageObject\",\"inLanguage\":\"gl-ES\",\"@id\":\"https:\/\/nicogcasares.eu\/gl\/gonzalez-casares-lalin-next-generation-oportunidade-modernizar-estrutura-produtiva\/#primaryimage\",\"url\":\"https:\/\/nicogcasares.eu\/wp-content\/uploads\/2022\/03\/foto-5-scaled.jpg\",\"contentUrl\":\"https:\/\/nicogcasares.eu\/wp-content\/uploads\/2022\/03\/foto-5-scaled.jpg\",\"width\":2560,\"height\":1570},{\"@type\":\"BreadcrumbList\",\"@id\":\"https:\/\/nicogcasares.eu\/gl\/gonzalez-casares-lalin-next-generation-oportunidade-modernizar-estrutura-produtiva\/#breadcrumb\",\"itemListElement\":[{\"@type\":\"ListItem\",\"position\":1,\"name\":\"Portada\",\"item\":\"https:\/\/nicogcasares.eu\/gl\/\"},{\"@type\":\"ListItem\",\"position\":2,\"name\":\"\u00abOs fondos Next Generation son unha oportunidade \u00fanica para avanzar na modernizaci\u00f3n da estrutura produtiva de Lal\u00edn\u00bb\"}]},{\"@type\":\"WebSite\",\"@id\":\"https:\/\/nicogcasares.eu\/gl\/#website\",\"url\":\"https:\/\/nicogcasares.eu\/gl\/\",\"name\":\"Nico G. Casares\",\"description\":\"Diputado socialista en el parlamento europeo\",\"publisher\":{\"@id\":\"https:\/\/nicogcasares.eu\/gl\/#\/schema\/person\/75361477143e596646d48598a3778163\"},\"potentialAction\":[{\"@type\":\"SearchAction\",\"target\":{\"@type\":\"EntryPoint\",\"urlTemplate\":\"https:\/\/nicogcasares.eu\/gl\/?s={search_term_string}\"},\"query-input\":\"required name=search_term_string\"}],\"inLanguage\":\"gl-ES\"},{\"@type\":[\"Person\",\"Organization\"],\"@id\":\"https:\/\/nicogcasares.eu\/gl\/#\/schema\/person\/75361477143e596646d48598a3778163\",\"name\":\"Nicol\u00e1s Gonz\u00e1lez Casares\",\"image\":{\"@type\":\"ImageObject\",\"inLanguage\":\"gl-ES\",\"@id\":\"https:\/\/nicogcasares.eu\/gl\/#\/schema\/person\/image\/\",\"url\":\"https:\/\/nicogcasares.eu\/wp-content\/uploads\/2021\/11\/20211006_EP-119139A_FMA_0895_RESIZED_S.jpg\",\"contentUrl\":\"https:\/\/nicogcasares.eu\/wp-content\/uploads\/2021\/11\/20211006_EP-119139A_FMA_0895_RESIZED_S.jpg\",\"width\":639,\"height\":426,\"caption\":\"Nicol\u00e1s Gonz\u00e1lez Casares\"},\"logo\":{\"@id\":\"https:\/\/nicogcasares.eu\/gl\/#\/schema\/person\/image\/\"},\"url\":\"https:\/\/nicogcasares.eu\/gl\/author\/nico\/\"}]}<\/script>\n<!-- \/ Yoast SEO plugin. -->","yoast_head_json":{"title":"\"Os fondos Next Generation son unha oportunidade \u00fanica para avanzar na modernizaci\u00f3n da estrutura produtiva de Lal\u00edn\" - Nico G. Casares %","description":"O eurodeputado, xunto a Alba Forno e Rom\u00e1n Santalla, debullou as li\u00f1as de axudas do Plan de Recuperaci\u00f3n, Transformaci\u00f3n e Resiliencia","robots":{"index":"index","follow":"follow","max-snippet":"max-snippet:-1","max-image-preview":"max-image-preview:large","max-video-preview":"max-video-preview:-1"},"canonical":"https:\/\/nicogcasares.eu\/gl\/gonzalez-casares-lalin-next-generation-oportunidade-modernizar-estrutura-produtiva\/","og_locale":"gl_ES","og_type":"article","og_title":"\"Os fondos Next Generation son unha oportunidade \u00fanica para avanzar na modernizaci\u00f3n da estrutura produtiva de Lal\u00edn\"","og_description":"O eurodeputado, xunto a Alba Forno e Rom\u00e1n Santalla, debullou as li\u00f1as de axudas do Plan de Recuperaci\u00f3n, Transformaci\u00f3n e Resiliencia","og_url":"https:\/\/nicogcasares.eu\/gl\/gonzalez-casares-lalin-next-generation-oportunidade-modernizar-estrutura-produtiva\/","og_site_name":"Nico G. Casares","article_published_time":"2022-03-11T20:17:12+00:00","article_modified_time":"2022-04-01T13:49:23+00:00","og_image":[{"width":2560,"height":1570,"url":"https:\/\/nicogcasares.eu\/wp-content\/uploads\/2022\/03\/foto-5-scaled.jpg","type":"image\/jpeg"}],"author":"Nicol\u00e1s Gonz\u00e1lez Casares","twitter_card":"summary_large_image","twitter_title":"\"Os fondos Next Generation son unha oportunidade \u00fanica para avanzar na modernizaci\u00f3n da estrutura produtiva de Lal\u00edn\"","twitter_description":"O eurodeputado, xunto a Alba Forno e Rom\u00e1n Santalla, debullou as li\u00f1as de axudas do Plan de Recuperaci\u00f3n, Transformaci\u00f3n e Resiliencia","twitter_image":"https:\/\/nicogcasares.eu\/wp-content\/uploads\/2022\/03\/foto-5-scaled.jpg","twitter_creator":"@nicogoncas","twitter_site":"@nicogoncas","twitter_misc":{"Escrito por":"Nicol\u00e1s Gonz\u00e1lez Casares","Tempo de lectura":"4 minutos"},"schema":{"@context":"https:\/\/schema.org","@graph":[{"@type":"Article","@id":"https:\/\/nicogcasares.eu\/gl\/gonzalez-casares-lalin-next-generation-oportunidade-modernizar-estrutura-produtiva\/#article","isPartOf":{"@id":"https:\/\/nicogcasares.eu\/gl\/gonzalez-casares-lalin-next-generation-oportunidade-modernizar-estrutura-produtiva\/"},"author":{"name":"Nicol\u00e1s Gonz\u00e1lez Casares","@id":"https:\/\/nicogcasares.eu\/gl\/#\/schema\/person\/75361477143e596646d48598a3778163"},"headline":"&#8220;Os fondos Next Generation son unha oportunidade \u00fanica para avanzar na modernizaci\u00f3n da estrutura produtiva de Lal\u00edn&#8221;","datePublished":"2022-03-11T20:17:12+00:00","dateModified":"2022-04-01T13:49:23+00:00","mainEntityOfPage":{"@id":"https:\/\/nicogcasares.eu\/gl\/gonzalez-casares-lalin-next-generation-oportunidade-modernizar-estrutura-produtiva\/"},"wordCount":700,"publisher":{"@id":"https:\/\/nicogcasares.eu\/gl\/#\/schema\/person\/75361477143e596646d48598a3778163"},"image":{"@id":"https:\/\/nicogcasares.eu\/gl\/gonzalez-casares-lalin-next-generation-oportunidade-modernizar-estrutura-produtiva\/#primaryimage"},"thumbnailUrl":"https:\/\/nicogcasares.eu\/wp-content\/uploads\/2022\/03\/foto-5-scaled.jpg","keywords":["Lal\u00edn","Next Generation","Nicol\u00e1s Gonz\u00e1lez Casares","Uni\u00f3n Europea"],"articleSection":["Actividad","Actividade","Energ\u00eda","Enerx\u00eda","Industria","Industria","Medioambiente","Noticias","Novas","Sociedade dixital"],"inLanguage":"gl-ES"},{"@type":"WebPage","@id":"https:\/\/nicogcasares.eu\/gl\/gonzalez-casares-lalin-next-generation-oportunidade-modernizar-estrutura-produtiva\/","url":"https:\/\/nicogcasares.eu\/gl\/gonzalez-casares-lalin-next-generation-oportunidade-modernizar-estrutura-produtiva\/","name":"\"Os fondos Next Generation son unha oportunidade \u00fanica para avanzar na modernizaci\u00f3n da estrutura produtiva de Lal\u00edn\" - Nico G. Casares %","isPartOf":{"@id":"https:\/\/nicogcasares.eu\/gl\/#website"},"primaryImageOfPage":{"@id":"https:\/\/nicogcasares.eu\/gl\/gonzalez-casares-lalin-next-generation-oportunidade-modernizar-estrutura-produtiva\/#primaryimage"},"image":{"@id":"https:\/\/nicogcasares.eu\/gl\/gonzalez-casares-lalin-next-generation-oportunidade-modernizar-estrutura-produtiva\/#primaryimage"},"thumbnailUrl":"https:\/\/nicogcasares.eu\/wp-content\/uploads\/2022\/03\/foto-5-scaled.jpg","datePublished":"2022-03-11T20:17:12+00:00","dateModified":"2022-04-01T13:49:23+00:00","description":"O eurodeputado, xunto a Alba Forno e Rom\u00e1n Santalla, debullou as li\u00f1as de axudas do Plan de Recuperaci\u00f3n, Transformaci\u00f3n e Resiliencia","breadcrumb":{"@id":"https:\/\/nicogcasares.eu\/gl\/gonzalez-casares-lalin-next-generation-oportunidade-modernizar-estrutura-produtiva\/#breadcrumb"},"inLanguage":"gl-ES","potentialAction":[{"@type":"ReadAction","target":["https:\/\/nicogcasares.eu\/gl\/gonzalez-casares-lalin-next-generation-oportunidade-modernizar-estrutura-produtiva\/"]}]},{"@type":"ImageObject","inLanguage":"gl-ES","@id":"https:\/\/nicogcasares.eu\/gl\/gonzalez-casares-lalin-next-generation-oportunidade-modernizar-estrutura-produtiva\/#primaryimage","url":"https:\/\/nicogcasares.eu\/wp-content\/uploads\/2022\/03\/foto-5-scaled.jpg","contentUrl":"https:\/\/nicogcasares.eu\/wp-content\/uploads\/2022\/03\/foto-5-scaled.jpg","width":2560,"height":1570},{"@type":"BreadcrumbList","@id":"https:\/\/nicogcasares.eu\/gl\/gonzalez-casares-lalin-next-generation-oportunidade-modernizar-estrutura-produtiva\/#breadcrumb","itemListElement":[{"@type":"ListItem","position":1,"name":"Portada","item":"https:\/\/nicogcasares.eu\/gl\/"},{"@type":"ListItem","position":2,"name":"\u00abOs fondos Next Generation son unha oportunidade \u00fanica para avanzar na modernizaci\u00f3n da estrutura produtiva de Lal\u00edn\u00bb"}]},{"@type":"WebSite","@id":"https:\/\/nicogcasares.eu\/gl\/#website","url":"https:\/\/nicogcasares.eu\/gl\/","name":"Nico G. Casares","description":"Diputado socialista en el parlamento europeo","publisher":{"@id":"https:\/\/nicogcasares.eu\/gl\/#\/schema\/person\/75361477143e596646d48598a3778163"},"potentialAction":[{"@type":"SearchAction","target":{"@type":"EntryPoint","urlTemplate":"https:\/\/nicogcasares.eu\/gl\/?s={search_term_string}"},"query-input":"required name=search_term_string"}],"inLanguage":"gl-ES"},{"@type":["Person","Organization"],"@id":"https:\/\/nicogcasares.eu\/gl\/#\/schema\/person\/75361477143e596646d48598a3778163","name":"Nicol\u00e1s Gonz\u00e1lez Casares","image":{"@type":"ImageObject","inLanguage":"gl-ES","@id":"https:\/\/nicogcasares.eu\/gl\/#\/schema\/person\/image\/","url":"https:\/\/nicogcasares.eu\/wp-content\/uploads\/2021\/11\/20211006_EP-119139A_FMA_0895_RESIZED_S.jpg","contentUrl":"https:\/\/nicogcasares.eu\/wp-content\/uploads\/2021\/11\/20211006_EP-119139A_FMA_0895_RESIZED_S.jpg","width":639,"height":426,"caption":"Nicol\u00e1s Gonz\u00e1lez Casares"},"logo":{"@id":"https:\/\/nicogcasares.eu\/gl\/#\/schema\/person\/image\/"},"url":"https:\/\/nicogcasares.eu\/gl\/author\/nico\/"}]}},"_links":{"self":[{"href":"https:\/\/nicogcasares.eu\/gl\/wp-json\/wp\/v2\/posts\/4125"}],"collection":[{"href":"https:\/\/nicogcasares.eu\/gl\/wp-json\/wp\/v2\/posts"}],"about":[{"href":"https:\/\/nicogcasares.eu\/gl\/wp-json\/wp\/v2\/types\/post"}],"author":[{"embeddable":true,"href":"https:\/\/nicogcasares.eu\/gl\/wp-json\/wp\/v2\/users\/4"}],"replies":[{"embeddable":true,"href":"https:\/\/nicogcasares.eu\/gl\/wp-json\/wp\/v2\/comments?post=4125"}],"version-history":[{"count":8,"href":"https:\/\/nicogcasares.eu\/gl\/wp-json\/wp\/v2\/posts\/4125\/revisions"}],"predecessor-version":[{"id":4155,"href":"https:\/\/nicogcasares.eu\/gl\/wp-json\/wp\/v2\/posts\/4125\/revisions\/4155"}],"wp:featuredmedia":[{"embeddable":true,"href":"https:\/\/nicogcasares.eu\/gl\/wp-json\/wp\/v2\/media\/4130"}],"wp:attachment":[{"href":"https:\/\/nicogcasares.eu\/gl\/wp-json\/wp\/v2\/media?parent=4125"}],"wp:term":[{"taxonomy":"category","embeddable":true,"href":"https:\/\/nicogcasares.eu\/gl\/wp-json\/wp\/v2\/categories?post=4125"},{"taxonomy":"post_tag","embeddable":true,"href":"https:\/\/nicogcasares.eu\/gl\/wp-json\/wp\/v2\/tags?post=4125"}],"curies":[{"name":"wp","href":"https:\/\/api.w.org\/{rel}","templated":true}]}}