{"id":4160,"date":"2022-03-17T12:25:52","date_gmt":"2022-03-17T10:25:52","guid":{"rendered":"https:\/\/nicogcasares.eu\/?p=4160"},"modified":"2022-04-01T15:51:09","modified_gmt":"2022-04-01T13:51:09","slug":"europa-ante-guerra-energetica","status":"publish","type":"post","link":"https:\/\/nicogcasares.eu\/gl\/europa-ante-guerra-energetica\/","title":{"rendered":"Europa ante la guerra energ\u00e9tica"},"content":{"rendered":"\n<p style=\"font-size:22px\"><strong>   ESTE ARTIGO FOI PUBLICADO EN La Voz de Galicia O 11 DE MARZO. <a href=\"https:\/\/www.lavozdegalicia.es\/noticia\/opinion\/2022\/03\/11\/europa-ante-guerra-energetica\/0003_202203G11P20991.htm\" target=\"_blank\" rel=\"noreferrer noopener\">AQU\u00cd PODES ATOPALO<\/a><a href=\"https:\/\/www.eldiario.es\/euroblog\/justicia-social-lucha-cancer_132_8732709.html?fbclid=IwAR10BMb9VVkTADGKXZOvP0x_nD0XtLVPIzGgAnbPC4KAOgOsDQKzVs_giMc\" target=\"_blank\" rel=\"noreferrer noopener\"> <\/a><\/strong><\/p>\n\n\n\n<p class=\"has-black-color has-text-color has-medium-font-size\"> La <strong>guerra <\/strong>avanza por su tercera semana, los efectos econ\u00f3micos ya se empiezan a sentir en los hogares. El aumento de precios que percib\u00edamos hasta ahora en combustibles y electricidad proven\u00eda del panorama post-pand\u00e9mico y se esperaba limitado en el tiempo. La falta de existencias de microchips o que ciertos alimentos subieran nada tiene que ver con lo que est\u00e1 por venir tras la invasi\u00f3n rusa. Si bien es cierto que la guerra ha empezado hace unos d\u00edas, la batalla energ\u00e9tica llevaba meses en marcha. La subida de los precios del gas parec\u00eda esconder la mano de <strong>Putin <\/strong>jugando con el suministro, como se ha ido demostrando: apostaba a que podr\u00eda contener la respuesta europea ante un eventual conflicto mediante nuestra dependencia energ\u00e9tica, al tiempo que aumentaba su caja para financiar la guerra y minorar el impacto de las sanciones.<\/p>\n\n\n\n<p class=\"has-black-color has-text-color has-medium-font-size\"> Desde el Parlamento Europeo y desde gobiernos como el de Espa\u00f1a, pa\u00eds que por su estructura presenta una traslaci\u00f3n r\u00e1pida de precios desde el mercado el\u00e9ctrico mayorista a los recibos de los consumidores, llevamos meses reclamando una modificaci\u00f3n de las reglas del mercado mayorista el\u00e9ctrico europeo que conforman los precios de la electricidad. La Comisi\u00f3n Europea se ha resistido y ha actuado con lentitud ante el incremento de precios, si bien en la comunicaci\u00f3n hecha p\u00fablica esta semana ha acabado cediendo y avanzado medidas inspiradas en la respuesta dada por el Gobierno espa\u00f1ol, aunque a\u00fan falta el desacople de los precios del <strong>gas natural <\/strong>del precio del mercado mayorista el\u00e9ctrico, algo que estoy seguro que veremos en d\u00edas o semanas.<\/p>\n\n\n\n<p class=\"has-black-color has-text-color has-medium-font-size\"> Desde la UE y los Estados miembros debe hacerse todo lo posible para paliar las consecuencias econ\u00f3micas de la deriva criminal de Putin. No obstante, en el \u00e1mbito energ\u00e9tico se abre una disyuntiva que encierra dilemas \u00e9ticos: dejar de comprar combustibles f\u00f3siles a Rusia abruptamente o hacerlo de forma progresiva, como ha propuesto la Comisi\u00f3n Europea, esa es la cuesti\u00f3n que estar\u00e1 estos d\u00edas sobre la mesa de los l\u00edderes de los 27 estados miembros.<\/p>\n\n\n\n<p class=\"has-black-color has-text-color has-medium-font-size\"> Desprenderse de los combustibles f\u00f3siles rusos es posible, pero muy doloroso. Seg\u00fan el <em>think tank<\/em> europeo Bruegel, para ello habr\u00eda que conseguir gas por medio mundo, pagando precios nunca vistos, y, al mismo tiempo, ahorrar much\u00edsima energ\u00eda para superar el pr\u00f3ximo invierno. El pa\u00eds m\u00e1s penalizado en t\u00e9rminos de seguridad de suministro ser\u00eda Alemania, que no tiene en estos momentos terminales capaces de recibir gas natural licuado, pero al menos Europa no contribuir\u00eda a financiar la caja de resistencia rusa para continuar con la aniquilaci\u00f3n de Ucrania, como bien ha explicado Borrell esta semana. Ese escenario conlleva un gran par\u00f3n de la econom\u00eda y aceptar que veremos precios muy elevados en productos b\u00e1sicos. El escenario de reducci\u00f3n progresiva nos golpear\u00eda con menos contundencia, pero seguir\u00eda transfiriendo cientos de millones de euros diarios a Putin a cambio de mayor seguridad energ\u00e9tica, siempre y cuando el propio tirano ruso no decida cortar el suministro. En t\u00e9rminos energ\u00e9ticos, lo \u00fanico que ha quedado claro es que alejarse de los combustibles f\u00f3siles y fomentar las renovables ya no es solo un deber moral para combatir el cambio clim\u00e1tico, es la necesidad prioritaria para garantizar nuestra seguridad y modelo de sociedad.<\/p>\n\n\n\n<p class=\"has-black-color has-text-color has-medium-font-size\"> Con ese debate sobre la mesa se encontrar\u00e1n estos d\u00edas los l\u00edderes de los Veintisiete, acompa\u00f1ado de propuestas novedosas para aumentar la autonom\u00eda estrat\u00e9gica: ya se discute la posibilidad de crear un fondo espec\u00edfico que financie las necesidades energ\u00e9ticas o de seguridad al modo del Fondo Europeo de Recuperaci\u00f3n del covid, con deuda mancomunada para aliviar las penalidades de la guerra (atender a millones de refugiados, mejorar nuestra seguridad, paliar los efectos de la inflaci\u00f3n a los m\u00e1s vulnerables, etc\u00e9tera) en un tiempo en el que a\u00fan nos estamos recuperando de la pandemia. Si esto que escribo lo hubiera hecho hace tres a\u00f1os, apostar\u00eda a que esa propuesta no prosperar\u00eda. Sin embargo, tras la pandemia la UE ha aprendido muchas lecciones. Ahora, casi todo es posible.<\/p>\n","protected":false},"excerpt":{"rendered":"<p>La guerra avanza por su tercera semana, los efectos econ\u00f3micos ya se empiezan a sentir en los hogares<\/p>\n","protected":false},"author":4,"featured_media":4161,"comment_status":"closed","ping_status":"closed","sticky":true,"template":"","format":"standard","meta":{"footnotes":""},"categories":[29,30,32,71],"tags":[345,382,357,383],"yoast_head":"<!-- This site is optimized with the Yoast SEO plugin v22.3 - https:\/\/yoast.com\/wordpress\/plugins\/seo\/ -->\n<title>Europa ante la guerra energ\u00e9tica - Nico G. Casares<\/title>\n<meta name=\"description\" content=\"La guerra avanza por su tercera semana y los efectos econ\u00f3micos se empiezan a sentir en los hogares\" \/>\n<meta name=\"robots\" content=\"index, follow, max-snippet:-1, max-image-preview:large, max-video-preview:-1\" \/>\n<link rel=\"canonical\" href=\"https:\/\/nicogcasares.eu\/gl\/europa-ante-guerra-energetica\/\" \/>\n<meta property=\"og:locale\" content=\"gl_ES\" \/>\n<meta property=\"og:type\" content=\"article\" \/>\n<meta property=\"og:title\" content=\"Europa ante la guerra energ\u00e9tica\" \/>\n<meta property=\"og:description\" content=\"La guerra avanza por su tercera semana, los efectos econ\u00f3micos ya se empiezan a sentir en los hogares\" \/>\n<meta property=\"og:url\" content=\"https:\/\/nicogcasares.eu\/gl\/europa-ante-guerra-energetica\/\" \/>\n<meta property=\"og:site_name\" content=\"Nico G. Casares\" \/>\n<meta property=\"article:published_time\" content=\"2022-03-17T10:25:52+00:00\" \/>\n<meta property=\"article:modified_time\" content=\"2022-04-01T13:51:09+00:00\" \/>\n<meta property=\"og:image\" content=\"https:\/\/nicogcasares.eu\/wp-content\/uploads\/2022\/03\/FOCKE-STRANGMANN-Efe.jpg\" \/>\n\t<meta property=\"og:image:width\" content=\"1033\" \/>\n\t<meta property=\"og:image:height\" content=\"577\" \/>\n\t<meta property=\"og:image:type\" content=\"image\/jpeg\" \/>\n<meta name=\"author\" content=\"Nicol\u00e1s Gonz\u00e1lez Casares\" \/>\n<meta name=\"twitter:card\" content=\"summary_large_image\" \/>\n<meta name=\"twitter:title\" content=\"Europa ante la guerra energ\u00e9tica\" \/>\n<meta name=\"twitter:description\" content=\"La guerra avanza por su tercera semana, los efectos econ\u00f3micos ya se empiezan a sentir en los hogares\" \/>\n<meta name=\"twitter:image\" content=\"https:\/\/nicogcasares.eu\/wp-content\/uploads\/2022\/03\/FOCKE-STRANGMANN-Efe.jpg\" \/>\n<meta name=\"twitter:creator\" content=\"@nicogoncas\" \/>\n<meta name=\"twitter:site\" content=\"@nicogoncas\" \/>\n<meta name=\"twitter:label1\" content=\"Escrito por\" \/>\n\t<meta name=\"twitter:data1\" content=\"Nicol\u00e1s Gonz\u00e1lez Casares\" \/>\n\t<meta name=\"twitter:label2\" content=\"Tempo de lectura\" \/>\n\t<meta name=\"twitter:data2\" content=\"4 minutos\" \/>\n<script type=\"application\/ld+json\" class=\"yoast-schema-graph\">{\"@context\":\"https:\/\/schema.org\",\"@graph\":[{\"@type\":\"Article\",\"@id\":\"https:\/\/nicogcasares.eu\/gl\/europa-ante-guerra-energetica\/#article\",\"isPartOf\":{\"@id\":\"https:\/\/nicogcasares.eu\/gl\/europa-ante-guerra-energetica\/\"},\"author\":{\"name\":\"Nicol\u00e1s Gonz\u00e1lez Casares\",\"@id\":\"https:\/\/nicogcasares.eu\/gl\/#\/schema\/person\/75361477143e596646d48598a3778163\"},\"headline\":\"Europa ante la guerra energ\u00e9tica\",\"datePublished\":\"2022-03-17T10:25:52+00:00\",\"dateModified\":\"2022-04-01T13:51:09+00:00\",\"mainEntityOfPage\":{\"@id\":\"https:\/\/nicogcasares.eu\/gl\/europa-ante-guerra-energetica\/\"},\"wordCount\":747,\"publisher\":{\"@id\":\"https:\/\/nicogcasares.eu\/gl\/#\/schema\/person\/75361477143e596646d48598a3778163\"},\"image\":{\"@id\":\"https:\/\/nicogcasares.eu\/gl\/europa-ante-guerra-energetica\/#primaryimage\"},\"thumbnailUrl\":\"https:\/\/nicogcasares.eu\/wp-content\/uploads\/2022\/03\/FOCKE-STRANGMANN-Efe.jpg\",\"keywords\":[\"enerx\u00eda\",\"guerra\",\"Nicol\u00e1s Gonz\u00e1lez Casares\",\"Ucra\u00edna\"],\"articleSection\":[\"Enerx\u00eda\",\"Industria\",\"Novas\",\"Prensa\"],\"inLanguage\":\"gl-ES\"},{\"@type\":\"WebPage\",\"@id\":\"https:\/\/nicogcasares.eu\/gl\/europa-ante-guerra-energetica\/\",\"url\":\"https:\/\/nicogcasares.eu\/gl\/europa-ante-guerra-energetica\/\",\"name\":\"Europa ante la guerra energ\u00e9tica - Nico G. Casares\",\"isPartOf\":{\"@id\":\"https:\/\/nicogcasares.eu\/gl\/#website\"},\"primaryImageOfPage\":{\"@id\":\"https:\/\/nicogcasares.eu\/gl\/europa-ante-guerra-energetica\/#primaryimage\"},\"image\":{\"@id\":\"https:\/\/nicogcasares.eu\/gl\/europa-ante-guerra-energetica\/#primaryimage\"},\"thumbnailUrl\":\"https:\/\/nicogcasares.eu\/wp-content\/uploads\/2022\/03\/FOCKE-STRANGMANN-Efe.jpg\",\"datePublished\":\"2022-03-17T10:25:52+00:00\",\"dateModified\":\"2022-04-01T13:51:09+00:00\",\"description\":\"La guerra avanza por su tercera semana y los efectos econ\u00f3micos se empiezan a sentir en los hogares\",\"breadcrumb\":{\"@id\":\"https:\/\/nicogcasares.eu\/gl\/europa-ante-guerra-energetica\/#breadcrumb\"},\"inLanguage\":\"gl-ES\",\"potentialAction\":[{\"@type\":\"ReadAction\",\"target\":[\"https:\/\/nicogcasares.eu\/gl\/europa-ante-guerra-energetica\/\"]}]},{\"@type\":\"ImageObject\",\"inLanguage\":\"gl-ES\",\"@id\":\"https:\/\/nicogcasares.eu\/gl\/europa-ante-guerra-energetica\/#primaryimage\",\"url\":\"https:\/\/nicogcasares.eu\/wp-content\/uploads\/2022\/03\/FOCKE-STRANGMANN-Efe.jpg\",\"contentUrl\":\"https:\/\/nicogcasares.eu\/wp-content\/uploads\/2022\/03\/FOCKE-STRANGMANN-Efe.jpg\",\"width\":1033,\"height\":577},{\"@type\":\"BreadcrumbList\",\"@id\":\"https:\/\/nicogcasares.eu\/gl\/europa-ante-guerra-energetica\/#breadcrumb\",\"itemListElement\":[{\"@type\":\"ListItem\",\"position\":1,\"name\":\"Portada\",\"item\":\"https:\/\/nicogcasares.eu\/gl\/\"},{\"@type\":\"ListItem\",\"position\":2,\"name\":\"Europa ante la guerra energ\u00e9tica\"}]},{\"@type\":\"WebSite\",\"@id\":\"https:\/\/nicogcasares.eu\/gl\/#website\",\"url\":\"https:\/\/nicogcasares.eu\/gl\/\",\"name\":\"Nico G. Casares\",\"description\":\"Diputado socialista en el parlamento europeo\",\"publisher\":{\"@id\":\"https:\/\/nicogcasares.eu\/gl\/#\/schema\/person\/75361477143e596646d48598a3778163\"},\"potentialAction\":[{\"@type\":\"SearchAction\",\"target\":{\"@type\":\"EntryPoint\",\"urlTemplate\":\"https:\/\/nicogcasares.eu\/gl\/?s={search_term_string}\"},\"query-input\":\"required name=search_term_string\"}],\"inLanguage\":\"gl-ES\"},{\"@type\":[\"Person\",\"Organization\"],\"@id\":\"https:\/\/nicogcasares.eu\/gl\/#\/schema\/person\/75361477143e596646d48598a3778163\",\"name\":\"Nicol\u00e1s Gonz\u00e1lez Casares\",\"image\":{\"@type\":\"ImageObject\",\"inLanguage\":\"gl-ES\",\"@id\":\"https:\/\/nicogcasares.eu\/gl\/#\/schema\/person\/image\/\",\"url\":\"https:\/\/nicogcasares.eu\/wp-content\/uploads\/2021\/11\/20211006_EP-119139A_FMA_0895_RESIZED_S.jpg\",\"contentUrl\":\"https:\/\/nicogcasares.eu\/wp-content\/uploads\/2021\/11\/20211006_EP-119139A_FMA_0895_RESIZED_S.jpg\",\"width\":639,\"height\":426,\"caption\":\"Nicol\u00e1s Gonz\u00e1lez Casares\"},\"logo\":{\"@id\":\"https:\/\/nicogcasares.eu\/gl\/#\/schema\/person\/image\/\"},\"url\":\"https:\/\/nicogcasares.eu\/gl\/author\/nico\/\"}]}<\/script>\n<!-- \/ Yoast SEO plugin. -->","yoast_head_json":{"title":"Europa ante la guerra energ\u00e9tica - Nico G. Casares","description":"La guerra avanza por su tercera semana y los efectos econ\u00f3micos se empiezan a sentir en los hogares","robots":{"index":"index","follow":"follow","max-snippet":"max-snippet:-1","max-image-preview":"max-image-preview:large","max-video-preview":"max-video-preview:-1"},"canonical":"https:\/\/nicogcasares.eu\/gl\/europa-ante-guerra-energetica\/","og_locale":"gl_ES","og_type":"article","og_title":"Europa ante la guerra energ\u00e9tica","og_description":"La guerra avanza por su tercera semana, los efectos econ\u00f3micos ya se empiezan a sentir en los hogares","og_url":"https:\/\/nicogcasares.eu\/gl\/europa-ante-guerra-energetica\/","og_site_name":"Nico G. Casares","article_published_time":"2022-03-17T10:25:52+00:00","article_modified_time":"2022-04-01T13:51:09+00:00","og_image":[{"width":1033,"height":577,"url":"https:\/\/nicogcasares.eu\/wp-content\/uploads\/2022\/03\/FOCKE-STRANGMANN-Efe.jpg","type":"image\/jpeg"}],"author":"Nicol\u00e1s Gonz\u00e1lez Casares","twitter_card":"summary_large_image","twitter_title":"Europa ante la guerra energ\u00e9tica","twitter_description":"La guerra avanza por su tercera semana, los efectos econ\u00f3micos ya se empiezan a sentir en los hogares","twitter_image":"https:\/\/nicogcasares.eu\/wp-content\/uploads\/2022\/03\/FOCKE-STRANGMANN-Efe.jpg","twitter_creator":"@nicogoncas","twitter_site":"@nicogoncas","twitter_misc":{"Escrito por":"Nicol\u00e1s Gonz\u00e1lez Casares","Tempo de lectura":"4 minutos"},"schema":{"@context":"https:\/\/schema.org","@graph":[{"@type":"Article","@id":"https:\/\/nicogcasares.eu\/gl\/europa-ante-guerra-energetica\/#article","isPartOf":{"@id":"https:\/\/nicogcasares.eu\/gl\/europa-ante-guerra-energetica\/"},"author":{"name":"Nicol\u00e1s Gonz\u00e1lez Casares","@id":"https:\/\/nicogcasares.eu\/gl\/#\/schema\/person\/75361477143e596646d48598a3778163"},"headline":"Europa ante la guerra energ\u00e9tica","datePublished":"2022-03-17T10:25:52+00:00","dateModified":"2022-04-01T13:51:09+00:00","mainEntityOfPage":{"@id":"https:\/\/nicogcasares.eu\/gl\/europa-ante-guerra-energetica\/"},"wordCount":747,"publisher":{"@id":"https:\/\/nicogcasares.eu\/gl\/#\/schema\/person\/75361477143e596646d48598a3778163"},"image":{"@id":"https:\/\/nicogcasares.eu\/gl\/europa-ante-guerra-energetica\/#primaryimage"},"thumbnailUrl":"https:\/\/nicogcasares.eu\/wp-content\/uploads\/2022\/03\/FOCKE-STRANGMANN-Efe.jpg","keywords":["enerx\u00eda","guerra","Nicol\u00e1s Gonz\u00e1lez Casares","Ucra\u00edna"],"articleSection":["Enerx\u00eda","Industria","Novas","Prensa"],"inLanguage":"gl-ES"},{"@type":"WebPage","@id":"https:\/\/nicogcasares.eu\/gl\/europa-ante-guerra-energetica\/","url":"https:\/\/nicogcasares.eu\/gl\/europa-ante-guerra-energetica\/","name":"Europa ante la guerra energ\u00e9tica - Nico G. Casares","isPartOf":{"@id":"https:\/\/nicogcasares.eu\/gl\/#website"},"primaryImageOfPage":{"@id":"https:\/\/nicogcasares.eu\/gl\/europa-ante-guerra-energetica\/#primaryimage"},"image":{"@id":"https:\/\/nicogcasares.eu\/gl\/europa-ante-guerra-energetica\/#primaryimage"},"thumbnailUrl":"https:\/\/nicogcasares.eu\/wp-content\/uploads\/2022\/03\/FOCKE-STRANGMANN-Efe.jpg","datePublished":"2022-03-17T10:25:52+00:00","dateModified":"2022-04-01T13:51:09+00:00","description":"La guerra avanza por su tercera semana y los efectos econ\u00f3micos se empiezan a sentir en los hogares","breadcrumb":{"@id":"https:\/\/nicogcasares.eu\/gl\/europa-ante-guerra-energetica\/#breadcrumb"},"inLanguage":"gl-ES","potentialAction":[{"@type":"ReadAction","target":["https:\/\/nicogcasares.eu\/gl\/europa-ante-guerra-energetica\/"]}]},{"@type":"ImageObject","inLanguage":"gl-ES","@id":"https:\/\/nicogcasares.eu\/gl\/europa-ante-guerra-energetica\/#primaryimage","url":"https:\/\/nicogcasares.eu\/wp-content\/uploads\/2022\/03\/FOCKE-STRANGMANN-Efe.jpg","contentUrl":"https:\/\/nicogcasares.eu\/wp-content\/uploads\/2022\/03\/FOCKE-STRANGMANN-Efe.jpg","width":1033,"height":577},{"@type":"BreadcrumbList","@id":"https:\/\/nicogcasares.eu\/gl\/europa-ante-guerra-energetica\/#breadcrumb","itemListElement":[{"@type":"ListItem","position":1,"name":"Portada","item":"https:\/\/nicogcasares.eu\/gl\/"},{"@type":"ListItem","position":2,"name":"Europa ante la guerra energ\u00e9tica"}]},{"@type":"WebSite","@id":"https:\/\/nicogcasares.eu\/gl\/#website","url":"https:\/\/nicogcasares.eu\/gl\/","name":"Nico G. Casares","description":"Diputado socialista en el parlamento europeo","publisher":{"@id":"https:\/\/nicogcasares.eu\/gl\/#\/schema\/person\/75361477143e596646d48598a3778163"},"potentialAction":[{"@type":"SearchAction","target":{"@type":"EntryPoint","urlTemplate":"https:\/\/nicogcasares.eu\/gl\/?s={search_term_string}"},"query-input":"required name=search_term_string"}],"inLanguage":"gl-ES"},{"@type":["Person","Organization"],"@id":"https:\/\/nicogcasares.eu\/gl\/#\/schema\/person\/75361477143e596646d48598a3778163","name":"Nicol\u00e1s Gonz\u00e1lez Casares","image":{"@type":"ImageObject","inLanguage":"gl-ES","@id":"https:\/\/nicogcasares.eu\/gl\/#\/schema\/person\/image\/","url":"https:\/\/nicogcasares.eu\/wp-content\/uploads\/2021\/11\/20211006_EP-119139A_FMA_0895_RESIZED_S.jpg","contentUrl":"https:\/\/nicogcasares.eu\/wp-content\/uploads\/2021\/11\/20211006_EP-119139A_FMA_0895_RESIZED_S.jpg","width":639,"height":426,"caption":"Nicol\u00e1s Gonz\u00e1lez Casares"},"logo":{"@id":"https:\/\/nicogcasares.eu\/gl\/#\/schema\/person\/image\/"},"url":"https:\/\/nicogcasares.eu\/gl\/author\/nico\/"}]}},"_links":{"self":[{"href":"https:\/\/nicogcasares.eu\/gl\/wp-json\/wp\/v2\/posts\/4160"}],"collection":[{"href":"https:\/\/nicogcasares.eu\/gl\/wp-json\/wp\/v2\/posts"}],"about":[{"href":"https:\/\/nicogcasares.eu\/gl\/wp-json\/wp\/v2\/types\/post"}],"author":[{"embeddable":true,"href":"https:\/\/nicogcasares.eu\/gl\/wp-json\/wp\/v2\/users\/4"}],"replies":[{"embeddable":true,"href":"https:\/\/nicogcasares.eu\/gl\/wp-json\/wp\/v2\/comments?post=4160"}],"version-history":[{"count":1,"href":"https:\/\/nicogcasares.eu\/gl\/wp-json\/wp\/v2\/posts\/4160\/revisions"}],"predecessor-version":[{"id":4164,"href":"https:\/\/nicogcasares.eu\/gl\/wp-json\/wp\/v2\/posts\/4160\/revisions\/4164"}],"wp:featuredmedia":[{"embeddable":true,"href":"https:\/\/nicogcasares.eu\/gl\/wp-json\/wp\/v2\/media\/4161"}],"wp:attachment":[{"href":"https:\/\/nicogcasares.eu\/gl\/wp-json\/wp\/v2\/media?parent=4160"}],"wp:term":[{"taxonomy":"category","embeddable":true,"href":"https:\/\/nicogcasares.eu\/gl\/wp-json\/wp\/v2\/categories?post=4160"},{"taxonomy":"post_tag","embeddable":true,"href":"https:\/\/nicogcasares.eu\/gl\/wp-json\/wp\/v2\/tags?post=4160"}],"curies":[{"name":"wp","href":"https:\/\/api.w.org\/{rel}","templated":true}]}}