{"id":4215,"date":"2022-04-04T22:36:50","date_gmt":"2022-04-04T20:36:50","guid":{"rendered":"https:\/\/nicogcasares.eu\/?p=4215"},"modified":"2022-04-05T15:04:18","modified_gmt":"2022-04-05T13:04:18","slug":"de-xuno-a-marzo-os-esforzos-socialistas-para-lograr-o-reconecemento-da-anomalia-electrica-iberica","status":"publish","type":"post","link":"https:\/\/nicogcasares.eu\/gl\/de-xuno-a-marzo-os-esforzos-socialistas-para-lograr-o-reconecemento-da-anomalia-electrica-iberica\/","title":{"rendered":"De xu\u00f1o a marzo: os esforzos socialistas para lograr o reco\u00f1ecemento da \u201canomal\u00eda el\u00e9ctrica ib\u00e9rica\u201d"},"content":{"rendered":"\n<p class=\"has-black-color has-text-color has-medium-font-size\"><strong>A Uni\u00f3n Europea abre a porta a Espa\u00f1a e Portugal para intervir temporalmente no mercado enerx\u00e9tico e poder aliviar a carga de consumidores e empresas<\/strong><\/p>\n\n\n\n<p class=\"has-black-color has-text-color has-medium-font-size\"> O ver\u00e1n pasado, <strong>o prezo da electricidade iniciaba unha escalada sen precedentes<\/strong> e bat\u00eda m\u00e1ximos hist\u00f3ricos. O aumento da demanda mundial de enerx\u00eda, particularmente do gas, ao tempo que se aceleraba a recuperaci\u00f3n econ\u00f3mica tralo impacto da COVID-19, provocaba que a factura el\u00e9ctrica se incrementara a golpes axigantados, dado que o <strong>efecto da suba dos prezos do gas<\/strong> nos custos da electricidade \u00e9 nove veces maior que a do CO\u2082 no Sistema Europeo de Dereitos Humanos (EU ETS).<\/p>\n\n\n\n<p class=\"has-black-color has-text-color has-medium-font-size\"> Ante esta situaci\u00f3n, o Goberno espa\u00f1ol xa instaba a Europa a <strong>repensar o mercado enerx\u00e9tico<\/strong>. <a href=\"https:\/\/cincodias.elpais.com\/cincodias\/2021\/07\/21\/companias\/1626881190_153059.html\" target=\"_blank\" rel=\"noreferrer noopener\">En xu\u00f1o, Teresa Ribera, vicepresidenta terceira e ministra para a Transici\u00f3n Ecol\u00f3xica<\/a>, dirix\u00edase a Frans Timmermans, vicepresidente da Comisi\u00f3n Europea (CE) para reiterar a necesidade de reformar o modelo do negocio da enerx\u00eda e o <strong>mercado maiorista marxinalista<\/strong>, no que a fixaci\u00f3n dos prezos se fai \u00e1 alza e provoca que o incremento no valor do gas dispare a factura da luz. Ademais, dificulta, que os baixos custos da enerx\u00eda procedente de fontes renovables repercutan nunha rebaixa do recibo el\u00e9ctrico, a pesar de que representen o 45% do total de enerx\u00eda xerada e os combustibles f\u00f3siles s\u00f3 entre o 10% e o 12%. <\/p>\n\n\n\n<p class=\"has-black-color has-text-color has-medium-font-size\"> <a href=\"https:\/\/www.antena3.com\/noticias\/economia\/ironica-respuesta-vicepresidenta-teresa-ribera-precio-luz-podemos-intentar-convencer-putin_202108126114d6aa31daed0001da21c8.html\" target=\"_blank\" rel=\"noreferrer noopener\">A vicepresidenta Ribera xa apuntaba a Putin<\/a> como un dos causantes da alarmante suba de prezos polo d\u00e9ficit de subministraci\u00f3n de gas e o baleirado dalg\u00fans dese dep\u00f3sitos dese f\u00f3sil na UE e alertaba da dimensi\u00f3n do problema da pobreza enerx\u00e9tica na Uni\u00f3n Europea e esix\u00eda un <strong>reparto xusto dos \u201cbeneficios asociados \u00e1 transformaci\u00f3n do mix de xeraci\u00f3n\u201d<\/strong>, posto que centrais el\u00e9ctricas non emisoras de CO\u2082, anteriores \u00e1 adopci\u00f3n do ETS (o r\u00e9xime de comercio de dereitos de emisi\u00f3n da Uni\u00f3n Europea) estaban a obter dividendos extra por aforrar un CO\u2082 que non emiten. <\/p>\n\n\n\n<p class=\"has-black-color has-text-color has-medium-font-size\"> D<a href=\"https:\/\/www.socialistsanddemocrats.eu\/newsroom\/sd-burden-rising-energy-prices-cannot-fall-shoulders-europes-most-vulnerable-households\" target=\"_blank\" rel=\"noreferrer noopener\">emandas das que tam\u00e9n o <strong>Grupo dos Socialistas e Dem\u00f3cratas<\/strong> <\/a>se fac\u00eda eco no Parlamento Europeo, ped\u00edndolle \u00e1 CE que adoptase un plan para mitigar o impacto do aumento dos prezos da enerx\u00eda. \u201cEste \u00e9 un debate fundamental e urxente. Necesitamos medidas tanto estruturais como a curto prazo. O prezo da enerx\u00eda non \u00e9 un problema nacional. As regras establ\u00e9cense a nivel europeo, polo que as soluci\u00f3ns a esta crise tam\u00e9n deben ser europeas\u201d, defend\u00eda a presidenta do Grupo S&amp;D, Iratxe Garc\u00eda P\u00e9rez. <\/p>\n\n\n\n<p class=\"has-black-color has-text-color has-medium-font-size\"> Escasamente un mes despois, <strong>o Congreso dos Deputados aprobaba unha rebaixa do IVE da luz, que descend\u00eda do 21% ao 10%<\/strong>. Neses d\u00edas calorosos, en Portugal, Italia ou Grecia os prezos da electricidade tam\u00e9n bat\u00edan r\u00e9cords. En Espa\u00f1a, <strong><a href=\"https:\/\/cincodias.elpais.com\/cincodias\/2021\/08\/30\/companias\/1630322460_577598.html\" target=\"_blank\" rel=\"noreferrer noopener\">agosto rexistraba oito m\u00e1ximos e remataba o mes cunha media de 105,94 euros<\/a><\/strong>, un 14% m\u00e1is que en xullo e o triplo que o ano anterior. As causas? Ese aumento do prezo do gas, mencionado anteriormente, e o dos dereitos do CO\u2082. <\/p>\n\n\n\n<p class=\"has-black-color has-text-color has-medium-font-size\">Por aquel ent\u00f3n desde o meu labor parlamentario xa dirix\u00eda d\u00faas preguntas \u00e1 Comisi\u00f3n Europea ante a imparable subida de prezos da electricidade <a href=\"https:\/\/www.europarl.europa.eu\/doceo\/document\/E-9-2021-003978_ES.html\" target=\"_blank\" rel=\"noreferrer noopener\">nunha alertaba sobre a escalada que se estaba producindo<\/a> e sobre os chamados \u201cbeneficios ca\u00eddos do ceo\u201d e <a href=\"https:\/\/www.europarl.europa.eu\/doceo\/document\/E-9-2021-004228_ES.html\" target=\"_blank\" rel=\"noreferrer noopener\">na outra sobre a falta de interconexi\u00f3ns da Pen\u00ednsula Ib\u00e9rica<\/a>. Ademais en diferentes intervenci\u00f3ns plenarias alud\u00eda a que <a href=\"https:\/\/www.youtube.com\/watch?v=eCPCQ3WlzYU&amp;list=PLagoN_F8jJ8ICVhllTYPEhCmkm2L7k_sr&amp;index=75\" target=\"_blank\" rel=\"noreferrer noopener\">a subida do prezo do gas rompera o mercado<\/a>: \u201cAtop\u00e1monos con dous niveis de prezos \u2014f\u00f3siles e non f\u00f3siles\u2014 que est\u00e1n totalmente afastados. Os primeiros est\u00e1n disparados e os segundos son alcanzables e estables, e iso est\u00e1 a provocar beneficios que non son xustificables. A situaci\u00f3n \u00e9 excepcional e debemos estudar con flexibilidade as propostas dos Estados membros\u201d.<\/p>\n\n\n\n<p class=\"has-black-color has-text-color has-medium-font-size\"> Desde o Goberno volv\u00edan urxir unha reforma do mercado el\u00e9ctrico e <strong><a href=\"https:\/\/elpais.com\/economia\/2021-08-24\/bruselas-avisa-de-que-los-repuntes-periodicos-en-el-precio-de-la-luz-seran-inevitables-en-la-lucha-contra-el-co.html\" target=\"_blank\" rel=\"noreferrer noopener\">a resposta de Bruxelas era unha negativa \u00e1 intervenci\u00f3n no prezo da lu<\/a>z<\/strong>. A Comisi\u00f3n Europea alegaba que as normas do mercado enerx\u00e9tico eran \u201cimprescindibles\u201d para axustar o patr\u00f3n de xeraci\u00f3n e consumo da enerx\u00eda. Manti\u00f1a que o obxectivo destas medidas era \u201cestablecer un limiar de dor econ\u00f3mica que axude a reducir o consumo, a mellorar a eficiencia enerx\u00e9tica de vivendas e electrodom\u00e9sticos ou a buscar os subministradores m\u00e1is baratos\u201d. Non obstante, tal e como recolle o informe da CE sobre os prezos de enerx\u00eda de outubro de 2020, o gasto dos fogares nesta \u00e1rea caeu desde 2012. En Espa\u00f1a, <strong>os fogares con menos recursos destinaban o 5% dos seus ingresos a pagar a factura enerx\u00e9tica no ano 2010, e no 2017, o 5,3%<\/strong>. Para as familias cunha renda media e alta esta porcentaxe vense mantendo arredor do 4% ou o 3%. <\/p>\n\n\n\n<p class=\"has-black-color has-text-color has-medium-font-size\"> Ademais dun mercado maioritario marxinalista, o noso pa\u00eds ten que facer fronte a outras d\u00faas problem\u00e1ticas en materia enerx\u00e9tica. Por unha banda, o <strong>baixo volume de interconexi\u00f3ns<\/strong>: a conectividade co mercado europeo \u00e9 do 2,8% e con pa\u00edses veci\u00f1os, como Francia, tam\u00e9n \u00e9 menor ao 3%, a\u00ednda que a meta era chegar ao 10% en 2020 e ao 15% en 2030. Por outra, o <strong>mercado el\u00e9ctrico minorista est\u00e1 copado nun 65% por tres grandes el\u00e9ctricas<\/strong> e ningunha outra ten un peso maior ao 5%, segundo datos da Comisi\u00f3n Nacional dos Mercados e a Competencia (CNMC). <\/p>\n\n\n\n<p class=\"has-black-color has-text-color has-medium-font-size\"> As interconexi\u00f3ns el\u00e9ctricas son garant\u00eda de seguridade na subministraci\u00f3n de enerx\u00eda entre pa\u00edses. Permiten xerar electricidade m\u00e1is barata a longo prazo, integrar as renovables no mix enerx\u00e9tico e, polo tanto, impulsar a descarbonizaci\u00f3n do modelo enerx\u00e9tico. A s\u00faa escasa presenza no noso pa\u00eds, xunto ao gran despregamento das enerx\u00edas renovables nel, levou \u00e1 Uni\u00f3n Europea, tralos constantes esforzos do Goberno espa\u00f1ol, a <strong>reco\u00f1ecer recentemente a Espa\u00f1a e a Portugal como unha \u201cilla enerx\u00e9tica\u201d<\/strong>, d\u00e1ndolle luz verde para intervir temporalmente no mercado enerx\u00e9tico e poder aliviar a carga de consumidores e empresas. <\/p>\n\n\n\n<p class=\"has-black-color has-text-color has-medium-font-size\"> As\u00ed, este xoves ambos pa\u00edses lanzaban a s\u00faa primeira proposta \u00e1 Comisi\u00f3n Europea: <strong><a href=\"https:\/\/www.eldiario.es\/economia\/espana-portugal-proponen-topar-precio-gas-30-euros-abaratar-luz_1_8877786.html\" target=\"_blank\" rel=\"noreferrer noopener\">limitar o prezo do gas a 30 euros por megavatio hora<\/a><\/strong> ata o 30 de decembro de 2022. Un prezo considerado \u201cnormal\u201d antes de invasi\u00f3n rusa de Ucra\u00edna. Aplicar\u00edaselle \u00e1s centrais de ciclo combinado a gas, \u00e1s centrais de carb\u00f3n e \u00e1s coxeraci\u00f3ns do mix el\u00e9ctrico. Hai que lembrar que o 45% do gas que importa a UE procede de Rusia, as\u00ed como o 25% do petr\u00f3leo e o 45% do carb\u00f3n. <\/p>\n\n\n\n<p class=\"has-black-color has-text-color has-medium-font-size\"> Desde o ver\u00e1n de maneira persistente e demostrando o valor que os socialistas lle dan ao marco europeo, o Goberno espa\u00f1ol pretendeu un acordo entre todos os pa\u00edses da Uni\u00f3n Europea para intervir, de forma conxunta, o mercado el\u00e9ctrico. No Consello extraordinario de Versalles de principios de marzo os Estados Membros encarg\u00e1ronlle \u00e1 Comisi\u00f3n Europea propostas para ver como abordar a subida de prezos da electricidade. Agora, tras o Consello Europeo do pasado 25 de marzo abriuse a porta a medidas temporais espec\u00edficas para a Pen\u00ednsula Ib\u00e9rica que pasar\u00e1n por desacoplar os prezos do gas dos prezos da electricidade froito dun intenso traballo do Presidente do Goberno que ademais da s\u00faa tenacidade no conclave de l\u00edderes previamente foi recrutando aliados polas diferentes capitais europeas tras recibir en Madrid \u00e1 Presidenta da Comisi\u00f3n Europea Ursula Von der Leyen.<\/p>\n\n\n\n<p class=\"has-black-color has-text-color has-medium-font-size\"> <strong>Medidas para frear os prezos da electricidade: os meses clave<\/strong> <\/p>\n\n\n\n<p class=\"has-black-color has-text-color has-medium-font-size\"> O 14 de setembro <strong><a href=\"https:\/\/elpais.com\/economia\/2021-09-13\/sanchez-detraera-beneficios-extraordinarios-de-las-empresas-para-rebajar-el-recibo-de-la-luz.html\" target=\"_blank\" rel=\"noreferrer noopener\">o Consello de Ministros aprobaba un Real Decreto-lei para rebaixar o prezo da electricidade<\/a><\/strong>. Entre as actuaci\u00f3ns anunciadas, beneficiosas para os consumidores, as pemes, o tecido industrial, o medio ambiente e os territorios produtores, destacaban: <\/p>\n\n\n\n<ul><li>Rebaixar o Imposto Especial da Electricidade ao 0,5% e suspender ata finais de ano o Imposto sobre o Valor de Produci\u00f3n de Enerx\u00eda El\u00e9ctrica, que grava cun 7% \u00e1 xeraci\u00f3n<\/li><li>Aumentar en 900 mill\u00f3ns de euros a achega da recadaci\u00f3n das poxas de CO\u2082 destinada a cubrir custos do sistema el\u00e9ctrico ata os 2.000 mill\u00f3ns durante o exercicio. <\/li><li>Minorar temporalmente os ingresos extraordinarios que provoca a elevada cotizaci\u00f3n do gas nalgunhas centrais el\u00e9ctricas. <\/li><li>Incrementar a protecci\u00f3n dos consumidores vulnerables, as familias e as pemes, establecendo unha subministraci\u00f3n m\u00ednima vital que prohibe o corte do servizo por falta de pagamento aos beneficiarios do Bono Social El\u00e9ctrico durante seis meses adicionais ao catro xa existentes. <\/li><li>Crear un novo mecanismo para fomentar a contrataci\u00f3n de electricidade a prazos, que beneficiar\u00e1 especialmente ao tecido industrial. <\/li><\/ul>\n\n\n\n<p class=\"has-black-color has-text-color has-medium-font-size\"> Tralas medidas tomadas polo Goberno espa\u00f1ol, <strong><a href=\"https:\/\/ec.europa.eu\/commission\/presscorner\/detail\/es\/IP_21_5204\" target=\"_blank\" rel=\"noreferrer noopener\">a Comisi\u00f3n Europea decid\u00eda adoptar unha bater\u00eda de medidas para afrontar a suba dos prezos da enerx\u00eda un mes despois, o 13 de outubro<\/a>. As medidas a po\u00f1er en marcha de forma inmediata<\/strong> ti\u00f1an como destinatarios aos consumidores m\u00e1is vulnerables e \u00e1s empresas. Entre elas atop\u00e1base o apoio de emerxencia a fogares en situaci\u00f3n de pobreza enerx\u00e9tica con vales ou pagos parciais de facturas, que se poden financiar co r\u00e9xime de comercio de dereitos de emisi\u00f3n da UE, ou as axudas a empresas e industrias. <\/p>\n\n\n\n<p class=\"has-black-color has-text-color has-medium-font-size\"><strong>A medio prazo<\/strong>, as medidas te\u00f1en como obxectivo lograr a descarbonizaci\u00f3n do sistema enerx\u00e9tico e reforzar a s\u00faa resilencia. Intensificar os investimentos en enerx\u00edas renovables, renovaci\u00f3ns e eficiencia enerx\u00e9tica ou impulsar o papel dos consumidores no mercado da enerx\u00eda son algunhas destas medidas. <\/p>\n\n\n\n<p class=\"has-black-color has-text-color has-medium-font-size\"> As <strong>tensi\u00f3ns en Ucra\u00edna<\/strong>, que derivou na invasi\u00f3n rusa do pa\u00eds, agudizaron a problem\u00e1tica e volveu a po\u00f1er de manifesto a necesidade de po\u00f1er en marcha, conxuntamente, mecanismos que desen soluci\u00f3n \u00e1s eivas estruturais do modelo enerx\u00e9tico. <\/p>\n\n\n\n<p class=\"has-black-color has-text-color has-medium-font-size\"> <strong>Nadia Calvi\u00f1o<\/strong>, vicepresidenta primeira e ministra de Asuntos Econ\u00f3micos e Transformaci\u00f3n Dixital, e <strong>Teresa Ribera<\/strong>, vicepresidenta terceira e ministra para a Transici\u00f3n Ecol\u00f3xica e o Reto Demogr\u00e1fico, <a href=\"https:\/\/www.euractiv.com\/wp-content\/uploads\/sites\/2\/2022\/02\/letter.pdf\" target=\"_blank\" rel=\"noreferrer noopener\">as\u00ed llo trasladan \u00e1 Comisi\u00f3n Europea a trav\u00e9s dunha misiva<\/a>. Insist\u00edan en limitar o prezo da electricidade xerada a partir do gas natural, propo\u00f1\u00edan que o Banco Europeo de Inversi\u00f3ns proporcionase aval p\u00fablico para a compravenda de enerx\u00eda (como o est\u00e1 a facer o Fondo Espa\u00f1ol de Reserva para Garant\u00edas de Entidades Electrointensivas) e animaban a favorecer a participaci\u00f3n social e o seu apoderamento en materia enerx\u00e9tica, entre outras medidas. <\/p>\n\n\n\n<p class=\"has-black-color has-text-color has-medium-font-size\"> Ante este contexto de guerra, a CE presentaba a comezos de marzo un <strong>esbozo do plan europeo para ga\u00f1ar en independencia enerx\u00e9tica<\/strong> e estabilizar os prezos da enerx\u00eda. Sumadas \u00e1s medidas adoptadas en outubro, a Comisi\u00f3n Europea confirmaba a posibilidade de regular os prezos en circunstancias excepcionais e de que os Estados membros puidesen redistribu\u00edr entre os consumidores os ingresos procedentes dos elevados beneficios do sector enerx\u00e9tico e do comercio de dereitos de emisi\u00f3n. Tam\u00e9n propo\u00f1\u00eda crear <a href=\"https:\/\/ec.europa.eu\/commission\/presscorner\/detail\/es\/ip_22_1511\" target=\"_blank\" rel=\"noreferrer noopener\">un <strong>plan REPowerEU<\/strong><\/a>, que aumente a resiliencia do sistema enerx\u00e9tico sobre dous piares: diversificar a subministraci\u00f3n de gas mediante maiores importaci\u00f3ns de gas natural licuado e gasodutos non procedentes de provedores rusos, e aumentar o volume de produci\u00f3n e importaci\u00f3n de biometano e hidr\u00f3xeno renovable; e reducir o uso de combustibles f\u00f3siles, impulsando a eficiencia enerx\u00e9tica, aumentando as enerx\u00edas renovables e a electrificaci\u00f3n. O plan REPowerEU permitir\u00eda eliminar, polos menos, 155.000 mill\u00f3ns de metros c\u00fabicos de uso de gases f\u00f3siles, o que equivale ao volume importado de Rusia o ano pasado. <\/p>\n\n\n\n<p class=\"has-black-color has-text-color has-medium-font-size\"> Neste mes que arranca, a CE tam\u00e9n ten previsto presentar unha <strong><a href=\"https:\/\/www.reuters.com\/business\/energy\/eu-require-countries-fill-gas-storage-90-before-winter-draft-2022-03-22\/\" target=\"_blank\" rel=\"noreferrer noopener\">proposta lexislativa<\/a><\/strong> que obrigue a garantir que o almacenamento subterr\u00e1neo de gas alcance un m\u00ednimo do 90 % da s\u00faa capacidade para o 1 de outubro de cada ano, unha proposta xa previamente esbozada polo noso pa\u00eds na s\u00faa proposta de outono de 2021 <a href=\"https:\/\/nicogcasares.eu\/blog\/2021\/12\/17\/es-una-buena-noticia-que-la-comision-europea-tenga-en-cuenta-la-propuesta-de-espana-para-una-contratacion-conjunta-de-gas-segun-nicolas-gonzalez-casares\/\" target=\"_blank\" rel=\"noreferrer noopener\">de compra conxunta de gas<\/a>, e esp\u00e9rase con moit\u00edsima expectaci\u00f3n o informe de ACER (European Union Agency for the Cooperation of Energy Regulators) para este 28 de abril sobre os altos prezos e o dese\u00f1o do mercado el\u00e9ctrico que posiblemente <a href=\"https:\/\/ec.europa.eu\/commission\/presscorner\/detail\/en\/ip_22_1511\" target=\"_blank\" rel=\"noreferrer noopener\">dar\u00e1 lugar a unha reforma lexislativa das regras do mercado<\/a> el\u00e9ctrico a\u00ednda que non se espera que desmonte o sistema marxinalista de elaboraci\u00f3n de prezos. <\/p>\n\n\n\n<p class=\"has-black-color has-text-color has-medium-font-size\"> Agora Espa\u00f1a e Portugal ter\u00e1n que enviar as s\u00faas propostas que agora ser\u00e1n detidamente estudadas pola Comisi\u00f3n Europea e non parece moi probable que se aprobe a \u201cexcepcionalidade ib\u00e9rica\u201d antes da presentaci\u00f3n do informe de ACER pero en calquera caso evid\u00e9nciase que Espa\u00f1a, conxuntamente con Portugal e outros pa\u00edses traballaron intensamente por abordar o alto prezo da electricidade que \u00e9 unha das principais causas da grande inflaci\u00f3n que estamos a sufrir agudizada de maneira alarmante tras a invasi\u00f3n de Ucra\u00edna por parte de Rusia, un dos principais provedores enerx\u00e9ticos da UE.<\/p>\n","protected":false},"excerpt":{"rendered":"<p>A Uni\u00f3n Europea abre a porta a Espa\u00f1a e Portugal para intervir temporalmente no mercado enerx\u00e9tico e poder aliviar a carga de consumidores e empresas<\/p>\n","protected":false},"author":4,"featured_media":4225,"comment_status":"closed","ping_status":"closed","sticky":true,"template":"","format":"standard","meta":{"footnotes":""},"categories":[34,29,30,32],"tags":[345,375,357,374,390,76],"yoast_head":"<!-- This site is optimized with the Yoast SEO plugin v22.3 - https:\/\/yoast.com\/wordpress\/plugins\/seo\/ -->\n<title>De xu\u00f1o a marzo: os esforzos socialistas para lograr o reco\u00f1ecemento da \u201canomal\u00eda el\u00e9ctrica ib\u00e9rica\u201d - Nico G. Casares %<\/title>\n<meta name=\"description\" content=\"A Uni\u00f3n Europea abre a porta a Espa\u00f1a e Portugal para intervir temporalmente no mercado enerx\u00e9tico e poder aliviar a carga de consumidores e empresas\" \/>\n<meta name=\"robots\" content=\"index, follow, max-snippet:-1, max-image-preview:large, max-video-preview:-1\" \/>\n<link rel=\"canonical\" href=\"https:\/\/nicogcasares.eu\/gl\/de-xuno-a-marzo-os-esforzos-socialistas-para-lograr-o-reconecemento-da-anomalia-electrica-iberica\/\" \/>\n<meta property=\"og:locale\" content=\"gl_ES\" \/>\n<meta property=\"og:type\" content=\"article\" \/>\n<meta property=\"og:title\" content=\"De xu\u00f1o a marzo: os esforzos socialistas para lograr o reco\u00f1ecemento da \u201canomal\u00eda el\u00e9ctrica ib\u00e9rica\u201d\" \/>\n<meta property=\"og:description\" content=\"A Uni\u00f3n Europea abre a porta a Espa\u00f1a e Portugal para intervir temporalmente no mercado enerx\u00e9tico e poder aliviar a carga de consumidores e empresas\" \/>\n<meta property=\"og:url\" content=\"https:\/\/nicogcasares.eu\/gl\/de-xuno-a-marzo-os-esforzos-socialistas-para-lograr-o-reconecemento-da-anomalia-electrica-iberica\/\" \/>\n<meta property=\"og:site_name\" content=\"Nico G. Casares\" \/>\n<meta property=\"article:published_time\" content=\"2022-04-04T20:36:50+00:00\" \/>\n<meta property=\"article:modified_time\" content=\"2022-04-05T13:04:18+00:00\" \/>\n<meta property=\"og:image\" content=\"https:\/\/nicogcasares.eu\/wp-content\/uploads\/2022\/04\/Captura-de-pantalla-2022-04-04-a-las-12.09.18-e1649067172109.png\" \/>\n\t<meta property=\"og:image:width\" content=\"876\" \/>\n\t<meta property=\"og:image:height\" content=\"540\" \/>\n\t<meta property=\"og:image:type\" content=\"image\/png\" \/>\n<meta name=\"author\" content=\"Nicol\u00e1s Gonz\u00e1lez Casares\" \/>\n<meta name=\"twitter:card\" content=\"summary_large_image\" \/>\n<meta name=\"twitter:title\" content=\"De xu\u00f1o a marzo: os esforzos socialistas para lograr o reco\u00f1ecemento da \u201canomal\u00eda el\u00e9ctrica ib\u00e9rica\u201d\" \/>\n<meta name=\"twitter:description\" content=\"A Uni\u00f3n Europea abre a porta a Espa\u00f1a e Portugal para intervir temporalmente no mercado enerx\u00e9tico e poder aliviar a carga de consumidores e empresas\" \/>\n<meta name=\"twitter:image\" content=\"https:\/\/nicogcasares.eu\/wp-content\/uploads\/2022\/04\/Captura-de-pantalla-2022-04-04-a-las-12.09.18-e1649067172109.png\" \/>\n<meta name=\"twitter:creator\" content=\"@nicogoncas\" \/>\n<meta name=\"twitter:site\" content=\"@nicogoncas\" \/>\n<meta name=\"twitter:label1\" content=\"Escrito por\" \/>\n\t<meta name=\"twitter:data1\" content=\"Nicol\u00e1s Gonz\u00e1lez Casares\" \/>\n\t<meta name=\"twitter:label2\" content=\"Tempo de lectura\" \/>\n\t<meta name=\"twitter:data2\" content=\"10 minutos\" \/>\n<script type=\"application\/ld+json\" class=\"yoast-schema-graph\">{\"@context\":\"https:\/\/schema.org\",\"@graph\":[{\"@type\":\"Article\",\"@id\":\"https:\/\/nicogcasares.eu\/gl\/de-xuno-a-marzo-os-esforzos-socialistas-para-lograr-o-reconecemento-da-anomalia-electrica-iberica\/#article\",\"isPartOf\":{\"@id\":\"https:\/\/nicogcasares.eu\/gl\/de-xuno-a-marzo-os-esforzos-socialistas-para-lograr-o-reconecemento-da-anomalia-electrica-iberica\/\"},\"author\":{\"name\":\"Nicol\u00e1s Gonz\u00e1lez Casares\",\"@id\":\"https:\/\/nicogcasares.eu\/gl\/#\/schema\/person\/75361477143e596646d48598a3778163\"},\"headline\":\"De xu\u00f1o a marzo: os esforzos socialistas para lograr o reco\u00f1ecemento da \u201canomal\u00eda el\u00e9ctrica ib\u00e9rica\u201d\",\"datePublished\":\"2022-04-04T20:36:50+00:00\",\"dateModified\":\"2022-04-05T13:04:18+00:00\",\"mainEntityOfPage\":{\"@id\":\"https:\/\/nicogcasares.eu\/gl\/de-xuno-a-marzo-os-esforzos-socialistas-para-lograr-o-reconecemento-da-anomalia-electrica-iberica\/\"},\"wordCount\":2208,\"publisher\":{\"@id\":\"https:\/\/nicogcasares.eu\/gl\/#\/schema\/person\/75361477143e596646d48598a3778163\"},\"image\":{\"@id\":\"https:\/\/nicogcasares.eu\/gl\/de-xuno-a-marzo-os-esforzos-socialistas-para-lograr-o-reconecemento-da-anomalia-electrica-iberica\/#primaryimage\"},\"thumbnailUrl\":\"https:\/\/nicogcasares.eu\/wp-content\/uploads\/2022\/04\/Captura-de-pantalla-2022-04-04-a-las-12.09.18-e1649067172109.png\",\"keywords\":[\"enerx\u00eda\",\"gas\",\"Nicol\u00e1s Gonz\u00e1lez Casares\",\"renovables\",\"Rusia\",\"Uni\u00f3n Europea\"],\"articleSection\":[\"Actividade\",\"Enerx\u00eda\",\"Industria\",\"Novas\"],\"inLanguage\":\"gl-ES\"},{\"@type\":\"WebPage\",\"@id\":\"https:\/\/nicogcasares.eu\/gl\/de-xuno-a-marzo-os-esforzos-socialistas-para-lograr-o-reconecemento-da-anomalia-electrica-iberica\/\",\"url\":\"https:\/\/nicogcasares.eu\/gl\/de-xuno-a-marzo-os-esforzos-socialistas-para-lograr-o-reconecemento-da-anomalia-electrica-iberica\/\",\"name\":\"De xu\u00f1o a marzo: os esforzos socialistas para lograr o reco\u00f1ecemento da \u201canomal\u00eda el\u00e9ctrica ib\u00e9rica\u201d - Nico G. Casares %\",\"isPartOf\":{\"@id\":\"https:\/\/nicogcasares.eu\/gl\/#website\"},\"primaryImageOfPage\":{\"@id\":\"https:\/\/nicogcasares.eu\/gl\/de-xuno-a-marzo-os-esforzos-socialistas-para-lograr-o-reconecemento-da-anomalia-electrica-iberica\/#primaryimage\"},\"image\":{\"@id\":\"https:\/\/nicogcasares.eu\/gl\/de-xuno-a-marzo-os-esforzos-socialistas-para-lograr-o-reconecemento-da-anomalia-electrica-iberica\/#primaryimage\"},\"thumbnailUrl\":\"https:\/\/nicogcasares.eu\/wp-content\/uploads\/2022\/04\/Captura-de-pantalla-2022-04-04-a-las-12.09.18-e1649067172109.png\",\"datePublished\":\"2022-04-04T20:36:50+00:00\",\"dateModified\":\"2022-04-05T13:04:18+00:00\",\"description\":\"A Uni\u00f3n Europea abre a porta a Espa\u00f1a e Portugal para intervir temporalmente no mercado enerx\u00e9tico e poder aliviar a carga de consumidores e empresas\",\"breadcrumb\":{\"@id\":\"https:\/\/nicogcasares.eu\/gl\/de-xuno-a-marzo-os-esforzos-socialistas-para-lograr-o-reconecemento-da-anomalia-electrica-iberica\/#breadcrumb\"},\"inLanguage\":\"gl-ES\",\"potentialAction\":[{\"@type\":\"ReadAction\",\"target\":[\"https:\/\/nicogcasares.eu\/gl\/de-xuno-a-marzo-os-esforzos-socialistas-para-lograr-o-reconecemento-da-anomalia-electrica-iberica\/\"]}]},{\"@type\":\"ImageObject\",\"inLanguage\":\"gl-ES\",\"@id\":\"https:\/\/nicogcasares.eu\/gl\/de-xuno-a-marzo-os-esforzos-socialistas-para-lograr-o-reconecemento-da-anomalia-electrica-iberica\/#primaryimage\",\"url\":\"https:\/\/nicogcasares.eu\/wp-content\/uploads\/2022\/04\/Captura-de-pantalla-2022-04-04-a-las-12.09.18-e1649067172109.png\",\"contentUrl\":\"https:\/\/nicogcasares.eu\/wp-content\/uploads\/2022\/04\/Captura-de-pantalla-2022-04-04-a-las-12.09.18-e1649067172109.png\",\"width\":876,\"height\":540,\"caption\":\"Sanchez y Costa en el EUCO de marzo\"},{\"@type\":\"BreadcrumbList\",\"@id\":\"https:\/\/nicogcasares.eu\/gl\/de-xuno-a-marzo-os-esforzos-socialistas-para-lograr-o-reconecemento-da-anomalia-electrica-iberica\/#breadcrumb\",\"itemListElement\":[{\"@type\":\"ListItem\",\"position\":1,\"name\":\"Portada\",\"item\":\"https:\/\/nicogcasares.eu\/gl\/\"},{\"@type\":\"ListItem\",\"position\":2,\"name\":\"De xu\u00f1o a marzo: os esforzos socialistas para lograr o reco\u00f1ecemento da \u201canomal\u00eda el\u00e9ctrica ib\u00e9rica\u201d\"}]},{\"@type\":\"WebSite\",\"@id\":\"https:\/\/nicogcasares.eu\/gl\/#website\",\"url\":\"https:\/\/nicogcasares.eu\/gl\/\",\"name\":\"Nico G. Casares\",\"description\":\"Diputado socialista en el parlamento europeo\",\"publisher\":{\"@id\":\"https:\/\/nicogcasares.eu\/gl\/#\/schema\/person\/75361477143e596646d48598a3778163\"},\"potentialAction\":[{\"@type\":\"SearchAction\",\"target\":{\"@type\":\"EntryPoint\",\"urlTemplate\":\"https:\/\/nicogcasares.eu\/gl\/?s={search_term_string}\"},\"query-input\":\"required name=search_term_string\"}],\"inLanguage\":\"gl-ES\"},{\"@type\":[\"Person\",\"Organization\"],\"@id\":\"https:\/\/nicogcasares.eu\/gl\/#\/schema\/person\/75361477143e596646d48598a3778163\",\"name\":\"Nicol\u00e1s Gonz\u00e1lez Casares\",\"image\":{\"@type\":\"ImageObject\",\"inLanguage\":\"gl-ES\",\"@id\":\"https:\/\/nicogcasares.eu\/gl\/#\/schema\/person\/image\/\",\"url\":\"https:\/\/nicogcasares.eu\/wp-content\/uploads\/2021\/11\/20211006_EP-119139A_FMA_0895_RESIZED_S.jpg\",\"contentUrl\":\"https:\/\/nicogcasares.eu\/wp-content\/uploads\/2021\/11\/20211006_EP-119139A_FMA_0895_RESIZED_S.jpg\",\"width\":639,\"height\":426,\"caption\":\"Nicol\u00e1s Gonz\u00e1lez Casares\"},\"logo\":{\"@id\":\"https:\/\/nicogcasares.eu\/gl\/#\/schema\/person\/image\/\"},\"url\":\"https:\/\/nicogcasares.eu\/gl\/author\/nico\/\"}]}<\/script>\n<!-- \/ Yoast SEO plugin. -->","yoast_head_json":{"title":"De xu\u00f1o a marzo: os esforzos socialistas para lograr o reco\u00f1ecemento da \u201canomal\u00eda el\u00e9ctrica ib\u00e9rica\u201d - Nico G. Casares %","description":"A Uni\u00f3n Europea abre a porta a Espa\u00f1a e Portugal para intervir temporalmente no mercado enerx\u00e9tico e poder aliviar a carga de consumidores e empresas","robots":{"index":"index","follow":"follow","max-snippet":"max-snippet:-1","max-image-preview":"max-image-preview:large","max-video-preview":"max-video-preview:-1"},"canonical":"https:\/\/nicogcasares.eu\/gl\/de-xuno-a-marzo-os-esforzos-socialistas-para-lograr-o-reconecemento-da-anomalia-electrica-iberica\/","og_locale":"gl_ES","og_type":"article","og_title":"De xu\u00f1o a marzo: os esforzos socialistas para lograr o reco\u00f1ecemento da \u201canomal\u00eda el\u00e9ctrica ib\u00e9rica\u201d","og_description":"A Uni\u00f3n Europea abre a porta a Espa\u00f1a e Portugal para intervir temporalmente no mercado enerx\u00e9tico e poder aliviar a carga de consumidores e empresas","og_url":"https:\/\/nicogcasares.eu\/gl\/de-xuno-a-marzo-os-esforzos-socialistas-para-lograr-o-reconecemento-da-anomalia-electrica-iberica\/","og_site_name":"Nico G. Casares","article_published_time":"2022-04-04T20:36:50+00:00","article_modified_time":"2022-04-05T13:04:18+00:00","og_image":[{"width":876,"height":540,"url":"https:\/\/nicogcasares.eu\/wp-content\/uploads\/2022\/04\/Captura-de-pantalla-2022-04-04-a-las-12.09.18-e1649067172109.png","type":"image\/png"}],"author":"Nicol\u00e1s Gonz\u00e1lez Casares","twitter_card":"summary_large_image","twitter_title":"De xu\u00f1o a marzo: os esforzos socialistas para lograr o reco\u00f1ecemento da \u201canomal\u00eda el\u00e9ctrica ib\u00e9rica\u201d","twitter_description":"A Uni\u00f3n Europea abre a porta a Espa\u00f1a e Portugal para intervir temporalmente no mercado enerx\u00e9tico e poder aliviar a carga de consumidores e empresas","twitter_image":"https:\/\/nicogcasares.eu\/wp-content\/uploads\/2022\/04\/Captura-de-pantalla-2022-04-04-a-las-12.09.18-e1649067172109.png","twitter_creator":"@nicogoncas","twitter_site":"@nicogoncas","twitter_misc":{"Escrito por":"Nicol\u00e1s Gonz\u00e1lez Casares","Tempo de lectura":"10 minutos"},"schema":{"@context":"https:\/\/schema.org","@graph":[{"@type":"Article","@id":"https:\/\/nicogcasares.eu\/gl\/de-xuno-a-marzo-os-esforzos-socialistas-para-lograr-o-reconecemento-da-anomalia-electrica-iberica\/#article","isPartOf":{"@id":"https:\/\/nicogcasares.eu\/gl\/de-xuno-a-marzo-os-esforzos-socialistas-para-lograr-o-reconecemento-da-anomalia-electrica-iberica\/"},"author":{"name":"Nicol\u00e1s Gonz\u00e1lez Casares","@id":"https:\/\/nicogcasares.eu\/gl\/#\/schema\/person\/75361477143e596646d48598a3778163"},"headline":"De xu\u00f1o a marzo: os esforzos socialistas para lograr o reco\u00f1ecemento da \u201canomal\u00eda el\u00e9ctrica ib\u00e9rica\u201d","datePublished":"2022-04-04T20:36:50+00:00","dateModified":"2022-04-05T13:04:18+00:00","mainEntityOfPage":{"@id":"https:\/\/nicogcasares.eu\/gl\/de-xuno-a-marzo-os-esforzos-socialistas-para-lograr-o-reconecemento-da-anomalia-electrica-iberica\/"},"wordCount":2208,"publisher":{"@id":"https:\/\/nicogcasares.eu\/gl\/#\/schema\/person\/75361477143e596646d48598a3778163"},"image":{"@id":"https:\/\/nicogcasares.eu\/gl\/de-xuno-a-marzo-os-esforzos-socialistas-para-lograr-o-reconecemento-da-anomalia-electrica-iberica\/#primaryimage"},"thumbnailUrl":"https:\/\/nicogcasares.eu\/wp-content\/uploads\/2022\/04\/Captura-de-pantalla-2022-04-04-a-las-12.09.18-e1649067172109.png","keywords":["enerx\u00eda","gas","Nicol\u00e1s Gonz\u00e1lez Casares","renovables","Rusia","Uni\u00f3n Europea"],"articleSection":["Actividade","Enerx\u00eda","Industria","Novas"],"inLanguage":"gl-ES"},{"@type":"WebPage","@id":"https:\/\/nicogcasares.eu\/gl\/de-xuno-a-marzo-os-esforzos-socialistas-para-lograr-o-reconecemento-da-anomalia-electrica-iberica\/","url":"https:\/\/nicogcasares.eu\/gl\/de-xuno-a-marzo-os-esforzos-socialistas-para-lograr-o-reconecemento-da-anomalia-electrica-iberica\/","name":"De xu\u00f1o a marzo: os esforzos socialistas para lograr o reco\u00f1ecemento da \u201canomal\u00eda el\u00e9ctrica ib\u00e9rica\u201d - Nico G. Casares %","isPartOf":{"@id":"https:\/\/nicogcasares.eu\/gl\/#website"},"primaryImageOfPage":{"@id":"https:\/\/nicogcasares.eu\/gl\/de-xuno-a-marzo-os-esforzos-socialistas-para-lograr-o-reconecemento-da-anomalia-electrica-iberica\/#primaryimage"},"image":{"@id":"https:\/\/nicogcasares.eu\/gl\/de-xuno-a-marzo-os-esforzos-socialistas-para-lograr-o-reconecemento-da-anomalia-electrica-iberica\/#primaryimage"},"thumbnailUrl":"https:\/\/nicogcasares.eu\/wp-content\/uploads\/2022\/04\/Captura-de-pantalla-2022-04-04-a-las-12.09.18-e1649067172109.png","datePublished":"2022-04-04T20:36:50+00:00","dateModified":"2022-04-05T13:04:18+00:00","description":"A Uni\u00f3n Europea abre a porta a Espa\u00f1a e Portugal para intervir temporalmente no mercado enerx\u00e9tico e poder aliviar a carga de consumidores e empresas","breadcrumb":{"@id":"https:\/\/nicogcasares.eu\/gl\/de-xuno-a-marzo-os-esforzos-socialistas-para-lograr-o-reconecemento-da-anomalia-electrica-iberica\/#breadcrumb"},"inLanguage":"gl-ES","potentialAction":[{"@type":"ReadAction","target":["https:\/\/nicogcasares.eu\/gl\/de-xuno-a-marzo-os-esforzos-socialistas-para-lograr-o-reconecemento-da-anomalia-electrica-iberica\/"]}]},{"@type":"ImageObject","inLanguage":"gl-ES","@id":"https:\/\/nicogcasares.eu\/gl\/de-xuno-a-marzo-os-esforzos-socialistas-para-lograr-o-reconecemento-da-anomalia-electrica-iberica\/#primaryimage","url":"https:\/\/nicogcasares.eu\/wp-content\/uploads\/2022\/04\/Captura-de-pantalla-2022-04-04-a-las-12.09.18-e1649067172109.png","contentUrl":"https:\/\/nicogcasares.eu\/wp-content\/uploads\/2022\/04\/Captura-de-pantalla-2022-04-04-a-las-12.09.18-e1649067172109.png","width":876,"height":540,"caption":"Sanchez y Costa en el EUCO de marzo"},{"@type":"BreadcrumbList","@id":"https:\/\/nicogcasares.eu\/gl\/de-xuno-a-marzo-os-esforzos-socialistas-para-lograr-o-reconecemento-da-anomalia-electrica-iberica\/#breadcrumb","itemListElement":[{"@type":"ListItem","position":1,"name":"Portada","item":"https:\/\/nicogcasares.eu\/gl\/"},{"@type":"ListItem","position":2,"name":"De xu\u00f1o a marzo: os esforzos socialistas para lograr o reco\u00f1ecemento da \u201canomal\u00eda el\u00e9ctrica ib\u00e9rica\u201d"}]},{"@type":"WebSite","@id":"https:\/\/nicogcasares.eu\/gl\/#website","url":"https:\/\/nicogcasares.eu\/gl\/","name":"Nico G. Casares","description":"Diputado socialista en el parlamento europeo","publisher":{"@id":"https:\/\/nicogcasares.eu\/gl\/#\/schema\/person\/75361477143e596646d48598a3778163"},"potentialAction":[{"@type":"SearchAction","target":{"@type":"EntryPoint","urlTemplate":"https:\/\/nicogcasares.eu\/gl\/?s={search_term_string}"},"query-input":"required name=search_term_string"}],"inLanguage":"gl-ES"},{"@type":["Person","Organization"],"@id":"https:\/\/nicogcasares.eu\/gl\/#\/schema\/person\/75361477143e596646d48598a3778163","name":"Nicol\u00e1s Gonz\u00e1lez Casares","image":{"@type":"ImageObject","inLanguage":"gl-ES","@id":"https:\/\/nicogcasares.eu\/gl\/#\/schema\/person\/image\/","url":"https:\/\/nicogcasares.eu\/wp-content\/uploads\/2021\/11\/20211006_EP-119139A_FMA_0895_RESIZED_S.jpg","contentUrl":"https:\/\/nicogcasares.eu\/wp-content\/uploads\/2021\/11\/20211006_EP-119139A_FMA_0895_RESIZED_S.jpg","width":639,"height":426,"caption":"Nicol\u00e1s Gonz\u00e1lez Casares"},"logo":{"@id":"https:\/\/nicogcasares.eu\/gl\/#\/schema\/person\/image\/"},"url":"https:\/\/nicogcasares.eu\/gl\/author\/nico\/"}]}},"_links":{"self":[{"href":"https:\/\/nicogcasares.eu\/gl\/wp-json\/wp\/v2\/posts\/4215"}],"collection":[{"href":"https:\/\/nicogcasares.eu\/gl\/wp-json\/wp\/v2\/posts"}],"about":[{"href":"https:\/\/nicogcasares.eu\/gl\/wp-json\/wp\/v2\/types\/post"}],"author":[{"embeddable":true,"href":"https:\/\/nicogcasares.eu\/gl\/wp-json\/wp\/v2\/users\/4"}],"replies":[{"embeddable":true,"href":"https:\/\/nicogcasares.eu\/gl\/wp-json\/wp\/v2\/comments?post=4215"}],"version-history":[{"count":3,"href":"https:\/\/nicogcasares.eu\/gl\/wp-json\/wp\/v2\/posts\/4215\/revisions"}],"predecessor-version":[{"id":4229,"href":"https:\/\/nicogcasares.eu\/gl\/wp-json\/wp\/v2\/posts\/4215\/revisions\/4229"}],"wp:featuredmedia":[{"embeddable":true,"href":"https:\/\/nicogcasares.eu\/gl\/wp-json\/wp\/v2\/media\/4225"}],"wp:attachment":[{"href":"https:\/\/nicogcasares.eu\/gl\/wp-json\/wp\/v2\/media?parent=4215"}],"wp:term":[{"taxonomy":"category","embeddable":true,"href":"https:\/\/nicogcasares.eu\/gl\/wp-json\/wp\/v2\/categories?post=4215"},{"taxonomy":"post_tag","embeddable":true,"href":"https:\/\/nicogcasares.eu\/gl\/wp-json\/wp\/v2\/tags?post=4215"}],"curies":[{"name":"wp","href":"https:\/\/api.w.org\/{rel}","templated":true}]}}