{"id":4241,"date":"2022-04-05T15:46:49","date_gmt":"2022-04-05T13:46:49","guid":{"rendered":"https:\/\/nicogcasares.eu\/?p=4241"},"modified":"2022-04-05T18:36:03","modified_gmt":"2022-04-05T16:36:03","slug":"gonzalez-casares-interconexions-mercado-europeo-enerxia","status":"publish","type":"post","link":"https:\/\/nicogcasares.eu\/gl\/gonzalez-casares-interconexions-mercado-europeo-enerxia\/","title":{"rendered":"Gonz\u00e1lez Casares: &#8220;Sen interconexi\u00f3ns, non haber\u00e1 un verdadeiro mercado \u00fanico europeo da enerx\u00eda&#8221;"},"content":{"rendered":"\n<p class=\"has-black-color has-text-color has-medium-font-size\"><strong>O eurodeputado Nicol\u00e1s Gonz\u00e1lez Casares reflexiona sobre os erros do pasado que nos est\u00e1n a pasar factura ao apostar polos combustibles f\u00f3siles<\/strong><\/p>\n\n\n\n<p class=\"has-black-color has-text-color has-medium-font-size\"> Esta ma\u00f1\u00e1, a sesi\u00f3n plenaria do Parlamento Europeo acoll\u00eda un debate sobre <strong>as Redes Transeuropeas de Enerx\u00eda<\/strong> (TEN-E nas s\u00faas siglas en ingl\u00e9s). O obxectivo desta pol\u00edtica, que se atopa nun per\u00edodo de revisi\u00f3n, \u00e9 vincular a infraestrutura enerx\u00e9tica dos pa\u00edses da Uni\u00f3n Europea a trav\u00e9s de corredores e \u00e1reas tem\u00e1ticas prioritarias. <\/p>\n\n\n\n<p class=\"has-black-color has-text-color has-medium-font-size\"> O eurodeputado socialista Nicol\u00e1s Gonz\u00e1lez Casares reclamou ante a Euroc\u00e1mara &#8220;resolver o pescozo de botella das <strong>interconexi\u00f3ns coa Pen\u00ednsula Ib\u00e9rica e as illas<\/strong>&#8220;. &#8220;Isto non \u00e9 un verdadeiro mercado europeo da enerx\u00eda&#8221;, dixo durante a s\u00faa intervenci\u00f3n. &#8220;Non sacaremos proveito das renovables se non interconectamos e integramos as redes el\u00e9ctricas&#8221;, subli\u00f1ou. O que supo\u00f1er\u00eda un <strong>plus enerx\u00e9tico e industrial para Galicia<\/strong>. <\/p>\n\n\n\n<p class=\"has-black-color has-text-color has-medium-font-size\"> Gonz\u00e1lez Casares, que \u00e9 membro da Comisi\u00f3n de Industria e Enerx\u00eda do Parlamento, avogou por <strong>&#8220;orientar os nosos investimentos a elementos compatibles coa neutralidade clim\u00e1tica&#8221;<\/strong> e deixar de vivir &#8220;dos erros do pasado&#8221;, como a aposta polos combustibles que &#8220;est\u00e1n a ser unha arma de guerra&#8221;. <\/p>\n\n\n\n<p class=\"has-black-color has-text-color has-medium-font-size\"> O eurodeputado apostou por <strong>despregar e integrar as tecnolox\u00edas renovables<\/strong>, coas novas disposici\u00f3ns para desenvolver a <strong>enerx\u00eda en alta mar<\/strong>; establecer un <strong>proceso de gobernanza m\u00e1is inclusivo<\/strong>, aplicar o principio de <strong>eficiencia enerx\u00e9tica<\/strong> e fomentar infraestruturas s\u00f3 compatibles con <strong>hidr\u00f3xeno<\/strong> cando transportemos gas. <\/p>\n\n\n\n<p class=\"has-black-color has-text-color has-medium-font-size\"> Para o europarlamentario \u00e9 fundamental planificar a <strong>infraestrutura enerx\u00e9tica<\/strong> se se quere lograr a <strong>neutralidade clim\u00e1tica<\/strong>. Un plan que debe ir en sinton\u00eda cos obxectivos clim\u00e1ticos e enerx\u00e9ticos e contar cun enfoque integrado e intersectorial. <\/p>\n\n\n\n<p class=\"has-black-color has-text-color has-medium-font-size\"> A ratificaci\u00f3n da nova TEN-E \u00e9 o primeiro grande acordo lexislativo no \u00e1mbito enerx\u00e9tico froito do <a href=\"https:\/\/ec.europa.eu\/info\/strategy\/priorities-2019-2024\/european-green-deal_es\" target=\"_blank\" rel=\"noreferrer noopener\">Pacto Verde Europeo<\/a>, &#8220;m\u00e1is en vigor ca nunca co sucedido en Rusia e os prezos da enerx\u00eda&#8221;, en palabras de Nicol\u00e1s Gonz\u00e1lez. A TEN-E orientar\u00e1 unha parte esencial dos grandes investimentos enerx\u00e9ticos para fortalecer o mercado interior e avanzar cara \u00e1 descarbonizaci\u00f3n do sector enerx\u00e9tico. <\/p>\n\n\n\n<p class=\"has-black-color has-text-color has-medium-font-size\"> Este debate chega un d\u00eda despois de que o <strong>Panel Intergobernamental de Expertos sobre o Cambio Clim\u00e1tico (IPCC)<\/strong> fixera p\u00fablico <a href=\"https:\/\/www.ipcc.ch\/report\/ar6\/wg3\/\" target=\"_blank\" rel=\"noreferrer noopener\">o estudo do seu Grupo de Traballo III<\/a>, que aval\u00eda o progreso e as promesas de mitigaci\u00f3n do cambio clim\u00e1tico e examina as fontes de emisi\u00f3ns globais. O informe valora positivamente a reducci\u00f3n de emisi\u00f3ns de gases de efecto invernadoiro a partir do 2019 e as medidas que moitos pa\u00edses, como o noso, est\u00e1n a adoptar. A\u00ednda as\u00ed, urxe a adoptar medidas profundas que limiten o quentamento global a 1,5 \u00b0C. Acci\u00f3ns que sexan sin\u00f3nimo dunha reduci\u00f3n dos combustibles f\u00f3siles e do incremento das renovables de forma sostible e respectuosa. <\/p>\n\n\n\n<p class=\"has-black-color has-text-color has-medium-font-size\"> &#8220;Os fondos son limitados e deben orientarse a procesos e tecnolox\u00edas que sexan totalmente compatibles coa neutralidade clim\u00e1tica&#8221;, lembra Gonz\u00e1lez Casares.<\/p>\n","protected":false},"excerpt":{"rendered":"<p>O eurodeputado Nicol\u00e1s Gonz\u00e1lez Casares reflexiona sobre os erros do pasado que nos est\u00e1n a pasar factura ao apostar polos combustibles f\u00f3siles<\/p>\n","protected":false},"author":4,"featured_media":4246,"comment_status":"closed","ping_status":"closed","sticky":true,"template":"","format":"standard","meta":{"footnotes":""},"categories":[34,29,32],"tags":[345,375,357,374,390,76],"yoast_head":"<!-- This site is optimized with the Yoast SEO plugin v22.3 - https:\/\/yoast.com\/wordpress\/plugins\/seo\/ -->\n<title>Gonz\u00e1lez Casares: &quot;Sen interconexi\u00f3ns, non haber\u00e1 un verdadeiro mercado \u00fanico europeo da enerx\u00eda&quot; - Nico G. Casares %<\/title>\n<meta name=\"description\" content=\"O eurodeputado Nicol\u00e1s Gonz\u00e1lez Casares reflexiona sobre os erros do pasado que nos est\u00e1n a pasar factura ao apostar polos combustibles f\u00f3siles\" \/>\n<meta name=\"robots\" content=\"index, follow, max-snippet:-1, max-image-preview:large, max-video-preview:-1\" \/>\n<link rel=\"canonical\" href=\"https:\/\/nicogcasares.eu\/gl\/gonzalez-casares-interconexions-mercado-europeo-enerxia\/\" \/>\n<meta property=\"og:locale\" content=\"gl_ES\" \/>\n<meta property=\"og:type\" content=\"article\" \/>\n<meta property=\"og:title\" content=\"Gonz\u00e1lez Casares: &quot;Sen interconexi\u00f3ns, non haber\u00e1 un verdadeiro mercado \u00fanico europeo da enerx\u00eda&quot;\" \/>\n<meta property=\"og:description\" content=\"O eurodeputado Nicol\u00e1s Gonz\u00e1lez Casares reflexiona sobre os erros do pasado que nos est\u00e1n a pasar factura ao apostar polos combustibles f\u00f3siles\" \/>\n<meta property=\"og:url\" content=\"https:\/\/nicogcasares.eu\/gl\/gonzalez-casares-interconexions-mercado-europeo-enerxia\/\" \/>\n<meta property=\"og:site_name\" content=\"Nico G. Casares\" \/>\n<meta property=\"article:published_time\" content=\"2022-04-05T13:46:49+00:00\" \/>\n<meta property=\"article:modified_time\" content=\"2022-04-05T16:36:03+00:00\" \/>\n<meta property=\"og:image\" content=\"https:\/\/nicogcasares.eu\/wp-content\/uploads\/2022\/03\/Nicolas-Gonzalez-Casares.-ERIC-VIDAL-PARLAMENTO-EUROPEO.jpg\" \/>\n\t<meta property=\"og:image:width\" content=\"1919\" \/>\n\t<meta property=\"og:image:height\" content=\"1277\" \/>\n\t<meta property=\"og:image:type\" content=\"image\/jpeg\" \/>\n<meta name=\"author\" content=\"Nicol\u00e1s Gonz\u00e1lez Casares\" \/>\n<meta name=\"twitter:card\" content=\"summary_large_image\" \/>\n<meta name=\"twitter:title\" content=\"Gonz\u00e1lez Casares: &quot;Sen interconexi\u00f3ns, non haber\u00e1 un verdadeiro mercado \u00fanico europeo da enerx\u00eda&quot;\" \/>\n<meta name=\"twitter:description\" content=\"O eurodeputado Nicol\u00e1s Gonz\u00e1lez Casares reflexiona sobre os erros do pasado que nos est\u00e1n a pasar factura ao apostar polos combustibles f\u00f3siles\" \/>\n<meta name=\"twitter:image\" content=\"https:\/\/nicogcasares.eu\/wp-content\/uploads\/2022\/03\/Nicolas-Gonzalez-Casares.-ERIC-VIDAL-PARLAMENTO-EUROPEO.jpg\" \/>\n<meta name=\"twitter:creator\" content=\"@nicogoncas\" \/>\n<meta name=\"twitter:site\" content=\"@nicogoncas\" \/>\n<meta name=\"twitter:label1\" content=\"Escrito por\" \/>\n\t<meta name=\"twitter:data1\" content=\"Nicol\u00e1s Gonz\u00e1lez Casares\" \/>\n\t<meta name=\"twitter:label2\" content=\"Tempo de lectura\" \/>\n\t<meta name=\"twitter:data2\" content=\"3 minutos\" \/>\n<script type=\"application\/ld+json\" class=\"yoast-schema-graph\">{\"@context\":\"https:\/\/schema.org\",\"@graph\":[{\"@type\":\"Article\",\"@id\":\"https:\/\/nicogcasares.eu\/gl\/gonzalez-casares-interconexions-mercado-europeo-enerxia\/#article\",\"isPartOf\":{\"@id\":\"https:\/\/nicogcasares.eu\/gl\/gonzalez-casares-interconexions-mercado-europeo-enerxia\/\"},\"author\":{\"name\":\"Nicol\u00e1s Gonz\u00e1lez Casares\",\"@id\":\"https:\/\/nicogcasares.eu\/gl\/#\/schema\/person\/75361477143e596646d48598a3778163\"},\"headline\":\"Gonz\u00e1lez Casares: &#8220;Sen interconexi\u00f3ns, non haber\u00e1 un verdadeiro mercado \u00fanico europeo da enerx\u00eda&#8221;\",\"datePublished\":\"2022-04-05T13:46:49+00:00\",\"dateModified\":\"2022-04-05T16:36:03+00:00\",\"mainEntityOfPage\":{\"@id\":\"https:\/\/nicogcasares.eu\/gl\/gonzalez-casares-interconexions-mercado-europeo-enerxia\/\"},\"wordCount\":534,\"publisher\":{\"@id\":\"https:\/\/nicogcasares.eu\/gl\/#\/schema\/person\/75361477143e596646d48598a3778163\"},\"image\":{\"@id\":\"https:\/\/nicogcasares.eu\/gl\/gonzalez-casares-interconexions-mercado-europeo-enerxia\/#primaryimage\"},\"thumbnailUrl\":\"https:\/\/nicogcasares.eu\/wp-content\/uploads\/2022\/04\/Nicolas-G.-Casares-1.jpg\",\"keywords\":[\"enerx\u00eda\",\"gas\",\"Nicol\u00e1s Gonz\u00e1lez Casares\",\"renovables\",\"Rusia\",\"Uni\u00f3n Europea\"],\"articleSection\":[\"Actividade\",\"Enerx\u00eda\",\"Novas\"],\"inLanguage\":\"gl-ES\"},{\"@type\":\"WebPage\",\"@id\":\"https:\/\/nicogcasares.eu\/gl\/gonzalez-casares-interconexions-mercado-europeo-enerxia\/\",\"url\":\"https:\/\/nicogcasares.eu\/gl\/gonzalez-casares-interconexions-mercado-europeo-enerxia\/\",\"name\":\"Gonz\u00e1lez Casares: \\\"Sen interconexi\u00f3ns, non haber\u00e1 un verdadeiro mercado \u00fanico europeo da enerx\u00eda\\\" - Nico G. Casares %\",\"isPartOf\":{\"@id\":\"https:\/\/nicogcasares.eu\/gl\/#website\"},\"primaryImageOfPage\":{\"@id\":\"https:\/\/nicogcasares.eu\/gl\/gonzalez-casares-interconexions-mercado-europeo-enerxia\/#primaryimage\"},\"image\":{\"@id\":\"https:\/\/nicogcasares.eu\/gl\/gonzalez-casares-interconexions-mercado-europeo-enerxia\/#primaryimage\"},\"thumbnailUrl\":\"https:\/\/nicogcasares.eu\/wp-content\/uploads\/2022\/04\/Nicolas-G.-Casares-1.jpg\",\"datePublished\":\"2022-04-05T13:46:49+00:00\",\"dateModified\":\"2022-04-05T16:36:03+00:00\",\"description\":\"O eurodeputado Nicol\u00e1s Gonz\u00e1lez Casares reflexiona sobre os erros do pasado que nos est\u00e1n a pasar factura ao apostar polos combustibles f\u00f3siles\",\"breadcrumb\":{\"@id\":\"https:\/\/nicogcasares.eu\/gl\/gonzalez-casares-interconexions-mercado-europeo-enerxia\/#breadcrumb\"},\"inLanguage\":\"gl-ES\",\"potentialAction\":[{\"@type\":\"ReadAction\",\"target\":[\"https:\/\/nicogcasares.eu\/gl\/gonzalez-casares-interconexions-mercado-europeo-enerxia\/\"]}]},{\"@type\":\"ImageObject\",\"inLanguage\":\"gl-ES\",\"@id\":\"https:\/\/nicogcasares.eu\/gl\/gonzalez-casares-interconexions-mercado-europeo-enerxia\/#primaryimage\",\"url\":\"https:\/\/nicogcasares.eu\/wp-content\/uploads\/2022\/04\/Nicolas-G.-Casares-1.jpg\",\"contentUrl\":\"https:\/\/nicogcasares.eu\/wp-content\/uploads\/2022\/04\/Nicolas-G.-Casares-1.jpg\",\"width\":1600,\"height\":1066},{\"@type\":\"BreadcrumbList\",\"@id\":\"https:\/\/nicogcasares.eu\/gl\/gonzalez-casares-interconexions-mercado-europeo-enerxia\/#breadcrumb\",\"itemListElement\":[{\"@type\":\"ListItem\",\"position\":1,\"name\":\"Portada\",\"item\":\"https:\/\/nicogcasares.eu\/gl\/\"},{\"@type\":\"ListItem\",\"position\":2,\"name\":\"Gonz\u00e1lez Casares: \u00abSen interconexi\u00f3ns, non haber\u00e1 un verdadeiro mercado \u00fanico europeo da enerx\u00eda\u00bb\"}]},{\"@type\":\"WebSite\",\"@id\":\"https:\/\/nicogcasares.eu\/gl\/#website\",\"url\":\"https:\/\/nicogcasares.eu\/gl\/\",\"name\":\"Nico G. Casares\",\"description\":\"Diputado socialista en el parlamento europeo\",\"publisher\":{\"@id\":\"https:\/\/nicogcasares.eu\/gl\/#\/schema\/person\/75361477143e596646d48598a3778163\"},\"potentialAction\":[{\"@type\":\"SearchAction\",\"target\":{\"@type\":\"EntryPoint\",\"urlTemplate\":\"https:\/\/nicogcasares.eu\/gl\/?s={search_term_string}\"},\"query-input\":\"required name=search_term_string\"}],\"inLanguage\":\"gl-ES\"},{\"@type\":[\"Person\",\"Organization\"],\"@id\":\"https:\/\/nicogcasares.eu\/gl\/#\/schema\/person\/75361477143e596646d48598a3778163\",\"name\":\"Nicol\u00e1s Gonz\u00e1lez Casares\",\"image\":{\"@type\":\"ImageObject\",\"inLanguage\":\"gl-ES\",\"@id\":\"https:\/\/nicogcasares.eu\/gl\/#\/schema\/person\/image\/\",\"url\":\"https:\/\/nicogcasares.eu\/wp-content\/uploads\/2021\/11\/20211006_EP-119139A_FMA_0895_RESIZED_S.jpg\",\"contentUrl\":\"https:\/\/nicogcasares.eu\/wp-content\/uploads\/2021\/11\/20211006_EP-119139A_FMA_0895_RESIZED_S.jpg\",\"width\":639,\"height\":426,\"caption\":\"Nicol\u00e1s Gonz\u00e1lez Casares\"},\"logo\":{\"@id\":\"https:\/\/nicogcasares.eu\/gl\/#\/schema\/person\/image\/\"},\"url\":\"https:\/\/nicogcasares.eu\/gl\/author\/nico\/\"}]}<\/script>\n<!-- \/ Yoast SEO plugin. -->","yoast_head_json":{"title":"Gonz\u00e1lez Casares: \"Sen interconexi\u00f3ns, non haber\u00e1 un verdadeiro mercado \u00fanico europeo da enerx\u00eda\" - Nico G. Casares %","description":"O eurodeputado Nicol\u00e1s Gonz\u00e1lez Casares reflexiona sobre os erros do pasado que nos est\u00e1n a pasar factura ao apostar polos combustibles f\u00f3siles","robots":{"index":"index","follow":"follow","max-snippet":"max-snippet:-1","max-image-preview":"max-image-preview:large","max-video-preview":"max-video-preview:-1"},"canonical":"https:\/\/nicogcasares.eu\/gl\/gonzalez-casares-interconexions-mercado-europeo-enerxia\/","og_locale":"gl_ES","og_type":"article","og_title":"Gonz\u00e1lez Casares: \"Sen interconexi\u00f3ns, non haber\u00e1 un verdadeiro mercado \u00fanico europeo da enerx\u00eda\"","og_description":"O eurodeputado Nicol\u00e1s Gonz\u00e1lez Casares reflexiona sobre os erros do pasado que nos est\u00e1n a pasar factura ao apostar polos combustibles f\u00f3siles","og_url":"https:\/\/nicogcasares.eu\/gl\/gonzalez-casares-interconexions-mercado-europeo-enerxia\/","og_site_name":"Nico G. Casares","article_published_time":"2022-04-05T13:46:49+00:00","article_modified_time":"2022-04-05T16:36:03+00:00","og_image":[{"width":1919,"height":1277,"url":"https:\/\/nicogcasares.eu\/wp-content\/uploads\/2022\/03\/Nicolas-Gonzalez-Casares.-ERIC-VIDAL-PARLAMENTO-EUROPEO.jpg","type":"image\/jpeg"}],"author":"Nicol\u00e1s Gonz\u00e1lez Casares","twitter_card":"summary_large_image","twitter_title":"Gonz\u00e1lez Casares: \"Sen interconexi\u00f3ns, non haber\u00e1 un verdadeiro mercado \u00fanico europeo da enerx\u00eda\"","twitter_description":"O eurodeputado Nicol\u00e1s Gonz\u00e1lez Casares reflexiona sobre os erros do pasado que nos est\u00e1n a pasar factura ao apostar polos combustibles f\u00f3siles","twitter_image":"https:\/\/nicogcasares.eu\/wp-content\/uploads\/2022\/03\/Nicolas-Gonzalez-Casares.-ERIC-VIDAL-PARLAMENTO-EUROPEO.jpg","twitter_creator":"@nicogoncas","twitter_site":"@nicogoncas","twitter_misc":{"Escrito por":"Nicol\u00e1s Gonz\u00e1lez Casares","Tempo de lectura":"3 minutos"},"schema":{"@context":"https:\/\/schema.org","@graph":[{"@type":"Article","@id":"https:\/\/nicogcasares.eu\/gl\/gonzalez-casares-interconexions-mercado-europeo-enerxia\/#article","isPartOf":{"@id":"https:\/\/nicogcasares.eu\/gl\/gonzalez-casares-interconexions-mercado-europeo-enerxia\/"},"author":{"name":"Nicol\u00e1s Gonz\u00e1lez Casares","@id":"https:\/\/nicogcasares.eu\/gl\/#\/schema\/person\/75361477143e596646d48598a3778163"},"headline":"Gonz\u00e1lez Casares: &#8220;Sen interconexi\u00f3ns, non haber\u00e1 un verdadeiro mercado \u00fanico europeo da enerx\u00eda&#8221;","datePublished":"2022-04-05T13:46:49+00:00","dateModified":"2022-04-05T16:36:03+00:00","mainEntityOfPage":{"@id":"https:\/\/nicogcasares.eu\/gl\/gonzalez-casares-interconexions-mercado-europeo-enerxia\/"},"wordCount":534,"publisher":{"@id":"https:\/\/nicogcasares.eu\/gl\/#\/schema\/person\/75361477143e596646d48598a3778163"},"image":{"@id":"https:\/\/nicogcasares.eu\/gl\/gonzalez-casares-interconexions-mercado-europeo-enerxia\/#primaryimage"},"thumbnailUrl":"https:\/\/nicogcasares.eu\/wp-content\/uploads\/2022\/04\/Nicolas-G.-Casares-1.jpg","keywords":["enerx\u00eda","gas","Nicol\u00e1s Gonz\u00e1lez Casares","renovables","Rusia","Uni\u00f3n Europea"],"articleSection":["Actividade","Enerx\u00eda","Novas"],"inLanguage":"gl-ES"},{"@type":"WebPage","@id":"https:\/\/nicogcasares.eu\/gl\/gonzalez-casares-interconexions-mercado-europeo-enerxia\/","url":"https:\/\/nicogcasares.eu\/gl\/gonzalez-casares-interconexions-mercado-europeo-enerxia\/","name":"Gonz\u00e1lez Casares: \"Sen interconexi\u00f3ns, non haber\u00e1 un verdadeiro mercado \u00fanico europeo da enerx\u00eda\" - Nico G. Casares %","isPartOf":{"@id":"https:\/\/nicogcasares.eu\/gl\/#website"},"primaryImageOfPage":{"@id":"https:\/\/nicogcasares.eu\/gl\/gonzalez-casares-interconexions-mercado-europeo-enerxia\/#primaryimage"},"image":{"@id":"https:\/\/nicogcasares.eu\/gl\/gonzalez-casares-interconexions-mercado-europeo-enerxia\/#primaryimage"},"thumbnailUrl":"https:\/\/nicogcasares.eu\/wp-content\/uploads\/2022\/04\/Nicolas-G.-Casares-1.jpg","datePublished":"2022-04-05T13:46:49+00:00","dateModified":"2022-04-05T16:36:03+00:00","description":"O eurodeputado Nicol\u00e1s Gonz\u00e1lez Casares reflexiona sobre os erros do pasado que nos est\u00e1n a pasar factura ao apostar polos combustibles f\u00f3siles","breadcrumb":{"@id":"https:\/\/nicogcasares.eu\/gl\/gonzalez-casares-interconexions-mercado-europeo-enerxia\/#breadcrumb"},"inLanguage":"gl-ES","potentialAction":[{"@type":"ReadAction","target":["https:\/\/nicogcasares.eu\/gl\/gonzalez-casares-interconexions-mercado-europeo-enerxia\/"]}]},{"@type":"ImageObject","inLanguage":"gl-ES","@id":"https:\/\/nicogcasares.eu\/gl\/gonzalez-casares-interconexions-mercado-europeo-enerxia\/#primaryimage","url":"https:\/\/nicogcasares.eu\/wp-content\/uploads\/2022\/04\/Nicolas-G.-Casares-1.jpg","contentUrl":"https:\/\/nicogcasares.eu\/wp-content\/uploads\/2022\/04\/Nicolas-G.-Casares-1.jpg","width":1600,"height":1066},{"@type":"BreadcrumbList","@id":"https:\/\/nicogcasares.eu\/gl\/gonzalez-casares-interconexions-mercado-europeo-enerxia\/#breadcrumb","itemListElement":[{"@type":"ListItem","position":1,"name":"Portada","item":"https:\/\/nicogcasares.eu\/gl\/"},{"@type":"ListItem","position":2,"name":"Gonz\u00e1lez Casares: \u00abSen interconexi\u00f3ns, non haber\u00e1 un verdadeiro mercado \u00fanico europeo da enerx\u00eda\u00bb"}]},{"@type":"WebSite","@id":"https:\/\/nicogcasares.eu\/gl\/#website","url":"https:\/\/nicogcasares.eu\/gl\/","name":"Nico G. Casares","description":"Diputado socialista en el parlamento europeo","publisher":{"@id":"https:\/\/nicogcasares.eu\/gl\/#\/schema\/person\/75361477143e596646d48598a3778163"},"potentialAction":[{"@type":"SearchAction","target":{"@type":"EntryPoint","urlTemplate":"https:\/\/nicogcasares.eu\/gl\/?s={search_term_string}"},"query-input":"required name=search_term_string"}],"inLanguage":"gl-ES"},{"@type":["Person","Organization"],"@id":"https:\/\/nicogcasares.eu\/gl\/#\/schema\/person\/75361477143e596646d48598a3778163","name":"Nicol\u00e1s Gonz\u00e1lez Casares","image":{"@type":"ImageObject","inLanguage":"gl-ES","@id":"https:\/\/nicogcasares.eu\/gl\/#\/schema\/person\/image\/","url":"https:\/\/nicogcasares.eu\/wp-content\/uploads\/2021\/11\/20211006_EP-119139A_FMA_0895_RESIZED_S.jpg","contentUrl":"https:\/\/nicogcasares.eu\/wp-content\/uploads\/2021\/11\/20211006_EP-119139A_FMA_0895_RESIZED_S.jpg","width":639,"height":426,"caption":"Nicol\u00e1s Gonz\u00e1lez Casares"},"logo":{"@id":"https:\/\/nicogcasares.eu\/gl\/#\/schema\/person\/image\/"},"url":"https:\/\/nicogcasares.eu\/gl\/author\/nico\/"}]}},"_links":{"self":[{"href":"https:\/\/nicogcasares.eu\/gl\/wp-json\/wp\/v2\/posts\/4241"}],"collection":[{"href":"https:\/\/nicogcasares.eu\/gl\/wp-json\/wp\/v2\/posts"}],"about":[{"href":"https:\/\/nicogcasares.eu\/gl\/wp-json\/wp\/v2\/types\/post"}],"author":[{"embeddable":true,"href":"https:\/\/nicogcasares.eu\/gl\/wp-json\/wp\/v2\/users\/4"}],"replies":[{"embeddable":true,"href":"https:\/\/nicogcasares.eu\/gl\/wp-json\/wp\/v2\/comments?post=4241"}],"version-history":[{"count":1,"href":"https:\/\/nicogcasares.eu\/gl\/wp-json\/wp\/v2\/posts\/4241\/revisions"}],"predecessor-version":[{"id":4242,"href":"https:\/\/nicogcasares.eu\/gl\/wp-json\/wp\/v2\/posts\/4241\/revisions\/4242"}],"wp:featuredmedia":[{"embeddable":true,"href":"https:\/\/nicogcasares.eu\/gl\/wp-json\/wp\/v2\/media\/4246"}],"wp:attachment":[{"href":"https:\/\/nicogcasares.eu\/gl\/wp-json\/wp\/v2\/media?parent=4241"}],"wp:term":[{"taxonomy":"category","embeddable":true,"href":"https:\/\/nicogcasares.eu\/gl\/wp-json\/wp\/v2\/categories?post=4241"},{"taxonomy":"post_tag","embeddable":true,"href":"https:\/\/nicogcasares.eu\/gl\/wp-json\/wp\/v2\/tags?post=4241"}],"curies":[{"name":"wp","href":"https:\/\/api.w.org\/{rel}","templated":true}]}}