{"id":4259,"date":"2022-04-25T13:37:07","date_gmt":"2022-04-25T11:37:07","guid":{"rendered":"https:\/\/nicogcasares.eu\/?p=4259"},"modified":"2022-04-25T13:40:02","modified_gmt":"2022-04-25T11:40:02","slug":"la-idi-contra-la-malaria-salvara-vidas","status":"publish","type":"post","link":"https:\/\/nicogcasares.eu\/gl\/la-idi-contra-la-malaria-salvara-vidas\/","title":{"rendered":"La I+D+i contra la malaria salvar\u00e1 vidas"},"content":{"rendered":"\n<p style=\"font-size:22px\"><strong>   ESTE ART\u00cdCULO FUE PUBLICADO EN La Vanguardia EL 25 DE ABRIL. <a href=\"https:\/\/www.lavanguardia.com\/ciencia\/20220425\/8219100\/dia-mundial-malaria.html\" target=\"_blank\" rel=\"noreferrer noopener\">AQU\u00cd PUEDES ENCONTRARLO<\/a><a href=\"https:\/\/www.eldiario.es\/euroblog\/justicia-social-lucha-cancer_132_8732709.html?fbclid=IwAR10BMb9VVkTADGKXZOvP0x_nD0XtLVPIzGgAnbPC4KAOgOsDQKzVs_giMc\" target=\"_blank\" rel=\"noreferrer noopener\"> <\/a><\/strong><\/p>\n\n\n\n<p class=\"has-black-color has-text-color has-medium-font-size\"><strong> Eliminar la malaria requiere una ciencia m\u00e1s sensible a las cuestiones de g\u00e9nero<\/strong><\/p>\n\n\n\n<p class=\"has-black-color has-text-color has-medium-font-size\"> La malaria es una de las enfermedades infecciosas m\u00e1s letales del planeta. <a href=\"https:\/\/data.unicef.org\/topic\/child-health\/malaria\/\" target=\"_blank\" rel=\"noreferrer noopener\">Un beb\u00e9 muere cada dos minutos<\/a> por esta causa y unos once millones de mujeres embarazadas est\u00e1n en riesgo de contraerla en \u00c1frica subsahariana, de acuerdo con el \u00faltimo <a href=\"https:\/\/www.who.int\/publications\/i\/item\/9789240040496\" target=\"_blank\" rel=\"noreferrer noopener\">informe mundial sobre la malaria<\/a> publicado por la Organizaci\u00f3n Mundial de la Salud (OMS). Los riesgos para el feto incluyen anemia grave, da\u00f1o cerebral, aborto o nacimiento prematuro, entre otros. <\/p>\n\n\n\n<p class=\"has-black-color has-text-color has-medium-font-size\"> Adem\u00e1s de su tremendo impacto en la vida y la salud, esta epidemia tiene tambi\u00e9n un enorme coste econ\u00f3mico. Se estima que su coste directo, es decir por enfermedad, muerte y gasto sanitario, supera los <a href=\"https:\/\/www.cdc.gov\/malaria\/malaria_worldwide\/impact.html\" target=\"_blank\" rel=\"noreferrer noopener\">12.000 millones de d\u00f3lares al a\u00f1o<\/a>. Este impacto es devastador, especialmente para los pa\u00edses de media o baja renta, que son los principales afectados. <\/p>\n\n\n\n<p class=\"has-black-color has-text-color has-medium-font-size\"><strong>Once millones de mujeres embarazadas est\u00e1n en riesgo de contraer la malaria en \u00c1frica subsahariana <\/strong><\/p>\n\n\n\n<p class=\"has-black-color has-text-color has-medium-font-size\"> Este 25 de abril celebramos el D\u00eda Mundial de la Malaria. El \u00e9nfasis de este a\u00f1o est\u00e1 en c\u00f3mo la innovaci\u00f3n puede contribuir a reducir el impacto de esta enfermedad y salvar vidas. El Director General de la OMS, Tedros Adhanom Ghebreyesus, ha reiterado que la lucha contra la malaria requiere poner el foco de atenci\u00f3n en mujeres y menores, una tarea que debe comenzar en la investigaci\u00f3n, desarrollo e innovaci\u00f3n (I+D+i) de tratamientos. <\/p>\n\n\n\n<p class=\"has-black-color has-text-color has-medium-font-size\"> En las dos \u00faltimas d\u00e9cadas, el mundo ha experimentado una reducci\u00f3n muy importante en la incidencia y prevalencia de la malaria. Sin embargo, este progreso se ha revertido en los \u00faltimos a\u00f1os, con un incremento del 12% en el n\u00famero de muertes asociadas a esta enfermedad. <\/p>\n\n\n\n<p class=\"has-black-color has-text-color has-medium-font-size\"> El a\u00f1o pasado, la OMS anunci\u00f3 un avance decisivo en la lucha contra esta epidemia con la <a href=\"https:\/\/www.who.int\/news\/item\/06-10-2021-who-recommends-groundbreaking-malaria-vaccine-for-children-at-risk\" target=\"_blank\" rel=\"noreferrer noopener\">autorizaci\u00f3n de la primera vacuna contra la malaria<\/a> (RTS,S\/AS01), que est\u00e1 especialmente dise\u00f1ada para ni\u00f1os que viven en regiones con un riesgo medio o alto de transmisi\u00f3n. Esta vacuna pionera es el resultado de d\u00e9cadas de colaboraci\u00f3n entre instituciones europeas, africanas y de otras regiones. La <a href=\"https:\/\/www.edctp.org\/news\/rtss-as01-malaria-vaccine-edctp-contributions-and-next-steps\/#\" target=\"_blank\" rel=\"noreferrer noopener\">Asociaci\u00f3n de ensayos cl\u00ednicos entre pa\u00edses europeos y en v\u00edas de desarrollo<\/a> (EDCTP por sus siglas en ingl\u00e9s), una iniciativa de la Uni\u00f3n Europea (UE) que financia la I+D+i de medicamentos para enfermedades olvidadas y de la pobreza como la malaria, ha jugado un papel clave en este hito.  <\/p>\n\n\n\n<p class=\"has-black-color has-text-color has-medium-font-size\"><strong>El coste econ\u00f3mico directo de la malaria supera los 12.000 millones de d\u00f3lares al a\u00f1o <\/strong><\/p>\n\n\n\n<p class=\"has-black-color has-text-color has-medium-font-size\"> El Instituto de Salud Global de Barcelona (ISGlobal), centro colaborador de la OMS para el control, la eliminaci\u00f3n y la erradicaci\u00f3n de la malaria, tambi\u00e9n ha sido un actor fundamental en este \u00e9xito. En el contexto de una variedad de proyectos de investigaci\u00f3n, y a trav\u00e9s de su <a href=\"https:\/\/www.isglobal.org\/en\/malaria-elimination\" target=\"_blank\" rel=\"noreferrer noopener\">Iniciativa para la Eliminaci\u00f3n de la Malaria<\/a>, ISGlobal trabaja en el desarrollo de otros tratamientos que ayuden a prevenir y\/o tratar la enfermedad en las dos poblaciones m\u00e1s vulnerables para esta enfermedad, los ni\u00f1os m\u00e1s peque\u00f1os y las mujeres embarazadas. <\/p>\n\n\n\n<p class=\"has-black-color has-text-color has-medium-font-size\"> Todav\u00eda hoy, solo unos pocos tratamientos contra la malaria son seguros para mujeres embarazadas o en lactancia pese a que son un grupo de alto riesgo; y pese a los peligros que esta enfermedad conlleva para el feto. <a href=\"https:\/\/www.dsw.org\/en\/wp-content\/uploads\/2021\/05\/PRNDs_Gender_Study.pdf\" target=\"_blank\" rel=\"noreferrer noopener\">Un estudio reciente de la organizaci\u00f3n no gubernamental DSW<\/a> explica c\u00f3mo la I+D+i biom\u00e9dica a menudo obvia factores de g\u00e9nero, as\u00ed como diferencias biol\u00f3gicas en la propensi\u00f3n y el impacto de enfermedades. <\/p>\n\n\n\n<p class=\"has-black-color has-text-color has-medium-font-size\"> Por ejemplo, las mujeres embarazadas, en lactancia o que pueden quedar embarazadas son regularmente omitidas de ensayos cl\u00ednicos, pese a que hay numerosos estudios y gu\u00edas sobre c\u00f3mo hacerlo de forma segura y \u00e9tica. La exclusi\u00f3n de estos grupos retrasa el desarrollo de medicamentos, provoca que no haya tratamientos disponibles y a veces les obliga a tener que recurrir a ellos pese a haber limitada evidencia cient\u00edfica sobre la seguridad y eficacia de su uso en estas personas. <\/p>\n\n\n\n<p class=\"has-black-color has-text-color has-medium-font-size\"><strong>Necesitaremos t\u00e9cnicas de diagn\u00f3stico, vacunas y medicamentos, pero tambi\u00e9n mosquiteras e insecticidas, para acabar con esta epidemia <\/strong><\/p>\n\n\n\n<p class=\"has-black-color has-text-color has-medium-font-size\"> La eliminaci\u00f3n de la malaria requiere por tanto invertir en una I+D+i sensible a las cuestiones de g\u00e9nero. Para ello necesitamos una clara concienciaci\u00f3n entre legisladores, autoridades sanitarias y otros actores, el incremento de la inversi\u00f3n en I+D+i y el desarrollo de programas y proyectos que presten especial atenci\u00f3n a las necesidades de las poblaciones afectadas y a menudo olvidadas, sobre todo mujeres y ni\u00f1as. <\/p>\n\n\n\n<p class=\"has-black-color has-text-color has-medium-font-size\"> La <a href=\"https:\/\/policy-cures-website-assets.s3.ap-southeast-2.amazonaws.com\/wp-content\/uploads\/2022\/01\/02212458\/2021-G-FINDER-Neglected-Disease.pdf\" target=\"_blank\" rel=\"noreferrer noopener\">inversi\u00f3n mundial en I+D+i contra la malaria lleva dos a\u00f1os consecutivos en retroceso<\/a>, siendo de 619 millones de d\u00f3lares en 2020. Pese a que la UE es el tercer mayor contribuyente, su financiaci\u00f3n se ha visto reducida a m\u00e1s de la mitad en la \u00faltima d\u00e9cada, tocando fondo en 2020 con 11 millones de d\u00f3lares. El programa marco de investigaci\u00f3n europeo, Horizonte Europa, tendr\u00e1 que jugar un papel clave si queremos revertir esta tendencia. Tambi\u00e9n tenemos por delante el reto de integrar mejor las consideraciones de g\u00e9nero en este programa. Se han dado pasos positivos, como la inclusi\u00f3n de <a href=\"https:\/\/op.europa.eu\/en\/web\/eu-law-and-publications\/publication-detail\/-\/publication\/51704c8d-ca5f-11eb-84ce-01aa75ed71a1\" target=\"_blank\" rel=\"noreferrer noopener\">planes de igualdad<\/a> de g\u00e9nero, pero todav\u00eda tenemos un amplio <a href=\"https:\/\/genderaction.eu\/wp-content\/uploads\/2021\/07\/Policy-Series.pdf\" target=\"_blank\" rel=\"noreferrer noopener\">margen de mejora en este campo<\/a>. <\/p>\n\n\n\n<p class=\"has-black-color has-text-color has-medium-font-size\">Pese a los avances en lucha contra la malaria, la OMS ha reiterado que necesitaremos una panoplia de tecnolog\u00edas \u2013 diagn\u00f3sticos, vacunas, medicamentos, as\u00ed como mosquiteras e insecticidas \u2013 para acabar con esta epidemia. Los efectos potenciales del cambio clim\u00e1tico en la movilidad de los mosquitos de la malaria, la creciente resistencia de la malaria a los tratamientos actuales, o el impacto de la crisis del coronavirus ponen en riesgo el progreso contra esta enfermedad. Si algo ha demostrado esta pandemia es que cuando el mundo trabaja hacia un objetivo com\u00fan, podemos conseguir lo que parec\u00eda imposible. Con mayor inversi\u00f3n en I+D+i y mejores estrategias para integrar la igualdad de g\u00e9nero, tenemos una oportunidad \u00fanica en la pr\u00f3xima d\u00e9cada para desarrollar las tecnolog\u00edas sanitarias que pongan fin a esta epidemia. Es posible: hagamos realidad el sue\u00f1o de un mundo sin malaria. <\/p>\n\n\n\n<p class=\"has-black-color has-text-color has-medium-font-size\"><em>Los autores de este art\u00edculo son: <\/em><\/p>\n\n\n\n<p class=\"has-black-color has-text-color has-medium-font-size\"><strong>Quique Bassat.<\/strong> Profesor de investigaci\u00f3n ICREA y director del Programa de Malaria del Instituto de Salud Global de Barcelona (ISGlobal), centro impulsado por la Fundaci\u00f3n \u201cla Caixa\u201d <\/p>\n\n\n\n<p class=\"has-black-color has-text-color has-medium-font-size\"><strong>Javi L\u00f3pez.<\/strong> Eurodiputado y miembro de la Comisi\u00f3n de Medio Ambiente, Salud P\u00fablica y Seguridad Alimentaria del Parlamento europeo <\/p>\n\n\n\n<p class=\"has-black-color has-text-color has-medium-font-size\"><strong>Nicol\u00e1s Gonz\u00e1lez Casares.<\/strong> Eurodiputado y miembro de la Comisi\u00f3n de Industria, Investigaci\u00f3n y Energ\u00eda del Parlamento Europeo. <\/p>\n\n\n\n<p class=\"has-black-color has-text-color has-medium-font-size\"><strong>Lisa Goerlitz. <\/strong>Directora de la Oficina de Bruselas de la Fundaci\u00f3n Alemana de Poblaci\u00f3n Mundial (DSW)<\/p>\n\n\n\n<p><\/p>\n\n\n\n<p><\/p>\n","protected":false},"excerpt":{"rendered":"<p>Eliminar la malaria requiere una ciencia m\u00e1s sensible a las cuestiones de g\u00e9nero<\/p>\n","protected":false},"author":4,"featured_media":4255,"comment_status":"closed","ping_status":"closed","sticky":true,"template":"","format":"standard","meta":{"footnotes":""},"categories":[32,71,42],"tags":[369,394,65],"yoast_head":"<!-- This site is optimized with the Yoast SEO plugin v22.3 - https:\/\/yoast.com\/wordpress\/plugins\/seo\/ -->\n<title>La I+D+i contra la malaria salvar\u00e1 vidas - Nico G. Casares<\/title>\n<meta name=\"description\" content=\"Para eliminar la malara se requiere una ciencia m\u00e1s sensible a las cuestiones de g\u00e9nero\" \/>\n<meta name=\"robots\" content=\"index, follow, max-snippet:-1, max-image-preview:large, max-video-preview:-1\" \/>\n<link rel=\"canonical\" href=\"https:\/\/nicogcasares.eu\/gl\/la-idi-contra-la-malaria-salvara-vidas\/\" \/>\n<meta property=\"og:locale\" content=\"gl_ES\" \/>\n<meta property=\"og:type\" content=\"article\" \/>\n<meta property=\"og:title\" content=\"La I+D+i contra la malaria salvar\u00e1 vidas\" \/>\n<meta property=\"og:description\" content=\"Eliminar la malaria requiere una ciencia m\u00e1s sensible a las cuestiones de g\u00e9nero\" \/>\n<meta property=\"og:url\" content=\"https:\/\/nicogcasares.eu\/gl\/la-idi-contra-la-malaria-salvara-vidas\/\" \/>\n<meta property=\"og:site_name\" content=\"Nico G. Casares\" \/>\n<meta property=\"article:published_time\" content=\"2022-04-25T11:37:07+00:00\" \/>\n<meta property=\"article:modified_time\" content=\"2022-04-25T11:40:02+00:00\" \/>\n<meta property=\"og:image\" content=\"https:\/\/nicogcasares.eu\/wp-content\/uploads\/2022\/04\/AVISPA.jpeg\" \/>\n\t<meta property=\"og:image:width\" content=\"948\" \/>\n\t<meta property=\"og:image:height\" content=\"465\" \/>\n\t<meta property=\"og:image:type\" content=\"image\/jpeg\" \/>\n<meta name=\"author\" content=\"Nicol\u00e1s Gonz\u00e1lez Casares\" \/>\n<meta name=\"twitter:card\" content=\"summary_large_image\" \/>\n<meta name=\"twitter:title\" content=\"La I+D+i contra la malaria salvar\u00e1 vidas\" \/>\n<meta name=\"twitter:description\" content=\"Eliminar la malaria requiere una ciencia m\u00e1s sensible a las cuestiones de g\u00e9nero\" \/>\n<meta name=\"twitter:image\" content=\"https:\/\/nicogcasares.eu\/wp-content\/uploads\/2022\/04\/AVISPA.jpeg\" \/>\n<meta name=\"twitter:creator\" content=\"@nicogoncas\" \/>\n<meta name=\"twitter:site\" content=\"@nicogoncas\" \/>\n<meta name=\"twitter:label1\" content=\"Escrito por\" \/>\n\t<meta name=\"twitter:data1\" content=\"Nicol\u00e1s Gonz\u00e1lez Casares\" \/>\n\t<meta name=\"twitter:label2\" content=\"Tempo de lectura\" \/>\n\t<meta name=\"twitter:data2\" content=\"5 minutos\" \/>\n<script type=\"application\/ld+json\" class=\"yoast-schema-graph\">{\"@context\":\"https:\/\/schema.org\",\"@graph\":[{\"@type\":\"Article\",\"@id\":\"https:\/\/nicogcasares.eu\/gl\/la-idi-contra-la-malaria-salvara-vidas\/#article\",\"isPartOf\":{\"@id\":\"https:\/\/nicogcasares.eu\/gl\/la-idi-contra-la-malaria-salvara-vidas\/\"},\"author\":{\"name\":\"Nicol\u00e1s Gonz\u00e1lez Casares\",\"@id\":\"https:\/\/nicogcasares.eu\/gl\/#\/schema\/person\/75361477143e596646d48598a3778163\"},\"headline\":\"La I+D+i contra la malaria salvar\u00e1 vidas\",\"datePublished\":\"2022-04-25T11:37:07+00:00\",\"dateModified\":\"2022-04-25T11:40:02+00:00\",\"mainEntityOfPage\":{\"@id\":\"https:\/\/nicogcasares.eu\/gl\/la-idi-contra-la-malaria-salvara-vidas\/\"},\"wordCount\":1203,\"publisher\":{\"@id\":\"https:\/\/nicogcasares.eu\/gl\/#\/schema\/person\/75361477143e596646d48598a3778163\"},\"image\":{\"@id\":\"https:\/\/nicogcasares.eu\/gl\/la-idi-contra-la-malaria-salvara-vidas\/#primaryimage\"},\"thumbnailUrl\":\"https:\/\/nicogcasares.eu\/wp-content\/uploads\/2022\/04\/AVISPA.jpeg\",\"keywords\":[\"Nicol\u00e1s Gonz\u00e1lez Casares\",\"salud\",\"sa\u00fade\"],\"articleSection\":[\"Novas\",\"Prensa\",\"Sa\u00fade\"],\"inLanguage\":\"gl-ES\"},{\"@type\":\"WebPage\",\"@id\":\"https:\/\/nicogcasares.eu\/gl\/la-idi-contra-la-malaria-salvara-vidas\/\",\"url\":\"https:\/\/nicogcasares.eu\/gl\/la-idi-contra-la-malaria-salvara-vidas\/\",\"name\":\"La I+D+i contra la malaria salvar\u00e1 vidas - Nico G. Casares\",\"isPartOf\":{\"@id\":\"https:\/\/nicogcasares.eu\/gl\/#website\"},\"primaryImageOfPage\":{\"@id\":\"https:\/\/nicogcasares.eu\/gl\/la-idi-contra-la-malaria-salvara-vidas\/#primaryimage\"},\"image\":{\"@id\":\"https:\/\/nicogcasares.eu\/gl\/la-idi-contra-la-malaria-salvara-vidas\/#primaryimage\"},\"thumbnailUrl\":\"https:\/\/nicogcasares.eu\/wp-content\/uploads\/2022\/04\/AVISPA.jpeg\",\"datePublished\":\"2022-04-25T11:37:07+00:00\",\"dateModified\":\"2022-04-25T11:40:02+00:00\",\"description\":\"Para eliminar la malara se requiere una ciencia m\u00e1s sensible a las cuestiones de g\u00e9nero\",\"breadcrumb\":{\"@id\":\"https:\/\/nicogcasares.eu\/gl\/la-idi-contra-la-malaria-salvara-vidas\/#breadcrumb\"},\"inLanguage\":\"gl-ES\",\"potentialAction\":[{\"@type\":\"ReadAction\",\"target\":[\"https:\/\/nicogcasares.eu\/gl\/la-idi-contra-la-malaria-salvara-vidas\/\"]}]},{\"@type\":\"ImageObject\",\"inLanguage\":\"gl-ES\",\"@id\":\"https:\/\/nicogcasares.eu\/gl\/la-idi-contra-la-malaria-salvara-vidas\/#primaryimage\",\"url\":\"https:\/\/nicogcasares.eu\/wp-content\/uploads\/2022\/04\/AVISPA.jpeg\",\"contentUrl\":\"https:\/\/nicogcasares.eu\/wp-content\/uploads\/2022\/04\/AVISPA.jpeg\",\"width\":948,\"height\":465},{\"@type\":\"BreadcrumbList\",\"@id\":\"https:\/\/nicogcasares.eu\/gl\/la-idi-contra-la-malaria-salvara-vidas\/#breadcrumb\",\"itemListElement\":[{\"@type\":\"ListItem\",\"position\":1,\"name\":\"Portada\",\"item\":\"https:\/\/nicogcasares.eu\/gl\/\"},{\"@type\":\"ListItem\",\"position\":2,\"name\":\"La I+D+i contra la malaria salvar\u00e1 vidas\"}]},{\"@type\":\"WebSite\",\"@id\":\"https:\/\/nicogcasares.eu\/gl\/#website\",\"url\":\"https:\/\/nicogcasares.eu\/gl\/\",\"name\":\"Nico G. Casares\",\"description\":\"Diputado socialista en el parlamento europeo\",\"publisher\":{\"@id\":\"https:\/\/nicogcasares.eu\/gl\/#\/schema\/person\/75361477143e596646d48598a3778163\"},\"potentialAction\":[{\"@type\":\"SearchAction\",\"target\":{\"@type\":\"EntryPoint\",\"urlTemplate\":\"https:\/\/nicogcasares.eu\/gl\/?s={search_term_string}\"},\"query-input\":\"required name=search_term_string\"}],\"inLanguage\":\"gl-ES\"},{\"@type\":[\"Person\",\"Organization\"],\"@id\":\"https:\/\/nicogcasares.eu\/gl\/#\/schema\/person\/75361477143e596646d48598a3778163\",\"name\":\"Nicol\u00e1s Gonz\u00e1lez Casares\",\"image\":{\"@type\":\"ImageObject\",\"inLanguage\":\"gl-ES\",\"@id\":\"https:\/\/nicogcasares.eu\/gl\/#\/schema\/person\/image\/\",\"url\":\"https:\/\/nicogcasares.eu\/wp-content\/uploads\/2021\/11\/20211006_EP-119139A_FMA_0895_RESIZED_S.jpg\",\"contentUrl\":\"https:\/\/nicogcasares.eu\/wp-content\/uploads\/2021\/11\/20211006_EP-119139A_FMA_0895_RESIZED_S.jpg\",\"width\":639,\"height\":426,\"caption\":\"Nicol\u00e1s Gonz\u00e1lez Casares\"},\"logo\":{\"@id\":\"https:\/\/nicogcasares.eu\/gl\/#\/schema\/person\/image\/\"},\"url\":\"https:\/\/nicogcasares.eu\/gl\/author\/nico\/\"}]}<\/script>\n<!-- \/ Yoast SEO plugin. -->","yoast_head_json":{"title":"La I+D+i contra la malaria salvar\u00e1 vidas - Nico G. Casares","description":"Para eliminar la malara se requiere una ciencia m\u00e1s sensible a las cuestiones de g\u00e9nero","robots":{"index":"index","follow":"follow","max-snippet":"max-snippet:-1","max-image-preview":"max-image-preview:large","max-video-preview":"max-video-preview:-1"},"canonical":"https:\/\/nicogcasares.eu\/gl\/la-idi-contra-la-malaria-salvara-vidas\/","og_locale":"gl_ES","og_type":"article","og_title":"La I+D+i contra la malaria salvar\u00e1 vidas","og_description":"Eliminar la malaria requiere una ciencia m\u00e1s sensible a las cuestiones de g\u00e9nero","og_url":"https:\/\/nicogcasares.eu\/gl\/la-idi-contra-la-malaria-salvara-vidas\/","og_site_name":"Nico G. Casares","article_published_time":"2022-04-25T11:37:07+00:00","article_modified_time":"2022-04-25T11:40:02+00:00","og_image":[{"width":948,"height":465,"url":"https:\/\/nicogcasares.eu\/wp-content\/uploads\/2022\/04\/AVISPA.jpeg","type":"image\/jpeg"}],"author":"Nicol\u00e1s Gonz\u00e1lez Casares","twitter_card":"summary_large_image","twitter_title":"La I+D+i contra la malaria salvar\u00e1 vidas","twitter_description":"Eliminar la malaria requiere una ciencia m\u00e1s sensible a las cuestiones de g\u00e9nero","twitter_image":"https:\/\/nicogcasares.eu\/wp-content\/uploads\/2022\/04\/AVISPA.jpeg","twitter_creator":"@nicogoncas","twitter_site":"@nicogoncas","twitter_misc":{"Escrito por":"Nicol\u00e1s Gonz\u00e1lez Casares","Tempo de lectura":"5 minutos"},"schema":{"@context":"https:\/\/schema.org","@graph":[{"@type":"Article","@id":"https:\/\/nicogcasares.eu\/gl\/la-idi-contra-la-malaria-salvara-vidas\/#article","isPartOf":{"@id":"https:\/\/nicogcasares.eu\/gl\/la-idi-contra-la-malaria-salvara-vidas\/"},"author":{"name":"Nicol\u00e1s Gonz\u00e1lez Casares","@id":"https:\/\/nicogcasares.eu\/gl\/#\/schema\/person\/75361477143e596646d48598a3778163"},"headline":"La I+D+i contra la malaria salvar\u00e1 vidas","datePublished":"2022-04-25T11:37:07+00:00","dateModified":"2022-04-25T11:40:02+00:00","mainEntityOfPage":{"@id":"https:\/\/nicogcasares.eu\/gl\/la-idi-contra-la-malaria-salvara-vidas\/"},"wordCount":1203,"publisher":{"@id":"https:\/\/nicogcasares.eu\/gl\/#\/schema\/person\/75361477143e596646d48598a3778163"},"image":{"@id":"https:\/\/nicogcasares.eu\/gl\/la-idi-contra-la-malaria-salvara-vidas\/#primaryimage"},"thumbnailUrl":"https:\/\/nicogcasares.eu\/wp-content\/uploads\/2022\/04\/AVISPA.jpeg","keywords":["Nicol\u00e1s Gonz\u00e1lez Casares","salud","sa\u00fade"],"articleSection":["Novas","Prensa","Sa\u00fade"],"inLanguage":"gl-ES"},{"@type":"WebPage","@id":"https:\/\/nicogcasares.eu\/gl\/la-idi-contra-la-malaria-salvara-vidas\/","url":"https:\/\/nicogcasares.eu\/gl\/la-idi-contra-la-malaria-salvara-vidas\/","name":"La I+D+i contra la malaria salvar\u00e1 vidas - Nico G. Casares","isPartOf":{"@id":"https:\/\/nicogcasares.eu\/gl\/#website"},"primaryImageOfPage":{"@id":"https:\/\/nicogcasares.eu\/gl\/la-idi-contra-la-malaria-salvara-vidas\/#primaryimage"},"image":{"@id":"https:\/\/nicogcasares.eu\/gl\/la-idi-contra-la-malaria-salvara-vidas\/#primaryimage"},"thumbnailUrl":"https:\/\/nicogcasares.eu\/wp-content\/uploads\/2022\/04\/AVISPA.jpeg","datePublished":"2022-04-25T11:37:07+00:00","dateModified":"2022-04-25T11:40:02+00:00","description":"Para eliminar la malara se requiere una ciencia m\u00e1s sensible a las cuestiones de g\u00e9nero","breadcrumb":{"@id":"https:\/\/nicogcasares.eu\/gl\/la-idi-contra-la-malaria-salvara-vidas\/#breadcrumb"},"inLanguage":"gl-ES","potentialAction":[{"@type":"ReadAction","target":["https:\/\/nicogcasares.eu\/gl\/la-idi-contra-la-malaria-salvara-vidas\/"]}]},{"@type":"ImageObject","inLanguage":"gl-ES","@id":"https:\/\/nicogcasares.eu\/gl\/la-idi-contra-la-malaria-salvara-vidas\/#primaryimage","url":"https:\/\/nicogcasares.eu\/wp-content\/uploads\/2022\/04\/AVISPA.jpeg","contentUrl":"https:\/\/nicogcasares.eu\/wp-content\/uploads\/2022\/04\/AVISPA.jpeg","width":948,"height":465},{"@type":"BreadcrumbList","@id":"https:\/\/nicogcasares.eu\/gl\/la-idi-contra-la-malaria-salvara-vidas\/#breadcrumb","itemListElement":[{"@type":"ListItem","position":1,"name":"Portada","item":"https:\/\/nicogcasares.eu\/gl\/"},{"@type":"ListItem","position":2,"name":"La I+D+i contra la malaria salvar\u00e1 vidas"}]},{"@type":"WebSite","@id":"https:\/\/nicogcasares.eu\/gl\/#website","url":"https:\/\/nicogcasares.eu\/gl\/","name":"Nico G. Casares","description":"Diputado socialista en el parlamento europeo","publisher":{"@id":"https:\/\/nicogcasares.eu\/gl\/#\/schema\/person\/75361477143e596646d48598a3778163"},"potentialAction":[{"@type":"SearchAction","target":{"@type":"EntryPoint","urlTemplate":"https:\/\/nicogcasares.eu\/gl\/?s={search_term_string}"},"query-input":"required name=search_term_string"}],"inLanguage":"gl-ES"},{"@type":["Person","Organization"],"@id":"https:\/\/nicogcasares.eu\/gl\/#\/schema\/person\/75361477143e596646d48598a3778163","name":"Nicol\u00e1s Gonz\u00e1lez Casares","image":{"@type":"ImageObject","inLanguage":"gl-ES","@id":"https:\/\/nicogcasares.eu\/gl\/#\/schema\/person\/image\/","url":"https:\/\/nicogcasares.eu\/wp-content\/uploads\/2021\/11\/20211006_EP-119139A_FMA_0895_RESIZED_S.jpg","contentUrl":"https:\/\/nicogcasares.eu\/wp-content\/uploads\/2021\/11\/20211006_EP-119139A_FMA_0895_RESIZED_S.jpg","width":639,"height":426,"caption":"Nicol\u00e1s Gonz\u00e1lez Casares"},"logo":{"@id":"https:\/\/nicogcasares.eu\/gl\/#\/schema\/person\/image\/"},"url":"https:\/\/nicogcasares.eu\/gl\/author\/nico\/"}]}},"_links":{"self":[{"href":"https:\/\/nicogcasares.eu\/gl\/wp-json\/wp\/v2\/posts\/4259"}],"collection":[{"href":"https:\/\/nicogcasares.eu\/gl\/wp-json\/wp\/v2\/posts"}],"about":[{"href":"https:\/\/nicogcasares.eu\/gl\/wp-json\/wp\/v2\/types\/post"}],"author":[{"embeddable":true,"href":"https:\/\/nicogcasares.eu\/gl\/wp-json\/wp\/v2\/users\/4"}],"replies":[{"embeddable":true,"href":"https:\/\/nicogcasares.eu\/gl\/wp-json\/wp\/v2\/comments?post=4259"}],"version-history":[{"count":1,"href":"https:\/\/nicogcasares.eu\/gl\/wp-json\/wp\/v2\/posts\/4259\/revisions"}],"predecessor-version":[{"id":4260,"href":"https:\/\/nicogcasares.eu\/gl\/wp-json\/wp\/v2\/posts\/4259\/revisions\/4260"}],"wp:featuredmedia":[{"embeddable":true,"href":"https:\/\/nicogcasares.eu\/gl\/wp-json\/wp\/v2\/media\/4255"}],"wp:attachment":[{"href":"https:\/\/nicogcasares.eu\/gl\/wp-json\/wp\/v2\/media?parent=4259"}],"wp:term":[{"taxonomy":"category","embeddable":true,"href":"https:\/\/nicogcasares.eu\/gl\/wp-json\/wp\/v2\/categories?post=4259"},{"taxonomy":"post_tag","embeddable":true,"href":"https:\/\/nicogcasares.eu\/gl\/wp-json\/wp\/v2\/tags?post=4259"}],"curies":[{"name":"wp","href":"https:\/\/api.w.org\/{rel}","templated":true}]}}