{"id":4266,"date":"2022-04-28T11:52:15","date_gmt":"2022-04-28T09:52:15","guid":{"rendered":"https:\/\/nicogcasares.eu\/?p=4266"},"modified":"2022-04-28T11:55:10","modified_gmt":"2022-04-28T09:55:10","slug":"la-lucha-contra-el-cancer-en-europa-ha-de-ser-una-prioridad-para-la-futura-presidencia-espanola","status":"publish","type":"post","link":"https:\/\/nicogcasares.eu\/gl\/la-lucha-contra-el-cancer-en-europa-ha-de-ser-una-prioridad-para-la-futura-presidencia-espanola\/","title":{"rendered":"La lucha contra el c\u00e1ncer en Europa ha de ser una prioridad para la futura presidencia espa\u00f1ola"},"content":{"rendered":"\n<p style=\"font-size:22px\"><strong>   ESTA NOTICIA FOI PUBLICADA EN Gaceta M\u00e9dica O 26 DE ABRIL. <a href=\"https:\/\/gacetamedica.com\/politica\/la-lucha-contra-el-cancer-en-europa-ha-de-ser-una-prioridad-para-la-futura-presidencia-espanola\/\" target=\"_blank\" rel=\"noreferrer noopener\">AQU\u00cd PODES LER A NOTICIA COMPLETA <\/a><\/strong><\/p>\n\n\n\n<p class=\"has-black-color has-text-color has-medium-font-size\"><strong> Los tres eurodiputados que participaron en la elaboraci\u00f3n del plan de c\u00e1ncer europeo coinciden en la necesidad de que nuestro pa\u00eds sit\u00fae entre las prioridades de la presidencia espa\u00f1ola la salud y las pol\u00edticas de c\u00e1ncer<\/strong><\/p>\n\n\n\n<p class=\"has-black-color has-text-color has-medium-font-size\"> Los tres europarlamentarios espa\u00f1oles que han estado presentes en los \u00faltimos a\u00f1os en la elaboraci\u00f3n del Plan de C\u00e1ncer europeo han cerrado filas esta tarde en torno a la necesidad de dar pasos hacia su implantaci\u00f3n en los Estados miembro. Asimismo, han coincidido en la importancia de que la Presidencia espa\u00f1ola de la UE, que llegar\u00e1 en el segundo semestre de 2023, tenga las pol\u00edticas de salud entre sus prioridades, entre ellas la lucha contra el c\u00e1ncer. <\/p>\n\n\n\n<p class=\"has-black-color has-text-color has-medium-font-size\"> <strong>Nicol\u00e1s Gonz\u00e1lez Casares<\/strong>, europarlamentario del PSOE, Dolors Montserrat, europarlamentaria del Grupo Popular, y Margarita de la Pisa, europarlamentaria del Grupo VOX, lo han manifestado as\u00ed durante su intervenci\u00f3n en la inauguraci\u00f3n de la jornada<strong> \u2018Cancer NOW. El c\u00e1ncer en Espa\u00f1a: Una urgencia vital promovida\u2019<\/strong>, una iniciativa impulsada por la Fundaci\u00f3n ECO, con la participaci\u00f3n de decisores, expertos, ss.cc y pacientes. <\/p>\n\n\n\n<p class=\"has-black-color has-text-color has-medium-font-size\"> El presidente de la Fundaci\u00f3n ECO, <strong>Rafael L\u00f3pez<\/strong>, jefe del Servicio de Oncolog\u00eda M\u00e9dica del Complejo Hospitalario de Santiago de Compostela, ha reconocido el importante trabajo realizado por estos tres eurodiputados y ha recordado la necesidad de implantar las aportaciones de este plan en nuestro pa\u00eds.<\/p>\n","protected":false},"excerpt":{"rendered":"<p>Los tres eurodiputados que participaron en la elaboraci\u00f3n del plan de c\u00e1ncer europeo coinciden en la necesidad de que nuestro pa\u00eds sit\u00fae entre las prioridades de la presidencia espa\u00f1ola la salud y las pol\u00edticas de c\u00e1ncer<\/p>\n","protected":false},"author":4,"featured_media":4262,"comment_status":"closed","ping_status":"closed","sticky":true,"template":"","format":"standard","meta":{"footnotes":""},"categories":[32,71,42],"tags":[356,294,355,354],"yoast_head":"<!-- This site is optimized with the Yoast SEO plugin v22.3 - https:\/\/yoast.com\/wordpress\/plugins\/seo\/ -->\n<title>La lucha contra el c\u00e1ncer en Europa ha de ser una prioridad para la futura presidencia espa\u00f1ola - Nico G. Casares<\/title>\n<meta name=\"description\" content=\"Los tres eurodiputados que participaron en la elaboraci\u00f3n del plan de c\u00e1ncer europeo coinciden en la necesidad de que nuestro pa\u00eds sit\u00fae entre las prioridades de la presidencia espa\u00f1ola la salud y las pol\u00edticas de c\u00e1ncer\" \/>\n<meta name=\"robots\" content=\"index, follow, max-snippet:-1, max-image-preview:large, max-video-preview:-1\" \/>\n<link rel=\"canonical\" href=\"https:\/\/nicogcasares.eu\/gl\/la-lucha-contra-el-cancer-en-europa-ha-de-ser-una-prioridad-para-la-futura-presidencia-espanola\/\" \/>\n<meta property=\"og:locale\" content=\"gl_ES\" \/>\n<meta property=\"og:type\" content=\"article\" \/>\n<meta property=\"og:title\" content=\"La lucha contra el c\u00e1ncer en Europa ha de ser una prioridad para la futura presidencia espa\u00f1ola\" \/>\n<meta property=\"og:description\" content=\"Los tres eurodiputados que participaron en la elaboraci\u00f3n del plan de c\u00e1ncer europeo coinciden en la necesidad de que nuestro pa\u00eds sit\u00fae entre las prioridades de la presidencia espa\u00f1ola la salud y las pol\u00edticas de c\u00e1ncer\" \/>\n<meta property=\"og:url\" content=\"https:\/\/nicogcasares.eu\/gl\/la-lucha-contra-el-cancer-en-europa-ha-de-ser-una-prioridad-para-la-futura-presidencia-espanola\/\" \/>\n<meta property=\"og:site_name\" content=\"Nico G. Casares\" \/>\n<meta property=\"article:published_time\" content=\"2022-04-28T09:52:15+00:00\" \/>\n<meta property=\"article:modified_time\" content=\"2022-04-28T09:55:10+00:00\" \/>\n<meta property=\"og:image\" content=\"https:\/\/nicogcasares.eu\/wp-content\/uploads\/2022\/04\/Fundacion-ECO.jpg\" \/>\n\t<meta property=\"og:image:width\" content=\"1536\" \/>\n\t<meta property=\"og:image:height\" content=\"1024\" \/>\n\t<meta property=\"og:image:type\" content=\"image\/jpeg\" \/>\n<meta name=\"author\" content=\"Nicol\u00e1s Gonz\u00e1lez Casares\" \/>\n<meta name=\"twitter:card\" content=\"summary_large_image\" \/>\n<meta name=\"twitter:title\" content=\"La lucha contra el c\u00e1ncer en Europa ha de ser una prioridad para la futura presidencia espa\u00f1ola\" \/>\n<meta name=\"twitter:description\" content=\"Los tres eurodiputados que participaron en la elaboraci\u00f3n del plan de c\u00e1ncer europeo coinciden en la necesidad de que nuestro pa\u00eds sit\u00fae entre las prioridades de la presidencia espa\u00f1ola la salud y las pol\u00edticas de c\u00e1ncer\" \/>\n<meta name=\"twitter:image\" content=\"https:\/\/nicogcasares.eu\/wp-content\/uploads\/2022\/04\/Fundacion-ECO.jpg\" \/>\n<meta name=\"twitter:creator\" content=\"@nicogoncas\" \/>\n<meta name=\"twitter:site\" content=\"@nicogoncas\" \/>\n<meta name=\"twitter:label1\" content=\"Escrito por\" \/>\n\t<meta name=\"twitter:data1\" content=\"Nicol\u00e1s Gonz\u00e1lez Casares\" \/>\n\t<meta name=\"twitter:label2\" content=\"Tempo de lectura\" \/>\n\t<meta name=\"twitter:data2\" content=\"2 minutos\" \/>\n<script type=\"application\/ld+json\" class=\"yoast-schema-graph\">{\"@context\":\"https:\/\/schema.org\",\"@graph\":[{\"@type\":\"Article\",\"@id\":\"https:\/\/nicogcasares.eu\/gl\/la-lucha-contra-el-cancer-en-europa-ha-de-ser-una-prioridad-para-la-futura-presidencia-espanola\/#article\",\"isPartOf\":{\"@id\":\"https:\/\/nicogcasares.eu\/gl\/la-lucha-contra-el-cancer-en-europa-ha-de-ser-una-prioridad-para-la-futura-presidencia-espanola\/\"},\"author\":{\"name\":\"Nicol\u00e1s Gonz\u00e1lez Casares\",\"@id\":\"https:\/\/nicogcasares.eu\/gl\/#\/schema\/person\/75361477143e596646d48598a3778163\"},\"headline\":\"La lucha contra el c\u00e1ncer en Europa ha de ser una prioridad para la futura presidencia espa\u00f1ola\",\"datePublished\":\"2022-04-28T09:52:15+00:00\",\"dateModified\":\"2022-04-28T09:55:10+00:00\",\"mainEntityOfPage\":{\"@id\":\"https:\/\/nicogcasares.eu\/gl\/la-lucha-contra-el-cancer-en-europa-ha-de-ser-una-prioridad-para-la-futura-presidencia-espanola\/\"},\"wordCount\":283,\"publisher\":{\"@id\":\"https:\/\/nicogcasares.eu\/gl\/#\/schema\/person\/75361477143e596646d48598a3778163\"},\"image\":{\"@id\":\"https:\/\/nicogcasares.eu\/gl\/la-lucha-contra-el-cancer-en-europa-ha-de-ser-una-prioridad-para-la-futura-presidencia-espanola\/#primaryimage\"},\"thumbnailUrl\":\"https:\/\/nicogcasares.eu\/wp-content\/uploads\/2022\/04\/Fundacion-ECO.jpg\",\"keywords\":[\"cancro\",\"health\",\"Nicol\u00e1s Gonz\u00e1lez Casares\",\"sa\u00fade\"],\"articleSection\":[\"Novas\",\"Prensa\",\"Sa\u00fade\"],\"inLanguage\":\"gl-ES\"},{\"@type\":\"WebPage\",\"@id\":\"https:\/\/nicogcasares.eu\/gl\/la-lucha-contra-el-cancer-en-europa-ha-de-ser-una-prioridad-para-la-futura-presidencia-espanola\/\",\"url\":\"https:\/\/nicogcasares.eu\/gl\/la-lucha-contra-el-cancer-en-europa-ha-de-ser-una-prioridad-para-la-futura-presidencia-espanola\/\",\"name\":\"La lucha contra el c\u00e1ncer en Europa ha de ser una prioridad para la futura presidencia espa\u00f1ola - Nico G. Casares\",\"isPartOf\":{\"@id\":\"https:\/\/nicogcasares.eu\/gl\/#website\"},\"primaryImageOfPage\":{\"@id\":\"https:\/\/nicogcasares.eu\/gl\/la-lucha-contra-el-cancer-en-europa-ha-de-ser-una-prioridad-para-la-futura-presidencia-espanola\/#primaryimage\"},\"image\":{\"@id\":\"https:\/\/nicogcasares.eu\/gl\/la-lucha-contra-el-cancer-en-europa-ha-de-ser-una-prioridad-para-la-futura-presidencia-espanola\/#primaryimage\"},\"thumbnailUrl\":\"https:\/\/nicogcasares.eu\/wp-content\/uploads\/2022\/04\/Fundacion-ECO.jpg\",\"datePublished\":\"2022-04-28T09:52:15+00:00\",\"dateModified\":\"2022-04-28T09:55:10+00:00\",\"description\":\"Los tres eurodiputados que participaron en la elaboraci\u00f3n del plan de c\u00e1ncer europeo coinciden en la necesidad de que nuestro pa\u00eds sit\u00fae entre las prioridades de la presidencia espa\u00f1ola la salud y las pol\u00edticas de c\u00e1ncer\",\"breadcrumb\":{\"@id\":\"https:\/\/nicogcasares.eu\/gl\/la-lucha-contra-el-cancer-en-europa-ha-de-ser-una-prioridad-para-la-futura-presidencia-espanola\/#breadcrumb\"},\"inLanguage\":\"gl-ES\",\"potentialAction\":[{\"@type\":\"ReadAction\",\"target\":[\"https:\/\/nicogcasares.eu\/gl\/la-lucha-contra-el-cancer-en-europa-ha-de-ser-una-prioridad-para-la-futura-presidencia-espanola\/\"]}]},{\"@type\":\"ImageObject\",\"inLanguage\":\"gl-ES\",\"@id\":\"https:\/\/nicogcasares.eu\/gl\/la-lucha-contra-el-cancer-en-europa-ha-de-ser-una-prioridad-para-la-futura-presidencia-espanola\/#primaryimage\",\"url\":\"https:\/\/nicogcasares.eu\/wp-content\/uploads\/2022\/04\/Fundacion-ECO.jpg\",\"contentUrl\":\"https:\/\/nicogcasares.eu\/wp-content\/uploads\/2022\/04\/Fundacion-ECO.jpg\",\"width\":1536,\"height\":1024},{\"@type\":\"BreadcrumbList\",\"@id\":\"https:\/\/nicogcasares.eu\/gl\/la-lucha-contra-el-cancer-en-europa-ha-de-ser-una-prioridad-para-la-futura-presidencia-espanola\/#breadcrumb\",\"itemListElement\":[{\"@type\":\"ListItem\",\"position\":1,\"name\":\"Portada\",\"item\":\"https:\/\/nicogcasares.eu\/gl\/\"},{\"@type\":\"ListItem\",\"position\":2,\"name\":\"La lucha contra el c\u00e1ncer en Europa ha de ser una prioridad para la futura presidencia espa\u00f1ola\"}]},{\"@type\":\"WebSite\",\"@id\":\"https:\/\/nicogcasares.eu\/gl\/#website\",\"url\":\"https:\/\/nicogcasares.eu\/gl\/\",\"name\":\"Nico G. Casares\",\"description\":\"Diputado socialista en el parlamento europeo\",\"publisher\":{\"@id\":\"https:\/\/nicogcasares.eu\/gl\/#\/schema\/person\/75361477143e596646d48598a3778163\"},\"potentialAction\":[{\"@type\":\"SearchAction\",\"target\":{\"@type\":\"EntryPoint\",\"urlTemplate\":\"https:\/\/nicogcasares.eu\/gl\/?s={search_term_string}\"},\"query-input\":\"required name=search_term_string\"}],\"inLanguage\":\"gl-ES\"},{\"@type\":[\"Person\",\"Organization\"],\"@id\":\"https:\/\/nicogcasares.eu\/gl\/#\/schema\/person\/75361477143e596646d48598a3778163\",\"name\":\"Nicol\u00e1s Gonz\u00e1lez Casares\",\"image\":{\"@type\":\"ImageObject\",\"inLanguage\":\"gl-ES\",\"@id\":\"https:\/\/nicogcasares.eu\/gl\/#\/schema\/person\/image\/\",\"url\":\"https:\/\/nicogcasares.eu\/wp-content\/uploads\/2021\/11\/20211006_EP-119139A_FMA_0895_RESIZED_S.jpg\",\"contentUrl\":\"https:\/\/nicogcasares.eu\/wp-content\/uploads\/2021\/11\/20211006_EP-119139A_FMA_0895_RESIZED_S.jpg\",\"width\":639,\"height\":426,\"caption\":\"Nicol\u00e1s Gonz\u00e1lez Casares\"},\"logo\":{\"@id\":\"https:\/\/nicogcasares.eu\/gl\/#\/schema\/person\/image\/\"},\"url\":\"https:\/\/nicogcasares.eu\/gl\/author\/nico\/\"}]}<\/script>\n<!-- \/ Yoast SEO plugin. -->","yoast_head_json":{"title":"La lucha contra el c\u00e1ncer en Europa ha de ser una prioridad para la futura presidencia espa\u00f1ola - Nico G. Casares","description":"Los tres eurodiputados que participaron en la elaboraci\u00f3n del plan de c\u00e1ncer europeo coinciden en la necesidad de que nuestro pa\u00eds sit\u00fae entre las prioridades de la presidencia espa\u00f1ola la salud y las pol\u00edticas de c\u00e1ncer","robots":{"index":"index","follow":"follow","max-snippet":"max-snippet:-1","max-image-preview":"max-image-preview:large","max-video-preview":"max-video-preview:-1"},"canonical":"https:\/\/nicogcasares.eu\/gl\/la-lucha-contra-el-cancer-en-europa-ha-de-ser-una-prioridad-para-la-futura-presidencia-espanola\/","og_locale":"gl_ES","og_type":"article","og_title":"La lucha contra el c\u00e1ncer en Europa ha de ser una prioridad para la futura presidencia espa\u00f1ola","og_description":"Los tres eurodiputados que participaron en la elaboraci\u00f3n del plan de c\u00e1ncer europeo coinciden en la necesidad de que nuestro pa\u00eds sit\u00fae entre las prioridades de la presidencia espa\u00f1ola la salud y las pol\u00edticas de c\u00e1ncer","og_url":"https:\/\/nicogcasares.eu\/gl\/la-lucha-contra-el-cancer-en-europa-ha-de-ser-una-prioridad-para-la-futura-presidencia-espanola\/","og_site_name":"Nico G. Casares","article_published_time":"2022-04-28T09:52:15+00:00","article_modified_time":"2022-04-28T09:55:10+00:00","og_image":[{"width":1536,"height":1024,"url":"https:\/\/nicogcasares.eu\/wp-content\/uploads\/2022\/04\/Fundacion-ECO.jpg","type":"image\/jpeg"}],"author":"Nicol\u00e1s Gonz\u00e1lez Casares","twitter_card":"summary_large_image","twitter_title":"La lucha contra el c\u00e1ncer en Europa ha de ser una prioridad para la futura presidencia espa\u00f1ola","twitter_description":"Los tres eurodiputados que participaron en la elaboraci\u00f3n del plan de c\u00e1ncer europeo coinciden en la necesidad de que nuestro pa\u00eds sit\u00fae entre las prioridades de la presidencia espa\u00f1ola la salud y las pol\u00edticas de c\u00e1ncer","twitter_image":"https:\/\/nicogcasares.eu\/wp-content\/uploads\/2022\/04\/Fundacion-ECO.jpg","twitter_creator":"@nicogoncas","twitter_site":"@nicogoncas","twitter_misc":{"Escrito por":"Nicol\u00e1s Gonz\u00e1lez Casares","Tempo de lectura":"2 minutos"},"schema":{"@context":"https:\/\/schema.org","@graph":[{"@type":"Article","@id":"https:\/\/nicogcasares.eu\/gl\/la-lucha-contra-el-cancer-en-europa-ha-de-ser-una-prioridad-para-la-futura-presidencia-espanola\/#article","isPartOf":{"@id":"https:\/\/nicogcasares.eu\/gl\/la-lucha-contra-el-cancer-en-europa-ha-de-ser-una-prioridad-para-la-futura-presidencia-espanola\/"},"author":{"name":"Nicol\u00e1s Gonz\u00e1lez Casares","@id":"https:\/\/nicogcasares.eu\/gl\/#\/schema\/person\/75361477143e596646d48598a3778163"},"headline":"La lucha contra el c\u00e1ncer en Europa ha de ser una prioridad para la futura presidencia espa\u00f1ola","datePublished":"2022-04-28T09:52:15+00:00","dateModified":"2022-04-28T09:55:10+00:00","mainEntityOfPage":{"@id":"https:\/\/nicogcasares.eu\/gl\/la-lucha-contra-el-cancer-en-europa-ha-de-ser-una-prioridad-para-la-futura-presidencia-espanola\/"},"wordCount":283,"publisher":{"@id":"https:\/\/nicogcasares.eu\/gl\/#\/schema\/person\/75361477143e596646d48598a3778163"},"image":{"@id":"https:\/\/nicogcasares.eu\/gl\/la-lucha-contra-el-cancer-en-europa-ha-de-ser-una-prioridad-para-la-futura-presidencia-espanola\/#primaryimage"},"thumbnailUrl":"https:\/\/nicogcasares.eu\/wp-content\/uploads\/2022\/04\/Fundacion-ECO.jpg","keywords":["cancro","health","Nicol\u00e1s Gonz\u00e1lez Casares","sa\u00fade"],"articleSection":["Novas","Prensa","Sa\u00fade"],"inLanguage":"gl-ES"},{"@type":"WebPage","@id":"https:\/\/nicogcasares.eu\/gl\/la-lucha-contra-el-cancer-en-europa-ha-de-ser-una-prioridad-para-la-futura-presidencia-espanola\/","url":"https:\/\/nicogcasares.eu\/gl\/la-lucha-contra-el-cancer-en-europa-ha-de-ser-una-prioridad-para-la-futura-presidencia-espanola\/","name":"La lucha contra el c\u00e1ncer en Europa ha de ser una prioridad para la futura presidencia espa\u00f1ola - Nico G. Casares","isPartOf":{"@id":"https:\/\/nicogcasares.eu\/gl\/#website"},"primaryImageOfPage":{"@id":"https:\/\/nicogcasares.eu\/gl\/la-lucha-contra-el-cancer-en-europa-ha-de-ser-una-prioridad-para-la-futura-presidencia-espanola\/#primaryimage"},"image":{"@id":"https:\/\/nicogcasares.eu\/gl\/la-lucha-contra-el-cancer-en-europa-ha-de-ser-una-prioridad-para-la-futura-presidencia-espanola\/#primaryimage"},"thumbnailUrl":"https:\/\/nicogcasares.eu\/wp-content\/uploads\/2022\/04\/Fundacion-ECO.jpg","datePublished":"2022-04-28T09:52:15+00:00","dateModified":"2022-04-28T09:55:10+00:00","description":"Los tres eurodiputados que participaron en la elaboraci\u00f3n del plan de c\u00e1ncer europeo coinciden en la necesidad de que nuestro pa\u00eds sit\u00fae entre las prioridades de la presidencia espa\u00f1ola la salud y las pol\u00edticas de c\u00e1ncer","breadcrumb":{"@id":"https:\/\/nicogcasares.eu\/gl\/la-lucha-contra-el-cancer-en-europa-ha-de-ser-una-prioridad-para-la-futura-presidencia-espanola\/#breadcrumb"},"inLanguage":"gl-ES","potentialAction":[{"@type":"ReadAction","target":["https:\/\/nicogcasares.eu\/gl\/la-lucha-contra-el-cancer-en-europa-ha-de-ser-una-prioridad-para-la-futura-presidencia-espanola\/"]}]},{"@type":"ImageObject","inLanguage":"gl-ES","@id":"https:\/\/nicogcasares.eu\/gl\/la-lucha-contra-el-cancer-en-europa-ha-de-ser-una-prioridad-para-la-futura-presidencia-espanola\/#primaryimage","url":"https:\/\/nicogcasares.eu\/wp-content\/uploads\/2022\/04\/Fundacion-ECO.jpg","contentUrl":"https:\/\/nicogcasares.eu\/wp-content\/uploads\/2022\/04\/Fundacion-ECO.jpg","width":1536,"height":1024},{"@type":"BreadcrumbList","@id":"https:\/\/nicogcasares.eu\/gl\/la-lucha-contra-el-cancer-en-europa-ha-de-ser-una-prioridad-para-la-futura-presidencia-espanola\/#breadcrumb","itemListElement":[{"@type":"ListItem","position":1,"name":"Portada","item":"https:\/\/nicogcasares.eu\/gl\/"},{"@type":"ListItem","position":2,"name":"La lucha contra el c\u00e1ncer en Europa ha de ser una prioridad para la futura presidencia espa\u00f1ola"}]},{"@type":"WebSite","@id":"https:\/\/nicogcasares.eu\/gl\/#website","url":"https:\/\/nicogcasares.eu\/gl\/","name":"Nico G. Casares","description":"Diputado socialista en el parlamento europeo","publisher":{"@id":"https:\/\/nicogcasares.eu\/gl\/#\/schema\/person\/75361477143e596646d48598a3778163"},"potentialAction":[{"@type":"SearchAction","target":{"@type":"EntryPoint","urlTemplate":"https:\/\/nicogcasares.eu\/gl\/?s={search_term_string}"},"query-input":"required name=search_term_string"}],"inLanguage":"gl-ES"},{"@type":["Person","Organization"],"@id":"https:\/\/nicogcasares.eu\/gl\/#\/schema\/person\/75361477143e596646d48598a3778163","name":"Nicol\u00e1s Gonz\u00e1lez Casares","image":{"@type":"ImageObject","inLanguage":"gl-ES","@id":"https:\/\/nicogcasares.eu\/gl\/#\/schema\/person\/image\/","url":"https:\/\/nicogcasares.eu\/wp-content\/uploads\/2021\/11\/20211006_EP-119139A_FMA_0895_RESIZED_S.jpg","contentUrl":"https:\/\/nicogcasares.eu\/wp-content\/uploads\/2021\/11\/20211006_EP-119139A_FMA_0895_RESIZED_S.jpg","width":639,"height":426,"caption":"Nicol\u00e1s Gonz\u00e1lez Casares"},"logo":{"@id":"https:\/\/nicogcasares.eu\/gl\/#\/schema\/person\/image\/"},"url":"https:\/\/nicogcasares.eu\/gl\/author\/nico\/"}]}},"_links":{"self":[{"href":"https:\/\/nicogcasares.eu\/gl\/wp-json\/wp\/v2\/posts\/4266"}],"collection":[{"href":"https:\/\/nicogcasares.eu\/gl\/wp-json\/wp\/v2\/posts"}],"about":[{"href":"https:\/\/nicogcasares.eu\/gl\/wp-json\/wp\/v2\/types\/post"}],"author":[{"embeddable":true,"href":"https:\/\/nicogcasares.eu\/gl\/wp-json\/wp\/v2\/users\/4"}],"replies":[{"embeddable":true,"href":"https:\/\/nicogcasares.eu\/gl\/wp-json\/wp\/v2\/comments?post=4266"}],"version-history":[{"count":2,"href":"https:\/\/nicogcasares.eu\/gl\/wp-json\/wp\/v2\/posts\/4266\/revisions"}],"predecessor-version":[{"id":4269,"href":"https:\/\/nicogcasares.eu\/gl\/wp-json\/wp\/v2\/posts\/4266\/revisions\/4269"}],"wp:featuredmedia":[{"embeddable":true,"href":"https:\/\/nicogcasares.eu\/gl\/wp-json\/wp\/v2\/media\/4262"}],"wp:attachment":[{"href":"https:\/\/nicogcasares.eu\/gl\/wp-json\/wp\/v2\/media?parent=4266"}],"wp:term":[{"taxonomy":"category","embeddable":true,"href":"https:\/\/nicogcasares.eu\/gl\/wp-json\/wp\/v2\/categories?post=4266"},{"taxonomy":"post_tag","embeddable":true,"href":"https:\/\/nicogcasares.eu\/gl\/wp-json\/wp\/v2\/tags?post=4266"}],"curies":[{"name":"wp","href":"https:\/\/api.w.org\/{rel}","templated":true}]}}