{"id":4288,"date":"2022-04-30T11:34:24","date_gmt":"2022-04-30T09:34:24","guid":{"rendered":"https:\/\/nicogcasares.eu\/?p=4288"},"modified":"2022-04-30T11:34:29","modified_gmt":"2022-04-30T09:34:29","slug":"gonzalez-casares-pon-en-valor-a-liberdade-e-a-democracia-no-ies-ribadeo-co-gallo-do-dia-de-europa","status":"publish","type":"post","link":"https:\/\/nicogcasares.eu\/gl\/gonzalez-casares-pon-en-valor-a-liberdade-e-a-democracia-no-ies-ribadeo-co-gallo-do-dia-de-europa\/","title":{"rendered":"Gonz\u00e1lez Casares pon en valor a liberdade e a democracia no IES Ribadeo co gallo do D\u00eda de Europa"},"content":{"rendered":"\n<p class=\"has-black-color has-text-color has-medium-font-size\"><strong>A rapazada de 1\u00ba de Bacharelato puido ampliar os seus co\u00f1ecementos sobre a realidade europea<\/strong><\/p>\n\n\n\n<p class=\"has-black-color has-text-color has-medium-font-size\"> Esta venres, o eurodeputado socialista <strong>Nicol\u00e1s Gonz\u00e1lez Casares<\/strong> visitou o <strong>IES Ribadeo Dionisio Gamallo<\/strong> para compartir unha xornada co alumnado de 1\u00ba de Bacharelato na que puideron co\u00f1ecer o funcionamento do Parlamento Europeo e alg\u00fans dos asuntos m\u00e1is relevantes sobre os que se est\u00e1 a traballar. <\/p>\n\n\n\n<p class=\"has-black-color has-text-color has-medium-font-size\"> Este encontro forma parte das actividades que o IES Ribadeo Dionisio Gamallo, como unha das <strong>seis escolas galegas Embaixadoras do Parlamento Europeo<\/strong>, programou para celebrar o <strong>D\u00eda de Europa<\/strong>. Un programa dese\u00f1ado por Manel Y\u00e1\u00f1ez Dablanca, coordinador da escola europea no centro e mestre de Filosof\u00eda, xunto \u00e1 vicedirectora do instituto, Ana Mauriz Dig\u00f3n. <\/p>\n\n\n\n<p class=\"has-black-color has-text-color has-medium-font-size\"> Os valores da unidade e a solidariedade foron os primeiros nos que Nicol\u00e1s Gonz\u00e1lez puxo o foco. Co que est\u00e1 a acontecer en Ucra\u00edna, \u00e1s portas de Europa, o europarlamentario destacou o traballo de figuras como Robert Schuman ou Simone Veil, a prol da <strong>liberdade<\/strong> e a <strong>democracia<\/strong>. <strong>\u201cTedes na vosa man que m\u00e1is de 400 mill\u00f3ns de persoas contin\u00faen a vivir baixo unhas normas com\u00fans, unidos na diversidade\u201d<\/strong>, afirmou. <\/p>\n\n\n\n<p class=\"has-black-color has-text-color has-medium-font-size\"> Sobre ese compartir no que se asenta o funcionamento diario da Uni\u00f3n Europea, Nicol\u00e1s Gonz\u00e1lez salientou a importancia de tender pontes entre os diversos grupos pol\u00edticos, da \u201c<strong>cultura do di\u00e1logo<\/strong> que al\u00ed practicamos\u201d. Explicou tam\u00e9n como \u00e9 o seu d\u00eda a d\u00eda, do que destacou a independencia da que gozan os eurodeputados e a equipa de persoas expertas coa que traballan. <\/p>\n\n\n\n<p class=\"has-black-color has-text-color has-medium-font-size\"> <strong>\u201cAs pol\u00edticas europeas son l\u00edderes creando dereitos para as persoas\u201d<\/strong>, relataba o europarlamentario ao tempo que po\u00f1\u00eda de exemplo a normativa en materia medioambiental e enerx\u00eda, campo no que ten un gran co\u00f1ecemento ao ser membro da Comisi\u00f3n de Industria, Investigaci\u00f3n e Enerx\u00eda do Parlamento Europeo, de sanidade co acontecido coa COVID-19 ou inmigraci\u00f3n. <\/p>\n\n\n\n<p class=\"has-black-color has-text-color has-medium-font-size\"> Gonz\u00e1lez Casares estivo acompa\u00f1ado na s\u00faa intervenci\u00f3n polo director do centro, Modesto Refojo Alvari\u00f1o, e Manel Y\u00e1\u00f1ez Dablanca. Ao acto acudiu tam\u00e9n a secretaria xeral do PSOE de Ribadeo, Marta Rey. <\/p>\n\n\n\n<p class=\"has-black-color has-text-color has-medium-font-size\"><strong>O D\u00eda de Europa <\/strong><\/p>\n\n\n\n<p class=\"has-black-color has-text-color has-medium-font-size\"> O D\u00eda de Europa conmemora cada 9 de maio a firma da \u2018Declaraci\u00f3n de Schuman\u2019. Este plan, datado de 1950, puxo as bases dunha nova forma de cooperaci\u00f3n pol\u00edtica en Europa, considerado o inicio do que \u00e9 hoxe a Uni\u00f3n Europea.<\/p>\n\n\n\n<figure class=\"wp-block-image size-large\"><img fetchpriority=\"high\" decoding=\"async\" width=\"1024\" height=\"683\" src=\"https:\/\/nicogcasares.eu\/wp-content\/uploads\/2022\/04\/4-1024x683.jpg\" alt=\"\" class=\"wp-image-4274\" srcset=\"https:\/\/nicogcasares.eu\/wp-content\/uploads\/2022\/04\/4-1024x683.jpg 1024w, https:\/\/nicogcasares.eu\/wp-content\/uploads\/2022\/04\/4-300x200.jpg 300w, https:\/\/nicogcasares.eu\/wp-content\/uploads\/2022\/04\/4-768x512.jpg 768w, https:\/\/nicogcasares.eu\/wp-content\/uploads\/2022\/04\/4-1536x1024.jpg 1536w, https:\/\/nicogcasares.eu\/wp-content\/uploads\/2022\/04\/4-2048x1365.jpg 2048w, https:\/\/nicogcasares.eu\/wp-content\/uploads\/2022\/04\/4-1080x720.jpg 1080w, https:\/\/nicogcasares.eu\/wp-content\/uploads\/2022\/04\/4-1280x854.jpg 1280w, https:\/\/nicogcasares.eu\/wp-content\/uploads\/2022\/04\/4-980x653.jpg 980w, https:\/\/nicogcasares.eu\/wp-content\/uploads\/2022\/04\/4-480x320.jpg 480w\" sizes=\"(max-width: 1024px) 100vw, 1024px\" \/><\/figure>\n\n\n\n<figure class=\"wp-block-image size-large\"><img decoding=\"async\" width=\"1024\" height=\"604\" src=\"https:\/\/nicogcasares.eu\/wp-content\/uploads\/2022\/04\/12-1024x604.jpg\" alt=\"\" class=\"wp-image-4277\" srcset=\"https:\/\/nicogcasares.eu\/wp-content\/uploads\/2022\/04\/12-1024x604.jpg 1024w, https:\/\/nicogcasares.eu\/wp-content\/uploads\/2022\/04\/12-300x177.jpg 300w, https:\/\/nicogcasares.eu\/wp-content\/uploads\/2022\/04\/12-768x453.jpg 768w, https:\/\/nicogcasares.eu\/wp-content\/uploads\/2022\/04\/12-1536x906.jpg 1536w, https:\/\/nicogcasares.eu\/wp-content\/uploads\/2022\/04\/12-2048x1209.jpg 2048w, https:\/\/nicogcasares.eu\/wp-content\/uploads\/2022\/04\/12-1080x637.jpg 1080w, https:\/\/nicogcasares.eu\/wp-content\/uploads\/2022\/04\/12-1280x756.jpg 1280w, https:\/\/nicogcasares.eu\/wp-content\/uploads\/2022\/04\/12-980x578.jpg 980w, https:\/\/nicogcasares.eu\/wp-content\/uploads\/2022\/04\/12-480x283.jpg 480w\" sizes=\"(max-width: 1024px) 100vw, 1024px\" \/><\/figure>\n\n\n\n<figure class=\"wp-block-image size-large\"><img decoding=\"async\" width=\"1024\" height=\"689\" src=\"https:\/\/nicogcasares.eu\/wp-content\/uploads\/2022\/04\/10-1024x689.jpg\" alt=\"\" class=\"wp-image-4280\" srcset=\"https:\/\/nicogcasares.eu\/wp-content\/uploads\/2022\/04\/10-1024x689.jpg 1024w, https:\/\/nicogcasares.eu\/wp-content\/uploads\/2022\/04\/10-300x202.jpg 300w, https:\/\/nicogcasares.eu\/wp-content\/uploads\/2022\/04\/10-768x516.jpg 768w, https:\/\/nicogcasares.eu\/wp-content\/uploads\/2022\/04\/10-1536x1033.jpg 1536w, https:\/\/nicogcasares.eu\/wp-content\/uploads\/2022\/04\/10-2048x1377.jpg 2048w, https:\/\/nicogcasares.eu\/wp-content\/uploads\/2022\/04\/10-1080x726.jpg 1080w, https:\/\/nicogcasares.eu\/wp-content\/uploads\/2022\/04\/10-1280x861.jpg 1280w, https:\/\/nicogcasares.eu\/wp-content\/uploads\/2022\/04\/10-980x659.jpg 980w, https:\/\/nicogcasares.eu\/wp-content\/uploads\/2022\/04\/10-480x323.jpg 480w\" sizes=\"(max-width: 1024px) 100vw, 1024px\" \/><\/figure>\n\n\n\n<figure class=\"wp-block-image size-large\"><img loading=\"lazy\" decoding=\"async\" width=\"1024\" height=\"683\" src=\"https:\/\/nicogcasares.eu\/wp-content\/uploads\/2022\/04\/15-1024x683.jpg\" alt=\"\" class=\"wp-image-4283\" srcset=\"https:\/\/nicogcasares.eu\/wp-content\/uploads\/2022\/04\/15-1024x683.jpg 1024w, https:\/\/nicogcasares.eu\/wp-content\/uploads\/2022\/04\/15-300x200.jpg 300w, https:\/\/nicogcasares.eu\/wp-content\/uploads\/2022\/04\/15-768x512.jpg 768w, https:\/\/nicogcasares.eu\/wp-content\/uploads\/2022\/04\/15-1536x1024.jpg 1536w, https:\/\/nicogcasares.eu\/wp-content\/uploads\/2022\/04\/15-2048x1365.jpg 2048w, https:\/\/nicogcasares.eu\/wp-content\/uploads\/2022\/04\/15-1080x720.jpg 1080w, https:\/\/nicogcasares.eu\/wp-content\/uploads\/2022\/04\/15-1280x854.jpg 1280w, https:\/\/nicogcasares.eu\/wp-content\/uploads\/2022\/04\/15-980x653.jpg 980w, https:\/\/nicogcasares.eu\/wp-content\/uploads\/2022\/04\/15-480x320.jpg 480w\" sizes=\"(max-width: 1024px) 100vw, 1024px\" \/><\/figure>\n","protected":false},"excerpt":{"rendered":"<p>A rapazada de 1\u00ba de Bacharelato puido ampliar os seus co\u00f1ecementos sobre a realidade europea<\/p>\n","protected":false},"author":4,"featured_media":4271,"comment_status":"closed","ping_status":"closed","sticky":true,"template":"","format":"standard","meta":{"footnotes":""},"categories":[34,32],"tags":[369,397,76],"yoast_head":"<!-- This site is optimized with the Yoast SEO plugin v22.3 - https:\/\/yoast.com\/wordpress\/plugins\/seo\/ -->\n<title>Gonz\u00e1lez Casares pon en valor a liberdade e a democracia no IES Ribadeo co gallo do D\u00eda de Europa - Nico G. Casares %<\/title>\n<meta name=\"description\" content=\"A rapazada de 1\u00ba de Bacharelato puido ampliar os seus co\u00f1ecementos sobre a realidade europea\" \/>\n<meta name=\"robots\" content=\"index, follow, max-snippet:-1, max-image-preview:large, max-video-preview:-1\" \/>\n<link rel=\"canonical\" href=\"https:\/\/nicogcasares.eu\/gl\/gonzalez-casares-pon-en-valor-a-liberdade-e-a-democracia-no-ies-ribadeo-co-gallo-do-dia-de-europa\/\" \/>\n<meta property=\"og:locale\" content=\"gl_ES\" \/>\n<meta property=\"og:type\" content=\"article\" \/>\n<meta property=\"og:title\" content=\"Gonz\u00e1lez Casares pon en valor a liberdade e a democracia no IES Ribadeo co gallo do D\u00eda de Europa\" \/>\n<meta property=\"og:description\" content=\"A rapazada de 1\u00ba de Bacharelato puido ampliar os seus co\u00f1ecementos sobre a realidade europea\" \/>\n<meta property=\"og:url\" content=\"https:\/\/nicogcasares.eu\/gl\/gonzalez-casares-pon-en-valor-a-liberdade-e-a-democracia-no-ies-ribadeo-co-gallo-do-dia-de-europa\/\" \/>\n<meta property=\"og:site_name\" content=\"Nico G. Casares\" \/>\n<meta property=\"article:published_time\" content=\"2022-04-30T09:34:24+00:00\" \/>\n<meta property=\"article:modified_time\" content=\"2022-04-30T09:34:29+00:00\" \/>\n<meta property=\"og:image\" content=\"https:\/\/nicogcasares.eu\/wp-content\/uploads\/2022\/04\/3-scaled.jpg\" \/>\n\t<meta property=\"og:image:width\" content=\"2560\" \/>\n\t<meta property=\"og:image:height\" content=\"1707\" \/>\n\t<meta property=\"og:image:type\" content=\"image\/jpeg\" \/>\n<meta name=\"author\" content=\"Nicol\u00e1s Gonz\u00e1lez Casares\" \/>\n<meta name=\"twitter:card\" content=\"summary_large_image\" \/>\n<meta name=\"twitter:title\" content=\"Gonz\u00e1lez Casares pon en valor a liberdade e a democracia no IES Ribadeo co gallo do D\u00eda de Europa\" \/>\n<meta name=\"twitter:description\" content=\"A rapazada de 1\u00ba de Bacharelato puido ampliar os seus co\u00f1ecementos sobre a realidade europea\" \/>\n<meta name=\"twitter:image\" content=\"https:\/\/nicogcasares.eu\/wp-content\/uploads\/2022\/04\/3-scaled.jpg\" \/>\n<meta name=\"twitter:creator\" content=\"@nicogoncas\" \/>\n<meta name=\"twitter:site\" content=\"@nicogoncas\" \/>\n<meta name=\"twitter:label1\" content=\"Escrito por\" \/>\n\t<meta name=\"twitter:data1\" content=\"Nicol\u00e1s Gonz\u00e1lez Casares\" \/>\n\t<meta name=\"twitter:label2\" content=\"Tempo de lectura\" \/>\n\t<meta name=\"twitter:data2\" content=\"3 minutos\" \/>\n<script type=\"application\/ld+json\" class=\"yoast-schema-graph\">{\"@context\":\"https:\/\/schema.org\",\"@graph\":[{\"@type\":\"Article\",\"@id\":\"https:\/\/nicogcasares.eu\/gl\/gonzalez-casares-pon-en-valor-a-liberdade-e-a-democracia-no-ies-ribadeo-co-gallo-do-dia-de-europa\/#article\",\"isPartOf\":{\"@id\":\"https:\/\/nicogcasares.eu\/gl\/gonzalez-casares-pon-en-valor-a-liberdade-e-a-democracia-no-ies-ribadeo-co-gallo-do-dia-de-europa\/\"},\"author\":{\"name\":\"Nicol\u00e1s Gonz\u00e1lez Casares\",\"@id\":\"https:\/\/nicogcasares.eu\/gl\/#\/schema\/person\/75361477143e596646d48598a3778163\"},\"headline\":\"Gonz\u00e1lez Casares pon en valor a liberdade e a democracia no IES Ribadeo co gallo do D\u00eda de Europa\",\"datePublished\":\"2022-04-30T09:34:24+00:00\",\"dateModified\":\"2022-04-30T09:34:29+00:00\",\"mainEntityOfPage\":{\"@id\":\"https:\/\/nicogcasares.eu\/gl\/gonzalez-casares-pon-en-valor-a-liberdade-e-a-democracia-no-ies-ribadeo-co-gallo-do-dia-de-europa\/\"},\"wordCount\":437,\"publisher\":{\"@id\":\"https:\/\/nicogcasares.eu\/gl\/#\/schema\/person\/75361477143e596646d48598a3778163\"},\"image\":{\"@id\":\"https:\/\/nicogcasares.eu\/gl\/gonzalez-casares-pon-en-valor-a-liberdade-e-a-democracia-no-ies-ribadeo-co-gallo-do-dia-de-europa\/#primaryimage\"},\"thumbnailUrl\":\"https:\/\/nicogcasares.eu\/wp-content\/uploads\/2022\/04\/3-scaled.jpg\",\"keywords\":[\"Nicol\u00e1s Gonz\u00e1lez Casares\",\"Ribadeo\",\"Uni\u00f3n Europea\"],\"articleSection\":[\"Actividade\",\"Novas\"],\"inLanguage\":\"gl-ES\"},{\"@type\":\"WebPage\",\"@id\":\"https:\/\/nicogcasares.eu\/gl\/gonzalez-casares-pon-en-valor-a-liberdade-e-a-democracia-no-ies-ribadeo-co-gallo-do-dia-de-europa\/\",\"url\":\"https:\/\/nicogcasares.eu\/gl\/gonzalez-casares-pon-en-valor-a-liberdade-e-a-democracia-no-ies-ribadeo-co-gallo-do-dia-de-europa\/\",\"name\":\"Gonz\u00e1lez Casares pon en valor a liberdade e a democracia no IES Ribadeo co gallo do D\u00eda de Europa - Nico G. Casares %\",\"isPartOf\":{\"@id\":\"https:\/\/nicogcasares.eu\/gl\/#website\"},\"primaryImageOfPage\":{\"@id\":\"https:\/\/nicogcasares.eu\/gl\/gonzalez-casares-pon-en-valor-a-liberdade-e-a-democracia-no-ies-ribadeo-co-gallo-do-dia-de-europa\/#primaryimage\"},\"image\":{\"@id\":\"https:\/\/nicogcasares.eu\/gl\/gonzalez-casares-pon-en-valor-a-liberdade-e-a-democracia-no-ies-ribadeo-co-gallo-do-dia-de-europa\/#primaryimage\"},\"thumbnailUrl\":\"https:\/\/nicogcasares.eu\/wp-content\/uploads\/2022\/04\/3-scaled.jpg\",\"datePublished\":\"2022-04-30T09:34:24+00:00\",\"dateModified\":\"2022-04-30T09:34:29+00:00\",\"description\":\"A rapazada de 1\u00ba de Bacharelato puido ampliar os seus co\u00f1ecementos sobre a realidade europea\",\"breadcrumb\":{\"@id\":\"https:\/\/nicogcasares.eu\/gl\/gonzalez-casares-pon-en-valor-a-liberdade-e-a-democracia-no-ies-ribadeo-co-gallo-do-dia-de-europa\/#breadcrumb\"},\"inLanguage\":\"gl-ES\",\"potentialAction\":[{\"@type\":\"ReadAction\",\"target\":[\"https:\/\/nicogcasares.eu\/gl\/gonzalez-casares-pon-en-valor-a-liberdade-e-a-democracia-no-ies-ribadeo-co-gallo-do-dia-de-europa\/\"]}]},{\"@type\":\"ImageObject\",\"inLanguage\":\"gl-ES\",\"@id\":\"https:\/\/nicogcasares.eu\/gl\/gonzalez-casares-pon-en-valor-a-liberdade-e-a-democracia-no-ies-ribadeo-co-gallo-do-dia-de-europa\/#primaryimage\",\"url\":\"https:\/\/nicogcasares.eu\/wp-content\/uploads\/2022\/04\/3-scaled.jpg\",\"contentUrl\":\"https:\/\/nicogcasares.eu\/wp-content\/uploads\/2022\/04\/3-scaled.jpg\",\"width\":2560,\"height\":1707},{\"@type\":\"BreadcrumbList\",\"@id\":\"https:\/\/nicogcasares.eu\/gl\/gonzalez-casares-pon-en-valor-a-liberdade-e-a-democracia-no-ies-ribadeo-co-gallo-do-dia-de-europa\/#breadcrumb\",\"itemListElement\":[{\"@type\":\"ListItem\",\"position\":1,\"name\":\"Portada\",\"item\":\"https:\/\/nicogcasares.eu\/gl\/\"},{\"@type\":\"ListItem\",\"position\":2,\"name\":\"Gonz\u00e1lez Casares pon en valor a liberdade e a democracia no IES Ribadeo co gallo do D\u00eda de Europa\"}]},{\"@type\":\"WebSite\",\"@id\":\"https:\/\/nicogcasares.eu\/gl\/#website\",\"url\":\"https:\/\/nicogcasares.eu\/gl\/\",\"name\":\"Nico G. Casares\",\"description\":\"Diputado socialista en el parlamento europeo\",\"publisher\":{\"@id\":\"https:\/\/nicogcasares.eu\/gl\/#\/schema\/person\/75361477143e596646d48598a3778163\"},\"potentialAction\":[{\"@type\":\"SearchAction\",\"target\":{\"@type\":\"EntryPoint\",\"urlTemplate\":\"https:\/\/nicogcasares.eu\/gl\/?s={search_term_string}\"},\"query-input\":\"required name=search_term_string\"}],\"inLanguage\":\"gl-ES\"},{\"@type\":[\"Person\",\"Organization\"],\"@id\":\"https:\/\/nicogcasares.eu\/gl\/#\/schema\/person\/75361477143e596646d48598a3778163\",\"name\":\"Nicol\u00e1s Gonz\u00e1lez Casares\",\"image\":{\"@type\":\"ImageObject\",\"inLanguage\":\"gl-ES\",\"@id\":\"https:\/\/nicogcasares.eu\/gl\/#\/schema\/person\/image\/\",\"url\":\"https:\/\/nicogcasares.eu\/wp-content\/uploads\/2021\/11\/20211006_EP-119139A_FMA_0895_RESIZED_S.jpg\",\"contentUrl\":\"https:\/\/nicogcasares.eu\/wp-content\/uploads\/2021\/11\/20211006_EP-119139A_FMA_0895_RESIZED_S.jpg\",\"width\":639,\"height\":426,\"caption\":\"Nicol\u00e1s Gonz\u00e1lez Casares\"},\"logo\":{\"@id\":\"https:\/\/nicogcasares.eu\/gl\/#\/schema\/person\/image\/\"},\"url\":\"https:\/\/nicogcasares.eu\/gl\/author\/nico\/\"}]}<\/script>\n<!-- \/ Yoast SEO plugin. -->","yoast_head_json":{"title":"Gonz\u00e1lez Casares pon en valor a liberdade e a democracia no IES Ribadeo co gallo do D\u00eda de Europa - Nico G. Casares %","description":"A rapazada de 1\u00ba de Bacharelato puido ampliar os seus co\u00f1ecementos sobre a realidade europea","robots":{"index":"index","follow":"follow","max-snippet":"max-snippet:-1","max-image-preview":"max-image-preview:large","max-video-preview":"max-video-preview:-1"},"canonical":"https:\/\/nicogcasares.eu\/gl\/gonzalez-casares-pon-en-valor-a-liberdade-e-a-democracia-no-ies-ribadeo-co-gallo-do-dia-de-europa\/","og_locale":"gl_ES","og_type":"article","og_title":"Gonz\u00e1lez Casares pon en valor a liberdade e a democracia no IES Ribadeo co gallo do D\u00eda de Europa","og_description":"A rapazada de 1\u00ba de Bacharelato puido ampliar os seus co\u00f1ecementos sobre a realidade europea","og_url":"https:\/\/nicogcasares.eu\/gl\/gonzalez-casares-pon-en-valor-a-liberdade-e-a-democracia-no-ies-ribadeo-co-gallo-do-dia-de-europa\/","og_site_name":"Nico G. Casares","article_published_time":"2022-04-30T09:34:24+00:00","article_modified_time":"2022-04-30T09:34:29+00:00","og_image":[{"width":2560,"height":1707,"url":"https:\/\/nicogcasares.eu\/wp-content\/uploads\/2022\/04\/3-scaled.jpg","type":"image\/jpeg"}],"author":"Nicol\u00e1s Gonz\u00e1lez Casares","twitter_card":"summary_large_image","twitter_title":"Gonz\u00e1lez Casares pon en valor a liberdade e a democracia no IES Ribadeo co gallo do D\u00eda de Europa","twitter_description":"A rapazada de 1\u00ba de Bacharelato puido ampliar os seus co\u00f1ecementos sobre a realidade europea","twitter_image":"https:\/\/nicogcasares.eu\/wp-content\/uploads\/2022\/04\/3-scaled.jpg","twitter_creator":"@nicogoncas","twitter_site":"@nicogoncas","twitter_misc":{"Escrito por":"Nicol\u00e1s Gonz\u00e1lez Casares","Tempo de lectura":"3 minutos"},"schema":{"@context":"https:\/\/schema.org","@graph":[{"@type":"Article","@id":"https:\/\/nicogcasares.eu\/gl\/gonzalez-casares-pon-en-valor-a-liberdade-e-a-democracia-no-ies-ribadeo-co-gallo-do-dia-de-europa\/#article","isPartOf":{"@id":"https:\/\/nicogcasares.eu\/gl\/gonzalez-casares-pon-en-valor-a-liberdade-e-a-democracia-no-ies-ribadeo-co-gallo-do-dia-de-europa\/"},"author":{"name":"Nicol\u00e1s Gonz\u00e1lez Casares","@id":"https:\/\/nicogcasares.eu\/gl\/#\/schema\/person\/75361477143e596646d48598a3778163"},"headline":"Gonz\u00e1lez Casares pon en valor a liberdade e a democracia no IES Ribadeo co gallo do D\u00eda de Europa","datePublished":"2022-04-30T09:34:24+00:00","dateModified":"2022-04-30T09:34:29+00:00","mainEntityOfPage":{"@id":"https:\/\/nicogcasares.eu\/gl\/gonzalez-casares-pon-en-valor-a-liberdade-e-a-democracia-no-ies-ribadeo-co-gallo-do-dia-de-europa\/"},"wordCount":437,"publisher":{"@id":"https:\/\/nicogcasares.eu\/gl\/#\/schema\/person\/75361477143e596646d48598a3778163"},"image":{"@id":"https:\/\/nicogcasares.eu\/gl\/gonzalez-casares-pon-en-valor-a-liberdade-e-a-democracia-no-ies-ribadeo-co-gallo-do-dia-de-europa\/#primaryimage"},"thumbnailUrl":"https:\/\/nicogcasares.eu\/wp-content\/uploads\/2022\/04\/3-scaled.jpg","keywords":["Nicol\u00e1s Gonz\u00e1lez Casares","Ribadeo","Uni\u00f3n Europea"],"articleSection":["Actividade","Novas"],"inLanguage":"gl-ES"},{"@type":"WebPage","@id":"https:\/\/nicogcasares.eu\/gl\/gonzalez-casares-pon-en-valor-a-liberdade-e-a-democracia-no-ies-ribadeo-co-gallo-do-dia-de-europa\/","url":"https:\/\/nicogcasares.eu\/gl\/gonzalez-casares-pon-en-valor-a-liberdade-e-a-democracia-no-ies-ribadeo-co-gallo-do-dia-de-europa\/","name":"Gonz\u00e1lez Casares pon en valor a liberdade e a democracia no IES Ribadeo co gallo do D\u00eda de Europa - Nico G. Casares %","isPartOf":{"@id":"https:\/\/nicogcasares.eu\/gl\/#website"},"primaryImageOfPage":{"@id":"https:\/\/nicogcasares.eu\/gl\/gonzalez-casares-pon-en-valor-a-liberdade-e-a-democracia-no-ies-ribadeo-co-gallo-do-dia-de-europa\/#primaryimage"},"image":{"@id":"https:\/\/nicogcasares.eu\/gl\/gonzalez-casares-pon-en-valor-a-liberdade-e-a-democracia-no-ies-ribadeo-co-gallo-do-dia-de-europa\/#primaryimage"},"thumbnailUrl":"https:\/\/nicogcasares.eu\/wp-content\/uploads\/2022\/04\/3-scaled.jpg","datePublished":"2022-04-30T09:34:24+00:00","dateModified":"2022-04-30T09:34:29+00:00","description":"A rapazada de 1\u00ba de Bacharelato puido ampliar os seus co\u00f1ecementos sobre a realidade europea","breadcrumb":{"@id":"https:\/\/nicogcasares.eu\/gl\/gonzalez-casares-pon-en-valor-a-liberdade-e-a-democracia-no-ies-ribadeo-co-gallo-do-dia-de-europa\/#breadcrumb"},"inLanguage":"gl-ES","potentialAction":[{"@type":"ReadAction","target":["https:\/\/nicogcasares.eu\/gl\/gonzalez-casares-pon-en-valor-a-liberdade-e-a-democracia-no-ies-ribadeo-co-gallo-do-dia-de-europa\/"]}]},{"@type":"ImageObject","inLanguage":"gl-ES","@id":"https:\/\/nicogcasares.eu\/gl\/gonzalez-casares-pon-en-valor-a-liberdade-e-a-democracia-no-ies-ribadeo-co-gallo-do-dia-de-europa\/#primaryimage","url":"https:\/\/nicogcasares.eu\/wp-content\/uploads\/2022\/04\/3-scaled.jpg","contentUrl":"https:\/\/nicogcasares.eu\/wp-content\/uploads\/2022\/04\/3-scaled.jpg","width":2560,"height":1707},{"@type":"BreadcrumbList","@id":"https:\/\/nicogcasares.eu\/gl\/gonzalez-casares-pon-en-valor-a-liberdade-e-a-democracia-no-ies-ribadeo-co-gallo-do-dia-de-europa\/#breadcrumb","itemListElement":[{"@type":"ListItem","position":1,"name":"Portada","item":"https:\/\/nicogcasares.eu\/gl\/"},{"@type":"ListItem","position":2,"name":"Gonz\u00e1lez Casares pon en valor a liberdade e a democracia no IES Ribadeo co gallo do D\u00eda de Europa"}]},{"@type":"WebSite","@id":"https:\/\/nicogcasares.eu\/gl\/#website","url":"https:\/\/nicogcasares.eu\/gl\/","name":"Nico G. Casares","description":"Diputado socialista en el parlamento europeo","publisher":{"@id":"https:\/\/nicogcasares.eu\/gl\/#\/schema\/person\/75361477143e596646d48598a3778163"},"potentialAction":[{"@type":"SearchAction","target":{"@type":"EntryPoint","urlTemplate":"https:\/\/nicogcasares.eu\/gl\/?s={search_term_string}"},"query-input":"required name=search_term_string"}],"inLanguage":"gl-ES"},{"@type":["Person","Organization"],"@id":"https:\/\/nicogcasares.eu\/gl\/#\/schema\/person\/75361477143e596646d48598a3778163","name":"Nicol\u00e1s Gonz\u00e1lez Casares","image":{"@type":"ImageObject","inLanguage":"gl-ES","@id":"https:\/\/nicogcasares.eu\/gl\/#\/schema\/person\/image\/","url":"https:\/\/nicogcasares.eu\/wp-content\/uploads\/2021\/11\/20211006_EP-119139A_FMA_0895_RESIZED_S.jpg","contentUrl":"https:\/\/nicogcasares.eu\/wp-content\/uploads\/2021\/11\/20211006_EP-119139A_FMA_0895_RESIZED_S.jpg","width":639,"height":426,"caption":"Nicol\u00e1s Gonz\u00e1lez Casares"},"logo":{"@id":"https:\/\/nicogcasares.eu\/gl\/#\/schema\/person\/image\/"},"url":"https:\/\/nicogcasares.eu\/gl\/author\/nico\/"}]}},"_links":{"self":[{"href":"https:\/\/nicogcasares.eu\/gl\/wp-json\/wp\/v2\/posts\/4288"}],"collection":[{"href":"https:\/\/nicogcasares.eu\/gl\/wp-json\/wp\/v2\/posts"}],"about":[{"href":"https:\/\/nicogcasares.eu\/gl\/wp-json\/wp\/v2\/types\/post"}],"author":[{"embeddable":true,"href":"https:\/\/nicogcasares.eu\/gl\/wp-json\/wp\/v2\/users\/4"}],"replies":[{"embeddable":true,"href":"https:\/\/nicogcasares.eu\/gl\/wp-json\/wp\/v2\/comments?post=4288"}],"version-history":[{"count":1,"href":"https:\/\/nicogcasares.eu\/gl\/wp-json\/wp\/v2\/posts\/4288\/revisions"}],"predecessor-version":[{"id":4289,"href":"https:\/\/nicogcasares.eu\/gl\/wp-json\/wp\/v2\/posts\/4288\/revisions\/4289"}],"wp:featuredmedia":[{"embeddable":true,"href":"https:\/\/nicogcasares.eu\/gl\/wp-json\/wp\/v2\/media\/4271"}],"wp:attachment":[{"href":"https:\/\/nicogcasares.eu\/gl\/wp-json\/wp\/v2\/media?parent=4288"}],"wp:term":[{"taxonomy":"category","embeddable":true,"href":"https:\/\/nicogcasares.eu\/gl\/wp-json\/wp\/v2\/categories?post=4288"},{"taxonomy":"post_tag","embeddable":true,"href":"https:\/\/nicogcasares.eu\/gl\/wp-json\/wp\/v2\/tags?post=4288"}],"curies":[{"name":"wp","href":"https:\/\/api.w.org\/{rel}","templated":true}]}}