{"id":4312,"date":"2022-04-30T13:07:04","date_gmt":"2022-04-30T11:07:04","guid":{"rendered":"https:\/\/nicogcasares.eu\/?p=4312"},"modified":"2022-04-30T13:25:09","modified_gmt":"2022-04-30T11:25:09","slug":"casares-unese-ao-psdeg-da-marina-para-esixirlle-a-xunta-que-cumpra-o-mandato-parlamentario-respecto-a-fabrica-de-altri","status":"publish","type":"post","link":"https:\/\/nicogcasares.eu\/gl\/casares-unese-ao-psdeg-da-marina-para-esixirlle-a-xunta-que-cumpra-o-mandato-parlamentario-respecto-a-fabrica-de-altri\/","title":{"rendered":"Casares \u00fanese ao PSdeG da Mari\u00f1a para esixirlle \u00e1 Xunta que cumpra o mandato parlamentario respecto \u00e1 f\u00e1brica de Altri"},"content":{"rendered":"\n<p class=\"has-black-color has-text-color has-medium-font-size\"><strong>O eurodeputado Nicol\u00e1s Gonz\u00e1lez Casares mantivo unha reuni\u00f3n de traballo cos alcaldes e voceiros do PSdeG da zona pola problem\u00e1tica da f\u00e1brica<\/strong><\/p>\n\n\n\n<p class=\"has-black-color has-text-color has-medium-font-size\"> O eurodeputado socialista <strong>Nicol\u00e1s Gonz\u00e1lez Casares<\/strong> desprazouse ata <strong>Foz<\/strong> para manter unha reuni\u00f3n de traballo cos rexedores e responsables do <strong>PSdeG da Mari\u00f1a<\/strong> trala renuncia da Xunta de Galicia a instalar a <strong>f\u00e1brica de Altri<\/strong> na comarca. <\/p>\n\n\n\n<p class=\"has-black-color has-text-color has-medium-font-size\"> Na xuntanza participaron os alcaldes de Foz, <strong>Francisco Cajoto<\/strong>; Viveiro, <strong>Mar\u00eda Loureiro<\/strong>; Alfoz, <strong>Jorge Val<\/strong>; Valadouro, <strong>Edmundo Maseda<\/strong>, e de Oriol, <strong>Jos\u00e9 Luis Paj\u00f3n<\/strong>. Ademais de diversos representantes do partido na comarca, asistiu o senador <strong>C\u00e9sar Mogo<\/strong>. <\/p>\n\n\n\n<p class=\"has-black-color has-text-color has-medium-font-size\"> Cajoto insistiu en que non cesar\u00e1n no seu empe\u00f1o de reclamarlle \u00e1 Xunta de Galicia que rectifique a s\u00faa decisi\u00f3n de deixar \u00e1 Mari\u00f1a sen a f\u00e1brica de Altri, esix\u00edndolle que \u201c<strong>cumpra co seu mandato parlamentario\u201d<\/strong>. \u201cO que estamos vendo son escusas baratas que non explican por que non recibiron \u00e1 Mancomunidade de Municipios da Mari\u00f1a, por que a soluci\u00f3n t\u00e9cnica non se consensuou con n\u00f3s, porque non se quixo estudar unha situaci\u00f3n real porque territorio, temos\u201d, explicaba o alcalde. <\/p>\n\n\n\n<p class=\"has-black-color has-text-color has-medium-font-size\"> Indignaci\u00f3n que compart\u00eda o eurodeputado Nicol\u00e1s Gonz\u00e1lez Casares ao ver como desde o Partido Popular se vend\u00eda un \u201cdos proxectos tractores dos Next Generation para dar sa\u00edda aos polos industriais desta comarca\u201d e agora deciden cambiar o seu rumbo, denotando unha <strong>\u201cfalta de transparencia absoluta na xesti\u00f3n destes fondos\u201d<\/strong>. <\/p>\n\n\n\n<p class=\"has-black-color has-text-color has-medium-font-size\"> \u201cO que merece a cidadan\u00eda da Mari\u00f1a \u00e9 que se cumpran as expectativas de investimento e que se te\u00f1en que levar a f\u00e1brica para outro lado, que dubido que non se dean aqu\u00ed as condici\u00f3ns necesarias, digan que <strong>alternativas industriais te\u00f1en para esta comarca<\/strong>. O PP non pode calar m\u00e1is\u201d, incid\u00eda Gonz\u00e1lez Casares. <\/p>\n\n\n\n<p class=\"has-black-color has-text-color has-medium-font-size\"> O rexedor de Foz insistiu en que continuar\u00e1n a traballar por unha resposta da Xunta que satisfaga a indignaci\u00f3n dunha comarca que ve como <strong>\u201cante unha grave crise industrial non se nos permite ter un proxecto de futuro\u201d<\/strong>.<\/p>\n\n\n\n<figure class=\"wp-block-image size-large\"><img fetchpriority=\"high\" decoding=\"async\" width=\"1024\" height=\"665\" src=\"https:\/\/nicogcasares.eu\/wp-content\/uploads\/2022\/04\/7-1024x665.jpg\" alt=\"\" class=\"wp-image-4294\" srcset=\"https:\/\/nicogcasares.eu\/wp-content\/uploads\/2022\/04\/7-1024x665.jpg 1024w, https:\/\/nicogcasares.eu\/wp-content\/uploads\/2022\/04\/7-300x195.jpg 300w, https:\/\/nicogcasares.eu\/wp-content\/uploads\/2022\/04\/7-768x498.jpg 768w, https:\/\/nicogcasares.eu\/wp-content\/uploads\/2022\/04\/7-1536x997.jpg 1536w, https:\/\/nicogcasares.eu\/wp-content\/uploads\/2022\/04\/7-2048x1329.jpg 2048w, https:\/\/nicogcasares.eu\/wp-content\/uploads\/2022\/04\/7-1080x701.jpg 1080w, https:\/\/nicogcasares.eu\/wp-content\/uploads\/2022\/04\/7-1280x831.jpg 1280w, https:\/\/nicogcasares.eu\/wp-content\/uploads\/2022\/04\/7-980x636.jpg 980w, https:\/\/nicogcasares.eu\/wp-content\/uploads\/2022\/04\/7-480x311.jpg 480w\" sizes=\"(max-width: 1024px) 100vw, 1024px\" \/><\/figure>\n\n\n\n<figure class=\"wp-block-image size-large\"><img decoding=\"async\" width=\"1024\" height=\"605\" src=\"https:\/\/nicogcasares.eu\/wp-content\/uploads\/2022\/04\/6-1024x605.jpg\" alt=\"\" class=\"wp-image-4297\" srcset=\"https:\/\/nicogcasares.eu\/wp-content\/uploads\/2022\/04\/6-1024x605.jpg 1024w, https:\/\/nicogcasares.eu\/wp-content\/uploads\/2022\/04\/6-300x177.jpg 300w, https:\/\/nicogcasares.eu\/wp-content\/uploads\/2022\/04\/6-768x454.jpg 768w, https:\/\/nicogcasares.eu\/wp-content\/uploads\/2022\/04\/6-1536x907.jpg 1536w, https:\/\/nicogcasares.eu\/wp-content\/uploads\/2022\/04\/6-2048x1210.jpg 2048w, https:\/\/nicogcasares.eu\/wp-content\/uploads\/2022\/04\/6-1080x638.jpg 1080w, https:\/\/nicogcasares.eu\/wp-content\/uploads\/2022\/04\/6-1280x756.jpg 1280w, https:\/\/nicogcasares.eu\/wp-content\/uploads\/2022\/04\/6-980x579.jpg 980w, https:\/\/nicogcasares.eu\/wp-content\/uploads\/2022\/04\/6-480x284.jpg 480w\" sizes=\"(max-width: 1024px) 100vw, 1024px\" \/><\/figure>\n\n\n\n<figure class=\"wp-block-image size-large\"><img decoding=\"async\" width=\"1024\" height=\"685\" src=\"https:\/\/nicogcasares.eu\/wp-content\/uploads\/2022\/04\/2-1024x685.jpg\" alt=\"\" class=\"wp-image-4300\" srcset=\"https:\/\/nicogcasares.eu\/wp-content\/uploads\/2022\/04\/2-1024x685.jpg 1024w, https:\/\/nicogcasares.eu\/wp-content\/uploads\/2022\/04\/2-300x201.jpg 300w, https:\/\/nicogcasares.eu\/wp-content\/uploads\/2022\/04\/2-768x514.jpg 768w, https:\/\/nicogcasares.eu\/wp-content\/uploads\/2022\/04\/2-1536x1027.jpg 1536w, https:\/\/nicogcasares.eu\/wp-content\/uploads\/2022\/04\/2-2048x1370.jpg 2048w, https:\/\/nicogcasares.eu\/wp-content\/uploads\/2022\/04\/2-1080x722.jpg 1080w, https:\/\/nicogcasares.eu\/wp-content\/uploads\/2022\/04\/2-1280x856.jpg 1280w, https:\/\/nicogcasares.eu\/wp-content\/uploads\/2022\/04\/2-980x655.jpg 980w, https:\/\/nicogcasares.eu\/wp-content\/uploads\/2022\/04\/2-480x321.jpg 480w\" sizes=\"(max-width: 1024px) 100vw, 1024px\" \/><\/figure>\n\n\n\n<figure class=\"wp-block-image size-large\"><img loading=\"lazy\" decoding=\"async\" width=\"1024\" height=\"683\" src=\"https:\/\/nicogcasares.eu\/wp-content\/uploads\/2022\/04\/3-1-1024x683.jpg\" alt=\"\" class=\"wp-image-4303\" srcset=\"https:\/\/nicogcasares.eu\/wp-content\/uploads\/2022\/04\/3-1-1024x683.jpg 1024w, https:\/\/nicogcasares.eu\/wp-content\/uploads\/2022\/04\/3-1-300x200.jpg 300w, https:\/\/nicogcasares.eu\/wp-content\/uploads\/2022\/04\/3-1-768x512.jpg 768w, https:\/\/nicogcasares.eu\/wp-content\/uploads\/2022\/04\/3-1-1536x1024.jpg 1536w, https:\/\/nicogcasares.eu\/wp-content\/uploads\/2022\/04\/3-1-2048x1365.jpg 2048w, https:\/\/nicogcasares.eu\/wp-content\/uploads\/2022\/04\/3-1-1080x720.jpg 1080w, https:\/\/nicogcasares.eu\/wp-content\/uploads\/2022\/04\/3-1-1280x854.jpg 1280w, https:\/\/nicogcasares.eu\/wp-content\/uploads\/2022\/04\/3-1-980x653.jpg 980w, https:\/\/nicogcasares.eu\/wp-content\/uploads\/2022\/04\/3-1-480x320.jpg 480w\" sizes=\"(max-width: 1024px) 100vw, 1024px\" \/><\/figure>\n\n\n\n<figure class=\"wp-block-image size-large\"><img loading=\"lazy\" decoding=\"async\" width=\"1024\" height=\"683\" src=\"https:\/\/nicogcasares.eu\/wp-content\/uploads\/2022\/04\/4-1-1024x683.jpg\" alt=\"\" class=\"wp-image-4306\" srcset=\"https:\/\/nicogcasares.eu\/wp-content\/uploads\/2022\/04\/4-1-1024x683.jpg 1024w, https:\/\/nicogcasares.eu\/wp-content\/uploads\/2022\/04\/4-1-300x200.jpg 300w, https:\/\/nicogcasares.eu\/wp-content\/uploads\/2022\/04\/4-1-768x512.jpg 768w, https:\/\/nicogcasares.eu\/wp-content\/uploads\/2022\/04\/4-1-1536x1024.jpg 1536w, https:\/\/nicogcasares.eu\/wp-content\/uploads\/2022\/04\/4-1-2048x1365.jpg 2048w, https:\/\/nicogcasares.eu\/wp-content\/uploads\/2022\/04\/4-1-1080x720.jpg 1080w, https:\/\/nicogcasares.eu\/wp-content\/uploads\/2022\/04\/4-1-1280x854.jpg 1280w, https:\/\/nicogcasares.eu\/wp-content\/uploads\/2022\/04\/4-1-980x653.jpg 980w, https:\/\/nicogcasares.eu\/wp-content\/uploads\/2022\/04\/4-1-480x320.jpg 480w\" sizes=\"(max-width: 1024px) 100vw, 1024px\" \/><\/figure>\n","protected":false},"excerpt":{"rendered":"<p>O eurodeputado Nicol\u00e1s Gonz\u00e1lez Casares mantivo unha reuni\u00f3n de traballo cos alcaldes e voceiros do PSdeG da zona pola problem\u00e1tica da f\u00e1brica<\/p>\n","protected":false},"author":4,"featured_media":4291,"comment_status":"closed","ping_status":"closed","sticky":true,"template":"","format":"standard","meta":{"footnotes":""},"categories":[34,29,32],"tags":[401,369],"yoast_head":"<!-- This site is optimized with the Yoast SEO plugin v22.3 - https:\/\/yoast.com\/wordpress\/plugins\/seo\/ -->\n<title>Casares \u00fanese ao PSdeG da Mari\u00f1a para esixirlle \u00e1 Xunta que cumpra o mandato parlamentario respecto \u00e1 f\u00e1brica de Altri - Nico G. Casares %<\/title>\n<meta name=\"description\" content=\"O eurodeputado Nicol\u00e1s Gonz\u00e1lez Casares mantivo unha reuni\u00f3n de traballo cos alcaldes e voceiros do PSdeG da zona pola problem\u00e1tica da f\u00e1brica\" \/>\n<meta name=\"robots\" content=\"index, follow, max-snippet:-1, max-image-preview:large, max-video-preview:-1\" \/>\n<link rel=\"canonical\" href=\"https:\/\/nicogcasares.eu\/gl\/casares-unese-ao-psdeg-da-marina-para-esixirlle-a-xunta-que-cumpra-o-mandato-parlamentario-respecto-a-fabrica-de-altri\/\" \/>\n<meta property=\"og:locale\" content=\"gl_ES\" \/>\n<meta property=\"og:type\" content=\"article\" \/>\n<meta property=\"og:title\" content=\"Casares \u00fanese ao PSdeG da Mari\u00f1a para esixirlle \u00e1 Xunta que cumpra o mandato parlamentario respecto \u00e1 f\u00e1brica de Altri\" \/>\n<meta property=\"og:description\" content=\"O eurodeputado Nicol\u00e1s Gonz\u00e1lez Casares mantivo unha reuni\u00f3n de traballo cos alcaldes e voceiros do PSdeG da zona pola problem\u00e1tica da f\u00e1brica\" \/>\n<meta property=\"og:url\" content=\"https:\/\/nicogcasares.eu\/gl\/casares-unese-ao-psdeg-da-marina-para-esixirlle-a-xunta-que-cumpra-o-mandato-parlamentario-respecto-a-fabrica-de-altri\/\" \/>\n<meta property=\"og:site_name\" content=\"Nico G. Casares\" \/>\n<meta property=\"article:published_time\" content=\"2022-04-30T11:07:04+00:00\" \/>\n<meta property=\"article:modified_time\" content=\"2022-04-30T11:25:09+00:00\" \/>\n<meta property=\"og:image\" content=\"https:\/\/nicogcasares.eu\/wp-content\/uploads\/2022\/04\/1-scaled.jpg\" \/>\n\t<meta property=\"og:image:width\" content=\"2560\" \/>\n\t<meta property=\"og:image:height\" content=\"1707\" \/>\n\t<meta property=\"og:image:type\" content=\"image\/jpeg\" \/>\n<meta name=\"author\" content=\"Nicol\u00e1s Gonz\u00e1lez Casares\" \/>\n<meta name=\"twitter:card\" content=\"summary_large_image\" \/>\n<meta name=\"twitter:title\" content=\"Casares \u00fanese ao PSdeG da Mari\u00f1a para esixirlle \u00e1 Xunta que cumpra o mandato parlamentario respecto \u00e1 f\u00e1brica de Altri\" \/>\n<meta name=\"twitter:description\" content=\"O eurodeputado Nicol\u00e1s Gonz\u00e1lez Casares mantivo unha reuni\u00f3n de traballo cos alcaldes e voceiros do PSdeG da zona pola problem\u00e1tica da f\u00e1brica\" \/>\n<meta name=\"twitter:image\" content=\"https:\/\/nicogcasares.eu\/wp-content\/uploads\/2022\/04\/1-scaled.jpg\" \/>\n<meta name=\"twitter:creator\" content=\"@nicogoncas\" \/>\n<meta name=\"twitter:site\" content=\"@nicogoncas\" \/>\n<meta name=\"twitter:label1\" content=\"Escrito por\" \/>\n\t<meta name=\"twitter:data1\" content=\"Nicol\u00e1s Gonz\u00e1lez Casares\" \/>\n\t<meta name=\"twitter:label2\" content=\"Tempo de lectura\" \/>\n\t<meta name=\"twitter:data2\" content=\"3 minutos\" \/>\n<script type=\"application\/ld+json\" class=\"yoast-schema-graph\">{\"@context\":\"https:\/\/schema.org\",\"@graph\":[{\"@type\":\"Article\",\"@id\":\"https:\/\/nicogcasares.eu\/gl\/casares-unese-ao-psdeg-da-marina-para-esixirlle-a-xunta-que-cumpra-o-mandato-parlamentario-respecto-a-fabrica-de-altri\/#article\",\"isPartOf\":{\"@id\":\"https:\/\/nicogcasares.eu\/gl\/casares-unese-ao-psdeg-da-marina-para-esixirlle-a-xunta-que-cumpra-o-mandato-parlamentario-respecto-a-fabrica-de-altri\/\"},\"author\":{\"name\":\"Nicol\u00e1s Gonz\u00e1lez Casares\",\"@id\":\"https:\/\/nicogcasares.eu\/gl\/#\/schema\/person\/75361477143e596646d48598a3778163\"},\"headline\":\"Casares \u00fanese ao PSdeG da Mari\u00f1a para esixirlle \u00e1 Xunta que cumpra o mandato parlamentario respecto \u00e1 f\u00e1brica de Altri\",\"datePublished\":\"2022-04-30T11:07:04+00:00\",\"dateModified\":\"2022-04-30T11:25:09+00:00\",\"mainEntityOfPage\":{\"@id\":\"https:\/\/nicogcasares.eu\/gl\/casares-unese-ao-psdeg-da-marina-para-esixirlle-a-xunta-que-cumpra-o-mandato-parlamentario-respecto-a-fabrica-de-altri\/\"},\"wordCount\":375,\"publisher\":{\"@id\":\"https:\/\/nicogcasares.eu\/gl\/#\/schema\/person\/75361477143e596646d48598a3778163\"},\"image\":{\"@id\":\"https:\/\/nicogcasares.eu\/gl\/casares-unese-ao-psdeg-da-marina-para-esixirlle-a-xunta-que-cumpra-o-mandato-parlamentario-respecto-a-fabrica-de-altri\/#primaryimage\"},\"thumbnailUrl\":\"https:\/\/nicogcasares.eu\/wp-content\/uploads\/2022\/04\/1-scaled.jpg\",\"keywords\":[\"Foz\",\"Nicol\u00e1s Gonz\u00e1lez Casares\"],\"articleSection\":[\"Actividade\",\"Enerx\u00eda\",\"Novas\"],\"inLanguage\":\"gl-ES\"},{\"@type\":\"WebPage\",\"@id\":\"https:\/\/nicogcasares.eu\/gl\/casares-unese-ao-psdeg-da-marina-para-esixirlle-a-xunta-que-cumpra-o-mandato-parlamentario-respecto-a-fabrica-de-altri\/\",\"url\":\"https:\/\/nicogcasares.eu\/gl\/casares-unese-ao-psdeg-da-marina-para-esixirlle-a-xunta-que-cumpra-o-mandato-parlamentario-respecto-a-fabrica-de-altri\/\",\"name\":\"Casares \u00fanese ao PSdeG da Mari\u00f1a para esixirlle \u00e1 Xunta que cumpra o mandato parlamentario respecto \u00e1 f\u00e1brica de Altri - Nico G. Casares %\",\"isPartOf\":{\"@id\":\"https:\/\/nicogcasares.eu\/gl\/#website\"},\"primaryImageOfPage\":{\"@id\":\"https:\/\/nicogcasares.eu\/gl\/casares-unese-ao-psdeg-da-marina-para-esixirlle-a-xunta-que-cumpra-o-mandato-parlamentario-respecto-a-fabrica-de-altri\/#primaryimage\"},\"image\":{\"@id\":\"https:\/\/nicogcasares.eu\/gl\/casares-unese-ao-psdeg-da-marina-para-esixirlle-a-xunta-que-cumpra-o-mandato-parlamentario-respecto-a-fabrica-de-altri\/#primaryimage\"},\"thumbnailUrl\":\"https:\/\/nicogcasares.eu\/wp-content\/uploads\/2022\/04\/1-scaled.jpg\",\"datePublished\":\"2022-04-30T11:07:04+00:00\",\"dateModified\":\"2022-04-30T11:25:09+00:00\",\"description\":\"O eurodeputado Nicol\u00e1s Gonz\u00e1lez Casares mantivo unha reuni\u00f3n de traballo cos alcaldes e voceiros do PSdeG da zona pola problem\u00e1tica da f\u00e1brica\",\"breadcrumb\":{\"@id\":\"https:\/\/nicogcasares.eu\/gl\/casares-unese-ao-psdeg-da-marina-para-esixirlle-a-xunta-que-cumpra-o-mandato-parlamentario-respecto-a-fabrica-de-altri\/#breadcrumb\"},\"inLanguage\":\"gl-ES\",\"potentialAction\":[{\"@type\":\"ReadAction\",\"target\":[\"https:\/\/nicogcasares.eu\/gl\/casares-unese-ao-psdeg-da-marina-para-esixirlle-a-xunta-que-cumpra-o-mandato-parlamentario-respecto-a-fabrica-de-altri\/\"]}]},{\"@type\":\"ImageObject\",\"inLanguage\":\"gl-ES\",\"@id\":\"https:\/\/nicogcasares.eu\/gl\/casares-unese-ao-psdeg-da-marina-para-esixirlle-a-xunta-que-cumpra-o-mandato-parlamentario-respecto-a-fabrica-de-altri\/#primaryimage\",\"url\":\"https:\/\/nicogcasares.eu\/wp-content\/uploads\/2022\/04\/1-scaled.jpg\",\"contentUrl\":\"https:\/\/nicogcasares.eu\/wp-content\/uploads\/2022\/04\/1-scaled.jpg\",\"width\":2560,\"height\":1707},{\"@type\":\"BreadcrumbList\",\"@id\":\"https:\/\/nicogcasares.eu\/gl\/casares-unese-ao-psdeg-da-marina-para-esixirlle-a-xunta-que-cumpra-o-mandato-parlamentario-respecto-a-fabrica-de-altri\/#breadcrumb\",\"itemListElement\":[{\"@type\":\"ListItem\",\"position\":1,\"name\":\"Portada\",\"item\":\"https:\/\/nicogcasares.eu\/gl\/\"},{\"@type\":\"ListItem\",\"position\":2,\"name\":\"Casares \u00fanese ao PSdeG da Mari\u00f1a para esixirlle \u00e1 Xunta que cumpra o mandato parlamentario respecto \u00e1 f\u00e1brica de Altri\"}]},{\"@type\":\"WebSite\",\"@id\":\"https:\/\/nicogcasares.eu\/gl\/#website\",\"url\":\"https:\/\/nicogcasares.eu\/gl\/\",\"name\":\"Nico G. Casares\",\"description\":\"Diputado socialista en el parlamento europeo\",\"publisher\":{\"@id\":\"https:\/\/nicogcasares.eu\/gl\/#\/schema\/person\/75361477143e596646d48598a3778163\"},\"potentialAction\":[{\"@type\":\"SearchAction\",\"target\":{\"@type\":\"EntryPoint\",\"urlTemplate\":\"https:\/\/nicogcasares.eu\/gl\/?s={search_term_string}\"},\"query-input\":\"required name=search_term_string\"}],\"inLanguage\":\"gl-ES\"},{\"@type\":[\"Person\",\"Organization\"],\"@id\":\"https:\/\/nicogcasares.eu\/gl\/#\/schema\/person\/75361477143e596646d48598a3778163\",\"name\":\"Nicol\u00e1s Gonz\u00e1lez Casares\",\"image\":{\"@type\":\"ImageObject\",\"inLanguage\":\"gl-ES\",\"@id\":\"https:\/\/nicogcasares.eu\/gl\/#\/schema\/person\/image\/\",\"url\":\"https:\/\/nicogcasares.eu\/wp-content\/uploads\/2021\/11\/20211006_EP-119139A_FMA_0895_RESIZED_S.jpg\",\"contentUrl\":\"https:\/\/nicogcasares.eu\/wp-content\/uploads\/2021\/11\/20211006_EP-119139A_FMA_0895_RESIZED_S.jpg\",\"width\":639,\"height\":426,\"caption\":\"Nicol\u00e1s Gonz\u00e1lez Casares\"},\"logo\":{\"@id\":\"https:\/\/nicogcasares.eu\/gl\/#\/schema\/person\/image\/\"},\"url\":\"https:\/\/nicogcasares.eu\/gl\/author\/nico\/\"}]}<\/script>\n<!-- \/ Yoast SEO plugin. -->","yoast_head_json":{"title":"Casares \u00fanese ao PSdeG da Mari\u00f1a para esixirlle \u00e1 Xunta que cumpra o mandato parlamentario respecto \u00e1 f\u00e1brica de Altri - Nico G. Casares %","description":"O eurodeputado Nicol\u00e1s Gonz\u00e1lez Casares mantivo unha reuni\u00f3n de traballo cos alcaldes e voceiros do PSdeG da zona pola problem\u00e1tica da f\u00e1brica","robots":{"index":"index","follow":"follow","max-snippet":"max-snippet:-1","max-image-preview":"max-image-preview:large","max-video-preview":"max-video-preview:-1"},"canonical":"https:\/\/nicogcasares.eu\/gl\/casares-unese-ao-psdeg-da-marina-para-esixirlle-a-xunta-que-cumpra-o-mandato-parlamentario-respecto-a-fabrica-de-altri\/","og_locale":"gl_ES","og_type":"article","og_title":"Casares \u00fanese ao PSdeG da Mari\u00f1a para esixirlle \u00e1 Xunta que cumpra o mandato parlamentario respecto \u00e1 f\u00e1brica de Altri","og_description":"O eurodeputado Nicol\u00e1s Gonz\u00e1lez Casares mantivo unha reuni\u00f3n de traballo cos alcaldes e voceiros do PSdeG da zona pola problem\u00e1tica da f\u00e1brica","og_url":"https:\/\/nicogcasares.eu\/gl\/casares-unese-ao-psdeg-da-marina-para-esixirlle-a-xunta-que-cumpra-o-mandato-parlamentario-respecto-a-fabrica-de-altri\/","og_site_name":"Nico G. Casares","article_published_time":"2022-04-30T11:07:04+00:00","article_modified_time":"2022-04-30T11:25:09+00:00","og_image":[{"width":2560,"height":1707,"url":"https:\/\/nicogcasares.eu\/wp-content\/uploads\/2022\/04\/1-scaled.jpg","type":"image\/jpeg"}],"author":"Nicol\u00e1s Gonz\u00e1lez Casares","twitter_card":"summary_large_image","twitter_title":"Casares \u00fanese ao PSdeG da Mari\u00f1a para esixirlle \u00e1 Xunta que cumpra o mandato parlamentario respecto \u00e1 f\u00e1brica de Altri","twitter_description":"O eurodeputado Nicol\u00e1s Gonz\u00e1lez Casares mantivo unha reuni\u00f3n de traballo cos alcaldes e voceiros do PSdeG da zona pola problem\u00e1tica da f\u00e1brica","twitter_image":"https:\/\/nicogcasares.eu\/wp-content\/uploads\/2022\/04\/1-scaled.jpg","twitter_creator":"@nicogoncas","twitter_site":"@nicogoncas","twitter_misc":{"Escrito por":"Nicol\u00e1s Gonz\u00e1lez Casares","Tempo de lectura":"3 minutos"},"schema":{"@context":"https:\/\/schema.org","@graph":[{"@type":"Article","@id":"https:\/\/nicogcasares.eu\/gl\/casares-unese-ao-psdeg-da-marina-para-esixirlle-a-xunta-que-cumpra-o-mandato-parlamentario-respecto-a-fabrica-de-altri\/#article","isPartOf":{"@id":"https:\/\/nicogcasares.eu\/gl\/casares-unese-ao-psdeg-da-marina-para-esixirlle-a-xunta-que-cumpra-o-mandato-parlamentario-respecto-a-fabrica-de-altri\/"},"author":{"name":"Nicol\u00e1s Gonz\u00e1lez Casares","@id":"https:\/\/nicogcasares.eu\/gl\/#\/schema\/person\/75361477143e596646d48598a3778163"},"headline":"Casares \u00fanese ao PSdeG da Mari\u00f1a para esixirlle \u00e1 Xunta que cumpra o mandato parlamentario respecto \u00e1 f\u00e1brica de Altri","datePublished":"2022-04-30T11:07:04+00:00","dateModified":"2022-04-30T11:25:09+00:00","mainEntityOfPage":{"@id":"https:\/\/nicogcasares.eu\/gl\/casares-unese-ao-psdeg-da-marina-para-esixirlle-a-xunta-que-cumpra-o-mandato-parlamentario-respecto-a-fabrica-de-altri\/"},"wordCount":375,"publisher":{"@id":"https:\/\/nicogcasares.eu\/gl\/#\/schema\/person\/75361477143e596646d48598a3778163"},"image":{"@id":"https:\/\/nicogcasares.eu\/gl\/casares-unese-ao-psdeg-da-marina-para-esixirlle-a-xunta-que-cumpra-o-mandato-parlamentario-respecto-a-fabrica-de-altri\/#primaryimage"},"thumbnailUrl":"https:\/\/nicogcasares.eu\/wp-content\/uploads\/2022\/04\/1-scaled.jpg","keywords":["Foz","Nicol\u00e1s Gonz\u00e1lez Casares"],"articleSection":["Actividade","Enerx\u00eda","Novas"],"inLanguage":"gl-ES"},{"@type":"WebPage","@id":"https:\/\/nicogcasares.eu\/gl\/casares-unese-ao-psdeg-da-marina-para-esixirlle-a-xunta-que-cumpra-o-mandato-parlamentario-respecto-a-fabrica-de-altri\/","url":"https:\/\/nicogcasares.eu\/gl\/casares-unese-ao-psdeg-da-marina-para-esixirlle-a-xunta-que-cumpra-o-mandato-parlamentario-respecto-a-fabrica-de-altri\/","name":"Casares \u00fanese ao PSdeG da Mari\u00f1a para esixirlle \u00e1 Xunta que cumpra o mandato parlamentario respecto \u00e1 f\u00e1brica de Altri - Nico G. Casares %","isPartOf":{"@id":"https:\/\/nicogcasares.eu\/gl\/#website"},"primaryImageOfPage":{"@id":"https:\/\/nicogcasares.eu\/gl\/casares-unese-ao-psdeg-da-marina-para-esixirlle-a-xunta-que-cumpra-o-mandato-parlamentario-respecto-a-fabrica-de-altri\/#primaryimage"},"image":{"@id":"https:\/\/nicogcasares.eu\/gl\/casares-unese-ao-psdeg-da-marina-para-esixirlle-a-xunta-que-cumpra-o-mandato-parlamentario-respecto-a-fabrica-de-altri\/#primaryimage"},"thumbnailUrl":"https:\/\/nicogcasares.eu\/wp-content\/uploads\/2022\/04\/1-scaled.jpg","datePublished":"2022-04-30T11:07:04+00:00","dateModified":"2022-04-30T11:25:09+00:00","description":"O eurodeputado Nicol\u00e1s Gonz\u00e1lez Casares mantivo unha reuni\u00f3n de traballo cos alcaldes e voceiros do PSdeG da zona pola problem\u00e1tica da f\u00e1brica","breadcrumb":{"@id":"https:\/\/nicogcasares.eu\/gl\/casares-unese-ao-psdeg-da-marina-para-esixirlle-a-xunta-que-cumpra-o-mandato-parlamentario-respecto-a-fabrica-de-altri\/#breadcrumb"},"inLanguage":"gl-ES","potentialAction":[{"@type":"ReadAction","target":["https:\/\/nicogcasares.eu\/gl\/casares-unese-ao-psdeg-da-marina-para-esixirlle-a-xunta-que-cumpra-o-mandato-parlamentario-respecto-a-fabrica-de-altri\/"]}]},{"@type":"ImageObject","inLanguage":"gl-ES","@id":"https:\/\/nicogcasares.eu\/gl\/casares-unese-ao-psdeg-da-marina-para-esixirlle-a-xunta-que-cumpra-o-mandato-parlamentario-respecto-a-fabrica-de-altri\/#primaryimage","url":"https:\/\/nicogcasares.eu\/wp-content\/uploads\/2022\/04\/1-scaled.jpg","contentUrl":"https:\/\/nicogcasares.eu\/wp-content\/uploads\/2022\/04\/1-scaled.jpg","width":2560,"height":1707},{"@type":"BreadcrumbList","@id":"https:\/\/nicogcasares.eu\/gl\/casares-unese-ao-psdeg-da-marina-para-esixirlle-a-xunta-que-cumpra-o-mandato-parlamentario-respecto-a-fabrica-de-altri\/#breadcrumb","itemListElement":[{"@type":"ListItem","position":1,"name":"Portada","item":"https:\/\/nicogcasares.eu\/gl\/"},{"@type":"ListItem","position":2,"name":"Casares \u00fanese ao PSdeG da Mari\u00f1a para esixirlle \u00e1 Xunta que cumpra o mandato parlamentario respecto \u00e1 f\u00e1brica de Altri"}]},{"@type":"WebSite","@id":"https:\/\/nicogcasares.eu\/gl\/#website","url":"https:\/\/nicogcasares.eu\/gl\/","name":"Nico G. Casares","description":"Diputado socialista en el parlamento europeo","publisher":{"@id":"https:\/\/nicogcasares.eu\/gl\/#\/schema\/person\/75361477143e596646d48598a3778163"},"potentialAction":[{"@type":"SearchAction","target":{"@type":"EntryPoint","urlTemplate":"https:\/\/nicogcasares.eu\/gl\/?s={search_term_string}"},"query-input":"required name=search_term_string"}],"inLanguage":"gl-ES"},{"@type":["Person","Organization"],"@id":"https:\/\/nicogcasares.eu\/gl\/#\/schema\/person\/75361477143e596646d48598a3778163","name":"Nicol\u00e1s Gonz\u00e1lez Casares","image":{"@type":"ImageObject","inLanguage":"gl-ES","@id":"https:\/\/nicogcasares.eu\/gl\/#\/schema\/person\/image\/","url":"https:\/\/nicogcasares.eu\/wp-content\/uploads\/2021\/11\/20211006_EP-119139A_FMA_0895_RESIZED_S.jpg","contentUrl":"https:\/\/nicogcasares.eu\/wp-content\/uploads\/2021\/11\/20211006_EP-119139A_FMA_0895_RESIZED_S.jpg","width":639,"height":426,"caption":"Nicol\u00e1s Gonz\u00e1lez Casares"},"logo":{"@id":"https:\/\/nicogcasares.eu\/gl\/#\/schema\/person\/image\/"},"url":"https:\/\/nicogcasares.eu\/gl\/author\/nico\/"}]}},"_links":{"self":[{"href":"https:\/\/nicogcasares.eu\/gl\/wp-json\/wp\/v2\/posts\/4312"}],"collection":[{"href":"https:\/\/nicogcasares.eu\/gl\/wp-json\/wp\/v2\/posts"}],"about":[{"href":"https:\/\/nicogcasares.eu\/gl\/wp-json\/wp\/v2\/types\/post"}],"author":[{"embeddable":true,"href":"https:\/\/nicogcasares.eu\/gl\/wp-json\/wp\/v2\/users\/4"}],"replies":[{"embeddable":true,"href":"https:\/\/nicogcasares.eu\/gl\/wp-json\/wp\/v2\/comments?post=4312"}],"version-history":[{"count":1,"href":"https:\/\/nicogcasares.eu\/gl\/wp-json\/wp\/v2\/posts\/4312\/revisions"}],"predecessor-version":[{"id":4313,"href":"https:\/\/nicogcasares.eu\/gl\/wp-json\/wp\/v2\/posts\/4312\/revisions\/4313"}],"wp:featuredmedia":[{"embeddable":true,"href":"https:\/\/nicogcasares.eu\/gl\/wp-json\/wp\/v2\/media\/4291"}],"wp:attachment":[{"href":"https:\/\/nicogcasares.eu\/gl\/wp-json\/wp\/v2\/media?parent=4312"}],"wp:term":[{"taxonomy":"category","embeddable":true,"href":"https:\/\/nicogcasares.eu\/gl\/wp-json\/wp\/v2\/categories?post=4312"},{"taxonomy":"post_tag","embeddable":true,"href":"https:\/\/nicogcasares.eu\/gl\/wp-json\/wp\/v2\/tags?post=4312"}],"curies":[{"name":"wp","href":"https:\/\/api.w.org\/{rel}","templated":true}]}}