{"id":4322,"date":"2022-05-04T11:35:48","date_gmt":"2022-05-04T09:35:48","guid":{"rendered":"https:\/\/nicogcasares.eu\/?p=4322"},"modified":"2022-05-04T11:51:11","modified_gmt":"2022-05-04T09:51:11","slug":"gonzalez-casares-participa-no-lanzamento-do-informe-de-obesidade-da-oms-en-europa","status":"publish","type":"post","link":"https:\/\/nicogcasares.eu\/gl\/gonzalez-casares-participa-no-lanzamento-do-informe-de-obesidade-da-oms-en-europa\/","title":{"rendered":"Gonz\u00e1lez Casares participa no lanzamento do informe de obesidade da OMS en Europa"},"content":{"rendered":"\n<p class=\"has-black-color has-text-color has-medium-font-size\">No marco do <strong>Congreso Europeo da Obesidade<\/strong>, a <strong>Organizaci\u00f3n Mundial da Sa\u00fade (OMS)<\/strong> presentaba este martes o seu \u00faltimo<a href=\"https:\/\/apps.who.int\/iris\/bitstream\/handle\/10665\/353747\/9789289057738-eng.pdf\" target=\"_blank\" rel=\"noreferrer noopener\"> informe da obesidade en Europa<\/a>, no que se constata que o 59% dos adultos e o 28% de menores europeos te\u00f1en sobrepeso u obesidade. <\/p>\n\n\n\n<p class=\"has-black-color has-text-color has-medium-font-size\">O eurodeputado<strong> Nicol\u00e1s Gonz\u00e1lez Casares<\/strong> participou na presentaci\u00f3n deste estudo que urxe medidas para frear o incremento da obesidade, que causa xa ao redor de <strong>1,2 mill\u00f3ns de mortes ao ano en Europa<\/strong>. <\/p>\n\n\n\n<p class=\"has-black-color has-text-color has-medium-font-size\">\u201cQueda claro que temos un problema notable en Europa, que debe abordarse con pol\u00edticas decididas tanto a nivel nacional como da UE. Non podemos mirar para outro lado cando se informa claramente que a obesidade pronto superar\u00e1 ao cancro como principal causa de morte nalg\u00fans pa\u00edses\u201d, apuntaba Gonz\u00e1lez. Para o europarlamentario a <strong>abordaxe da obesidade<\/strong> debe realizarse, como calquera outra patolox\u00eda, <strong>\u201cdesde unha perspectiva multifactorial\u201d<\/strong>, garantindo o acceso aos<strong> tratamentos<\/strong>, impulsando a <strong>investigaci\u00f3n<\/strong> e innovaci\u00f3n e, tendo presente, neste caso, outros aspectos como a estigmatizaci\u00f3n dos pacientes. <\/p>\n\n\n\n<p class=\"has-black-color has-text-color has-medium-font-size\">O informe vincula o exceso de peso a un maior risco de padecer <strong>diabetes, enfermidades respiratorias e cardiovasculares ou cancro<\/strong>. A pandemia afectou \u201cde forma desproporcionada\u201d \u00e1s persoas con obesidade ao provocarlle m\u00e1is complicaci\u00f3ns. Ademais, de que o sedentarismo e o consumo de alimentos pouco saudables aumentaron durante este tempo. <\/p>\n\n\n\n<p class=\"has-black-color has-text-color has-medium-font-size\">Nesta li\u00f1a, Nicol\u00e1s Gonz\u00e1lez lembrou os debates do <strong>Comit\u00e9 Especial de Loita contra o Cancro (BECA)<\/strong> no Parlamento Europeo para \u201cloitar activamente contra a obesidade, como un factor de risco confirmado para o cancro\u201d que situaban nun lugar central a <strong>prevenci\u00f3n<\/strong>. Levar unha dieta equilibrada, rica en froitas e verduras, e practicar exercicio f\u00edsico \u00e9 fundamental. Ademais, desde o BECA animaron aos Estados membro a <strong>inclu\u00edr na atenci\u00f3n primaria programas integrais<\/strong> que acompa\u00f1en aos pacientes con obesidade na perda de peso de forma saudable e chamaron \u00e1 Comisi\u00f3n Europea a apoiar \u201ca investigaci\u00f3n e a innovaci\u00f3n relacionadas coa obesidade para describir a influencia de factores xen\u00e9ticos, a microbiota humana ou o estado psicol\u00f3xico, entre outros, sobre o peso corporal e explorar as intervenci\u00f3ns m\u00e1is eficaces en cada caso\u201d. <\/p>\n\n\n\n<p class=\"has-black-color has-text-color has-medium-font-size\">Co obxectivo de facer fronte a esta problem\u00e1tica, a OMS prop\u00f3n, entre outras medidas, implementar axudas p\u00fablicas aos alimentos saudables, aplicar un imposto \u00e1s medidas azucradas ou limitar a publicidade dos produtos m\u00e1is cal\u00f3ricos para nenos.<\/p>\n","protected":false},"excerpt":{"rendered":"<p>No marco do Congreso Europeo da Obesidade, a Organizaci\u00f3n Mundial da Sa\u00fade (OMS) presentaba este martes o seu \u00faltimo informe da obesidade en Europa, no que se constata que o 59% dos adultos e o 28% de menores europeos te\u00f1en sobrepeso u obesidade<\/p>\n","protected":false},"author":4,"featured_media":4113,"comment_status":"closed","ping_status":"closed","sticky":true,"template":"","format":"standard","meta":{"footnotes":""},"categories":[34,32,42],"tags":[348,369,403,65],"yoast_head":"<!-- This site is optimized with the Yoast SEO plugin v22.3 - https:\/\/yoast.com\/wordpress\/plugins\/seo\/ -->\n<title>Gonz\u00e1lez Casares participa no lanzamento do informe de obesidade da OMS en Europa - Nico G. Casares %<\/title>\n<meta name=\"description\" content=\"No marco do Congreso Europeo da Obesidade, a Organizaci\u00f3n Mundial da Sa\u00fade (OMS) presentaba este martes o seu \u00faltimo informe da obesidade en Europa, no que se constata que o 59% dos adultos e o 28% de menores europeos te\u00f1en sobrepeso u obesidade\" \/>\n<meta name=\"robots\" content=\"index, follow, max-snippet:-1, max-image-preview:large, max-video-preview:-1\" \/>\n<link rel=\"canonical\" href=\"https:\/\/nicogcasares.eu\/gl\/gonzalez-casares-participa-no-lanzamento-do-informe-de-obesidade-da-oms-en-europa\/\" \/>\n<meta property=\"og:locale\" content=\"gl_ES\" \/>\n<meta property=\"og:type\" content=\"article\" \/>\n<meta property=\"og:title\" content=\"Gonz\u00e1lez Casares participa no lanzamento do informe de obesidade da OMS en Europa\" \/>\n<meta property=\"og:description\" content=\"No marco do Congreso Europeo da Obesidade, a Organizaci\u00f3n Mundial da Sa\u00fade (OMS) presentaba este martes o seu \u00faltimo informe da obesidade en Europa, no que se constata que o 59% dos adultos e o 28% de menores europeos te\u00f1en sobrepeso u obesidade\" \/>\n<meta property=\"og:url\" content=\"https:\/\/nicogcasares.eu\/gl\/gonzalez-casares-participa-no-lanzamento-do-informe-de-obesidade-da-oms-en-europa\/\" \/>\n<meta property=\"og:site_name\" content=\"Nico G. Casares\" \/>\n<meta property=\"article:published_time\" content=\"2022-05-04T09:35:48+00:00\" \/>\n<meta property=\"article:modified_time\" content=\"2022-05-04T09:51:11+00:00\" \/>\n<meta property=\"og:image\" content=\"https:\/\/nicogcasares.eu\/wp-content\/uploads\/2022\/02\/6.jpg\" \/>\n\t<meta property=\"og:image:width\" content=\"1870\" \/>\n\t<meta property=\"og:image:height\" content=\"1255\" \/>\n\t<meta property=\"og:image:type\" content=\"image\/jpeg\" \/>\n<meta name=\"author\" content=\"Nicol\u00e1s Gonz\u00e1lez Casares\" \/>\n<meta name=\"twitter:card\" content=\"summary_large_image\" \/>\n<meta name=\"twitter:title\" content=\"Gonz\u00e1lez Casares participa no lanzamento do informe de obesidade da OMS en Europa\" \/>\n<meta name=\"twitter:description\" content=\"No marco do Congreso Europeo da Obesidade, a Organizaci\u00f3n Mundial da Sa\u00fade (OMS) presentaba este martes o seu \u00faltimo informe da obesidade en Europa, no que se constata que o 59% dos adultos e o 28% de menores europeos te\u00f1en sobrepeso u obesidade\" \/>\n<meta name=\"twitter:image\" content=\"https:\/\/nicogcasares.eu\/wp-content\/uploads\/2022\/02\/6.jpg\" \/>\n<meta name=\"twitter:creator\" content=\"@nicogoncas\" \/>\n<meta name=\"twitter:site\" content=\"@nicogoncas\" \/>\n<meta name=\"twitter:label1\" content=\"Escrito por\" \/>\n\t<meta name=\"twitter:data1\" content=\"Nicol\u00e1s Gonz\u00e1lez Casares\" \/>\n\t<meta name=\"twitter:label2\" content=\"Tempo de lectura\" \/>\n\t<meta name=\"twitter:data2\" content=\"2 minutos\" \/>\n<script type=\"application\/ld+json\" class=\"yoast-schema-graph\">{\"@context\":\"https:\/\/schema.org\",\"@graph\":[{\"@type\":\"Article\",\"@id\":\"https:\/\/nicogcasares.eu\/gl\/gonzalez-casares-participa-no-lanzamento-do-informe-de-obesidade-da-oms-en-europa\/#article\",\"isPartOf\":{\"@id\":\"https:\/\/nicogcasares.eu\/gl\/gonzalez-casares-participa-no-lanzamento-do-informe-de-obesidade-da-oms-en-europa\/\"},\"author\":{\"name\":\"Nicol\u00e1s Gonz\u00e1lez Casares\",\"@id\":\"https:\/\/nicogcasares.eu\/gl\/#\/schema\/person\/75361477143e596646d48598a3778163\"},\"headline\":\"Gonz\u00e1lez Casares participa no lanzamento do informe de obesidade da OMS en Europa\",\"datePublished\":\"2022-05-04T09:35:48+00:00\",\"dateModified\":\"2022-05-04T09:51:11+00:00\",\"mainEntityOfPage\":{\"@id\":\"https:\/\/nicogcasares.eu\/gl\/gonzalez-casares-participa-no-lanzamento-do-informe-de-obesidade-da-oms-en-europa\/\"},\"wordCount\":423,\"publisher\":{\"@id\":\"https:\/\/nicogcasares.eu\/gl\/#\/schema\/person\/75361477143e596646d48598a3778163\"},\"image\":{\"@id\":\"https:\/\/nicogcasares.eu\/gl\/gonzalez-casares-participa-no-lanzamento-do-informe-de-obesidade-da-oms-en-europa\/#primaryimage\"},\"thumbnailUrl\":\"https:\/\/nicogcasares.eu\/wp-content\/uploads\/2022\/03\/Nicolas-Gonzalez-Casares.-ERIC-VIDAL-PARLAMENTO-EUROPEO.jpg\",\"keywords\":[\"cancro\",\"Nicol\u00e1s Gonz\u00e1lez Casares\",\"obesidade\",\"sa\u00fade\"],\"articleSection\":[\"Actividade\",\"Novas\",\"Sa\u00fade\"],\"inLanguage\":\"gl-ES\"},{\"@type\":\"WebPage\",\"@id\":\"https:\/\/nicogcasares.eu\/gl\/gonzalez-casares-participa-no-lanzamento-do-informe-de-obesidade-da-oms-en-europa\/\",\"url\":\"https:\/\/nicogcasares.eu\/gl\/gonzalez-casares-participa-no-lanzamento-do-informe-de-obesidade-da-oms-en-europa\/\",\"name\":\"Gonz\u00e1lez Casares participa no lanzamento do informe de obesidade da OMS en Europa - Nico G. Casares %\",\"isPartOf\":{\"@id\":\"https:\/\/nicogcasares.eu\/gl\/#website\"},\"primaryImageOfPage\":{\"@id\":\"https:\/\/nicogcasares.eu\/gl\/gonzalez-casares-participa-no-lanzamento-do-informe-de-obesidade-da-oms-en-europa\/#primaryimage\"},\"image\":{\"@id\":\"https:\/\/nicogcasares.eu\/gl\/gonzalez-casares-participa-no-lanzamento-do-informe-de-obesidade-da-oms-en-europa\/#primaryimage\"},\"thumbnailUrl\":\"https:\/\/nicogcasares.eu\/wp-content\/uploads\/2022\/03\/Nicolas-Gonzalez-Casares.-ERIC-VIDAL-PARLAMENTO-EUROPEO.jpg\",\"datePublished\":\"2022-05-04T09:35:48+00:00\",\"dateModified\":\"2022-05-04T09:51:11+00:00\",\"description\":\"No marco do Congreso Europeo da Obesidade, a Organizaci\u00f3n Mundial da Sa\u00fade (OMS) presentaba este martes o seu \u00faltimo informe da obesidade en Europa, no que se constata que o 59% dos adultos e o 28% de menores europeos te\u00f1en sobrepeso u obesidade\",\"breadcrumb\":{\"@id\":\"https:\/\/nicogcasares.eu\/gl\/gonzalez-casares-participa-no-lanzamento-do-informe-de-obesidade-da-oms-en-europa\/#breadcrumb\"},\"inLanguage\":\"gl-ES\",\"potentialAction\":[{\"@type\":\"ReadAction\",\"target\":[\"https:\/\/nicogcasares.eu\/gl\/gonzalez-casares-participa-no-lanzamento-do-informe-de-obesidade-da-oms-en-europa\/\"]}]},{\"@type\":\"ImageObject\",\"inLanguage\":\"gl-ES\",\"@id\":\"https:\/\/nicogcasares.eu\/gl\/gonzalez-casares-participa-no-lanzamento-do-informe-de-obesidade-da-oms-en-europa\/#primaryimage\",\"url\":\"https:\/\/nicogcasares.eu\/wp-content\/uploads\/2022\/03\/Nicolas-Gonzalez-Casares.-ERIC-VIDAL-PARLAMENTO-EUROPEO.jpg\",\"contentUrl\":\"https:\/\/nicogcasares.eu\/wp-content\/uploads\/2022\/03\/Nicolas-Gonzalez-Casares.-ERIC-VIDAL-PARLAMENTO-EUROPEO.jpg\",\"width\":1919,\"height\":1277},{\"@type\":\"BreadcrumbList\",\"@id\":\"https:\/\/nicogcasares.eu\/gl\/gonzalez-casares-participa-no-lanzamento-do-informe-de-obesidade-da-oms-en-europa\/#breadcrumb\",\"itemListElement\":[{\"@type\":\"ListItem\",\"position\":1,\"name\":\"Portada\",\"item\":\"https:\/\/nicogcasares.eu\/gl\/\"},{\"@type\":\"ListItem\",\"position\":2,\"name\":\"Gonz\u00e1lez Casares participa no lanzamento do informe de obesidade da OMS en Europa\"}]},{\"@type\":\"WebSite\",\"@id\":\"https:\/\/nicogcasares.eu\/gl\/#website\",\"url\":\"https:\/\/nicogcasares.eu\/gl\/\",\"name\":\"Nico G. Casares\",\"description\":\"Diputado socialista en el parlamento europeo\",\"publisher\":{\"@id\":\"https:\/\/nicogcasares.eu\/gl\/#\/schema\/person\/75361477143e596646d48598a3778163\"},\"potentialAction\":[{\"@type\":\"SearchAction\",\"target\":{\"@type\":\"EntryPoint\",\"urlTemplate\":\"https:\/\/nicogcasares.eu\/gl\/?s={search_term_string}\"},\"query-input\":\"required name=search_term_string\"}],\"inLanguage\":\"gl-ES\"},{\"@type\":[\"Person\",\"Organization\"],\"@id\":\"https:\/\/nicogcasares.eu\/gl\/#\/schema\/person\/75361477143e596646d48598a3778163\",\"name\":\"Nicol\u00e1s Gonz\u00e1lez Casares\",\"image\":{\"@type\":\"ImageObject\",\"inLanguage\":\"gl-ES\",\"@id\":\"https:\/\/nicogcasares.eu\/gl\/#\/schema\/person\/image\/\",\"url\":\"https:\/\/nicogcasares.eu\/wp-content\/uploads\/2021\/11\/20211006_EP-119139A_FMA_0895_RESIZED_S.jpg\",\"contentUrl\":\"https:\/\/nicogcasares.eu\/wp-content\/uploads\/2021\/11\/20211006_EP-119139A_FMA_0895_RESIZED_S.jpg\",\"width\":639,\"height\":426,\"caption\":\"Nicol\u00e1s Gonz\u00e1lez Casares\"},\"logo\":{\"@id\":\"https:\/\/nicogcasares.eu\/gl\/#\/schema\/person\/image\/\"},\"url\":\"https:\/\/nicogcasares.eu\/gl\/author\/nico\/\"}]}<\/script>\n<!-- \/ Yoast SEO plugin. -->","yoast_head_json":{"title":"Gonz\u00e1lez Casares participa no lanzamento do informe de obesidade da OMS en Europa - Nico G. Casares %","description":"No marco do Congreso Europeo da Obesidade, a Organizaci\u00f3n Mundial da Sa\u00fade (OMS) presentaba este martes o seu \u00faltimo informe da obesidade en Europa, no que se constata que o 59% dos adultos e o 28% de menores europeos te\u00f1en sobrepeso u obesidade","robots":{"index":"index","follow":"follow","max-snippet":"max-snippet:-1","max-image-preview":"max-image-preview:large","max-video-preview":"max-video-preview:-1"},"canonical":"https:\/\/nicogcasares.eu\/gl\/gonzalez-casares-participa-no-lanzamento-do-informe-de-obesidade-da-oms-en-europa\/","og_locale":"gl_ES","og_type":"article","og_title":"Gonz\u00e1lez Casares participa no lanzamento do informe de obesidade da OMS en Europa","og_description":"No marco do Congreso Europeo da Obesidade, a Organizaci\u00f3n Mundial da Sa\u00fade (OMS) presentaba este martes o seu \u00faltimo informe da obesidade en Europa, no que se constata que o 59% dos adultos e o 28% de menores europeos te\u00f1en sobrepeso u obesidade","og_url":"https:\/\/nicogcasares.eu\/gl\/gonzalez-casares-participa-no-lanzamento-do-informe-de-obesidade-da-oms-en-europa\/","og_site_name":"Nico G. Casares","article_published_time":"2022-05-04T09:35:48+00:00","article_modified_time":"2022-05-04T09:51:11+00:00","og_image":[{"width":1870,"height":1255,"url":"https:\/\/nicogcasares.eu\/wp-content\/uploads\/2022\/02\/6.jpg","type":"image\/jpeg"}],"author":"Nicol\u00e1s Gonz\u00e1lez Casares","twitter_card":"summary_large_image","twitter_title":"Gonz\u00e1lez Casares participa no lanzamento do informe de obesidade da OMS en Europa","twitter_description":"No marco do Congreso Europeo da Obesidade, a Organizaci\u00f3n Mundial da Sa\u00fade (OMS) presentaba este martes o seu \u00faltimo informe da obesidade en Europa, no que se constata que o 59% dos adultos e o 28% de menores europeos te\u00f1en sobrepeso u obesidade","twitter_image":"https:\/\/nicogcasares.eu\/wp-content\/uploads\/2022\/02\/6.jpg","twitter_creator":"@nicogoncas","twitter_site":"@nicogoncas","twitter_misc":{"Escrito por":"Nicol\u00e1s Gonz\u00e1lez Casares","Tempo de lectura":"2 minutos"},"schema":{"@context":"https:\/\/schema.org","@graph":[{"@type":"Article","@id":"https:\/\/nicogcasares.eu\/gl\/gonzalez-casares-participa-no-lanzamento-do-informe-de-obesidade-da-oms-en-europa\/#article","isPartOf":{"@id":"https:\/\/nicogcasares.eu\/gl\/gonzalez-casares-participa-no-lanzamento-do-informe-de-obesidade-da-oms-en-europa\/"},"author":{"name":"Nicol\u00e1s Gonz\u00e1lez Casares","@id":"https:\/\/nicogcasares.eu\/gl\/#\/schema\/person\/75361477143e596646d48598a3778163"},"headline":"Gonz\u00e1lez Casares participa no lanzamento do informe de obesidade da OMS en Europa","datePublished":"2022-05-04T09:35:48+00:00","dateModified":"2022-05-04T09:51:11+00:00","mainEntityOfPage":{"@id":"https:\/\/nicogcasares.eu\/gl\/gonzalez-casares-participa-no-lanzamento-do-informe-de-obesidade-da-oms-en-europa\/"},"wordCount":423,"publisher":{"@id":"https:\/\/nicogcasares.eu\/gl\/#\/schema\/person\/75361477143e596646d48598a3778163"},"image":{"@id":"https:\/\/nicogcasares.eu\/gl\/gonzalez-casares-participa-no-lanzamento-do-informe-de-obesidade-da-oms-en-europa\/#primaryimage"},"thumbnailUrl":"https:\/\/nicogcasares.eu\/wp-content\/uploads\/2022\/03\/Nicolas-Gonzalez-Casares.-ERIC-VIDAL-PARLAMENTO-EUROPEO.jpg","keywords":["cancro","Nicol\u00e1s Gonz\u00e1lez Casares","obesidade","sa\u00fade"],"articleSection":["Actividade","Novas","Sa\u00fade"],"inLanguage":"gl-ES"},{"@type":"WebPage","@id":"https:\/\/nicogcasares.eu\/gl\/gonzalez-casares-participa-no-lanzamento-do-informe-de-obesidade-da-oms-en-europa\/","url":"https:\/\/nicogcasares.eu\/gl\/gonzalez-casares-participa-no-lanzamento-do-informe-de-obesidade-da-oms-en-europa\/","name":"Gonz\u00e1lez Casares participa no lanzamento do informe de obesidade da OMS en Europa - Nico G. Casares %","isPartOf":{"@id":"https:\/\/nicogcasares.eu\/gl\/#website"},"primaryImageOfPage":{"@id":"https:\/\/nicogcasares.eu\/gl\/gonzalez-casares-participa-no-lanzamento-do-informe-de-obesidade-da-oms-en-europa\/#primaryimage"},"image":{"@id":"https:\/\/nicogcasares.eu\/gl\/gonzalez-casares-participa-no-lanzamento-do-informe-de-obesidade-da-oms-en-europa\/#primaryimage"},"thumbnailUrl":"https:\/\/nicogcasares.eu\/wp-content\/uploads\/2022\/03\/Nicolas-Gonzalez-Casares.-ERIC-VIDAL-PARLAMENTO-EUROPEO.jpg","datePublished":"2022-05-04T09:35:48+00:00","dateModified":"2022-05-04T09:51:11+00:00","description":"No marco do Congreso Europeo da Obesidade, a Organizaci\u00f3n Mundial da Sa\u00fade (OMS) presentaba este martes o seu \u00faltimo informe da obesidade en Europa, no que se constata que o 59% dos adultos e o 28% de menores europeos te\u00f1en sobrepeso u obesidade","breadcrumb":{"@id":"https:\/\/nicogcasares.eu\/gl\/gonzalez-casares-participa-no-lanzamento-do-informe-de-obesidade-da-oms-en-europa\/#breadcrumb"},"inLanguage":"gl-ES","potentialAction":[{"@type":"ReadAction","target":["https:\/\/nicogcasares.eu\/gl\/gonzalez-casares-participa-no-lanzamento-do-informe-de-obesidade-da-oms-en-europa\/"]}]},{"@type":"ImageObject","inLanguage":"gl-ES","@id":"https:\/\/nicogcasares.eu\/gl\/gonzalez-casares-participa-no-lanzamento-do-informe-de-obesidade-da-oms-en-europa\/#primaryimage","url":"https:\/\/nicogcasares.eu\/wp-content\/uploads\/2022\/03\/Nicolas-Gonzalez-Casares.-ERIC-VIDAL-PARLAMENTO-EUROPEO.jpg","contentUrl":"https:\/\/nicogcasares.eu\/wp-content\/uploads\/2022\/03\/Nicolas-Gonzalez-Casares.-ERIC-VIDAL-PARLAMENTO-EUROPEO.jpg","width":1919,"height":1277},{"@type":"BreadcrumbList","@id":"https:\/\/nicogcasares.eu\/gl\/gonzalez-casares-participa-no-lanzamento-do-informe-de-obesidade-da-oms-en-europa\/#breadcrumb","itemListElement":[{"@type":"ListItem","position":1,"name":"Portada","item":"https:\/\/nicogcasares.eu\/gl\/"},{"@type":"ListItem","position":2,"name":"Gonz\u00e1lez Casares participa no lanzamento do informe de obesidade da OMS en Europa"}]},{"@type":"WebSite","@id":"https:\/\/nicogcasares.eu\/gl\/#website","url":"https:\/\/nicogcasares.eu\/gl\/","name":"Nico G. Casares","description":"Diputado socialista en el parlamento europeo","publisher":{"@id":"https:\/\/nicogcasares.eu\/gl\/#\/schema\/person\/75361477143e596646d48598a3778163"},"potentialAction":[{"@type":"SearchAction","target":{"@type":"EntryPoint","urlTemplate":"https:\/\/nicogcasares.eu\/gl\/?s={search_term_string}"},"query-input":"required name=search_term_string"}],"inLanguage":"gl-ES"},{"@type":["Person","Organization"],"@id":"https:\/\/nicogcasares.eu\/gl\/#\/schema\/person\/75361477143e596646d48598a3778163","name":"Nicol\u00e1s Gonz\u00e1lez Casares","image":{"@type":"ImageObject","inLanguage":"gl-ES","@id":"https:\/\/nicogcasares.eu\/gl\/#\/schema\/person\/image\/","url":"https:\/\/nicogcasares.eu\/wp-content\/uploads\/2021\/11\/20211006_EP-119139A_FMA_0895_RESIZED_S.jpg","contentUrl":"https:\/\/nicogcasares.eu\/wp-content\/uploads\/2021\/11\/20211006_EP-119139A_FMA_0895_RESIZED_S.jpg","width":639,"height":426,"caption":"Nicol\u00e1s Gonz\u00e1lez Casares"},"logo":{"@id":"https:\/\/nicogcasares.eu\/gl\/#\/schema\/person\/image\/"},"url":"https:\/\/nicogcasares.eu\/gl\/author\/nico\/"}]}},"_links":{"self":[{"href":"https:\/\/nicogcasares.eu\/gl\/wp-json\/wp\/v2\/posts\/4322"}],"collection":[{"href":"https:\/\/nicogcasares.eu\/gl\/wp-json\/wp\/v2\/posts"}],"about":[{"href":"https:\/\/nicogcasares.eu\/gl\/wp-json\/wp\/v2\/types\/post"}],"author":[{"embeddable":true,"href":"https:\/\/nicogcasares.eu\/gl\/wp-json\/wp\/v2\/users\/4"}],"replies":[{"embeddable":true,"href":"https:\/\/nicogcasares.eu\/gl\/wp-json\/wp\/v2\/comments?post=4322"}],"version-history":[{"count":2,"href":"https:\/\/nicogcasares.eu\/gl\/wp-json\/wp\/v2\/posts\/4322\/revisions"}],"predecessor-version":[{"id":4325,"href":"https:\/\/nicogcasares.eu\/gl\/wp-json\/wp\/v2\/posts\/4322\/revisions\/4325"}],"wp:featuredmedia":[{"embeddable":true,"href":"https:\/\/nicogcasares.eu\/gl\/wp-json\/wp\/v2\/media\/4113"}],"wp:attachment":[{"href":"https:\/\/nicogcasares.eu\/gl\/wp-json\/wp\/v2\/media?parent=4322"}],"wp:term":[{"taxonomy":"category","embeddable":true,"href":"https:\/\/nicogcasares.eu\/gl\/wp-json\/wp\/v2\/categories?post=4322"},{"taxonomy":"post_tag","embeddable":true,"href":"https:\/\/nicogcasares.eu\/gl\/wp-json\/wp\/v2\/tags?post=4322"}],"curies":[{"name":"wp","href":"https:\/\/api.w.org\/{rel}","templated":true}]}}