{"id":4347,"date":"2022-05-09T11:58:42","date_gmt":"2022-05-09T09:58:42","guid":{"rendered":"https:\/\/nicogcasares.eu\/?p=4347"},"modified":"2022-05-09T12:09:39","modified_gmt":"2022-05-09T10:09:39","slug":"resolucion-do-comite-nacional-galego-polo-dia-de-europa","status":"publish","type":"post","link":"https:\/\/nicogcasares.eu\/gl\/resolucion-do-comite-nacional-galego-polo-dia-de-europa\/","title":{"rendered":"Resoluci\u00f3n do Comit\u00e9 Nacional Galego polo D\u00eda de Europa"},"content":{"rendered":"\n<p class=\"has-black-color has-text-color has-medium-font-size\">Hai un ano, inici\u00e1banse os traballos da <strong>Conferencia Sobre o Futuro de Europa<\/strong>, un marco para que a cidadan\u00eda europea debuxara un futuro compartido desexado. Un ano despois, ese traballo deu os seus froitos en forma de 300 recomendaci\u00f3ns que marcan o cami\u00f1o a seguir para dar novos azos ao <strong>proxecto de construci\u00f3n europea<\/strong>: m\u00e1is igualdade, m\u00e1is sustentabilidade. Ante a conmemoraci\u00f3n do d\u00eda 9 de Maio do <strong>D\u00eda de Europa<\/strong>, os e as socialistas de Galicia manifestamos o noso apoio a estas recomendaci\u00f3ns e o noso compromiso para facer realidade unha Europa m\u00e1is igual, m\u00e1is xusta e m\u00e1is solidaria. <\/p>\n\n\n\n<p class=\"has-black-color has-text-color has-medium-font-size\">Esta Conferencia \u00e9 a mostra do compromiso inequ\u00edvoco da cidadan\u00eda europea co futuro do proxecto com\u00fan e da necesidade de reforzar a implicaci\u00f3n cidad\u00e1 nos asuntos p\u00fablicos. Cando a pol\u00edtica institucional e as preocupaci\u00f3ns da cidadan\u00eda latexan ao ritmo das s\u00faas prioridades, o proxecto europeo ref\u00f3rzase, Europa cobra altura. <\/p>\n\n\n\n<p class=\"has-black-color has-text-color has-medium-font-size\">Nun momento en que reverdecen as pulsi\u00f3ns nacionalistas e autoritarias, antag\u00f3nicas dos principios fundacionais recollidos no Tratado de Roma, no que as pantasmas b\u00e9licas do pasado volven asolar o territorio europeo a causa da agresi\u00f3n militar rusa \u00e1 Ucra\u00edna, coa perda de vidas de inocentes e mill\u00f3ns de desprazados, urxe dar un novo pulo a un proxecto europeo de futuro que garanta o progreso econ\u00f3mico e social dos territorios e pobos que integran Europa. <\/p>\n\n\n\n<p class=\"has-black-color has-text-color has-medium-font-size\">Esa \u00e9 a Europa que os e as socialistas de Galicia ambicionamos: unha Europa, que corrixa as desigualdades, unha Europa que non deixe a ningu\u00e9n abandonado \u00e1 s\u00faa sorte nas d\u00faas grandes transici\u00f3ns que enfrontamos, a ecol\u00f3xica e a dixital, unha Europa que garanta a seguridade e o benestar dos seus cidad\u00e1ns nun contexto no que reverdecen as tensi\u00f3ns xeoestrat\u00e9xicas. <\/p>\n\n\n\n<p class=\"has-black-color has-text-color has-medium-font-size\"><strong>Nun contexto de incertezas, m\u00e1is que nunca, Europa \u00e9 a resposta. <\/strong><\/p>\n\n\n\n<p class=\"has-black-color has-text-color has-medium-font-size\">Europa foi a resposta ante a pandemia provocada polo coronavirus COVID-19. Ante o embate do virus, a resposta europea, liderada polo Goberno Socialista de Espa\u00f1a, adoptou un cami\u00f1o diametralmente oposto ao da austeridade suicida percorrido na crise de 2008, apostando pola maior mobilizaci\u00f3n orzamentaria da s\u00faa historia a trav\u00e9s do novo marco financeiro plurianual 2021- 2027 e os fondos Next Generation EU. Onde antes houbo austeridade, agora hai solidariedade.<\/p>\n\n\n\n<p class=\"has-black-color has-text-color has-medium-font-size\">Unha resposta que permitiu impulsar un programa com\u00fan de vacinaci\u00f3n que garantiu un acceso e reparto equitativo do conxunto dos Estados membros \u00e1s vacinas. Unha resposta que achegou fondos adicionais que permitiron reforzar a resposta dos servizos sanitarios galegos durante a pandemia, a trav\u00e9s do programa REACT. Unha resposta que, a trav\u00e9s da captaci\u00f3n de fondos Next Generation, debe permitir a Galicia desenvolver estratexias de crecemento e converxencia para afrontar o cambio de modelo produtivo, tan necesario tras anos de par\u00e1lise dos Gobernos do Partido Popular. <\/p>\n\n\n\n<p class=\"has-black-color has-text-color has-medium-font-size\">Europa tam\u00e9n est\u00e1 a ser a resposta ante a agresi\u00f3n da Rusia de Putin. Dunha banda, mediante o apoio ao pobo ucra\u00edno a trav\u00e9s da adopci\u00f3n de sanci\u00f3ns econ\u00f3micas inimaxinables hai tan s\u00f3 uns meses e o illamento internacional ruso, pero tam\u00e9n da axuda armament\u00edstica para facer fronte \u00e1 agresi\u00f3n. <\/p>\n\n\n\n<p class=\"has-black-color has-text-color has-medium-font-size\">Doutra banda, mediante a adopci\u00f3n de medidas para facer fronte \u00e1s consecuencias econ\u00f3micas da guerra, nomeadamente nos sectores da agricultura e da pesca, pero con atenci\u00f3n especial no \u00e1mbito enerx\u00e9tico onde, unha vez m\u00e1is, o Goberno Socialista de Espa\u00f1a marca o paso de Europa a trav\u00e9s da excepci\u00f3n ib\u00e9rica que permitir\u00e1 abaratar a factura el\u00e9ctrica mediante a limitaci\u00f3n dos prezos do gas mentres cami\u00f1amos cara un modelo sustentado en enerx\u00edas renovables. <\/p>\n\n\n\n<p class=\"has-black-color has-text-color has-medium-font-size\">O cambio impulsado polos socialistas na resposta europea a estas crises \u00e9 a mostra de que outra Europa \u00e9 posible: <\/p>\n\n\n\n<ul><li><strong>a Europa da Sa\u00fade<\/strong>, que, aprendendo as lecci\u00f3ns da pandemia, dea un paso ao fronte para garantir o acceso de toda a cidadan\u00eda europea a unha atenci\u00f3n sanitaria de calidade <\/li><li><strong>a Europa social<\/strong>, mediante o desenvolvemento do Piar Social que garante un salario m\u00ednimo europeo, acceso \u00e1 vivenda, o reforzo das garant\u00edas infantil e xuvenil e o progreso social po\u00f1endo en p\u00e9 de igualdade os obxectivos de emprego e igualdade <\/li><li><strong>a Europa Sustentable<\/strong>, que partindo do Pacto Verde europeo, aproveite o maior investimento da s\u00faa historia para reforzar o seu tecido produtivo e reorientalo cara a un modelo de sociedade m\u00e1is sustentable, capaz de garantir o modelo de benestar europeo desde o respecto aos l\u00edmites do planeta <\/li><\/ul>\n\n\n\n<p class=\"has-black-color has-text-color has-medium-font-size\"><strong>O PSdeG-PSOE, como o partido de maior convicci\u00f3n europe\u00edsta do arco pol\u00edtico galego, seguir\u00e1 a exercer como o principal interlocutor pol\u00edtico de Galicia nas instituci\u00f3ns europeas<\/strong> e traballar\u00e1 activamente nas mesmas para constru\u00edr a Europa que o conxunto das galegas e dos galegos ambicionamos.<\/p>\n","protected":false},"excerpt":{"rendered":"<p>Hai un ano, inici\u00e1banse os traballos da Conferencia Sobre o Futuro de Europa, un marco para que a cidadan\u00eda europea debuxara un futuro compartido desexado<\/p>\n","protected":false},"author":4,"featured_media":4351,"comment_status":"closed","ping_status":"closed","sticky":true,"template":"","format":"standard","meta":{"footnotes":""},"categories":[34,32],"tags":[345,160,357,407,65,76],"yoast_head":"<!-- This site is optimized with the Yoast SEO plugin v22.3 - https:\/\/yoast.com\/wordpress\/plugins\/seo\/ -->\n<title>Resoluci\u00f3n do Comit\u00e9 Nacional Galego polo D\u00eda de Europa - Nico G. Casares %<\/title>\n<meta name=\"description\" content=\"Hai un ano, inici\u00e1banse os traballos da Conferencia Sobre o Futuro de Europa, un marco para que a cidadan\u00eda europea debuxara un futuro compartido desexado\" \/>\n<meta name=\"robots\" content=\"index, follow, max-snippet:-1, max-image-preview:large, max-video-preview:-1\" \/>\n<link rel=\"canonical\" href=\"https:\/\/nicogcasares.eu\/gl\/resolucion-do-comite-nacional-galego-polo-dia-de-europa\/\" \/>\n<meta property=\"og:locale\" content=\"gl_ES\" \/>\n<meta property=\"og:type\" content=\"article\" \/>\n<meta property=\"og:title\" content=\"Resoluci\u00f3n do Comit\u00e9 Nacional Galego polo D\u00eda de Europa\" \/>\n<meta property=\"og:description\" content=\"Hai un ano, inici\u00e1banse os traballos da Conferencia Sobre o Futuro de Europa, un marco para que a cidadan\u00eda europea debuxara un futuro compartido desexado\" \/>\n<meta property=\"og:url\" content=\"https:\/\/nicogcasares.eu\/gl\/resolucion-do-comite-nacional-galego-polo-dia-de-europa\/\" \/>\n<meta property=\"og:site_name\" content=\"Nico G. Casares\" \/>\n<meta property=\"article:published_time\" content=\"2022-05-09T09:58:42+00:00\" \/>\n<meta property=\"article:modified_time\" content=\"2022-05-09T10:09:39+00:00\" \/>\n<meta property=\"og:image\" content=\"https:\/\/nicogcasares.eu\/wp-content\/uploads\/2022\/05\/Dia-de-Europa.jpg\" \/>\n\t<meta property=\"og:image:width\" content=\"2047\" \/>\n\t<meta property=\"og:image:height\" content=\"2013\" \/>\n\t<meta property=\"og:image:type\" content=\"image\/jpeg\" \/>\n<meta name=\"author\" content=\"Nicol\u00e1s Gonz\u00e1lez Casares\" \/>\n<meta name=\"twitter:card\" content=\"summary_large_image\" \/>\n<meta name=\"twitter:title\" content=\"Resoluci\u00f3n do Comit\u00e9 Nacional Galego polo D\u00eda de Europa\" \/>\n<meta name=\"twitter:description\" content=\"Hai un ano, inici\u00e1banse os traballos da Conferencia Sobre o Futuro de Europa, un marco para que a cidadan\u00eda europea debuxara un futuro compartido desexado\" \/>\n<meta name=\"twitter:image\" content=\"https:\/\/nicogcasares.eu\/wp-content\/uploads\/2022\/05\/Dia-de-Europa.jpg\" \/>\n<meta name=\"twitter:creator\" content=\"@nicogoncas\" \/>\n<meta name=\"twitter:site\" content=\"@nicogoncas\" \/>\n<meta name=\"twitter:label1\" content=\"Escrito por\" \/>\n\t<meta name=\"twitter:data1\" content=\"Nicol\u00e1s Gonz\u00e1lez Casares\" \/>\n\t<meta name=\"twitter:label2\" content=\"Tempo de lectura\" \/>\n\t<meta name=\"twitter:data2\" content=\"4 minutos\" \/>\n<script type=\"application\/ld+json\" class=\"yoast-schema-graph\">{\"@context\":\"https:\/\/schema.org\",\"@graph\":[{\"@type\":\"Article\",\"@id\":\"https:\/\/nicogcasares.eu\/gl\/resolucion-do-comite-nacional-galego-polo-dia-de-europa\/#article\",\"isPartOf\":{\"@id\":\"https:\/\/nicogcasares.eu\/gl\/resolucion-do-comite-nacional-galego-polo-dia-de-europa\/\"},\"author\":{\"name\":\"Nicol\u00e1s Gonz\u00e1lez Casares\",\"@id\":\"https:\/\/nicogcasares.eu\/gl\/#\/schema\/person\/75361477143e596646d48598a3778163\"},\"headline\":\"Resoluci\u00f3n do Comit\u00e9 Nacional Galego polo D\u00eda de Europa\",\"datePublished\":\"2022-05-09T09:58:42+00:00\",\"dateModified\":\"2022-05-09T10:09:39+00:00\",\"mainEntityOfPage\":{\"@id\":\"https:\/\/nicogcasares.eu\/gl\/resolucion-do-comite-nacional-galego-polo-dia-de-europa\/\"},\"wordCount\":838,\"publisher\":{\"@id\":\"https:\/\/nicogcasares.eu\/gl\/#\/schema\/person\/75361477143e596646d48598a3778163\"},\"image\":{\"@id\":\"https:\/\/nicogcasares.eu\/gl\/resolucion-do-comite-nacional-galego-polo-dia-de-europa\/#primaryimage\"},\"thumbnailUrl\":\"https:\/\/nicogcasares.eu\/wp-content\/uploads\/2022\/05\/Dia-de-Europa.jpg\",\"keywords\":[\"enerx\u00eda\",\"Europa\",\"Nicol\u00e1s Gonz\u00e1lez Casares\",\"PSdeG\",\"sa\u00fade\",\"Uni\u00f3n Europea\"],\"articleSection\":[\"Actividade\",\"Novas\"],\"inLanguage\":\"gl-ES\"},{\"@type\":\"WebPage\",\"@id\":\"https:\/\/nicogcasares.eu\/gl\/resolucion-do-comite-nacional-galego-polo-dia-de-europa\/\",\"url\":\"https:\/\/nicogcasares.eu\/gl\/resolucion-do-comite-nacional-galego-polo-dia-de-europa\/\",\"name\":\"Resoluci\u00f3n do Comit\u00e9 Nacional Galego polo D\u00eda de Europa - Nico G. Casares %\",\"isPartOf\":{\"@id\":\"https:\/\/nicogcasares.eu\/gl\/#website\"},\"primaryImageOfPage\":{\"@id\":\"https:\/\/nicogcasares.eu\/gl\/resolucion-do-comite-nacional-galego-polo-dia-de-europa\/#primaryimage\"},\"image\":{\"@id\":\"https:\/\/nicogcasares.eu\/gl\/resolucion-do-comite-nacional-galego-polo-dia-de-europa\/#primaryimage\"},\"thumbnailUrl\":\"https:\/\/nicogcasares.eu\/wp-content\/uploads\/2022\/05\/Dia-de-Europa.jpg\",\"datePublished\":\"2022-05-09T09:58:42+00:00\",\"dateModified\":\"2022-05-09T10:09:39+00:00\",\"description\":\"Hai un ano, inici\u00e1banse os traballos da Conferencia Sobre o Futuro de Europa, un marco para que a cidadan\u00eda europea debuxara un futuro compartido desexado\",\"breadcrumb\":{\"@id\":\"https:\/\/nicogcasares.eu\/gl\/resolucion-do-comite-nacional-galego-polo-dia-de-europa\/#breadcrumb\"},\"inLanguage\":\"gl-ES\",\"potentialAction\":[{\"@type\":\"ReadAction\",\"target\":[\"https:\/\/nicogcasares.eu\/gl\/resolucion-do-comite-nacional-galego-polo-dia-de-europa\/\"]}]},{\"@type\":\"ImageObject\",\"inLanguage\":\"gl-ES\",\"@id\":\"https:\/\/nicogcasares.eu\/gl\/resolucion-do-comite-nacional-galego-polo-dia-de-europa\/#primaryimage\",\"url\":\"https:\/\/nicogcasares.eu\/wp-content\/uploads\/2022\/05\/Dia-de-Europa.jpg\",\"contentUrl\":\"https:\/\/nicogcasares.eu\/wp-content\/uploads\/2022\/05\/Dia-de-Europa.jpg\",\"width\":2047,\"height\":2013},{\"@type\":\"BreadcrumbList\",\"@id\":\"https:\/\/nicogcasares.eu\/gl\/resolucion-do-comite-nacional-galego-polo-dia-de-europa\/#breadcrumb\",\"itemListElement\":[{\"@type\":\"ListItem\",\"position\":1,\"name\":\"Portada\",\"item\":\"https:\/\/nicogcasares.eu\/gl\/\"},{\"@type\":\"ListItem\",\"position\":2,\"name\":\"Resoluci\u00f3n do Comit\u00e9 Nacional Galego polo D\u00eda de Europa\"}]},{\"@type\":\"WebSite\",\"@id\":\"https:\/\/nicogcasares.eu\/gl\/#website\",\"url\":\"https:\/\/nicogcasares.eu\/gl\/\",\"name\":\"Nico G. Casares\",\"description\":\"Diputado socialista en el parlamento europeo\",\"publisher\":{\"@id\":\"https:\/\/nicogcasares.eu\/gl\/#\/schema\/person\/75361477143e596646d48598a3778163\"},\"potentialAction\":[{\"@type\":\"SearchAction\",\"target\":{\"@type\":\"EntryPoint\",\"urlTemplate\":\"https:\/\/nicogcasares.eu\/gl\/?s={search_term_string}\"},\"query-input\":\"required name=search_term_string\"}],\"inLanguage\":\"gl-ES\"},{\"@type\":[\"Person\",\"Organization\"],\"@id\":\"https:\/\/nicogcasares.eu\/gl\/#\/schema\/person\/75361477143e596646d48598a3778163\",\"name\":\"Nicol\u00e1s Gonz\u00e1lez Casares\",\"image\":{\"@type\":\"ImageObject\",\"inLanguage\":\"gl-ES\",\"@id\":\"https:\/\/nicogcasares.eu\/gl\/#\/schema\/person\/image\/\",\"url\":\"https:\/\/nicogcasares.eu\/wp-content\/uploads\/2021\/11\/20211006_EP-119139A_FMA_0895_RESIZED_S.jpg\",\"contentUrl\":\"https:\/\/nicogcasares.eu\/wp-content\/uploads\/2021\/11\/20211006_EP-119139A_FMA_0895_RESIZED_S.jpg\",\"width\":639,\"height\":426,\"caption\":\"Nicol\u00e1s Gonz\u00e1lez Casares\"},\"logo\":{\"@id\":\"https:\/\/nicogcasares.eu\/gl\/#\/schema\/person\/image\/\"},\"url\":\"https:\/\/nicogcasares.eu\/gl\/author\/nico\/\"}]}<\/script>\n<!-- \/ Yoast SEO plugin. -->","yoast_head_json":{"title":"Resoluci\u00f3n do Comit\u00e9 Nacional Galego polo D\u00eda de Europa - Nico G. Casares %","description":"Hai un ano, inici\u00e1banse os traballos da Conferencia Sobre o Futuro de Europa, un marco para que a cidadan\u00eda europea debuxara un futuro compartido desexado","robots":{"index":"index","follow":"follow","max-snippet":"max-snippet:-1","max-image-preview":"max-image-preview:large","max-video-preview":"max-video-preview:-1"},"canonical":"https:\/\/nicogcasares.eu\/gl\/resolucion-do-comite-nacional-galego-polo-dia-de-europa\/","og_locale":"gl_ES","og_type":"article","og_title":"Resoluci\u00f3n do Comit\u00e9 Nacional Galego polo D\u00eda de Europa","og_description":"Hai un ano, inici\u00e1banse os traballos da Conferencia Sobre o Futuro de Europa, un marco para que a cidadan\u00eda europea debuxara un futuro compartido desexado","og_url":"https:\/\/nicogcasares.eu\/gl\/resolucion-do-comite-nacional-galego-polo-dia-de-europa\/","og_site_name":"Nico G. Casares","article_published_time":"2022-05-09T09:58:42+00:00","article_modified_time":"2022-05-09T10:09:39+00:00","og_image":[{"width":2047,"height":2013,"url":"https:\/\/nicogcasares.eu\/wp-content\/uploads\/2022\/05\/Dia-de-Europa.jpg","type":"image\/jpeg"}],"author":"Nicol\u00e1s Gonz\u00e1lez Casares","twitter_card":"summary_large_image","twitter_title":"Resoluci\u00f3n do Comit\u00e9 Nacional Galego polo D\u00eda de Europa","twitter_description":"Hai un ano, inici\u00e1banse os traballos da Conferencia Sobre o Futuro de Europa, un marco para que a cidadan\u00eda europea debuxara un futuro compartido desexado","twitter_image":"https:\/\/nicogcasares.eu\/wp-content\/uploads\/2022\/05\/Dia-de-Europa.jpg","twitter_creator":"@nicogoncas","twitter_site":"@nicogoncas","twitter_misc":{"Escrito por":"Nicol\u00e1s Gonz\u00e1lez Casares","Tempo de lectura":"4 minutos"},"schema":{"@context":"https:\/\/schema.org","@graph":[{"@type":"Article","@id":"https:\/\/nicogcasares.eu\/gl\/resolucion-do-comite-nacional-galego-polo-dia-de-europa\/#article","isPartOf":{"@id":"https:\/\/nicogcasares.eu\/gl\/resolucion-do-comite-nacional-galego-polo-dia-de-europa\/"},"author":{"name":"Nicol\u00e1s Gonz\u00e1lez Casares","@id":"https:\/\/nicogcasares.eu\/gl\/#\/schema\/person\/75361477143e596646d48598a3778163"},"headline":"Resoluci\u00f3n do Comit\u00e9 Nacional Galego polo D\u00eda de Europa","datePublished":"2022-05-09T09:58:42+00:00","dateModified":"2022-05-09T10:09:39+00:00","mainEntityOfPage":{"@id":"https:\/\/nicogcasares.eu\/gl\/resolucion-do-comite-nacional-galego-polo-dia-de-europa\/"},"wordCount":838,"publisher":{"@id":"https:\/\/nicogcasares.eu\/gl\/#\/schema\/person\/75361477143e596646d48598a3778163"},"image":{"@id":"https:\/\/nicogcasares.eu\/gl\/resolucion-do-comite-nacional-galego-polo-dia-de-europa\/#primaryimage"},"thumbnailUrl":"https:\/\/nicogcasares.eu\/wp-content\/uploads\/2022\/05\/Dia-de-Europa.jpg","keywords":["enerx\u00eda","Europa","Nicol\u00e1s Gonz\u00e1lez Casares","PSdeG","sa\u00fade","Uni\u00f3n Europea"],"articleSection":["Actividade","Novas"],"inLanguage":"gl-ES"},{"@type":"WebPage","@id":"https:\/\/nicogcasares.eu\/gl\/resolucion-do-comite-nacional-galego-polo-dia-de-europa\/","url":"https:\/\/nicogcasares.eu\/gl\/resolucion-do-comite-nacional-galego-polo-dia-de-europa\/","name":"Resoluci\u00f3n do Comit\u00e9 Nacional Galego polo D\u00eda de Europa - Nico G. Casares %","isPartOf":{"@id":"https:\/\/nicogcasares.eu\/gl\/#website"},"primaryImageOfPage":{"@id":"https:\/\/nicogcasares.eu\/gl\/resolucion-do-comite-nacional-galego-polo-dia-de-europa\/#primaryimage"},"image":{"@id":"https:\/\/nicogcasares.eu\/gl\/resolucion-do-comite-nacional-galego-polo-dia-de-europa\/#primaryimage"},"thumbnailUrl":"https:\/\/nicogcasares.eu\/wp-content\/uploads\/2022\/05\/Dia-de-Europa.jpg","datePublished":"2022-05-09T09:58:42+00:00","dateModified":"2022-05-09T10:09:39+00:00","description":"Hai un ano, inici\u00e1banse os traballos da Conferencia Sobre o Futuro de Europa, un marco para que a cidadan\u00eda europea debuxara un futuro compartido desexado","breadcrumb":{"@id":"https:\/\/nicogcasares.eu\/gl\/resolucion-do-comite-nacional-galego-polo-dia-de-europa\/#breadcrumb"},"inLanguage":"gl-ES","potentialAction":[{"@type":"ReadAction","target":["https:\/\/nicogcasares.eu\/gl\/resolucion-do-comite-nacional-galego-polo-dia-de-europa\/"]}]},{"@type":"ImageObject","inLanguage":"gl-ES","@id":"https:\/\/nicogcasares.eu\/gl\/resolucion-do-comite-nacional-galego-polo-dia-de-europa\/#primaryimage","url":"https:\/\/nicogcasares.eu\/wp-content\/uploads\/2022\/05\/Dia-de-Europa.jpg","contentUrl":"https:\/\/nicogcasares.eu\/wp-content\/uploads\/2022\/05\/Dia-de-Europa.jpg","width":2047,"height":2013},{"@type":"BreadcrumbList","@id":"https:\/\/nicogcasares.eu\/gl\/resolucion-do-comite-nacional-galego-polo-dia-de-europa\/#breadcrumb","itemListElement":[{"@type":"ListItem","position":1,"name":"Portada","item":"https:\/\/nicogcasares.eu\/gl\/"},{"@type":"ListItem","position":2,"name":"Resoluci\u00f3n do Comit\u00e9 Nacional Galego polo D\u00eda de Europa"}]},{"@type":"WebSite","@id":"https:\/\/nicogcasares.eu\/gl\/#website","url":"https:\/\/nicogcasares.eu\/gl\/","name":"Nico G. Casares","description":"Diputado socialista en el parlamento europeo","publisher":{"@id":"https:\/\/nicogcasares.eu\/gl\/#\/schema\/person\/75361477143e596646d48598a3778163"},"potentialAction":[{"@type":"SearchAction","target":{"@type":"EntryPoint","urlTemplate":"https:\/\/nicogcasares.eu\/gl\/?s={search_term_string}"},"query-input":"required name=search_term_string"}],"inLanguage":"gl-ES"},{"@type":["Person","Organization"],"@id":"https:\/\/nicogcasares.eu\/gl\/#\/schema\/person\/75361477143e596646d48598a3778163","name":"Nicol\u00e1s Gonz\u00e1lez Casares","image":{"@type":"ImageObject","inLanguage":"gl-ES","@id":"https:\/\/nicogcasares.eu\/gl\/#\/schema\/person\/image\/","url":"https:\/\/nicogcasares.eu\/wp-content\/uploads\/2021\/11\/20211006_EP-119139A_FMA_0895_RESIZED_S.jpg","contentUrl":"https:\/\/nicogcasares.eu\/wp-content\/uploads\/2021\/11\/20211006_EP-119139A_FMA_0895_RESIZED_S.jpg","width":639,"height":426,"caption":"Nicol\u00e1s Gonz\u00e1lez Casares"},"logo":{"@id":"https:\/\/nicogcasares.eu\/gl\/#\/schema\/person\/image\/"},"url":"https:\/\/nicogcasares.eu\/gl\/author\/nico\/"}]}},"_links":{"self":[{"href":"https:\/\/nicogcasares.eu\/gl\/wp-json\/wp\/v2\/posts\/4347"}],"collection":[{"href":"https:\/\/nicogcasares.eu\/gl\/wp-json\/wp\/v2\/posts"}],"about":[{"href":"https:\/\/nicogcasares.eu\/gl\/wp-json\/wp\/v2\/types\/post"}],"author":[{"embeddable":true,"href":"https:\/\/nicogcasares.eu\/gl\/wp-json\/wp\/v2\/users\/4"}],"replies":[{"embeddable":true,"href":"https:\/\/nicogcasares.eu\/gl\/wp-json\/wp\/v2\/comments?post=4347"}],"version-history":[{"count":1,"href":"https:\/\/nicogcasares.eu\/gl\/wp-json\/wp\/v2\/posts\/4347\/revisions"}],"predecessor-version":[{"id":4348,"href":"https:\/\/nicogcasares.eu\/gl\/wp-json\/wp\/v2\/posts\/4347\/revisions\/4348"}],"wp:featuredmedia":[{"embeddable":true,"href":"https:\/\/nicogcasares.eu\/gl\/wp-json\/wp\/v2\/media\/4351"}],"wp:attachment":[{"href":"https:\/\/nicogcasares.eu\/gl\/wp-json\/wp\/v2\/media?parent=4347"}],"wp:term":[{"taxonomy":"category","embeddable":true,"href":"https:\/\/nicogcasares.eu\/gl\/wp-json\/wp\/v2\/categories?post=4347"},{"taxonomy":"post_tag","embeddable":true,"href":"https:\/\/nicogcasares.eu\/gl\/wp-json\/wp\/v2\/tags?post=4347"}],"curies":[{"name":"wp","href":"https:\/\/api.w.org\/{rel}","templated":true}]}}