{"id":4354,"date":"2022-05-12T17:54:07","date_gmt":"2022-05-12T15:54:07","guid":{"rendered":"https:\/\/nicogcasares.eu\/?p=4354"},"modified":"2022-05-12T17:57:31","modified_gmt":"2022-05-12T15:57:31","slug":"nicolas-gonzalez-imparte-a-conferencia-paz-e-democracia-o-20-de-maio-en-lalin","status":"publish","type":"post","link":"https:\/\/nicogcasares.eu\/gl\/nicolas-gonzalez-imparte-a-conferencia-paz-e-democracia-o-20-de-maio-en-lalin\/","title":{"rendered":"Nicol\u00e1s Gonz\u00e1lez imparte a conferencia \u2018Paz e democracia\u2019 o 20 de maio en Lal\u00edn"},"content":{"rendered":"\n<p class=\"has-black-color has-text-color has-medium-font-size\"><strong>A aula da UNED Lal\u00edn acolle este encontro no marco do 50\u00ba aniversario da UNED<\/strong><\/p>\n\n\n\n<p class=\"has-black-color has-text-color has-medium-font-size\"><strong>Nicol\u00e1s Gonz\u00e1lez Casares<\/strong>, eurodeputado socialista e membro da Comisi\u00f3n de Industria, Investigaci\u00f3n e Enerx\u00eda do Parlamento Europeo, impartir\u00e1 a conferencia <strong><em>Paz e democracia<\/em><\/strong> o vindeiro <strong>venres 20 de maio na aula UNED Lal\u00edn<\/strong>. <\/p>\n\n\n\n<p class=\"has-black-color has-text-color has-medium-font-size\">Coa celebraci\u00f3n do <strong>D\u00eda de Europa<\/strong> presente, no que se conmemora cada 9 de maio a firma da \u2018Declaraci\u00f3n de Schuman\u2019, o parlamentario falar\u00e1 da necesidade de continuar a defender a <strong>\u201ccultura do di\u00e1logo\u201d<\/strong> e abordar\u00e1 os <strong>retos<\/strong> aos que se enfronta a <strong>Uni\u00f3n Europea<\/strong>. <\/p>\n\n\n\n<p class=\"has-black-color has-text-color has-medium-font-size\">A <strong>conferencia, gratu\u00edta e con entrada libre<\/strong> ata completar aforo, ter\u00e1 lugar \u00e1s <strong>11:00 horas<\/strong> na aula UNED Lal\u00edn. O evento forma parte das actividades dese\u00f1adas polo 50\u00ba da UNED. As persoas que desexen recibir un certificado de asistencia da UNED poden <a href=\"https:\/\/extension.uned.es\/actividad\/idactividad\/27166\" target=\"_blank\" rel=\"noreferrer noopener\">matricularse na s\u00faa p\u00e1xina web<\/a>.<\/p>\n","protected":false},"excerpt":{"rendered":"<p>A aula da UNED Lal\u00edn acolle este encontro no marco do 50\u00ba aniversario da UNED<\/p>\n","protected":false},"author":4,"featured_media":4112,"comment_status":"closed","ping_status":"closed","sticky":true,"template":"","format":"standard","meta":{"footnotes":""},"categories":[34,32],"tags":[160,378,357,76],"yoast_head":"<!-- This site is optimized with the Yoast SEO plugin v22.3 - https:\/\/yoast.com\/wordpress\/plugins\/seo\/ -->\n<title>Nicol\u00e1s Gonz\u00e1lez imparte a conferencia \u2018Paz e democracia\u2019 o 20 de maio en Lal\u00edn - Nico G. Casares %<\/title>\n<meta name=\"description\" content=\"A aula da UNED Lal\u00edn acolle este encontro no marco do 50\u00ba aniversario da UNED\" \/>\n<meta name=\"robots\" content=\"index, follow, max-snippet:-1, max-image-preview:large, max-video-preview:-1\" \/>\n<link rel=\"canonical\" href=\"https:\/\/nicogcasares.eu\/gl\/nicolas-gonzalez-imparte-a-conferencia-paz-e-democracia-o-20-de-maio-en-lalin\/\" \/>\n<meta property=\"og:locale\" content=\"gl_ES\" \/>\n<meta property=\"og:type\" content=\"article\" \/>\n<meta property=\"og:title\" content=\"Nicol\u00e1s Gonz\u00e1lez imparte a conferencia \u2018Paz e democracia\u2019 o 20 de maio en Lal\u00edn\" \/>\n<meta property=\"og:description\" content=\"A aula da UNED Lal\u00edn acolle este encontro no marco do 50\u00ba aniversario da UNED\" \/>\n<meta property=\"og:url\" content=\"https:\/\/nicogcasares.eu\/gl\/nicolas-gonzalez-imparte-a-conferencia-paz-e-democracia-o-20-de-maio-en-lalin\/\" \/>\n<meta property=\"og:site_name\" content=\"Nico G. Casares\" \/>\n<meta property=\"article:published_time\" content=\"2022-05-12T15:54:07+00:00\" \/>\n<meta property=\"article:modified_time\" content=\"2022-05-12T15:57:31+00:00\" \/>\n<meta property=\"og:image\" content=\"https:\/\/nicogcasares.eu\/wp-content\/uploads\/2022\/03\/Nicolas-Gonzalez-Casares.-ERIC-VIDAL-PARLAMENTO-EUROPEO-4.jpg\" \/>\n\t<meta property=\"og:image:width\" content=\"1919\" \/>\n\t<meta property=\"og:image:height\" content=\"1277\" \/>\n\t<meta property=\"og:image:type\" content=\"image\/jpeg\" \/>\n<meta name=\"author\" content=\"Nicol\u00e1s Gonz\u00e1lez Casares\" \/>\n<meta name=\"twitter:card\" content=\"summary_large_image\" \/>\n<meta name=\"twitter:title\" content=\"Nicol\u00e1s Gonz\u00e1lez imparte a conferencia \u2018Paz e democracia\u2019 o 20 de maio en Lal\u00edn\" \/>\n<meta name=\"twitter:description\" content=\"A aula da UNED Lal\u00edn acolle este encontro no marco do 50\u00ba aniversario da UNED\" \/>\n<meta name=\"twitter:image\" content=\"https:\/\/nicogcasares.eu\/wp-content\/uploads\/2022\/03\/Nicolas-Gonzalez-Casares.-ERIC-VIDAL-PARLAMENTO-EUROPEO-4.jpg\" \/>\n<meta name=\"twitter:creator\" content=\"@nicogoncas\" \/>\n<meta name=\"twitter:site\" content=\"@nicogoncas\" \/>\n<meta name=\"twitter:label1\" content=\"Escrito por\" \/>\n\t<meta name=\"twitter:data1\" content=\"Nicol\u00e1s Gonz\u00e1lez Casares\" \/>\n\t<meta name=\"twitter:label2\" content=\"Tempo de lectura\" \/>\n\t<meta name=\"twitter:data2\" content=\"1 minuto\" \/>\n<script type=\"application\/ld+json\" class=\"yoast-schema-graph\">{\"@context\":\"https:\/\/schema.org\",\"@graph\":[{\"@type\":\"Article\",\"@id\":\"https:\/\/nicogcasares.eu\/gl\/nicolas-gonzalez-imparte-a-conferencia-paz-e-democracia-o-20-de-maio-en-lalin\/#article\",\"isPartOf\":{\"@id\":\"https:\/\/nicogcasares.eu\/gl\/nicolas-gonzalez-imparte-a-conferencia-paz-e-democracia-o-20-de-maio-en-lalin\/\"},\"author\":{\"name\":\"Nicol\u00e1s Gonz\u00e1lez Casares\",\"@id\":\"https:\/\/nicogcasares.eu\/gl\/#\/schema\/person\/75361477143e596646d48598a3778163\"},\"headline\":\"Nicol\u00e1s Gonz\u00e1lez imparte a conferencia \u2018Paz e democracia\u2019 o 20 de maio en Lal\u00edn\",\"datePublished\":\"2022-05-12T15:54:07+00:00\",\"dateModified\":\"2022-05-12T15:57:31+00:00\",\"mainEntityOfPage\":{\"@id\":\"https:\/\/nicogcasares.eu\/gl\/nicolas-gonzalez-imparte-a-conferencia-paz-e-democracia-o-20-de-maio-en-lalin\/\"},\"wordCount\":168,\"publisher\":{\"@id\":\"https:\/\/nicogcasares.eu\/gl\/#\/schema\/person\/75361477143e596646d48598a3778163\"},\"image\":{\"@id\":\"https:\/\/nicogcasares.eu\/gl\/nicolas-gonzalez-imparte-a-conferencia-paz-e-democracia-o-20-de-maio-en-lalin\/#primaryimage\"},\"thumbnailUrl\":\"https:\/\/nicogcasares.eu\/wp-content\/uploads\/2022\/03\/Nicolas-Gonzalez-Casares.-ERIC-VIDAL-PARLAMENTO-EUROPEO-4.jpg\",\"keywords\":[\"Europa\",\"Lal\u00edn\",\"Nicol\u00e1s Gonz\u00e1lez Casares\",\"Uni\u00f3n Europea\"],\"articleSection\":[\"Actividade\",\"Novas\"],\"inLanguage\":\"gl-ES\"},{\"@type\":\"WebPage\",\"@id\":\"https:\/\/nicogcasares.eu\/gl\/nicolas-gonzalez-imparte-a-conferencia-paz-e-democracia-o-20-de-maio-en-lalin\/\",\"url\":\"https:\/\/nicogcasares.eu\/gl\/nicolas-gonzalez-imparte-a-conferencia-paz-e-democracia-o-20-de-maio-en-lalin\/\",\"name\":\"Nicol\u00e1s Gonz\u00e1lez imparte a conferencia \u2018Paz e democracia\u2019 o 20 de maio en Lal\u00edn - Nico G. Casares %\",\"isPartOf\":{\"@id\":\"https:\/\/nicogcasares.eu\/gl\/#website\"},\"primaryImageOfPage\":{\"@id\":\"https:\/\/nicogcasares.eu\/gl\/nicolas-gonzalez-imparte-a-conferencia-paz-e-democracia-o-20-de-maio-en-lalin\/#primaryimage\"},\"image\":{\"@id\":\"https:\/\/nicogcasares.eu\/gl\/nicolas-gonzalez-imparte-a-conferencia-paz-e-democracia-o-20-de-maio-en-lalin\/#primaryimage\"},\"thumbnailUrl\":\"https:\/\/nicogcasares.eu\/wp-content\/uploads\/2022\/03\/Nicolas-Gonzalez-Casares.-ERIC-VIDAL-PARLAMENTO-EUROPEO-4.jpg\",\"datePublished\":\"2022-05-12T15:54:07+00:00\",\"dateModified\":\"2022-05-12T15:57:31+00:00\",\"description\":\"A aula da UNED Lal\u00edn acolle este encontro no marco do 50\u00ba aniversario da UNED\",\"breadcrumb\":{\"@id\":\"https:\/\/nicogcasares.eu\/gl\/nicolas-gonzalez-imparte-a-conferencia-paz-e-democracia-o-20-de-maio-en-lalin\/#breadcrumb\"},\"inLanguage\":\"gl-ES\",\"potentialAction\":[{\"@type\":\"ReadAction\",\"target\":[\"https:\/\/nicogcasares.eu\/gl\/nicolas-gonzalez-imparte-a-conferencia-paz-e-democracia-o-20-de-maio-en-lalin\/\"]}]},{\"@type\":\"ImageObject\",\"inLanguage\":\"gl-ES\",\"@id\":\"https:\/\/nicogcasares.eu\/gl\/nicolas-gonzalez-imparte-a-conferencia-paz-e-democracia-o-20-de-maio-en-lalin\/#primaryimage\",\"url\":\"https:\/\/nicogcasares.eu\/wp-content\/uploads\/2022\/03\/Nicolas-Gonzalez-Casares.-ERIC-VIDAL-PARLAMENTO-EUROPEO-4.jpg\",\"contentUrl\":\"https:\/\/nicogcasares.eu\/wp-content\/uploads\/2022\/03\/Nicolas-Gonzalez-Casares.-ERIC-VIDAL-PARLAMENTO-EUROPEO-4.jpg\",\"width\":1919,\"height\":1277},{\"@type\":\"BreadcrumbList\",\"@id\":\"https:\/\/nicogcasares.eu\/gl\/nicolas-gonzalez-imparte-a-conferencia-paz-e-democracia-o-20-de-maio-en-lalin\/#breadcrumb\",\"itemListElement\":[{\"@type\":\"ListItem\",\"position\":1,\"name\":\"Portada\",\"item\":\"https:\/\/nicogcasares.eu\/gl\/\"},{\"@type\":\"ListItem\",\"position\":2,\"name\":\"Nicol\u00e1s Gonz\u00e1lez imparte a conferencia \u2018Paz e democracia\u2019 o 20 de maio en Lal\u00edn\"}]},{\"@type\":\"WebSite\",\"@id\":\"https:\/\/nicogcasares.eu\/gl\/#website\",\"url\":\"https:\/\/nicogcasares.eu\/gl\/\",\"name\":\"Nico G. Casares\",\"description\":\"Diputado socialista en el parlamento europeo\",\"publisher\":{\"@id\":\"https:\/\/nicogcasares.eu\/gl\/#\/schema\/person\/75361477143e596646d48598a3778163\"},\"potentialAction\":[{\"@type\":\"SearchAction\",\"target\":{\"@type\":\"EntryPoint\",\"urlTemplate\":\"https:\/\/nicogcasares.eu\/gl\/?s={search_term_string}\"},\"query-input\":\"required name=search_term_string\"}],\"inLanguage\":\"gl-ES\"},{\"@type\":[\"Person\",\"Organization\"],\"@id\":\"https:\/\/nicogcasares.eu\/gl\/#\/schema\/person\/75361477143e596646d48598a3778163\",\"name\":\"Nicol\u00e1s Gonz\u00e1lez Casares\",\"image\":{\"@type\":\"ImageObject\",\"inLanguage\":\"gl-ES\",\"@id\":\"https:\/\/nicogcasares.eu\/gl\/#\/schema\/person\/image\/\",\"url\":\"https:\/\/nicogcasares.eu\/wp-content\/uploads\/2021\/11\/20211006_EP-119139A_FMA_0895_RESIZED_S.jpg\",\"contentUrl\":\"https:\/\/nicogcasares.eu\/wp-content\/uploads\/2021\/11\/20211006_EP-119139A_FMA_0895_RESIZED_S.jpg\",\"width\":639,\"height\":426,\"caption\":\"Nicol\u00e1s Gonz\u00e1lez Casares\"},\"logo\":{\"@id\":\"https:\/\/nicogcasares.eu\/gl\/#\/schema\/person\/image\/\"},\"url\":\"https:\/\/nicogcasares.eu\/gl\/author\/nico\/\"}]}<\/script>\n<!-- \/ Yoast SEO plugin. -->","yoast_head_json":{"title":"Nicol\u00e1s Gonz\u00e1lez imparte a conferencia \u2018Paz e democracia\u2019 o 20 de maio en Lal\u00edn - Nico G. Casares %","description":"A aula da UNED Lal\u00edn acolle este encontro no marco do 50\u00ba aniversario da UNED","robots":{"index":"index","follow":"follow","max-snippet":"max-snippet:-1","max-image-preview":"max-image-preview:large","max-video-preview":"max-video-preview:-1"},"canonical":"https:\/\/nicogcasares.eu\/gl\/nicolas-gonzalez-imparte-a-conferencia-paz-e-democracia-o-20-de-maio-en-lalin\/","og_locale":"gl_ES","og_type":"article","og_title":"Nicol\u00e1s Gonz\u00e1lez imparte a conferencia \u2018Paz e democracia\u2019 o 20 de maio en Lal\u00edn","og_description":"A aula da UNED Lal\u00edn acolle este encontro no marco do 50\u00ba aniversario da UNED","og_url":"https:\/\/nicogcasares.eu\/gl\/nicolas-gonzalez-imparte-a-conferencia-paz-e-democracia-o-20-de-maio-en-lalin\/","og_site_name":"Nico G. Casares","article_published_time":"2022-05-12T15:54:07+00:00","article_modified_time":"2022-05-12T15:57:31+00:00","og_image":[{"width":1919,"height":1277,"url":"https:\/\/nicogcasares.eu\/wp-content\/uploads\/2022\/03\/Nicolas-Gonzalez-Casares.-ERIC-VIDAL-PARLAMENTO-EUROPEO-4.jpg","type":"image\/jpeg"}],"author":"Nicol\u00e1s Gonz\u00e1lez Casares","twitter_card":"summary_large_image","twitter_title":"Nicol\u00e1s Gonz\u00e1lez imparte a conferencia \u2018Paz e democracia\u2019 o 20 de maio en Lal\u00edn","twitter_description":"A aula da UNED Lal\u00edn acolle este encontro no marco do 50\u00ba aniversario da UNED","twitter_image":"https:\/\/nicogcasares.eu\/wp-content\/uploads\/2022\/03\/Nicolas-Gonzalez-Casares.-ERIC-VIDAL-PARLAMENTO-EUROPEO-4.jpg","twitter_creator":"@nicogoncas","twitter_site":"@nicogoncas","twitter_misc":{"Escrito por":"Nicol\u00e1s Gonz\u00e1lez Casares","Tempo de lectura":"1 minuto"},"schema":{"@context":"https:\/\/schema.org","@graph":[{"@type":"Article","@id":"https:\/\/nicogcasares.eu\/gl\/nicolas-gonzalez-imparte-a-conferencia-paz-e-democracia-o-20-de-maio-en-lalin\/#article","isPartOf":{"@id":"https:\/\/nicogcasares.eu\/gl\/nicolas-gonzalez-imparte-a-conferencia-paz-e-democracia-o-20-de-maio-en-lalin\/"},"author":{"name":"Nicol\u00e1s Gonz\u00e1lez Casares","@id":"https:\/\/nicogcasares.eu\/gl\/#\/schema\/person\/75361477143e596646d48598a3778163"},"headline":"Nicol\u00e1s Gonz\u00e1lez imparte a conferencia \u2018Paz e democracia\u2019 o 20 de maio en Lal\u00edn","datePublished":"2022-05-12T15:54:07+00:00","dateModified":"2022-05-12T15:57:31+00:00","mainEntityOfPage":{"@id":"https:\/\/nicogcasares.eu\/gl\/nicolas-gonzalez-imparte-a-conferencia-paz-e-democracia-o-20-de-maio-en-lalin\/"},"wordCount":168,"publisher":{"@id":"https:\/\/nicogcasares.eu\/gl\/#\/schema\/person\/75361477143e596646d48598a3778163"},"image":{"@id":"https:\/\/nicogcasares.eu\/gl\/nicolas-gonzalez-imparte-a-conferencia-paz-e-democracia-o-20-de-maio-en-lalin\/#primaryimage"},"thumbnailUrl":"https:\/\/nicogcasares.eu\/wp-content\/uploads\/2022\/03\/Nicolas-Gonzalez-Casares.-ERIC-VIDAL-PARLAMENTO-EUROPEO-4.jpg","keywords":["Europa","Lal\u00edn","Nicol\u00e1s Gonz\u00e1lez Casares","Uni\u00f3n Europea"],"articleSection":["Actividade","Novas"],"inLanguage":"gl-ES"},{"@type":"WebPage","@id":"https:\/\/nicogcasares.eu\/gl\/nicolas-gonzalez-imparte-a-conferencia-paz-e-democracia-o-20-de-maio-en-lalin\/","url":"https:\/\/nicogcasares.eu\/gl\/nicolas-gonzalez-imparte-a-conferencia-paz-e-democracia-o-20-de-maio-en-lalin\/","name":"Nicol\u00e1s Gonz\u00e1lez imparte a conferencia \u2018Paz e democracia\u2019 o 20 de maio en Lal\u00edn - Nico G. Casares %","isPartOf":{"@id":"https:\/\/nicogcasares.eu\/gl\/#website"},"primaryImageOfPage":{"@id":"https:\/\/nicogcasares.eu\/gl\/nicolas-gonzalez-imparte-a-conferencia-paz-e-democracia-o-20-de-maio-en-lalin\/#primaryimage"},"image":{"@id":"https:\/\/nicogcasares.eu\/gl\/nicolas-gonzalez-imparte-a-conferencia-paz-e-democracia-o-20-de-maio-en-lalin\/#primaryimage"},"thumbnailUrl":"https:\/\/nicogcasares.eu\/wp-content\/uploads\/2022\/03\/Nicolas-Gonzalez-Casares.-ERIC-VIDAL-PARLAMENTO-EUROPEO-4.jpg","datePublished":"2022-05-12T15:54:07+00:00","dateModified":"2022-05-12T15:57:31+00:00","description":"A aula da UNED Lal\u00edn acolle este encontro no marco do 50\u00ba aniversario da UNED","breadcrumb":{"@id":"https:\/\/nicogcasares.eu\/gl\/nicolas-gonzalez-imparte-a-conferencia-paz-e-democracia-o-20-de-maio-en-lalin\/#breadcrumb"},"inLanguage":"gl-ES","potentialAction":[{"@type":"ReadAction","target":["https:\/\/nicogcasares.eu\/gl\/nicolas-gonzalez-imparte-a-conferencia-paz-e-democracia-o-20-de-maio-en-lalin\/"]}]},{"@type":"ImageObject","inLanguage":"gl-ES","@id":"https:\/\/nicogcasares.eu\/gl\/nicolas-gonzalez-imparte-a-conferencia-paz-e-democracia-o-20-de-maio-en-lalin\/#primaryimage","url":"https:\/\/nicogcasares.eu\/wp-content\/uploads\/2022\/03\/Nicolas-Gonzalez-Casares.-ERIC-VIDAL-PARLAMENTO-EUROPEO-4.jpg","contentUrl":"https:\/\/nicogcasares.eu\/wp-content\/uploads\/2022\/03\/Nicolas-Gonzalez-Casares.-ERIC-VIDAL-PARLAMENTO-EUROPEO-4.jpg","width":1919,"height":1277},{"@type":"BreadcrumbList","@id":"https:\/\/nicogcasares.eu\/gl\/nicolas-gonzalez-imparte-a-conferencia-paz-e-democracia-o-20-de-maio-en-lalin\/#breadcrumb","itemListElement":[{"@type":"ListItem","position":1,"name":"Portada","item":"https:\/\/nicogcasares.eu\/gl\/"},{"@type":"ListItem","position":2,"name":"Nicol\u00e1s Gonz\u00e1lez imparte a conferencia \u2018Paz e democracia\u2019 o 20 de maio en Lal\u00edn"}]},{"@type":"WebSite","@id":"https:\/\/nicogcasares.eu\/gl\/#website","url":"https:\/\/nicogcasares.eu\/gl\/","name":"Nico G. Casares","description":"Diputado socialista en el parlamento europeo","publisher":{"@id":"https:\/\/nicogcasares.eu\/gl\/#\/schema\/person\/75361477143e596646d48598a3778163"},"potentialAction":[{"@type":"SearchAction","target":{"@type":"EntryPoint","urlTemplate":"https:\/\/nicogcasares.eu\/gl\/?s={search_term_string}"},"query-input":"required name=search_term_string"}],"inLanguage":"gl-ES"},{"@type":["Person","Organization"],"@id":"https:\/\/nicogcasares.eu\/gl\/#\/schema\/person\/75361477143e596646d48598a3778163","name":"Nicol\u00e1s Gonz\u00e1lez Casares","image":{"@type":"ImageObject","inLanguage":"gl-ES","@id":"https:\/\/nicogcasares.eu\/gl\/#\/schema\/person\/image\/","url":"https:\/\/nicogcasares.eu\/wp-content\/uploads\/2021\/11\/20211006_EP-119139A_FMA_0895_RESIZED_S.jpg","contentUrl":"https:\/\/nicogcasares.eu\/wp-content\/uploads\/2021\/11\/20211006_EP-119139A_FMA_0895_RESIZED_S.jpg","width":639,"height":426,"caption":"Nicol\u00e1s Gonz\u00e1lez Casares"},"logo":{"@id":"https:\/\/nicogcasares.eu\/gl\/#\/schema\/person\/image\/"},"url":"https:\/\/nicogcasares.eu\/gl\/author\/nico\/"}]}},"_links":{"self":[{"href":"https:\/\/nicogcasares.eu\/gl\/wp-json\/wp\/v2\/posts\/4354"}],"collection":[{"href":"https:\/\/nicogcasares.eu\/gl\/wp-json\/wp\/v2\/posts"}],"about":[{"href":"https:\/\/nicogcasares.eu\/gl\/wp-json\/wp\/v2\/types\/post"}],"author":[{"embeddable":true,"href":"https:\/\/nicogcasares.eu\/gl\/wp-json\/wp\/v2\/users\/4"}],"replies":[{"embeddable":true,"href":"https:\/\/nicogcasares.eu\/gl\/wp-json\/wp\/v2\/comments?post=4354"}],"version-history":[{"count":1,"href":"https:\/\/nicogcasares.eu\/gl\/wp-json\/wp\/v2\/posts\/4354\/revisions"}],"predecessor-version":[{"id":4355,"href":"https:\/\/nicogcasares.eu\/gl\/wp-json\/wp\/v2\/posts\/4354\/revisions\/4355"}],"wp:featuredmedia":[{"embeddable":true,"href":"https:\/\/nicogcasares.eu\/gl\/wp-json\/wp\/v2\/media\/4112"}],"wp:attachment":[{"href":"https:\/\/nicogcasares.eu\/gl\/wp-json\/wp\/v2\/media?parent=4354"}],"wp:term":[{"taxonomy":"category","embeddable":true,"href":"https:\/\/nicogcasares.eu\/gl\/wp-json\/wp\/v2\/categories?post=4354"},{"taxonomy":"post_tag","embeddable":true,"href":"https:\/\/nicogcasares.eu\/gl\/wp-json\/wp\/v2\/tags?post=4354"}],"curies":[{"name":"wp","href":"https:\/\/api.w.org\/{rel}","templated":true}]}}