{"id":4401,"date":"2022-05-20T20:40:31","date_gmt":"2022-05-20T18:40:31","guid":{"rendered":"https:\/\/nicogcasares.eu\/?p=4401"},"modified":"2022-05-20T20:40:34","modified_gmt":"2022-05-20T18:40:34","slug":"escolares-do-deza-acheganse-de-primeira-man-a-union-europea-co-eurodeputado-nicolas-gonzalez-casares","status":"publish","type":"post","link":"https:\/\/nicogcasares.eu\/gl\/escolares-do-deza-acheganse-de-primeira-man-a-union-europea-co-eurodeputado-nicolas-gonzalez-casares\/","title":{"rendered":"Escolares do Deza ach\u00e9ganse de primeira man \u00e1 Uni\u00f3n Europea co eurodeputado Nicol\u00e1s Gonz\u00e1lez Casares"},"content":{"rendered":"\n<p class=\"has-black-color has-text-color has-medium-font-size\"><strong>O europarlamentario socialista impartiu este venres a conferencia \u2018Paz e democracia\u2019 na aula UNED Lal\u00edn ante o alumnado de institutos de Lal\u00edn, Vila de Cruces e Silleda<\/strong><\/p>\n\n\n\n<p class=\"has-black-color has-text-color has-medium-font-size\">\u201cEu levo en Europa toda a mi\u00f1a vida porque nac\u00edn en Lal\u00edn e Lal\u00edn \u00e9 Europa, non deixemos a Europa para outros, Europa \u00e9 nosa\u201d. As\u00ed se dirix\u00eda esta ma\u00f1\u00e1 <strong>Nicol\u00e1s Gonz\u00e1lez Casares<\/strong>, eurodeputado socialista e membro da Comisi\u00f3n de Industria, Investigaci\u00f3n e Enerx\u00eda do Parlamento Europeo, ao <strong>alumnado dos institutos Laxeiro, de Lal\u00edn, Marco do Camball\u00f3n, de Vila de Cruces, e Pintor Colmeiro, de Silleda<\/strong>. Durante a conferencia <strong><em>Paz e democracia<\/em><\/strong>, o europarlamentario explicou o funcionamento das c\u00e1maras europeas e destacou a independencia de voto dos eurodeputados que lles permite defender as particularidades de cada un dos territorios aos que representan. <\/p>\n\n\n\n<p class=\"has-black-color has-text-color has-medium-font-size\">Coa celebraci\u00f3n do <strong>D\u00eda de Europa<\/strong> presente, no que se conmemora cada 9 de maio a firma da \u2018Declaraci\u00f3n de Schuman\u2019 que puxo as bases dunha nova forma de cooperaci\u00f3n pol\u00edtica en Europa, o europarlamentario defendeu a <strong>democracia<\/strong>, a <strong>liberdade<\/strong> e a <strong>paz<\/strong> como \u201co leitmotiv da Uni\u00f3n Europea\u201d. Ante a guerra de Ucra\u00edna, Casares incitou \u00e1 rapazada a tomar conciencia destas tensi\u00f3ns e velar polo dereito a poder discrepar en liberdade. \u201cNo leste, as nosas fronteiras est\u00e1n Roman\u00eda e Bulgaria, nos lindes da Uni\u00f3n Europea\u201d, apuntou. <\/p>\n\n\n\n<p class=\"has-black-color has-text-color has-medium-font-size\">O eurodeputado puxo en valor o apoio que recibiu Galicia e Espa\u00f1a para facer fronte \u00e1 pandemia da COVID-19 a trav\u00e9s da recepci\u00f3n de m\u00e1scaras ou respiradores, as\u00ed como mediante os fondos <strong>Next Generation<\/strong> que impulsar\u00e1n a tan necesaria transici\u00f3n enerx\u00e9tica e dixital. <\/p>\n\n\n\n<p class=\"has-black-color has-text-color has-medium-font-size\">O alumnado dezao puido abrir debate sobre cuesti\u00f3ns de actualidade como a crise clim\u00e1tica. Pola s\u00faa banda, Nicol\u00e1s Gonz\u00e1lez quixo aproveitar tam\u00e9n a ocasi\u00f3n para animar aos mozos e mozas a valorar as instituci\u00f3ns europeas como sa\u00edda laboral e convidar aos centros a sumarse \u00e1s seis <strong>escolas galegas Embaixadoras do Parlamento Europeo<\/strong>.<\/p>\n\n\n\n<p class=\"has-black-color has-text-color has-medium-font-size\">A <strong>aula UNED Lal\u00edn<\/strong> acolleu este coloquio no marco das actividades dese\u00f1adas polo 50\u00ba da UNED. Bego\u00f1a Blanco Blanco, concelleira de Cultura, Turismo, Educaci\u00f3n e Igualdade no Concello de Lal\u00edn; Rafael Cotelo Pazos, coordinador de Extensi\u00f3n Universitaria e Actividades Culturais da UNED en Pontevedra; e Jos\u00e9 Antonio Rodr\u00edguez Fern\u00e1ndez, coordinador da Aula Universitaria da UNED en Lal\u00edn, foron os responsables de abrir a xornada. Ademais do alumnado e o profesorado dos centros de ensino dezaos, asistiron \u00e1 conferencia integrantes do PSdeG da comarca.<\/p>\n\n\n\n<figure class=\"wp-block-image size-large\"><img fetchpriority=\"high\" decoding=\"async\" width=\"1024\" height=\"683\" src=\"https:\/\/nicogcasares.eu\/wp-content\/uploads\/2022\/05\/3-1-1024x683.jpg\" alt=\"\" class=\"wp-image-4386\" srcset=\"https:\/\/nicogcasares.eu\/wp-content\/uploads\/2022\/05\/3-1-1024x683.jpg 1024w, https:\/\/nicogcasares.eu\/wp-content\/uploads\/2022\/05\/3-1-300x200.jpg 300w, https:\/\/nicogcasares.eu\/wp-content\/uploads\/2022\/05\/3-1-768x512.jpg 768w, https:\/\/nicogcasares.eu\/wp-content\/uploads\/2022\/05\/3-1-1536x1024.jpg 1536w, https:\/\/nicogcasares.eu\/wp-content\/uploads\/2022\/05\/3-1-2048x1365.jpg 2048w, https:\/\/nicogcasares.eu\/wp-content\/uploads\/2022\/05\/3-1-1080x720.jpg 1080w, https:\/\/nicogcasares.eu\/wp-content\/uploads\/2022\/05\/3-1-1280x854.jpg 1280w, https:\/\/nicogcasares.eu\/wp-content\/uploads\/2022\/05\/3-1-980x653.jpg 980w, https:\/\/nicogcasares.eu\/wp-content\/uploads\/2022\/05\/3-1-480x320.jpg 480w\" sizes=\"(max-width: 1024px) 100vw, 1024px\" \/><\/figure>\n\n\n\n<figure class=\"wp-block-image size-large\"><img decoding=\"async\" width=\"1024\" height=\"666\" src=\"https:\/\/nicogcasares.eu\/wp-content\/uploads\/2022\/05\/2-1-1024x666.jpg\" alt=\"\" class=\"wp-image-4389\" srcset=\"https:\/\/nicogcasares.eu\/wp-content\/uploads\/2022\/05\/2-1-1024x666.jpg 1024w, https:\/\/nicogcasares.eu\/wp-content\/uploads\/2022\/05\/2-1-300x195.jpg 300w, https:\/\/nicogcasares.eu\/wp-content\/uploads\/2022\/05\/2-1-768x499.jpg 768w, https:\/\/nicogcasares.eu\/wp-content\/uploads\/2022\/05\/2-1-1536x998.jpg 1536w, https:\/\/nicogcasares.eu\/wp-content\/uploads\/2022\/05\/2-1-2048x1331.jpg 2048w, https:\/\/nicogcasares.eu\/wp-content\/uploads\/2022\/05\/2-1-1080x702.jpg 1080w, https:\/\/nicogcasares.eu\/wp-content\/uploads\/2022\/05\/2-1-1280x832.jpg 1280w, https:\/\/nicogcasares.eu\/wp-content\/uploads\/2022\/05\/2-1-980x637.jpg 980w, https:\/\/nicogcasares.eu\/wp-content\/uploads\/2022\/05\/2-1-480x312.jpg 480w\" sizes=\"(max-width: 1024px) 100vw, 1024px\" \/><\/figure>\n\n\n\n<figure class=\"wp-block-image size-large\"><img decoding=\"async\" width=\"1024\" height=\"607\" src=\"https:\/\/nicogcasares.eu\/wp-content\/uploads\/2022\/05\/6-1024x607.jpg\" alt=\"\" class=\"wp-image-4392\" srcset=\"https:\/\/nicogcasares.eu\/wp-content\/uploads\/2022\/05\/6-1024x607.jpg 1024w, https:\/\/nicogcasares.eu\/wp-content\/uploads\/2022\/05\/6-300x178.jpg 300w, https:\/\/nicogcasares.eu\/wp-content\/uploads\/2022\/05\/6-768x456.jpg 768w, https:\/\/nicogcasares.eu\/wp-content\/uploads\/2022\/05\/6-1536x911.jpg 1536w, https:\/\/nicogcasares.eu\/wp-content\/uploads\/2022\/05\/6-2048x1215.jpg 2048w, https:\/\/nicogcasares.eu\/wp-content\/uploads\/2022\/05\/6-1080x641.jpg 1080w, https:\/\/nicogcasares.eu\/wp-content\/uploads\/2022\/05\/6-1280x759.jpg 1280w, https:\/\/nicogcasares.eu\/wp-content\/uploads\/2022\/05\/6-980x581.jpg 980w, https:\/\/nicogcasares.eu\/wp-content\/uploads\/2022\/05\/6-480x285.jpg 480w\" sizes=\"(max-width: 1024px) 100vw, 1024px\" \/><\/figure>\n\n\n\n<figure class=\"wp-block-image size-large\"><img loading=\"lazy\" decoding=\"async\" width=\"1024\" height=\"540\" src=\"https:\/\/nicogcasares.eu\/wp-content\/uploads\/2022\/05\/7-1024x540.jpg\" alt=\"\" class=\"wp-image-4395\" srcset=\"https:\/\/nicogcasares.eu\/wp-content\/uploads\/2022\/05\/7-1024x540.jpg 1024w, https:\/\/nicogcasares.eu\/wp-content\/uploads\/2022\/05\/7-300x158.jpg 300w, https:\/\/nicogcasares.eu\/wp-content\/uploads\/2022\/05\/7-768x405.jpg 768w, https:\/\/nicogcasares.eu\/wp-content\/uploads\/2022\/05\/7-1536x810.jpg 1536w, https:\/\/nicogcasares.eu\/wp-content\/uploads\/2022\/05\/7-2048x1081.jpg 2048w, https:\/\/nicogcasares.eu\/wp-content\/uploads\/2022\/05\/7-1080x570.jpg 1080w, https:\/\/nicogcasares.eu\/wp-content\/uploads\/2022\/05\/7-1280x676.jpg 1280w, https:\/\/nicogcasares.eu\/wp-content\/uploads\/2022\/05\/7-980x517.jpg 980w, https:\/\/nicogcasares.eu\/wp-content\/uploads\/2022\/05\/7-480x253.jpg 480w\" sizes=\"(max-width: 1024px) 100vw, 1024px\" \/><\/figure>\n","protected":false},"excerpt":{"rendered":"<p>O europarlamentario socialista impartiu este venres a conferencia \u2018Paz e democracia\u2019 na aula UNED Lal\u00edn ante o alumnado de institutos de Lal\u00edn, Vila de Cruces e Silleda<\/p>\n","protected":false},"author":4,"featured_media":4383,"comment_status":"closed","ping_status":"closed","sticky":false,"template":"","format":"standard","meta":{"footnotes":""},"categories":[34,32],"tags":[160,378,369,76],"yoast_head":"<!-- This site is optimized with the Yoast SEO plugin v22.3 - https:\/\/yoast.com\/wordpress\/plugins\/seo\/ -->\n<title>Escolares do Deza ach\u00e9ganse de primeira man \u00e1 Uni\u00f3n Europea co eurodeputado Nicol\u00e1s Gonz\u00e1lez Casares - Nico G. Casares %<\/title>\n<meta name=\"description\" content=\"O europarlamentario socialista impartiu este venres a conferencia \u2018Paz e democracia\u2019 na aula UNED Lal\u00edn ante o alumnado de institutos de Lal\u00edn, Vila de Cruces e Silleda\" \/>\n<meta name=\"robots\" content=\"index, follow, max-snippet:-1, max-image-preview:large, max-video-preview:-1\" \/>\n<link rel=\"canonical\" href=\"https:\/\/nicogcasares.eu\/gl\/escolares-do-deza-acheganse-de-primeira-man-a-union-europea-co-eurodeputado-nicolas-gonzalez-casares\/\" \/>\n<meta property=\"og:locale\" content=\"gl_ES\" \/>\n<meta property=\"og:type\" content=\"article\" \/>\n<meta property=\"og:title\" content=\"Escolares do Deza ach\u00e9ganse de primeira man \u00e1 Uni\u00f3n Europea co eurodeputado Nicol\u00e1s Gonz\u00e1lez Casares\" \/>\n<meta property=\"og:description\" content=\"O europarlamentario socialista impartiu este venres a conferencia \u2018Paz e democracia\u2019 na aula UNED Lal\u00edn ante o alumnado de institutos de Lal\u00edn, Vila de Cruces e Silleda\" \/>\n<meta property=\"og:url\" content=\"https:\/\/nicogcasares.eu\/gl\/escolares-do-deza-acheganse-de-primeira-man-a-union-europea-co-eurodeputado-nicolas-gonzalez-casares\/\" \/>\n<meta property=\"og:site_name\" content=\"Nico G. Casares\" \/>\n<meta property=\"article:published_time\" content=\"2022-05-20T18:40:31+00:00\" \/>\n<meta property=\"article:modified_time\" content=\"2022-05-20T18:40:34+00:00\" \/>\n<meta property=\"og:image\" content=\"https:\/\/nicogcasares.eu\/wp-content\/uploads\/2022\/05\/1-1-scaled.jpg\" \/>\n\t<meta property=\"og:image:width\" content=\"2560\" \/>\n\t<meta property=\"og:image:height\" content=\"1643\" \/>\n\t<meta property=\"og:image:type\" content=\"image\/jpeg\" \/>\n<meta name=\"author\" content=\"Nicol\u00e1s Gonz\u00e1lez Casares\" \/>\n<meta name=\"twitter:card\" content=\"summary_large_image\" \/>\n<meta name=\"twitter:title\" content=\"Escolares do Deza ach\u00e9ganse de primeira man \u00e1 Uni\u00f3n Europea co eurodeputado Nicol\u00e1s Gonz\u00e1lez Casares\" \/>\n<meta name=\"twitter:description\" content=\"O europarlamentario socialista impartiu este venres a conferencia \u2018Paz e democracia\u2019 na aula UNED Lal\u00edn ante o alumnado de institutos de Lal\u00edn, Vila de Cruces e Silleda\" \/>\n<meta name=\"twitter:image\" content=\"https:\/\/nicogcasares.eu\/wp-content\/uploads\/2022\/05\/1-1-scaled.jpg\" \/>\n<meta name=\"twitter:creator\" content=\"@nicogoncas\" \/>\n<meta name=\"twitter:site\" content=\"@nicogoncas\" \/>\n<meta name=\"twitter:label1\" content=\"Escrito por\" \/>\n\t<meta name=\"twitter:data1\" content=\"Nicol\u00e1s Gonz\u00e1lez Casares\" \/>\n\t<meta name=\"twitter:label2\" content=\"Tempo de lectura\" \/>\n\t<meta name=\"twitter:data2\" content=\"3 minutos\" \/>\n<script type=\"application\/ld+json\" class=\"yoast-schema-graph\">{\"@context\":\"https:\/\/schema.org\",\"@graph\":[{\"@type\":\"Article\",\"@id\":\"https:\/\/nicogcasares.eu\/gl\/escolares-do-deza-acheganse-de-primeira-man-a-union-europea-co-eurodeputado-nicolas-gonzalez-casares\/#article\",\"isPartOf\":{\"@id\":\"https:\/\/nicogcasares.eu\/gl\/escolares-do-deza-acheganse-de-primeira-man-a-union-europea-co-eurodeputado-nicolas-gonzalez-casares\/\"},\"author\":{\"name\":\"Nicol\u00e1s Gonz\u00e1lez Casares\",\"@id\":\"https:\/\/nicogcasares.eu\/gl\/#\/schema\/person\/75361477143e596646d48598a3778163\"},\"headline\":\"Escolares do Deza ach\u00e9ganse de primeira man \u00e1 Uni\u00f3n Europea co eurodeputado Nicol\u00e1s Gonz\u00e1lez Casares\",\"datePublished\":\"2022-05-20T18:40:31+00:00\",\"dateModified\":\"2022-05-20T18:40:34+00:00\",\"mainEntityOfPage\":{\"@id\":\"https:\/\/nicogcasares.eu\/gl\/escolares-do-deza-acheganse-de-primeira-man-a-union-europea-co-eurodeputado-nicolas-gonzalez-casares\/\"},\"wordCount\":456,\"publisher\":{\"@id\":\"https:\/\/nicogcasares.eu\/gl\/#\/schema\/person\/75361477143e596646d48598a3778163\"},\"image\":{\"@id\":\"https:\/\/nicogcasares.eu\/gl\/escolares-do-deza-acheganse-de-primeira-man-a-union-europea-co-eurodeputado-nicolas-gonzalez-casares\/#primaryimage\"},\"thumbnailUrl\":\"https:\/\/nicogcasares.eu\/wp-content\/uploads\/2022\/05\/1-1-scaled.jpg\",\"keywords\":[\"Europa\",\"Lal\u00edn\",\"Nicol\u00e1s Gonz\u00e1lez Casares\",\"Uni\u00f3n Europea\"],\"articleSection\":[\"Actividade\",\"Novas\"],\"inLanguage\":\"gl-ES\"},{\"@type\":\"WebPage\",\"@id\":\"https:\/\/nicogcasares.eu\/gl\/escolares-do-deza-acheganse-de-primeira-man-a-union-europea-co-eurodeputado-nicolas-gonzalez-casares\/\",\"url\":\"https:\/\/nicogcasares.eu\/gl\/escolares-do-deza-acheganse-de-primeira-man-a-union-europea-co-eurodeputado-nicolas-gonzalez-casares\/\",\"name\":\"Escolares do Deza ach\u00e9ganse de primeira man \u00e1 Uni\u00f3n Europea co eurodeputado Nicol\u00e1s Gonz\u00e1lez Casares - Nico G. Casares %\",\"isPartOf\":{\"@id\":\"https:\/\/nicogcasares.eu\/gl\/#website\"},\"primaryImageOfPage\":{\"@id\":\"https:\/\/nicogcasares.eu\/gl\/escolares-do-deza-acheganse-de-primeira-man-a-union-europea-co-eurodeputado-nicolas-gonzalez-casares\/#primaryimage\"},\"image\":{\"@id\":\"https:\/\/nicogcasares.eu\/gl\/escolares-do-deza-acheganse-de-primeira-man-a-union-europea-co-eurodeputado-nicolas-gonzalez-casares\/#primaryimage\"},\"thumbnailUrl\":\"https:\/\/nicogcasares.eu\/wp-content\/uploads\/2022\/05\/1-1-scaled.jpg\",\"datePublished\":\"2022-05-20T18:40:31+00:00\",\"dateModified\":\"2022-05-20T18:40:34+00:00\",\"description\":\"O europarlamentario socialista impartiu este venres a conferencia \u2018Paz e democracia\u2019 na aula UNED Lal\u00edn ante o alumnado de institutos de Lal\u00edn, Vila de Cruces e Silleda\",\"breadcrumb\":{\"@id\":\"https:\/\/nicogcasares.eu\/gl\/escolares-do-deza-acheganse-de-primeira-man-a-union-europea-co-eurodeputado-nicolas-gonzalez-casares\/#breadcrumb\"},\"inLanguage\":\"gl-ES\",\"potentialAction\":[{\"@type\":\"ReadAction\",\"target\":[\"https:\/\/nicogcasares.eu\/gl\/escolares-do-deza-acheganse-de-primeira-man-a-union-europea-co-eurodeputado-nicolas-gonzalez-casares\/\"]}]},{\"@type\":\"ImageObject\",\"inLanguage\":\"gl-ES\",\"@id\":\"https:\/\/nicogcasares.eu\/gl\/escolares-do-deza-acheganse-de-primeira-man-a-union-europea-co-eurodeputado-nicolas-gonzalez-casares\/#primaryimage\",\"url\":\"https:\/\/nicogcasares.eu\/wp-content\/uploads\/2022\/05\/1-1-scaled.jpg\",\"contentUrl\":\"https:\/\/nicogcasares.eu\/wp-content\/uploads\/2022\/05\/1-1-scaled.jpg\",\"width\":2560,\"height\":1643},{\"@type\":\"BreadcrumbList\",\"@id\":\"https:\/\/nicogcasares.eu\/gl\/escolares-do-deza-acheganse-de-primeira-man-a-union-europea-co-eurodeputado-nicolas-gonzalez-casares\/#breadcrumb\",\"itemListElement\":[{\"@type\":\"ListItem\",\"position\":1,\"name\":\"Portada\",\"item\":\"https:\/\/nicogcasares.eu\/gl\/\"},{\"@type\":\"ListItem\",\"position\":2,\"name\":\"Escolares do Deza ach\u00e9ganse de primeira man \u00e1 Uni\u00f3n Europea co eurodeputado Nicol\u00e1s Gonz\u00e1lez Casares\"}]},{\"@type\":\"WebSite\",\"@id\":\"https:\/\/nicogcasares.eu\/gl\/#website\",\"url\":\"https:\/\/nicogcasares.eu\/gl\/\",\"name\":\"Nico G. Casares\",\"description\":\"Diputado socialista en el parlamento europeo\",\"publisher\":{\"@id\":\"https:\/\/nicogcasares.eu\/gl\/#\/schema\/person\/75361477143e596646d48598a3778163\"},\"potentialAction\":[{\"@type\":\"SearchAction\",\"target\":{\"@type\":\"EntryPoint\",\"urlTemplate\":\"https:\/\/nicogcasares.eu\/gl\/?s={search_term_string}\"},\"query-input\":\"required name=search_term_string\"}],\"inLanguage\":\"gl-ES\"},{\"@type\":[\"Person\",\"Organization\"],\"@id\":\"https:\/\/nicogcasares.eu\/gl\/#\/schema\/person\/75361477143e596646d48598a3778163\",\"name\":\"Nicol\u00e1s Gonz\u00e1lez Casares\",\"image\":{\"@type\":\"ImageObject\",\"inLanguage\":\"gl-ES\",\"@id\":\"https:\/\/nicogcasares.eu\/gl\/#\/schema\/person\/image\/\",\"url\":\"https:\/\/nicogcasares.eu\/wp-content\/uploads\/2021\/11\/20211006_EP-119139A_FMA_0895_RESIZED_S.jpg\",\"contentUrl\":\"https:\/\/nicogcasares.eu\/wp-content\/uploads\/2021\/11\/20211006_EP-119139A_FMA_0895_RESIZED_S.jpg\",\"width\":639,\"height\":426,\"caption\":\"Nicol\u00e1s Gonz\u00e1lez Casares\"},\"logo\":{\"@id\":\"https:\/\/nicogcasares.eu\/gl\/#\/schema\/person\/image\/\"},\"url\":\"https:\/\/nicogcasares.eu\/gl\/author\/nico\/\"}]}<\/script>\n<!-- \/ Yoast SEO plugin. -->","yoast_head_json":{"title":"Escolares do Deza ach\u00e9ganse de primeira man \u00e1 Uni\u00f3n Europea co eurodeputado Nicol\u00e1s Gonz\u00e1lez Casares - Nico G. Casares %","description":"O europarlamentario socialista impartiu este venres a conferencia \u2018Paz e democracia\u2019 na aula UNED Lal\u00edn ante o alumnado de institutos de Lal\u00edn, Vila de Cruces e Silleda","robots":{"index":"index","follow":"follow","max-snippet":"max-snippet:-1","max-image-preview":"max-image-preview:large","max-video-preview":"max-video-preview:-1"},"canonical":"https:\/\/nicogcasares.eu\/gl\/escolares-do-deza-acheganse-de-primeira-man-a-union-europea-co-eurodeputado-nicolas-gonzalez-casares\/","og_locale":"gl_ES","og_type":"article","og_title":"Escolares do Deza ach\u00e9ganse de primeira man \u00e1 Uni\u00f3n Europea co eurodeputado Nicol\u00e1s Gonz\u00e1lez Casares","og_description":"O europarlamentario socialista impartiu este venres a conferencia \u2018Paz e democracia\u2019 na aula UNED Lal\u00edn ante o alumnado de institutos de Lal\u00edn, Vila de Cruces e Silleda","og_url":"https:\/\/nicogcasares.eu\/gl\/escolares-do-deza-acheganse-de-primeira-man-a-union-europea-co-eurodeputado-nicolas-gonzalez-casares\/","og_site_name":"Nico G. Casares","article_published_time":"2022-05-20T18:40:31+00:00","article_modified_time":"2022-05-20T18:40:34+00:00","og_image":[{"width":2560,"height":1643,"url":"https:\/\/nicogcasares.eu\/wp-content\/uploads\/2022\/05\/1-1-scaled.jpg","type":"image\/jpeg"}],"author":"Nicol\u00e1s Gonz\u00e1lez Casares","twitter_card":"summary_large_image","twitter_title":"Escolares do Deza ach\u00e9ganse de primeira man \u00e1 Uni\u00f3n Europea co eurodeputado Nicol\u00e1s Gonz\u00e1lez Casares","twitter_description":"O europarlamentario socialista impartiu este venres a conferencia \u2018Paz e democracia\u2019 na aula UNED Lal\u00edn ante o alumnado de institutos de Lal\u00edn, Vila de Cruces e Silleda","twitter_image":"https:\/\/nicogcasares.eu\/wp-content\/uploads\/2022\/05\/1-1-scaled.jpg","twitter_creator":"@nicogoncas","twitter_site":"@nicogoncas","twitter_misc":{"Escrito por":"Nicol\u00e1s Gonz\u00e1lez Casares","Tempo de lectura":"3 minutos"},"schema":{"@context":"https:\/\/schema.org","@graph":[{"@type":"Article","@id":"https:\/\/nicogcasares.eu\/gl\/escolares-do-deza-acheganse-de-primeira-man-a-union-europea-co-eurodeputado-nicolas-gonzalez-casares\/#article","isPartOf":{"@id":"https:\/\/nicogcasares.eu\/gl\/escolares-do-deza-acheganse-de-primeira-man-a-union-europea-co-eurodeputado-nicolas-gonzalez-casares\/"},"author":{"name":"Nicol\u00e1s Gonz\u00e1lez Casares","@id":"https:\/\/nicogcasares.eu\/gl\/#\/schema\/person\/75361477143e596646d48598a3778163"},"headline":"Escolares do Deza ach\u00e9ganse de primeira man \u00e1 Uni\u00f3n Europea co eurodeputado Nicol\u00e1s Gonz\u00e1lez Casares","datePublished":"2022-05-20T18:40:31+00:00","dateModified":"2022-05-20T18:40:34+00:00","mainEntityOfPage":{"@id":"https:\/\/nicogcasares.eu\/gl\/escolares-do-deza-acheganse-de-primeira-man-a-union-europea-co-eurodeputado-nicolas-gonzalez-casares\/"},"wordCount":456,"publisher":{"@id":"https:\/\/nicogcasares.eu\/gl\/#\/schema\/person\/75361477143e596646d48598a3778163"},"image":{"@id":"https:\/\/nicogcasares.eu\/gl\/escolares-do-deza-acheganse-de-primeira-man-a-union-europea-co-eurodeputado-nicolas-gonzalez-casares\/#primaryimage"},"thumbnailUrl":"https:\/\/nicogcasares.eu\/wp-content\/uploads\/2022\/05\/1-1-scaled.jpg","keywords":["Europa","Lal\u00edn","Nicol\u00e1s Gonz\u00e1lez Casares","Uni\u00f3n Europea"],"articleSection":["Actividade","Novas"],"inLanguage":"gl-ES"},{"@type":"WebPage","@id":"https:\/\/nicogcasares.eu\/gl\/escolares-do-deza-acheganse-de-primeira-man-a-union-europea-co-eurodeputado-nicolas-gonzalez-casares\/","url":"https:\/\/nicogcasares.eu\/gl\/escolares-do-deza-acheganse-de-primeira-man-a-union-europea-co-eurodeputado-nicolas-gonzalez-casares\/","name":"Escolares do Deza ach\u00e9ganse de primeira man \u00e1 Uni\u00f3n Europea co eurodeputado Nicol\u00e1s Gonz\u00e1lez Casares - Nico G. Casares %","isPartOf":{"@id":"https:\/\/nicogcasares.eu\/gl\/#website"},"primaryImageOfPage":{"@id":"https:\/\/nicogcasares.eu\/gl\/escolares-do-deza-acheganse-de-primeira-man-a-union-europea-co-eurodeputado-nicolas-gonzalez-casares\/#primaryimage"},"image":{"@id":"https:\/\/nicogcasares.eu\/gl\/escolares-do-deza-acheganse-de-primeira-man-a-union-europea-co-eurodeputado-nicolas-gonzalez-casares\/#primaryimage"},"thumbnailUrl":"https:\/\/nicogcasares.eu\/wp-content\/uploads\/2022\/05\/1-1-scaled.jpg","datePublished":"2022-05-20T18:40:31+00:00","dateModified":"2022-05-20T18:40:34+00:00","description":"O europarlamentario socialista impartiu este venres a conferencia \u2018Paz e democracia\u2019 na aula UNED Lal\u00edn ante o alumnado de institutos de Lal\u00edn, Vila de Cruces e Silleda","breadcrumb":{"@id":"https:\/\/nicogcasares.eu\/gl\/escolares-do-deza-acheganse-de-primeira-man-a-union-europea-co-eurodeputado-nicolas-gonzalez-casares\/#breadcrumb"},"inLanguage":"gl-ES","potentialAction":[{"@type":"ReadAction","target":["https:\/\/nicogcasares.eu\/gl\/escolares-do-deza-acheganse-de-primeira-man-a-union-europea-co-eurodeputado-nicolas-gonzalez-casares\/"]}]},{"@type":"ImageObject","inLanguage":"gl-ES","@id":"https:\/\/nicogcasares.eu\/gl\/escolares-do-deza-acheganse-de-primeira-man-a-union-europea-co-eurodeputado-nicolas-gonzalez-casares\/#primaryimage","url":"https:\/\/nicogcasares.eu\/wp-content\/uploads\/2022\/05\/1-1-scaled.jpg","contentUrl":"https:\/\/nicogcasares.eu\/wp-content\/uploads\/2022\/05\/1-1-scaled.jpg","width":2560,"height":1643},{"@type":"BreadcrumbList","@id":"https:\/\/nicogcasares.eu\/gl\/escolares-do-deza-acheganse-de-primeira-man-a-union-europea-co-eurodeputado-nicolas-gonzalez-casares\/#breadcrumb","itemListElement":[{"@type":"ListItem","position":1,"name":"Portada","item":"https:\/\/nicogcasares.eu\/gl\/"},{"@type":"ListItem","position":2,"name":"Escolares do Deza ach\u00e9ganse de primeira man \u00e1 Uni\u00f3n Europea co eurodeputado Nicol\u00e1s Gonz\u00e1lez Casares"}]},{"@type":"WebSite","@id":"https:\/\/nicogcasares.eu\/gl\/#website","url":"https:\/\/nicogcasares.eu\/gl\/","name":"Nico G. Casares","description":"Diputado socialista en el parlamento europeo","publisher":{"@id":"https:\/\/nicogcasares.eu\/gl\/#\/schema\/person\/75361477143e596646d48598a3778163"},"potentialAction":[{"@type":"SearchAction","target":{"@type":"EntryPoint","urlTemplate":"https:\/\/nicogcasares.eu\/gl\/?s={search_term_string}"},"query-input":"required name=search_term_string"}],"inLanguage":"gl-ES"},{"@type":["Person","Organization"],"@id":"https:\/\/nicogcasares.eu\/gl\/#\/schema\/person\/75361477143e596646d48598a3778163","name":"Nicol\u00e1s Gonz\u00e1lez Casares","image":{"@type":"ImageObject","inLanguage":"gl-ES","@id":"https:\/\/nicogcasares.eu\/gl\/#\/schema\/person\/image\/","url":"https:\/\/nicogcasares.eu\/wp-content\/uploads\/2021\/11\/20211006_EP-119139A_FMA_0895_RESIZED_S.jpg","contentUrl":"https:\/\/nicogcasares.eu\/wp-content\/uploads\/2021\/11\/20211006_EP-119139A_FMA_0895_RESIZED_S.jpg","width":639,"height":426,"caption":"Nicol\u00e1s Gonz\u00e1lez Casares"},"logo":{"@id":"https:\/\/nicogcasares.eu\/gl\/#\/schema\/person\/image\/"},"url":"https:\/\/nicogcasares.eu\/gl\/author\/nico\/"}]}},"_links":{"self":[{"href":"https:\/\/nicogcasares.eu\/gl\/wp-json\/wp\/v2\/posts\/4401"}],"collection":[{"href":"https:\/\/nicogcasares.eu\/gl\/wp-json\/wp\/v2\/posts"}],"about":[{"href":"https:\/\/nicogcasares.eu\/gl\/wp-json\/wp\/v2\/types\/post"}],"author":[{"embeddable":true,"href":"https:\/\/nicogcasares.eu\/gl\/wp-json\/wp\/v2\/users\/4"}],"replies":[{"embeddable":true,"href":"https:\/\/nicogcasares.eu\/gl\/wp-json\/wp\/v2\/comments?post=4401"}],"version-history":[{"count":2,"href":"https:\/\/nicogcasares.eu\/gl\/wp-json\/wp\/v2\/posts\/4401\/revisions"}],"predecessor-version":[{"id":4403,"href":"https:\/\/nicogcasares.eu\/gl\/wp-json\/wp\/v2\/posts\/4401\/revisions\/4403"}],"wp:featuredmedia":[{"embeddable":true,"href":"https:\/\/nicogcasares.eu\/gl\/wp-json\/wp\/v2\/media\/4383"}],"wp:attachment":[{"href":"https:\/\/nicogcasares.eu\/gl\/wp-json\/wp\/v2\/media?parent=4401"}],"wp:term":[{"taxonomy":"category","embeddable":true,"href":"https:\/\/nicogcasares.eu\/gl\/wp-json\/wp\/v2\/categories?post=4401"},{"taxonomy":"post_tag","embeddable":true,"href":"https:\/\/nicogcasares.eu\/gl\/wp-json\/wp\/v2\/tags?post=4401"}],"curies":[{"name":"wp","href":"https:\/\/api.w.org\/{rel}","templated":true}]}}