{"id":4419,"date":"2022-05-27T15:16:31","date_gmt":"2022-05-27T13:16:31","guid":{"rendered":"https:\/\/nicogcasares.eu\/?p=4419"},"modified":"2022-05-27T15:18:36","modified_gmt":"2022-05-27T13:18:36","slug":"casares-avoga-debate-publico-saude-mental-abordaxe-ue","status":"publish","type":"post","link":"https:\/\/nicogcasares.eu\/gl\/casares-avoga-debate-publico-saude-mental-abordaxe-ue\/","title":{"rendered":"Casares avoga por \u201clevar ao debate p\u00fablico\u201d a sa\u00fade mental e impulsar a s\u00faa abordaxe desde a UE no ciclo &#8216;El Futuro est\u00e1 en tus manos&#8217;"},"content":{"rendered":"\n<p class=\"has-black-color has-text-color has-medium-font-size\"><strong>O eurodeputado participa xunto a Carme Borrell e Manolis Kogevinas no foro organizado por Europa Press e o Parlamento Europeo en Barcelona<\/strong><\/p>\n\n\n\n<p class=\"has-black-color has-text-color has-medium-font-size\">Baixo o t\u00edtulo <strong>\u2018Hacia una UE m\u00e1s sana\u2019<\/strong>, clausur\u00e1base esta ma\u00f1\u00e1 en Barcelona o <strong>ciclo &#8216;El Futuro est\u00e1 en tus manos&#8217;<\/strong>, organizado por Europa Press en colaboraci\u00f3n co Parlamento Europeo a prop\u00f3sito da <strong>Conferencia sobre el Futuro de Europa<\/strong> (CoFoE). <strong>Nicol\u00e1s Gonz\u00e1lez Casares<\/strong>, eurodeputado socialista e enfermeiro de profesi\u00f3n,<strong> Carme Borrell<\/strong>, doutora en Sa\u00fade P\u00fablica e xerenta da Agencia de Salud P\u00fablica de Barcelona, e <strong>Manolis Kogevinas<\/strong>, investigador s\u00e9nior de ISGlobal, debateron sobre o futuro da sa\u00fade na Uni\u00f3n Europea. Coa moderaci\u00f3n de Jordi Fern\u00e1ndez, delegado de Europa Press en Catalu\u00f1a, abordouse a estratexia One Health, a sa\u00fade mental ou a dixitalizaci\u00f3n dos sistemas de sa\u00fade. <\/p>\n\n\n\n<p class=\"has-black-color has-text-color has-medium-font-size\">Nicol\u00e1s Gonz\u00e1lez, que \u00e9 po\u00f1ente do Grupo Socialista no Comit\u00e9 Especial do Cancro e membro da Comisi\u00f3n de Industria, Investigaci\u00f3n e Enerx\u00eda do Parlamento Europeo e participou activamente na reforma da <strong>Axencia Europea do Medicamento (EMA)<\/strong>, lembrou como o impacto da COVID-19 puxo \u00e1 sa\u00fade no foco das pol\u00edticas europeas. Esta situaci\u00f3n obrigou a reforzar organismos chave que ata o momento non contaban coa dimensi\u00f3n necesaria como o <strong>Centro Europeo para a Prevenci\u00f3n e o Control das Enfermidades (ECDC)<\/strong>. Respecto \u00e1 posta en marcha da <strong>Autoridade Europea de Preparaci\u00f3n e Resposta ante Emerxencias Sanitarias (HERA)<\/strong>, Casares mostrouse cr\u00edtico coa s\u00faa constituci\u00f3n sen base xur\u00eddica e destacou a importancia de velar pola transparencia neste \u00e1mbito. <\/p>\n\n\n\n<p class=\"has-black-color has-text-color has-medium-font-size\">O eurodeputado puxo en valor o liderado da UE \u201cna aplicaci\u00f3n de normas e est\u00e1ndares\u201d para atender o cambio clim\u00e1tico e os problemas ambientais. Neste sentido, defendeu a implantaci\u00f3n da <strong>estratexia One Health<\/strong>, que impulsa a colaboraci\u00f3n no coidado da sa\u00fade das persoas, os animais e o medio ambiente para mellorar a sa\u00fade p\u00fablica, nas pol\u00edticas europeas e animou aos Estados membros a \u201cseguir o mesmo cami\u00f1o\u201d. Respecto \u00e1 atenci\u00f3n dos animais, avogou por revisar as pol\u00edticas agrarias e alimentarias. <\/p>\n\n\n\n<p class=\"has-black-color has-text-color has-medium-font-size\">A sa\u00fade mental foi outro dos temas que se abordaron no foro e o cal urxe, en palabras de Nicol\u00e1s Gonz\u00e1lez, \u201clevar ao debate p\u00fablico\u201d. \u201cA desigualdade c\u00e9base sobre todo coa sa\u00fade mental. <strong>\u00c9 o momento de dar un empux\u00f3n \u00e1 estratexia de sa\u00fade mental, debemos actuar desde o campo da prevenci\u00f3n e a regulaci\u00f3n<\/strong>\u201d, apuntaba ante unha problem\u00e1tica que afectou, especialmente, durante a pandemia aos m\u00e1is novos. Aplaudiu a recente posta en marcha do tel\u00e9fono de atenci\u00f3n \u00e1 conduta suicida en Espa\u00f1a, a\u00ednda que reco\u00f1eceu que deber\u00eda terse activado hai anos. Sobre a atenci\u00f3n \u00e1 <strong>desigualdade<\/strong> tam\u00e9n se referiu ao explicar as diversas medidas que se impulsan desde a UE para mellorar a calidade o aire, a climatizaci\u00f3n das vivendas ou a electrificaci\u00f3n dos coches e chamou a \u201cempuxar aos sectores que m\u00e1is o necesitan\u201d cara a elas mediante a adhesi\u00f3n aos fondos Next Generation, por exemplo. <\/p>\n\n\n\n<p class=\"has-black-color has-text-color has-medium-font-size\">Ante a presentaci\u00f3n da proposta do <strong>Espazo Europeo de Datos Sanitarios (EEDS) <\/strong>este mes de maio por parte da Comisi\u00f3n Europea, os relatores debateron sobre os pros e contras da dixitalizaci\u00f3n dos datos dos pacientes e da s\u00faa atenci\u00f3n sanitaria. Para o eurodeputado socialista, o EEDS permite crear <strong>\u201cun grande ecosistema europeo no campo da investigaci\u00f3n e a innovaci\u00f3n da sa\u00fade\u201d<\/strong> ao facilitar non s\u00f3 a atenci\u00f3n sanitaria en toda a UE, sen\u00f3n tam\u00e9n que os datos que se compartan posibiliten aumentar os co\u00f1ecementos sobre determinadas enfermidades e tratamentos. Cre que esta<strong> dixitalizaci\u00f3n<\/strong> ser\u00e1 beneficiosa sempre e cando non se aparte \u00e1 cidadan\u00eda do control da s\u00faa atenci\u00f3n sanitaria. <\/p>\n\n\n\n<p class=\"has-black-color has-text-color has-medium-font-size\">Sobre o relevante que \u00e9 a informaci\u00f3n para a sa\u00fade, Casares tam\u00e9n reivindicou unha <strong>informaci\u00f3n \u201ctransparente, fiable e baseada en evidencias cient\u00edficas\u201d<\/strong> para que a cidadan\u00eda poida seguir uns h\u00e1bitos saudables. <\/p>\n\n\n\n<p class=\"has-black-color has-text-color has-medium-font-size\">Na clausura do encontro, <strong>Sergi Barrera<\/strong>, o xefe da Oficina do Parlamento Europeo en Barcelona, quixo subli\u00f1ar \u201ca resposta unitaria\u201d da UE ante a crise da COVID-19 ou a guerra en Ucra\u00edna. \u201cA Uni\u00f3n Europea \u00e9 un proxecto que avanza a golpe de crise\u201d, afirmou.<\/p>\n","protected":false},"excerpt":{"rendered":"<p>O eurodeputado participa xunto a Carme Borrell e Manolis Kogevinas no foro organizado por Europa Press e o Parlamento Europeo en Barcelona<\/p>\n","protected":false},"author":4,"featured_media":4417,"comment_status":"closed","ping_status":"closed","sticky":false,"template":"","format":"standard","meta":{"footnotes":""},"categories":[34,32,42],"tags":[160,357,65,416,76],"yoast_head":"<!-- This site is optimized with the Yoast SEO plugin v22.3 - https:\/\/yoast.com\/wordpress\/plugins\/seo\/ -->\n<title>Casares avoga por \u201clevar ao debate p\u00fablico\u201d a sa\u00fade mental e impulsar a s\u00faa abordaxe desde a UE no ciclo &#039;El Futuro est\u00e1 en tus manos&#039; - Nico G. Casares %<\/title>\n<meta name=\"description\" content=\"O eurodeputado participa xunto a Carme Borrell e Manolis Kogevinas no foro organizado por Europa Press e o Parlamento Europeo en Barcelona\" \/>\n<meta name=\"robots\" content=\"index, follow, max-snippet:-1, max-image-preview:large, max-video-preview:-1\" \/>\n<link rel=\"canonical\" href=\"https:\/\/nicogcasares.eu\/gl\/casares-avoga-debate-publico-saude-mental-abordaxe-ue\/\" \/>\n<meta property=\"og:locale\" content=\"gl_ES\" \/>\n<meta property=\"og:type\" content=\"article\" \/>\n<meta property=\"og:title\" content=\"Casares avoga por \u201clevar ao debate p\u00fablico\u201d a sa\u00fade mental e impulsar a s\u00faa abordaxe desde a UE no ciclo &#039;El Futuro est\u00e1 en tus manos&#039;\" \/>\n<meta property=\"og:description\" content=\"O eurodeputado participa xunto a Carme Borrell e Manolis Kogevinas no foro organizado por Europa Press e o Parlamento Europeo en Barcelona\" \/>\n<meta property=\"og:url\" content=\"https:\/\/nicogcasares.eu\/gl\/casares-avoga-debate-publico-saude-mental-abordaxe-ue\/\" \/>\n<meta property=\"og:site_name\" content=\"Nico G. Casares\" \/>\n<meta property=\"article:published_time\" content=\"2022-05-27T13:16:31+00:00\" \/>\n<meta property=\"article:modified_time\" content=\"2022-05-27T13:18:36+00:00\" \/>\n<meta property=\"og:image\" content=\"https:\/\/nicogcasares.eu\/wp-content\/uploads\/2022\/05\/Nicolas-Gonzalez-Casares.png\" \/>\n\t<meta property=\"og:image:width\" content=\"1104\" \/>\n\t<meta property=\"og:image:height\" content=\"622\" \/>\n\t<meta property=\"og:image:type\" content=\"image\/png\" \/>\n<meta name=\"author\" content=\"Nicol\u00e1s Gonz\u00e1lez Casares\" \/>\n<meta name=\"twitter:card\" content=\"summary_large_image\" \/>\n<meta name=\"twitter:title\" content=\"Casares avoga por \u201clevar ao debate p\u00fablico\u201d a sa\u00fade mental e impulsar a s\u00faa abordaxe desde a UE no ciclo &#039;El Futuro est\u00e1 en tus manos&#039;\" \/>\n<meta name=\"twitter:description\" content=\"O eurodeputado participa xunto a Carme Borrell e Manolis Kogevinas no foro organizado por Europa Press e o Parlamento Europeo en Barcelona\" \/>\n<meta name=\"twitter:image\" content=\"https:\/\/nicogcasares.eu\/wp-content\/uploads\/2022\/05\/Nicolas-Gonzalez-Casares.png\" \/>\n<meta name=\"twitter:creator\" content=\"@nicogoncas\" \/>\n<meta name=\"twitter:site\" content=\"@nicogoncas\" \/>\n<meta name=\"twitter:label1\" content=\"Escrito por\" \/>\n\t<meta name=\"twitter:data1\" content=\"Nicol\u00e1s Gonz\u00e1lez Casares\" \/>\n\t<meta name=\"twitter:label2\" content=\"Tempo de lectura\" \/>\n\t<meta name=\"twitter:data2\" content=\"4 minutos\" \/>\n<script type=\"application\/ld+json\" class=\"yoast-schema-graph\">{\"@context\":\"https:\/\/schema.org\",\"@graph\":[{\"@type\":\"Article\",\"@id\":\"https:\/\/nicogcasares.eu\/gl\/casares-avoga-debate-publico-saude-mental-abordaxe-ue\/#article\",\"isPartOf\":{\"@id\":\"https:\/\/nicogcasares.eu\/gl\/casares-avoga-debate-publico-saude-mental-abordaxe-ue\/\"},\"author\":{\"name\":\"Nicol\u00e1s Gonz\u00e1lez Casares\",\"@id\":\"https:\/\/nicogcasares.eu\/gl\/#\/schema\/person\/75361477143e596646d48598a3778163\"},\"headline\":\"Casares avoga por \u201clevar ao debate p\u00fablico\u201d a sa\u00fade mental e impulsar a s\u00faa abordaxe desde a UE no ciclo &#8216;El Futuro est\u00e1 en tus manos&#8217;\",\"datePublished\":\"2022-05-27T13:16:31+00:00\",\"dateModified\":\"2022-05-27T13:18:36+00:00\",\"mainEntityOfPage\":{\"@id\":\"https:\/\/nicogcasares.eu\/gl\/casares-avoga-debate-publico-saude-mental-abordaxe-ue\/\"},\"wordCount\":771,\"publisher\":{\"@id\":\"https:\/\/nicogcasares.eu\/gl\/#\/schema\/person\/75361477143e596646d48598a3778163\"},\"image\":{\"@id\":\"https:\/\/nicogcasares.eu\/gl\/casares-avoga-debate-publico-saude-mental-abordaxe-ue\/#primaryimage\"},\"thumbnailUrl\":\"https:\/\/nicogcasares.eu\/wp-content\/uploads\/2022\/05\/Nicolas-Gonzalez-Casares.png\",\"keywords\":[\"Europa\",\"Nicol\u00e1s Gonz\u00e1lez Casares\",\"sa\u00fade\",\"sa\u00fade mental\",\"Uni\u00f3n Europea\"],\"articleSection\":[\"Actividade\",\"Novas\",\"Sa\u00fade\"],\"inLanguage\":\"gl-ES\"},{\"@type\":\"WebPage\",\"@id\":\"https:\/\/nicogcasares.eu\/gl\/casares-avoga-debate-publico-saude-mental-abordaxe-ue\/\",\"url\":\"https:\/\/nicogcasares.eu\/gl\/casares-avoga-debate-publico-saude-mental-abordaxe-ue\/\",\"name\":\"Casares avoga por \u201clevar ao debate p\u00fablico\u201d a sa\u00fade mental e impulsar a s\u00faa abordaxe desde a UE no ciclo 'El Futuro est\u00e1 en tus manos' - Nico G. Casares %\",\"isPartOf\":{\"@id\":\"https:\/\/nicogcasares.eu\/gl\/#website\"},\"primaryImageOfPage\":{\"@id\":\"https:\/\/nicogcasares.eu\/gl\/casares-avoga-debate-publico-saude-mental-abordaxe-ue\/#primaryimage\"},\"image\":{\"@id\":\"https:\/\/nicogcasares.eu\/gl\/casares-avoga-debate-publico-saude-mental-abordaxe-ue\/#primaryimage\"},\"thumbnailUrl\":\"https:\/\/nicogcasares.eu\/wp-content\/uploads\/2022\/05\/Nicolas-Gonzalez-Casares.png\",\"datePublished\":\"2022-05-27T13:16:31+00:00\",\"dateModified\":\"2022-05-27T13:18:36+00:00\",\"description\":\"O eurodeputado participa xunto a Carme Borrell e Manolis Kogevinas no foro organizado por Europa Press e o Parlamento Europeo en Barcelona\",\"breadcrumb\":{\"@id\":\"https:\/\/nicogcasares.eu\/gl\/casares-avoga-debate-publico-saude-mental-abordaxe-ue\/#breadcrumb\"},\"inLanguage\":\"gl-ES\",\"potentialAction\":[{\"@type\":\"ReadAction\",\"target\":[\"https:\/\/nicogcasares.eu\/gl\/casares-avoga-debate-publico-saude-mental-abordaxe-ue\/\"]}]},{\"@type\":\"ImageObject\",\"inLanguage\":\"gl-ES\",\"@id\":\"https:\/\/nicogcasares.eu\/gl\/casares-avoga-debate-publico-saude-mental-abordaxe-ue\/#primaryimage\",\"url\":\"https:\/\/nicogcasares.eu\/wp-content\/uploads\/2022\/05\/Nicolas-Gonzalez-Casares.png\",\"contentUrl\":\"https:\/\/nicogcasares.eu\/wp-content\/uploads\/2022\/05\/Nicolas-Gonzalez-Casares.png\",\"width\":1104,\"height\":622},{\"@type\":\"BreadcrumbList\",\"@id\":\"https:\/\/nicogcasares.eu\/gl\/casares-avoga-debate-publico-saude-mental-abordaxe-ue\/#breadcrumb\",\"itemListElement\":[{\"@type\":\"ListItem\",\"position\":1,\"name\":\"Portada\",\"item\":\"https:\/\/nicogcasares.eu\/gl\/\"},{\"@type\":\"ListItem\",\"position\":2,\"name\":\"Casares avoga por \u201clevar ao debate p\u00fablico\u201d a sa\u00fade mental e impulsar a s\u00faa abordaxe desde a UE no ciclo &#8216;El Futuro est\u00e1 en tus manos&#8217;\"}]},{\"@type\":\"WebSite\",\"@id\":\"https:\/\/nicogcasares.eu\/gl\/#website\",\"url\":\"https:\/\/nicogcasares.eu\/gl\/\",\"name\":\"Nico G. Casares\",\"description\":\"Diputado socialista en el parlamento europeo\",\"publisher\":{\"@id\":\"https:\/\/nicogcasares.eu\/gl\/#\/schema\/person\/75361477143e596646d48598a3778163\"},\"potentialAction\":[{\"@type\":\"SearchAction\",\"target\":{\"@type\":\"EntryPoint\",\"urlTemplate\":\"https:\/\/nicogcasares.eu\/gl\/?s={search_term_string}\"},\"query-input\":\"required name=search_term_string\"}],\"inLanguage\":\"gl-ES\"},{\"@type\":[\"Person\",\"Organization\"],\"@id\":\"https:\/\/nicogcasares.eu\/gl\/#\/schema\/person\/75361477143e596646d48598a3778163\",\"name\":\"Nicol\u00e1s Gonz\u00e1lez Casares\",\"image\":{\"@type\":\"ImageObject\",\"inLanguage\":\"gl-ES\",\"@id\":\"https:\/\/nicogcasares.eu\/gl\/#\/schema\/person\/image\/\",\"url\":\"https:\/\/nicogcasares.eu\/wp-content\/uploads\/2021\/11\/20211006_EP-119139A_FMA_0895_RESIZED_S.jpg\",\"contentUrl\":\"https:\/\/nicogcasares.eu\/wp-content\/uploads\/2021\/11\/20211006_EP-119139A_FMA_0895_RESIZED_S.jpg\",\"width\":639,\"height\":426,\"caption\":\"Nicol\u00e1s Gonz\u00e1lez Casares\"},\"logo\":{\"@id\":\"https:\/\/nicogcasares.eu\/gl\/#\/schema\/person\/image\/\"},\"url\":\"https:\/\/nicogcasares.eu\/gl\/author\/nico\/\"}]}<\/script>\n<!-- \/ Yoast SEO plugin. -->","yoast_head_json":{"title":"Casares avoga por \u201clevar ao debate p\u00fablico\u201d a sa\u00fade mental e impulsar a s\u00faa abordaxe desde a UE no ciclo 'El Futuro est\u00e1 en tus manos' - Nico G. Casares %","description":"O eurodeputado participa xunto a Carme Borrell e Manolis Kogevinas no foro organizado por Europa Press e o Parlamento Europeo en Barcelona","robots":{"index":"index","follow":"follow","max-snippet":"max-snippet:-1","max-image-preview":"max-image-preview:large","max-video-preview":"max-video-preview:-1"},"canonical":"https:\/\/nicogcasares.eu\/gl\/casares-avoga-debate-publico-saude-mental-abordaxe-ue\/","og_locale":"gl_ES","og_type":"article","og_title":"Casares avoga por \u201clevar ao debate p\u00fablico\u201d a sa\u00fade mental e impulsar a s\u00faa abordaxe desde a UE no ciclo 'El Futuro est\u00e1 en tus manos'","og_description":"O eurodeputado participa xunto a Carme Borrell e Manolis Kogevinas no foro organizado por Europa Press e o Parlamento Europeo en Barcelona","og_url":"https:\/\/nicogcasares.eu\/gl\/casares-avoga-debate-publico-saude-mental-abordaxe-ue\/","og_site_name":"Nico G. Casares","article_published_time":"2022-05-27T13:16:31+00:00","article_modified_time":"2022-05-27T13:18:36+00:00","og_image":[{"width":1104,"height":622,"url":"https:\/\/nicogcasares.eu\/wp-content\/uploads\/2022\/05\/Nicolas-Gonzalez-Casares.png","type":"image\/png"}],"author":"Nicol\u00e1s Gonz\u00e1lez Casares","twitter_card":"summary_large_image","twitter_title":"Casares avoga por \u201clevar ao debate p\u00fablico\u201d a sa\u00fade mental e impulsar a s\u00faa abordaxe desde a UE no ciclo 'El Futuro est\u00e1 en tus manos'","twitter_description":"O eurodeputado participa xunto a Carme Borrell e Manolis Kogevinas no foro organizado por Europa Press e o Parlamento Europeo en Barcelona","twitter_image":"https:\/\/nicogcasares.eu\/wp-content\/uploads\/2022\/05\/Nicolas-Gonzalez-Casares.png","twitter_creator":"@nicogoncas","twitter_site":"@nicogoncas","twitter_misc":{"Escrito por":"Nicol\u00e1s Gonz\u00e1lez Casares","Tempo de lectura":"4 minutos"},"schema":{"@context":"https:\/\/schema.org","@graph":[{"@type":"Article","@id":"https:\/\/nicogcasares.eu\/gl\/casares-avoga-debate-publico-saude-mental-abordaxe-ue\/#article","isPartOf":{"@id":"https:\/\/nicogcasares.eu\/gl\/casares-avoga-debate-publico-saude-mental-abordaxe-ue\/"},"author":{"name":"Nicol\u00e1s Gonz\u00e1lez Casares","@id":"https:\/\/nicogcasares.eu\/gl\/#\/schema\/person\/75361477143e596646d48598a3778163"},"headline":"Casares avoga por \u201clevar ao debate p\u00fablico\u201d a sa\u00fade mental e impulsar a s\u00faa abordaxe desde a UE no ciclo &#8216;El Futuro est\u00e1 en tus manos&#8217;","datePublished":"2022-05-27T13:16:31+00:00","dateModified":"2022-05-27T13:18:36+00:00","mainEntityOfPage":{"@id":"https:\/\/nicogcasares.eu\/gl\/casares-avoga-debate-publico-saude-mental-abordaxe-ue\/"},"wordCount":771,"publisher":{"@id":"https:\/\/nicogcasares.eu\/gl\/#\/schema\/person\/75361477143e596646d48598a3778163"},"image":{"@id":"https:\/\/nicogcasares.eu\/gl\/casares-avoga-debate-publico-saude-mental-abordaxe-ue\/#primaryimage"},"thumbnailUrl":"https:\/\/nicogcasares.eu\/wp-content\/uploads\/2022\/05\/Nicolas-Gonzalez-Casares.png","keywords":["Europa","Nicol\u00e1s Gonz\u00e1lez Casares","sa\u00fade","sa\u00fade mental","Uni\u00f3n Europea"],"articleSection":["Actividade","Novas","Sa\u00fade"],"inLanguage":"gl-ES"},{"@type":"WebPage","@id":"https:\/\/nicogcasares.eu\/gl\/casares-avoga-debate-publico-saude-mental-abordaxe-ue\/","url":"https:\/\/nicogcasares.eu\/gl\/casares-avoga-debate-publico-saude-mental-abordaxe-ue\/","name":"Casares avoga por \u201clevar ao debate p\u00fablico\u201d a sa\u00fade mental e impulsar a s\u00faa abordaxe desde a UE no ciclo 'El Futuro est\u00e1 en tus manos' - Nico G. Casares %","isPartOf":{"@id":"https:\/\/nicogcasares.eu\/gl\/#website"},"primaryImageOfPage":{"@id":"https:\/\/nicogcasares.eu\/gl\/casares-avoga-debate-publico-saude-mental-abordaxe-ue\/#primaryimage"},"image":{"@id":"https:\/\/nicogcasares.eu\/gl\/casares-avoga-debate-publico-saude-mental-abordaxe-ue\/#primaryimage"},"thumbnailUrl":"https:\/\/nicogcasares.eu\/wp-content\/uploads\/2022\/05\/Nicolas-Gonzalez-Casares.png","datePublished":"2022-05-27T13:16:31+00:00","dateModified":"2022-05-27T13:18:36+00:00","description":"O eurodeputado participa xunto a Carme Borrell e Manolis Kogevinas no foro organizado por Europa Press e o Parlamento Europeo en Barcelona","breadcrumb":{"@id":"https:\/\/nicogcasares.eu\/gl\/casares-avoga-debate-publico-saude-mental-abordaxe-ue\/#breadcrumb"},"inLanguage":"gl-ES","potentialAction":[{"@type":"ReadAction","target":["https:\/\/nicogcasares.eu\/gl\/casares-avoga-debate-publico-saude-mental-abordaxe-ue\/"]}]},{"@type":"ImageObject","inLanguage":"gl-ES","@id":"https:\/\/nicogcasares.eu\/gl\/casares-avoga-debate-publico-saude-mental-abordaxe-ue\/#primaryimage","url":"https:\/\/nicogcasares.eu\/wp-content\/uploads\/2022\/05\/Nicolas-Gonzalez-Casares.png","contentUrl":"https:\/\/nicogcasares.eu\/wp-content\/uploads\/2022\/05\/Nicolas-Gonzalez-Casares.png","width":1104,"height":622},{"@type":"BreadcrumbList","@id":"https:\/\/nicogcasares.eu\/gl\/casares-avoga-debate-publico-saude-mental-abordaxe-ue\/#breadcrumb","itemListElement":[{"@type":"ListItem","position":1,"name":"Portada","item":"https:\/\/nicogcasares.eu\/gl\/"},{"@type":"ListItem","position":2,"name":"Casares avoga por \u201clevar ao debate p\u00fablico\u201d a sa\u00fade mental e impulsar a s\u00faa abordaxe desde a UE no ciclo &#8216;El Futuro est\u00e1 en tus manos&#8217;"}]},{"@type":"WebSite","@id":"https:\/\/nicogcasares.eu\/gl\/#website","url":"https:\/\/nicogcasares.eu\/gl\/","name":"Nico G. Casares","description":"Diputado socialista en el parlamento europeo","publisher":{"@id":"https:\/\/nicogcasares.eu\/gl\/#\/schema\/person\/75361477143e596646d48598a3778163"},"potentialAction":[{"@type":"SearchAction","target":{"@type":"EntryPoint","urlTemplate":"https:\/\/nicogcasares.eu\/gl\/?s={search_term_string}"},"query-input":"required name=search_term_string"}],"inLanguage":"gl-ES"},{"@type":["Person","Organization"],"@id":"https:\/\/nicogcasares.eu\/gl\/#\/schema\/person\/75361477143e596646d48598a3778163","name":"Nicol\u00e1s Gonz\u00e1lez Casares","image":{"@type":"ImageObject","inLanguage":"gl-ES","@id":"https:\/\/nicogcasares.eu\/gl\/#\/schema\/person\/image\/","url":"https:\/\/nicogcasares.eu\/wp-content\/uploads\/2021\/11\/20211006_EP-119139A_FMA_0895_RESIZED_S.jpg","contentUrl":"https:\/\/nicogcasares.eu\/wp-content\/uploads\/2021\/11\/20211006_EP-119139A_FMA_0895_RESIZED_S.jpg","width":639,"height":426,"caption":"Nicol\u00e1s Gonz\u00e1lez Casares"},"logo":{"@id":"https:\/\/nicogcasares.eu\/gl\/#\/schema\/person\/image\/"},"url":"https:\/\/nicogcasares.eu\/gl\/author\/nico\/"}]}},"_links":{"self":[{"href":"https:\/\/nicogcasares.eu\/gl\/wp-json\/wp\/v2\/posts\/4419"}],"collection":[{"href":"https:\/\/nicogcasares.eu\/gl\/wp-json\/wp\/v2\/posts"}],"about":[{"href":"https:\/\/nicogcasares.eu\/gl\/wp-json\/wp\/v2\/types\/post"}],"author":[{"embeddable":true,"href":"https:\/\/nicogcasares.eu\/gl\/wp-json\/wp\/v2\/users\/4"}],"replies":[{"embeddable":true,"href":"https:\/\/nicogcasares.eu\/gl\/wp-json\/wp\/v2\/comments?post=4419"}],"version-history":[{"count":1,"href":"https:\/\/nicogcasares.eu\/gl\/wp-json\/wp\/v2\/posts\/4419\/revisions"}],"predecessor-version":[{"id":4420,"href":"https:\/\/nicogcasares.eu\/gl\/wp-json\/wp\/v2\/posts\/4419\/revisions\/4420"}],"wp:featuredmedia":[{"embeddable":true,"href":"https:\/\/nicogcasares.eu\/gl\/wp-json\/wp\/v2\/media\/4417"}],"wp:attachment":[{"href":"https:\/\/nicogcasares.eu\/gl\/wp-json\/wp\/v2\/media?parent=4419"}],"wp:term":[{"taxonomy":"category","embeddable":true,"href":"https:\/\/nicogcasares.eu\/gl\/wp-json\/wp\/v2\/categories?post=4419"},{"taxonomy":"post_tag","embeddable":true,"href":"https:\/\/nicogcasares.eu\/gl\/wp-json\/wp\/v2\/tags?post=4419"}],"curies":[{"name":"wp","href":"https:\/\/api.w.org\/{rel}","templated":true}]}}