{"id":4444,"date":"2022-06-09T17:23:39","date_gmt":"2022-06-09T15:23:39","guid":{"rendered":"https:\/\/nicogcasares.eu\/?p=4444"},"modified":"2022-06-09T17:25:06","modified_gmt":"2022-06-09T15:25:06","slug":"nicolas-gonzalez-avance-transicion-ecoloxica-europa-galicia","status":"publish","type":"post","link":"https:\/\/nicogcasares.eu\/gl\/nicolas-gonzalez-avance-transicion-ecoloxica-europa-galicia\/","title":{"rendered":"Nicol\u00e1s Gonz\u00e1lez: \u201cAnte o avance da transici\u00f3n ecol\u00f3xica en Europa, Galicia non pode perder o paso\u201d"},"content":{"rendered":"\n<p class=\"has-black-color has-text-color has-medium-font-size\"><strong>O eurodeputado chama a descarbonizar o transporte a\u00e9reo e mar\u00edtimo e a electrificar a estrada<\/strong><\/p>\n\n\n\n<p class=\"has-black-color has-text-color has-medium-font-size\">O <strong>Parlamento Europeo<\/strong> v\u00e9n de aprobar a proposta lexislativa para que no ano 2035 se deixen de vender coches con <strong>motores de combusti\u00f3n<\/strong>. Unha medida que <strong>Nicol\u00e1s Gonz\u00e1lez Casares<\/strong>, eurodeputado socialista e membro da Comisi\u00f3n de Industria, Investigaci\u00f3n e Enerx\u00eda do Parlamento Europeo, considera \u201cun paso adiante na loita contra o cambio clim\u00e1tico\u201d a\u00ednda que avisa dos desaf\u00edos industriais que representa e os posibles problemas que se poden dar no emprego deste sector, polo que anima a convertese en \u201c<strong>punteiros no coche el\u00e9ctrico e conectado<\/strong>\u201d. <\/p>\n\n\n\n<p class=\"has-black-color has-text-color has-medium-font-size\">\u201cA <strong>descarbonizaci\u00f3n<\/strong> da nosa industria e do noso transporte ser\u00e1 un elemento de competitividade no futuro e non podemos seguir dubidando en que <strong>o futuro da mobilidade ser\u00e1 el\u00e9ctrico<\/strong>\u201d, asegura o eurodeputado. Nesta li\u00f1a, entende que os novos combustibles como o hidr\u00f3xeno e derivados hai que destinalos a descarbonizar o transporte a\u00e9reo e mar\u00edtimo, polo que \u201cpara a estrada a electrificaci\u00f3n \u00e9 a resposta\u201d. Respecto \u00e1 proposta de proposta de usar biocombustibles e fueis sint\u00e9ticos que a\u00ednda non existen para 2035, ve nela \u201cun xeito de introducir inseguridade\u201d. <\/p>\n\n\n\n<p class=\"has-black-color has-text-color has-medium-font-size\"><strong>\u201cAnte o avance da transici\u00f3n ecol\u00f3xica en Europa, Galicia non pode perder o paso\u201d<\/strong>, engade Gonz\u00e1lez Casares e sinala aos fondos Next Generation como a \u201coportunidade de po\u00f1erse na cabeza nestas industrias\u201d. <\/p>\n\n\n\n<p class=\"has-black-color has-text-color has-medium-font-size\">A proposta dun <strong>mecanismo de axuste de carbono en fronteira <\/strong>que trata de equilibrar o campo de xogo entre as industrias europeas que pagan CO2 e as for\u00e1neas que non est\u00e1n sometidas a este gravame quedou pendente de votaci\u00f3n. O europarlamentario val\u00f3rao como \u201cun bo mecanismo para a protecci\u00f3n dunha industria galega que transita pola descarbonizaci\u00f3n e que como <strong>ALCOA na Mari\u00f1a<\/strong> ve nas renovables unha oportunidade para reducir os seus custes e poder fabricar aluminio primario verde e competitivo. Este axuste de fronteira vai facilitar a produci\u00f3n baixo est\u00e1ndares m\u00e1is verdes que os europeo dentro da propia UE\u201d. <\/p>\n\n\n\n<p class=\"has-black-color has-text-color has-medium-font-size\">Tam\u00e9n quedou \u00e1 espera de someterse a votaci\u00f3n, a proposta que introduce unha taxa no sector do transporte e a edificaci\u00f3n, o chamado <strong>ETS2 (o novo R\u00e9xime do Comercio de Emisi\u00f3ns)<\/strong> que busca impulsar a reduci\u00f3n de emisi\u00f3ns neses \u00e1mbitos.<\/p>\n","protected":false},"excerpt":{"rendered":"<p>O eurodeputado chama a descarbonizar o transporte a\u00e9reo e mar\u00edtimo e a electrificar a estrada<\/p>\n","protected":false},"author":4,"featured_media":4440,"comment_status":"closed","ping_status":"closed","sticky":false,"template":"","format":"standard","meta":{"footnotes":""},"categories":[34,29,30,31,32],"tags":[164,373,417,150,355,73],"yoast_head":"<!-- This site is optimized with the Yoast SEO plugin v22.3 - https:\/\/yoast.com\/wordpress\/plugins\/seo\/ -->\n<title>Nicol\u00e1s Gonz\u00e1lez: \u201cAnte o avance da transici\u00f3n ecol\u00f3xica en Europa, Galicia non pode perder o paso\u201d - Nico G. Casares %<\/title>\n<meta name=\"description\" content=\"O eurodeputado chama a descarbonizar o transporte a\u00e9reo e mar\u00edtimo e a electrificar a estrada\" \/>\n<meta name=\"robots\" content=\"index, follow, max-snippet:-1, max-image-preview:large, max-video-preview:-1\" \/>\n<link rel=\"canonical\" href=\"https:\/\/nicogcasares.eu\/gl\/nicolas-gonzalez-avance-transicion-ecoloxica-europa-galicia\/\" \/>\n<meta property=\"og:locale\" content=\"gl_ES\" \/>\n<meta property=\"og:type\" content=\"article\" \/>\n<meta property=\"og:title\" content=\"Nicol\u00e1s Gonz\u00e1lez: \u201cAnte o avance da transici\u00f3n ecol\u00f3xica en Europa, Galicia non pode perder o paso\u201d\" \/>\n<meta property=\"og:description\" content=\"O eurodeputado chama a descarbonizar o transporte a\u00e9reo e mar\u00edtimo e a electrificar a estrada\" \/>\n<meta property=\"og:url\" content=\"https:\/\/nicogcasares.eu\/gl\/nicolas-gonzalez-avance-transicion-ecoloxica-europa-galicia\/\" \/>\n<meta property=\"og:site_name\" content=\"Nico G. Casares\" \/>\n<meta property=\"article:published_time\" content=\"2022-06-09T15:23:39+00:00\" \/>\n<meta property=\"article:modified_time\" content=\"2022-06-09T15:25:06+00:00\" \/>\n<meta property=\"og:image\" content=\"https:\/\/nicogcasares.eu\/wp-content\/uploads\/2022\/06\/Nicolas-Gonzalez-Casares.jpg\" \/>\n\t<meta property=\"og:image:width\" content=\"1600\" \/>\n\t<meta property=\"og:image:height\" content=\"1064\" \/>\n\t<meta property=\"og:image:type\" content=\"image\/jpeg\" \/>\n<meta name=\"author\" content=\"Nicol\u00e1s Gonz\u00e1lez Casares\" \/>\n<meta name=\"twitter:card\" content=\"summary_large_image\" \/>\n<meta name=\"twitter:title\" content=\"Nicol\u00e1s Gonz\u00e1lez: \u201cAnte o avance da transici\u00f3n ecol\u00f3xica en Europa, Galicia non pode perder o paso\u201d\" \/>\n<meta name=\"twitter:description\" content=\"O eurodeputado chama a descarbonizar o transporte a\u00e9reo e mar\u00edtimo e a electrificar a estrada\" \/>\n<meta name=\"twitter:image\" content=\"https:\/\/nicogcasares.eu\/wp-content\/uploads\/2022\/06\/Nicolas-Gonzalez-Casares.jpg\" \/>\n<meta name=\"twitter:creator\" content=\"@nicogoncas\" \/>\n<meta name=\"twitter:site\" content=\"@nicogoncas\" \/>\n<meta name=\"twitter:label1\" content=\"Escrito por\" \/>\n\t<meta name=\"twitter:data1\" content=\"Nicol\u00e1s Gonz\u00e1lez Casares\" \/>\n\t<meta name=\"twitter:label2\" content=\"Tempo de lectura\" \/>\n\t<meta name=\"twitter:data2\" content=\"2 minutos\" \/>\n<script type=\"application\/ld+json\" class=\"yoast-schema-graph\">{\"@context\":\"https:\/\/schema.org\",\"@graph\":[{\"@type\":\"Article\",\"@id\":\"https:\/\/nicogcasares.eu\/gl\/nicolas-gonzalez-avance-transicion-ecoloxica-europa-galicia\/#article\",\"isPartOf\":{\"@id\":\"https:\/\/nicogcasares.eu\/gl\/nicolas-gonzalez-avance-transicion-ecoloxica-europa-galicia\/\"},\"author\":{\"name\":\"Nicol\u00e1s Gonz\u00e1lez Casares\",\"@id\":\"https:\/\/nicogcasares.eu\/gl\/#\/schema\/person\/75361477143e596646d48598a3778163\"},\"headline\":\"Nicol\u00e1s Gonz\u00e1lez: \u201cAnte o avance da transici\u00f3n ecol\u00f3xica en Europa, Galicia non pode perder o paso\u201d\",\"datePublished\":\"2022-06-09T15:23:39+00:00\",\"dateModified\":\"2022-06-09T15:25:06+00:00\",\"mainEntityOfPage\":{\"@id\":\"https:\/\/nicogcasares.eu\/gl\/nicolas-gonzalez-avance-transicion-ecoloxica-europa-galicia\/\"},\"wordCount\":417,\"publisher\":{\"@id\":\"https:\/\/nicogcasares.eu\/gl\/#\/schema\/person\/75361477143e596646d48598a3778163\"},\"image\":{\"@id\":\"https:\/\/nicogcasares.eu\/gl\/nicolas-gonzalez-avance-transicion-ecoloxica-europa-galicia\/#primaryimage\"},\"thumbnailUrl\":\"https:\/\/nicogcasares.eu\/wp-content\/uploads\/2022\/06\/Nicolas-Gonzalez-Casares.jpg\",\"keywords\":[\"Energ\u00eda\",\"energ\u00eda renovable\",\"enerx\u00eda\",\"Europa\",\"Nicol\u00e1s Gonz\u00e1lez Casares\",\"Uni\u00f3n Europea\"],\"articleSection\":[\"Actividade\",\"Enerx\u00eda\",\"Industria\",\"Medio ambiente\",\"Novas\"],\"inLanguage\":\"gl-ES\"},{\"@type\":\"WebPage\",\"@id\":\"https:\/\/nicogcasares.eu\/gl\/nicolas-gonzalez-avance-transicion-ecoloxica-europa-galicia\/\",\"url\":\"https:\/\/nicogcasares.eu\/gl\/nicolas-gonzalez-avance-transicion-ecoloxica-europa-galicia\/\",\"name\":\"Nicol\u00e1s Gonz\u00e1lez: \u201cAnte o avance da transici\u00f3n ecol\u00f3xica en Europa, Galicia non pode perder o paso\u201d - Nico G. Casares %\",\"isPartOf\":{\"@id\":\"https:\/\/nicogcasares.eu\/gl\/#website\"},\"primaryImageOfPage\":{\"@id\":\"https:\/\/nicogcasares.eu\/gl\/nicolas-gonzalez-avance-transicion-ecoloxica-europa-galicia\/#primaryimage\"},\"image\":{\"@id\":\"https:\/\/nicogcasares.eu\/gl\/nicolas-gonzalez-avance-transicion-ecoloxica-europa-galicia\/#primaryimage\"},\"thumbnailUrl\":\"https:\/\/nicogcasares.eu\/wp-content\/uploads\/2022\/06\/Nicolas-Gonzalez-Casares.jpg\",\"datePublished\":\"2022-06-09T15:23:39+00:00\",\"dateModified\":\"2022-06-09T15:25:06+00:00\",\"description\":\"O eurodeputado chama a descarbonizar o transporte a\u00e9reo e mar\u00edtimo e a electrificar a estrada\",\"breadcrumb\":{\"@id\":\"https:\/\/nicogcasares.eu\/gl\/nicolas-gonzalez-avance-transicion-ecoloxica-europa-galicia\/#breadcrumb\"},\"inLanguage\":\"gl-ES\",\"potentialAction\":[{\"@type\":\"ReadAction\",\"target\":[\"https:\/\/nicogcasares.eu\/gl\/nicolas-gonzalez-avance-transicion-ecoloxica-europa-galicia\/\"]}]},{\"@type\":\"ImageObject\",\"inLanguage\":\"gl-ES\",\"@id\":\"https:\/\/nicogcasares.eu\/gl\/nicolas-gonzalez-avance-transicion-ecoloxica-europa-galicia\/#primaryimage\",\"url\":\"https:\/\/nicogcasares.eu\/wp-content\/uploads\/2022\/06\/Nicolas-Gonzalez-Casares.jpg\",\"contentUrl\":\"https:\/\/nicogcasares.eu\/wp-content\/uploads\/2022\/06\/Nicolas-Gonzalez-Casares.jpg\",\"width\":1600,\"height\":1064},{\"@type\":\"BreadcrumbList\",\"@id\":\"https:\/\/nicogcasares.eu\/gl\/nicolas-gonzalez-avance-transicion-ecoloxica-europa-galicia\/#breadcrumb\",\"itemListElement\":[{\"@type\":\"ListItem\",\"position\":1,\"name\":\"Portada\",\"item\":\"https:\/\/nicogcasares.eu\/gl\/\"},{\"@type\":\"ListItem\",\"position\":2,\"name\":\"Nicol\u00e1s Gonz\u00e1lez: \u201cAnte o avance da transici\u00f3n ecol\u00f3xica en Europa, Galicia non pode perder o paso\u201d\"}]},{\"@type\":\"WebSite\",\"@id\":\"https:\/\/nicogcasares.eu\/gl\/#website\",\"url\":\"https:\/\/nicogcasares.eu\/gl\/\",\"name\":\"Nico G. Casares\",\"description\":\"Diputado socialista en el parlamento europeo\",\"publisher\":{\"@id\":\"https:\/\/nicogcasares.eu\/gl\/#\/schema\/person\/75361477143e596646d48598a3778163\"},\"potentialAction\":[{\"@type\":\"SearchAction\",\"target\":{\"@type\":\"EntryPoint\",\"urlTemplate\":\"https:\/\/nicogcasares.eu\/gl\/?s={search_term_string}\"},\"query-input\":\"required name=search_term_string\"}],\"inLanguage\":\"gl-ES\"},{\"@type\":[\"Person\",\"Organization\"],\"@id\":\"https:\/\/nicogcasares.eu\/gl\/#\/schema\/person\/75361477143e596646d48598a3778163\",\"name\":\"Nicol\u00e1s Gonz\u00e1lez Casares\",\"image\":{\"@type\":\"ImageObject\",\"inLanguage\":\"gl-ES\",\"@id\":\"https:\/\/nicogcasares.eu\/gl\/#\/schema\/person\/image\/\",\"url\":\"https:\/\/nicogcasares.eu\/wp-content\/uploads\/2021\/11\/20211006_EP-119139A_FMA_0895_RESIZED_S.jpg\",\"contentUrl\":\"https:\/\/nicogcasares.eu\/wp-content\/uploads\/2021\/11\/20211006_EP-119139A_FMA_0895_RESIZED_S.jpg\",\"width\":639,\"height\":426,\"caption\":\"Nicol\u00e1s Gonz\u00e1lez Casares\"},\"logo\":{\"@id\":\"https:\/\/nicogcasares.eu\/gl\/#\/schema\/person\/image\/\"},\"url\":\"https:\/\/nicogcasares.eu\/gl\/author\/nico\/\"}]}<\/script>\n<!-- \/ Yoast SEO plugin. -->","yoast_head_json":{"title":"Nicol\u00e1s Gonz\u00e1lez: \u201cAnte o avance da transici\u00f3n ecol\u00f3xica en Europa, Galicia non pode perder o paso\u201d - Nico G. Casares %","description":"O eurodeputado chama a descarbonizar o transporte a\u00e9reo e mar\u00edtimo e a electrificar a estrada","robots":{"index":"index","follow":"follow","max-snippet":"max-snippet:-1","max-image-preview":"max-image-preview:large","max-video-preview":"max-video-preview:-1"},"canonical":"https:\/\/nicogcasares.eu\/gl\/nicolas-gonzalez-avance-transicion-ecoloxica-europa-galicia\/","og_locale":"gl_ES","og_type":"article","og_title":"Nicol\u00e1s Gonz\u00e1lez: \u201cAnte o avance da transici\u00f3n ecol\u00f3xica en Europa, Galicia non pode perder o paso\u201d","og_description":"O eurodeputado chama a descarbonizar o transporte a\u00e9reo e mar\u00edtimo e a electrificar a estrada","og_url":"https:\/\/nicogcasares.eu\/gl\/nicolas-gonzalez-avance-transicion-ecoloxica-europa-galicia\/","og_site_name":"Nico G. Casares","article_published_time":"2022-06-09T15:23:39+00:00","article_modified_time":"2022-06-09T15:25:06+00:00","og_image":[{"width":1600,"height":1064,"url":"https:\/\/nicogcasares.eu\/wp-content\/uploads\/2022\/06\/Nicolas-Gonzalez-Casares.jpg","type":"image\/jpeg"}],"author":"Nicol\u00e1s Gonz\u00e1lez Casares","twitter_card":"summary_large_image","twitter_title":"Nicol\u00e1s Gonz\u00e1lez: \u201cAnte o avance da transici\u00f3n ecol\u00f3xica en Europa, Galicia non pode perder o paso\u201d","twitter_description":"O eurodeputado chama a descarbonizar o transporte a\u00e9reo e mar\u00edtimo e a electrificar a estrada","twitter_image":"https:\/\/nicogcasares.eu\/wp-content\/uploads\/2022\/06\/Nicolas-Gonzalez-Casares.jpg","twitter_creator":"@nicogoncas","twitter_site":"@nicogoncas","twitter_misc":{"Escrito por":"Nicol\u00e1s Gonz\u00e1lez Casares","Tempo de lectura":"2 minutos"},"schema":{"@context":"https:\/\/schema.org","@graph":[{"@type":"Article","@id":"https:\/\/nicogcasares.eu\/gl\/nicolas-gonzalez-avance-transicion-ecoloxica-europa-galicia\/#article","isPartOf":{"@id":"https:\/\/nicogcasares.eu\/gl\/nicolas-gonzalez-avance-transicion-ecoloxica-europa-galicia\/"},"author":{"name":"Nicol\u00e1s Gonz\u00e1lez Casares","@id":"https:\/\/nicogcasares.eu\/gl\/#\/schema\/person\/75361477143e596646d48598a3778163"},"headline":"Nicol\u00e1s Gonz\u00e1lez: \u201cAnte o avance da transici\u00f3n ecol\u00f3xica en Europa, Galicia non pode perder o paso\u201d","datePublished":"2022-06-09T15:23:39+00:00","dateModified":"2022-06-09T15:25:06+00:00","mainEntityOfPage":{"@id":"https:\/\/nicogcasares.eu\/gl\/nicolas-gonzalez-avance-transicion-ecoloxica-europa-galicia\/"},"wordCount":417,"publisher":{"@id":"https:\/\/nicogcasares.eu\/gl\/#\/schema\/person\/75361477143e596646d48598a3778163"},"image":{"@id":"https:\/\/nicogcasares.eu\/gl\/nicolas-gonzalez-avance-transicion-ecoloxica-europa-galicia\/#primaryimage"},"thumbnailUrl":"https:\/\/nicogcasares.eu\/wp-content\/uploads\/2022\/06\/Nicolas-Gonzalez-Casares.jpg","keywords":["Energ\u00eda","energ\u00eda renovable","enerx\u00eda","Europa","Nicol\u00e1s Gonz\u00e1lez Casares","Uni\u00f3n Europea"],"articleSection":["Actividade","Enerx\u00eda","Industria","Medio ambiente","Novas"],"inLanguage":"gl-ES"},{"@type":"WebPage","@id":"https:\/\/nicogcasares.eu\/gl\/nicolas-gonzalez-avance-transicion-ecoloxica-europa-galicia\/","url":"https:\/\/nicogcasares.eu\/gl\/nicolas-gonzalez-avance-transicion-ecoloxica-europa-galicia\/","name":"Nicol\u00e1s Gonz\u00e1lez: \u201cAnte o avance da transici\u00f3n ecol\u00f3xica en Europa, Galicia non pode perder o paso\u201d - Nico G. Casares %","isPartOf":{"@id":"https:\/\/nicogcasares.eu\/gl\/#website"},"primaryImageOfPage":{"@id":"https:\/\/nicogcasares.eu\/gl\/nicolas-gonzalez-avance-transicion-ecoloxica-europa-galicia\/#primaryimage"},"image":{"@id":"https:\/\/nicogcasares.eu\/gl\/nicolas-gonzalez-avance-transicion-ecoloxica-europa-galicia\/#primaryimage"},"thumbnailUrl":"https:\/\/nicogcasares.eu\/wp-content\/uploads\/2022\/06\/Nicolas-Gonzalez-Casares.jpg","datePublished":"2022-06-09T15:23:39+00:00","dateModified":"2022-06-09T15:25:06+00:00","description":"O eurodeputado chama a descarbonizar o transporte a\u00e9reo e mar\u00edtimo e a electrificar a estrada","breadcrumb":{"@id":"https:\/\/nicogcasares.eu\/gl\/nicolas-gonzalez-avance-transicion-ecoloxica-europa-galicia\/#breadcrumb"},"inLanguage":"gl-ES","potentialAction":[{"@type":"ReadAction","target":["https:\/\/nicogcasares.eu\/gl\/nicolas-gonzalez-avance-transicion-ecoloxica-europa-galicia\/"]}]},{"@type":"ImageObject","inLanguage":"gl-ES","@id":"https:\/\/nicogcasares.eu\/gl\/nicolas-gonzalez-avance-transicion-ecoloxica-europa-galicia\/#primaryimage","url":"https:\/\/nicogcasares.eu\/wp-content\/uploads\/2022\/06\/Nicolas-Gonzalez-Casares.jpg","contentUrl":"https:\/\/nicogcasares.eu\/wp-content\/uploads\/2022\/06\/Nicolas-Gonzalez-Casares.jpg","width":1600,"height":1064},{"@type":"BreadcrumbList","@id":"https:\/\/nicogcasares.eu\/gl\/nicolas-gonzalez-avance-transicion-ecoloxica-europa-galicia\/#breadcrumb","itemListElement":[{"@type":"ListItem","position":1,"name":"Portada","item":"https:\/\/nicogcasares.eu\/gl\/"},{"@type":"ListItem","position":2,"name":"Nicol\u00e1s Gonz\u00e1lez: \u201cAnte o avance da transici\u00f3n ecol\u00f3xica en Europa, Galicia non pode perder o paso\u201d"}]},{"@type":"WebSite","@id":"https:\/\/nicogcasares.eu\/gl\/#website","url":"https:\/\/nicogcasares.eu\/gl\/","name":"Nico G. Casares","description":"Diputado socialista en el parlamento europeo","publisher":{"@id":"https:\/\/nicogcasares.eu\/gl\/#\/schema\/person\/75361477143e596646d48598a3778163"},"potentialAction":[{"@type":"SearchAction","target":{"@type":"EntryPoint","urlTemplate":"https:\/\/nicogcasares.eu\/gl\/?s={search_term_string}"},"query-input":"required name=search_term_string"}],"inLanguage":"gl-ES"},{"@type":["Person","Organization"],"@id":"https:\/\/nicogcasares.eu\/gl\/#\/schema\/person\/75361477143e596646d48598a3778163","name":"Nicol\u00e1s Gonz\u00e1lez Casares","image":{"@type":"ImageObject","inLanguage":"gl-ES","@id":"https:\/\/nicogcasares.eu\/gl\/#\/schema\/person\/image\/","url":"https:\/\/nicogcasares.eu\/wp-content\/uploads\/2021\/11\/20211006_EP-119139A_FMA_0895_RESIZED_S.jpg","contentUrl":"https:\/\/nicogcasares.eu\/wp-content\/uploads\/2021\/11\/20211006_EP-119139A_FMA_0895_RESIZED_S.jpg","width":639,"height":426,"caption":"Nicol\u00e1s Gonz\u00e1lez Casares"},"logo":{"@id":"https:\/\/nicogcasares.eu\/gl\/#\/schema\/person\/image\/"},"url":"https:\/\/nicogcasares.eu\/gl\/author\/nico\/"}]}},"_links":{"self":[{"href":"https:\/\/nicogcasares.eu\/gl\/wp-json\/wp\/v2\/posts\/4444"}],"collection":[{"href":"https:\/\/nicogcasares.eu\/gl\/wp-json\/wp\/v2\/posts"}],"about":[{"href":"https:\/\/nicogcasares.eu\/gl\/wp-json\/wp\/v2\/types\/post"}],"author":[{"embeddable":true,"href":"https:\/\/nicogcasares.eu\/gl\/wp-json\/wp\/v2\/users\/4"}],"replies":[{"embeddable":true,"href":"https:\/\/nicogcasares.eu\/gl\/wp-json\/wp\/v2\/comments?post=4444"}],"version-history":[{"count":1,"href":"https:\/\/nicogcasares.eu\/gl\/wp-json\/wp\/v2\/posts\/4444\/revisions"}],"predecessor-version":[{"id":4445,"href":"https:\/\/nicogcasares.eu\/gl\/wp-json\/wp\/v2\/posts\/4444\/revisions\/4445"}],"wp:featuredmedia":[{"embeddable":true,"href":"https:\/\/nicogcasares.eu\/gl\/wp-json\/wp\/v2\/media\/4440"}],"wp:attachment":[{"href":"https:\/\/nicogcasares.eu\/gl\/wp-json\/wp\/v2\/media?parent=4444"}],"wp:term":[{"taxonomy":"category","embeddable":true,"href":"https:\/\/nicogcasares.eu\/gl\/wp-json\/wp\/v2\/categories?post=4444"},{"taxonomy":"post_tag","embeddable":true,"href":"https:\/\/nicogcasares.eu\/gl\/wp-json\/wp\/v2\/tags?post=4444"}],"curies":[{"name":"wp","href":"https:\/\/api.w.org\/{rel}","templated":true}]}}