{"id":4544,"date":"2022-07-05T15:13:49","date_gmt":"2022-07-05T13:13:49","guid":{"rendered":"https:\/\/nicogcasares.eu\/?p=4544"},"modified":"2022-07-05T15:17:37","modified_gmt":"2022-07-05T13:17:37","slug":"greenwashing-nicolas-gonzalez-casares-rexeita-gas-enuclear-como-enerxias-verdes","status":"publish","type":"post","link":"https:\/\/nicogcasares.eu\/gl\/greenwashing-nicolas-gonzalez-casares-rexeita-gas-enuclear-como-enerxias-verdes\/","title":{"rendered":"\u201cUn perigoso exercicio de greenwashing\u201d. Nicol\u00e1s Gonz\u00e1lez Casares rexeita a clasificaci\u00f3n do gas e a nuclear como enerx\u00edas verdes"},"content":{"rendered":"\n<p class=\"has-text-align-left has-black-color has-text-color has-medium-font-size\"><strong>O voto do Pleno del Parlamento celebrarase este m\u00e9rcores<\/strong><\/p>\n\n\n\n<p class=\"has-text-align-left has-black-color has-text-color has-medium-font-size\">Os eurodeputados das comisi\u00f3ns do Parlamento Europeo de Econom\u00eda e Medio rexeitaron o pasado 14 de xu\u00f1o <strong>que os investimentos en enerx\u00eda nuclear e de gas f\u00f3sil consid\u00e9rense sostibles<\/strong> e poidan gozar da mesma categor\u00eda que as enerx\u00edas renovables. <\/p>\n\n\n\n<p class=\"has-text-align-left has-black-color has-text-color has-medium-font-size\">A votaci\u00f3n decidiuse por unha marxe maior do esperado, 72 a favor, 62 en contra e catro abstenci\u00f3ns; as\u00ed os membros destas d\u00faas comisi\u00f3ns obxectaron conxuntamente a denominada<strong> taxonom\u00eda<\/strong>, un sistema de etiquetaxe de investimentos para discernir aquilo que \u00e9 verde do que non o \u00e9. Tr\u00e1tase dun <strong>conxunto de clasificaci\u00f3ns para orientar os investimentos comunitarios na transici\u00f3n ecol\u00f3xica<\/strong>, neste caso afecta \u00e1 enerx\u00eda, pero que se ir\u00e1n despregando a outros sectores econ\u00f3micos como o forestal, o manufactureiro, o transporte ou a agricultura. <\/p>\n\n\n\n<p class=\"has-text-align-left has-black-color has-text-color has-medium-font-size\">A pesar desta valoraci\u00f3n das comisi\u00f3ns parlamentarias, toca <strong>esperar ao voto do Pleno do Parlamento que se celebrar\u00e1 este m\u00e9rcores, 6 de xullo<\/strong>. Para que a controvertida proposta prospere <strong>necesitar\u00eda o apoio de polo menos a metade dos escanos<\/strong> (353), e parece complicado que atope apoios suficientes. O Consello da UE poder\u00eda rexeitar o texto sobre a taxonom\u00eda, pero para iso ser\u00eda necesario que se opo\u00f1an o 72% dos pa\u00edses (20 de 27 capitais) e que representen, polo menos, ao 65% da poboaci\u00f3n da UE. <\/p>\n\n\n\n<p class=\"has-text-align-left has-black-color has-text-color has-medium-font-size\">Para Nicol\u00e1s Gonz\u00e1lez Casares, eurodeputado relator da revisi\u00f3n da Directiva de Renovables polo Grupo Socialdem\u00f3crata Europeo, <strong>\u201cnin o gas f\u00f3sil nin a opci\u00f3n nuclear deben gozar da etiqueta verde\u201d<\/strong> e considera \u201cun perigoso exercicio de <strong>greenwashing<\/strong>\u201d, o que iso suceda. Con todo, sost\u00e9n necesario analizar a nivel auton\u00f3mico e nacional que opci\u00f3n ser\u00eda m\u00e1is beneficiosa para o noso territorio, tanto en termos ambientais como econ\u00f3micos.<\/p>\n\n\n\n<p class=\"has-text-align-left has-black-color has-text-color has-medium-font-size\">A Galicia non lle interesa que estas d\u00faas fontes de enerx\u00eda, plantas de enerx\u00eda at\u00f3mica e as centrais de gas dedicadas \u00e1 xeraci\u00f3n el\u00e9ctrica, sexan consideradas sostibles. \u201c<strong>A nosa comunidade ten un gran potencial renovable<\/strong>, ten as infraestruturas de gas f\u00f3sil que necesita e non hai intenci\u00f3n algunha de instalar unha central nuclear\u201d. Neste escenario \u201ccolgarlles a etiqueta verde a esas tecnolox\u00edas desviar\u00eda investimentos para aproveitar o noso potencial renovable e de proxectos de hidr\u00f3xeno verde cara a outras latitudes que si te\u00f1en intenci\u00f3n de investir en gas natural ou nucleares\u201d. <\/p>\n\n\n\n<p class=\"has-text-align-left has-black-color has-text-color has-medium-font-size\">A nivel nacional, <strong>Espa\u00f1a \u00e9 o pa\u00eds con maior potencial de enerx\u00edas renovables de toda a UE<\/strong>. \u201cO noso pa\u00eds, produto do seu illamento el\u00e9ctrico, conta cunhas estruturas gaseiras que son, por causa da guerra en Ucra\u00edna, a envexa de Europa porque nos dan m\u00faltiples opci\u00f3ns para asegurar a subministraci\u00f3n\u201d, explica o eurodeputado socialista. A ter en conta, tam\u00e9n, que non existe ningunha proposta empresarial seria sobre novas infraestruturas nucleares. \u201cA\u00ednda que, se debate sobre a posibilidade dunha infraestrutura gaseira que conecte Espa\u00f1a con Europa, para o noso pa\u00eds carecer\u00eda de sentido se non fose compatible co Hidr\u00f3xeno Verde, que se poder\u00eda entrar na categor\u00eda de renovable.\u201d, concl\u00fae Gonz\u00e1lez Casares. <\/p>\n\n\n\n<p class=\"has-text-align-left has-black-color has-text-color has-medium-font-size\">Por todo o exposto, <strong>Casares considera que para os intereses espa\u00f1ois e galegos \u201cnon ser\u00eda responsable votar a favor de que a nuclear e moito menos o gas f\u00f3sil consid\u00e9rense ao mesmo nivel de sustentabilidade que as renovables\u201d<\/strong>. Isto poder\u00eda ter efectos negativos como \u201co bloqueo de investimento destinado a renovables ou activos de elevado custo que en menos de d\u00faas d\u00e9cadas non ser\u00edan utilizables tal e como foron concibidos\u201d. <\/p>\n\n\n\n<p class=\"has-text-align-left has-black-color has-text-color has-medium-font-size\">O futuro pasa por unha aposta polas renovables. \u201cNos pr\u00f3ximos anos, Galicia e Espa\u00f1a, van ter que <strong>realizar un grande esforzo investidor en enerx\u00edas renovables<\/strong>\u201d, algo que ter\u00e1 un retorno en \u201cmellores prezos da electricidade\u201d, unha baza que contribuir\u00e1 a \u201cfixar e atraer industria\u201d, asegura Casares. Un gran potencial renovable significa tam\u00e9n maiores <strong>posibilidades de producir Hidr\u00f3xeno Verde <\/strong>coas s\u00faas elevadas capacidades de descarbonizaci\u00f3n da industria pesada que ver\u00e1 como dentro de poucos anos dimin\u00faen os seus dereitos gratu\u00edtos de emisi\u00f3ns de CO2. \u201cAdemais, todos os pa\u00edses da UE necesitaremos descarbonizar o transporte o que requirir\u00e1 dun despregamento masivo de estaci\u00f3ns de carga para veh\u00edculos el\u00e9ctricos\u201d, vaticina Gonz\u00e1lez Casares. Neste contexto, a\u00ednda que o rol da nuclear e o gas durante a transici\u00f3n poida servir para garantir a estabilidade da subministraci\u00f3n enerx\u00e9tica, non respectan os criterios medio ambientais. As\u00ed pois, <strong>\u201cque eurodeputados e eurodeputadas de Galicia ou Espa\u00f1a votemos a favor do gas f\u00f3sil e a nuclear como tecnolox\u00edas verdes equivaler\u00eda a pegarse un tiro no p\u00e9\u201d<\/strong>. <\/p>\n\n\n\n<p class=\"has-text-align-left has-black-color has-text-color has-medium-font-size\"><strong>Sostibles? <\/strong><\/p>\n\n\n\n<p class=\"has-text-align-left has-black-color has-text-color has-medium-font-size\">Tras anos evitando posicionarse, a Comisi\u00f3n Europea <a href=\"https:\/\/www.rtve.es\/noticias\/20220101\/comision-europea-propone-energia-nuclear-gas-natural-futuro-renovables\/2247048.shtml\" target=\"_blank\" rel=\"noreferrer noopener\">propuxo a inicios de ano que se traten como &#8220;sostibles&#8221;<\/a> as centrais nucleares con permiso de construci\u00f3n anterior a 2045 e as plantas de gas que emitan menos de 270 gramos de CO2 por kilovatio hora ata 2031 ou menos de 100 gramos no conxunto da s\u00faa vida \u00fatil. <\/p>\n\n\n\n<p class=\"has-text-align-left has-black-color has-text-color has-medium-font-size\">O gas \u00e9 un combustible f\u00f3sil, libera di\u00f3xido de carbono, principal gas de efecto invernadoiro responsable do cambio clim\u00e1tico. A enerx\u00eda nuclear apenas libera CO2, pero presenta riscos asociados \u00e1 seguridade e os refugallos radioactivos.<\/p>\n","protected":false},"excerpt":{"rendered":"<p>O voto do Pleno del Parlamento celebrarase este m\u00e9rcores<\/p>\n","protected":false},"author":4,"featured_media":4191,"comment_status":"closed","ping_status":"closed","sticky":true,"template":"","format":"standard","meta":{"footnotes":""},"categories":[2,27,29,20,32,25],"tags":[345,357,374,325],"yoast_head":"<!-- This site is optimized with the Yoast SEO plugin v22.3 - https:\/\/yoast.com\/wordpress\/plugins\/seo\/ -->\n<title>\u201cUn perigoso exercicio de greenwashing\u201d. Nicol\u00e1s Gonz\u00e1lez Casares rexeita a clasificaci\u00f3n do gas e a nuclear como enerx\u00edas verdes - Nico G. Casares %<\/title>\n<meta name=\"description\" content=\"Nicol\u00e1s Gonz\u00e1lez Casares rexeita a clasificaci\u00f3n do gas e a nuclear como enerx\u00edas verdes\" \/>\n<meta name=\"robots\" content=\"index, follow, max-snippet:-1, max-image-preview:large, max-video-preview:-1\" \/>\n<link rel=\"canonical\" href=\"https:\/\/nicogcasares.eu\/gl\/greenwashing-nicolas-gonzalez-casares-rexeita-gas-enuclear-como-enerxias-verdes\/\" \/>\n<meta property=\"og:locale\" content=\"gl_ES\" \/>\n<meta property=\"og:type\" content=\"article\" \/>\n<meta property=\"og:title\" content=\"&quot;Un perigoso exercicio de greenwashing\u201d. Nicol\u00e1s Gonz\u00e1lez Casares rexeita a clasificaci\u00f3n do gas e a nuclear como enerx\u00edas verdes\" \/>\n<meta property=\"og:description\" content=\"O voto do Pleno del Parlamento celebrarase este m\u00e9rcores\" \/>\n<meta property=\"og:url\" content=\"https:\/\/nicogcasares.eu\/gl\/greenwashing-nicolas-gonzalez-casares-rexeita-gas-enuclear-como-enerxias-verdes\/\" \/>\n<meta property=\"og:site_name\" content=\"Nico G. Casares\" \/>\n<meta property=\"article:published_time\" content=\"2022-07-05T13:13:49+00:00\" \/>\n<meta property=\"article:modified_time\" content=\"2022-07-05T13:17:37+00:00\" \/>\n<meta property=\"og:image\" content=\"https:\/\/nicogcasares.eu\/wp-content\/uploads\/2022\/03\/Nicolas-Gonzalez.jpg\" \/>\n\t<meta property=\"og:image:width\" content=\"767\" \/>\n\t<meta property=\"og:image:height\" content=\"511\" \/>\n\t<meta property=\"og:image:type\" content=\"image\/jpeg\" \/>\n<meta name=\"author\" content=\"Nicol\u00e1s Gonz\u00e1lez Casares\" \/>\n<meta name=\"twitter:card\" content=\"summary_large_image\" \/>\n<meta name=\"twitter:title\" content=\"&quot;Un perigoso exercicio de greenwashing\u201d. Nicol\u00e1s Gonz\u00e1lez Casares rexeita a clasificaci\u00f3n do gas e a nuclear como enerx\u00edas verdes\" \/>\n<meta name=\"twitter:description\" content=\"O voto do Pleno del Parlamento celebrarase este m\u00e9rcores\" \/>\n<meta name=\"twitter:image\" content=\"https:\/\/nicogcasares.eu\/wp-content\/uploads\/2022\/03\/Nicolas-Gonzalez.jpg\" \/>\n<meta name=\"twitter:creator\" content=\"@nicogoncas\" \/>\n<meta name=\"twitter:site\" content=\"@nicogoncas\" \/>\n<meta name=\"twitter:label1\" content=\"Escrito por\" \/>\n\t<meta name=\"twitter:data1\" content=\"Nicol\u00e1s Gonz\u00e1lez Casares\" \/>\n\t<meta name=\"twitter:label2\" content=\"Tempo de lectura\" \/>\n\t<meta name=\"twitter:data2\" content=\"4 minutos\" \/>\n<script type=\"application\/ld+json\" class=\"yoast-schema-graph\">{\"@context\":\"https:\/\/schema.org\",\"@graph\":[{\"@type\":\"Article\",\"@id\":\"https:\/\/nicogcasares.eu\/gl\/greenwashing-nicolas-gonzalez-casares-rexeita-gas-enuclear-como-enerxias-verdes\/#article\",\"isPartOf\":{\"@id\":\"https:\/\/nicogcasares.eu\/gl\/greenwashing-nicolas-gonzalez-casares-rexeita-gas-enuclear-como-enerxias-verdes\/\"},\"author\":{\"name\":\"Nicol\u00e1s Gonz\u00e1lez Casares\",\"@id\":\"https:\/\/nicogcasares.eu\/gl\/#\/schema\/person\/75361477143e596646d48598a3778163\"},\"headline\":\"\u201cUn perigoso exercicio de greenwashing\u201d. Nicol\u00e1s Gonz\u00e1lez Casares rexeita a clasificaci\u00f3n do gas e a nuclear como enerx\u00edas verdes\",\"datePublished\":\"2022-07-05T13:13:49+00:00\",\"dateModified\":\"2022-07-05T13:17:37+00:00\",\"mainEntityOfPage\":{\"@id\":\"https:\/\/nicogcasares.eu\/gl\/greenwashing-nicolas-gonzalez-casares-rexeita-gas-enuclear-como-enerxias-verdes\/\"},\"wordCount\":927,\"publisher\":{\"@id\":\"https:\/\/nicogcasares.eu\/gl\/#\/schema\/person\/75361477143e596646d48598a3778163\"},\"image\":{\"@id\":\"https:\/\/nicogcasares.eu\/gl\/greenwashing-nicolas-gonzalez-casares-rexeita-gas-enuclear-como-enerxias-verdes\/#primaryimage\"},\"thumbnailUrl\":\"https:\/\/nicogcasares.eu\/wp-content\/uploads\/2022\/03\/Nicolas-Gonzalez.jpg\",\"keywords\":[\"enerx\u00eda\",\"Nicol\u00e1s Gonz\u00e1lez Casares\",\"renovables\",\"taxonomia\"],\"articleSection\":[\"Actividad\",\"Energ\u00eda\",\"Enerx\u00eda\",\"Noticias\",\"Novas\",\"Salud\"],\"inLanguage\":\"gl-ES\"},{\"@type\":\"WebPage\",\"@id\":\"https:\/\/nicogcasares.eu\/gl\/greenwashing-nicolas-gonzalez-casares-rexeita-gas-enuclear-como-enerxias-verdes\/\",\"url\":\"https:\/\/nicogcasares.eu\/gl\/greenwashing-nicolas-gonzalez-casares-rexeita-gas-enuclear-como-enerxias-verdes\/\",\"name\":\"\u201cUn perigoso exercicio de greenwashing\u201d. Nicol\u00e1s Gonz\u00e1lez Casares rexeita a clasificaci\u00f3n do gas e a nuclear como enerx\u00edas verdes - Nico G. Casares %\",\"isPartOf\":{\"@id\":\"https:\/\/nicogcasares.eu\/gl\/#website\"},\"primaryImageOfPage\":{\"@id\":\"https:\/\/nicogcasares.eu\/gl\/greenwashing-nicolas-gonzalez-casares-rexeita-gas-enuclear-como-enerxias-verdes\/#primaryimage\"},\"image\":{\"@id\":\"https:\/\/nicogcasares.eu\/gl\/greenwashing-nicolas-gonzalez-casares-rexeita-gas-enuclear-como-enerxias-verdes\/#primaryimage\"},\"thumbnailUrl\":\"https:\/\/nicogcasares.eu\/wp-content\/uploads\/2022\/03\/Nicolas-Gonzalez.jpg\",\"datePublished\":\"2022-07-05T13:13:49+00:00\",\"dateModified\":\"2022-07-05T13:17:37+00:00\",\"description\":\"Nicol\u00e1s Gonz\u00e1lez Casares rexeita a clasificaci\u00f3n do gas e a nuclear como enerx\u00edas verdes\",\"breadcrumb\":{\"@id\":\"https:\/\/nicogcasares.eu\/gl\/greenwashing-nicolas-gonzalez-casares-rexeita-gas-enuclear-como-enerxias-verdes\/#breadcrumb\"},\"inLanguage\":\"gl-ES\",\"potentialAction\":[{\"@type\":\"ReadAction\",\"target\":[\"https:\/\/nicogcasares.eu\/gl\/greenwashing-nicolas-gonzalez-casares-rexeita-gas-enuclear-como-enerxias-verdes\/\"]}]},{\"@type\":\"ImageObject\",\"inLanguage\":\"gl-ES\",\"@id\":\"https:\/\/nicogcasares.eu\/gl\/greenwashing-nicolas-gonzalez-casares-rexeita-gas-enuclear-como-enerxias-verdes\/#primaryimage\",\"url\":\"https:\/\/nicogcasares.eu\/wp-content\/uploads\/2022\/03\/Nicolas-Gonzalez.jpg\",\"contentUrl\":\"https:\/\/nicogcasares.eu\/wp-content\/uploads\/2022\/03\/Nicolas-Gonzalez.jpg\",\"width\":767,\"height\":511},{\"@type\":\"BreadcrumbList\",\"@id\":\"https:\/\/nicogcasares.eu\/gl\/greenwashing-nicolas-gonzalez-casares-rexeita-gas-enuclear-como-enerxias-verdes\/#breadcrumb\",\"itemListElement\":[{\"@type\":\"ListItem\",\"position\":1,\"name\":\"Portada\",\"item\":\"https:\/\/nicogcasares.eu\/gl\/\"},{\"@type\":\"ListItem\",\"position\":2,\"name\":\"\u201cUn perigoso exercicio de greenwashing\u201d. Nicol\u00e1s Gonz\u00e1lez Casares rexeita a clasificaci\u00f3n do gas e a nuclear como enerx\u00edas verdes\"}]},{\"@type\":\"WebSite\",\"@id\":\"https:\/\/nicogcasares.eu\/gl\/#website\",\"url\":\"https:\/\/nicogcasares.eu\/gl\/\",\"name\":\"Nico G. Casares\",\"description\":\"Diputado socialista en el parlamento europeo\",\"publisher\":{\"@id\":\"https:\/\/nicogcasares.eu\/gl\/#\/schema\/person\/75361477143e596646d48598a3778163\"},\"potentialAction\":[{\"@type\":\"SearchAction\",\"target\":{\"@type\":\"EntryPoint\",\"urlTemplate\":\"https:\/\/nicogcasares.eu\/gl\/?s={search_term_string}\"},\"query-input\":\"required name=search_term_string\"}],\"inLanguage\":\"gl-ES\"},{\"@type\":[\"Person\",\"Organization\"],\"@id\":\"https:\/\/nicogcasares.eu\/gl\/#\/schema\/person\/75361477143e596646d48598a3778163\",\"name\":\"Nicol\u00e1s Gonz\u00e1lez Casares\",\"image\":{\"@type\":\"ImageObject\",\"inLanguage\":\"gl-ES\",\"@id\":\"https:\/\/nicogcasares.eu\/gl\/#\/schema\/person\/image\/\",\"url\":\"https:\/\/nicogcasares.eu\/wp-content\/uploads\/2021\/11\/20211006_EP-119139A_FMA_0895_RESIZED_S.jpg\",\"contentUrl\":\"https:\/\/nicogcasares.eu\/wp-content\/uploads\/2021\/11\/20211006_EP-119139A_FMA_0895_RESIZED_S.jpg\",\"width\":639,\"height\":426,\"caption\":\"Nicol\u00e1s Gonz\u00e1lez Casares\"},\"logo\":{\"@id\":\"https:\/\/nicogcasares.eu\/gl\/#\/schema\/person\/image\/\"},\"url\":\"https:\/\/nicogcasares.eu\/gl\/author\/nico\/\"}]}<\/script>\n<!-- \/ Yoast SEO plugin. -->","yoast_head_json":{"title":"\u201cUn perigoso exercicio de greenwashing\u201d. Nicol\u00e1s Gonz\u00e1lez Casares rexeita a clasificaci\u00f3n do gas e a nuclear como enerx\u00edas verdes - Nico G. Casares %","description":"Nicol\u00e1s Gonz\u00e1lez Casares rexeita a clasificaci\u00f3n do gas e a nuclear como enerx\u00edas verdes","robots":{"index":"index","follow":"follow","max-snippet":"max-snippet:-1","max-image-preview":"max-image-preview:large","max-video-preview":"max-video-preview:-1"},"canonical":"https:\/\/nicogcasares.eu\/gl\/greenwashing-nicolas-gonzalez-casares-rexeita-gas-enuclear-como-enerxias-verdes\/","og_locale":"gl_ES","og_type":"article","og_title":"\"Un perigoso exercicio de greenwashing\u201d. Nicol\u00e1s Gonz\u00e1lez Casares rexeita a clasificaci\u00f3n do gas e a nuclear como enerx\u00edas verdes","og_description":"O voto do Pleno del Parlamento celebrarase este m\u00e9rcores","og_url":"https:\/\/nicogcasares.eu\/gl\/greenwashing-nicolas-gonzalez-casares-rexeita-gas-enuclear-como-enerxias-verdes\/","og_site_name":"Nico G. Casares","article_published_time":"2022-07-05T13:13:49+00:00","article_modified_time":"2022-07-05T13:17:37+00:00","og_image":[{"width":767,"height":511,"url":"https:\/\/nicogcasares.eu\/wp-content\/uploads\/2022\/03\/Nicolas-Gonzalez.jpg","type":"image\/jpeg"}],"author":"Nicol\u00e1s Gonz\u00e1lez Casares","twitter_card":"summary_large_image","twitter_title":"\"Un perigoso exercicio de greenwashing\u201d. Nicol\u00e1s Gonz\u00e1lez Casares rexeita a clasificaci\u00f3n do gas e a nuclear como enerx\u00edas verdes","twitter_description":"O voto do Pleno del Parlamento celebrarase este m\u00e9rcores","twitter_image":"https:\/\/nicogcasares.eu\/wp-content\/uploads\/2022\/03\/Nicolas-Gonzalez.jpg","twitter_creator":"@nicogoncas","twitter_site":"@nicogoncas","twitter_misc":{"Escrito por":"Nicol\u00e1s Gonz\u00e1lez Casares","Tempo de lectura":"4 minutos"},"schema":{"@context":"https:\/\/schema.org","@graph":[{"@type":"Article","@id":"https:\/\/nicogcasares.eu\/gl\/greenwashing-nicolas-gonzalez-casares-rexeita-gas-enuclear-como-enerxias-verdes\/#article","isPartOf":{"@id":"https:\/\/nicogcasares.eu\/gl\/greenwashing-nicolas-gonzalez-casares-rexeita-gas-enuclear-como-enerxias-verdes\/"},"author":{"name":"Nicol\u00e1s Gonz\u00e1lez Casares","@id":"https:\/\/nicogcasares.eu\/gl\/#\/schema\/person\/75361477143e596646d48598a3778163"},"headline":"\u201cUn perigoso exercicio de greenwashing\u201d. Nicol\u00e1s Gonz\u00e1lez Casares rexeita a clasificaci\u00f3n do gas e a nuclear como enerx\u00edas verdes","datePublished":"2022-07-05T13:13:49+00:00","dateModified":"2022-07-05T13:17:37+00:00","mainEntityOfPage":{"@id":"https:\/\/nicogcasares.eu\/gl\/greenwashing-nicolas-gonzalez-casares-rexeita-gas-enuclear-como-enerxias-verdes\/"},"wordCount":927,"publisher":{"@id":"https:\/\/nicogcasares.eu\/gl\/#\/schema\/person\/75361477143e596646d48598a3778163"},"image":{"@id":"https:\/\/nicogcasares.eu\/gl\/greenwashing-nicolas-gonzalez-casares-rexeita-gas-enuclear-como-enerxias-verdes\/#primaryimage"},"thumbnailUrl":"https:\/\/nicogcasares.eu\/wp-content\/uploads\/2022\/03\/Nicolas-Gonzalez.jpg","keywords":["enerx\u00eda","Nicol\u00e1s Gonz\u00e1lez Casares","renovables","taxonomia"],"articleSection":["Actividad","Energ\u00eda","Enerx\u00eda","Noticias","Novas","Salud"],"inLanguage":"gl-ES"},{"@type":"WebPage","@id":"https:\/\/nicogcasares.eu\/gl\/greenwashing-nicolas-gonzalez-casares-rexeita-gas-enuclear-como-enerxias-verdes\/","url":"https:\/\/nicogcasares.eu\/gl\/greenwashing-nicolas-gonzalez-casares-rexeita-gas-enuclear-como-enerxias-verdes\/","name":"\u201cUn perigoso exercicio de greenwashing\u201d. Nicol\u00e1s Gonz\u00e1lez Casares rexeita a clasificaci\u00f3n do gas e a nuclear como enerx\u00edas verdes - Nico G. Casares %","isPartOf":{"@id":"https:\/\/nicogcasares.eu\/gl\/#website"},"primaryImageOfPage":{"@id":"https:\/\/nicogcasares.eu\/gl\/greenwashing-nicolas-gonzalez-casares-rexeita-gas-enuclear-como-enerxias-verdes\/#primaryimage"},"image":{"@id":"https:\/\/nicogcasares.eu\/gl\/greenwashing-nicolas-gonzalez-casares-rexeita-gas-enuclear-como-enerxias-verdes\/#primaryimage"},"thumbnailUrl":"https:\/\/nicogcasares.eu\/wp-content\/uploads\/2022\/03\/Nicolas-Gonzalez.jpg","datePublished":"2022-07-05T13:13:49+00:00","dateModified":"2022-07-05T13:17:37+00:00","description":"Nicol\u00e1s Gonz\u00e1lez Casares rexeita a clasificaci\u00f3n do gas e a nuclear como enerx\u00edas verdes","breadcrumb":{"@id":"https:\/\/nicogcasares.eu\/gl\/greenwashing-nicolas-gonzalez-casares-rexeita-gas-enuclear-como-enerxias-verdes\/#breadcrumb"},"inLanguage":"gl-ES","potentialAction":[{"@type":"ReadAction","target":["https:\/\/nicogcasares.eu\/gl\/greenwashing-nicolas-gonzalez-casares-rexeita-gas-enuclear-como-enerxias-verdes\/"]}]},{"@type":"ImageObject","inLanguage":"gl-ES","@id":"https:\/\/nicogcasares.eu\/gl\/greenwashing-nicolas-gonzalez-casares-rexeita-gas-enuclear-como-enerxias-verdes\/#primaryimage","url":"https:\/\/nicogcasares.eu\/wp-content\/uploads\/2022\/03\/Nicolas-Gonzalez.jpg","contentUrl":"https:\/\/nicogcasares.eu\/wp-content\/uploads\/2022\/03\/Nicolas-Gonzalez.jpg","width":767,"height":511},{"@type":"BreadcrumbList","@id":"https:\/\/nicogcasares.eu\/gl\/greenwashing-nicolas-gonzalez-casares-rexeita-gas-enuclear-como-enerxias-verdes\/#breadcrumb","itemListElement":[{"@type":"ListItem","position":1,"name":"Portada","item":"https:\/\/nicogcasares.eu\/gl\/"},{"@type":"ListItem","position":2,"name":"\u201cUn perigoso exercicio de greenwashing\u201d. Nicol\u00e1s Gonz\u00e1lez Casares rexeita a clasificaci\u00f3n do gas e a nuclear como enerx\u00edas verdes"}]},{"@type":"WebSite","@id":"https:\/\/nicogcasares.eu\/gl\/#website","url":"https:\/\/nicogcasares.eu\/gl\/","name":"Nico G. Casares","description":"Diputado socialista en el parlamento europeo","publisher":{"@id":"https:\/\/nicogcasares.eu\/gl\/#\/schema\/person\/75361477143e596646d48598a3778163"},"potentialAction":[{"@type":"SearchAction","target":{"@type":"EntryPoint","urlTemplate":"https:\/\/nicogcasares.eu\/gl\/?s={search_term_string}"},"query-input":"required name=search_term_string"}],"inLanguage":"gl-ES"},{"@type":["Person","Organization"],"@id":"https:\/\/nicogcasares.eu\/gl\/#\/schema\/person\/75361477143e596646d48598a3778163","name":"Nicol\u00e1s Gonz\u00e1lez Casares","image":{"@type":"ImageObject","inLanguage":"gl-ES","@id":"https:\/\/nicogcasares.eu\/gl\/#\/schema\/person\/image\/","url":"https:\/\/nicogcasares.eu\/wp-content\/uploads\/2021\/11\/20211006_EP-119139A_FMA_0895_RESIZED_S.jpg","contentUrl":"https:\/\/nicogcasares.eu\/wp-content\/uploads\/2021\/11\/20211006_EP-119139A_FMA_0895_RESIZED_S.jpg","width":639,"height":426,"caption":"Nicol\u00e1s Gonz\u00e1lez Casares"},"logo":{"@id":"https:\/\/nicogcasares.eu\/gl\/#\/schema\/person\/image\/"},"url":"https:\/\/nicogcasares.eu\/gl\/author\/nico\/"}]}},"_links":{"self":[{"href":"https:\/\/nicogcasares.eu\/gl\/wp-json\/wp\/v2\/posts\/4544"}],"collection":[{"href":"https:\/\/nicogcasares.eu\/gl\/wp-json\/wp\/v2\/posts"}],"about":[{"href":"https:\/\/nicogcasares.eu\/gl\/wp-json\/wp\/v2\/types\/post"}],"author":[{"embeddable":true,"href":"https:\/\/nicogcasares.eu\/gl\/wp-json\/wp\/v2\/users\/4"}],"replies":[{"embeddable":true,"href":"https:\/\/nicogcasares.eu\/gl\/wp-json\/wp\/v2\/comments?post=4544"}],"version-history":[{"count":1,"href":"https:\/\/nicogcasares.eu\/gl\/wp-json\/wp\/v2\/posts\/4544\/revisions"}],"predecessor-version":[{"id":4545,"href":"https:\/\/nicogcasares.eu\/gl\/wp-json\/wp\/v2\/posts\/4544\/revisions\/4545"}],"wp:featuredmedia":[{"embeddable":true,"href":"https:\/\/nicogcasares.eu\/gl\/wp-json\/wp\/v2\/media\/4191"}],"wp:attachment":[{"href":"https:\/\/nicogcasares.eu\/gl\/wp-json\/wp\/v2\/media?parent=4544"}],"wp:term":[{"taxonomy":"category","embeddable":true,"href":"https:\/\/nicogcasares.eu\/gl\/wp-json\/wp\/v2\/categories?post=4544"},{"taxonomy":"post_tag","embeddable":true,"href":"https:\/\/nicogcasares.eu\/gl\/wp-json\/wp\/v2\/tags?post=4544"}],"curies":[{"name":"wp","href":"https:\/\/api.w.org\/{rel}","templated":true}]}}