{"id":4562,"date":"2022-07-07T18:23:24","date_gmt":"2022-07-07T16:23:24","guid":{"rendered":"https:\/\/nicogcasares.eu\/?p=4562"},"modified":"2022-07-07T18:25:50","modified_gmt":"2022-07-07T16:25:50","slug":"casares-despregue-aviacion-verde-fueis-sostibles","status":"publish","type":"post","link":"https:\/\/nicogcasares.eu\/gl\/casares-despregue-aviacion-verde-fueis-sostibles\/","title":{"rendered":"Casares ante o despregue dunha aviaci\u00f3n m\u00e1is verde: \u201cTemos que ser m\u00e1is ambiciosos e evitar que se coen fueis de aviaci\u00f3n sostibles que non o son\u201d"},"content":{"rendered":"\n<p class=\"has-black-color has-text-color has-medium-font-size\"><strong>O Parlamento Europeo fixa novos obxectivos para os combustibles de aviaci\u00f3n sostibles<\/strong><\/p>\n\n\n\n<p class=\"has-text-align-left has-black-color has-text-color has-medium-font-size\">O <strong>Parlamento Europeo<\/strong> ampliou este xoves os obxectivos da <strong>iniciativa ReFuelEU Aviation<\/strong>, que busca impulsar a oferta e a demanda de <strong>combustibles de aviaci\u00f3n sostibles<\/strong> na Uni\u00f3n Europea para reducir a pegada ambiental da aviaci\u00f3n e contribu\u00edr \u00e1 consecuci\u00f3n dos obxectivos clim\u00e1ticos da UE, entre eles, lograr a neutralidade clim\u00e1tica da Uni\u00f3n como moi tarde en 2050 para evitar que a temperatura do planeta aumenta m\u00e1is de 1.5\u00baC. Actualmente, os combustibles sostibles s\u00f3 representan o 0,05 % do consumo total e con esta normativa b\u00fascase que <strong>en 2040 e 2050 estes representen o 37 % e o 85 % respectivamente<\/strong>, fronte ao 32 % e o  63 % propostos pola Comisi\u00f3n Europea. Ademais, o hidr\u00f3xeno e os fueis sint\u00e9ticos ven impulsados. <\/p>\n\n\n\n<p class=\"has-text-align-left has-black-color has-text-color has-medium-font-size\">O eurodeputado <strong>Nicol\u00e1s Gonz\u00e1lez Casares<\/strong>, que foi relator da Comisi\u00f3n de Medio Ambiente no Parlamento Europeo, espera que con este avance cara a unha aviaci\u00f3n m\u00e1is sostible, <strong>a descarbonizaci\u00f3n e a loita contra o cambio clim\u00e1tico<\/strong> formen parte da senda dun sector que a\u00ednda ten como tarefa pendente reducir considerablemente as s\u00faas emisi\u00f3ns. <\/p>\n\n\n\n<p class=\"has-text-align-left has-black-color has-text-color has-medium-font-size\">O socialista incitou a apostar polos fueis sostibles e aqueles <strong>de orixe sint\u00e9tica<\/strong>, de orixe non biol\u00f3xica: \u201cDebemos ir pechando o paso a aqueles fueis que non son sostibles, ese \u00e9 o noso labor\u201d. Doutra banda, ante a ampliaci\u00f3n da definici\u00f3n do Parlamento de combustible de aviaci\u00f3n sostible (SAF son as s\u00faas siglas en ingl\u00e9s), o eurodeputado chamou \u00e1 ambici\u00f3n para <strong>\u201cevitar que se coen fueis de aviaci\u00f3n sostibles que non o son\u201d<\/strong>; combustibles que fagan un uso dos cultivos que afecte \u00e1 accesibilidade dos alimentos e aumente a deforestaci\u00f3n. Para Casares este \u00e9 un punto fundamental, os SAF deben manter a coherencia e consistencia cos criterios de sustentabilidade da Directiva de Enerx\u00edas Renovables. <\/p>\n\n\n\n<p class=\"has-text-align-left has-black-color has-text-color has-medium-font-size\">Esta normativa, que sup\u00f3n o despregamento dunha aviaci\u00f3n m\u00e1is sostible en Europa e a creaci\u00f3n dunha industria de fueis, ser\u00e1 valorada polo Consello Europeo.<\/p>\n\n\n\n<p class=\"has-text-align-left has-black-color has-text-color has-medium-font-size\"> <\/p>\n\n\n\n<figure class=\"wp-block-embed is-type-video is-provider-youtube wp-block-embed-youtube wp-embed-aspect-16-9 wp-has-aspect-ratio\"><div class=\"wp-block-embed__wrapper\">\n<iframe title=\"Nicol\u00e1s Gonz\u00e1lez aposta por inclu\u00edr \u00e1 aviaci\u00f3n &quot;na senda da loita contra o cambio clim\u00e1tico&quot;\" width=\"960\" height=\"540\" src=\"https:\/\/www.youtube.com\/embed\/Jjlf3oBUDI0?feature=oembed\" frameborder=\"0\" allow=\"accelerometer; autoplay; clipboard-write; encrypted-media; gyroscope; picture-in-picture; web-share\" referrerpolicy=\"strict-origin-when-cross-origin\" allowfullscreen><\/iframe>\n<\/div><\/figure>\n","protected":false},"excerpt":{"rendered":"<p>O Parlamento Europeo fixa novos obxectivos para os combustibles de aviaci\u00f3n sostibles<\/p>\n","protected":false},"author":4,"featured_media":3848,"comment_status":"closed","ping_status":"closed","sticky":true,"template":"","format":"standard","meta":{"footnotes":""},"categories":[2,34,27,29,31,24,20,32],"tags":[430,389,345,357],"yoast_head":"<!-- This site is optimized with the Yoast SEO plugin v22.3 - https:\/\/yoast.com\/wordpress\/plugins\/seo\/ -->\n<title>Casares ante o despregue dunha aviaci\u00f3n m\u00e1is verde: \u201cTemos que ser m\u00e1is ambiciosos e evitar que se coen fueis de aviaci\u00f3n sostibles que non o son\u201d - Nico G. Casares %<\/title>\n<meta name=\"description\" content=\"Unha aviaci\u00f3n m\u00e1is sostible\" \/>\n<meta name=\"robots\" content=\"index, follow, max-snippet:-1, max-image-preview:large, max-video-preview:-1\" \/>\n<link rel=\"canonical\" href=\"https:\/\/nicogcasares.eu\/gl\/casares-despregue-aviacion-verde-fueis-sostibles\/\" \/>\n<meta property=\"og:locale\" content=\"gl_ES\" \/>\n<meta property=\"og:type\" content=\"article\" \/>\n<meta property=\"og:title\" content=\"Casares ante o despregue dunha aviaci\u00f3n m\u00e1is verde: \u201cTemos que ser m\u00e1is ambiciosos e evitar que se coen fueis de aviaci\u00f3n sostibles que non o son\u201d\" \/>\n<meta property=\"og:description\" content=\"O Parlamento Europeo fixa novos obxectivos para os combustibles de aviaci\u00f3n sostibles\" \/>\n<meta property=\"og:url\" content=\"https:\/\/nicogcasares.eu\/gl\/casares-despregue-aviacion-verde-fueis-sostibles\/\" \/>\n<meta property=\"og:site_name\" content=\"Nico G. Casares\" \/>\n<meta property=\"article:published_time\" content=\"2022-07-07T16:23:24+00:00\" \/>\n<meta property=\"article:modified_time\" content=\"2022-07-07T16:25:50+00:00\" \/>\n<meta property=\"og:image\" content=\"https:\/\/nicogcasares.eu\/wp-content\/uploads\/2021\/12\/20211213_EP-123177F_FMA_208_RESIZED_S.jpg\" \/>\n\t<meta property=\"og:image:width\" content=\"639\" \/>\n\t<meta property=\"og:image:height\" content=\"426\" \/>\n\t<meta property=\"og:image:type\" content=\"image\/jpeg\" \/>\n<meta name=\"author\" content=\"Nicol\u00e1s Gonz\u00e1lez Casares\" \/>\n<meta name=\"twitter:card\" content=\"summary_large_image\" \/>\n<meta name=\"twitter:title\" content=\"Casares ante o despregue dunha aviaci\u00f3n m\u00e1is verde: \u201cTemos que ser m\u00e1is ambiciosos e evitar que se coen fueis de aviaci\u00f3n sostibles que non o son\u201d\" \/>\n<meta name=\"twitter:description\" content=\"O Parlamento Europeo fixa novos obxectivos para os combustibles de aviaci\u00f3n sostibles\" \/>\n<meta name=\"twitter:image\" content=\"https:\/\/nicogcasares.eu\/wp-content\/uploads\/2021\/12\/20211213_EP-123177F_FMA_208_RESIZED_S.jpg\" \/>\n<meta name=\"twitter:creator\" content=\"@nicogoncas\" \/>\n<meta name=\"twitter:site\" content=\"@nicogoncas\" \/>\n<meta name=\"twitter:label1\" content=\"Escrito por\" \/>\n\t<meta name=\"twitter:data1\" content=\"Nicol\u00e1s Gonz\u00e1lez Casares\" \/>\n\t<meta name=\"twitter:label2\" content=\"Tempo de lectura\" \/>\n\t<meta name=\"twitter:data2\" content=\"2 minutos\" \/>\n<script type=\"application\/ld+json\" class=\"yoast-schema-graph\">{\"@context\":\"https:\/\/schema.org\",\"@graph\":[{\"@type\":\"Article\",\"@id\":\"https:\/\/nicogcasares.eu\/gl\/casares-despregue-aviacion-verde-fueis-sostibles\/#article\",\"isPartOf\":{\"@id\":\"https:\/\/nicogcasares.eu\/gl\/casares-despregue-aviacion-verde-fueis-sostibles\/\"},\"author\":{\"name\":\"Nicol\u00e1s Gonz\u00e1lez Casares\",\"@id\":\"https:\/\/nicogcasares.eu\/gl\/#\/schema\/person\/75361477143e596646d48598a3778163\"},\"headline\":\"Casares ante o despregue dunha aviaci\u00f3n m\u00e1is verde: \u201cTemos que ser m\u00e1is ambiciosos e evitar que se coen fueis de aviaci\u00f3n sostibles que non o son\u201d\",\"datePublished\":\"2022-07-07T16:23:24+00:00\",\"dateModified\":\"2022-07-07T16:25:50+00:00\",\"mainEntityOfPage\":{\"@id\":\"https:\/\/nicogcasares.eu\/gl\/casares-despregue-aviacion-verde-fueis-sostibles\/\"},\"wordCount\":383,\"publisher\":{\"@id\":\"https:\/\/nicogcasares.eu\/gl\/#\/schema\/person\/75361477143e596646d48598a3778163\"},\"image\":{\"@id\":\"https:\/\/nicogcasares.eu\/gl\/casares-despregue-aviacion-verde-fueis-sostibles\/#primaryimage\"},\"thumbnailUrl\":\"https:\/\/nicogcasares.eu\/wp-content\/uploads\/2021\/12\/20211213_EP-123177F_FMA_208_RESIZED_S.jpg\",\"keywords\":[\"aviaci\u00f3n\",\"combustible\",\"enerx\u00eda\",\"Nicol\u00e1s Gonz\u00e1lez Casares\"],\"articleSection\":[\"Actividad\",\"Actividade\",\"Energ\u00eda\",\"Enerx\u00eda\",\"Medio ambiente\",\"Medioambiente\",\"Noticias\",\"Novas\"],\"inLanguage\":\"gl-ES\"},{\"@type\":\"WebPage\",\"@id\":\"https:\/\/nicogcasares.eu\/gl\/casares-despregue-aviacion-verde-fueis-sostibles\/\",\"url\":\"https:\/\/nicogcasares.eu\/gl\/casares-despregue-aviacion-verde-fueis-sostibles\/\",\"name\":\"Casares ante o despregue dunha aviaci\u00f3n m\u00e1is verde: \u201cTemos que ser m\u00e1is ambiciosos e evitar que se coen fueis de aviaci\u00f3n sostibles que non o son\u201d - Nico G. Casares %\",\"isPartOf\":{\"@id\":\"https:\/\/nicogcasares.eu\/gl\/#website\"},\"primaryImageOfPage\":{\"@id\":\"https:\/\/nicogcasares.eu\/gl\/casares-despregue-aviacion-verde-fueis-sostibles\/#primaryimage\"},\"image\":{\"@id\":\"https:\/\/nicogcasares.eu\/gl\/casares-despregue-aviacion-verde-fueis-sostibles\/#primaryimage\"},\"thumbnailUrl\":\"https:\/\/nicogcasares.eu\/wp-content\/uploads\/2021\/12\/20211213_EP-123177F_FMA_208_RESIZED_S.jpg\",\"datePublished\":\"2022-07-07T16:23:24+00:00\",\"dateModified\":\"2022-07-07T16:25:50+00:00\",\"description\":\"Unha aviaci\u00f3n m\u00e1is sostible\",\"breadcrumb\":{\"@id\":\"https:\/\/nicogcasares.eu\/gl\/casares-despregue-aviacion-verde-fueis-sostibles\/#breadcrumb\"},\"inLanguage\":\"gl-ES\",\"potentialAction\":[{\"@type\":\"ReadAction\",\"target\":[\"https:\/\/nicogcasares.eu\/gl\/casares-despregue-aviacion-verde-fueis-sostibles\/\"]}]},{\"@type\":\"ImageObject\",\"inLanguage\":\"gl-ES\",\"@id\":\"https:\/\/nicogcasares.eu\/gl\/casares-despregue-aviacion-verde-fueis-sostibles\/#primaryimage\",\"url\":\"https:\/\/nicogcasares.eu\/wp-content\/uploads\/2021\/12\/20211213_EP-123177F_FMA_208_RESIZED_S.jpg\",\"contentUrl\":\"https:\/\/nicogcasares.eu\/wp-content\/uploads\/2021\/12\/20211213_EP-123177F_FMA_208_RESIZED_S.jpg\",\"width\":639,\"height\":426,\"caption\":\"EP Plenary Session - Health technology assessment\"},{\"@type\":\"BreadcrumbList\",\"@id\":\"https:\/\/nicogcasares.eu\/gl\/casares-despregue-aviacion-verde-fueis-sostibles\/#breadcrumb\",\"itemListElement\":[{\"@type\":\"ListItem\",\"position\":1,\"name\":\"Portada\",\"item\":\"https:\/\/nicogcasares.eu\/gl\/\"},{\"@type\":\"ListItem\",\"position\":2,\"name\":\"Casares ante o despregue dunha aviaci\u00f3n m\u00e1is verde: \u201cTemos que ser m\u00e1is ambiciosos e evitar que se coen fueis de aviaci\u00f3n sostibles que non o son\u201d\"}]},{\"@type\":\"WebSite\",\"@id\":\"https:\/\/nicogcasares.eu\/gl\/#website\",\"url\":\"https:\/\/nicogcasares.eu\/gl\/\",\"name\":\"Nico G. Casares\",\"description\":\"Diputado socialista en el parlamento europeo\",\"publisher\":{\"@id\":\"https:\/\/nicogcasares.eu\/gl\/#\/schema\/person\/75361477143e596646d48598a3778163\"},\"potentialAction\":[{\"@type\":\"SearchAction\",\"target\":{\"@type\":\"EntryPoint\",\"urlTemplate\":\"https:\/\/nicogcasares.eu\/gl\/?s={search_term_string}\"},\"query-input\":\"required name=search_term_string\"}],\"inLanguage\":\"gl-ES\"},{\"@type\":[\"Person\",\"Organization\"],\"@id\":\"https:\/\/nicogcasares.eu\/gl\/#\/schema\/person\/75361477143e596646d48598a3778163\",\"name\":\"Nicol\u00e1s Gonz\u00e1lez Casares\",\"image\":{\"@type\":\"ImageObject\",\"inLanguage\":\"gl-ES\",\"@id\":\"https:\/\/nicogcasares.eu\/gl\/#\/schema\/person\/image\/\",\"url\":\"https:\/\/nicogcasares.eu\/wp-content\/uploads\/2021\/11\/20211006_EP-119139A_FMA_0895_RESIZED_S.jpg\",\"contentUrl\":\"https:\/\/nicogcasares.eu\/wp-content\/uploads\/2021\/11\/20211006_EP-119139A_FMA_0895_RESIZED_S.jpg\",\"width\":639,\"height\":426,\"caption\":\"Nicol\u00e1s Gonz\u00e1lez Casares\"},\"logo\":{\"@id\":\"https:\/\/nicogcasares.eu\/gl\/#\/schema\/person\/image\/\"},\"url\":\"https:\/\/nicogcasares.eu\/gl\/author\/nico\/\"}]}<\/script>\n<!-- \/ Yoast SEO plugin. -->","yoast_head_json":{"title":"Casares ante o despregue dunha aviaci\u00f3n m\u00e1is verde: \u201cTemos que ser m\u00e1is ambiciosos e evitar que se coen fueis de aviaci\u00f3n sostibles que non o son\u201d - Nico G. Casares %","description":"Unha aviaci\u00f3n m\u00e1is sostible","robots":{"index":"index","follow":"follow","max-snippet":"max-snippet:-1","max-image-preview":"max-image-preview:large","max-video-preview":"max-video-preview:-1"},"canonical":"https:\/\/nicogcasares.eu\/gl\/casares-despregue-aviacion-verde-fueis-sostibles\/","og_locale":"gl_ES","og_type":"article","og_title":"Casares ante o despregue dunha aviaci\u00f3n m\u00e1is verde: \u201cTemos que ser m\u00e1is ambiciosos e evitar que se coen fueis de aviaci\u00f3n sostibles que non o son\u201d","og_description":"O Parlamento Europeo fixa novos obxectivos para os combustibles de aviaci\u00f3n sostibles","og_url":"https:\/\/nicogcasares.eu\/gl\/casares-despregue-aviacion-verde-fueis-sostibles\/","og_site_name":"Nico G. Casares","article_published_time":"2022-07-07T16:23:24+00:00","article_modified_time":"2022-07-07T16:25:50+00:00","og_image":[{"width":639,"height":426,"url":"https:\/\/nicogcasares.eu\/wp-content\/uploads\/2021\/12\/20211213_EP-123177F_FMA_208_RESIZED_S.jpg","type":"image\/jpeg"}],"author":"Nicol\u00e1s Gonz\u00e1lez Casares","twitter_card":"summary_large_image","twitter_title":"Casares ante o despregue dunha aviaci\u00f3n m\u00e1is verde: \u201cTemos que ser m\u00e1is ambiciosos e evitar que se coen fueis de aviaci\u00f3n sostibles que non o son\u201d","twitter_description":"O Parlamento Europeo fixa novos obxectivos para os combustibles de aviaci\u00f3n sostibles","twitter_image":"https:\/\/nicogcasares.eu\/wp-content\/uploads\/2021\/12\/20211213_EP-123177F_FMA_208_RESIZED_S.jpg","twitter_creator":"@nicogoncas","twitter_site":"@nicogoncas","twitter_misc":{"Escrito por":"Nicol\u00e1s Gonz\u00e1lez Casares","Tempo de lectura":"2 minutos"},"schema":{"@context":"https:\/\/schema.org","@graph":[{"@type":"Article","@id":"https:\/\/nicogcasares.eu\/gl\/casares-despregue-aviacion-verde-fueis-sostibles\/#article","isPartOf":{"@id":"https:\/\/nicogcasares.eu\/gl\/casares-despregue-aviacion-verde-fueis-sostibles\/"},"author":{"name":"Nicol\u00e1s Gonz\u00e1lez Casares","@id":"https:\/\/nicogcasares.eu\/gl\/#\/schema\/person\/75361477143e596646d48598a3778163"},"headline":"Casares ante o despregue dunha aviaci\u00f3n m\u00e1is verde: \u201cTemos que ser m\u00e1is ambiciosos e evitar que se coen fueis de aviaci\u00f3n sostibles que non o son\u201d","datePublished":"2022-07-07T16:23:24+00:00","dateModified":"2022-07-07T16:25:50+00:00","mainEntityOfPage":{"@id":"https:\/\/nicogcasares.eu\/gl\/casares-despregue-aviacion-verde-fueis-sostibles\/"},"wordCount":383,"publisher":{"@id":"https:\/\/nicogcasares.eu\/gl\/#\/schema\/person\/75361477143e596646d48598a3778163"},"image":{"@id":"https:\/\/nicogcasares.eu\/gl\/casares-despregue-aviacion-verde-fueis-sostibles\/#primaryimage"},"thumbnailUrl":"https:\/\/nicogcasares.eu\/wp-content\/uploads\/2021\/12\/20211213_EP-123177F_FMA_208_RESIZED_S.jpg","keywords":["aviaci\u00f3n","combustible","enerx\u00eda","Nicol\u00e1s Gonz\u00e1lez Casares"],"articleSection":["Actividad","Actividade","Energ\u00eda","Enerx\u00eda","Medio ambiente","Medioambiente","Noticias","Novas"],"inLanguage":"gl-ES"},{"@type":"WebPage","@id":"https:\/\/nicogcasares.eu\/gl\/casares-despregue-aviacion-verde-fueis-sostibles\/","url":"https:\/\/nicogcasares.eu\/gl\/casares-despregue-aviacion-verde-fueis-sostibles\/","name":"Casares ante o despregue dunha aviaci\u00f3n m\u00e1is verde: \u201cTemos que ser m\u00e1is ambiciosos e evitar que se coen fueis de aviaci\u00f3n sostibles que non o son\u201d - Nico G. Casares %","isPartOf":{"@id":"https:\/\/nicogcasares.eu\/gl\/#website"},"primaryImageOfPage":{"@id":"https:\/\/nicogcasares.eu\/gl\/casares-despregue-aviacion-verde-fueis-sostibles\/#primaryimage"},"image":{"@id":"https:\/\/nicogcasares.eu\/gl\/casares-despregue-aviacion-verde-fueis-sostibles\/#primaryimage"},"thumbnailUrl":"https:\/\/nicogcasares.eu\/wp-content\/uploads\/2021\/12\/20211213_EP-123177F_FMA_208_RESIZED_S.jpg","datePublished":"2022-07-07T16:23:24+00:00","dateModified":"2022-07-07T16:25:50+00:00","description":"Unha aviaci\u00f3n m\u00e1is sostible","breadcrumb":{"@id":"https:\/\/nicogcasares.eu\/gl\/casares-despregue-aviacion-verde-fueis-sostibles\/#breadcrumb"},"inLanguage":"gl-ES","potentialAction":[{"@type":"ReadAction","target":["https:\/\/nicogcasares.eu\/gl\/casares-despregue-aviacion-verde-fueis-sostibles\/"]}]},{"@type":"ImageObject","inLanguage":"gl-ES","@id":"https:\/\/nicogcasares.eu\/gl\/casares-despregue-aviacion-verde-fueis-sostibles\/#primaryimage","url":"https:\/\/nicogcasares.eu\/wp-content\/uploads\/2021\/12\/20211213_EP-123177F_FMA_208_RESIZED_S.jpg","contentUrl":"https:\/\/nicogcasares.eu\/wp-content\/uploads\/2021\/12\/20211213_EP-123177F_FMA_208_RESIZED_S.jpg","width":639,"height":426,"caption":"EP Plenary Session - Health technology assessment"},{"@type":"BreadcrumbList","@id":"https:\/\/nicogcasares.eu\/gl\/casares-despregue-aviacion-verde-fueis-sostibles\/#breadcrumb","itemListElement":[{"@type":"ListItem","position":1,"name":"Portada","item":"https:\/\/nicogcasares.eu\/gl\/"},{"@type":"ListItem","position":2,"name":"Casares ante o despregue dunha aviaci\u00f3n m\u00e1is verde: \u201cTemos que ser m\u00e1is ambiciosos e evitar que se coen fueis de aviaci\u00f3n sostibles que non o son\u201d"}]},{"@type":"WebSite","@id":"https:\/\/nicogcasares.eu\/gl\/#website","url":"https:\/\/nicogcasares.eu\/gl\/","name":"Nico G. Casares","description":"Diputado socialista en el parlamento europeo","publisher":{"@id":"https:\/\/nicogcasares.eu\/gl\/#\/schema\/person\/75361477143e596646d48598a3778163"},"potentialAction":[{"@type":"SearchAction","target":{"@type":"EntryPoint","urlTemplate":"https:\/\/nicogcasares.eu\/gl\/?s={search_term_string}"},"query-input":"required name=search_term_string"}],"inLanguage":"gl-ES"},{"@type":["Person","Organization"],"@id":"https:\/\/nicogcasares.eu\/gl\/#\/schema\/person\/75361477143e596646d48598a3778163","name":"Nicol\u00e1s Gonz\u00e1lez Casares","image":{"@type":"ImageObject","inLanguage":"gl-ES","@id":"https:\/\/nicogcasares.eu\/gl\/#\/schema\/person\/image\/","url":"https:\/\/nicogcasares.eu\/wp-content\/uploads\/2021\/11\/20211006_EP-119139A_FMA_0895_RESIZED_S.jpg","contentUrl":"https:\/\/nicogcasares.eu\/wp-content\/uploads\/2021\/11\/20211006_EP-119139A_FMA_0895_RESIZED_S.jpg","width":639,"height":426,"caption":"Nicol\u00e1s Gonz\u00e1lez Casares"},"logo":{"@id":"https:\/\/nicogcasares.eu\/gl\/#\/schema\/person\/image\/"},"url":"https:\/\/nicogcasares.eu\/gl\/author\/nico\/"}]}},"_links":{"self":[{"href":"https:\/\/nicogcasares.eu\/gl\/wp-json\/wp\/v2\/posts\/4562"}],"collection":[{"href":"https:\/\/nicogcasares.eu\/gl\/wp-json\/wp\/v2\/posts"}],"about":[{"href":"https:\/\/nicogcasares.eu\/gl\/wp-json\/wp\/v2\/types\/post"}],"author":[{"embeddable":true,"href":"https:\/\/nicogcasares.eu\/gl\/wp-json\/wp\/v2\/users\/4"}],"replies":[{"embeddable":true,"href":"https:\/\/nicogcasares.eu\/gl\/wp-json\/wp\/v2\/comments?post=4562"}],"version-history":[{"count":1,"href":"https:\/\/nicogcasares.eu\/gl\/wp-json\/wp\/v2\/posts\/4562\/revisions"}],"predecessor-version":[{"id":4563,"href":"https:\/\/nicogcasares.eu\/gl\/wp-json\/wp\/v2\/posts\/4562\/revisions\/4563"}],"wp:featuredmedia":[{"embeddable":true,"href":"https:\/\/nicogcasares.eu\/gl\/wp-json\/wp\/v2\/media\/3848"}],"wp:attachment":[{"href":"https:\/\/nicogcasares.eu\/gl\/wp-json\/wp\/v2\/media?parent=4562"}],"wp:term":[{"taxonomy":"category","embeddable":true,"href":"https:\/\/nicogcasares.eu\/gl\/wp-json\/wp\/v2\/categories?post=4562"},{"taxonomy":"post_tag","embeddable":true,"href":"https:\/\/nicogcasares.eu\/gl\/wp-json\/wp\/v2\/tags?post=4562"}],"curies":[{"name":"wp","href":"https:\/\/api.w.org\/{rel}","templated":true}]}}