{"id":4577,"date":"2022-07-08T13:47:21","date_gmt":"2022-07-08T11:47:21","guid":{"rendered":"https:\/\/nicogcasares.eu\/?p=4577"},"modified":"2022-07-08T13:52:16","modified_gmt":"2022-07-08T11:52:16","slug":"nicolas-gonzalez-ciclo-europa-invierte-en-mi-region-next-generation","status":"publish","type":"post","link":"https:\/\/nicogcasares.eu\/gl\/nicolas-gonzalez-ciclo-europa-invierte-en-mi-region-next-generation\/","title":{"rendered":"Nicol\u00e1s Gonz\u00e1lez no ciclo \u2018Europa invierte en mi regi\u00f3n\u2019: \u201cOs Next Generation par\u00e9cense a Galicia porque estamos envoltos na transici\u00f3n ecol\u00f3xica\u201d"},"content":{"rendered":"\n<p class=\"has-black-color has-text-color has-medium-font-size\"><strong>O eurodeputado aludiu a Vigo como referente de modernidade e destacou o seu papel na transformaci\u00f3n no campo enerx\u00e9tico, a pesca e o coche el\u00e9ctrico<\/strong><\/p>\n\n\n\n<p class=\"has-black-color has-text-color has-medium-font-size\">O ciclo <strong><em>\u2018Europa invierte en mi regi\u00f3n\u2019<\/em><\/strong>, impulsado polo Parlamento Europeo, arrincou este venres na cidade de <strong>Vigo<\/strong>. O obxectivo deste seminario \u00e9 d<strong>ebater sobre as posibilidades de financiamento europeo<\/strong> e intercambiar impresi\u00f3ns con autoridades locais e rexionais, a cidadan\u00eda e os empresarios locais. Articulada nunha mesa redonda e un taller pr\u00e1ctico, a xornada tentou dar resposta aos instrumentos de financiamento dispo\u00f1ibles desde Europa e como acceder a eles. <\/p>\n\n\n\n<p class=\"has-black-color has-text-color has-medium-font-size\">Trala inauguraci\u00f3n da man de Juergen Foecking, director adxunto da Oficina do Parlamento Europeo en Espa\u00f1a; Miguel Corgos L\u00f3pez-Prado, conselleiro de Facenda e Administraci\u00f3ns P\u00fablicas da Xunta de Galicia; Elena Espinosa, terceira tenente de alcalde do Concello de Vigo; e Francisco Javier Touza, vicepresidente segundo da C\u00e1mara de Comercio de Vigo, abord\u00e1ronse os<strong><em> \u2018Next Generation EU: posibilidades y desaf\u00edos\u2019.<\/em><\/strong> Neste di\u00e1logo, moderado por Julia Borque, relaci\u00f3ns institucionais da Oficina do Parlamento Europeo en Espa\u00f1a, participou o eurodeputado socialista <strong>Nicol\u00e1s Gonz\u00e1lez Casares<\/strong>, o eurodeputado popular <strong>Francisco Mill\u00e1n Mon<\/strong>, e <strong>Anxo Tarrio Tobar<\/strong>, director xeral de Pol\u00edtica de Cohesi\u00f3n e Fondos Europeos, Conseller\u00eda de Facenda e Administraci\u00f3ns P\u00fablicas da Xunta de Galicia. <\/p>\n\n\n\n<p class=\"has-black-color has-text-color has-medium-font-size\"><strong>Nicol\u00e1s Gonz\u00e1lez<\/strong>, relator da Comisi\u00f3n de Transporte e Enerx\u00eda no Parlamento Europeo e relator do Grupo dos Socialistas e Dem\u00f3cratas na Revisi\u00f3n da Directiva Europea de Enerx\u00edas Renovables, puxo en valor o <strong>bos executores de fondos europeos<\/strong> que son Espa\u00f1a e Galicia. \u201cEspa\u00f1a \u00e9 o pa\u00eds que mellor est\u00e1 a cumprir cos obxectivos que se lle est\u00e1n po\u00f1endo, iso \u00e9 un feito\u201d, incidiu. O eurodeputado referiuse \u00e1 oportunidade que representan as ferramentas europeas, como son os fondos Next Generation, para <strong>\u201cfortalecer a autonom\u00eda estrat\u00e9xica no campo da enerx\u00eda\u201d<\/strong>. Neste sentido destacou que <strong>\u201cos Next Generation par\u00e9cense a Galicia porque estamos envoltos na transici\u00f3n ecol\u00f3xica e enerx\u00e9tica\u201d <\/strong>e convocou ao tecido empresarial e administrativo a \u201csacar adiante a <strong>industria da xeraci\u00f3n de enerx\u00eda<\/strong> no curto, medio e longo prazo\u201d. Doutra banda, ante os posibles riscos, chamou a facer un bo dese\u00f1o da \u201cGalicia do futuro\u201d no \u00e1mbito da bioenerx\u00eda e a xesti\u00f3n forestal. <\/p>\n\n\n\n<p class=\"has-black-color has-text-color has-medium-font-size\">O eurodeputado aludiu a <strong>Vigo como referente de modernidade<\/strong> e destacou o seu papel na transformaci\u00f3n no campo enerx\u00e9tico, o coche el\u00e9ctrico ou a pesca, na que Galicia pode presumir de levar a cabo \u201ca pesca m\u00e1is sostible do mundo\u201d. Para o europarlamentario, a <strong>descarbonizaci\u00f3n<\/strong> e as <strong>renovables<\/strong> son unha fonte de \u201coportunidades para as nosas empresas\u201d e o rural; permitindo \u201cavanzar en circularidade\u201d no campo mediante a utilizaci\u00f3n do bagazo como fuel ou os xurros como biog\u00e1s. <\/p>\n\n\n\n<p class=\"has-black-color has-text-color has-medium-font-size\">\u201cAs administraci\u00f3ns te\u00f1en que ser responsables e <strong>dar a co\u00f1ecer os investimentos<\/strong> que se fan cos fondos de recuperaci\u00f3n e non escondelos como fai a Xunta de Galicia coa s\u00faa publicidade\u201d, apuntou respecto \u00e1 difusi\u00f3n dos devanditos fondos. <\/p>\n\n\n\n<p class=\"has-black-color has-text-color has-medium-font-size\">A <strong>transici\u00f3n dixital<\/strong> tam\u00e9n estivo presente no relatorio de Casares que animou \u00e1s grandes e \u00e1s pequenas empresas a sumarse a esta aposta. En particular, respecto a estas \u00faltimas mencionou o <strong>Kit Dixital<\/strong> e a s\u00faa contribuci\u00f3n \u00e1 creaci\u00f3n de \u201cun ecosistema de creatividade dixital de proximidade\u201d. <\/p>\n\n\n\n<p class=\"has-black-color has-text-color has-medium-font-size\">Ao final da mesa, os asistentes, entre os que se atopaban diversas personalidades do \u00e1mbito empresarial, administrativo e pol\u00edtico, puideron intercambiar opini\u00f3ns e resolver d\u00fabidas cos opo\u00f1entes sobre a aplicaci\u00f3n dos Next Generation na nosa comunidade. Un debate no que a aposta pola \u201coportunidade\u201d que representan estes fondos e \u201ca axilidade de execuci\u00f3n\u201d se fixeron patentes.<\/p>\n\n\n\n<p class=\"has-black-color has-text-color has-medium-font-size\"><\/p>\n\n\n\n<figure class=\"wp-block-image size-large\"><img fetchpriority=\"high\" decoding=\"async\" width=\"1024\" height=\"576\" src=\"https:\/\/nicogcasares.eu\/wp-content\/uploads\/2022\/07\/Nicolas-Gonzalez-Casares-2-1024x576.png\" alt=\"\" class=\"wp-image-4571\" srcset=\"https:\/\/nicogcasares.eu\/wp-content\/uploads\/2022\/07\/Nicolas-Gonzalez-Casares-2-1024x576.png 1024w, https:\/\/nicogcasares.eu\/wp-content\/uploads\/2022\/07\/Nicolas-Gonzalez-Casares-2-300x169.png 300w, https:\/\/nicogcasares.eu\/wp-content\/uploads\/2022\/07\/Nicolas-Gonzalez-Casares-2-768x432.png 768w, https:\/\/nicogcasares.eu\/wp-content\/uploads\/2022\/07\/Nicolas-Gonzalez-Casares-2-1536x864.png 1536w, https:\/\/nicogcasares.eu\/wp-content\/uploads\/2022\/07\/Nicolas-Gonzalez-Casares-2-1080x608.png 1080w, https:\/\/nicogcasares.eu\/wp-content\/uploads\/2022\/07\/Nicolas-Gonzalez-Casares-2-1280x720.png 1280w, https:\/\/nicogcasares.eu\/wp-content\/uploads\/2022\/07\/Nicolas-Gonzalez-Casares-2-980x551.png 980w, https:\/\/nicogcasares.eu\/wp-content\/uploads\/2022\/07\/Nicolas-Gonzalez-Casares-2-480x270.png 480w, https:\/\/nicogcasares.eu\/wp-content\/uploads\/2022\/07\/Nicolas-Gonzalez-Casares-2.png 1920w\" sizes=\"(max-width: 1024px) 100vw, 1024px\" \/><\/figure>\n","protected":false},"excerpt":{"rendered":"<p>O eurodeputado aludiu a Vigo como referente de modernidade e destacou o seu papel na transformaci\u00f3n no campo enerx\u00e9tico, a pesca e o coche el\u00e9ctrico<\/p>\n","protected":false},"author":4,"featured_media":4568,"comment_status":"closed","ping_status":"closed","sticky":true,"template":"","format":"standard","meta":{"footnotes":""},"categories":[2,34,27,29,26,30,31,24,20,32],"tags":[372,357,163],"yoast_head":"<!-- This site is optimized with the Yoast SEO plugin v22.3 - https:\/\/yoast.com\/wordpress\/plugins\/seo\/ -->\n<title>Nicol\u00e1s Gonz\u00e1lez no ciclo \u2018Europa invierte en mi regi\u00f3n\u2019: \u201cOs Next Generation par\u00e9cense a Galicia porque estamos envoltos na transici\u00f3n ecol\u00f3xica\u201d - Nico G. Casares %<\/title>\n<meta name=\"description\" content=\"Nicol\u00e1s Gonz\u00e1lez participa en Vigo no ciclo Europa invierte en mi regi\u00f3n\" \/>\n<meta name=\"robots\" content=\"index, follow, max-snippet:-1, max-image-preview:large, max-video-preview:-1\" \/>\n<link rel=\"canonical\" href=\"https:\/\/nicogcasares.eu\/gl\/nicolas-gonzalez-ciclo-europa-invierte-en-mi-region-next-generation\/\" \/>\n<meta property=\"og:locale\" content=\"gl_ES\" \/>\n<meta property=\"og:type\" content=\"article\" \/>\n<meta property=\"og:title\" content=\"Nicol\u00e1s Gonz\u00e1lez no ciclo \u2018Europa invierte en mi regi\u00f3n\u2019: \u201cOs Next Generation par\u00e9cense a Galicia porque estamos envoltos na transici\u00f3n ecol\u00f3xica\u201d\" \/>\n<meta property=\"og:description\" content=\"O eurodeputado aludiu a Vigo como referente de modernidade e destacou o seu papel na transformaci\u00f3n no campo enerx\u00e9tico, a pesca e o coche el\u00e9ctrico\" \/>\n<meta property=\"og:url\" content=\"https:\/\/nicogcasares.eu\/gl\/nicolas-gonzalez-ciclo-europa-invierte-en-mi-region-next-generation\/\" \/>\n<meta property=\"og:site_name\" content=\"Nico G. Casares\" \/>\n<meta property=\"article:published_time\" content=\"2022-07-08T11:47:21+00:00\" \/>\n<meta property=\"article:modified_time\" content=\"2022-07-08T11:52:16+00:00\" \/>\n<meta property=\"og:image\" content=\"https:\/\/nicogcasares.eu\/wp-content\/uploads\/2022\/07\/Nicolas-Gonzalez-Casares-4-1024x576.png\" \/>\n\t<meta property=\"og:image:width\" content=\"1024\" \/>\n\t<meta property=\"og:image:height\" content=\"576\" \/>\n\t<meta property=\"og:image:type\" content=\"image\/png\" \/>\n<meta name=\"author\" content=\"Nicol\u00e1s Gonz\u00e1lez Casares\" \/>\n<meta name=\"twitter:card\" content=\"summary_large_image\" \/>\n<meta name=\"twitter:title\" content=\"Nicol\u00e1s Gonz\u00e1lez no ciclo \u2018Europa invierte en mi regi\u00f3n\u2019: \u201cOs Next Generation par\u00e9cense a Galicia porque estamos envoltos na transici\u00f3n ecol\u00f3xica\u201d\" \/>\n<meta name=\"twitter:description\" content=\"O eurodeputado aludiu a Vigo como referente de modernidade e destacou o seu papel na transformaci\u00f3n no campo enerx\u00e9tico, a pesca e o coche el\u00e9ctrico\" \/>\n<meta name=\"twitter:image\" content=\"https:\/\/nicogcasares.eu\/wp-content\/uploads\/2022\/07\/Nicolas-Gonzalez-Casares-4.png\" \/>\n<meta name=\"twitter:creator\" content=\"@nicogoncas\" \/>\n<meta name=\"twitter:site\" content=\"@nicogoncas\" \/>\n<meta name=\"twitter:label1\" content=\"Escrito por\" \/>\n\t<meta name=\"twitter:data1\" content=\"Nicol\u00e1s Gonz\u00e1lez Casares\" \/>\n\t<meta name=\"twitter:label2\" content=\"Tempo de lectura\" \/>\n\t<meta name=\"twitter:data2\" content=\"3 minutos\" \/>\n<script type=\"application\/ld+json\" class=\"yoast-schema-graph\">{\"@context\":\"https:\/\/schema.org\",\"@graph\":[{\"@type\":\"Article\",\"@id\":\"https:\/\/nicogcasares.eu\/gl\/nicolas-gonzalez-ciclo-europa-invierte-en-mi-region-next-generation\/#article\",\"isPartOf\":{\"@id\":\"https:\/\/nicogcasares.eu\/gl\/nicolas-gonzalez-ciclo-europa-invierte-en-mi-region-next-generation\/\"},\"author\":{\"name\":\"Nicol\u00e1s Gonz\u00e1lez Casares\",\"@id\":\"https:\/\/nicogcasares.eu\/gl\/#\/schema\/person\/75361477143e596646d48598a3778163\"},\"headline\":\"Nicol\u00e1s Gonz\u00e1lez no ciclo \u2018Europa invierte en mi regi\u00f3n\u2019: \u201cOs Next Generation par\u00e9cense a Galicia porque estamos envoltos na transici\u00f3n ecol\u00f3xica\u201d\",\"datePublished\":\"2022-07-08T11:47:21+00:00\",\"dateModified\":\"2022-07-08T11:52:16+00:00\",\"mainEntityOfPage\":{\"@id\":\"https:\/\/nicogcasares.eu\/gl\/nicolas-gonzalez-ciclo-europa-invierte-en-mi-region-next-generation\/\"},\"wordCount\":671,\"publisher\":{\"@id\":\"https:\/\/nicogcasares.eu\/gl\/#\/schema\/person\/75361477143e596646d48598a3778163\"},\"image\":{\"@id\":\"https:\/\/nicogcasares.eu\/gl\/nicolas-gonzalez-ciclo-europa-invierte-en-mi-region-next-generation\/#primaryimage\"},\"thumbnailUrl\":\"https:\/\/nicogcasares.eu\/wp-content\/uploads\/2022\/07\/Nicolas-Gonzalez-Casares-4.png\",\"keywords\":[\"Next Generation\",\"Nicol\u00e1s Gonz\u00e1lez Casares\",\"Transici\u00f3n\"],\"articleSection\":[\"Actividad\",\"Actividade\",\"Energ\u00eda\",\"Enerx\u00eda\",\"Industria\",\"Industria\",\"Medio ambiente\",\"Medioambiente\",\"Noticias\",\"Novas\"],\"inLanguage\":\"gl-ES\"},{\"@type\":\"WebPage\",\"@id\":\"https:\/\/nicogcasares.eu\/gl\/nicolas-gonzalez-ciclo-europa-invierte-en-mi-region-next-generation\/\",\"url\":\"https:\/\/nicogcasares.eu\/gl\/nicolas-gonzalez-ciclo-europa-invierte-en-mi-region-next-generation\/\",\"name\":\"Nicol\u00e1s Gonz\u00e1lez no ciclo \u2018Europa invierte en mi regi\u00f3n\u2019: \u201cOs Next Generation par\u00e9cense a Galicia porque estamos envoltos na transici\u00f3n ecol\u00f3xica\u201d - Nico G. Casares %\",\"isPartOf\":{\"@id\":\"https:\/\/nicogcasares.eu\/gl\/#website\"},\"primaryImageOfPage\":{\"@id\":\"https:\/\/nicogcasares.eu\/gl\/nicolas-gonzalez-ciclo-europa-invierte-en-mi-region-next-generation\/#primaryimage\"},\"image\":{\"@id\":\"https:\/\/nicogcasares.eu\/gl\/nicolas-gonzalez-ciclo-europa-invierte-en-mi-region-next-generation\/#primaryimage\"},\"thumbnailUrl\":\"https:\/\/nicogcasares.eu\/wp-content\/uploads\/2022\/07\/Nicolas-Gonzalez-Casares-4.png\",\"datePublished\":\"2022-07-08T11:47:21+00:00\",\"dateModified\":\"2022-07-08T11:52:16+00:00\",\"description\":\"Nicol\u00e1s Gonz\u00e1lez participa en Vigo no ciclo Europa invierte en mi regi\u00f3n\",\"breadcrumb\":{\"@id\":\"https:\/\/nicogcasares.eu\/gl\/nicolas-gonzalez-ciclo-europa-invierte-en-mi-region-next-generation\/#breadcrumb\"},\"inLanguage\":\"gl-ES\",\"potentialAction\":[{\"@type\":\"ReadAction\",\"target\":[\"https:\/\/nicogcasares.eu\/gl\/nicolas-gonzalez-ciclo-europa-invierte-en-mi-region-next-generation\/\"]}]},{\"@type\":\"ImageObject\",\"inLanguage\":\"gl-ES\",\"@id\":\"https:\/\/nicogcasares.eu\/gl\/nicolas-gonzalez-ciclo-europa-invierte-en-mi-region-next-generation\/#primaryimage\",\"url\":\"https:\/\/nicogcasares.eu\/wp-content\/uploads\/2022\/07\/Nicolas-Gonzalez-Casares-4.png\",\"contentUrl\":\"https:\/\/nicogcasares.eu\/wp-content\/uploads\/2022\/07\/Nicolas-Gonzalez-Casares-4.png\",\"width\":1920,\"height\":1080},{\"@type\":\"BreadcrumbList\",\"@id\":\"https:\/\/nicogcasares.eu\/gl\/nicolas-gonzalez-ciclo-europa-invierte-en-mi-region-next-generation\/#breadcrumb\",\"itemListElement\":[{\"@type\":\"ListItem\",\"position\":1,\"name\":\"Portada\",\"item\":\"https:\/\/nicogcasares.eu\/gl\/\"},{\"@type\":\"ListItem\",\"position\":2,\"name\":\"Nicol\u00e1s Gonz\u00e1lez no ciclo \u2018Europa invierte en mi regi\u00f3n\u2019: \u201cOs Next Generation par\u00e9cense a Galicia porque estamos envoltos na transici\u00f3n ecol\u00f3xica\u201d\"}]},{\"@type\":\"WebSite\",\"@id\":\"https:\/\/nicogcasares.eu\/gl\/#website\",\"url\":\"https:\/\/nicogcasares.eu\/gl\/\",\"name\":\"Nico G. Casares\",\"description\":\"Diputado socialista en el parlamento europeo\",\"publisher\":{\"@id\":\"https:\/\/nicogcasares.eu\/gl\/#\/schema\/person\/75361477143e596646d48598a3778163\"},\"potentialAction\":[{\"@type\":\"SearchAction\",\"target\":{\"@type\":\"EntryPoint\",\"urlTemplate\":\"https:\/\/nicogcasares.eu\/gl\/?s={search_term_string}\"},\"query-input\":\"required name=search_term_string\"}],\"inLanguage\":\"gl-ES\"},{\"@type\":[\"Person\",\"Organization\"],\"@id\":\"https:\/\/nicogcasares.eu\/gl\/#\/schema\/person\/75361477143e596646d48598a3778163\",\"name\":\"Nicol\u00e1s Gonz\u00e1lez Casares\",\"image\":{\"@type\":\"ImageObject\",\"inLanguage\":\"gl-ES\",\"@id\":\"https:\/\/nicogcasares.eu\/gl\/#\/schema\/person\/image\/\",\"url\":\"https:\/\/nicogcasares.eu\/wp-content\/uploads\/2021\/11\/20211006_EP-119139A_FMA_0895_RESIZED_S.jpg\",\"contentUrl\":\"https:\/\/nicogcasares.eu\/wp-content\/uploads\/2021\/11\/20211006_EP-119139A_FMA_0895_RESIZED_S.jpg\",\"width\":639,\"height\":426,\"caption\":\"Nicol\u00e1s Gonz\u00e1lez Casares\"},\"logo\":{\"@id\":\"https:\/\/nicogcasares.eu\/gl\/#\/schema\/person\/image\/\"},\"url\":\"https:\/\/nicogcasares.eu\/gl\/author\/nico\/\"}]}<\/script>\n<!-- \/ Yoast SEO plugin. -->","yoast_head_json":{"title":"Nicol\u00e1s Gonz\u00e1lez no ciclo \u2018Europa invierte en mi regi\u00f3n\u2019: \u201cOs Next Generation par\u00e9cense a Galicia porque estamos envoltos na transici\u00f3n ecol\u00f3xica\u201d - Nico G. Casares %","description":"Nicol\u00e1s Gonz\u00e1lez participa en Vigo no ciclo Europa invierte en mi regi\u00f3n","robots":{"index":"index","follow":"follow","max-snippet":"max-snippet:-1","max-image-preview":"max-image-preview:large","max-video-preview":"max-video-preview:-1"},"canonical":"https:\/\/nicogcasares.eu\/gl\/nicolas-gonzalez-ciclo-europa-invierte-en-mi-region-next-generation\/","og_locale":"gl_ES","og_type":"article","og_title":"Nicol\u00e1s Gonz\u00e1lez no ciclo \u2018Europa invierte en mi regi\u00f3n\u2019: \u201cOs Next Generation par\u00e9cense a Galicia porque estamos envoltos na transici\u00f3n ecol\u00f3xica\u201d","og_description":"O eurodeputado aludiu a Vigo como referente de modernidade e destacou o seu papel na transformaci\u00f3n no campo enerx\u00e9tico, a pesca e o coche el\u00e9ctrico","og_url":"https:\/\/nicogcasares.eu\/gl\/nicolas-gonzalez-ciclo-europa-invierte-en-mi-region-next-generation\/","og_site_name":"Nico G. Casares","article_published_time":"2022-07-08T11:47:21+00:00","article_modified_time":"2022-07-08T11:52:16+00:00","og_image":[{"width":1024,"height":576,"url":"https:\/\/nicogcasares.eu\/wp-content\/uploads\/2022\/07\/Nicolas-Gonzalez-Casares-4-1024x576.png","type":"image\/png"}],"author":"Nicol\u00e1s Gonz\u00e1lez Casares","twitter_card":"summary_large_image","twitter_title":"Nicol\u00e1s Gonz\u00e1lez no ciclo \u2018Europa invierte en mi regi\u00f3n\u2019: \u201cOs Next Generation par\u00e9cense a Galicia porque estamos envoltos na transici\u00f3n ecol\u00f3xica\u201d","twitter_description":"O eurodeputado aludiu a Vigo como referente de modernidade e destacou o seu papel na transformaci\u00f3n no campo enerx\u00e9tico, a pesca e o coche el\u00e9ctrico","twitter_image":"https:\/\/nicogcasares.eu\/wp-content\/uploads\/2022\/07\/Nicolas-Gonzalez-Casares-4.png","twitter_creator":"@nicogoncas","twitter_site":"@nicogoncas","twitter_misc":{"Escrito por":"Nicol\u00e1s Gonz\u00e1lez Casares","Tempo de lectura":"3 minutos"},"schema":{"@context":"https:\/\/schema.org","@graph":[{"@type":"Article","@id":"https:\/\/nicogcasares.eu\/gl\/nicolas-gonzalez-ciclo-europa-invierte-en-mi-region-next-generation\/#article","isPartOf":{"@id":"https:\/\/nicogcasares.eu\/gl\/nicolas-gonzalez-ciclo-europa-invierte-en-mi-region-next-generation\/"},"author":{"name":"Nicol\u00e1s Gonz\u00e1lez Casares","@id":"https:\/\/nicogcasares.eu\/gl\/#\/schema\/person\/75361477143e596646d48598a3778163"},"headline":"Nicol\u00e1s Gonz\u00e1lez no ciclo \u2018Europa invierte en mi regi\u00f3n\u2019: \u201cOs Next Generation par\u00e9cense a Galicia porque estamos envoltos na transici\u00f3n ecol\u00f3xica\u201d","datePublished":"2022-07-08T11:47:21+00:00","dateModified":"2022-07-08T11:52:16+00:00","mainEntityOfPage":{"@id":"https:\/\/nicogcasares.eu\/gl\/nicolas-gonzalez-ciclo-europa-invierte-en-mi-region-next-generation\/"},"wordCount":671,"publisher":{"@id":"https:\/\/nicogcasares.eu\/gl\/#\/schema\/person\/75361477143e596646d48598a3778163"},"image":{"@id":"https:\/\/nicogcasares.eu\/gl\/nicolas-gonzalez-ciclo-europa-invierte-en-mi-region-next-generation\/#primaryimage"},"thumbnailUrl":"https:\/\/nicogcasares.eu\/wp-content\/uploads\/2022\/07\/Nicolas-Gonzalez-Casares-4.png","keywords":["Next Generation","Nicol\u00e1s Gonz\u00e1lez Casares","Transici\u00f3n"],"articleSection":["Actividad","Actividade","Energ\u00eda","Enerx\u00eda","Industria","Industria","Medio ambiente","Medioambiente","Noticias","Novas"],"inLanguage":"gl-ES"},{"@type":"WebPage","@id":"https:\/\/nicogcasares.eu\/gl\/nicolas-gonzalez-ciclo-europa-invierte-en-mi-region-next-generation\/","url":"https:\/\/nicogcasares.eu\/gl\/nicolas-gonzalez-ciclo-europa-invierte-en-mi-region-next-generation\/","name":"Nicol\u00e1s Gonz\u00e1lez no ciclo \u2018Europa invierte en mi regi\u00f3n\u2019: \u201cOs Next Generation par\u00e9cense a Galicia porque estamos envoltos na transici\u00f3n ecol\u00f3xica\u201d - Nico G. Casares %","isPartOf":{"@id":"https:\/\/nicogcasares.eu\/gl\/#website"},"primaryImageOfPage":{"@id":"https:\/\/nicogcasares.eu\/gl\/nicolas-gonzalez-ciclo-europa-invierte-en-mi-region-next-generation\/#primaryimage"},"image":{"@id":"https:\/\/nicogcasares.eu\/gl\/nicolas-gonzalez-ciclo-europa-invierte-en-mi-region-next-generation\/#primaryimage"},"thumbnailUrl":"https:\/\/nicogcasares.eu\/wp-content\/uploads\/2022\/07\/Nicolas-Gonzalez-Casares-4.png","datePublished":"2022-07-08T11:47:21+00:00","dateModified":"2022-07-08T11:52:16+00:00","description":"Nicol\u00e1s Gonz\u00e1lez participa en Vigo no ciclo Europa invierte en mi regi\u00f3n","breadcrumb":{"@id":"https:\/\/nicogcasares.eu\/gl\/nicolas-gonzalez-ciclo-europa-invierte-en-mi-region-next-generation\/#breadcrumb"},"inLanguage":"gl-ES","potentialAction":[{"@type":"ReadAction","target":["https:\/\/nicogcasares.eu\/gl\/nicolas-gonzalez-ciclo-europa-invierte-en-mi-region-next-generation\/"]}]},{"@type":"ImageObject","inLanguage":"gl-ES","@id":"https:\/\/nicogcasares.eu\/gl\/nicolas-gonzalez-ciclo-europa-invierte-en-mi-region-next-generation\/#primaryimage","url":"https:\/\/nicogcasares.eu\/wp-content\/uploads\/2022\/07\/Nicolas-Gonzalez-Casares-4.png","contentUrl":"https:\/\/nicogcasares.eu\/wp-content\/uploads\/2022\/07\/Nicolas-Gonzalez-Casares-4.png","width":1920,"height":1080},{"@type":"BreadcrumbList","@id":"https:\/\/nicogcasares.eu\/gl\/nicolas-gonzalez-ciclo-europa-invierte-en-mi-region-next-generation\/#breadcrumb","itemListElement":[{"@type":"ListItem","position":1,"name":"Portada","item":"https:\/\/nicogcasares.eu\/gl\/"},{"@type":"ListItem","position":2,"name":"Nicol\u00e1s Gonz\u00e1lez no ciclo \u2018Europa invierte en mi regi\u00f3n\u2019: \u201cOs Next Generation par\u00e9cense a Galicia porque estamos envoltos na transici\u00f3n ecol\u00f3xica\u201d"}]},{"@type":"WebSite","@id":"https:\/\/nicogcasares.eu\/gl\/#website","url":"https:\/\/nicogcasares.eu\/gl\/","name":"Nico G. Casares","description":"Diputado socialista en el parlamento europeo","publisher":{"@id":"https:\/\/nicogcasares.eu\/gl\/#\/schema\/person\/75361477143e596646d48598a3778163"},"potentialAction":[{"@type":"SearchAction","target":{"@type":"EntryPoint","urlTemplate":"https:\/\/nicogcasares.eu\/gl\/?s={search_term_string}"},"query-input":"required name=search_term_string"}],"inLanguage":"gl-ES"},{"@type":["Person","Organization"],"@id":"https:\/\/nicogcasares.eu\/gl\/#\/schema\/person\/75361477143e596646d48598a3778163","name":"Nicol\u00e1s Gonz\u00e1lez Casares","image":{"@type":"ImageObject","inLanguage":"gl-ES","@id":"https:\/\/nicogcasares.eu\/gl\/#\/schema\/person\/image\/","url":"https:\/\/nicogcasares.eu\/wp-content\/uploads\/2021\/11\/20211006_EP-119139A_FMA_0895_RESIZED_S.jpg","contentUrl":"https:\/\/nicogcasares.eu\/wp-content\/uploads\/2021\/11\/20211006_EP-119139A_FMA_0895_RESIZED_S.jpg","width":639,"height":426,"caption":"Nicol\u00e1s Gonz\u00e1lez Casares"},"logo":{"@id":"https:\/\/nicogcasares.eu\/gl\/#\/schema\/person\/image\/"},"url":"https:\/\/nicogcasares.eu\/gl\/author\/nico\/"}]}},"_links":{"self":[{"href":"https:\/\/nicogcasares.eu\/gl\/wp-json\/wp\/v2\/posts\/4577"}],"collection":[{"href":"https:\/\/nicogcasares.eu\/gl\/wp-json\/wp\/v2\/posts"}],"about":[{"href":"https:\/\/nicogcasares.eu\/gl\/wp-json\/wp\/v2\/types\/post"}],"author":[{"embeddable":true,"href":"https:\/\/nicogcasares.eu\/gl\/wp-json\/wp\/v2\/users\/4"}],"replies":[{"embeddable":true,"href":"https:\/\/nicogcasares.eu\/gl\/wp-json\/wp\/v2\/comments?post=4577"}],"version-history":[{"count":1,"href":"https:\/\/nicogcasares.eu\/gl\/wp-json\/wp\/v2\/posts\/4577\/revisions"}],"predecessor-version":[{"id":4578,"href":"https:\/\/nicogcasares.eu\/gl\/wp-json\/wp\/v2\/posts\/4577\/revisions\/4578"}],"wp:featuredmedia":[{"embeddable":true,"href":"https:\/\/nicogcasares.eu\/gl\/wp-json\/wp\/v2\/media\/4568"}],"wp:attachment":[{"href":"https:\/\/nicogcasares.eu\/gl\/wp-json\/wp\/v2\/media?parent=4577"}],"wp:term":[{"taxonomy":"category","embeddable":true,"href":"https:\/\/nicogcasares.eu\/gl\/wp-json\/wp\/v2\/categories?post=4577"},{"taxonomy":"post_tag","embeddable":true,"href":"https:\/\/nicogcasares.eu\/gl\/wp-json\/wp\/v2\/tags?post=4577"}],"curies":[{"name":"wp","href":"https:\/\/api.w.org\/{rel}","templated":true}]}}