{"id":4589,"date":"2022-07-14T00:00:40","date_gmt":"2022-07-13T22:00:40","guid":{"rendered":"https:\/\/nicogcasares.eu\/?p=4589"},"modified":"2022-07-14T00:46:04","modified_gmt":"2022-07-13T22:46:04","slug":"buenas-noticias-espana-galicia-acuerdo-directiva-europea-energias-renovables-responde-demandas","status":"publish","type":"post","link":"https:\/\/nicogcasares.eu\/gl\/buenas-noticias-espana-galicia-acuerdo-directiva-europea-energias-renovables-responde-demandas\/","title":{"rendered":"Boas noticias para Espa\u00f1a e Galicia: O acordo sobre a Directiva Europea de Enerx\u00edas Renovables responde \u00e1s s\u00faas demandas"},"content":{"rendered":"\n<p class=\"has-black-color has-text-color has-medium-font-size\"><strong>O obxectivo de renovables no consumo final da Uni\u00f3n Europea f\u00edxase no 45 % para o 2030 <\/strong><\/p>\n\n\n\n<p class=\"has-black-color has-text-color has-medium-font-size\"><strong>A xesti\u00f3n da prevenci\u00f3n de incendios ser\u00e1 decisiva para o uso da biomasa <\/strong><\/p>\n\n\n\n<p class=\"has-black-color has-text-color has-medium-font-size\"><strong>Os combustibles renovables de orixe non biol\u00f3xica computar\u00e1n no obxectivo de renovables do pa\u00eds produtor e consumidor<\/strong><\/p>\n\n\n\n<p class=\"has-black-color has-text-color has-medium-font-size\">Moitos e longos di\u00e1logos marcaron a <strong>Revisi\u00f3n da Directiva Europea de Enerx\u00edas Renovables<\/strong> nos \u00faltimos meses ata alcanzar un acordo maioritario este m\u00e9rcores. A Comisi\u00f3n de Industria, Investigaci\u00f3n e Enerx\u00eda votou a favor de elevar do 32% ao <strong>45% o obxectivo de renovables no consumo final da Uni\u00f3n Europea no 2030<\/strong>, en li\u00f1a ao requirido polo plan REPowerEU. A aposta pola <strong>sustentabilidade<\/strong> faise patente nesta reforma que abarca sectores tan importantes como o da calefacci\u00f3n e refrixeraci\u00f3n, edificios, industria e transporte. <\/p>\n\n\n\n<p class=\"has-black-color has-text-color has-medium-font-size\">Os acordos foron apoiados por un bloque de partidos progresistas, entre eles o <strong>Grupo da Alianza de Socialistas e Dem\u00f3cratas<\/strong>. \u201cAdemais de incrementar a eficiencia enerx\u00e9tica, a sa\u00edda \u00e1 crise clim\u00e1tica e enerx\u00e9tica vir\u00e1 por <strong>m\u00e1is enerx\u00edas renovables aut\u00f3ctonas<\/strong>\u201d, manifestou o eurodeputado socialista <strong>Nicol\u00e1s Gonz\u00e1lez Casares<\/strong>, relator do Grupo S&amp;D na Revisi\u00f3n da Directiva Europea de Enerx\u00edas Renovables e da Comisi\u00f3n de Transporte e Enerx\u00eda no Parlamento Europeo. Unha Directiva, cuxo labor \u00e9 a promoci\u00f3n, unicamente, de fontes de enerx\u00eda renovables. \u201cEsta Directiva non \u00e9 o sitio para promocionar outras fontes non renovables\u201d, insist\u00eda o europarlamentario. <\/p>\n\n\n\n<p class=\"has-black-color has-text-color has-medium-font-size\"><strong>Este acordo resultar\u00e1 beneficioso para os intereses de Espa\u00f1a e Galicia<\/strong>. Por unha banda, respecto \u00e1 <strong>biomasa<\/strong>, as instalaci\u00f3ns que s\u00f3 produzan electricidade a partir de biomasa non poder\u00e1n recibir subvenci\u00f3ns a partir de 2026 con <strong>excepci\u00f3n<\/strong> para as localizadas en rexi\u00f3ns de transici\u00f3n xusta e incorporen CCS (captura e almacenamento de carbono) e as que <strong>proben que non poden prover tam\u00e9n calor<\/strong>. Unha medida prioritaria para o estado espa\u00f1ol dado que moitas plantas de biomasa que dan sa\u00edda a residuos forestais non te\u00f1en demanda de calor. Nesta li\u00f1a, a aplicaci\u00f3n do principio do <strong>\u201cuso en fervenza\u201d<\/strong>, que significa que o primeiro uso da biomasa debe ser como material e como enerx\u00eda ao final da vida do produto, pasa a ser un acto de implantaci\u00f3n no que se ha de<strong> ter en conta a xesti\u00f3n da prevenci\u00f3n de incendios<\/strong>. Este aspecto xunto \u00e1 exenci\u00f3n da biomasa derivada de traballos de prevenci\u00f3n forestal como \u201cbiomasa le\u00f1osa primaria\u201d son claves para o noso pa\u00eds. <\/p>\n\n\n\n<p class=\"has-black-color has-text-color has-medium-font-size\">A normativa referida ao <strong>hidr\u00f3xeno verde<\/strong> tam\u00e9n responde \u00e1s prioridades espa\u00f1olas. Polo seu potencial produtor, Espa\u00f1a beneficiarase de que <strong>os combustibles renovables de orixe non biol\u00f3xica<\/strong> (RFNBOs), derivados do hidr\u00f3xeno verde, computen, ademais de para o <strong>obxectivo de renovables do pa\u00eds<\/strong> de consumo (o 80 % do seu volume), para o do produtor (o 20 %). Esta medida xunto \u00e1 ampliaci\u00f3n dos obxectivos de hidr\u00f3xeno na industria e o transporte ser\u00e1n un grande incentivo para a s\u00faa produci\u00f3n. <\/p>\n\n\n\n<p class=\"has-black-color has-text-color has-medium-font-size\">No sector da <strong>calefacci\u00f3n e a refrixeraci\u00f3n<\/strong>, establ\u00e9cense obxectivos nos niveis requiridos por REPowerEU, ref\u00f3rzanse as medidas contra a pobreza enerx\u00e9tica e perm\u00edtese que o uso de residuos de calor e fr\u00edo ata un 20% en edificios contabilicen para o obxectivo de renovables. Co 2030 no horizonte, a Directiva ampl\u00eda os seus obxectivos en <strong>tecnolox\u00edas innovadoras de enerx\u00edas renovables<\/strong> ao 5% e en materia de<strong> transporte<\/strong>, el\u00e9vase a meta de reduci\u00f3n de emisi\u00f3ns do 13 % ao 16 % \u00e1 vez que se impide que se conten m\u00e1is biocombustibles de primeira xeraci\u00f3n e fr\u00e9ase o uso do aceite de palma e a soia ao inclu\u00edlos como materia prima de alto ILUC (cambio indirecto do uso da terra). Nesta \u00e1rea, increm\u00e9ntase o subobxectivo de <strong>combustibles renovables de orixe non biol\u00f3xica<\/strong> (RFNBOs) do 2,6 ao 5,7 % para 2030 e f\u00edxase no 1,2 % para o sector mar\u00edtimo. O incentivo \u00e1 electrificaci\u00f3n a trav\u00e9s da electricidade renovable mantense. <\/p>\n\n\n\n<p class=\"has-black-color has-text-color has-medium-font-size\">O <strong>obxectivo de renovables na industria<\/strong> tam\u00e9n aumenta de 1,1 pp a 1,9 pp e o do hidr\u00f3xeno verde mantense ao 50% e incl\u00faese un novo do 70% para o 2035. Ademais, tr\u00e1zase un roteiro para a eliminaci\u00f3n os combustibles f\u00f3siles nos procesos de baixa temperatura para 2027. <\/p>\n\n\n\n<p class=\"has-black-color has-text-color has-medium-font-size\">Este acordo sobre a Directiva Europea de Enerx\u00edas Renovables, \u201cconsegue que <strong>as garant\u00edas de orixe s\u00f3 se outorguen a fontes renovables<\/strong> e que sexan utilizadas como fontes de informaci\u00f3n, non como sistema de certificaci\u00f3n, xa que carecen da rastrexabilidade necesaria e poder\u00edan incorrer en <em>greenwashing<\/em> ou fraude\u201d, tal e como apunta o eurodeputado Gonz\u00e1lez Casares. <\/p>\n\n\n\n<p class=\"has-black-color has-text-color has-medium-font-size\">Con esta reforma, tam\u00e9n se ve reforzada a cooperaci\u00f3n entre os Estados membros con proxectos cos que impulsar a <strong>e\u00f3lica offshore<\/strong> tendo sempre presentes as actividades preexistentes e o impacto ambiental.<\/p>\n\n\n\n<figure class=\"wp-block-embed is-type-video is-provider-youtube wp-block-embed-youtube wp-embed-aspect-16-9 wp-has-aspect-ratio\"><div class=\"wp-block-embed__wrapper\">\n<iframe title=\"El objetivo de renovables en el consumo final de la Uni\u00f3n Europea se fija en el 45 % para el 2030\" width=\"960\" height=\"540\" src=\"https:\/\/www.youtube.com\/embed\/AmRNsAAV7Ns?feature=oembed\" frameborder=\"0\" allow=\"accelerometer; autoplay; clipboard-write; encrypted-media; gyroscope; picture-in-picture; web-share\" referrerpolicy=\"strict-origin-when-cross-origin\" allowfullscreen><\/iframe>\n<\/div><\/figure>\n","protected":false},"excerpt":{"rendered":"<p>El eurodiputado aludi\u00f3 a Vigo como referente de modernidad y destac\u00f3 su papel en la transformaci\u00f3n en el campo energ\u00e9tico, la pesca o el coche el\u00e9ctrico<\/p>\n","protected":false},"author":4,"featured_media":3988,"comment_status":"closed","ping_status":"closed","sticky":true,"template":"","format":"standard","meta":{"footnotes":""},"categories":[2,27,29,26,30,31,24,20,32],"tags":[168,357,374],"yoast_head":"<!-- This site is optimized with the Yoast SEO plugin v22.3 - https:\/\/yoast.com\/wordpress\/plugins\/seo\/ -->\n<title>Boas noticias para Espa\u00f1a e Galicia: O acordo sobre a Directiva Europea de Enerx\u00edas Renovables responde \u00e1s s\u00faas demandas - Nico G. Casares %<\/title>\n<meta name=\"description\" content=\"Nicol\u00e1s Gonz\u00e1lez participa en Vigo en el ciclo Europa invierte en mi regi\u00f3n\" \/>\n<meta name=\"robots\" content=\"index, follow, max-snippet:-1, max-image-preview:large, max-video-preview:-1\" \/>\n<link rel=\"canonical\" href=\"https:\/\/nicogcasares.eu\/gl\/buenas-noticias-espana-galicia-acuerdo-directiva-europea-energias-renovables-responde-demandas\/\" \/>\n<meta property=\"og:locale\" content=\"gl_ES\" \/>\n<meta property=\"og:type\" content=\"article\" \/>\n<meta property=\"og:title\" content=\"Nicol\u00e1s Gonz\u00e1lez en el ciclo \u2018Europa invierte en mi regi\u00f3n\u2019: \u201cLos Next Generation se parecen a Galicia porque estamos envueltos en la transici\u00f3n ecol\u00f3gica\u201d\" \/>\n<meta property=\"og:description\" content=\"El eurodiputado aludi\u00f3 a Vigo como referente de modernidad y destac\u00f3 su papel en la transformaci\u00f3n en el campo energ\u00e9tico, la pesca o el coche el\u00e9ctrico\" \/>\n<meta property=\"og:url\" content=\"https:\/\/nicogcasares.eu\/gl\/buenas-noticias-espana-galicia-acuerdo-directiva-europea-energias-renovables-responde-demandas\/\" \/>\n<meta property=\"og:site_name\" content=\"Nico G. Casares\" \/>\n<meta property=\"article:published_time\" content=\"2022-07-13T22:00:40+00:00\" \/>\n<meta property=\"article:modified_time\" content=\"2022-07-13T22:46:04+00:00\" \/>\n<meta property=\"og:image\" content=\"https:\/\/nicogcasares.eu\/wp-content\/uploads\/2022\/07\/Nicolas-Gonzalez-Casares-4-1024x576.png\" \/>\n\t<meta property=\"og:image:width\" content=\"1024\" \/>\n\t<meta property=\"og:image:height\" content=\"576\" \/>\n\t<meta property=\"og:image:type\" content=\"image\/png\" \/>\n<meta name=\"author\" content=\"Nicol\u00e1s Gonz\u00e1lez Casares\" \/>\n<meta name=\"twitter:card\" content=\"summary_large_image\" \/>\n<meta name=\"twitter:title\" content=\"Nicol\u00e1s Gonz\u00e1lez en el ciclo \u2018Europa invierte en mi regi\u00f3n\u2019: \u201cLos Next Generation se parecen a Galicia porque estamos envueltos en la transici\u00f3n ecol\u00f3gica\u201d\" \/>\n<meta name=\"twitter:description\" content=\"El eurodiputado aludi\u00f3 a Vigo como referente de modernidad y destac\u00f3 su papel en la transformaci\u00f3n en el campo energ\u00e9tico, la pesca o el coche el\u00e9ctrico\" \/>\n<meta name=\"twitter:image\" content=\"https:\/\/nicogcasares.eu\/wp-content\/uploads\/2022\/07\/Nicolas-Gonzalez-Casares-4.png\" \/>\n<meta name=\"twitter:creator\" content=\"@nicogoncas\" \/>\n<meta name=\"twitter:site\" content=\"@nicogoncas\" \/>\n<meta name=\"twitter:label1\" content=\"Escrito por\" \/>\n\t<meta name=\"twitter:data1\" content=\"Nicol\u00e1s Gonz\u00e1lez Casares\" \/>\n\t<meta name=\"twitter:label2\" content=\"Tempo de lectura\" \/>\n\t<meta name=\"twitter:data2\" content=\"4 minutos\" \/>\n<script type=\"application\/ld+json\" class=\"yoast-schema-graph\">{\"@context\":\"https:\/\/schema.org\",\"@graph\":[{\"@type\":\"Article\",\"@id\":\"https:\/\/nicogcasares.eu\/gl\/buenas-noticias-espana-galicia-acuerdo-directiva-europea-energias-renovables-responde-demandas\/#article\",\"isPartOf\":{\"@id\":\"https:\/\/nicogcasares.eu\/gl\/buenas-noticias-espana-galicia-acuerdo-directiva-europea-energias-renovables-responde-demandas\/\"},\"author\":{\"name\":\"Nicol\u00e1s Gonz\u00e1lez Casares\",\"@id\":\"https:\/\/nicogcasares.eu\/gl\/#\/schema\/person\/75361477143e596646d48598a3778163\"},\"headline\":\"Boas noticias para Espa\u00f1a e Galicia: O acordo sobre a Directiva Europea de Enerx\u00edas Renovables responde \u00e1s s\u00faas demandas\",\"datePublished\":\"2022-07-13T22:00:40+00:00\",\"dateModified\":\"2022-07-13T22:46:04+00:00\",\"mainEntityOfPage\":{\"@id\":\"https:\/\/nicogcasares.eu\/gl\/buenas-noticias-espana-galicia-acuerdo-directiva-europea-energias-renovables-responde-demandas\/\"},\"wordCount\":851,\"publisher\":{\"@id\":\"https:\/\/nicogcasares.eu\/gl\/#\/schema\/person\/75361477143e596646d48598a3778163\"},\"image\":{\"@id\":\"https:\/\/nicogcasares.eu\/gl\/buenas-noticias-espana-galicia-acuerdo-directiva-europea-energias-renovables-responde-demandas\/#primaryimage\"},\"thumbnailUrl\":\"https:\/\/nicogcasares.eu\/wp-content\/uploads\/2022\/02\/5.jpg\",\"keywords\":[\"Energ\u00eda\",\"Nicol\u00e1s Gonz\u00e1lez Casares\",\"renovables\"],\"articleSection\":[\"Actividad\",\"Energ\u00eda\",\"Enerx\u00eda\",\"Industria\",\"Industria\",\"Medio ambiente\",\"Medioambiente\",\"Noticias\",\"Novas\"],\"inLanguage\":\"gl-ES\"},{\"@type\":\"WebPage\",\"@id\":\"https:\/\/nicogcasares.eu\/gl\/buenas-noticias-espana-galicia-acuerdo-directiva-europea-energias-renovables-responde-demandas\/\",\"url\":\"https:\/\/nicogcasares.eu\/gl\/buenas-noticias-espana-galicia-acuerdo-directiva-europea-energias-renovables-responde-demandas\/\",\"name\":\"Boas noticias para Espa\u00f1a e Galicia: O acordo sobre a Directiva Europea de Enerx\u00edas Renovables responde \u00e1s s\u00faas demandas - Nico G. Casares %\",\"isPartOf\":{\"@id\":\"https:\/\/nicogcasares.eu\/gl\/#website\"},\"primaryImageOfPage\":{\"@id\":\"https:\/\/nicogcasares.eu\/gl\/buenas-noticias-espana-galicia-acuerdo-directiva-europea-energias-renovables-responde-demandas\/#primaryimage\"},\"image\":{\"@id\":\"https:\/\/nicogcasares.eu\/gl\/buenas-noticias-espana-galicia-acuerdo-directiva-europea-energias-renovables-responde-demandas\/#primaryimage\"},\"thumbnailUrl\":\"https:\/\/nicogcasares.eu\/wp-content\/uploads\/2022\/02\/5.jpg\",\"datePublished\":\"2022-07-13T22:00:40+00:00\",\"dateModified\":\"2022-07-13T22:46:04+00:00\",\"description\":\"Nicol\u00e1s Gonz\u00e1lez participa en Vigo en el ciclo Europa invierte en mi regi\u00f3n\",\"breadcrumb\":{\"@id\":\"https:\/\/nicogcasares.eu\/gl\/buenas-noticias-espana-galicia-acuerdo-directiva-europea-energias-renovables-responde-demandas\/#breadcrumb\"},\"inLanguage\":\"gl-ES\",\"potentialAction\":[{\"@type\":\"ReadAction\",\"target\":[\"https:\/\/nicogcasares.eu\/gl\/buenas-noticias-espana-galicia-acuerdo-directiva-europea-energias-renovables-responde-demandas\/\"]}]},{\"@type\":\"ImageObject\",\"inLanguage\":\"gl-ES\",\"@id\":\"https:\/\/nicogcasares.eu\/gl\/buenas-noticias-espana-galicia-acuerdo-directiva-europea-energias-renovables-responde-demandas\/#primaryimage\",\"url\":\"https:\/\/nicogcasares.eu\/wp-content\/uploads\/2022\/02\/5.jpg\",\"contentUrl\":\"https:\/\/nicogcasares.eu\/wp-content\/uploads\/2022\/02\/5.jpg\",\"width\":1867,\"height\":1272},{\"@type\":\"BreadcrumbList\",\"@id\":\"https:\/\/nicogcasares.eu\/gl\/buenas-noticias-espana-galicia-acuerdo-directiva-europea-energias-renovables-responde-demandas\/#breadcrumb\",\"itemListElement\":[{\"@type\":\"ListItem\",\"position\":1,\"name\":\"Portada\",\"item\":\"https:\/\/nicogcasares.eu\/gl\/\"},{\"@type\":\"ListItem\",\"position\":2,\"name\":\"Boas noticias para Espa\u00f1a e Galicia: O acordo sobre a Directiva Europea de Enerx\u00edas Renovables responde \u00e1s s\u00faas demandas\"}]},{\"@type\":\"WebSite\",\"@id\":\"https:\/\/nicogcasares.eu\/gl\/#website\",\"url\":\"https:\/\/nicogcasares.eu\/gl\/\",\"name\":\"Nico G. Casares\",\"description\":\"Diputado socialista en el parlamento europeo\",\"publisher\":{\"@id\":\"https:\/\/nicogcasares.eu\/gl\/#\/schema\/person\/75361477143e596646d48598a3778163\"},\"potentialAction\":[{\"@type\":\"SearchAction\",\"target\":{\"@type\":\"EntryPoint\",\"urlTemplate\":\"https:\/\/nicogcasares.eu\/gl\/?s={search_term_string}\"},\"query-input\":\"required name=search_term_string\"}],\"inLanguage\":\"gl-ES\"},{\"@type\":[\"Person\",\"Organization\"],\"@id\":\"https:\/\/nicogcasares.eu\/gl\/#\/schema\/person\/75361477143e596646d48598a3778163\",\"name\":\"Nicol\u00e1s Gonz\u00e1lez Casares\",\"image\":{\"@type\":\"ImageObject\",\"inLanguage\":\"gl-ES\",\"@id\":\"https:\/\/nicogcasares.eu\/gl\/#\/schema\/person\/image\/\",\"url\":\"https:\/\/nicogcasares.eu\/wp-content\/uploads\/2021\/11\/20211006_EP-119139A_FMA_0895_RESIZED_S.jpg\",\"contentUrl\":\"https:\/\/nicogcasares.eu\/wp-content\/uploads\/2021\/11\/20211006_EP-119139A_FMA_0895_RESIZED_S.jpg\",\"width\":639,\"height\":426,\"caption\":\"Nicol\u00e1s Gonz\u00e1lez Casares\"},\"logo\":{\"@id\":\"https:\/\/nicogcasares.eu\/gl\/#\/schema\/person\/image\/\"},\"url\":\"https:\/\/nicogcasares.eu\/gl\/author\/nico\/\"}]}<\/script>\n<!-- \/ Yoast SEO plugin. -->","yoast_head_json":{"title":"Boas noticias para Espa\u00f1a e Galicia: O acordo sobre a Directiva Europea de Enerx\u00edas Renovables responde \u00e1s s\u00faas demandas - Nico G. Casares %","description":"Nicol\u00e1s Gonz\u00e1lez participa en Vigo en el ciclo Europa invierte en mi regi\u00f3n","robots":{"index":"index","follow":"follow","max-snippet":"max-snippet:-1","max-image-preview":"max-image-preview:large","max-video-preview":"max-video-preview:-1"},"canonical":"https:\/\/nicogcasares.eu\/gl\/buenas-noticias-espana-galicia-acuerdo-directiva-europea-energias-renovables-responde-demandas\/","og_locale":"gl_ES","og_type":"article","og_title":"Nicol\u00e1s Gonz\u00e1lez en el ciclo \u2018Europa invierte en mi regi\u00f3n\u2019: \u201cLos Next Generation se parecen a Galicia porque estamos envueltos en la transici\u00f3n ecol\u00f3gica\u201d","og_description":"El eurodiputado aludi\u00f3 a Vigo como referente de modernidad y destac\u00f3 su papel en la transformaci\u00f3n en el campo energ\u00e9tico, la pesca o el coche el\u00e9ctrico","og_url":"https:\/\/nicogcasares.eu\/gl\/buenas-noticias-espana-galicia-acuerdo-directiva-europea-energias-renovables-responde-demandas\/","og_site_name":"Nico G. Casares","article_published_time":"2022-07-13T22:00:40+00:00","article_modified_time":"2022-07-13T22:46:04+00:00","og_image":[{"width":1024,"height":576,"url":"https:\/\/nicogcasares.eu\/wp-content\/uploads\/2022\/07\/Nicolas-Gonzalez-Casares-4-1024x576.png","type":"image\/png"}],"author":"Nicol\u00e1s Gonz\u00e1lez Casares","twitter_card":"summary_large_image","twitter_title":"Nicol\u00e1s Gonz\u00e1lez en el ciclo \u2018Europa invierte en mi regi\u00f3n\u2019: \u201cLos Next Generation se parecen a Galicia porque estamos envueltos en la transici\u00f3n ecol\u00f3gica\u201d","twitter_description":"El eurodiputado aludi\u00f3 a Vigo como referente de modernidad y destac\u00f3 su papel en la transformaci\u00f3n en el campo energ\u00e9tico, la pesca o el coche el\u00e9ctrico","twitter_image":"https:\/\/nicogcasares.eu\/wp-content\/uploads\/2022\/07\/Nicolas-Gonzalez-Casares-4.png","twitter_creator":"@nicogoncas","twitter_site":"@nicogoncas","twitter_misc":{"Escrito por":"Nicol\u00e1s Gonz\u00e1lez Casares","Tempo de lectura":"4 minutos"},"schema":{"@context":"https:\/\/schema.org","@graph":[{"@type":"Article","@id":"https:\/\/nicogcasares.eu\/gl\/buenas-noticias-espana-galicia-acuerdo-directiva-europea-energias-renovables-responde-demandas\/#article","isPartOf":{"@id":"https:\/\/nicogcasares.eu\/gl\/buenas-noticias-espana-galicia-acuerdo-directiva-europea-energias-renovables-responde-demandas\/"},"author":{"name":"Nicol\u00e1s Gonz\u00e1lez Casares","@id":"https:\/\/nicogcasares.eu\/gl\/#\/schema\/person\/75361477143e596646d48598a3778163"},"headline":"Boas noticias para Espa\u00f1a e Galicia: O acordo sobre a Directiva Europea de Enerx\u00edas Renovables responde \u00e1s s\u00faas demandas","datePublished":"2022-07-13T22:00:40+00:00","dateModified":"2022-07-13T22:46:04+00:00","mainEntityOfPage":{"@id":"https:\/\/nicogcasares.eu\/gl\/buenas-noticias-espana-galicia-acuerdo-directiva-europea-energias-renovables-responde-demandas\/"},"wordCount":851,"publisher":{"@id":"https:\/\/nicogcasares.eu\/gl\/#\/schema\/person\/75361477143e596646d48598a3778163"},"image":{"@id":"https:\/\/nicogcasares.eu\/gl\/buenas-noticias-espana-galicia-acuerdo-directiva-europea-energias-renovables-responde-demandas\/#primaryimage"},"thumbnailUrl":"https:\/\/nicogcasares.eu\/wp-content\/uploads\/2022\/02\/5.jpg","keywords":["Energ\u00eda","Nicol\u00e1s Gonz\u00e1lez Casares","renovables"],"articleSection":["Actividad","Energ\u00eda","Enerx\u00eda","Industria","Industria","Medio ambiente","Medioambiente","Noticias","Novas"],"inLanguage":"gl-ES"},{"@type":"WebPage","@id":"https:\/\/nicogcasares.eu\/gl\/buenas-noticias-espana-galicia-acuerdo-directiva-europea-energias-renovables-responde-demandas\/","url":"https:\/\/nicogcasares.eu\/gl\/buenas-noticias-espana-galicia-acuerdo-directiva-europea-energias-renovables-responde-demandas\/","name":"Boas noticias para Espa\u00f1a e Galicia: O acordo sobre a Directiva Europea de Enerx\u00edas Renovables responde \u00e1s s\u00faas demandas - Nico G. Casares %","isPartOf":{"@id":"https:\/\/nicogcasares.eu\/gl\/#website"},"primaryImageOfPage":{"@id":"https:\/\/nicogcasares.eu\/gl\/buenas-noticias-espana-galicia-acuerdo-directiva-europea-energias-renovables-responde-demandas\/#primaryimage"},"image":{"@id":"https:\/\/nicogcasares.eu\/gl\/buenas-noticias-espana-galicia-acuerdo-directiva-europea-energias-renovables-responde-demandas\/#primaryimage"},"thumbnailUrl":"https:\/\/nicogcasares.eu\/wp-content\/uploads\/2022\/02\/5.jpg","datePublished":"2022-07-13T22:00:40+00:00","dateModified":"2022-07-13T22:46:04+00:00","description":"Nicol\u00e1s Gonz\u00e1lez participa en Vigo en el ciclo Europa invierte en mi regi\u00f3n","breadcrumb":{"@id":"https:\/\/nicogcasares.eu\/gl\/buenas-noticias-espana-galicia-acuerdo-directiva-europea-energias-renovables-responde-demandas\/#breadcrumb"},"inLanguage":"gl-ES","potentialAction":[{"@type":"ReadAction","target":["https:\/\/nicogcasares.eu\/gl\/buenas-noticias-espana-galicia-acuerdo-directiva-europea-energias-renovables-responde-demandas\/"]}]},{"@type":"ImageObject","inLanguage":"gl-ES","@id":"https:\/\/nicogcasares.eu\/gl\/buenas-noticias-espana-galicia-acuerdo-directiva-europea-energias-renovables-responde-demandas\/#primaryimage","url":"https:\/\/nicogcasares.eu\/wp-content\/uploads\/2022\/02\/5.jpg","contentUrl":"https:\/\/nicogcasares.eu\/wp-content\/uploads\/2022\/02\/5.jpg","width":1867,"height":1272},{"@type":"BreadcrumbList","@id":"https:\/\/nicogcasares.eu\/gl\/buenas-noticias-espana-galicia-acuerdo-directiva-europea-energias-renovables-responde-demandas\/#breadcrumb","itemListElement":[{"@type":"ListItem","position":1,"name":"Portada","item":"https:\/\/nicogcasares.eu\/gl\/"},{"@type":"ListItem","position":2,"name":"Boas noticias para Espa\u00f1a e Galicia: O acordo sobre a Directiva Europea de Enerx\u00edas Renovables responde \u00e1s s\u00faas demandas"}]},{"@type":"WebSite","@id":"https:\/\/nicogcasares.eu\/gl\/#website","url":"https:\/\/nicogcasares.eu\/gl\/","name":"Nico G. Casares","description":"Diputado socialista en el parlamento europeo","publisher":{"@id":"https:\/\/nicogcasares.eu\/gl\/#\/schema\/person\/75361477143e596646d48598a3778163"},"potentialAction":[{"@type":"SearchAction","target":{"@type":"EntryPoint","urlTemplate":"https:\/\/nicogcasares.eu\/gl\/?s={search_term_string}"},"query-input":"required name=search_term_string"}],"inLanguage":"gl-ES"},{"@type":["Person","Organization"],"@id":"https:\/\/nicogcasares.eu\/gl\/#\/schema\/person\/75361477143e596646d48598a3778163","name":"Nicol\u00e1s Gonz\u00e1lez Casares","image":{"@type":"ImageObject","inLanguage":"gl-ES","@id":"https:\/\/nicogcasares.eu\/gl\/#\/schema\/person\/image\/","url":"https:\/\/nicogcasares.eu\/wp-content\/uploads\/2021\/11\/20211006_EP-119139A_FMA_0895_RESIZED_S.jpg","contentUrl":"https:\/\/nicogcasares.eu\/wp-content\/uploads\/2021\/11\/20211006_EP-119139A_FMA_0895_RESIZED_S.jpg","width":639,"height":426,"caption":"Nicol\u00e1s Gonz\u00e1lez Casares"},"logo":{"@id":"https:\/\/nicogcasares.eu\/gl\/#\/schema\/person\/image\/"},"url":"https:\/\/nicogcasares.eu\/gl\/author\/nico\/"}]}},"_links":{"self":[{"href":"https:\/\/nicogcasares.eu\/gl\/wp-json\/wp\/v2\/posts\/4589"}],"collection":[{"href":"https:\/\/nicogcasares.eu\/gl\/wp-json\/wp\/v2\/posts"}],"about":[{"href":"https:\/\/nicogcasares.eu\/gl\/wp-json\/wp\/v2\/types\/post"}],"author":[{"embeddable":true,"href":"https:\/\/nicogcasares.eu\/gl\/wp-json\/wp\/v2\/users\/4"}],"replies":[{"embeddable":true,"href":"https:\/\/nicogcasares.eu\/gl\/wp-json\/wp\/v2\/comments?post=4589"}],"version-history":[{"count":2,"href":"https:\/\/nicogcasares.eu\/gl\/wp-json\/wp\/v2\/posts\/4589\/revisions"}],"predecessor-version":[{"id":4594,"href":"https:\/\/nicogcasares.eu\/gl\/wp-json\/wp\/v2\/posts\/4589\/revisions\/4594"}],"wp:featuredmedia":[{"embeddable":true,"href":"https:\/\/nicogcasares.eu\/gl\/wp-json\/wp\/v2\/media\/3988"}],"wp:attachment":[{"href":"https:\/\/nicogcasares.eu\/gl\/wp-json\/wp\/v2\/media?parent=4589"}],"wp:term":[{"taxonomy":"category","embeddable":true,"href":"https:\/\/nicogcasares.eu\/gl\/wp-json\/wp\/v2\/categories?post=4589"},{"taxonomy":"post_tag","embeddable":true,"href":"https:\/\/nicogcasares.eu\/gl\/wp-json\/wp\/v2\/tags?post=4589"}],"curies":[{"name":"wp","href":"https:\/\/api.w.org\/{rel}","templated":true}]}}