{"id":4605,"date":"2022-07-21T20:08:22","date_gmt":"2022-07-21T18:08:22","guid":{"rendered":"https:\/\/nicogcasares.eu\/?p=4605"},"modified":"2022-07-21T20:11:57","modified_gmt":"2022-07-21T18:11:57","slug":"gonzalez-casares-na-ema-demostrou-necesidade-de-institucions-europeas-para-situacions-saude-criticas","status":"publish","type":"post","link":"https:\/\/nicogcasares.eu\/gl\/gonzalez-casares-na-ema-demostrou-necesidade-de-institucions-europeas-para-situacions-saude-criticas\/","title":{"rendered":"Gonz\u00e1lez Casares na EMA: \u201cDemostrou a necesidade de instituci\u00f3ns europeas para situaci\u00f3ns de sa\u00fade cr\u00edticas\u201d"},"content":{"rendered":"\n<p class=\"has-black-color has-text-color has-medium-font-size\"><strong>O eurodeputado re\u00fanese coa directora executiva da Axencia Europea do Medicamento, Emer Cooke, para debater sobre a COVID-19 e a nova lexislaci\u00f3n farmac\u00e9utica<\/strong><\/p>\n\n\n\n<p class=\"has-black-color has-text-color has-medium-font-size\">O eurodeputado socialista <strong>Nicol\u00e1s Gonz\u00e1lez Casares<\/strong> reuniuse coa directora executiva da <strong>Axencia Europea do Medicamento (EMA)<\/strong>, Emer Cooke, co prop\u00f3sito de debater sobre diversos asuntos relacionados coa COVID-19 e abordar a nova lexislaci\u00f3n farmac\u00e9utica. <\/p>\n\n\n\n<p class=\"has-black-color has-text-color has-medium-font-size\">Gonz\u00e1lez Casares destacou o papel que xogou a EMA durante a <strong>xesti\u00f3n da pandemia e a aprobaci\u00f3n de vacinas<\/strong>. Nesta li\u00f1a, o europarlamentario informou que, segundo o confirmado pola axencia, d\u00faas vacinas contra a COVID-19 at\u00f3panse na fase final para ser validadas. A espa\u00f1ola de Hipra \u00e9 unha delas e esperan que estea dispo\u00f1ible para outono. Para o socialista, coa pandemia \u201cdemostrouse a necesidade de instituci\u00f3ns europeas para situaci\u00f3ns de sa\u00fade cr\u00edticas\u201d. <\/p>\n\n\n\n<p class=\"has-black-color has-text-color has-medium-font-size\">Os <strong>desabastecementos farmacol\u00f3xicos e o sistema de monitorizaci\u00f3n<\/strong>, proposto por Nicol\u00e1s Gonz\u00e1lez na lexislaci\u00f3n de reforzo da EMA e que ter\u00e1 que entrar en vigor en febreiro de 2025, foron outros dous dos temas que se abordaron na reuni\u00f3n. \u201cEst\u00e1n a cumprir os pasos, facendo un gran traballo para previr e controlar os desabastecementos farmacol\u00f3xicos na Uni\u00f3n Europea. Por exemplo, xa contamos coa primeira lista de medicamentos cr\u00edticos, un dos elementos importantes da nova lexislaci\u00f3n&#8221;, explicou. <\/p>\n\n\n\n<p class=\"has-black-color has-text-color has-medium-font-size\">As\u00ed mesmo, o eurodeputado e o equipo director da Axencia Europea do Medicamento tam\u00e9n debateron sobre a revisi\u00f3n de varias pezas da <strong>lexislaci\u00f3n farmac\u00e9utica europea<\/strong> que se revisar\u00e1n a finais de ano.<\/p>\n","protected":false},"excerpt":{"rendered":"<p>O eurodeputado re\u00fanese coa directora executiva da Axencia Europea do Medicamento, Emer Cooke, para debater sobre a COVID-19 e a nova lexislaci\u00f3n farmac\u00e9utica<\/p>\n","protected":false},"author":4,"featured_media":4598,"comment_status":"closed","ping_status":"closed","sticky":true,"template":"","format":"standard","meta":{"footnotes":""},"categories":[2,34,20,32,25,42],"tags":[53,54,426,357],"yoast_head":"<!-- This site is optimized with the Yoast SEO plugin v22.3 - https:\/\/yoast.com\/wordpress\/plugins\/seo\/ -->\n<title>Gonz\u00e1lez Casares na EMA: \u201cDemostrou a necesidade de instituci\u00f3ns europeas para situaci\u00f3ns de sa\u00fade cr\u00edticas\u201d - Nico G. Casares %<\/title>\n<meta name=\"description\" content=\"O eurodeputado re\u00fanese coa directora executiva da Axencia Europea do Medicamento, Emer Cooke, para debater sobre a COVID-19 e a nova lexislaci\u00f3n farmac\u00e9utica\" \/>\n<meta name=\"robots\" content=\"index, follow, max-snippet:-1, max-image-preview:large, max-video-preview:-1\" \/>\n<link rel=\"canonical\" href=\"https:\/\/nicogcasares.eu\/gl\/gonzalez-casares-na-ema-demostrou-necesidade-de-institucions-europeas-para-situacions-saude-criticas\/\" \/>\n<meta property=\"og:locale\" content=\"gl_ES\" \/>\n<meta property=\"og:type\" content=\"article\" \/>\n<meta property=\"og:title\" content=\"Gonz\u00e1lez Casares na EMA: \u201cDemostrou a necesidade de instituci\u00f3ns europeas para situaci\u00f3ns de sa\u00fade cr\u00edticas\u201d\" \/>\n<meta property=\"og:description\" content=\"O eurodeputado re\u00fanese coa directora executiva da Axencia Europea do Medicamento, Emer Cooke, para debater sobre a COVID-19 e a nova lexislaci\u00f3n farmac\u00e9utica\" \/>\n<meta property=\"og:url\" content=\"https:\/\/nicogcasares.eu\/gl\/gonzalez-casares-na-ema-demostrou-necesidade-de-institucions-europeas-para-situacions-saude-criticas\/\" \/>\n<meta property=\"og:site_name\" content=\"Nico G. Casares\" \/>\n<meta property=\"article:published_time\" content=\"2022-07-21T18:08:22+00:00\" \/>\n<meta property=\"article:modified_time\" content=\"2022-07-21T18:11:57+00:00\" \/>\n<meta property=\"og:image\" content=\"https:\/\/nicogcasares.eu\/wp-content\/uploads\/2022\/07\/Cooke-y-Gonzalez-Casares-1.jpg\" \/>\n\t<meta property=\"og:image:width\" content=\"1512\" \/>\n\t<meta property=\"og:image:height\" content=\"2016\" \/>\n\t<meta property=\"og:image:type\" content=\"image\/jpeg\" \/>\n<meta name=\"author\" content=\"Nicol\u00e1s Gonz\u00e1lez Casares\" \/>\n<meta name=\"twitter:card\" content=\"summary_large_image\" \/>\n<meta name=\"twitter:title\" content=\"Gonz\u00e1lez Casares na EMA: \u201cDemostrou a necesidade de instituci\u00f3ns europeas para situaci\u00f3ns de sa\u00fade cr\u00edticas\u201d\" \/>\n<meta name=\"twitter:description\" content=\"O eurodeputado re\u00fanese coa directora executiva da Axencia Europea do Medicamento, Emer Cooke, para debater sobre a COVID-19 e a nova lexislaci\u00f3n farmac\u00e9utica\" \/>\n<meta name=\"twitter:image\" content=\"https:\/\/nicogcasares.eu\/wp-content\/uploads\/2022\/07\/Cooke-y-Gonzalez-Casares-1.jpg\" \/>\n<meta name=\"twitter:creator\" content=\"@nicogoncas\" \/>\n<meta name=\"twitter:site\" content=\"@nicogoncas\" \/>\n<meta name=\"twitter:label1\" content=\"Escrito por\" \/>\n\t<meta name=\"twitter:data1\" content=\"Nicol\u00e1s Gonz\u00e1lez Casares\" \/>\n\t<meta name=\"twitter:label2\" content=\"Tempo de lectura\" \/>\n\t<meta name=\"twitter:data2\" content=\"2 minutos\" \/>\n<script type=\"application\/ld+json\" class=\"yoast-schema-graph\">{\"@context\":\"https:\/\/schema.org\",\"@graph\":[{\"@type\":\"Article\",\"@id\":\"https:\/\/nicogcasares.eu\/gl\/gonzalez-casares-na-ema-demostrou-necesidade-de-institucions-europeas-para-situacions-saude-criticas\/#article\",\"isPartOf\":{\"@id\":\"https:\/\/nicogcasares.eu\/gl\/gonzalez-casares-na-ema-demostrou-necesidade-de-institucions-europeas-para-situacions-saude-criticas\/\"},\"author\":{\"name\":\"Nicol\u00e1s Gonz\u00e1lez Casares\",\"@id\":\"https:\/\/nicogcasares.eu\/gl\/#\/schema\/person\/75361477143e596646d48598a3778163\"},\"headline\":\"Gonz\u00e1lez Casares na EMA: \u201cDemostrou a necesidade de instituci\u00f3ns europeas para situaci\u00f3ns de sa\u00fade cr\u00edticas\u201d\",\"datePublished\":\"2022-07-21T18:08:22+00:00\",\"dateModified\":\"2022-07-21T18:11:57+00:00\",\"mainEntityOfPage\":{\"@id\":\"https:\/\/nicogcasares.eu\/gl\/gonzalez-casares-na-ema-demostrou-necesidade-de-institucions-europeas-para-situacions-saude-criticas\/\"},\"wordCount\":291,\"publisher\":{\"@id\":\"https:\/\/nicogcasares.eu\/gl\/#\/schema\/person\/75361477143e596646d48598a3778163\"},\"image\":{\"@id\":\"https:\/\/nicogcasares.eu\/gl\/gonzalez-casares-na-ema-demostrou-necesidade-de-institucions-europeas-para-situacions-saude-criticas\/#primaryimage\"},\"thumbnailUrl\":\"https:\/\/nicogcasares.eu\/wp-content\/uploads\/2022\/07\/Cooke-y-Gonzalez-Casares-1.jpg\",\"keywords\":[\"coronavirus\",\"COVID-19\",\"EMA\",\"Nicol\u00e1s Gonz\u00e1lez Casares\"],\"articleSection\":[\"Actividad\",\"Actividade\",\"Noticias\",\"Novas\",\"Salud\",\"Sa\u00fade\"],\"inLanguage\":\"gl-ES\"},{\"@type\":\"WebPage\",\"@id\":\"https:\/\/nicogcasares.eu\/gl\/gonzalez-casares-na-ema-demostrou-necesidade-de-institucions-europeas-para-situacions-saude-criticas\/\",\"url\":\"https:\/\/nicogcasares.eu\/gl\/gonzalez-casares-na-ema-demostrou-necesidade-de-institucions-europeas-para-situacions-saude-criticas\/\",\"name\":\"Gonz\u00e1lez Casares na EMA: \u201cDemostrou a necesidade de instituci\u00f3ns europeas para situaci\u00f3ns de sa\u00fade cr\u00edticas\u201d - Nico G. Casares %\",\"isPartOf\":{\"@id\":\"https:\/\/nicogcasares.eu\/gl\/#website\"},\"primaryImageOfPage\":{\"@id\":\"https:\/\/nicogcasares.eu\/gl\/gonzalez-casares-na-ema-demostrou-necesidade-de-institucions-europeas-para-situacions-saude-criticas\/#primaryimage\"},\"image\":{\"@id\":\"https:\/\/nicogcasares.eu\/gl\/gonzalez-casares-na-ema-demostrou-necesidade-de-institucions-europeas-para-situacions-saude-criticas\/#primaryimage\"},\"thumbnailUrl\":\"https:\/\/nicogcasares.eu\/wp-content\/uploads\/2022\/07\/Cooke-y-Gonzalez-Casares-1.jpg\",\"datePublished\":\"2022-07-21T18:08:22+00:00\",\"dateModified\":\"2022-07-21T18:11:57+00:00\",\"description\":\"O eurodeputado re\u00fanese coa directora executiva da Axencia Europea do Medicamento, Emer Cooke, para debater sobre a COVID-19 e a nova lexislaci\u00f3n farmac\u00e9utica\",\"breadcrumb\":{\"@id\":\"https:\/\/nicogcasares.eu\/gl\/gonzalez-casares-na-ema-demostrou-necesidade-de-institucions-europeas-para-situacions-saude-criticas\/#breadcrumb\"},\"inLanguage\":\"gl-ES\",\"potentialAction\":[{\"@type\":\"ReadAction\",\"target\":[\"https:\/\/nicogcasares.eu\/gl\/gonzalez-casares-na-ema-demostrou-necesidade-de-institucions-europeas-para-situacions-saude-criticas\/\"]}]},{\"@type\":\"ImageObject\",\"inLanguage\":\"gl-ES\",\"@id\":\"https:\/\/nicogcasares.eu\/gl\/gonzalez-casares-na-ema-demostrou-necesidade-de-institucions-europeas-para-situacions-saude-criticas\/#primaryimage\",\"url\":\"https:\/\/nicogcasares.eu\/wp-content\/uploads\/2022\/07\/Cooke-y-Gonzalez-Casares-1.jpg\",\"contentUrl\":\"https:\/\/nicogcasares.eu\/wp-content\/uploads\/2022\/07\/Cooke-y-Gonzalez-Casares-1.jpg\",\"width\":1512,\"height\":2016},{\"@type\":\"BreadcrumbList\",\"@id\":\"https:\/\/nicogcasares.eu\/gl\/gonzalez-casares-na-ema-demostrou-necesidade-de-institucions-europeas-para-situacions-saude-criticas\/#breadcrumb\",\"itemListElement\":[{\"@type\":\"ListItem\",\"position\":1,\"name\":\"Portada\",\"item\":\"https:\/\/nicogcasares.eu\/gl\/\"},{\"@type\":\"ListItem\",\"position\":2,\"name\":\"Gonz\u00e1lez Casares na EMA: \u201cDemostrou a necesidade de instituci\u00f3ns europeas para situaci\u00f3ns de sa\u00fade cr\u00edticas\u201d\"}]},{\"@type\":\"WebSite\",\"@id\":\"https:\/\/nicogcasares.eu\/gl\/#website\",\"url\":\"https:\/\/nicogcasares.eu\/gl\/\",\"name\":\"Nico G. Casares\",\"description\":\"Diputado socialista en el parlamento europeo\",\"publisher\":{\"@id\":\"https:\/\/nicogcasares.eu\/gl\/#\/schema\/person\/75361477143e596646d48598a3778163\"},\"potentialAction\":[{\"@type\":\"SearchAction\",\"target\":{\"@type\":\"EntryPoint\",\"urlTemplate\":\"https:\/\/nicogcasares.eu\/gl\/?s={search_term_string}\"},\"query-input\":\"required name=search_term_string\"}],\"inLanguage\":\"gl-ES\"},{\"@type\":[\"Person\",\"Organization\"],\"@id\":\"https:\/\/nicogcasares.eu\/gl\/#\/schema\/person\/75361477143e596646d48598a3778163\",\"name\":\"Nicol\u00e1s Gonz\u00e1lez Casares\",\"image\":{\"@type\":\"ImageObject\",\"inLanguage\":\"gl-ES\",\"@id\":\"https:\/\/nicogcasares.eu\/gl\/#\/schema\/person\/image\/\",\"url\":\"https:\/\/nicogcasares.eu\/wp-content\/uploads\/2021\/11\/20211006_EP-119139A_FMA_0895_RESIZED_S.jpg\",\"contentUrl\":\"https:\/\/nicogcasares.eu\/wp-content\/uploads\/2021\/11\/20211006_EP-119139A_FMA_0895_RESIZED_S.jpg\",\"width\":639,\"height\":426,\"caption\":\"Nicol\u00e1s Gonz\u00e1lez Casares\"},\"logo\":{\"@id\":\"https:\/\/nicogcasares.eu\/gl\/#\/schema\/person\/image\/\"},\"url\":\"https:\/\/nicogcasares.eu\/gl\/author\/nico\/\"}]}<\/script>\n<!-- \/ Yoast SEO plugin. -->","yoast_head_json":{"title":"Gonz\u00e1lez Casares na EMA: \u201cDemostrou a necesidade de instituci\u00f3ns europeas para situaci\u00f3ns de sa\u00fade cr\u00edticas\u201d - Nico G. Casares %","description":"O eurodeputado re\u00fanese coa directora executiva da Axencia Europea do Medicamento, Emer Cooke, para debater sobre a COVID-19 e a nova lexislaci\u00f3n farmac\u00e9utica","robots":{"index":"index","follow":"follow","max-snippet":"max-snippet:-1","max-image-preview":"max-image-preview:large","max-video-preview":"max-video-preview:-1"},"canonical":"https:\/\/nicogcasares.eu\/gl\/gonzalez-casares-na-ema-demostrou-necesidade-de-institucions-europeas-para-situacions-saude-criticas\/","og_locale":"gl_ES","og_type":"article","og_title":"Gonz\u00e1lez Casares na EMA: \u201cDemostrou a necesidade de instituci\u00f3ns europeas para situaci\u00f3ns de sa\u00fade cr\u00edticas\u201d","og_description":"O eurodeputado re\u00fanese coa directora executiva da Axencia Europea do Medicamento, Emer Cooke, para debater sobre a COVID-19 e a nova lexislaci\u00f3n farmac\u00e9utica","og_url":"https:\/\/nicogcasares.eu\/gl\/gonzalez-casares-na-ema-demostrou-necesidade-de-institucions-europeas-para-situacions-saude-criticas\/","og_site_name":"Nico G. Casares","article_published_time":"2022-07-21T18:08:22+00:00","article_modified_time":"2022-07-21T18:11:57+00:00","og_image":[{"width":1512,"height":2016,"url":"https:\/\/nicogcasares.eu\/wp-content\/uploads\/2022\/07\/Cooke-y-Gonzalez-Casares-1.jpg","type":"image\/jpeg"}],"author":"Nicol\u00e1s Gonz\u00e1lez Casares","twitter_card":"summary_large_image","twitter_title":"Gonz\u00e1lez Casares na EMA: \u201cDemostrou a necesidade de instituci\u00f3ns europeas para situaci\u00f3ns de sa\u00fade cr\u00edticas\u201d","twitter_description":"O eurodeputado re\u00fanese coa directora executiva da Axencia Europea do Medicamento, Emer Cooke, para debater sobre a COVID-19 e a nova lexislaci\u00f3n farmac\u00e9utica","twitter_image":"https:\/\/nicogcasares.eu\/wp-content\/uploads\/2022\/07\/Cooke-y-Gonzalez-Casares-1.jpg","twitter_creator":"@nicogoncas","twitter_site":"@nicogoncas","twitter_misc":{"Escrito por":"Nicol\u00e1s Gonz\u00e1lez Casares","Tempo de lectura":"2 minutos"},"schema":{"@context":"https:\/\/schema.org","@graph":[{"@type":"Article","@id":"https:\/\/nicogcasares.eu\/gl\/gonzalez-casares-na-ema-demostrou-necesidade-de-institucions-europeas-para-situacions-saude-criticas\/#article","isPartOf":{"@id":"https:\/\/nicogcasares.eu\/gl\/gonzalez-casares-na-ema-demostrou-necesidade-de-institucions-europeas-para-situacions-saude-criticas\/"},"author":{"name":"Nicol\u00e1s Gonz\u00e1lez Casares","@id":"https:\/\/nicogcasares.eu\/gl\/#\/schema\/person\/75361477143e596646d48598a3778163"},"headline":"Gonz\u00e1lez Casares na EMA: \u201cDemostrou a necesidade de instituci\u00f3ns europeas para situaci\u00f3ns de sa\u00fade cr\u00edticas\u201d","datePublished":"2022-07-21T18:08:22+00:00","dateModified":"2022-07-21T18:11:57+00:00","mainEntityOfPage":{"@id":"https:\/\/nicogcasares.eu\/gl\/gonzalez-casares-na-ema-demostrou-necesidade-de-institucions-europeas-para-situacions-saude-criticas\/"},"wordCount":291,"publisher":{"@id":"https:\/\/nicogcasares.eu\/gl\/#\/schema\/person\/75361477143e596646d48598a3778163"},"image":{"@id":"https:\/\/nicogcasares.eu\/gl\/gonzalez-casares-na-ema-demostrou-necesidade-de-institucions-europeas-para-situacions-saude-criticas\/#primaryimage"},"thumbnailUrl":"https:\/\/nicogcasares.eu\/wp-content\/uploads\/2022\/07\/Cooke-y-Gonzalez-Casares-1.jpg","keywords":["coronavirus","COVID-19","EMA","Nicol\u00e1s Gonz\u00e1lez Casares"],"articleSection":["Actividad","Actividade","Noticias","Novas","Salud","Sa\u00fade"],"inLanguage":"gl-ES"},{"@type":"WebPage","@id":"https:\/\/nicogcasares.eu\/gl\/gonzalez-casares-na-ema-demostrou-necesidade-de-institucions-europeas-para-situacions-saude-criticas\/","url":"https:\/\/nicogcasares.eu\/gl\/gonzalez-casares-na-ema-demostrou-necesidade-de-institucions-europeas-para-situacions-saude-criticas\/","name":"Gonz\u00e1lez Casares na EMA: \u201cDemostrou a necesidade de instituci\u00f3ns europeas para situaci\u00f3ns de sa\u00fade cr\u00edticas\u201d - Nico G. Casares %","isPartOf":{"@id":"https:\/\/nicogcasares.eu\/gl\/#website"},"primaryImageOfPage":{"@id":"https:\/\/nicogcasares.eu\/gl\/gonzalez-casares-na-ema-demostrou-necesidade-de-institucions-europeas-para-situacions-saude-criticas\/#primaryimage"},"image":{"@id":"https:\/\/nicogcasares.eu\/gl\/gonzalez-casares-na-ema-demostrou-necesidade-de-institucions-europeas-para-situacions-saude-criticas\/#primaryimage"},"thumbnailUrl":"https:\/\/nicogcasares.eu\/wp-content\/uploads\/2022\/07\/Cooke-y-Gonzalez-Casares-1.jpg","datePublished":"2022-07-21T18:08:22+00:00","dateModified":"2022-07-21T18:11:57+00:00","description":"O eurodeputado re\u00fanese coa directora executiva da Axencia Europea do Medicamento, Emer Cooke, para debater sobre a COVID-19 e a nova lexislaci\u00f3n farmac\u00e9utica","breadcrumb":{"@id":"https:\/\/nicogcasares.eu\/gl\/gonzalez-casares-na-ema-demostrou-necesidade-de-institucions-europeas-para-situacions-saude-criticas\/#breadcrumb"},"inLanguage":"gl-ES","potentialAction":[{"@type":"ReadAction","target":["https:\/\/nicogcasares.eu\/gl\/gonzalez-casares-na-ema-demostrou-necesidade-de-institucions-europeas-para-situacions-saude-criticas\/"]}]},{"@type":"ImageObject","inLanguage":"gl-ES","@id":"https:\/\/nicogcasares.eu\/gl\/gonzalez-casares-na-ema-demostrou-necesidade-de-institucions-europeas-para-situacions-saude-criticas\/#primaryimage","url":"https:\/\/nicogcasares.eu\/wp-content\/uploads\/2022\/07\/Cooke-y-Gonzalez-Casares-1.jpg","contentUrl":"https:\/\/nicogcasares.eu\/wp-content\/uploads\/2022\/07\/Cooke-y-Gonzalez-Casares-1.jpg","width":1512,"height":2016},{"@type":"BreadcrumbList","@id":"https:\/\/nicogcasares.eu\/gl\/gonzalez-casares-na-ema-demostrou-necesidade-de-institucions-europeas-para-situacions-saude-criticas\/#breadcrumb","itemListElement":[{"@type":"ListItem","position":1,"name":"Portada","item":"https:\/\/nicogcasares.eu\/gl\/"},{"@type":"ListItem","position":2,"name":"Gonz\u00e1lez Casares na EMA: \u201cDemostrou a necesidade de instituci\u00f3ns europeas para situaci\u00f3ns de sa\u00fade cr\u00edticas\u201d"}]},{"@type":"WebSite","@id":"https:\/\/nicogcasares.eu\/gl\/#website","url":"https:\/\/nicogcasares.eu\/gl\/","name":"Nico G. Casares","description":"Diputado socialista en el parlamento europeo","publisher":{"@id":"https:\/\/nicogcasares.eu\/gl\/#\/schema\/person\/75361477143e596646d48598a3778163"},"potentialAction":[{"@type":"SearchAction","target":{"@type":"EntryPoint","urlTemplate":"https:\/\/nicogcasares.eu\/gl\/?s={search_term_string}"},"query-input":"required name=search_term_string"}],"inLanguage":"gl-ES"},{"@type":["Person","Organization"],"@id":"https:\/\/nicogcasares.eu\/gl\/#\/schema\/person\/75361477143e596646d48598a3778163","name":"Nicol\u00e1s Gonz\u00e1lez Casares","image":{"@type":"ImageObject","inLanguage":"gl-ES","@id":"https:\/\/nicogcasares.eu\/gl\/#\/schema\/person\/image\/","url":"https:\/\/nicogcasares.eu\/wp-content\/uploads\/2021\/11\/20211006_EP-119139A_FMA_0895_RESIZED_S.jpg","contentUrl":"https:\/\/nicogcasares.eu\/wp-content\/uploads\/2021\/11\/20211006_EP-119139A_FMA_0895_RESIZED_S.jpg","width":639,"height":426,"caption":"Nicol\u00e1s Gonz\u00e1lez Casares"},"logo":{"@id":"https:\/\/nicogcasares.eu\/gl\/#\/schema\/person\/image\/"},"url":"https:\/\/nicogcasares.eu\/gl\/author\/nico\/"}]}},"_links":{"self":[{"href":"https:\/\/nicogcasares.eu\/gl\/wp-json\/wp\/v2\/posts\/4605"}],"collection":[{"href":"https:\/\/nicogcasares.eu\/gl\/wp-json\/wp\/v2\/posts"}],"about":[{"href":"https:\/\/nicogcasares.eu\/gl\/wp-json\/wp\/v2\/types\/post"}],"author":[{"embeddable":true,"href":"https:\/\/nicogcasares.eu\/gl\/wp-json\/wp\/v2\/users\/4"}],"replies":[{"embeddable":true,"href":"https:\/\/nicogcasares.eu\/gl\/wp-json\/wp\/v2\/comments?post=4605"}],"version-history":[{"count":1,"href":"https:\/\/nicogcasares.eu\/gl\/wp-json\/wp\/v2\/posts\/4605\/revisions"}],"predecessor-version":[{"id":4606,"href":"https:\/\/nicogcasares.eu\/gl\/wp-json\/wp\/v2\/posts\/4605\/revisions\/4606"}],"wp:featuredmedia":[{"embeddable":true,"href":"https:\/\/nicogcasares.eu\/gl\/wp-json\/wp\/v2\/media\/4598"}],"wp:attachment":[{"href":"https:\/\/nicogcasares.eu\/gl\/wp-json\/wp\/v2\/media?parent=4605"}],"wp:term":[{"taxonomy":"category","embeddable":true,"href":"https:\/\/nicogcasares.eu\/gl\/wp-json\/wp\/v2\/categories?post=4605"},{"taxonomy":"post_tag","embeddable":true,"href":"https:\/\/nicogcasares.eu\/gl\/wp-json\/wp\/v2\/tags?post=4605"}],"curies":[{"name":"wp","href":"https:\/\/api.w.org\/{rel}","templated":true}]}}