{"id":4643,"date":"2022-07-29T15:47:14","date_gmt":"2022-07-29T13:47:14","guid":{"rendered":"https:\/\/nicogcasares.eu\/?p=4643"},"modified":"2022-07-29T15:47:19","modified_gmt":"2022-07-29T13:47:19","slug":"gonzalez-casares-denuncia-o-incumprimento-conservacion-proteccion-courel","status":"publish","type":"post","link":"https:\/\/nicogcasares.eu\/gl\/gonzalez-casares-denuncia-o-incumprimento-conservacion-proteccion-courel\/","title":{"rendered":"Nicol\u00e1s Gonz\u00e1lez Casares denuncia o incumprimento da conservaci\u00f3n e protecci\u00f3n do Courel"},"content":{"rendered":"\n<p class=\"has-black-color has-text-color has-medium-font-size\"><strong>O eurodeputado pregunta \u00e1 Comisi\u00f3n Europea polos reiterados incumprimentos da Xunta na protecci\u00f3n dos espazos naturais <\/strong><\/p>\n\n\n\n<p class=\"has-black-color has-text-color has-medium-font-size\"><strong>A insuficiencia de planificaci\u00f3n, ordenaci\u00f3n, xesti\u00f3n e conservaci\u00f3n da Rede Natura en Galicia, entre as evidentes causas de incendio en espazos protexidos<\/strong><\/p>\n\n\n\n<p class=\"has-black-color has-text-color has-medium-font-size\">O eurodeputado socialista, Nicol\u00e1s Gonz\u00e1lez Casares, interveu esta ma\u00f1\u00e1 cunha pregunta \u00e1 Comisi\u00f3n Europea sobre a<strong> xesti\u00f3n da Rede Natura en Galicia<\/strong>. Na s\u00faa pregunta parlamentaria, Casares sacou a colaci\u00f3n o <strong>recente incendio que arrasou O Courel,<\/strong> inclu\u00eddo no <a href=\"https:\/\/turismo.deputacionlugo.gal\/es\/conece\/lugonatural\/redenatura\/ancarescourel\" target=\"_blank\" rel=\"noreferrer noopener\">ZEC Ancares\/Courel<\/a>. <\/p>\n\n\n\n<p class=\"has-black-color has-text-color has-medium-font-size\">\u201c<strong>A Comisi\u00f3n abriu un expediente pola mala xesti\u00f3n da Rede Natura en Galicia<\/strong>\u201d, lembrou o eurodeputado na s\u00faa intervenci\u00f3n. Tendo isto presente, \u201cconsidera que o ZEC Ancares\/Courel conta con instrumentos de ordenaci\u00f3n e xesti\u00f3n adecuados \u00e1 Directiva?. Gonz\u00e1lez Casares inquiriu sobre a adecuaci\u00f3n dun expediente que leva sen resoluci\u00f3n sete anos, cando a inacci\u00f3n na xesti\u00f3n evid\u00e9nciase perante cat\u00e1strofes como o recente incendio do Courel. <\/p>\n\n\n\n<p class=\"has-black-color has-text-color has-medium-font-size\">O eurodeputado tam\u00e9n quixo saber que medidas tomar\u00e1 a Comisi\u00f3n Europea para que se faga un cumprimento efectivo da Lei e <strong>\u201cse protexan adecuadamente zonas de tanto valor ecol\u00f3xico\u201d.<\/strong><\/p>\n\n\n\n<p class=\"has-black-color has-text-color has-medium-font-size\"> Non \u00e9 a primeira vez que Casares traslada \u00e1 Comisi\u00f3n cuesti\u00f3ns directamente relacionadas cos <strong>problemas de xesti\u00f3n e o estado do expediente de infracci\u00f3n iniciado en 2015 pola mala xesti\u00f3n da Rede Natura<\/strong> dada a insuficiente fixaci\u00f3n de medidas de conservaci\u00f3n necesarias para estes lugares dentro do seu <a href=\"https:\/\/www.europarl.europa.eu\/doceo\/document\/E-9-2019-002647_ES.pdf\" target=\"_blank\" rel=\"noreferrer noopener\">territorio<\/a>. O eurodeputado socialista xa alertou do \u201c<strong>deixamento da Xunta\u201d en canto \u00e1 protecci\u00f3n das xoias naturais de Galicia<\/strong>. A\u00ednda que a Rede Natura galega conta cun Plan director aprobado, adoece de plans de xesti\u00f3n espec\u00edficos para cada parque, sendo as medidas do plan vagas e indeterminadas. Foi a falta de plans de xesti\u00f3n espec\u00edficos, o motivo polo que se abriu o correspondente procedemento de infracci\u00f3n. A propia Comisi\u00f3n reco\u00f1eceu que,<strong> \u201cas medidas de conservaci\u00f3n recollidas no Plan son demasiadas vagas e indeterminadas e non ofrecen suficiente claridade na s\u00faa aplicaci\u00f3n&#8221; polo que o Plan Director da Rede Natura 2000 de Galicia non pode considerarse &#8220;unha ferramenta suficiente na que se determinen todas as medidas de conservaci\u00f3n necesarias&#8221; para os 55 lugares de especial protecci\u00f3n e as 16 zonas de especial protecci\u00f3n para aves que existen.\u201d<\/strong> Ademais, resaltouse a falta de cumprimento da \u201cDirectiva 92\/43\/CEE do Consello, do 21 de maio de 1992, relativa \u00e1 conservaci\u00f3n dos h\u00e1bitats naturais e da fauna e flora silvestres e a falta de instrumentos de xesti\u00f3n\u201d en ZEC da Rede Natura de Galicia.<\/p>\n\n\n\n<p class=\"has-black-color has-text-color has-medium-font-size\"><strong>Galicia<\/strong> apenas ten cuberto como <strong>Rede Natura un 12% do seu territorio <\/strong>fronte ao 27% de Espa\u00f1a. \u00c9, ademais, a comunidade aut\u00f3noma espa\u00f1ola con menor superficie protexida tras Melilla, e a que menos aumentou Rede Natura desde 2004. Pero se ademais observamos os datos de protecci\u00f3n de superficie forestal, <strong>Galicia \u00e9 a comunidade con menos superficie forestal protexida<\/strong> .S\u00f3 est\u00e1 cuberta nun 15%,  26 puntos por baixo da media espa\u00f1ola. Isto d\u00e1 unha idea da desprotecci\u00f3n do monte non s\u00f3 en espazos de alto nivel ecol\u00f3xico, se non tam\u00e9n naquelas zonas que lindan con Rede Natura. <\/p>\n\n\n\n<p class=\"has-black-color has-text-color has-medium-font-size\">Por tanto o que estamos a observar \u00e9 un <strong>alto grao de deixamento por parte dos gobernos do Partido Popular na planificaci\u00f3n e xesti\u00f3n das \u00e1reas protexidas de Galicia, impedindo o seu avance e mellora.<\/strong> O resultado directo desta inacci\u00f3n podemos velo no incendio do Courel.  <\/p>\n\n\n<div class=\"wp-block-image\">\n<figure class=\"aligncenter size-large\"><img fetchpriority=\"high\" decoding=\"async\" width=\"725\" height=\"1024\" src=\"https:\/\/nicogcasares.eu\/wp-content\/uploads\/2022\/07\/question_pages-to-jpg-0001-1-725x1024.jpg\" alt=\"\" class=\"wp-image-4644\" srcset=\"https:\/\/nicogcasares.eu\/wp-content\/uploads\/2022\/07\/question_pages-to-jpg-0001-1-725x1024.jpg 725w, https:\/\/nicogcasares.eu\/wp-content\/uploads\/2022\/07\/question_pages-to-jpg-0001-1-212x300.jpg 212w, https:\/\/nicogcasares.eu\/wp-content\/uploads\/2022\/07\/question_pages-to-jpg-0001-1-768x1085.jpg 768w, https:\/\/nicogcasares.eu\/wp-content\/uploads\/2022\/07\/question_pages-to-jpg-0001-1-1087x1536.jpg 1087w, https:\/\/nicogcasares.eu\/wp-content\/uploads\/2022\/07\/question_pages-to-jpg-0001-1-1080x1526.jpg 1080w, https:\/\/nicogcasares.eu\/wp-content\/uploads\/2022\/07\/question_pages-to-jpg-0001-1-980x1385.jpg 980w, https:\/\/nicogcasares.eu\/wp-content\/uploads\/2022\/07\/question_pages-to-jpg-0001-1-480x678.jpg 480w, https:\/\/nicogcasares.eu\/wp-content\/uploads\/2022\/07\/question_pages-to-jpg-0001-1.jpg 1241w\" sizes=\"(max-width: 725px) 100vw, 725px\" \/><\/figure><\/div>","protected":false},"excerpt":{"rendered":"<p>O eurodeputado pregunta \u00e1 Comisi\u00f3n Europea polos reiterados incumprimentos da Xunta na protecci\u00f3n dos espazos naturais<\/p>\n","protected":false},"author":4,"featured_media":4648,"comment_status":"closed","ping_status":"closed","sticky":true,"template":"","format":"standard","meta":{"footnotes":""},"categories":[2,34,31,20,32,25],"tags":[357,433],"yoast_head":"<!-- This site is optimized with the Yoast SEO plugin v22.3 - https:\/\/yoast.com\/wordpress\/plugins\/seo\/ -->\n<title>Nicol\u00e1s Gonz\u00e1lez Casares denuncia o incumprimento da conservaci\u00f3n e protecci\u00f3n do Courel - Nico G. Casares %<\/title>\n<meta name=\"description\" content=\"O eurodeputado pregunta \u00e1 Comisi\u00f3n Europea polos reiterados incumprimentos da Xunta na protecci\u00f3n dos espazos naturais\" \/>\n<meta name=\"robots\" content=\"index, follow, max-snippet:-1, max-image-preview:large, max-video-preview:-1\" \/>\n<link rel=\"canonical\" href=\"https:\/\/nicogcasares.eu\/gl\/gonzalez-casares-denuncia-o-incumprimento-conservacion-proteccion-courel\/\" \/>\n<meta property=\"og:locale\" content=\"gl_ES\" \/>\n<meta property=\"og:type\" content=\"article\" \/>\n<meta property=\"og:title\" content=\"Nicol\u00e1s Gonz\u00e1lez Casares denuncia o incumprimento da conservaci\u00f3n e protecci\u00f3n do Courel.\" \/>\n<meta property=\"og:description\" content=\"O eurodeputado pregunta \u00e1 Comisi\u00f3n Europea polos reiterados incumprimentos da Xunta na protecci\u00f3n dos espazos naturais\" \/>\n<meta property=\"og:url\" content=\"https:\/\/nicogcasares.eu\/gl\/gonzalez-casares-denuncia-o-incumprimento-conservacion-proteccion-courel\/\" \/>\n<meta property=\"og:site_name\" content=\"Nico G. Casares\" \/>\n<meta property=\"article:published_time\" content=\"2022-07-29T13:47:14+00:00\" \/>\n<meta property=\"article:modified_time\" content=\"2022-07-29T13:47:19+00:00\" \/>\n<meta property=\"og:image\" content=\"https:\/\/nicogcasares.eu\/wp-content\/uploads\/2022\/07\/5-1.jpg\" \/>\n\t<meta property=\"og:image:width\" content=\"1867\" \/>\n\t<meta property=\"og:image:height\" content=\"1272\" \/>\n\t<meta property=\"og:image:type\" content=\"image\/jpeg\" \/>\n<meta name=\"author\" content=\"Nicol\u00e1s Gonz\u00e1lez Casares\" \/>\n<meta name=\"twitter:card\" content=\"summary_large_image\" \/>\n<meta name=\"twitter:title\" content=\"Nicol\u00e1s Gonz\u00e1lez Casares denuncia o incumprimento da conservaci\u00f3n e protecci\u00f3n do Courel.\" \/>\n<meta name=\"twitter:description\" content=\"O eurodeputado pregunta \u00e1 Comisi\u00f3n Europea polos reiterados incumprimentos da Xunta na protecci\u00f3n dos espazos naturais\" \/>\n<meta name=\"twitter:image\" content=\"https:\/\/nicogcasares.eu\/wp-content\/uploads\/2022\/07\/5-1.jpg\" \/>\n<meta name=\"twitter:creator\" content=\"@nicogoncas\" \/>\n<meta name=\"twitter:site\" content=\"@nicogoncas\" \/>\n<meta name=\"twitter:label1\" content=\"Escrito por\" \/>\n\t<meta name=\"twitter:data1\" content=\"Nicol\u00e1s Gonz\u00e1lez Casares\" \/>\n\t<meta name=\"twitter:label2\" content=\"Tempo de lectura\" \/>\n\t<meta name=\"twitter:data2\" content=\"3 minutos\" \/>\n<script type=\"application\/ld+json\" class=\"yoast-schema-graph\">{\"@context\":\"https:\/\/schema.org\",\"@graph\":[{\"@type\":\"Article\",\"@id\":\"https:\/\/nicogcasares.eu\/gl\/gonzalez-casares-denuncia-o-incumprimento-conservacion-proteccion-courel\/#article\",\"isPartOf\":{\"@id\":\"https:\/\/nicogcasares.eu\/gl\/gonzalez-casares-denuncia-o-incumprimento-conservacion-proteccion-courel\/\"},\"author\":{\"name\":\"Nicol\u00e1s Gonz\u00e1lez Casares\",\"@id\":\"https:\/\/nicogcasares.eu\/gl\/#\/schema\/person\/75361477143e596646d48598a3778163\"},\"headline\":\"Nicol\u00e1s Gonz\u00e1lez Casares denuncia o incumprimento da conservaci\u00f3n e protecci\u00f3n do Courel\",\"datePublished\":\"2022-07-29T13:47:14+00:00\",\"dateModified\":\"2022-07-29T13:47:19+00:00\",\"mainEntityOfPage\":{\"@id\":\"https:\/\/nicogcasares.eu\/gl\/gonzalez-casares-denuncia-o-incumprimento-conservacion-proteccion-courel\/\"},\"wordCount\":604,\"publisher\":{\"@id\":\"https:\/\/nicogcasares.eu\/gl\/#\/schema\/person\/75361477143e596646d48598a3778163\"},\"image\":{\"@id\":\"https:\/\/nicogcasares.eu\/gl\/gonzalez-casares-denuncia-o-incumprimento-conservacion-proteccion-courel\/#primaryimage\"},\"thumbnailUrl\":\"https:\/\/nicogcasares.eu\/wp-content\/uploads\/2022\/07\/5-1.jpg\",\"keywords\":[\"Nicol\u00e1s Gonz\u00e1lez Casares\",\"Red Natura\"],\"articleSection\":[\"Actividad\",\"Actividade\",\"Medio ambiente\",\"Noticias\",\"Novas\",\"Salud\"],\"inLanguage\":\"gl-ES\"},{\"@type\":\"WebPage\",\"@id\":\"https:\/\/nicogcasares.eu\/gl\/gonzalez-casares-denuncia-o-incumprimento-conservacion-proteccion-courel\/\",\"url\":\"https:\/\/nicogcasares.eu\/gl\/gonzalez-casares-denuncia-o-incumprimento-conservacion-proteccion-courel\/\",\"name\":\"Nicol\u00e1s Gonz\u00e1lez Casares denuncia o incumprimento da conservaci\u00f3n e protecci\u00f3n do Courel - Nico G. Casares %\",\"isPartOf\":{\"@id\":\"https:\/\/nicogcasares.eu\/gl\/#website\"},\"primaryImageOfPage\":{\"@id\":\"https:\/\/nicogcasares.eu\/gl\/gonzalez-casares-denuncia-o-incumprimento-conservacion-proteccion-courel\/#primaryimage\"},\"image\":{\"@id\":\"https:\/\/nicogcasares.eu\/gl\/gonzalez-casares-denuncia-o-incumprimento-conservacion-proteccion-courel\/#primaryimage\"},\"thumbnailUrl\":\"https:\/\/nicogcasares.eu\/wp-content\/uploads\/2022\/07\/5-1.jpg\",\"datePublished\":\"2022-07-29T13:47:14+00:00\",\"dateModified\":\"2022-07-29T13:47:19+00:00\",\"description\":\"O eurodeputado pregunta \u00e1 Comisi\u00f3n Europea polos reiterados incumprimentos da Xunta na protecci\u00f3n dos espazos naturais\",\"breadcrumb\":{\"@id\":\"https:\/\/nicogcasares.eu\/gl\/gonzalez-casares-denuncia-o-incumprimento-conservacion-proteccion-courel\/#breadcrumb\"},\"inLanguage\":\"gl-ES\",\"potentialAction\":[{\"@type\":\"ReadAction\",\"target\":[\"https:\/\/nicogcasares.eu\/gl\/gonzalez-casares-denuncia-o-incumprimento-conservacion-proteccion-courel\/\"]}]},{\"@type\":\"ImageObject\",\"inLanguage\":\"gl-ES\",\"@id\":\"https:\/\/nicogcasares.eu\/gl\/gonzalez-casares-denuncia-o-incumprimento-conservacion-proteccion-courel\/#primaryimage\",\"url\":\"https:\/\/nicogcasares.eu\/wp-content\/uploads\/2022\/07\/5-1.jpg\",\"contentUrl\":\"https:\/\/nicogcasares.eu\/wp-content\/uploads\/2022\/07\/5-1.jpg\",\"width\":1867,\"height\":1272},{\"@type\":\"BreadcrumbList\",\"@id\":\"https:\/\/nicogcasares.eu\/gl\/gonzalez-casares-denuncia-o-incumprimento-conservacion-proteccion-courel\/#breadcrumb\",\"itemListElement\":[{\"@type\":\"ListItem\",\"position\":1,\"name\":\"Portada\",\"item\":\"https:\/\/nicogcasares.eu\/gl\/\"},{\"@type\":\"ListItem\",\"position\":2,\"name\":\"Nicol\u00e1s Gonz\u00e1lez Casares denuncia o incumprimento da conservaci\u00f3n e protecci\u00f3n do Courel\"}]},{\"@type\":\"WebSite\",\"@id\":\"https:\/\/nicogcasares.eu\/gl\/#website\",\"url\":\"https:\/\/nicogcasares.eu\/gl\/\",\"name\":\"Nico G. Casares\",\"description\":\"Diputado socialista en el parlamento europeo\",\"publisher\":{\"@id\":\"https:\/\/nicogcasares.eu\/gl\/#\/schema\/person\/75361477143e596646d48598a3778163\"},\"potentialAction\":[{\"@type\":\"SearchAction\",\"target\":{\"@type\":\"EntryPoint\",\"urlTemplate\":\"https:\/\/nicogcasares.eu\/gl\/?s={search_term_string}\"},\"query-input\":\"required name=search_term_string\"}],\"inLanguage\":\"gl-ES\"},{\"@type\":[\"Person\",\"Organization\"],\"@id\":\"https:\/\/nicogcasares.eu\/gl\/#\/schema\/person\/75361477143e596646d48598a3778163\",\"name\":\"Nicol\u00e1s Gonz\u00e1lez Casares\",\"image\":{\"@type\":\"ImageObject\",\"inLanguage\":\"gl-ES\",\"@id\":\"https:\/\/nicogcasares.eu\/gl\/#\/schema\/person\/image\/\",\"url\":\"https:\/\/nicogcasares.eu\/wp-content\/uploads\/2021\/11\/20211006_EP-119139A_FMA_0895_RESIZED_S.jpg\",\"contentUrl\":\"https:\/\/nicogcasares.eu\/wp-content\/uploads\/2021\/11\/20211006_EP-119139A_FMA_0895_RESIZED_S.jpg\",\"width\":639,\"height\":426,\"caption\":\"Nicol\u00e1s Gonz\u00e1lez Casares\"},\"logo\":{\"@id\":\"https:\/\/nicogcasares.eu\/gl\/#\/schema\/person\/image\/\"},\"url\":\"https:\/\/nicogcasares.eu\/gl\/author\/nico\/\"}]}<\/script>\n<!-- \/ Yoast SEO plugin. -->","yoast_head_json":{"title":"Nicol\u00e1s Gonz\u00e1lez Casares denuncia o incumprimento da conservaci\u00f3n e protecci\u00f3n do Courel - Nico G. Casares %","description":"O eurodeputado pregunta \u00e1 Comisi\u00f3n Europea polos reiterados incumprimentos da Xunta na protecci\u00f3n dos espazos naturais","robots":{"index":"index","follow":"follow","max-snippet":"max-snippet:-1","max-image-preview":"max-image-preview:large","max-video-preview":"max-video-preview:-1"},"canonical":"https:\/\/nicogcasares.eu\/gl\/gonzalez-casares-denuncia-o-incumprimento-conservacion-proteccion-courel\/","og_locale":"gl_ES","og_type":"article","og_title":"Nicol\u00e1s Gonz\u00e1lez Casares denuncia o incumprimento da conservaci\u00f3n e protecci\u00f3n do Courel.","og_description":"O eurodeputado pregunta \u00e1 Comisi\u00f3n Europea polos reiterados incumprimentos da Xunta na protecci\u00f3n dos espazos naturais","og_url":"https:\/\/nicogcasares.eu\/gl\/gonzalez-casares-denuncia-o-incumprimento-conservacion-proteccion-courel\/","og_site_name":"Nico G. Casares","article_published_time":"2022-07-29T13:47:14+00:00","article_modified_time":"2022-07-29T13:47:19+00:00","og_image":[{"width":1867,"height":1272,"url":"https:\/\/nicogcasares.eu\/wp-content\/uploads\/2022\/07\/5-1.jpg","type":"image\/jpeg"}],"author":"Nicol\u00e1s Gonz\u00e1lez Casares","twitter_card":"summary_large_image","twitter_title":"Nicol\u00e1s Gonz\u00e1lez Casares denuncia o incumprimento da conservaci\u00f3n e protecci\u00f3n do Courel.","twitter_description":"O eurodeputado pregunta \u00e1 Comisi\u00f3n Europea polos reiterados incumprimentos da Xunta na protecci\u00f3n dos espazos naturais","twitter_image":"https:\/\/nicogcasares.eu\/wp-content\/uploads\/2022\/07\/5-1.jpg","twitter_creator":"@nicogoncas","twitter_site":"@nicogoncas","twitter_misc":{"Escrito por":"Nicol\u00e1s Gonz\u00e1lez Casares","Tempo de lectura":"3 minutos"},"schema":{"@context":"https:\/\/schema.org","@graph":[{"@type":"Article","@id":"https:\/\/nicogcasares.eu\/gl\/gonzalez-casares-denuncia-o-incumprimento-conservacion-proteccion-courel\/#article","isPartOf":{"@id":"https:\/\/nicogcasares.eu\/gl\/gonzalez-casares-denuncia-o-incumprimento-conservacion-proteccion-courel\/"},"author":{"name":"Nicol\u00e1s Gonz\u00e1lez Casares","@id":"https:\/\/nicogcasares.eu\/gl\/#\/schema\/person\/75361477143e596646d48598a3778163"},"headline":"Nicol\u00e1s Gonz\u00e1lez Casares denuncia o incumprimento da conservaci\u00f3n e protecci\u00f3n do Courel","datePublished":"2022-07-29T13:47:14+00:00","dateModified":"2022-07-29T13:47:19+00:00","mainEntityOfPage":{"@id":"https:\/\/nicogcasares.eu\/gl\/gonzalez-casares-denuncia-o-incumprimento-conservacion-proteccion-courel\/"},"wordCount":604,"publisher":{"@id":"https:\/\/nicogcasares.eu\/gl\/#\/schema\/person\/75361477143e596646d48598a3778163"},"image":{"@id":"https:\/\/nicogcasares.eu\/gl\/gonzalez-casares-denuncia-o-incumprimento-conservacion-proteccion-courel\/#primaryimage"},"thumbnailUrl":"https:\/\/nicogcasares.eu\/wp-content\/uploads\/2022\/07\/5-1.jpg","keywords":["Nicol\u00e1s Gonz\u00e1lez Casares","Red Natura"],"articleSection":["Actividad","Actividade","Medio ambiente","Noticias","Novas","Salud"],"inLanguage":"gl-ES"},{"@type":"WebPage","@id":"https:\/\/nicogcasares.eu\/gl\/gonzalez-casares-denuncia-o-incumprimento-conservacion-proteccion-courel\/","url":"https:\/\/nicogcasares.eu\/gl\/gonzalez-casares-denuncia-o-incumprimento-conservacion-proteccion-courel\/","name":"Nicol\u00e1s Gonz\u00e1lez Casares denuncia o incumprimento da conservaci\u00f3n e protecci\u00f3n do Courel - Nico G. Casares %","isPartOf":{"@id":"https:\/\/nicogcasares.eu\/gl\/#website"},"primaryImageOfPage":{"@id":"https:\/\/nicogcasares.eu\/gl\/gonzalez-casares-denuncia-o-incumprimento-conservacion-proteccion-courel\/#primaryimage"},"image":{"@id":"https:\/\/nicogcasares.eu\/gl\/gonzalez-casares-denuncia-o-incumprimento-conservacion-proteccion-courel\/#primaryimage"},"thumbnailUrl":"https:\/\/nicogcasares.eu\/wp-content\/uploads\/2022\/07\/5-1.jpg","datePublished":"2022-07-29T13:47:14+00:00","dateModified":"2022-07-29T13:47:19+00:00","description":"O eurodeputado pregunta \u00e1 Comisi\u00f3n Europea polos reiterados incumprimentos da Xunta na protecci\u00f3n dos espazos naturais","breadcrumb":{"@id":"https:\/\/nicogcasares.eu\/gl\/gonzalez-casares-denuncia-o-incumprimento-conservacion-proteccion-courel\/#breadcrumb"},"inLanguage":"gl-ES","potentialAction":[{"@type":"ReadAction","target":["https:\/\/nicogcasares.eu\/gl\/gonzalez-casares-denuncia-o-incumprimento-conservacion-proteccion-courel\/"]}]},{"@type":"ImageObject","inLanguage":"gl-ES","@id":"https:\/\/nicogcasares.eu\/gl\/gonzalez-casares-denuncia-o-incumprimento-conservacion-proteccion-courel\/#primaryimage","url":"https:\/\/nicogcasares.eu\/wp-content\/uploads\/2022\/07\/5-1.jpg","contentUrl":"https:\/\/nicogcasares.eu\/wp-content\/uploads\/2022\/07\/5-1.jpg","width":1867,"height":1272},{"@type":"BreadcrumbList","@id":"https:\/\/nicogcasares.eu\/gl\/gonzalez-casares-denuncia-o-incumprimento-conservacion-proteccion-courel\/#breadcrumb","itemListElement":[{"@type":"ListItem","position":1,"name":"Portada","item":"https:\/\/nicogcasares.eu\/gl\/"},{"@type":"ListItem","position":2,"name":"Nicol\u00e1s Gonz\u00e1lez Casares denuncia o incumprimento da conservaci\u00f3n e protecci\u00f3n do Courel"}]},{"@type":"WebSite","@id":"https:\/\/nicogcasares.eu\/gl\/#website","url":"https:\/\/nicogcasares.eu\/gl\/","name":"Nico G. Casares","description":"Diputado socialista en el parlamento europeo","publisher":{"@id":"https:\/\/nicogcasares.eu\/gl\/#\/schema\/person\/75361477143e596646d48598a3778163"},"potentialAction":[{"@type":"SearchAction","target":{"@type":"EntryPoint","urlTemplate":"https:\/\/nicogcasares.eu\/gl\/?s={search_term_string}"},"query-input":"required name=search_term_string"}],"inLanguage":"gl-ES"},{"@type":["Person","Organization"],"@id":"https:\/\/nicogcasares.eu\/gl\/#\/schema\/person\/75361477143e596646d48598a3778163","name":"Nicol\u00e1s Gonz\u00e1lez Casares","image":{"@type":"ImageObject","inLanguage":"gl-ES","@id":"https:\/\/nicogcasares.eu\/gl\/#\/schema\/person\/image\/","url":"https:\/\/nicogcasares.eu\/wp-content\/uploads\/2021\/11\/20211006_EP-119139A_FMA_0895_RESIZED_S.jpg","contentUrl":"https:\/\/nicogcasares.eu\/wp-content\/uploads\/2021\/11\/20211006_EP-119139A_FMA_0895_RESIZED_S.jpg","width":639,"height":426,"caption":"Nicol\u00e1s Gonz\u00e1lez Casares"},"logo":{"@id":"https:\/\/nicogcasares.eu\/gl\/#\/schema\/person\/image\/"},"url":"https:\/\/nicogcasares.eu\/gl\/author\/nico\/"}]}},"_links":{"self":[{"href":"https:\/\/nicogcasares.eu\/gl\/wp-json\/wp\/v2\/posts\/4643"}],"collection":[{"href":"https:\/\/nicogcasares.eu\/gl\/wp-json\/wp\/v2\/posts"}],"about":[{"href":"https:\/\/nicogcasares.eu\/gl\/wp-json\/wp\/v2\/types\/post"}],"author":[{"embeddable":true,"href":"https:\/\/nicogcasares.eu\/gl\/wp-json\/wp\/v2\/users\/4"}],"replies":[{"embeddable":true,"href":"https:\/\/nicogcasares.eu\/gl\/wp-json\/wp\/v2\/comments?post=4643"}],"version-history":[{"count":2,"href":"https:\/\/nicogcasares.eu\/gl\/wp-json\/wp\/v2\/posts\/4643\/revisions"}],"predecessor-version":[{"id":4652,"href":"https:\/\/nicogcasares.eu\/gl\/wp-json\/wp\/v2\/posts\/4643\/revisions\/4652"}],"wp:featuredmedia":[{"embeddable":true,"href":"https:\/\/nicogcasares.eu\/gl\/wp-json\/wp\/v2\/media\/4648"}],"wp:attachment":[{"href":"https:\/\/nicogcasares.eu\/gl\/wp-json\/wp\/v2\/media?parent=4643"}],"wp:term":[{"taxonomy":"category","embeddable":true,"href":"https:\/\/nicogcasares.eu\/gl\/wp-json\/wp\/v2\/categories?post=4643"},{"taxonomy":"post_tag","embeddable":true,"href":"https:\/\/nicogcasares.eu\/gl\/wp-json\/wp\/v2\/tags?post=4643"}],"curies":[{"name":"wp","href":"https:\/\/api.w.org\/{rel}","templated":true}]}}