{"id":4658,"date":"2022-08-24T13:22:17","date_gmt":"2022-08-24T11:22:17","guid":{"rendered":"https:\/\/nicogcasares.eu\/?p=4658"},"modified":"2022-08-24T13:23:16","modified_gmt":"2022-08-24T11:23:16","slug":"gonzalez-casares-luena-piden-medidas-frear-epidemia-gripe-aviaria-europa","status":"publish","type":"post","link":"https:\/\/nicogcasares.eu\/gl\/gonzalez-casares-luena-piden-medidas-frear-epidemia-gripe-aviaria-europa\/","title":{"rendered":"Gonz\u00e1lez Casares e Luena piden \u00e1 Comisi\u00f3n medidas para frear a maior epidemia de gripe aviaria rexistrada en Europa"},"content":{"rendered":"\n<p class=\"has-black-color has-text-color has-medium-font-size\"><strong>En total detect\u00e1ronse 2.398 brotes en aves de curral dom\u00e9sticas, 168 brotes en cativas, e 2.733 en silvestres en 36 pa\u00edses europeos<\/strong><\/p>\n\n\n\n<p class=\"has-black-color has-text-color has-medium-font-size\">Os eurodeputados socialistas <strong>Nicol\u00e1s Gonz\u00e1lez Casares<\/strong> e <strong>C\u00e9sar Luena<\/strong> reclamaron \u00e1 Comisi\u00f3n Europea medidas espec\u00edficas para frear a epidemia de gripe aviaria altamente pat\u00f3xena (IAAP).<\/p>\n\n\n\n<p class=\"has-black-color has-text-color has-medium-font-size\">Nunha pregunta escrita ao executivo comunitario, os eurodeputados, membros da Comisi\u00f3n de Medio Ambiente, Sa\u00fade P\u00fablica e Seguridade Alimentaria, sinalan que a Autoridade Europea de Seguridade Alimentaria (EFSA) cualificou <strong>a tempada epid\u00e9mica 2021-22 como<\/strong> <strong>\u201ca maior xamais rexistrada en Europa\u201d<\/strong>. En total detect\u00e1ronse 2.398 brotes en aves de curral dom\u00e9sticas, 168 brotes en cativas, e 2.733 en silvestres en 36 pa\u00edses europeos, segundo a EFSA. <\/p>\n\n\n\n<p class=\"has-black-color has-text-color has-medium-font-size\">O texto indica ademais que \u201cos ornit\u00f3logos sobre o terreo reportan reduci\u00f3ns dram\u00e1ticas en avistamentos de aves silvestres como mastacos ou p\u00e1gaos e temen o impacto que poder\u00eda producirse co inicio da tempada de migraci\u00f3n de aves acu\u00e1ticas cara a Europa en termos de mortalidade de aves, contaxio a aves de curral e salto a humanos\u201d. <\/p>\n\n\n\n<p class=\"has-black-color has-text-color has-medium-font-size\">Por iso, reclaman \u201cmedidas espec\u00edficas para frear a expansi\u00f3n\u201d, <strong>sistemas de vixilancia e reforzo<\/strong> dos sistemas de alerta temper\u00e1 para evitar contaxios en aves de curral. Ademais, preguntan se a Comisi\u00f3n prev\u00e9 \u201crealizar recomendaci\u00f3ns espec\u00edficas \u00e1s autoridades competentes sobre protocolos de recollida de aves silvestres para garantir a protecci\u00f3n do persoal que realiza estas tarefas\u201d.<\/p>\n","protected":false},"excerpt":{"rendered":"<p>En total detect\u00e1ronse 2.398 brotes en aves de curral dom\u00e9sticas, 168 brotes en cativas, e 2.733 en silvestres en 36 pa\u00edses europeos<\/p>\n","protected":false},"author":4,"featured_media":4656,"comment_status":"closed","ping_status":"closed","sticky":false,"template":"","format":"standard","meta":{"footnotes":""},"categories":[2,31,20,32,25,42],"tags":[357,433],"yoast_head":"<!-- This site is optimized with the Yoast SEO plugin v22.3 - https:\/\/yoast.com\/wordpress\/plugins\/seo\/ -->\n<title>Gonz\u00e1lez Casares e Luena piden \u00e1 Comisi\u00f3n medidas para frear a maior epidemia de gripe aviaria rexistrada en Europa - Nico G. Casares %<\/title>\n<meta name=\"description\" content=\"En total detect\u00e1ronse 2.398 brotes en aves de curral dom\u00e9sticas, 168 brotes en cativas, e 2.733 en silvestres en 36 pa\u00edses europeos\" \/>\n<meta name=\"robots\" content=\"index, follow, max-snippet:-1, max-image-preview:large, max-video-preview:-1\" \/>\n<link rel=\"canonical\" href=\"https:\/\/nicogcasares.eu\/gl\/gonzalez-casares-luena-piden-medidas-frear-epidemia-gripe-aviaria-europa\/\" \/>\n<meta property=\"og:locale\" content=\"gl_ES\" \/>\n<meta property=\"og:type\" content=\"article\" \/>\n<meta property=\"og:title\" content=\"Gonz\u00e1lez Casares e Luena piden \u00e1 Comisi\u00f3n medidas para frear a maior epidemia de gripe aviaria rexistrada en Europa\" \/>\n<meta property=\"og:description\" content=\"En total detect\u00e1ronse 2.398 brotes en aves de curral dom\u00e9sticas, 168 brotes en cativas, e 2.733 en silvestres en 36 pa\u00edses europeos\" \/>\n<meta property=\"og:url\" content=\"https:\/\/nicogcasares.eu\/gl\/gonzalez-casares-luena-piden-medidas-frear-epidemia-gripe-aviaria-europa\/\" \/>\n<meta property=\"og:site_name\" content=\"Nico G. Casares\" \/>\n<meta property=\"article:published_time\" content=\"2022-08-24T11:22:17+00:00\" \/>\n<meta property=\"article:modified_time\" content=\"2022-08-24T11:23:16+00:00\" \/>\n<meta property=\"og:image\" content=\"https:\/\/nicogcasares.eu\/wp-content\/uploads\/2022\/08\/aves.jpg\" \/>\n\t<meta property=\"og:image:width\" content=\"879\" \/>\n\t<meta property=\"og:image:height\" content=\"582\" \/>\n\t<meta property=\"og:image:type\" content=\"image\/jpeg\" \/>\n<meta name=\"author\" content=\"Nicol\u00e1s Gonz\u00e1lez Casares\" \/>\n<meta name=\"twitter:card\" content=\"summary_large_image\" \/>\n<meta name=\"twitter:title\" content=\"Gonz\u00e1lez Casares e Luena piden \u00e1 Comisi\u00f3n medidas para frear a maior epidemia de gripe aviaria rexistrada en Europa\" \/>\n<meta name=\"twitter:description\" content=\"En total detect\u00e1ronse 2.398 brotes en aves de curral dom\u00e9sticas, 168 brotes en cativas, e 2.733 en silvestres en 36 pa\u00edses europeos\" \/>\n<meta name=\"twitter:image\" content=\"https:\/\/nicogcasares.eu\/wp-content\/uploads\/2022\/08\/aves.jpg\" \/>\n<meta name=\"twitter:creator\" content=\"@nicogoncas\" \/>\n<meta name=\"twitter:site\" content=\"@nicogoncas\" \/>\n<meta name=\"twitter:label1\" content=\"Escrito por\" \/>\n\t<meta name=\"twitter:data1\" content=\"Nicol\u00e1s Gonz\u00e1lez Casares\" \/>\n\t<meta name=\"twitter:label2\" content=\"Tempo de lectura\" \/>\n\t<meta name=\"twitter:data2\" content=\"2 minutos\" \/>\n<script type=\"application\/ld+json\" class=\"yoast-schema-graph\">{\"@context\":\"https:\/\/schema.org\",\"@graph\":[{\"@type\":\"Article\",\"@id\":\"https:\/\/nicogcasares.eu\/gl\/gonzalez-casares-luena-piden-medidas-frear-epidemia-gripe-aviaria-europa\/#article\",\"isPartOf\":{\"@id\":\"https:\/\/nicogcasares.eu\/gl\/gonzalez-casares-luena-piden-medidas-frear-epidemia-gripe-aviaria-europa\/\"},\"author\":{\"name\":\"Nicol\u00e1s Gonz\u00e1lez Casares\",\"@id\":\"https:\/\/nicogcasares.eu\/gl\/#\/schema\/person\/75361477143e596646d48598a3778163\"},\"headline\":\"Gonz\u00e1lez Casares e Luena piden \u00e1 Comisi\u00f3n medidas para frear a maior epidemia de gripe aviaria rexistrada en Europa\",\"datePublished\":\"2022-08-24T11:22:17+00:00\",\"dateModified\":\"2022-08-24T11:23:16+00:00\",\"mainEntityOfPage\":{\"@id\":\"https:\/\/nicogcasares.eu\/gl\/gonzalez-casares-luena-piden-medidas-frear-epidemia-gripe-aviaria-europa\/\"},\"wordCount\":263,\"publisher\":{\"@id\":\"https:\/\/nicogcasares.eu\/gl\/#\/schema\/person\/75361477143e596646d48598a3778163\"},\"image\":{\"@id\":\"https:\/\/nicogcasares.eu\/gl\/gonzalez-casares-luena-piden-medidas-frear-epidemia-gripe-aviaria-europa\/#primaryimage\"},\"thumbnailUrl\":\"https:\/\/nicogcasares.eu\/wp-content\/uploads\/2022\/08\/aves.jpg\",\"keywords\":[\"Nicol\u00e1s Gonz\u00e1lez Casares\",\"Red Natura\"],\"articleSection\":[\"Actividad\",\"Medio ambiente\",\"Noticias\",\"Novas\",\"Salud\",\"Sa\u00fade\"],\"inLanguage\":\"gl-ES\"},{\"@type\":\"WebPage\",\"@id\":\"https:\/\/nicogcasares.eu\/gl\/gonzalez-casares-luena-piden-medidas-frear-epidemia-gripe-aviaria-europa\/\",\"url\":\"https:\/\/nicogcasares.eu\/gl\/gonzalez-casares-luena-piden-medidas-frear-epidemia-gripe-aviaria-europa\/\",\"name\":\"Gonz\u00e1lez Casares e Luena piden \u00e1 Comisi\u00f3n medidas para frear a maior epidemia de gripe aviaria rexistrada en Europa - Nico G. Casares %\",\"isPartOf\":{\"@id\":\"https:\/\/nicogcasares.eu\/gl\/#website\"},\"primaryImageOfPage\":{\"@id\":\"https:\/\/nicogcasares.eu\/gl\/gonzalez-casares-luena-piden-medidas-frear-epidemia-gripe-aviaria-europa\/#primaryimage\"},\"image\":{\"@id\":\"https:\/\/nicogcasares.eu\/gl\/gonzalez-casares-luena-piden-medidas-frear-epidemia-gripe-aviaria-europa\/#primaryimage\"},\"thumbnailUrl\":\"https:\/\/nicogcasares.eu\/wp-content\/uploads\/2022\/08\/aves.jpg\",\"datePublished\":\"2022-08-24T11:22:17+00:00\",\"dateModified\":\"2022-08-24T11:23:16+00:00\",\"description\":\"En total detect\u00e1ronse 2.398 brotes en aves de curral dom\u00e9sticas, 168 brotes en cativas, e 2.733 en silvestres en 36 pa\u00edses europeos\",\"breadcrumb\":{\"@id\":\"https:\/\/nicogcasares.eu\/gl\/gonzalez-casares-luena-piden-medidas-frear-epidemia-gripe-aviaria-europa\/#breadcrumb\"},\"inLanguage\":\"gl-ES\",\"potentialAction\":[{\"@type\":\"ReadAction\",\"target\":[\"https:\/\/nicogcasares.eu\/gl\/gonzalez-casares-luena-piden-medidas-frear-epidemia-gripe-aviaria-europa\/\"]}]},{\"@type\":\"ImageObject\",\"inLanguage\":\"gl-ES\",\"@id\":\"https:\/\/nicogcasares.eu\/gl\/gonzalez-casares-luena-piden-medidas-frear-epidemia-gripe-aviaria-europa\/#primaryimage\",\"url\":\"https:\/\/nicogcasares.eu\/wp-content\/uploads\/2022\/08\/aves.jpg\",\"contentUrl\":\"https:\/\/nicogcasares.eu\/wp-content\/uploads\/2022\/08\/aves.jpg\",\"width\":879,\"height\":582},{\"@type\":\"BreadcrumbList\",\"@id\":\"https:\/\/nicogcasares.eu\/gl\/gonzalez-casares-luena-piden-medidas-frear-epidemia-gripe-aviaria-europa\/#breadcrumb\",\"itemListElement\":[{\"@type\":\"ListItem\",\"position\":1,\"name\":\"Portada\",\"item\":\"https:\/\/nicogcasares.eu\/gl\/\"},{\"@type\":\"ListItem\",\"position\":2,\"name\":\"Gonz\u00e1lez Casares e Luena piden \u00e1 Comisi\u00f3n medidas para frear a maior epidemia de gripe aviaria rexistrada en Europa\"}]},{\"@type\":\"WebSite\",\"@id\":\"https:\/\/nicogcasares.eu\/gl\/#website\",\"url\":\"https:\/\/nicogcasares.eu\/gl\/\",\"name\":\"Nico G. Casares\",\"description\":\"Diputado socialista en el parlamento europeo\",\"publisher\":{\"@id\":\"https:\/\/nicogcasares.eu\/gl\/#\/schema\/person\/75361477143e596646d48598a3778163\"},\"potentialAction\":[{\"@type\":\"SearchAction\",\"target\":{\"@type\":\"EntryPoint\",\"urlTemplate\":\"https:\/\/nicogcasares.eu\/gl\/?s={search_term_string}\"},\"query-input\":\"required name=search_term_string\"}],\"inLanguage\":\"gl-ES\"},{\"@type\":[\"Person\",\"Organization\"],\"@id\":\"https:\/\/nicogcasares.eu\/gl\/#\/schema\/person\/75361477143e596646d48598a3778163\",\"name\":\"Nicol\u00e1s Gonz\u00e1lez Casares\",\"image\":{\"@type\":\"ImageObject\",\"inLanguage\":\"gl-ES\",\"@id\":\"https:\/\/nicogcasares.eu\/gl\/#\/schema\/person\/image\/\",\"url\":\"https:\/\/nicogcasares.eu\/wp-content\/uploads\/2021\/11\/20211006_EP-119139A_FMA_0895_RESIZED_S.jpg\",\"contentUrl\":\"https:\/\/nicogcasares.eu\/wp-content\/uploads\/2021\/11\/20211006_EP-119139A_FMA_0895_RESIZED_S.jpg\",\"width\":639,\"height\":426,\"caption\":\"Nicol\u00e1s Gonz\u00e1lez Casares\"},\"logo\":{\"@id\":\"https:\/\/nicogcasares.eu\/gl\/#\/schema\/person\/image\/\"},\"url\":\"https:\/\/nicogcasares.eu\/gl\/author\/nico\/\"}]}<\/script>\n<!-- \/ Yoast SEO plugin. -->","yoast_head_json":{"title":"Gonz\u00e1lez Casares e Luena piden \u00e1 Comisi\u00f3n medidas para frear a maior epidemia de gripe aviaria rexistrada en Europa - Nico G. Casares %","description":"En total detect\u00e1ronse 2.398 brotes en aves de curral dom\u00e9sticas, 168 brotes en cativas, e 2.733 en silvestres en 36 pa\u00edses europeos","robots":{"index":"index","follow":"follow","max-snippet":"max-snippet:-1","max-image-preview":"max-image-preview:large","max-video-preview":"max-video-preview:-1"},"canonical":"https:\/\/nicogcasares.eu\/gl\/gonzalez-casares-luena-piden-medidas-frear-epidemia-gripe-aviaria-europa\/","og_locale":"gl_ES","og_type":"article","og_title":"Gonz\u00e1lez Casares e Luena piden \u00e1 Comisi\u00f3n medidas para frear a maior epidemia de gripe aviaria rexistrada en Europa","og_description":"En total detect\u00e1ronse 2.398 brotes en aves de curral dom\u00e9sticas, 168 brotes en cativas, e 2.733 en silvestres en 36 pa\u00edses europeos","og_url":"https:\/\/nicogcasares.eu\/gl\/gonzalez-casares-luena-piden-medidas-frear-epidemia-gripe-aviaria-europa\/","og_site_name":"Nico G. Casares","article_published_time":"2022-08-24T11:22:17+00:00","article_modified_time":"2022-08-24T11:23:16+00:00","og_image":[{"width":879,"height":582,"url":"https:\/\/nicogcasares.eu\/wp-content\/uploads\/2022\/08\/aves.jpg","type":"image\/jpeg"}],"author":"Nicol\u00e1s Gonz\u00e1lez Casares","twitter_card":"summary_large_image","twitter_title":"Gonz\u00e1lez Casares e Luena piden \u00e1 Comisi\u00f3n medidas para frear a maior epidemia de gripe aviaria rexistrada en Europa","twitter_description":"En total detect\u00e1ronse 2.398 brotes en aves de curral dom\u00e9sticas, 168 brotes en cativas, e 2.733 en silvestres en 36 pa\u00edses europeos","twitter_image":"https:\/\/nicogcasares.eu\/wp-content\/uploads\/2022\/08\/aves.jpg","twitter_creator":"@nicogoncas","twitter_site":"@nicogoncas","twitter_misc":{"Escrito por":"Nicol\u00e1s Gonz\u00e1lez Casares","Tempo de lectura":"2 minutos"},"schema":{"@context":"https:\/\/schema.org","@graph":[{"@type":"Article","@id":"https:\/\/nicogcasares.eu\/gl\/gonzalez-casares-luena-piden-medidas-frear-epidemia-gripe-aviaria-europa\/#article","isPartOf":{"@id":"https:\/\/nicogcasares.eu\/gl\/gonzalez-casares-luena-piden-medidas-frear-epidemia-gripe-aviaria-europa\/"},"author":{"name":"Nicol\u00e1s Gonz\u00e1lez Casares","@id":"https:\/\/nicogcasares.eu\/gl\/#\/schema\/person\/75361477143e596646d48598a3778163"},"headline":"Gonz\u00e1lez Casares e Luena piden \u00e1 Comisi\u00f3n medidas para frear a maior epidemia de gripe aviaria rexistrada en Europa","datePublished":"2022-08-24T11:22:17+00:00","dateModified":"2022-08-24T11:23:16+00:00","mainEntityOfPage":{"@id":"https:\/\/nicogcasares.eu\/gl\/gonzalez-casares-luena-piden-medidas-frear-epidemia-gripe-aviaria-europa\/"},"wordCount":263,"publisher":{"@id":"https:\/\/nicogcasares.eu\/gl\/#\/schema\/person\/75361477143e596646d48598a3778163"},"image":{"@id":"https:\/\/nicogcasares.eu\/gl\/gonzalez-casares-luena-piden-medidas-frear-epidemia-gripe-aviaria-europa\/#primaryimage"},"thumbnailUrl":"https:\/\/nicogcasares.eu\/wp-content\/uploads\/2022\/08\/aves.jpg","keywords":["Nicol\u00e1s Gonz\u00e1lez Casares","Red Natura"],"articleSection":["Actividad","Medio ambiente","Noticias","Novas","Salud","Sa\u00fade"],"inLanguage":"gl-ES"},{"@type":"WebPage","@id":"https:\/\/nicogcasares.eu\/gl\/gonzalez-casares-luena-piden-medidas-frear-epidemia-gripe-aviaria-europa\/","url":"https:\/\/nicogcasares.eu\/gl\/gonzalez-casares-luena-piden-medidas-frear-epidemia-gripe-aviaria-europa\/","name":"Gonz\u00e1lez Casares e Luena piden \u00e1 Comisi\u00f3n medidas para frear a maior epidemia de gripe aviaria rexistrada en Europa - Nico G. Casares %","isPartOf":{"@id":"https:\/\/nicogcasares.eu\/gl\/#website"},"primaryImageOfPage":{"@id":"https:\/\/nicogcasares.eu\/gl\/gonzalez-casares-luena-piden-medidas-frear-epidemia-gripe-aviaria-europa\/#primaryimage"},"image":{"@id":"https:\/\/nicogcasares.eu\/gl\/gonzalez-casares-luena-piden-medidas-frear-epidemia-gripe-aviaria-europa\/#primaryimage"},"thumbnailUrl":"https:\/\/nicogcasares.eu\/wp-content\/uploads\/2022\/08\/aves.jpg","datePublished":"2022-08-24T11:22:17+00:00","dateModified":"2022-08-24T11:23:16+00:00","description":"En total detect\u00e1ronse 2.398 brotes en aves de curral dom\u00e9sticas, 168 brotes en cativas, e 2.733 en silvestres en 36 pa\u00edses europeos","breadcrumb":{"@id":"https:\/\/nicogcasares.eu\/gl\/gonzalez-casares-luena-piden-medidas-frear-epidemia-gripe-aviaria-europa\/#breadcrumb"},"inLanguage":"gl-ES","potentialAction":[{"@type":"ReadAction","target":["https:\/\/nicogcasares.eu\/gl\/gonzalez-casares-luena-piden-medidas-frear-epidemia-gripe-aviaria-europa\/"]}]},{"@type":"ImageObject","inLanguage":"gl-ES","@id":"https:\/\/nicogcasares.eu\/gl\/gonzalez-casares-luena-piden-medidas-frear-epidemia-gripe-aviaria-europa\/#primaryimage","url":"https:\/\/nicogcasares.eu\/wp-content\/uploads\/2022\/08\/aves.jpg","contentUrl":"https:\/\/nicogcasares.eu\/wp-content\/uploads\/2022\/08\/aves.jpg","width":879,"height":582},{"@type":"BreadcrumbList","@id":"https:\/\/nicogcasares.eu\/gl\/gonzalez-casares-luena-piden-medidas-frear-epidemia-gripe-aviaria-europa\/#breadcrumb","itemListElement":[{"@type":"ListItem","position":1,"name":"Portada","item":"https:\/\/nicogcasares.eu\/gl\/"},{"@type":"ListItem","position":2,"name":"Gonz\u00e1lez Casares e Luena piden \u00e1 Comisi\u00f3n medidas para frear a maior epidemia de gripe aviaria rexistrada en Europa"}]},{"@type":"WebSite","@id":"https:\/\/nicogcasares.eu\/gl\/#website","url":"https:\/\/nicogcasares.eu\/gl\/","name":"Nico G. Casares","description":"Diputado socialista en el parlamento europeo","publisher":{"@id":"https:\/\/nicogcasares.eu\/gl\/#\/schema\/person\/75361477143e596646d48598a3778163"},"potentialAction":[{"@type":"SearchAction","target":{"@type":"EntryPoint","urlTemplate":"https:\/\/nicogcasares.eu\/gl\/?s={search_term_string}"},"query-input":"required name=search_term_string"}],"inLanguage":"gl-ES"},{"@type":["Person","Organization"],"@id":"https:\/\/nicogcasares.eu\/gl\/#\/schema\/person\/75361477143e596646d48598a3778163","name":"Nicol\u00e1s Gonz\u00e1lez Casares","image":{"@type":"ImageObject","inLanguage":"gl-ES","@id":"https:\/\/nicogcasares.eu\/gl\/#\/schema\/person\/image\/","url":"https:\/\/nicogcasares.eu\/wp-content\/uploads\/2021\/11\/20211006_EP-119139A_FMA_0895_RESIZED_S.jpg","contentUrl":"https:\/\/nicogcasares.eu\/wp-content\/uploads\/2021\/11\/20211006_EP-119139A_FMA_0895_RESIZED_S.jpg","width":639,"height":426,"caption":"Nicol\u00e1s Gonz\u00e1lez Casares"},"logo":{"@id":"https:\/\/nicogcasares.eu\/gl\/#\/schema\/person\/image\/"},"url":"https:\/\/nicogcasares.eu\/gl\/author\/nico\/"}]}},"_links":{"self":[{"href":"https:\/\/nicogcasares.eu\/gl\/wp-json\/wp\/v2\/posts\/4658"}],"collection":[{"href":"https:\/\/nicogcasares.eu\/gl\/wp-json\/wp\/v2\/posts"}],"about":[{"href":"https:\/\/nicogcasares.eu\/gl\/wp-json\/wp\/v2\/types\/post"}],"author":[{"embeddable":true,"href":"https:\/\/nicogcasares.eu\/gl\/wp-json\/wp\/v2\/users\/4"}],"replies":[{"embeddable":true,"href":"https:\/\/nicogcasares.eu\/gl\/wp-json\/wp\/v2\/comments?post=4658"}],"version-history":[{"count":1,"href":"https:\/\/nicogcasares.eu\/gl\/wp-json\/wp\/v2\/posts\/4658\/revisions"}],"predecessor-version":[{"id":4660,"href":"https:\/\/nicogcasares.eu\/gl\/wp-json\/wp\/v2\/posts\/4658\/revisions\/4660"}],"wp:featuredmedia":[{"embeddable":true,"href":"https:\/\/nicogcasares.eu\/gl\/wp-json\/wp\/v2\/media\/4656"}],"wp:attachment":[{"href":"https:\/\/nicogcasares.eu\/gl\/wp-json\/wp\/v2\/media?parent=4658"}],"wp:term":[{"taxonomy":"category","embeddable":true,"href":"https:\/\/nicogcasares.eu\/gl\/wp-json\/wp\/v2\/categories?post=4658"},{"taxonomy":"post_tag","embeddable":true,"href":"https:\/\/nicogcasares.eu\/gl\/wp-json\/wp\/v2\/tags?post=4658"}],"curies":[{"name":"wp","href":"https:\/\/api.w.org\/{rel}","templated":true}]}}