{"id":4694,"date":"2022-09-13T18:01:19","date_gmt":"2022-09-13T16:01:19","guid":{"rendered":"https:\/\/nicogcasares.eu\/?p=4694"},"modified":"2022-09-13T18:05:40","modified_gmt":"2022-09-13T16:05:40","slug":"psdeg-psoe-marin-eurodeputado-nicolas-g-casares-reunense-sector-pesqueiro-marin","status":"publish","type":"post","link":"https:\/\/nicogcasares.eu\/gl\/psdeg-psoe-marin-eurodeputado-nicolas-g-casares-reunense-sector-pesqueiro-marin\/","title":{"rendered":"O PSdeG-PSOE de Mar\u00edn e o eurodeputado Nicol\u00e1s G. Casares re\u00fanense co sector pesqueiro en Mar\u00edn"},"content":{"rendered":"\n<p class=\"has-text-align-left has-black-color has-text-color has-medium-font-size\"><strong>Os socialistas Manuel Pazos e Diego Gonz\u00e1lez, o eurodeputado Nicol\u00e1s Gonz\u00e1lez Casares e o exsecretario xeral de Pesca, Jos\u00e9 Loira, mante\u00f1en unha xuntanza con OPROMAR e a Cooperativa do Mar de San Miguel en apoio \u00e1 pesca de fondo ante a decisi\u00f3n da Comisi\u00f3n Europea<\/strong><\/p>\n\n\n\n<p class=\"has-text-align-left has-black-color has-text-color has-medium-font-size\">O <strong>PSdeG-PSOE<\/strong> pon en marcha unha campa\u00f1a para apoiar a <strong>pesca de fondo<\/strong>. O obxectivo desta iniciativa, que conta co apoio da Federaci\u00f3n Galega de Confrar\u00edas, \u00e9 tratar de <strong>reverter a intenci\u00f3n da Comisi\u00f3n Europea de prohibir<\/strong> todas as actividades relacionadas coa pesca de fondo (arrastre, palangre, anzol\u2026) en 94 zonas de pesca en caladoiros de Espa\u00f1a, Portugal, Francia e Irlanda. Unha medida que, de sa\u00edr adiante, ter\u00e1 un duro impacto no sector pesqueiro galego e na nosa econom\u00eda. <\/p>\n\n\n\n<p class=\"has-text-align-left has-black-color has-text-color has-medium-font-size\">Co prop\u00f3sito de debullar os puntos desta campa\u00f1a, o voceiro do grupo socialista en Mar\u00edn, <strong>Manuel Pazos<\/strong>, o concelleiro <strong>Diego Gonz\u00e1lez<\/strong>, o eurodeputado <strong>Nicol\u00e1s Gonz\u00e1lez Casares<\/strong> e o exsecretario xeral de Pesca, <strong>Jos\u00e9 Loira<\/strong>, reun\u00edronse en Mar\u00edn con representantes da <strong>Organizaci\u00f3n de Produtores de Pesca do Porto e R\u00eda de Mar\u00edn<\/strong> (OPROMAR) e da <strong>Cooperativa do Mar de San Miguel<\/strong>. <\/p>\n\n\n\n<p class=\"has-text-align-left has-black-color has-text-color has-medium-font-size\">\u201cO <strong>sector da pesca galego \u00e9 ambientalmente sostible<\/strong>, ademais de ser un motor econ\u00f3mico e de emprego na nosa comunidade. Os socialistas imos reclamar ante a Uni\u00f3n Europea que se eliminen as medidas restritivas que se est\u00e1n barallando e que se baseen en informes cient\u00edficos e datos rigorosos\u201d, explica o europarlamentario socialista. <\/p>\n\n\n\n<p class=\"has-text-align-left has-black-color has-text-color has-medium-font-size\">Os socialistas <strong>rexeitan a medida adoptada pola Uni\u00f3n Europea polas seguintes raz\u00f3ns<\/strong>: <\/p>\n\n\n\n<p class=\"has-text-align-left has-black-color has-text-color has-medium-font-size\">a) A decisi\u00f3n debe apoiarse en informes cient\u00edficos ben fundamentados e aceptados. <\/p>\n\n\n\n<p class=\"has-text-align-left has-black-color has-text-color has-medium-font-size\">b) Debe debaterse cos organismos consultivos e co propio sector pesqueiro. <\/p>\n\n\n\n<p class=\"has-text-align-left has-black-color has-text-color has-medium-font-size\">c) A medida apl\u00edcase de xeito indiscriminado a todas as artes de pesca e frotas, sen ter en conta a sistem\u00e1tica de pesca ou a selectividade das mesmas. <\/p>\n\n\n\n<p class=\"has-text-align-left has-black-color has-text-color has-medium-font-size\">d) A frota galega cumpre de xeito claro e rigoroso con todas as normativas aplicadas \u00e1 s\u00faa actividade. <\/p>\n\n\n\n<p class=\"has-text-align-left has-black-color has-text-color has-medium-font-size\">e) A decisi\u00f3n ten un impacto econ\u00f3mico e social claro e directo nas frotas afectadas, sen que se presente ningunha alternativa ou compensaci\u00f3n. <\/p>\n\n\n\n<p class=\"has-text-align-left has-black-color has-text-color has-medium-font-size\">Con estes argumentos presentes, os socialistas continuar\u00e1n a defender os intereses dos traballadores e traballadoras do mar, a reunirse co sector pesqueiro e a negociar coa Xunta de Galicia, o Ministerio de Agricultura, Pesca e Alimentaci\u00f3n e a Uni\u00f3n Europea ata conseguir que esta situaci\u00f3n tan prexudicial para os intereses de Galicia se reverta.<\/p>\n\n\n\n<p class=\"has-text-align-left has-black-color has-text-color has-medium-font-size\"> <\/p>\n","protected":false},"excerpt":{"rendered":"<p>Os socialistas Manuel Pazos e Diego Gonz\u00e1lez, o eurodeputado Nicol\u00e1s Gonz\u00e1lez Casares e o exsecretario xeral de Pesca, Jos\u00e9 Loira, mante\u00f1en unha xuntanza con OPROMAR e a Cooperativa do Mar de San Miguel en apoio \u00e1 pesca de fondo ante a decisi\u00f3n da Comisi\u00f3n Europea<\/p>\n","protected":false},"author":4,"featured_media":4686,"comment_status":"closed","ping_status":"closed","sticky":true,"template":"","format":"standard","meta":{"footnotes":""},"categories":[2,34,20,32,22,40],"tags":[57,160,357,76],"yoast_head":"<!-- This site is optimized with the Yoast SEO plugin v22.3 - https:\/\/yoast.com\/wordpress\/plugins\/seo\/ -->\n<title>O PSdeG-PSOE de Mar\u00edn e o eurodeputado Nicol\u00e1s G. Casares re\u00fanense co sector pesqueiro en Mar\u00edn - Nico G. Casares %<\/title>\n<meta name=\"description\" content=\"Os socialistas Manuel Pazos e Diego Gonz\u00e1lez, o eurodeputado Nicol\u00e1s Gonz\u00e1lez Casares e o exsecretario xeral de Pesca, Jos\u00e9 Loira, mante\u00f1en unha xuntanza con OPROMAR e a Cooperativa do Mar de San Miguel en apoio \u00e1 pesca de fondo ante a decisi\u00f3n da Comisi\u00f3n Europea\" \/>\n<meta name=\"robots\" content=\"index, follow, max-snippet:-1, max-image-preview:large, max-video-preview:-1\" \/>\n<link rel=\"canonical\" href=\"https:\/\/nicogcasares.eu\/gl\/psdeg-psoe-marin-eurodeputado-nicolas-g-casares-reunense-sector-pesqueiro-marin\/\" \/>\n<meta property=\"og:locale\" content=\"gl_ES\" \/>\n<meta property=\"og:type\" content=\"article\" \/>\n<meta property=\"og:title\" content=\"O PSdeG-PSOE de Mar\u00edn e o eurodeputado Nicol\u00e1s G. Casares re\u00fanense co sector pesqueiro en Mar\u00edn\" \/>\n<meta property=\"og:description\" content=\"Os socialistas Manuel Pazos e Diego Gonz\u00e1lez, o eurodeputado Nicol\u00e1s Gonz\u00e1lez Casares e o exsecretario xeral de Pesca, Jos\u00e9 Loira, mante\u00f1en unha xuntanza con OPROMAR e a Cooperativa do Mar de San Miguel en apoio \u00e1 pesca de fondo ante a decisi\u00f3n da Comisi\u00f3n Europea\" \/>\n<meta property=\"og:url\" content=\"https:\/\/nicogcasares.eu\/gl\/psdeg-psoe-marin-eurodeputado-nicolas-g-casares-reunense-sector-pesqueiro-marin\/\" \/>\n<meta property=\"og:site_name\" content=\"Nico G. Casares\" \/>\n<meta property=\"article:published_time\" content=\"2022-09-13T16:01:19+00:00\" \/>\n<meta property=\"article:modified_time\" content=\"2022-09-13T16:05:40+00:00\" \/>\n<meta property=\"og:image\" content=\"https:\/\/nicogcasares.eu\/wp-content\/uploads\/2022\/09\/Imaxe-de-grupo.jpg\" \/>\n\t<meta property=\"og:image:width\" content=\"1600\" \/>\n\t<meta property=\"og:image:height\" content=\"1200\" \/>\n\t<meta property=\"og:image:type\" content=\"image\/jpeg\" \/>\n<meta name=\"author\" content=\"Nicol\u00e1s Gonz\u00e1lez Casares\" \/>\n<meta name=\"twitter:card\" content=\"summary_large_image\" \/>\n<meta name=\"twitter:title\" content=\"O PSdeG-PSOE de Mar\u00edn e o eurodeputado Nicol\u00e1s G. Casares re\u00fanense co sector pesqueiro en Mar\u00edn\" \/>\n<meta name=\"twitter:description\" content=\"Os socialistas Manuel Pazos e Diego Gonz\u00e1lez, o eurodeputado Nicol\u00e1s Gonz\u00e1lez Casares e o exsecretario xeral de Pesca, Jos\u00e9 Loira, mante\u00f1en unha xuntanza con OPROMAR e a Cooperativa do Mar de San Miguel en apoio \u00e1 pesca de fondo ante a decisi\u00f3n da Comisi\u00f3n Europea\" \/>\n<meta name=\"twitter:image\" content=\"https:\/\/nicogcasares.eu\/wp-content\/uploads\/2022\/09\/Imaxe-de-grupo.jpg\" \/>\n<meta name=\"twitter:creator\" content=\"@nicogoncas\" \/>\n<meta name=\"twitter:site\" content=\"@nicogoncas\" \/>\n<meta name=\"twitter:label1\" content=\"Escrito por\" \/>\n\t<meta name=\"twitter:data1\" content=\"Nicol\u00e1s Gonz\u00e1lez Casares\" \/>\n\t<meta name=\"twitter:label2\" content=\"Tempo de lectura\" \/>\n\t<meta name=\"twitter:data2\" content=\"2 minutos\" \/>\n<script type=\"application\/ld+json\" class=\"yoast-schema-graph\">{\"@context\":\"https:\/\/schema.org\",\"@graph\":[{\"@type\":\"Article\",\"@id\":\"https:\/\/nicogcasares.eu\/gl\/psdeg-psoe-marin-eurodeputado-nicolas-g-casares-reunense-sector-pesqueiro-marin\/#article\",\"isPartOf\":{\"@id\":\"https:\/\/nicogcasares.eu\/gl\/psdeg-psoe-marin-eurodeputado-nicolas-g-casares-reunense-sector-pesqueiro-marin\/\"},\"author\":{\"name\":\"Nicol\u00e1s Gonz\u00e1lez Casares\",\"@id\":\"https:\/\/nicogcasares.eu\/gl\/#\/schema\/person\/75361477143e596646d48598a3778163\"},\"headline\":\"O PSdeG-PSOE de Mar\u00edn e o eurodeputado Nicol\u00e1s G. Casares re\u00fanense co sector pesqueiro en Mar\u00edn\",\"datePublished\":\"2022-09-13T16:01:19+00:00\",\"dateModified\":\"2022-09-13T16:05:40+00:00\",\"mainEntityOfPage\":{\"@id\":\"https:\/\/nicogcasares.eu\/gl\/psdeg-psoe-marin-eurodeputado-nicolas-g-casares-reunense-sector-pesqueiro-marin\/\"},\"wordCount\":452,\"publisher\":{\"@id\":\"https:\/\/nicogcasares.eu\/gl\/#\/schema\/person\/75361477143e596646d48598a3778163\"},\"image\":{\"@id\":\"https:\/\/nicogcasares.eu\/gl\/psdeg-psoe-marin-eurodeputado-nicolas-g-casares-reunense-sector-pesqueiro-marin\/#primaryimage\"},\"thumbnailUrl\":\"https:\/\/nicogcasares.eu\/wp-content\/uploads\/2022\/09\/Imaxe-de-grupo.jpg\",\"keywords\":[\"Comisi\u00f3n Europea\",\"Europa\",\"Nicol\u00e1s Gonz\u00e1lez Casares\",\"Uni\u00f3n Europea\"],\"articleSection\":[\"Actividad\",\"Actividade\",\"Noticias\",\"Novas\",\"Pesca\",\"Pesca\"],\"inLanguage\":\"gl-ES\"},{\"@type\":\"WebPage\",\"@id\":\"https:\/\/nicogcasares.eu\/gl\/psdeg-psoe-marin-eurodeputado-nicolas-g-casares-reunense-sector-pesqueiro-marin\/\",\"url\":\"https:\/\/nicogcasares.eu\/gl\/psdeg-psoe-marin-eurodeputado-nicolas-g-casares-reunense-sector-pesqueiro-marin\/\",\"name\":\"O PSdeG-PSOE de Mar\u00edn e o eurodeputado Nicol\u00e1s G. Casares re\u00fanense co sector pesqueiro en Mar\u00edn - Nico G. Casares %\",\"isPartOf\":{\"@id\":\"https:\/\/nicogcasares.eu\/gl\/#website\"},\"primaryImageOfPage\":{\"@id\":\"https:\/\/nicogcasares.eu\/gl\/psdeg-psoe-marin-eurodeputado-nicolas-g-casares-reunense-sector-pesqueiro-marin\/#primaryimage\"},\"image\":{\"@id\":\"https:\/\/nicogcasares.eu\/gl\/psdeg-psoe-marin-eurodeputado-nicolas-g-casares-reunense-sector-pesqueiro-marin\/#primaryimage\"},\"thumbnailUrl\":\"https:\/\/nicogcasares.eu\/wp-content\/uploads\/2022\/09\/Imaxe-de-grupo.jpg\",\"datePublished\":\"2022-09-13T16:01:19+00:00\",\"dateModified\":\"2022-09-13T16:05:40+00:00\",\"description\":\"Os socialistas Manuel Pazos e Diego Gonz\u00e1lez, o eurodeputado Nicol\u00e1s Gonz\u00e1lez Casares e o exsecretario xeral de Pesca, Jos\u00e9 Loira, mante\u00f1en unha xuntanza con OPROMAR e a Cooperativa do Mar de San Miguel en apoio \u00e1 pesca de fondo ante a decisi\u00f3n da Comisi\u00f3n Europea\",\"breadcrumb\":{\"@id\":\"https:\/\/nicogcasares.eu\/gl\/psdeg-psoe-marin-eurodeputado-nicolas-g-casares-reunense-sector-pesqueiro-marin\/#breadcrumb\"},\"inLanguage\":\"gl-ES\",\"potentialAction\":[{\"@type\":\"ReadAction\",\"target\":[\"https:\/\/nicogcasares.eu\/gl\/psdeg-psoe-marin-eurodeputado-nicolas-g-casares-reunense-sector-pesqueiro-marin\/\"]}]},{\"@type\":\"ImageObject\",\"inLanguage\":\"gl-ES\",\"@id\":\"https:\/\/nicogcasares.eu\/gl\/psdeg-psoe-marin-eurodeputado-nicolas-g-casares-reunense-sector-pesqueiro-marin\/#primaryimage\",\"url\":\"https:\/\/nicogcasares.eu\/wp-content\/uploads\/2022\/09\/Imaxe-de-grupo.jpg\",\"contentUrl\":\"https:\/\/nicogcasares.eu\/wp-content\/uploads\/2022\/09\/Imaxe-de-grupo.jpg\",\"width\":1600,\"height\":1200},{\"@type\":\"BreadcrumbList\",\"@id\":\"https:\/\/nicogcasares.eu\/gl\/psdeg-psoe-marin-eurodeputado-nicolas-g-casares-reunense-sector-pesqueiro-marin\/#breadcrumb\",\"itemListElement\":[{\"@type\":\"ListItem\",\"position\":1,\"name\":\"Portada\",\"item\":\"https:\/\/nicogcasares.eu\/gl\/\"},{\"@type\":\"ListItem\",\"position\":2,\"name\":\"O PSdeG-PSOE de Mar\u00edn e o eurodeputado Nicol\u00e1s G. Casares re\u00fanense co sector pesqueiro en Mar\u00edn\"}]},{\"@type\":\"WebSite\",\"@id\":\"https:\/\/nicogcasares.eu\/gl\/#website\",\"url\":\"https:\/\/nicogcasares.eu\/gl\/\",\"name\":\"Nico G. Casares\",\"description\":\"Diputado socialista en el parlamento europeo\",\"publisher\":{\"@id\":\"https:\/\/nicogcasares.eu\/gl\/#\/schema\/person\/75361477143e596646d48598a3778163\"},\"potentialAction\":[{\"@type\":\"SearchAction\",\"target\":{\"@type\":\"EntryPoint\",\"urlTemplate\":\"https:\/\/nicogcasares.eu\/gl\/?s={search_term_string}\"},\"query-input\":\"required name=search_term_string\"}],\"inLanguage\":\"gl-ES\"},{\"@type\":[\"Person\",\"Organization\"],\"@id\":\"https:\/\/nicogcasares.eu\/gl\/#\/schema\/person\/75361477143e596646d48598a3778163\",\"name\":\"Nicol\u00e1s Gonz\u00e1lez Casares\",\"image\":{\"@type\":\"ImageObject\",\"inLanguage\":\"gl-ES\",\"@id\":\"https:\/\/nicogcasares.eu\/gl\/#\/schema\/person\/image\/\",\"url\":\"https:\/\/nicogcasares.eu\/wp-content\/uploads\/2021\/11\/20211006_EP-119139A_FMA_0895_RESIZED_S.jpg\",\"contentUrl\":\"https:\/\/nicogcasares.eu\/wp-content\/uploads\/2021\/11\/20211006_EP-119139A_FMA_0895_RESIZED_S.jpg\",\"width\":639,\"height\":426,\"caption\":\"Nicol\u00e1s Gonz\u00e1lez Casares\"},\"logo\":{\"@id\":\"https:\/\/nicogcasares.eu\/gl\/#\/schema\/person\/image\/\"},\"url\":\"https:\/\/nicogcasares.eu\/gl\/author\/nico\/\"}]}<\/script>\n<!-- \/ Yoast SEO plugin. -->","yoast_head_json":{"title":"O PSdeG-PSOE de Mar\u00edn e o eurodeputado Nicol\u00e1s G. Casares re\u00fanense co sector pesqueiro en Mar\u00edn - Nico G. Casares %","description":"Os socialistas Manuel Pazos e Diego Gonz\u00e1lez, o eurodeputado Nicol\u00e1s Gonz\u00e1lez Casares e o exsecretario xeral de Pesca, Jos\u00e9 Loira, mante\u00f1en unha xuntanza con OPROMAR e a Cooperativa do Mar de San Miguel en apoio \u00e1 pesca de fondo ante a decisi\u00f3n da Comisi\u00f3n Europea","robots":{"index":"index","follow":"follow","max-snippet":"max-snippet:-1","max-image-preview":"max-image-preview:large","max-video-preview":"max-video-preview:-1"},"canonical":"https:\/\/nicogcasares.eu\/gl\/psdeg-psoe-marin-eurodeputado-nicolas-g-casares-reunense-sector-pesqueiro-marin\/","og_locale":"gl_ES","og_type":"article","og_title":"O PSdeG-PSOE de Mar\u00edn e o eurodeputado Nicol\u00e1s G. Casares re\u00fanense co sector pesqueiro en Mar\u00edn","og_description":"Os socialistas Manuel Pazos e Diego Gonz\u00e1lez, o eurodeputado Nicol\u00e1s Gonz\u00e1lez Casares e o exsecretario xeral de Pesca, Jos\u00e9 Loira, mante\u00f1en unha xuntanza con OPROMAR e a Cooperativa do Mar de San Miguel en apoio \u00e1 pesca de fondo ante a decisi\u00f3n da Comisi\u00f3n Europea","og_url":"https:\/\/nicogcasares.eu\/gl\/psdeg-psoe-marin-eurodeputado-nicolas-g-casares-reunense-sector-pesqueiro-marin\/","og_site_name":"Nico G. Casares","article_published_time":"2022-09-13T16:01:19+00:00","article_modified_time":"2022-09-13T16:05:40+00:00","og_image":[{"width":1600,"height":1200,"url":"https:\/\/nicogcasares.eu\/wp-content\/uploads\/2022\/09\/Imaxe-de-grupo.jpg","type":"image\/jpeg"}],"author":"Nicol\u00e1s Gonz\u00e1lez Casares","twitter_card":"summary_large_image","twitter_title":"O PSdeG-PSOE de Mar\u00edn e o eurodeputado Nicol\u00e1s G. Casares re\u00fanense co sector pesqueiro en Mar\u00edn","twitter_description":"Os socialistas Manuel Pazos e Diego Gonz\u00e1lez, o eurodeputado Nicol\u00e1s Gonz\u00e1lez Casares e o exsecretario xeral de Pesca, Jos\u00e9 Loira, mante\u00f1en unha xuntanza con OPROMAR e a Cooperativa do Mar de San Miguel en apoio \u00e1 pesca de fondo ante a decisi\u00f3n da Comisi\u00f3n Europea","twitter_image":"https:\/\/nicogcasares.eu\/wp-content\/uploads\/2022\/09\/Imaxe-de-grupo.jpg","twitter_creator":"@nicogoncas","twitter_site":"@nicogoncas","twitter_misc":{"Escrito por":"Nicol\u00e1s Gonz\u00e1lez Casares","Tempo de lectura":"2 minutos"},"schema":{"@context":"https:\/\/schema.org","@graph":[{"@type":"Article","@id":"https:\/\/nicogcasares.eu\/gl\/psdeg-psoe-marin-eurodeputado-nicolas-g-casares-reunense-sector-pesqueiro-marin\/#article","isPartOf":{"@id":"https:\/\/nicogcasares.eu\/gl\/psdeg-psoe-marin-eurodeputado-nicolas-g-casares-reunense-sector-pesqueiro-marin\/"},"author":{"name":"Nicol\u00e1s Gonz\u00e1lez Casares","@id":"https:\/\/nicogcasares.eu\/gl\/#\/schema\/person\/75361477143e596646d48598a3778163"},"headline":"O PSdeG-PSOE de Mar\u00edn e o eurodeputado Nicol\u00e1s G. Casares re\u00fanense co sector pesqueiro en Mar\u00edn","datePublished":"2022-09-13T16:01:19+00:00","dateModified":"2022-09-13T16:05:40+00:00","mainEntityOfPage":{"@id":"https:\/\/nicogcasares.eu\/gl\/psdeg-psoe-marin-eurodeputado-nicolas-g-casares-reunense-sector-pesqueiro-marin\/"},"wordCount":452,"publisher":{"@id":"https:\/\/nicogcasares.eu\/gl\/#\/schema\/person\/75361477143e596646d48598a3778163"},"image":{"@id":"https:\/\/nicogcasares.eu\/gl\/psdeg-psoe-marin-eurodeputado-nicolas-g-casares-reunense-sector-pesqueiro-marin\/#primaryimage"},"thumbnailUrl":"https:\/\/nicogcasares.eu\/wp-content\/uploads\/2022\/09\/Imaxe-de-grupo.jpg","keywords":["Comisi\u00f3n Europea","Europa","Nicol\u00e1s Gonz\u00e1lez Casares","Uni\u00f3n Europea"],"articleSection":["Actividad","Actividade","Noticias","Novas","Pesca","Pesca"],"inLanguage":"gl-ES"},{"@type":"WebPage","@id":"https:\/\/nicogcasares.eu\/gl\/psdeg-psoe-marin-eurodeputado-nicolas-g-casares-reunense-sector-pesqueiro-marin\/","url":"https:\/\/nicogcasares.eu\/gl\/psdeg-psoe-marin-eurodeputado-nicolas-g-casares-reunense-sector-pesqueiro-marin\/","name":"O PSdeG-PSOE de Mar\u00edn e o eurodeputado Nicol\u00e1s G. Casares re\u00fanense co sector pesqueiro en Mar\u00edn - Nico G. Casares %","isPartOf":{"@id":"https:\/\/nicogcasares.eu\/gl\/#website"},"primaryImageOfPage":{"@id":"https:\/\/nicogcasares.eu\/gl\/psdeg-psoe-marin-eurodeputado-nicolas-g-casares-reunense-sector-pesqueiro-marin\/#primaryimage"},"image":{"@id":"https:\/\/nicogcasares.eu\/gl\/psdeg-psoe-marin-eurodeputado-nicolas-g-casares-reunense-sector-pesqueiro-marin\/#primaryimage"},"thumbnailUrl":"https:\/\/nicogcasares.eu\/wp-content\/uploads\/2022\/09\/Imaxe-de-grupo.jpg","datePublished":"2022-09-13T16:01:19+00:00","dateModified":"2022-09-13T16:05:40+00:00","description":"Os socialistas Manuel Pazos e Diego Gonz\u00e1lez, o eurodeputado Nicol\u00e1s Gonz\u00e1lez Casares e o exsecretario xeral de Pesca, Jos\u00e9 Loira, mante\u00f1en unha xuntanza con OPROMAR e a Cooperativa do Mar de San Miguel en apoio \u00e1 pesca de fondo ante a decisi\u00f3n da Comisi\u00f3n Europea","breadcrumb":{"@id":"https:\/\/nicogcasares.eu\/gl\/psdeg-psoe-marin-eurodeputado-nicolas-g-casares-reunense-sector-pesqueiro-marin\/#breadcrumb"},"inLanguage":"gl-ES","potentialAction":[{"@type":"ReadAction","target":["https:\/\/nicogcasares.eu\/gl\/psdeg-psoe-marin-eurodeputado-nicolas-g-casares-reunense-sector-pesqueiro-marin\/"]}]},{"@type":"ImageObject","inLanguage":"gl-ES","@id":"https:\/\/nicogcasares.eu\/gl\/psdeg-psoe-marin-eurodeputado-nicolas-g-casares-reunense-sector-pesqueiro-marin\/#primaryimage","url":"https:\/\/nicogcasares.eu\/wp-content\/uploads\/2022\/09\/Imaxe-de-grupo.jpg","contentUrl":"https:\/\/nicogcasares.eu\/wp-content\/uploads\/2022\/09\/Imaxe-de-grupo.jpg","width":1600,"height":1200},{"@type":"BreadcrumbList","@id":"https:\/\/nicogcasares.eu\/gl\/psdeg-psoe-marin-eurodeputado-nicolas-g-casares-reunense-sector-pesqueiro-marin\/#breadcrumb","itemListElement":[{"@type":"ListItem","position":1,"name":"Portada","item":"https:\/\/nicogcasares.eu\/gl\/"},{"@type":"ListItem","position":2,"name":"O PSdeG-PSOE de Mar\u00edn e o eurodeputado Nicol\u00e1s G. Casares re\u00fanense co sector pesqueiro en Mar\u00edn"}]},{"@type":"WebSite","@id":"https:\/\/nicogcasares.eu\/gl\/#website","url":"https:\/\/nicogcasares.eu\/gl\/","name":"Nico G. Casares","description":"Diputado socialista en el parlamento europeo","publisher":{"@id":"https:\/\/nicogcasares.eu\/gl\/#\/schema\/person\/75361477143e596646d48598a3778163"},"potentialAction":[{"@type":"SearchAction","target":{"@type":"EntryPoint","urlTemplate":"https:\/\/nicogcasares.eu\/gl\/?s={search_term_string}"},"query-input":"required name=search_term_string"}],"inLanguage":"gl-ES"},{"@type":["Person","Organization"],"@id":"https:\/\/nicogcasares.eu\/gl\/#\/schema\/person\/75361477143e596646d48598a3778163","name":"Nicol\u00e1s Gonz\u00e1lez Casares","image":{"@type":"ImageObject","inLanguage":"gl-ES","@id":"https:\/\/nicogcasares.eu\/gl\/#\/schema\/person\/image\/","url":"https:\/\/nicogcasares.eu\/wp-content\/uploads\/2021\/11\/20211006_EP-119139A_FMA_0895_RESIZED_S.jpg","contentUrl":"https:\/\/nicogcasares.eu\/wp-content\/uploads\/2021\/11\/20211006_EP-119139A_FMA_0895_RESIZED_S.jpg","width":639,"height":426,"caption":"Nicol\u00e1s Gonz\u00e1lez Casares"},"logo":{"@id":"https:\/\/nicogcasares.eu\/gl\/#\/schema\/person\/image\/"},"url":"https:\/\/nicogcasares.eu\/gl\/author\/nico\/"}]}},"_links":{"self":[{"href":"https:\/\/nicogcasares.eu\/gl\/wp-json\/wp\/v2\/posts\/4694"}],"collection":[{"href":"https:\/\/nicogcasares.eu\/gl\/wp-json\/wp\/v2\/posts"}],"about":[{"href":"https:\/\/nicogcasares.eu\/gl\/wp-json\/wp\/v2\/types\/post"}],"author":[{"embeddable":true,"href":"https:\/\/nicogcasares.eu\/gl\/wp-json\/wp\/v2\/users\/4"}],"replies":[{"embeddable":true,"href":"https:\/\/nicogcasares.eu\/gl\/wp-json\/wp\/v2\/comments?post=4694"}],"version-history":[{"count":1,"href":"https:\/\/nicogcasares.eu\/gl\/wp-json\/wp\/v2\/posts\/4694\/revisions"}],"predecessor-version":[{"id":4695,"href":"https:\/\/nicogcasares.eu\/gl\/wp-json\/wp\/v2\/posts\/4694\/revisions\/4695"}],"wp:featuredmedia":[{"embeddable":true,"href":"https:\/\/nicogcasares.eu\/gl\/wp-json\/wp\/v2\/media\/4686"}],"wp:attachment":[{"href":"https:\/\/nicogcasares.eu\/gl\/wp-json\/wp\/v2\/media?parent=4694"}],"wp:term":[{"taxonomy":"category","embeddable":true,"href":"https:\/\/nicogcasares.eu\/gl\/wp-json\/wp\/v2\/categories?post=4694"},{"taxonomy":"post_tag","embeddable":true,"href":"https:\/\/nicogcasares.eu\/gl\/wp-json\/wp\/v2\/tags?post=4694"}],"curies":[{"name":"wp","href":"https:\/\/api.w.org\/{rel}","templated":true}]}}