{"id":4938,"date":"2022-10-17T18:59:43","date_gmt":"2022-10-17T16:59:43","guid":{"rendered":"https:\/\/nicogcasares.eu\/?p=4938"},"modified":"2022-10-17T19:01:04","modified_gmt":"2022-10-17T17:01:04","slug":"nicolas-gonzalez-casares-participa-congreso-socialistas-democratas-europeos-berlin","status":"publish","type":"post","link":"https:\/\/nicogcasares.eu\/gl\/nicolas-gonzalez-casares-participa-congreso-socialistas-democratas-europeos-berlin\/","title":{"rendered":"O eurodeputado galego Nicol\u00e1s Gonz\u00e1lez Casares participa no Congreso dos Socialistas e Dem\u00f3cratas Europeos en Berl\u00edn"},"content":{"rendered":"\n<p class=\"has-text-align-left has-black-color has-text-color has-medium-font-size\"><strong>O representante socialista no Parlamento Europeo acude ao encontro dos socialistas europeos na capital alem\u00e1 no que participar\u00e1n Pedro S\u00e1nchez e Iratxe Garc\u00eda P\u00e9rez, entre outros<\/strong><\/p>\n\n\n\n<p class=\"has-text-align-left has-black-color has-text-color has-medium-font-size\">O eurodeputado galego do PSdeG, <strong>Nicol\u00e1s Gonz\u00e1lez Casares<\/strong>, participa dende o xoves d\u00eda 13 ata o s\u00e1bado 15 como delegado no Congreso dos socialistas europeos, no que tam\u00e9n intervir\u00e1n o presidente do goberno, Pedro S\u00e1nchez, e a portavoz do Grupo de S&amp;D no Parlamento Europeo, Iratxe Garc\u00eda P\u00e9rez. O encontro estar\u00e1 centrado nos \u00e1mbitos da seguridade europea e da crise enerx\u00e9tica ante a guerra de Ucra\u00edna. <\/p>\n\n\n\n<p class=\"has-text-align-left has-black-color has-text-color has-medium-font-size\">Esta semana, entre o xoves 13 e o s\u00e1bado 15 de outubro, cel\u00e9brase o<strong> Congreso dos Socialistas e Dem\u00f3cratas Europeos<\/strong>, que estar\u00e1 centrado en avanzar e propo\u00f1er soluci\u00f3ns nos campos da seguridade comunitaria e no da crise enerx\u00e9tica, ante a actual situaci\u00f3n de incerteza derivada da guerra de Ucra\u00edna. <\/p>\n\n\n\n<p class=\"has-text-align-left has-black-color has-text-color has-medium-font-size\">Neste encontro participar\u00e1 como delegado dos socialistas espa\u00f1ois, o europarlamentario galego e secretario de UE do PSdeG, Nicol\u00e1s Gonz\u00e1lez Casares. O natural de Lal\u00edn levar\u00e1 ao Congreso dos socialistas europeos as principais preocupaci\u00f3ns de Galicia con respecto \u00e1 actividade comunitaria, como o actual veto \u00e1 pesca de fondo da Comisi\u00f3n Europea. <\/p>\n\n\n\n<p class=\"has-text-align-left has-black-color has-text-color has-medium-font-size\">Non ser\u00e1 a \u00fanica representaci\u00f3n do PSOE neste evento tam\u00e9n acudir\u00e1n a portavoz do grupo socialista europeo, Iratxe Garc\u00eda P\u00e9rez, o portavoz no Congreso dos Deputados, Patxi L\u00f3pez, o deputado socialista Antidio Fag\u00fandez ou o membro da executiva Federal do PSOE, Javier Izquierdo, entre outros membros destacados da delegaci\u00f3n socialista. <\/p>\n\n\n\n<p class=\"has-text-align-left has-black-color has-text-color has-medium-font-size\">Neste importante evento participar\u00e1n distintos, presidentes de goberno, primeiros ministros e xefes de estado europeo, entre os cales podemos destacar o presidente do goberno de Espa\u00f1a, Pedro S\u00e1nchez, a primeira ministra finesa, Sanna Marin, ou o chanceler alem\u00e1n, Olaf Scholz.<\/p>\n\n\n\n<p class=\"has-text-align-left has-black-color has-text-color has-medium-font-size\"> <\/p>\n","protected":false},"excerpt":{"rendered":"<p>O representante socialista no Parlamento Europeo acude ao encontro dos socialistas europeos na capital alem\u00e1 no que participar\u00e1n Pedro S\u00e1nchez e Iratxe Garc\u00eda P\u00e9rez, entre outros<\/p>\n","protected":false},"author":4,"featured_media":4933,"comment_status":"closed","ping_status":"closed","sticky":false,"template":"","format":"standard","meta":{"footnotes":""},"categories":[2,34,20,32],"tags":[355,80,73],"yoast_head":"<!-- This site is optimized with the Yoast SEO plugin v22.3 - https:\/\/yoast.com\/wordpress\/plugins\/seo\/ -->\n<title>O eurodeputado galego Nicol\u00e1s Gonz\u00e1lez Casares participa no Congreso dos Socialistas e Dem\u00f3cratas Europeos en Berl\u00edn - Nico G. Casares %<\/title>\n<meta name=\"description\" content=\"O eurodeputado galego Nicol\u00e1s Gonz\u00e1lez Casares participa no Congreso dos Socialistas e Dem\u00f3cratas Europeos en Berl\u00edn\" \/>\n<meta name=\"robots\" content=\"index, follow, max-snippet:-1, max-image-preview:large, max-video-preview:-1\" \/>\n<link rel=\"canonical\" href=\"https:\/\/nicogcasares.eu\/gl\/nicolas-gonzalez-casares-participa-congreso-socialistas-democratas-europeos-berlin\/\" \/>\n<meta property=\"og:locale\" content=\"gl_ES\" \/>\n<meta property=\"og:type\" content=\"article\" \/>\n<meta property=\"og:title\" content=\"O eurodeputado galego Nicol\u00e1s Gonz\u00e1lez Casares participa no Congreso dos Socialistas e Dem\u00f3cratas Europeos en Berl\u00edn\" \/>\n<meta property=\"og:description\" content=\"O representante socialista no Parlamento Europeo acude ao encontro dos socialistas europeos na capital alem\u00e1 no que participar\u00e1n Pedro S\u00e1nchez e Iratxe Garc\u00eda P\u00e9rez, entre outros\" \/>\n<meta property=\"og:url\" content=\"https:\/\/nicogcasares.eu\/gl\/nicolas-gonzalez-casares-participa-congreso-socialistas-democratas-europeos-berlin\/\" \/>\n<meta property=\"og:site_name\" content=\"Nico G. Casares\" \/>\n<meta property=\"article:published_time\" content=\"2022-10-17T16:59:43+00:00\" \/>\n<meta property=\"article:modified_time\" content=\"2022-10-17T17:01:04+00:00\" \/>\n<meta property=\"og:image\" content=\"https:\/\/nicogcasares.eu\/wp-content\/uploads\/2022\/10\/Congreso-de-los-Socialistas-y-Democratas-Europeo-en-Berlin.jpg\" \/>\n\t<meta property=\"og:image:width\" content=\"647\" \/>\n\t<meta property=\"og:image:height\" content=\"767\" \/>\n\t<meta property=\"og:image:type\" content=\"image\/jpeg\" \/>\n<meta name=\"author\" content=\"Nicol\u00e1s Gonz\u00e1lez Casares\" \/>\n<meta name=\"twitter:card\" content=\"summary_large_image\" \/>\n<meta name=\"twitter:title\" content=\"O eurodeputado galego Nicol\u00e1s Gonz\u00e1lez Casares participa no Congreso dos Socialistas e Dem\u00f3cratas Europeos en Berl\u00edn\" \/>\n<meta name=\"twitter:description\" content=\"O representante socialista no Parlamento Europeo acude ao encontro dos socialistas europeos na capital alem\u00e1 no que participar\u00e1n Pedro S\u00e1nchez e Iratxe Garc\u00eda P\u00e9rez, entre outros\" \/>\n<meta name=\"twitter:image\" content=\"https:\/\/nicogcasares.eu\/wp-content\/uploads\/2022\/10\/Congreso-de-los-Socialistas-y-Democratas-Europeo-en-Berlin.jpg\" \/>\n<meta name=\"twitter:creator\" content=\"@nicogoncas\" \/>\n<meta name=\"twitter:site\" content=\"@nicogoncas\" \/>\n<meta name=\"twitter:label1\" content=\"Escrito por\" \/>\n\t<meta name=\"twitter:data1\" content=\"Nicol\u00e1s Gonz\u00e1lez Casares\" \/>\n\t<meta name=\"twitter:label2\" content=\"Tempo de lectura\" \/>\n\t<meta name=\"twitter:data2\" content=\"2 minutos\" \/>\n<script type=\"application\/ld+json\" class=\"yoast-schema-graph\">{\"@context\":\"https:\/\/schema.org\",\"@graph\":[{\"@type\":\"Article\",\"@id\":\"https:\/\/nicogcasares.eu\/gl\/nicolas-gonzalez-casares-participa-congreso-socialistas-democratas-europeos-berlin\/#article\",\"isPartOf\":{\"@id\":\"https:\/\/nicogcasares.eu\/gl\/nicolas-gonzalez-casares-participa-congreso-socialistas-democratas-europeos-berlin\/\"},\"author\":{\"name\":\"Nicol\u00e1s Gonz\u00e1lez Casares\",\"@id\":\"https:\/\/nicogcasares.eu\/gl\/#\/schema\/person\/75361477143e596646d48598a3778163\"},\"headline\":\"O eurodeputado galego Nicol\u00e1s Gonz\u00e1lez Casares participa no Congreso dos Socialistas e Dem\u00f3cratas Europeos en Berl\u00edn\",\"datePublished\":\"2022-10-17T16:59:43+00:00\",\"dateModified\":\"2022-10-17T17:01:04+00:00\",\"mainEntityOfPage\":{\"@id\":\"https:\/\/nicogcasares.eu\/gl\/nicolas-gonzalez-casares-participa-congreso-socialistas-democratas-europeos-berlin\/\"},\"wordCount\":339,\"publisher\":{\"@id\":\"https:\/\/nicogcasares.eu\/gl\/#\/schema\/person\/75361477143e596646d48598a3778163\"},\"image\":{\"@id\":\"https:\/\/nicogcasares.eu\/gl\/nicolas-gonzalez-casares-participa-congreso-socialistas-democratas-europeos-berlin\/#primaryimage\"},\"thumbnailUrl\":\"https:\/\/nicogcasares.eu\/wp-content\/uploads\/2022\/10\/Congreso-de-los-Socialistas-y-Democratas-Europeo-en-Berlin.jpg\",\"keywords\":[\"Nicol\u00e1s Gonz\u00e1lez Casares\",\"Parlamento Europeo\",\"Uni\u00f3n Europea\"],\"articleSection\":[\"Actividad\",\"Actividade\",\"Noticias\",\"Novas\"],\"inLanguage\":\"gl-ES\"},{\"@type\":\"WebPage\",\"@id\":\"https:\/\/nicogcasares.eu\/gl\/nicolas-gonzalez-casares-participa-congreso-socialistas-democratas-europeos-berlin\/\",\"url\":\"https:\/\/nicogcasares.eu\/gl\/nicolas-gonzalez-casares-participa-congreso-socialistas-democratas-europeos-berlin\/\",\"name\":\"O eurodeputado galego Nicol\u00e1s Gonz\u00e1lez Casares participa no Congreso dos Socialistas e Dem\u00f3cratas Europeos en Berl\u00edn - Nico G. Casares %\",\"isPartOf\":{\"@id\":\"https:\/\/nicogcasares.eu\/gl\/#website\"},\"primaryImageOfPage\":{\"@id\":\"https:\/\/nicogcasares.eu\/gl\/nicolas-gonzalez-casares-participa-congreso-socialistas-democratas-europeos-berlin\/#primaryimage\"},\"image\":{\"@id\":\"https:\/\/nicogcasares.eu\/gl\/nicolas-gonzalez-casares-participa-congreso-socialistas-democratas-europeos-berlin\/#primaryimage\"},\"thumbnailUrl\":\"https:\/\/nicogcasares.eu\/wp-content\/uploads\/2022\/10\/Congreso-de-los-Socialistas-y-Democratas-Europeo-en-Berlin.jpg\",\"datePublished\":\"2022-10-17T16:59:43+00:00\",\"dateModified\":\"2022-10-17T17:01:04+00:00\",\"description\":\"O eurodeputado galego Nicol\u00e1s Gonz\u00e1lez Casares participa no Congreso dos Socialistas e Dem\u00f3cratas Europeos en Berl\u00edn\",\"breadcrumb\":{\"@id\":\"https:\/\/nicogcasares.eu\/gl\/nicolas-gonzalez-casares-participa-congreso-socialistas-democratas-europeos-berlin\/#breadcrumb\"},\"inLanguage\":\"gl-ES\",\"potentialAction\":[{\"@type\":\"ReadAction\",\"target\":[\"https:\/\/nicogcasares.eu\/gl\/nicolas-gonzalez-casares-participa-congreso-socialistas-democratas-europeos-berlin\/\"]}]},{\"@type\":\"ImageObject\",\"inLanguage\":\"gl-ES\",\"@id\":\"https:\/\/nicogcasares.eu\/gl\/nicolas-gonzalez-casares-participa-congreso-socialistas-democratas-europeos-berlin\/#primaryimage\",\"url\":\"https:\/\/nicogcasares.eu\/wp-content\/uploads\/2022\/10\/Congreso-de-los-Socialistas-y-Democratas-Europeo-en-Berlin.jpg\",\"contentUrl\":\"https:\/\/nicogcasares.eu\/wp-content\/uploads\/2022\/10\/Congreso-de-los-Socialistas-y-Democratas-Europeo-en-Berlin.jpg\",\"width\":647,\"height\":767},{\"@type\":\"BreadcrumbList\",\"@id\":\"https:\/\/nicogcasares.eu\/gl\/nicolas-gonzalez-casares-participa-congreso-socialistas-democratas-europeos-berlin\/#breadcrumb\",\"itemListElement\":[{\"@type\":\"ListItem\",\"position\":1,\"name\":\"Portada\",\"item\":\"https:\/\/nicogcasares.eu\/gl\/\"},{\"@type\":\"ListItem\",\"position\":2,\"name\":\"O eurodeputado galego Nicol\u00e1s Gonz\u00e1lez Casares participa no Congreso dos Socialistas e Dem\u00f3cratas Europeos en Berl\u00edn\"}]},{\"@type\":\"WebSite\",\"@id\":\"https:\/\/nicogcasares.eu\/gl\/#website\",\"url\":\"https:\/\/nicogcasares.eu\/gl\/\",\"name\":\"Nico G. Casares\",\"description\":\"Diputado socialista en el parlamento europeo\",\"publisher\":{\"@id\":\"https:\/\/nicogcasares.eu\/gl\/#\/schema\/person\/75361477143e596646d48598a3778163\"},\"potentialAction\":[{\"@type\":\"SearchAction\",\"target\":{\"@type\":\"EntryPoint\",\"urlTemplate\":\"https:\/\/nicogcasares.eu\/gl\/?s={search_term_string}\"},\"query-input\":\"required name=search_term_string\"}],\"inLanguage\":\"gl-ES\"},{\"@type\":[\"Person\",\"Organization\"],\"@id\":\"https:\/\/nicogcasares.eu\/gl\/#\/schema\/person\/75361477143e596646d48598a3778163\",\"name\":\"Nicol\u00e1s Gonz\u00e1lez Casares\",\"image\":{\"@type\":\"ImageObject\",\"inLanguage\":\"gl-ES\",\"@id\":\"https:\/\/nicogcasares.eu\/gl\/#\/schema\/person\/image\/\",\"url\":\"https:\/\/nicogcasares.eu\/wp-content\/uploads\/2021\/11\/20211006_EP-119139A_FMA_0895_RESIZED_S.jpg\",\"contentUrl\":\"https:\/\/nicogcasares.eu\/wp-content\/uploads\/2021\/11\/20211006_EP-119139A_FMA_0895_RESIZED_S.jpg\",\"width\":639,\"height\":426,\"caption\":\"Nicol\u00e1s Gonz\u00e1lez Casares\"},\"logo\":{\"@id\":\"https:\/\/nicogcasares.eu\/gl\/#\/schema\/person\/image\/\"},\"url\":\"https:\/\/nicogcasares.eu\/gl\/author\/nico\/\"}]}<\/script>\n<!-- \/ Yoast SEO plugin. -->","yoast_head_json":{"title":"O eurodeputado galego Nicol\u00e1s Gonz\u00e1lez Casares participa no Congreso dos Socialistas e Dem\u00f3cratas Europeos en Berl\u00edn - Nico G. Casares %","description":"O eurodeputado galego Nicol\u00e1s Gonz\u00e1lez Casares participa no Congreso dos Socialistas e Dem\u00f3cratas Europeos en Berl\u00edn","robots":{"index":"index","follow":"follow","max-snippet":"max-snippet:-1","max-image-preview":"max-image-preview:large","max-video-preview":"max-video-preview:-1"},"canonical":"https:\/\/nicogcasares.eu\/gl\/nicolas-gonzalez-casares-participa-congreso-socialistas-democratas-europeos-berlin\/","og_locale":"gl_ES","og_type":"article","og_title":"O eurodeputado galego Nicol\u00e1s Gonz\u00e1lez Casares participa no Congreso dos Socialistas e Dem\u00f3cratas Europeos en Berl\u00edn","og_description":"O representante socialista no Parlamento Europeo acude ao encontro dos socialistas europeos na capital alem\u00e1 no que participar\u00e1n Pedro S\u00e1nchez e Iratxe Garc\u00eda P\u00e9rez, entre outros","og_url":"https:\/\/nicogcasares.eu\/gl\/nicolas-gonzalez-casares-participa-congreso-socialistas-democratas-europeos-berlin\/","og_site_name":"Nico G. Casares","article_published_time":"2022-10-17T16:59:43+00:00","article_modified_time":"2022-10-17T17:01:04+00:00","og_image":[{"width":647,"height":767,"url":"https:\/\/nicogcasares.eu\/wp-content\/uploads\/2022\/10\/Congreso-de-los-Socialistas-y-Democratas-Europeo-en-Berlin.jpg","type":"image\/jpeg"}],"author":"Nicol\u00e1s Gonz\u00e1lez Casares","twitter_card":"summary_large_image","twitter_title":"O eurodeputado galego Nicol\u00e1s Gonz\u00e1lez Casares participa no Congreso dos Socialistas e Dem\u00f3cratas Europeos en Berl\u00edn","twitter_description":"O representante socialista no Parlamento Europeo acude ao encontro dos socialistas europeos na capital alem\u00e1 no que participar\u00e1n Pedro S\u00e1nchez e Iratxe Garc\u00eda P\u00e9rez, entre outros","twitter_image":"https:\/\/nicogcasares.eu\/wp-content\/uploads\/2022\/10\/Congreso-de-los-Socialistas-y-Democratas-Europeo-en-Berlin.jpg","twitter_creator":"@nicogoncas","twitter_site":"@nicogoncas","twitter_misc":{"Escrito por":"Nicol\u00e1s Gonz\u00e1lez Casares","Tempo de lectura":"2 minutos"},"schema":{"@context":"https:\/\/schema.org","@graph":[{"@type":"Article","@id":"https:\/\/nicogcasares.eu\/gl\/nicolas-gonzalez-casares-participa-congreso-socialistas-democratas-europeos-berlin\/#article","isPartOf":{"@id":"https:\/\/nicogcasares.eu\/gl\/nicolas-gonzalez-casares-participa-congreso-socialistas-democratas-europeos-berlin\/"},"author":{"name":"Nicol\u00e1s Gonz\u00e1lez Casares","@id":"https:\/\/nicogcasares.eu\/gl\/#\/schema\/person\/75361477143e596646d48598a3778163"},"headline":"O eurodeputado galego Nicol\u00e1s Gonz\u00e1lez Casares participa no Congreso dos Socialistas e Dem\u00f3cratas Europeos en Berl\u00edn","datePublished":"2022-10-17T16:59:43+00:00","dateModified":"2022-10-17T17:01:04+00:00","mainEntityOfPage":{"@id":"https:\/\/nicogcasares.eu\/gl\/nicolas-gonzalez-casares-participa-congreso-socialistas-democratas-europeos-berlin\/"},"wordCount":339,"publisher":{"@id":"https:\/\/nicogcasares.eu\/gl\/#\/schema\/person\/75361477143e596646d48598a3778163"},"image":{"@id":"https:\/\/nicogcasares.eu\/gl\/nicolas-gonzalez-casares-participa-congreso-socialistas-democratas-europeos-berlin\/#primaryimage"},"thumbnailUrl":"https:\/\/nicogcasares.eu\/wp-content\/uploads\/2022\/10\/Congreso-de-los-Socialistas-y-Democratas-Europeo-en-Berlin.jpg","keywords":["Nicol\u00e1s Gonz\u00e1lez Casares","Parlamento Europeo","Uni\u00f3n Europea"],"articleSection":["Actividad","Actividade","Noticias","Novas"],"inLanguage":"gl-ES"},{"@type":"WebPage","@id":"https:\/\/nicogcasares.eu\/gl\/nicolas-gonzalez-casares-participa-congreso-socialistas-democratas-europeos-berlin\/","url":"https:\/\/nicogcasares.eu\/gl\/nicolas-gonzalez-casares-participa-congreso-socialistas-democratas-europeos-berlin\/","name":"O eurodeputado galego Nicol\u00e1s Gonz\u00e1lez Casares participa no Congreso dos Socialistas e Dem\u00f3cratas Europeos en Berl\u00edn - Nico G. Casares %","isPartOf":{"@id":"https:\/\/nicogcasares.eu\/gl\/#website"},"primaryImageOfPage":{"@id":"https:\/\/nicogcasares.eu\/gl\/nicolas-gonzalez-casares-participa-congreso-socialistas-democratas-europeos-berlin\/#primaryimage"},"image":{"@id":"https:\/\/nicogcasares.eu\/gl\/nicolas-gonzalez-casares-participa-congreso-socialistas-democratas-europeos-berlin\/#primaryimage"},"thumbnailUrl":"https:\/\/nicogcasares.eu\/wp-content\/uploads\/2022\/10\/Congreso-de-los-Socialistas-y-Democratas-Europeo-en-Berlin.jpg","datePublished":"2022-10-17T16:59:43+00:00","dateModified":"2022-10-17T17:01:04+00:00","description":"O eurodeputado galego Nicol\u00e1s Gonz\u00e1lez Casares participa no Congreso dos Socialistas e Dem\u00f3cratas Europeos en Berl\u00edn","breadcrumb":{"@id":"https:\/\/nicogcasares.eu\/gl\/nicolas-gonzalez-casares-participa-congreso-socialistas-democratas-europeos-berlin\/#breadcrumb"},"inLanguage":"gl-ES","potentialAction":[{"@type":"ReadAction","target":["https:\/\/nicogcasares.eu\/gl\/nicolas-gonzalez-casares-participa-congreso-socialistas-democratas-europeos-berlin\/"]}]},{"@type":"ImageObject","inLanguage":"gl-ES","@id":"https:\/\/nicogcasares.eu\/gl\/nicolas-gonzalez-casares-participa-congreso-socialistas-democratas-europeos-berlin\/#primaryimage","url":"https:\/\/nicogcasares.eu\/wp-content\/uploads\/2022\/10\/Congreso-de-los-Socialistas-y-Democratas-Europeo-en-Berlin.jpg","contentUrl":"https:\/\/nicogcasares.eu\/wp-content\/uploads\/2022\/10\/Congreso-de-los-Socialistas-y-Democratas-Europeo-en-Berlin.jpg","width":647,"height":767},{"@type":"BreadcrumbList","@id":"https:\/\/nicogcasares.eu\/gl\/nicolas-gonzalez-casares-participa-congreso-socialistas-democratas-europeos-berlin\/#breadcrumb","itemListElement":[{"@type":"ListItem","position":1,"name":"Portada","item":"https:\/\/nicogcasares.eu\/gl\/"},{"@type":"ListItem","position":2,"name":"O eurodeputado galego Nicol\u00e1s Gonz\u00e1lez Casares participa no Congreso dos Socialistas e Dem\u00f3cratas Europeos en Berl\u00edn"}]},{"@type":"WebSite","@id":"https:\/\/nicogcasares.eu\/gl\/#website","url":"https:\/\/nicogcasares.eu\/gl\/","name":"Nico G. Casares","description":"Diputado socialista en el parlamento europeo","publisher":{"@id":"https:\/\/nicogcasares.eu\/gl\/#\/schema\/person\/75361477143e596646d48598a3778163"},"potentialAction":[{"@type":"SearchAction","target":{"@type":"EntryPoint","urlTemplate":"https:\/\/nicogcasares.eu\/gl\/?s={search_term_string}"},"query-input":"required name=search_term_string"}],"inLanguage":"gl-ES"},{"@type":["Person","Organization"],"@id":"https:\/\/nicogcasares.eu\/gl\/#\/schema\/person\/75361477143e596646d48598a3778163","name":"Nicol\u00e1s Gonz\u00e1lez Casares","image":{"@type":"ImageObject","inLanguage":"gl-ES","@id":"https:\/\/nicogcasares.eu\/gl\/#\/schema\/person\/image\/","url":"https:\/\/nicogcasares.eu\/wp-content\/uploads\/2021\/11\/20211006_EP-119139A_FMA_0895_RESIZED_S.jpg","contentUrl":"https:\/\/nicogcasares.eu\/wp-content\/uploads\/2021\/11\/20211006_EP-119139A_FMA_0895_RESIZED_S.jpg","width":639,"height":426,"caption":"Nicol\u00e1s Gonz\u00e1lez Casares"},"logo":{"@id":"https:\/\/nicogcasares.eu\/gl\/#\/schema\/person\/image\/"},"url":"https:\/\/nicogcasares.eu\/gl\/author\/nico\/"}]}},"_links":{"self":[{"href":"https:\/\/nicogcasares.eu\/gl\/wp-json\/wp\/v2\/posts\/4938"}],"collection":[{"href":"https:\/\/nicogcasares.eu\/gl\/wp-json\/wp\/v2\/posts"}],"about":[{"href":"https:\/\/nicogcasares.eu\/gl\/wp-json\/wp\/v2\/types\/post"}],"author":[{"embeddable":true,"href":"https:\/\/nicogcasares.eu\/gl\/wp-json\/wp\/v2\/users\/4"}],"replies":[{"embeddable":true,"href":"https:\/\/nicogcasares.eu\/gl\/wp-json\/wp\/v2\/comments?post=4938"}],"version-history":[{"count":1,"href":"https:\/\/nicogcasares.eu\/gl\/wp-json\/wp\/v2\/posts\/4938\/revisions"}],"predecessor-version":[{"id":4939,"href":"https:\/\/nicogcasares.eu\/gl\/wp-json\/wp\/v2\/posts\/4938\/revisions\/4939"}],"wp:featuredmedia":[{"embeddable":true,"href":"https:\/\/nicogcasares.eu\/gl\/wp-json\/wp\/v2\/media\/4933"}],"wp:attachment":[{"href":"https:\/\/nicogcasares.eu\/gl\/wp-json\/wp\/v2\/media?parent=4938"}],"wp:term":[{"taxonomy":"category","embeddable":true,"href":"https:\/\/nicogcasares.eu\/gl\/wp-json\/wp\/v2\/categories?post=4938"},{"taxonomy":"post_tag","embeddable":true,"href":"https:\/\/nicogcasares.eu\/gl\/wp-json\/wp\/v2\/tags?post=4938"}],"curies":[{"name":"wp","href":"https:\/\/api.w.org\/{rel}","templated":true}]}}