{"id":4979,"date":"2022-10-20T15:35:10","date_gmt":"2022-10-20T13:35:10","guid":{"rendered":"https:\/\/nicogcasares.eu\/?p=4979"},"modified":"2022-10-20T15:37:04","modified_gmt":"2022-10-20T13:37:04","slug":"casares-prohibicion-pesca-fondo-pescadores-non-queren-subvencions-nin-indemnizacions","status":"publish","type":"post","link":"https:\/\/nicogcasares.eu\/gl\/casares-prohibicion-pesca-fondo-pescadores-non-queren-subvencions-nin-indemnizacions\/","title":{"rendered":"Casares, respecto da prohibici\u00f3n \u00e1 pesca de fondo: &#8220;Os pescadores non queren subvenci\u00f3ns nin indemnizaci\u00f3ns, o que queren \u00e9 sa\u00edr a pescar&#8221;"},"content":{"rendered":"\n<p class=\"has-text-align-left has-black-color has-text-color has-medium-font-size\"><strong>O eurodeputado socialista insiste no potencial do sector pesqueiro galego e es\u00edxelle \u00e1 Comisi\u00f3n Europea que suspenda a prohibici\u00f3n e volva avaliar o Regulamento de augas profundas<\/strong><\/p>\n\n\n\n<p class=\"has-text-align-left has-black-color has-text-color has-medium-font-size\">O <strong>Regulamento de augas profundas<\/strong>, que entrou en vigor o pasado 9 de outubro e polo que se <strong>prohibe a pesca de fondo<\/strong> en 87 zonas distribu\u00eddas entre Espa\u00f1a, Francia, Irlanda e Portugal, volveu a dar o presente na sesi\u00f3n plenaria do Parlamento Europeo deste xoves. Os <strong>europarlamentarios socialistas<\/strong> esix\u00edronlle, de novo, \u00e1 Comisi\u00f3n Europea que <strong>suspenda a execuci\u00f3n <\/strong>do mencionado regulamento ao impactar negativamente nas comunidades costeiras, estreitamente vinculadas \u00e1 pesca. <\/p>\n\n\n\n<p class=\"has-text-align-left has-black-color has-text-color has-medium-font-size\">O eurodeputado galego <strong>Nicol\u00e1s Gonz\u00e1lez Casares<\/strong>, membro suplente da Comisi\u00f3n de Pesca, referiuse ao sector pesqueiro de Galicia como \u201co m\u00e1is potente da Uni\u00f3n Europea\u201d e pediu \u201crespecto pola pesca e <strong>pola xente do mar que se est\u00e1 vendo agredida polas decisi\u00f3ns<\/strong> da Comisi\u00f3n Europea\u201d adoptadas \u201csen verdadeiro peso cient\u00edfico\u201d. Casares sinalou <strong>\u201co dano socioecon\u00f3mico\u201d<\/strong> que implica a aplicaci\u00f3n do regulamento e criticou que se lle achaque aos Estados membros a responsabilidade de paliar estes prexu\u00edzos coas axudas do Fondo Europeo Mar\u00edtimo de Pesca e Acuicultura (FEMPA). <strong>\u201cOs pescadores non queren subvenci\u00f3ns nin indemnizaci\u00f3ns, o que queren \u00e9 sa\u00edr a pescar\u201d<\/strong>, subli\u00f1ou. <\/p>\n\n\n\n<p class=\"has-text-align-left has-black-color has-text-color has-medium-font-size\">O socialista esixiulle ao <strong>comisario de Medio Ambiente, Oc\u00e9anos e Pesca, Virginijus Sinkevi\u010dius<\/strong>, que suspenda o regulamento e o volva avaliar ante un panorama que se presenta \u201cinsostible para a xente da pesca\u201d. \u201cA autonom\u00eda estrat\u00e9xica, <strong>os produtos sans, saudables e peixes nos mares sostibles europeos<\/strong>\u201d, defendeu Nicol\u00e1s Gonz\u00e1lez, debe ser a aposta da UE e non esa incipiente apertura a uns \u201cprodutos pesqueiros e unha importaci\u00f3n menos sostible\u201d. <\/p>\n\n\n\n<p class=\"has-text-align-left has-black-color has-text-color has-medium-font-size\"><strong>\u201cFomos ficando s\u00f3s \/ o mar o barco e m\u00e1is n\u00f3s&#8221;<\/strong>, con estes versos do poeta de Rianxo Manuel Antonio, Casares remataba a s\u00faa intervenci\u00f3n na Euroc\u00e1mara, alertando da soidade que poden sentir \u201cos nosos pescadores, a nosa xente do mar\u201d se non se paraliza este regulamento e se adoptan medidas que protexan e impulsen ao sector pesqueiro.<\/p>\n\n\n\n<figure class=\"wp-block-embed is-type-video is-provider-youtube wp-block-embed-youtube wp-embed-aspect-16-9 wp-has-aspect-ratio\"><div class=\"wp-block-embed__wrapper\">\n<iframe title=\"\u201cOs pescadores non queren subvenci\u00f3ns nin indemnizaci\u00f3ns, o que queren \u00e9 sa\u00edr a pescar\u201d\" width=\"960\" height=\"540\" src=\"https:\/\/www.youtube.com\/embed\/O3ZHJe6Wljs?feature=oembed\" frameborder=\"0\" allow=\"accelerometer; autoplay; clipboard-write; encrypted-media; gyroscope; picture-in-picture; web-share\" referrerpolicy=\"strict-origin-when-cross-origin\" allowfullscreen><\/iframe>\n<\/div><\/figure>\n","protected":false},"excerpt":{"rendered":"<p>O eurodeputado socialista insiste no potencial do sector pesqueiro galego e es\u00edxelle \u00e1 Comisi\u00f3n Europea que suspenda a prohibici\u00f3n e volva avaliar o Regulamento de augas profundas<\/p>\n","protected":false},"author":4,"featured_media":3813,"comment_status":"closed","ping_status":"closed","sticky":true,"template":"","format":"standard","meta":{"footnotes":""},"categories":[2,34,20,32,22,40],"tags":[357,99],"yoast_head":"<!-- This site is optimized with the Yoast SEO plugin v22.3 - https:\/\/yoast.com\/wordpress\/plugins\/seo\/ -->\n<title>Casares, respecto da prohibici\u00f3n \u00e1 pesca de fondo: &quot;Os pescadores non queren subvenci\u00f3ns nin indemnizaci\u00f3ns, o que queren \u00e9 sa\u00edr a pescar&quot; - Nico G. Casares %<\/title>\n<meta name=\"description\" content=\"Casares, respecto da prohibici\u00f3n \u00e1 pesca de fondo: &quot;Os pescadores non queren subvenci\u00f3ns nin indemnizaci\u00f3ns, o que queren \u00e9 sa\u00edr a pescar&quot;\" \/>\n<meta name=\"robots\" content=\"index, follow, max-snippet:-1, max-image-preview:large, max-video-preview:-1\" \/>\n<link rel=\"canonical\" href=\"https:\/\/nicogcasares.eu\/gl\/casares-prohibicion-pesca-fondo-pescadores-non-queren-subvencions-nin-indemnizacions\/\" \/>\n<meta property=\"og:locale\" content=\"gl_ES\" \/>\n<meta property=\"og:type\" content=\"article\" \/>\n<meta property=\"og:title\" content=\"Casares, respecto da prohibici\u00f3n \u00e1 pesca de fondo: &quot;Os pescadores non queren subvenci\u00f3ns nin indemnizaci\u00f3ns, o que queren \u00e9 sa\u00edr a pescar&quot;\" \/>\n<meta property=\"og:description\" content=\"O eurodeputado socialista insiste no potencial do sector pesqueiro galego e es\u00edxelle \u00e1 Comisi\u00f3n Europea que suspenda a prohibici\u00f3n e volva avaliar o Regulamento de augas profundas\" \/>\n<meta property=\"og:url\" content=\"https:\/\/nicogcasares.eu\/gl\/casares-prohibicion-pesca-fondo-pescadores-non-queren-subvencions-nin-indemnizacions\/\" \/>\n<meta property=\"og:site_name\" content=\"Nico G. Casares\" \/>\n<meta property=\"article:published_time\" content=\"2022-10-20T13:35:10+00:00\" \/>\n<meta property=\"article:modified_time\" content=\"2022-10-20T13:37:04+00:00\" \/>\n<meta property=\"og:image\" content=\"https:\/\/nicogcasares.eu\/wp-content\/uploads\/2021\/11\/20211006_EP-119139A_FMA_0895_RESIZED_S.jpg\" \/>\n\t<meta property=\"og:image:width\" content=\"639\" \/>\n\t<meta property=\"og:image:height\" content=\"426\" \/>\n\t<meta property=\"og:image:type\" content=\"image\/jpeg\" \/>\n<meta name=\"author\" content=\"Nicol\u00e1s Gonz\u00e1lez Casares\" \/>\n<meta name=\"twitter:card\" content=\"summary_large_image\" \/>\n<meta name=\"twitter:title\" content=\"Casares, respecto da prohibici\u00f3n \u00e1 pesca de fondo: &quot;Os pescadores non queren subvenci\u00f3ns nin indemnizaci\u00f3ns, o que queren \u00e9 sa\u00edr a pescar&quot;\" \/>\n<meta name=\"twitter:description\" content=\"O eurodeputado socialista insiste no potencial do sector pesqueiro galego e es\u00edxelle \u00e1 Comisi\u00f3n Europea que suspenda a prohibici\u00f3n e volva avaliar o Regulamento de augas profundas\" \/>\n<meta name=\"twitter:image\" content=\"https:\/\/nicogcasares.eu\/wp-content\/uploads\/2021\/11\/20211006_EP-119139A_FMA_0895_RESIZED_S.jpg\" \/>\n<meta name=\"twitter:creator\" content=\"@nicogoncas\" \/>\n<meta name=\"twitter:site\" content=\"@nicogoncas\" \/>\n<meta name=\"twitter:label1\" content=\"Escrito por\" \/>\n\t<meta name=\"twitter:data1\" content=\"Nicol\u00e1s Gonz\u00e1lez Casares\" \/>\n\t<meta name=\"twitter:label2\" content=\"Tempo de lectura\" \/>\n\t<meta name=\"twitter:data2\" content=\"2 minutos\" \/>\n<script type=\"application\/ld+json\" class=\"yoast-schema-graph\">{\"@context\":\"https:\/\/schema.org\",\"@graph\":[{\"@type\":\"Article\",\"@id\":\"https:\/\/nicogcasares.eu\/gl\/casares-prohibicion-pesca-fondo-pescadores-non-queren-subvencions-nin-indemnizacions\/#article\",\"isPartOf\":{\"@id\":\"https:\/\/nicogcasares.eu\/gl\/casares-prohibicion-pesca-fondo-pescadores-non-queren-subvencions-nin-indemnizacions\/\"},\"author\":{\"name\":\"Nicol\u00e1s Gonz\u00e1lez Casares\",\"@id\":\"https:\/\/nicogcasares.eu\/gl\/#\/schema\/person\/75361477143e596646d48598a3778163\"},\"headline\":\"Casares, respecto da prohibici\u00f3n \u00e1 pesca de fondo: &#8220;Os pescadores non queren subvenci\u00f3ns nin indemnizaci\u00f3ns, o que queren \u00e9 sa\u00edr a pescar&#8221;\",\"datePublished\":\"2022-10-20T13:35:10+00:00\",\"dateModified\":\"2022-10-20T13:37:04+00:00\",\"mainEntityOfPage\":{\"@id\":\"https:\/\/nicogcasares.eu\/gl\/casares-prohibicion-pesca-fondo-pescadores-non-queren-subvencions-nin-indemnizacions\/\"},\"wordCount\":392,\"publisher\":{\"@id\":\"https:\/\/nicogcasares.eu\/gl\/#\/schema\/person\/75361477143e596646d48598a3778163\"},\"image\":{\"@id\":\"https:\/\/nicogcasares.eu\/gl\/casares-prohibicion-pesca-fondo-pescadores-non-queren-subvencions-nin-indemnizacions\/#primaryimage\"},\"thumbnailUrl\":\"https:\/\/nicogcasares.eu\/wp-content\/uploads\/2021\/11\/20211006_EP-119139A_FMA_0895_RESIZED_S.jpg\",\"keywords\":[\"Nicol\u00e1s Gonz\u00e1lez Casares\",\"pesca\"],\"articleSection\":[\"Actividad\",\"Actividade\",\"Noticias\",\"Novas\",\"Pesca\",\"Pesca\"],\"inLanguage\":\"gl-ES\"},{\"@type\":\"WebPage\",\"@id\":\"https:\/\/nicogcasares.eu\/gl\/casares-prohibicion-pesca-fondo-pescadores-non-queren-subvencions-nin-indemnizacions\/\",\"url\":\"https:\/\/nicogcasares.eu\/gl\/casares-prohibicion-pesca-fondo-pescadores-non-queren-subvencions-nin-indemnizacions\/\",\"name\":\"Casares, respecto da prohibici\u00f3n \u00e1 pesca de fondo: \\\"Os pescadores non queren subvenci\u00f3ns nin indemnizaci\u00f3ns, o que queren \u00e9 sa\u00edr a pescar\\\" - Nico G. Casares %\",\"isPartOf\":{\"@id\":\"https:\/\/nicogcasares.eu\/gl\/#website\"},\"primaryImageOfPage\":{\"@id\":\"https:\/\/nicogcasares.eu\/gl\/casares-prohibicion-pesca-fondo-pescadores-non-queren-subvencions-nin-indemnizacions\/#primaryimage\"},\"image\":{\"@id\":\"https:\/\/nicogcasares.eu\/gl\/casares-prohibicion-pesca-fondo-pescadores-non-queren-subvencions-nin-indemnizacions\/#primaryimage\"},\"thumbnailUrl\":\"https:\/\/nicogcasares.eu\/wp-content\/uploads\/2021\/11\/20211006_EP-119139A_FMA_0895_RESIZED_S.jpg\",\"datePublished\":\"2022-10-20T13:35:10+00:00\",\"dateModified\":\"2022-10-20T13:37:04+00:00\",\"description\":\"Casares, respecto da prohibici\u00f3n \u00e1 pesca de fondo: \\\"Os pescadores non queren subvenci\u00f3ns nin indemnizaci\u00f3ns, o que queren \u00e9 sa\u00edr a pescar\\\"\",\"breadcrumb\":{\"@id\":\"https:\/\/nicogcasares.eu\/gl\/casares-prohibicion-pesca-fondo-pescadores-non-queren-subvencions-nin-indemnizacions\/#breadcrumb\"},\"inLanguage\":\"gl-ES\",\"potentialAction\":[{\"@type\":\"ReadAction\",\"target\":[\"https:\/\/nicogcasares.eu\/gl\/casares-prohibicion-pesca-fondo-pescadores-non-queren-subvencions-nin-indemnizacions\/\"]}]},{\"@type\":\"ImageObject\",\"inLanguage\":\"gl-ES\",\"@id\":\"https:\/\/nicogcasares.eu\/gl\/casares-prohibicion-pesca-fondo-pescadores-non-queren-subvencions-nin-indemnizacions\/#primaryimage\",\"url\":\"https:\/\/nicogcasares.eu\/wp-content\/uploads\/2021\/11\/20211006_EP-119139A_FMA_0895_RESIZED_S.jpg\",\"contentUrl\":\"https:\/\/nicogcasares.eu\/wp-content\/uploads\/2021\/11\/20211006_EP-119139A_FMA_0895_RESIZED_S.jpg\",\"width\":639,\"height\":426,\"caption\":\"EP Plenary session - European solutions to the rise of energy prices for businesses and consumers: the role of energy efficiency and renewable energy and the need to tackle energy poverty\"},{\"@type\":\"BreadcrumbList\",\"@id\":\"https:\/\/nicogcasares.eu\/gl\/casares-prohibicion-pesca-fondo-pescadores-non-queren-subvencions-nin-indemnizacions\/#breadcrumb\",\"itemListElement\":[{\"@type\":\"ListItem\",\"position\":1,\"name\":\"Portada\",\"item\":\"https:\/\/nicogcasares.eu\/gl\/\"},{\"@type\":\"ListItem\",\"position\":2,\"name\":\"Casares, respecto da prohibici\u00f3n \u00e1 pesca de fondo: \u00abOs pescadores non queren subvenci\u00f3ns nin indemnizaci\u00f3ns, o que queren \u00e9 sa\u00edr a pescar\u00bb\"}]},{\"@type\":\"WebSite\",\"@id\":\"https:\/\/nicogcasares.eu\/gl\/#website\",\"url\":\"https:\/\/nicogcasares.eu\/gl\/\",\"name\":\"Nico G. Casares\",\"description\":\"Diputado socialista en el parlamento europeo\",\"publisher\":{\"@id\":\"https:\/\/nicogcasares.eu\/gl\/#\/schema\/person\/75361477143e596646d48598a3778163\"},\"potentialAction\":[{\"@type\":\"SearchAction\",\"target\":{\"@type\":\"EntryPoint\",\"urlTemplate\":\"https:\/\/nicogcasares.eu\/gl\/?s={search_term_string}\"},\"query-input\":\"required name=search_term_string\"}],\"inLanguage\":\"gl-ES\"},{\"@type\":[\"Person\",\"Organization\"],\"@id\":\"https:\/\/nicogcasares.eu\/gl\/#\/schema\/person\/75361477143e596646d48598a3778163\",\"name\":\"Nicol\u00e1s Gonz\u00e1lez Casares\",\"image\":{\"@type\":\"ImageObject\",\"inLanguage\":\"gl-ES\",\"@id\":\"https:\/\/nicogcasares.eu\/gl\/#\/schema\/person\/image\/\",\"url\":\"https:\/\/nicogcasares.eu\/wp-content\/uploads\/2021\/11\/20211006_EP-119139A_FMA_0895_RESIZED_S.jpg\",\"contentUrl\":\"https:\/\/nicogcasares.eu\/wp-content\/uploads\/2021\/11\/20211006_EP-119139A_FMA_0895_RESIZED_S.jpg\",\"width\":639,\"height\":426,\"caption\":\"Nicol\u00e1s Gonz\u00e1lez Casares\"},\"logo\":{\"@id\":\"https:\/\/nicogcasares.eu\/gl\/#\/schema\/person\/image\/\"},\"url\":\"https:\/\/nicogcasares.eu\/gl\/author\/nico\/\"}]}<\/script>\n<!-- \/ Yoast SEO plugin. -->","yoast_head_json":{"title":"Casares, respecto da prohibici\u00f3n \u00e1 pesca de fondo: \"Os pescadores non queren subvenci\u00f3ns nin indemnizaci\u00f3ns, o que queren \u00e9 sa\u00edr a pescar\" - Nico G. Casares %","description":"Casares, respecto da prohibici\u00f3n \u00e1 pesca de fondo: \"Os pescadores non queren subvenci\u00f3ns nin indemnizaci\u00f3ns, o que queren \u00e9 sa\u00edr a pescar\"","robots":{"index":"index","follow":"follow","max-snippet":"max-snippet:-1","max-image-preview":"max-image-preview:large","max-video-preview":"max-video-preview:-1"},"canonical":"https:\/\/nicogcasares.eu\/gl\/casares-prohibicion-pesca-fondo-pescadores-non-queren-subvencions-nin-indemnizacions\/","og_locale":"gl_ES","og_type":"article","og_title":"Casares, respecto da prohibici\u00f3n \u00e1 pesca de fondo: \"Os pescadores non queren subvenci\u00f3ns nin indemnizaci\u00f3ns, o que queren \u00e9 sa\u00edr a pescar\"","og_description":"O eurodeputado socialista insiste no potencial do sector pesqueiro galego e es\u00edxelle \u00e1 Comisi\u00f3n Europea que suspenda a prohibici\u00f3n e volva avaliar o Regulamento de augas profundas","og_url":"https:\/\/nicogcasares.eu\/gl\/casares-prohibicion-pesca-fondo-pescadores-non-queren-subvencions-nin-indemnizacions\/","og_site_name":"Nico G. Casares","article_published_time":"2022-10-20T13:35:10+00:00","article_modified_time":"2022-10-20T13:37:04+00:00","og_image":[{"width":639,"height":426,"url":"https:\/\/nicogcasares.eu\/wp-content\/uploads\/2021\/11\/20211006_EP-119139A_FMA_0895_RESIZED_S.jpg","type":"image\/jpeg"}],"author":"Nicol\u00e1s Gonz\u00e1lez Casares","twitter_card":"summary_large_image","twitter_title":"Casares, respecto da prohibici\u00f3n \u00e1 pesca de fondo: \"Os pescadores non queren subvenci\u00f3ns nin indemnizaci\u00f3ns, o que queren \u00e9 sa\u00edr a pescar\"","twitter_description":"O eurodeputado socialista insiste no potencial do sector pesqueiro galego e es\u00edxelle \u00e1 Comisi\u00f3n Europea que suspenda a prohibici\u00f3n e volva avaliar o Regulamento de augas profundas","twitter_image":"https:\/\/nicogcasares.eu\/wp-content\/uploads\/2021\/11\/20211006_EP-119139A_FMA_0895_RESIZED_S.jpg","twitter_creator":"@nicogoncas","twitter_site":"@nicogoncas","twitter_misc":{"Escrito por":"Nicol\u00e1s Gonz\u00e1lez Casares","Tempo de lectura":"2 minutos"},"schema":{"@context":"https:\/\/schema.org","@graph":[{"@type":"Article","@id":"https:\/\/nicogcasares.eu\/gl\/casares-prohibicion-pesca-fondo-pescadores-non-queren-subvencions-nin-indemnizacions\/#article","isPartOf":{"@id":"https:\/\/nicogcasares.eu\/gl\/casares-prohibicion-pesca-fondo-pescadores-non-queren-subvencions-nin-indemnizacions\/"},"author":{"name":"Nicol\u00e1s Gonz\u00e1lez Casares","@id":"https:\/\/nicogcasares.eu\/gl\/#\/schema\/person\/75361477143e596646d48598a3778163"},"headline":"Casares, respecto da prohibici\u00f3n \u00e1 pesca de fondo: &#8220;Os pescadores non queren subvenci\u00f3ns nin indemnizaci\u00f3ns, o que queren \u00e9 sa\u00edr a pescar&#8221;","datePublished":"2022-10-20T13:35:10+00:00","dateModified":"2022-10-20T13:37:04+00:00","mainEntityOfPage":{"@id":"https:\/\/nicogcasares.eu\/gl\/casares-prohibicion-pesca-fondo-pescadores-non-queren-subvencions-nin-indemnizacions\/"},"wordCount":392,"publisher":{"@id":"https:\/\/nicogcasares.eu\/gl\/#\/schema\/person\/75361477143e596646d48598a3778163"},"image":{"@id":"https:\/\/nicogcasares.eu\/gl\/casares-prohibicion-pesca-fondo-pescadores-non-queren-subvencions-nin-indemnizacions\/#primaryimage"},"thumbnailUrl":"https:\/\/nicogcasares.eu\/wp-content\/uploads\/2021\/11\/20211006_EP-119139A_FMA_0895_RESIZED_S.jpg","keywords":["Nicol\u00e1s Gonz\u00e1lez Casares","pesca"],"articleSection":["Actividad","Actividade","Noticias","Novas","Pesca","Pesca"],"inLanguage":"gl-ES"},{"@type":"WebPage","@id":"https:\/\/nicogcasares.eu\/gl\/casares-prohibicion-pesca-fondo-pescadores-non-queren-subvencions-nin-indemnizacions\/","url":"https:\/\/nicogcasares.eu\/gl\/casares-prohibicion-pesca-fondo-pescadores-non-queren-subvencions-nin-indemnizacions\/","name":"Casares, respecto da prohibici\u00f3n \u00e1 pesca de fondo: \"Os pescadores non queren subvenci\u00f3ns nin indemnizaci\u00f3ns, o que queren \u00e9 sa\u00edr a pescar\" - Nico G. Casares %","isPartOf":{"@id":"https:\/\/nicogcasares.eu\/gl\/#website"},"primaryImageOfPage":{"@id":"https:\/\/nicogcasares.eu\/gl\/casares-prohibicion-pesca-fondo-pescadores-non-queren-subvencions-nin-indemnizacions\/#primaryimage"},"image":{"@id":"https:\/\/nicogcasares.eu\/gl\/casares-prohibicion-pesca-fondo-pescadores-non-queren-subvencions-nin-indemnizacions\/#primaryimage"},"thumbnailUrl":"https:\/\/nicogcasares.eu\/wp-content\/uploads\/2021\/11\/20211006_EP-119139A_FMA_0895_RESIZED_S.jpg","datePublished":"2022-10-20T13:35:10+00:00","dateModified":"2022-10-20T13:37:04+00:00","description":"Casares, respecto da prohibici\u00f3n \u00e1 pesca de fondo: \"Os pescadores non queren subvenci\u00f3ns nin indemnizaci\u00f3ns, o que queren \u00e9 sa\u00edr a pescar\"","breadcrumb":{"@id":"https:\/\/nicogcasares.eu\/gl\/casares-prohibicion-pesca-fondo-pescadores-non-queren-subvencions-nin-indemnizacions\/#breadcrumb"},"inLanguage":"gl-ES","potentialAction":[{"@type":"ReadAction","target":["https:\/\/nicogcasares.eu\/gl\/casares-prohibicion-pesca-fondo-pescadores-non-queren-subvencions-nin-indemnizacions\/"]}]},{"@type":"ImageObject","inLanguage":"gl-ES","@id":"https:\/\/nicogcasares.eu\/gl\/casares-prohibicion-pesca-fondo-pescadores-non-queren-subvencions-nin-indemnizacions\/#primaryimage","url":"https:\/\/nicogcasares.eu\/wp-content\/uploads\/2021\/11\/20211006_EP-119139A_FMA_0895_RESIZED_S.jpg","contentUrl":"https:\/\/nicogcasares.eu\/wp-content\/uploads\/2021\/11\/20211006_EP-119139A_FMA_0895_RESIZED_S.jpg","width":639,"height":426,"caption":"EP Plenary session - European solutions to the rise of energy prices for businesses and consumers: the role of energy efficiency and renewable energy and the need to tackle energy poverty"},{"@type":"BreadcrumbList","@id":"https:\/\/nicogcasares.eu\/gl\/casares-prohibicion-pesca-fondo-pescadores-non-queren-subvencions-nin-indemnizacions\/#breadcrumb","itemListElement":[{"@type":"ListItem","position":1,"name":"Portada","item":"https:\/\/nicogcasares.eu\/gl\/"},{"@type":"ListItem","position":2,"name":"Casares, respecto da prohibici\u00f3n \u00e1 pesca de fondo: \u00abOs pescadores non queren subvenci\u00f3ns nin indemnizaci\u00f3ns, o que queren \u00e9 sa\u00edr a pescar\u00bb"}]},{"@type":"WebSite","@id":"https:\/\/nicogcasares.eu\/gl\/#website","url":"https:\/\/nicogcasares.eu\/gl\/","name":"Nico G. Casares","description":"Diputado socialista en el parlamento europeo","publisher":{"@id":"https:\/\/nicogcasares.eu\/gl\/#\/schema\/person\/75361477143e596646d48598a3778163"},"potentialAction":[{"@type":"SearchAction","target":{"@type":"EntryPoint","urlTemplate":"https:\/\/nicogcasares.eu\/gl\/?s={search_term_string}"},"query-input":"required name=search_term_string"}],"inLanguage":"gl-ES"},{"@type":["Person","Organization"],"@id":"https:\/\/nicogcasares.eu\/gl\/#\/schema\/person\/75361477143e596646d48598a3778163","name":"Nicol\u00e1s Gonz\u00e1lez Casares","image":{"@type":"ImageObject","inLanguage":"gl-ES","@id":"https:\/\/nicogcasares.eu\/gl\/#\/schema\/person\/image\/","url":"https:\/\/nicogcasares.eu\/wp-content\/uploads\/2021\/11\/20211006_EP-119139A_FMA_0895_RESIZED_S.jpg","contentUrl":"https:\/\/nicogcasares.eu\/wp-content\/uploads\/2021\/11\/20211006_EP-119139A_FMA_0895_RESIZED_S.jpg","width":639,"height":426,"caption":"Nicol\u00e1s Gonz\u00e1lez Casares"},"logo":{"@id":"https:\/\/nicogcasares.eu\/gl\/#\/schema\/person\/image\/"},"url":"https:\/\/nicogcasares.eu\/gl\/author\/nico\/"}]}},"_links":{"self":[{"href":"https:\/\/nicogcasares.eu\/gl\/wp-json\/wp\/v2\/posts\/4979"}],"collection":[{"href":"https:\/\/nicogcasares.eu\/gl\/wp-json\/wp\/v2\/posts"}],"about":[{"href":"https:\/\/nicogcasares.eu\/gl\/wp-json\/wp\/v2\/types\/post"}],"author":[{"embeddable":true,"href":"https:\/\/nicogcasares.eu\/gl\/wp-json\/wp\/v2\/users\/4"}],"replies":[{"embeddable":true,"href":"https:\/\/nicogcasares.eu\/gl\/wp-json\/wp\/v2\/comments?post=4979"}],"version-history":[{"count":1,"href":"https:\/\/nicogcasares.eu\/gl\/wp-json\/wp\/v2\/posts\/4979\/revisions"}],"predecessor-version":[{"id":4980,"href":"https:\/\/nicogcasares.eu\/gl\/wp-json\/wp\/v2\/posts\/4979\/revisions\/4980"}],"wp:featuredmedia":[{"embeddable":true,"href":"https:\/\/nicogcasares.eu\/gl\/wp-json\/wp\/v2\/media\/3813"}],"wp:attachment":[{"href":"https:\/\/nicogcasares.eu\/gl\/wp-json\/wp\/v2\/media?parent=4979"}],"wp:term":[{"taxonomy":"category","embeddable":true,"href":"https:\/\/nicogcasares.eu\/gl\/wp-json\/wp\/v2\/categories?post=4979"},{"taxonomy":"post_tag","embeddable":true,"href":"https:\/\/nicogcasares.eu\/gl\/wp-json\/wp\/v2\/tags?post=4979"}],"curies":[{"name":"wp","href":"https:\/\/api.w.org\/{rel}","templated":true}]}}