{"id":5047,"date":"2022-11-28T15:48:15","date_gmt":"2022-11-28T13:48:15","guid":{"rendered":"https:\/\/nicogcasares.eu\/?p=5047"},"modified":"2022-11-28T15:50:07","modified_gmt":"2022-11-28T13:50:07","slug":"casares-internacional-socialista-xustiza-climatica-tamen-e-xustiza-social","status":"publish","type":"post","link":"https:\/\/nicogcasares.eu\/gl\/casares-internacional-socialista-xustiza-climatica-tamen-e-xustiza-social\/","title":{"rendered":"Nicol\u00e1s G. Casares na Internacional Socialista: &#8220;A xustiza clim\u00e1tica tam\u00e9n \u00e9 xustiza social. E se algo nos une aos socialistas \u00e9 a loita pola igualdade social&#8221;"},"content":{"rendered":"\n<p class=\"has-text-align-left has-black-color has-text-color has-medium-font-size\"><strong>O eurodeputado galego moderou o debate sobre o cambio clim\u00e1tico no que intervi\u00f1eron Teresa Ribera Rodr\u00edguez, George A. Papandreou e Qian Hongshan<\/strong><\/p>\n\n\n\n<p class=\"has-text-align-left has-black-color has-text-color has-medium-font-size\">Esta fin de semana, Madrid acolleu o <strong>XXVI Congreso da Internacional Socialista<\/strong>, no que o secretario xeral do PSOE, <strong>Pedro S\u00e1nchez<\/strong>, foi proclamado presidente. S\u00e1nchez asume este cargo co prop\u00f3sito de converte \u00e1 organizaci\u00f3n &#8220;na gran casa com\u00fan do pensamento e a acci\u00f3n progresista global&#8221; e coa convicci\u00f3n de que &#8220;a socialdemocracia, o socialismo democr\u00e1tico e o laborismo estamos m\u00e1is vivos que nunca e somos m\u00e1is necesarios que nunca&#8221;. <\/p>\n\n\n\n<p class=\"has-text-align-left has-black-color has-text-color has-medium-font-size\">Desde Galicia, foron varios os representantes socialistas que se desprazaron ata a capital para <strong>debater sobre diversos temas de grande importancia<\/strong> como o fortalecemento da democracia, a igualdade entre mulleres e homes, os dereitos laborais e a dixitalizaci\u00f3n, o impulso dunha econom\u00eda xusta e inclusiva e o cambio clim\u00e1tico. <\/p>\n\n\n\n<p class=\"has-text-align-left has-black-color has-text-color has-medium-font-size\">O eurodeputado galego, <strong>Nicol\u00e1s Gonz\u00e1lez Casares<\/strong>, foi o responsable de moderar a conversa sobre o <strong><em>&#8216;Cambio clim\u00e1tico: desaf\u00edo global&#8217; <\/em><\/strong>na que participou <strong>Teresa Ribera Rodr\u00edguez<\/strong>, vicepresidenta terceira do Goberno e ministra para a Transici\u00f3n Ecol\u00f3xica e o Reto Demogr\u00e1fico; <strong>George A. Papandreou<\/strong>, ex presidente da Internacional Socialista e ex primeiro ministro de Grecia; e <strong>Qian Hongshan<\/strong>, ministro adxunto de Relaci\u00f3ns Exteriores de China. Como Ribera lembrou, &#8220;\u00e9 imposible ter o coraz\u00f3n vermello se non temos a alma verde&#8221;.<\/p>\n\n\n\n<p class=\"has-text-align-left has-black-color has-text-color has-medium-font-size\">&#8220;A xustiza clim\u00e1tica tam\u00e9n \u00e9 xustiza social. E se algo nos une aos socialistas de todo o mundo \u00e9 a <strong>loita pola igualdade social <\/strong>e eu creo que ante a ameaza clim\u00e1tica que estamos vivindo, necesitamos unha transici\u00f3n enerx\u00e9tica que te\u00f1a en conta as necesidades sociais de todos os cidad\u00e1ns e cidad\u00e1s do planeta&#8221;, defendeu o eurodeputado. Gonz\u00e1lez Casares referiuse \u00e1 <strong>COP27 celebrada hai uns d\u00edas en Exipto<\/strong> e, como se ben permitiu avanzar nas f\u00f3rmulas para financiar os &#8220;os danos e as perdas&#8221; provocados polo cambio clim\u00e1tico naqueles pa\u00edses &#8220;que non te\u00f1en suficientes recursos para facerlle fronte por si sos&#8221;, denotou &#8220;certa falta de ambici\u00f3n&#8221; na abordaxe deste desaf\u00edo, ambici\u00f3n que &#8220;como socialistas debemos reclamar&#8221;. <\/p>\n\n\n\n<p class=\"has-text-align-left has-black-color has-text-color has-medium-font-size\">&#8220;Debemos avanzar nunha<strong> nova econom\u00eda verde<\/strong>, nunha transici\u00f3n enerx\u00e9tica que sexa xusta pero que tam\u00e9n po\u00f1a a tecnolox\u00eda ao servizo das persoas&#8221;, apuntou o socialista ao tempo que urxiu \u00e1 toma de medidas para afrontar o cambio clim\u00e1tico que afecta a todo o planeta e est\u00e1 a provocar a primeira crise de fame en Madagascar por este motivo.<\/p>\n\n\n\n<p><\/p>\n\n\n\n<figure class=\"wp-block-embed is-type-video is-provider-youtube wp-block-embed-youtube wp-embed-aspect-16-9 wp-has-aspect-ratio\"><div class=\"wp-block-embed__wrapper\">\n<iframe title=\"Casares participa na Internacional Socialista\" width=\"960\" height=\"540\" src=\"https:\/\/www.youtube.com\/embed\/6zhQU8WNZxM?feature=oembed\" frameborder=\"0\" allow=\"accelerometer; autoplay; clipboard-write; encrypted-media; gyroscope; picture-in-picture; web-share\" referrerpolicy=\"strict-origin-when-cross-origin\" allowfullscreen><\/iframe>\n<\/div><\/figure>\n","protected":false},"excerpt":{"rendered":"<p>O eurodeputado galego moderou o debate sobre o cambio clim\u00e1tico no que intervi\u00f1eron Teresa Ribera Rodr\u00edguez, George A. Papandreou e Qian Hongshan<\/p>\n","protected":false},"author":4,"featured_media":5043,"comment_status":"closed","ping_status":"closed","sticky":true,"template":"","format":"standard","meta":{"footnotes":""},"categories":[2,34,20,32],"tags":[355,80],"yoast_head":"<!-- This site is optimized with the Yoast SEO plugin v22.3 - https:\/\/yoast.com\/wordpress\/plugins\/seo\/ -->\n<title>Nicol\u00e1s G. Casares na Internacional Socialista: &quot;A xustiza clim\u00e1tica tam\u00e9n \u00e9 xustiza social. E se algo nos une aos socialistas \u00e9 a loita pola igualdade social&quot; - Nico G. Casares<\/title>\n<meta name=\"description\" content=\"Nicol\u00e1s Gonzalez Casares participa na Internacional Socialista\" \/>\n<meta name=\"robots\" content=\"index, follow, max-snippet:-1, max-image-preview:large, max-video-preview:-1\" \/>\n<link rel=\"canonical\" href=\"https:\/\/nicogcasares.eu\/gl\/casares-internacional-socialista-xustiza-climatica-tamen-e-xustiza-social\/\" \/>\n<meta property=\"og:locale\" content=\"gl_ES\" \/>\n<meta property=\"og:type\" content=\"article\" \/>\n<meta property=\"og:title\" content=\"Nicol\u00e1s G. Casares na Internacional Socialista: &quot;A xustiza clim\u00e1tica tam\u00e9n \u00e9 xustiza social. E se algo nos une aos socialistas \u00e9 a loita pola igualdade social&quot;\" \/>\n<meta property=\"og:description\" content=\"O eurodeputado galego moderou o debate sobre o cambio clim\u00e1tico no que intervi\u00f1eron Teresa Ribera Rodr\u00edguez, George A. Papandreou e Qian Hongshan\" \/>\n<meta property=\"og:url\" content=\"https:\/\/nicogcasares.eu\/gl\/casares-internacional-socialista-xustiza-climatica-tamen-e-xustiza-social\/\" \/>\n<meta property=\"og:site_name\" content=\"Nico G. Casares\" \/>\n<meta property=\"article:published_time\" content=\"2022-11-28T13:48:15+00:00\" \/>\n<meta property=\"article:modified_time\" content=\"2022-11-28T13:50:07+00:00\" \/>\n<meta property=\"og:image\" content=\"https:\/\/nicogcasares.eu\/wp-content\/uploads\/2022\/11\/FOTO.png\" \/>\n\t<meta property=\"og:image:width\" content=\"1547\" \/>\n\t<meta property=\"og:image:height\" content=\"835\" \/>\n\t<meta property=\"og:image:type\" content=\"image\/png\" \/>\n<meta name=\"author\" content=\"Nicol\u00e1s Gonz\u00e1lez Casares\" \/>\n<meta name=\"twitter:card\" content=\"summary_large_image\" \/>\n<meta name=\"twitter:title\" content=\"Nicol\u00e1s G. Casares na Internacional Socialista: &quot;A xustiza clim\u00e1tica tam\u00e9n \u00e9 xustiza social. E se algo nos une aos socialistas \u00e9 a loita pola igualdade social&quot;\" \/>\n<meta name=\"twitter:description\" content=\"O eurodeputado galego moderou o debate sobre o cambio clim\u00e1tico no que intervi\u00f1eron Teresa Ribera Rodr\u00edguez, George A. Papandreou e Qian Hongshan\" \/>\n<meta name=\"twitter:image\" content=\"https:\/\/nicogcasares.eu\/wp-content\/uploads\/2022\/11\/FOTO.png\" \/>\n<meta name=\"twitter:creator\" content=\"@nicogoncas\" \/>\n<meta name=\"twitter:site\" content=\"@nicogoncas\" \/>\n<meta name=\"twitter:label1\" content=\"Escrito por\" \/>\n\t<meta name=\"twitter:data1\" content=\"Nicol\u00e1s Gonz\u00e1lez Casares\" \/>\n\t<meta name=\"twitter:label2\" content=\"Tempo de lectura\" \/>\n\t<meta name=\"twitter:data2\" content=\"2 minutos\" \/>\n<script type=\"application\/ld+json\" class=\"yoast-schema-graph\">{\"@context\":\"https:\/\/schema.org\",\"@graph\":[{\"@type\":\"Article\",\"@id\":\"https:\/\/nicogcasares.eu\/gl\/casares-internacional-socialista-xustiza-climatica-tamen-e-xustiza-social\/#article\",\"isPartOf\":{\"@id\":\"https:\/\/nicogcasares.eu\/gl\/casares-internacional-socialista-xustiza-climatica-tamen-e-xustiza-social\/\"},\"author\":{\"name\":\"Nicol\u00e1s Gonz\u00e1lez Casares\",\"@id\":\"https:\/\/nicogcasares.eu\/gl\/#\/schema\/person\/75361477143e596646d48598a3778163\"},\"headline\":\"Nicol\u00e1s G. Casares na Internacional Socialista: &#8220;A xustiza clim\u00e1tica tam\u00e9n \u00e9 xustiza social. E se algo nos une aos socialistas \u00e9 a loita pola igualdade social&#8221;\",\"datePublished\":\"2022-11-28T13:48:15+00:00\",\"dateModified\":\"2022-11-28T13:50:07+00:00\",\"mainEntityOfPage\":{\"@id\":\"https:\/\/nicogcasares.eu\/gl\/casares-internacional-socialista-xustiza-climatica-tamen-e-xustiza-social\/\"},\"wordCount\":468,\"publisher\":{\"@id\":\"https:\/\/nicogcasares.eu\/gl\/#\/schema\/person\/75361477143e596646d48598a3778163\"},\"image\":{\"@id\":\"https:\/\/nicogcasares.eu\/gl\/casares-internacional-socialista-xustiza-climatica-tamen-e-xustiza-social\/#primaryimage\"},\"thumbnailUrl\":\"https:\/\/nicogcasares.eu\/wp-content\/uploads\/2022\/11\/FOTO.png\",\"keywords\":[\"Nicol\u00e1s Gonz\u00e1lez Casares\",\"Parlamento Europeo\"],\"articleSection\":[\"Actividad\",\"Actividade\",\"Noticias\",\"Novas\"],\"inLanguage\":\"gl-ES\"},{\"@type\":\"WebPage\",\"@id\":\"https:\/\/nicogcasares.eu\/gl\/casares-internacional-socialista-xustiza-climatica-tamen-e-xustiza-social\/\",\"url\":\"https:\/\/nicogcasares.eu\/gl\/casares-internacional-socialista-xustiza-climatica-tamen-e-xustiza-social\/\",\"name\":\"Nicol\u00e1s G. Casares na Internacional Socialista: \\\"A xustiza clim\u00e1tica tam\u00e9n \u00e9 xustiza social. E se algo nos une aos socialistas \u00e9 a loita pola igualdade social\\\" - Nico G. Casares\",\"isPartOf\":{\"@id\":\"https:\/\/nicogcasares.eu\/gl\/#website\"},\"primaryImageOfPage\":{\"@id\":\"https:\/\/nicogcasares.eu\/gl\/casares-internacional-socialista-xustiza-climatica-tamen-e-xustiza-social\/#primaryimage\"},\"image\":{\"@id\":\"https:\/\/nicogcasares.eu\/gl\/casares-internacional-socialista-xustiza-climatica-tamen-e-xustiza-social\/#primaryimage\"},\"thumbnailUrl\":\"https:\/\/nicogcasares.eu\/wp-content\/uploads\/2022\/11\/FOTO.png\",\"datePublished\":\"2022-11-28T13:48:15+00:00\",\"dateModified\":\"2022-11-28T13:50:07+00:00\",\"description\":\"Nicol\u00e1s Gonzalez Casares participa na Internacional Socialista\",\"breadcrumb\":{\"@id\":\"https:\/\/nicogcasares.eu\/gl\/casares-internacional-socialista-xustiza-climatica-tamen-e-xustiza-social\/#breadcrumb\"},\"inLanguage\":\"gl-ES\",\"potentialAction\":[{\"@type\":\"ReadAction\",\"target\":[\"https:\/\/nicogcasares.eu\/gl\/casares-internacional-socialista-xustiza-climatica-tamen-e-xustiza-social\/\"]}]},{\"@type\":\"ImageObject\",\"inLanguage\":\"gl-ES\",\"@id\":\"https:\/\/nicogcasares.eu\/gl\/casares-internacional-socialista-xustiza-climatica-tamen-e-xustiza-social\/#primaryimage\",\"url\":\"https:\/\/nicogcasares.eu\/wp-content\/uploads\/2022\/11\/FOTO.png\",\"contentUrl\":\"https:\/\/nicogcasares.eu\/wp-content\/uploads\/2022\/11\/FOTO.png\",\"width\":1547,\"height\":835},{\"@type\":\"BreadcrumbList\",\"@id\":\"https:\/\/nicogcasares.eu\/gl\/casares-internacional-socialista-xustiza-climatica-tamen-e-xustiza-social\/#breadcrumb\",\"itemListElement\":[{\"@type\":\"ListItem\",\"position\":1,\"name\":\"Portada\",\"item\":\"https:\/\/nicogcasares.eu\/gl\/\"},{\"@type\":\"ListItem\",\"position\":2,\"name\":\"Nicol\u00e1s G. Casares na Internacional Socialista: &#8220;A xustiza clim\u00e1tica tam\u00e9n \u00e9 xustiza social. E se algo nos une aos socialistas \u00e9 a loita pola igualdade social&#8221;\"}]},{\"@type\":\"WebSite\",\"@id\":\"https:\/\/nicogcasares.eu\/gl\/#website\",\"url\":\"https:\/\/nicogcasares.eu\/gl\/\",\"name\":\"Nico G. Casares\",\"description\":\"Diputado socialista en el parlamento europeo\",\"publisher\":{\"@id\":\"https:\/\/nicogcasares.eu\/gl\/#\/schema\/person\/75361477143e596646d48598a3778163\"},\"potentialAction\":[{\"@type\":\"SearchAction\",\"target\":{\"@type\":\"EntryPoint\",\"urlTemplate\":\"https:\/\/nicogcasares.eu\/gl\/?s={search_term_string}\"},\"query-input\":\"required name=search_term_string\"}],\"inLanguage\":\"gl-ES\"},{\"@type\":[\"Person\",\"Organization\"],\"@id\":\"https:\/\/nicogcasares.eu\/gl\/#\/schema\/person\/75361477143e596646d48598a3778163\",\"name\":\"Nicol\u00e1s Gonz\u00e1lez Casares\",\"image\":{\"@type\":\"ImageObject\",\"inLanguage\":\"gl-ES\",\"@id\":\"https:\/\/nicogcasares.eu\/gl\/#\/schema\/person\/image\/\",\"url\":\"https:\/\/nicogcasares.eu\/wp-content\/uploads\/2021\/11\/20211006_EP-119139A_FMA_0895_RESIZED_S.jpg\",\"contentUrl\":\"https:\/\/nicogcasares.eu\/wp-content\/uploads\/2021\/11\/20211006_EP-119139A_FMA_0895_RESIZED_S.jpg\",\"width\":639,\"height\":426,\"caption\":\"Nicol\u00e1s Gonz\u00e1lez Casares\"},\"logo\":{\"@id\":\"https:\/\/nicogcasares.eu\/gl\/#\/schema\/person\/image\/\"},\"url\":\"https:\/\/nicogcasares.eu\/gl\/author\/nico\/\"}]}<\/script>\n<!-- \/ Yoast SEO plugin. -->","yoast_head_json":{"title":"Nicol\u00e1s G. Casares na Internacional Socialista: \"A xustiza clim\u00e1tica tam\u00e9n \u00e9 xustiza social. E se algo nos une aos socialistas \u00e9 a loita pola igualdade social\" - Nico G. Casares","description":"Nicol\u00e1s Gonzalez Casares participa na Internacional Socialista","robots":{"index":"index","follow":"follow","max-snippet":"max-snippet:-1","max-image-preview":"max-image-preview:large","max-video-preview":"max-video-preview:-1"},"canonical":"https:\/\/nicogcasares.eu\/gl\/casares-internacional-socialista-xustiza-climatica-tamen-e-xustiza-social\/","og_locale":"gl_ES","og_type":"article","og_title":"Nicol\u00e1s G. Casares na Internacional Socialista: \"A xustiza clim\u00e1tica tam\u00e9n \u00e9 xustiza social. E se algo nos une aos socialistas \u00e9 a loita pola igualdade social\"","og_description":"O eurodeputado galego moderou o debate sobre o cambio clim\u00e1tico no que intervi\u00f1eron Teresa Ribera Rodr\u00edguez, George A. Papandreou e Qian Hongshan","og_url":"https:\/\/nicogcasares.eu\/gl\/casares-internacional-socialista-xustiza-climatica-tamen-e-xustiza-social\/","og_site_name":"Nico G. Casares","article_published_time":"2022-11-28T13:48:15+00:00","article_modified_time":"2022-11-28T13:50:07+00:00","og_image":[{"width":1547,"height":835,"url":"https:\/\/nicogcasares.eu\/wp-content\/uploads\/2022\/11\/FOTO.png","type":"image\/png"}],"author":"Nicol\u00e1s Gonz\u00e1lez Casares","twitter_card":"summary_large_image","twitter_title":"Nicol\u00e1s G. Casares na Internacional Socialista: \"A xustiza clim\u00e1tica tam\u00e9n \u00e9 xustiza social. E se algo nos une aos socialistas \u00e9 a loita pola igualdade social\"","twitter_description":"O eurodeputado galego moderou o debate sobre o cambio clim\u00e1tico no que intervi\u00f1eron Teresa Ribera Rodr\u00edguez, George A. Papandreou e Qian Hongshan","twitter_image":"https:\/\/nicogcasares.eu\/wp-content\/uploads\/2022\/11\/FOTO.png","twitter_creator":"@nicogoncas","twitter_site":"@nicogoncas","twitter_misc":{"Escrito por":"Nicol\u00e1s Gonz\u00e1lez Casares","Tempo de lectura":"2 minutos"},"schema":{"@context":"https:\/\/schema.org","@graph":[{"@type":"Article","@id":"https:\/\/nicogcasares.eu\/gl\/casares-internacional-socialista-xustiza-climatica-tamen-e-xustiza-social\/#article","isPartOf":{"@id":"https:\/\/nicogcasares.eu\/gl\/casares-internacional-socialista-xustiza-climatica-tamen-e-xustiza-social\/"},"author":{"name":"Nicol\u00e1s Gonz\u00e1lez Casares","@id":"https:\/\/nicogcasares.eu\/gl\/#\/schema\/person\/75361477143e596646d48598a3778163"},"headline":"Nicol\u00e1s G. Casares na Internacional Socialista: &#8220;A xustiza clim\u00e1tica tam\u00e9n \u00e9 xustiza social. E se algo nos une aos socialistas \u00e9 a loita pola igualdade social&#8221;","datePublished":"2022-11-28T13:48:15+00:00","dateModified":"2022-11-28T13:50:07+00:00","mainEntityOfPage":{"@id":"https:\/\/nicogcasares.eu\/gl\/casares-internacional-socialista-xustiza-climatica-tamen-e-xustiza-social\/"},"wordCount":468,"publisher":{"@id":"https:\/\/nicogcasares.eu\/gl\/#\/schema\/person\/75361477143e596646d48598a3778163"},"image":{"@id":"https:\/\/nicogcasares.eu\/gl\/casares-internacional-socialista-xustiza-climatica-tamen-e-xustiza-social\/#primaryimage"},"thumbnailUrl":"https:\/\/nicogcasares.eu\/wp-content\/uploads\/2022\/11\/FOTO.png","keywords":["Nicol\u00e1s Gonz\u00e1lez Casares","Parlamento Europeo"],"articleSection":["Actividad","Actividade","Noticias","Novas"],"inLanguage":"gl-ES"},{"@type":"WebPage","@id":"https:\/\/nicogcasares.eu\/gl\/casares-internacional-socialista-xustiza-climatica-tamen-e-xustiza-social\/","url":"https:\/\/nicogcasares.eu\/gl\/casares-internacional-socialista-xustiza-climatica-tamen-e-xustiza-social\/","name":"Nicol\u00e1s G. Casares na Internacional Socialista: \"A xustiza clim\u00e1tica tam\u00e9n \u00e9 xustiza social. E se algo nos une aos socialistas \u00e9 a loita pola igualdade social\" - Nico G. Casares","isPartOf":{"@id":"https:\/\/nicogcasares.eu\/gl\/#website"},"primaryImageOfPage":{"@id":"https:\/\/nicogcasares.eu\/gl\/casares-internacional-socialista-xustiza-climatica-tamen-e-xustiza-social\/#primaryimage"},"image":{"@id":"https:\/\/nicogcasares.eu\/gl\/casares-internacional-socialista-xustiza-climatica-tamen-e-xustiza-social\/#primaryimage"},"thumbnailUrl":"https:\/\/nicogcasares.eu\/wp-content\/uploads\/2022\/11\/FOTO.png","datePublished":"2022-11-28T13:48:15+00:00","dateModified":"2022-11-28T13:50:07+00:00","description":"Nicol\u00e1s Gonzalez Casares participa na Internacional Socialista","breadcrumb":{"@id":"https:\/\/nicogcasares.eu\/gl\/casares-internacional-socialista-xustiza-climatica-tamen-e-xustiza-social\/#breadcrumb"},"inLanguage":"gl-ES","potentialAction":[{"@type":"ReadAction","target":["https:\/\/nicogcasares.eu\/gl\/casares-internacional-socialista-xustiza-climatica-tamen-e-xustiza-social\/"]}]},{"@type":"ImageObject","inLanguage":"gl-ES","@id":"https:\/\/nicogcasares.eu\/gl\/casares-internacional-socialista-xustiza-climatica-tamen-e-xustiza-social\/#primaryimage","url":"https:\/\/nicogcasares.eu\/wp-content\/uploads\/2022\/11\/FOTO.png","contentUrl":"https:\/\/nicogcasares.eu\/wp-content\/uploads\/2022\/11\/FOTO.png","width":1547,"height":835},{"@type":"BreadcrumbList","@id":"https:\/\/nicogcasares.eu\/gl\/casares-internacional-socialista-xustiza-climatica-tamen-e-xustiza-social\/#breadcrumb","itemListElement":[{"@type":"ListItem","position":1,"name":"Portada","item":"https:\/\/nicogcasares.eu\/gl\/"},{"@type":"ListItem","position":2,"name":"Nicol\u00e1s G. Casares na Internacional Socialista: &#8220;A xustiza clim\u00e1tica tam\u00e9n \u00e9 xustiza social. E se algo nos une aos socialistas \u00e9 a loita pola igualdade social&#8221;"}]},{"@type":"WebSite","@id":"https:\/\/nicogcasares.eu\/gl\/#website","url":"https:\/\/nicogcasares.eu\/gl\/","name":"Nico G. Casares","description":"Diputado socialista en el parlamento europeo","publisher":{"@id":"https:\/\/nicogcasares.eu\/gl\/#\/schema\/person\/75361477143e596646d48598a3778163"},"potentialAction":[{"@type":"SearchAction","target":{"@type":"EntryPoint","urlTemplate":"https:\/\/nicogcasares.eu\/gl\/?s={search_term_string}"},"query-input":"required name=search_term_string"}],"inLanguage":"gl-ES"},{"@type":["Person","Organization"],"@id":"https:\/\/nicogcasares.eu\/gl\/#\/schema\/person\/75361477143e596646d48598a3778163","name":"Nicol\u00e1s Gonz\u00e1lez Casares","image":{"@type":"ImageObject","inLanguage":"gl-ES","@id":"https:\/\/nicogcasares.eu\/gl\/#\/schema\/person\/image\/","url":"https:\/\/nicogcasares.eu\/wp-content\/uploads\/2021\/11\/20211006_EP-119139A_FMA_0895_RESIZED_S.jpg","contentUrl":"https:\/\/nicogcasares.eu\/wp-content\/uploads\/2021\/11\/20211006_EP-119139A_FMA_0895_RESIZED_S.jpg","width":639,"height":426,"caption":"Nicol\u00e1s Gonz\u00e1lez Casares"},"logo":{"@id":"https:\/\/nicogcasares.eu\/gl\/#\/schema\/person\/image\/"},"url":"https:\/\/nicogcasares.eu\/gl\/author\/nico\/"}]}},"_links":{"self":[{"href":"https:\/\/nicogcasares.eu\/gl\/wp-json\/wp\/v2\/posts\/5047"}],"collection":[{"href":"https:\/\/nicogcasares.eu\/gl\/wp-json\/wp\/v2\/posts"}],"about":[{"href":"https:\/\/nicogcasares.eu\/gl\/wp-json\/wp\/v2\/types\/post"}],"author":[{"embeddable":true,"href":"https:\/\/nicogcasares.eu\/gl\/wp-json\/wp\/v2\/users\/4"}],"replies":[{"embeddable":true,"href":"https:\/\/nicogcasares.eu\/gl\/wp-json\/wp\/v2\/comments?post=5047"}],"version-history":[{"count":2,"href":"https:\/\/nicogcasares.eu\/gl\/wp-json\/wp\/v2\/posts\/5047\/revisions"}],"predecessor-version":[{"id":5049,"href":"https:\/\/nicogcasares.eu\/gl\/wp-json\/wp\/v2\/posts\/5047\/revisions\/5049"}],"wp:featuredmedia":[{"embeddable":true,"href":"https:\/\/nicogcasares.eu\/gl\/wp-json\/wp\/v2\/media\/5043"}],"wp:attachment":[{"href":"https:\/\/nicogcasares.eu\/gl\/wp-json\/wp\/v2\/media?parent=5047"}],"wp:term":[{"taxonomy":"category","embeddable":true,"href":"https:\/\/nicogcasares.eu\/gl\/wp-json\/wp\/v2\/categories?post=5047"},{"taxonomy":"post_tag","embeddable":true,"href":"https:\/\/nicogcasares.eu\/gl\/wp-json\/wp\/v2\/tags?post=5047"}],"curies":[{"name":"wp","href":"https:\/\/api.w.org\/{rel}","templated":true}]}}