{"id":5067,"date":"2022-12-14T22:55:59","date_gmt":"2022-12-14T20:55:59","guid":{"rendered":"https:\/\/nicogcasares.eu\/?p=5067"},"modified":"2022-12-14T23:01:08","modified_gmt":"2022-12-14T21:01:08","slug":"casares-avoga-acelerar-permisos-renovables-coa-participacion-cidada-para","status":"publish","type":"post","link":"https:\/\/nicogcasares.eu\/gl\/casares-avoga-acelerar-permisos-renovables-coa-participacion-cidada-para\/","title":{"rendered":"Casares avoga por acelerar os permisos de renovables coa participaci\u00f3n cidad\u00e1 para &#8220;alcanzar os obxectivos clim\u00e1ticos e baixar a factura da enerx\u00eda&#8221;"},"content":{"rendered":"\n<p class=\"has-text-align-left has-black-color has-text-color has-medium-font-size\"><strong>O Pleno do Parlamento Europeo debate sobre a modificaci\u00f3n da Directiva de enerx\u00edas renovables, que ser\u00e1 sometida a votaci\u00f3n este m\u00e9rcores<\/strong><\/p>\n\n\n\n<p class=\"has-text-align-left has-black-color has-text-color has-medium-font-size\">O eurodeputado socialista <strong>Nicol\u00e1s Gonz\u00e1lez Casares<\/strong>, relator do seu partido na nova <strong>Directiva de enerx\u00edas renovables<\/strong>, defende a aceleraci\u00f3n dos permisos administrativos para impulsar o despregamento de renovables e &#8220;alcanzar os obxectivos clim\u00e1ticos, conter as facturas dos cidad\u00e1ns e cidad\u00e1s e independizarnos dos combustibles f\u00f3siles rusos&#8221;. <\/p>\n\n\n\n<p class=\"has-text-align-left has-black-color has-text-color has-medium-font-size\">Este martes, o Pleno do Parlamento Europeo acolleu o debate sobre<strong> a revisi\u00f3n das Directiva enerx\u00edas renovables<\/strong> (REDII polas s\u00faas siglas en ingl\u00e9s), co\u00f1ecida como RED IV, que forma parte do Plan REPowerEU sobre a aceleraci\u00f3n e simplificaci\u00f3n dos procesos administrativos para a concesi\u00f3n de permisos a proxectos de enerx\u00edas renovables. Durante a s\u00faa intervenci\u00f3n, Gonz\u00e1lez Casares aludiu \u00e1 participaci\u00f3n social como un dos eixos fundamentais desta nova normativa e, por iso, solicitou o <strong>apoio \u00e1 emenda n\u00famero 6 que mellora a participaci\u00f3n cidad\u00e1<\/strong>. &#8220;Estas instalaci\u00f3ns deben ter beneficios para as comunidades locais, deben terse en conta as actividades preexistentes, pero tam\u00e9n o potencial laboral e industrial local&#8221;, apuntou. Ao mesmo tempo, incitou a fuxir do &#8220;retardismo&#8221; e pediu &#8220;frear algunhas de emendas presentadas&#8221; nesa direcci\u00f3n. <\/p>\n\n\n\n<p class=\"has-text-align-left has-black-color has-text-color has-medium-font-size\">Respecto ao <strong>impacto ambiental<\/strong>, o parlamentario chamou a ser rigorosos e coidadosos: &#8220;Non debemos confundir aceleraci\u00f3n con levantar a protecci\u00f3n dos territorios. Iso danar\u00eda a confianza cidad\u00e1, \u00e9 un risco real se non temos en conta unha das emendas presentadas&#8221;. <\/p>\n\n\n\n<p class=\"has-text-align-left has-black-color has-text-color has-medium-font-size\">&#8220;M\u00e1is renovables significa menos gas ruso, menos f\u00f3siles, m\u00e1is compromiso clim\u00e1tico, menores prezos para os cidad\u00e1ns, en definitiva, todos ga\u00f1amos se facemos unha boa directiva&#8221;, conclu\u00edu Gonz\u00e1lez Casares. <\/p>\n\n\n\n<p class=\"has-text-align-left has-black-color has-text-color has-medium-font-size\"><strong>Que prop\u00f3n a nova Directiva de enerx\u00edas renovables? <\/strong><\/p>\n\n\n\n<p class=\"has-text-align-left has-black-color has-text-color has-medium-font-size\">A proposta RED IV recolle varios instrumentos para acelerar e simplificar a concesi\u00f3n de permisos administrativos como a <strong>planificaci\u00f3n espacial<\/strong>, a <strong>identificaci\u00f3n de zonas con baixo impacto ambiental<\/strong>, o impulso do <strong>autoconsumo<\/strong>, a <strong>repotenciaci\u00f3n<\/strong> (aumento de capacidade ou eficiencia dunha instalaci\u00f3n de enerx\u00eda renovable) e a <strong>escoita activa<\/strong> de todas as partes implicadas. <\/p>\n\n\n\n<p class=\"has-text-align-left has-black-color has-text-color has-medium-font-size\">Dentro da bater\u00eda de medidas expostas destaca o establecemento de <strong>prazos m\u00e1ximos<\/strong> para a concesi\u00f3n de permisos dependendo de se os proxectos se emprazan en &#8220;zonas de aceleraci\u00f3n de renovables&#8221; ou a fixaci\u00f3n de prazos m\u00e1is curtos para proxectos de repotenciaci\u00f3n ou de instalaci\u00f3ns solares en estruturas artificiais. Desta forma, para os proxectos en &#8220;zonas de aceleraci\u00f3n de renovables&#8221; establ\u00e9cese un prazo m\u00e1ximo de 9 meses (en comparaci\u00f3n co ano proposto pola Comisi\u00f3n) e de 6 meses para proxectos de repotenciaci\u00f3n ou de menos de 150kW. Nas iniciativas que estean f\u00f3ra de &#8220;zonas de aceleraci\u00f3n de renovables&#8221; os prazos f\u00edxanse en 18 meses (a Comisi\u00f3n propo\u00f1\u00eda 2 anos) e en 1 ano para as de repotenciaci\u00f3n ou de menos de 150kW. Para a instalaci\u00f3n de equipos de enerx\u00eda solar en estruturas artificiais, inclu\u00eddos edificios, o prazo \u00e9 de 3 meses (como prop\u00f3n a Comisi\u00f3n), o mesmo que para a notificaci\u00f3n de instalaci\u00f3ns solares por baixo de 50 kW de capacidade.<\/p>\n\n\n\n<p><\/p>\n\n\n\n<figure class=\"wp-block-embed is-type-video is-provider-youtube wp-block-embed-youtube wp-embed-aspect-16-9 wp-has-aspect-ratio\"><div class=\"wp-block-embed__wrapper\">\n<iframe title=\"Casares avoga por acelerar os permisos de renovables da man da participaci\u00f3n cidad\u00e1\" width=\"960\" height=\"540\" src=\"https:\/\/www.youtube.com\/embed\/IG1NzHUNrjY?feature=oembed\" frameborder=\"0\" allow=\"accelerometer; autoplay; clipboard-write; encrypted-media; gyroscope; picture-in-picture; web-share\" referrerpolicy=\"strict-origin-when-cross-origin\" allowfullscreen><\/iframe>\n<\/div><\/figure>\n","protected":false},"excerpt":{"rendered":"<p>O Pleno do Parlamento Europeo debate sobre a modificaci\u00f3n da Directiva de enerx\u00edas renovables, que ser\u00e1 sometida a votaci\u00f3n este m\u00e9rcores<\/p>\n","protected":false},"author":4,"featured_media":5058,"comment_status":"closed","ping_status":"closed","sticky":true,"template":"","format":"standard","meta":{"footnotes":""},"categories":[2,34,27,29,20,32],"tags":[355,80,449],"yoast_head":"<!-- This site is optimized with the Yoast SEO plugin v22.3 - https:\/\/yoast.com\/wordpress\/plugins\/seo\/ -->\n<title>Casares avoga por acelerar os permisos de renovables coa participaci\u00f3n cidad\u00e1 para &quot;alcanzar os obxectivos clim\u00e1ticos e baixar a factura da enerx\u00eda&quot; - Nico G. Casares<\/title>\n<meta name=\"description\" content=\"Casares avoga por acelerar os permisos de renovables coa participaci\u00f3n cidad\u00e1\" \/>\n<meta name=\"robots\" content=\"index, follow, max-snippet:-1, max-image-preview:large, max-video-preview:-1\" \/>\n<link rel=\"canonical\" href=\"https:\/\/nicogcasares.eu\/gl\/casares-avoga-acelerar-permisos-renovables-coa-participacion-cidada-para\/\" \/>\n<meta property=\"og:locale\" content=\"gl_ES\" \/>\n<meta property=\"og:type\" content=\"article\" \/>\n<meta property=\"og:title\" content=\"Casares avoga por acelerar os permisos de renovables coa participaci\u00f3n cidad\u00e1 para &quot;alcanzar os obxectivos clim\u00e1ticos e baixar a factura da enerx\u00eda&quot;\" \/>\n<meta property=\"og:description\" content=\"O Pleno do Parlamento Europeo debate sobre a modificaci\u00f3n da Directiva de enerx\u00edas renovables, que ser\u00e1 sometida a votaci\u00f3n este m\u00e9rcores\" \/>\n<meta property=\"og:url\" content=\"https:\/\/nicogcasares.eu\/gl\/casares-avoga-acelerar-permisos-renovables-coa-participacion-cidada-para\/\" \/>\n<meta property=\"og:site_name\" content=\"Nico G. Casares\" \/>\n<meta property=\"article:published_time\" content=\"2022-12-14T20:55:59+00:00\" \/>\n<meta property=\"article:modified_time\" content=\"2022-12-14T21:01:08+00:00\" \/>\n<meta property=\"og:image\" content=\"https:\/\/nicogcasares.eu\/wp-content\/uploads\/2022\/12\/Nicolas-Gonzalez-Casares-este-martes.-scaled.jpg\" \/>\n\t<meta property=\"og:image:width\" content=\"2560\" \/>\n\t<meta property=\"og:image:height\" content=\"1707\" \/>\n\t<meta property=\"og:image:type\" content=\"image\/jpeg\" \/>\n<meta name=\"author\" content=\"Nicol\u00e1s Gonz\u00e1lez Casares\" \/>\n<meta name=\"twitter:card\" content=\"summary_large_image\" \/>\n<meta name=\"twitter:title\" content=\"Casares avoga por acelerar os permisos de renovables coa participaci\u00f3n cidad\u00e1 para &quot;alcanzar os obxectivos clim\u00e1ticos e baixar a factura da enerx\u00eda&quot;\" \/>\n<meta name=\"twitter:description\" content=\"O Pleno do Parlamento Europeo debate sobre a modificaci\u00f3n da Directiva de enerx\u00edas renovables, que ser\u00e1 sometida a votaci\u00f3n este m\u00e9rcores\" \/>\n<meta name=\"twitter:image\" content=\"https:\/\/nicogcasares.eu\/wp-content\/uploads\/2022\/12\/Nicolas-Gonzalez-Casares-este-martes.-scaled.jpg\" \/>\n<meta name=\"twitter:creator\" content=\"@nicogoncas\" \/>\n<meta name=\"twitter:site\" content=\"@nicogoncas\" \/>\n<meta name=\"twitter:label1\" content=\"Escrito por\" \/>\n\t<meta name=\"twitter:data1\" content=\"Nicol\u00e1s Gonz\u00e1lez Casares\" \/>\n\t<meta name=\"twitter:label2\" content=\"Tempo de lectura\" \/>\n\t<meta name=\"twitter:data2\" content=\"3 minutos\" \/>\n<script type=\"application\/ld+json\" class=\"yoast-schema-graph\">{\"@context\":\"https:\/\/schema.org\",\"@graph\":[{\"@type\":\"Article\",\"@id\":\"https:\/\/nicogcasares.eu\/gl\/casares-avoga-acelerar-permisos-renovables-coa-participacion-cidada-para\/#article\",\"isPartOf\":{\"@id\":\"https:\/\/nicogcasares.eu\/gl\/casares-avoga-acelerar-permisos-renovables-coa-participacion-cidada-para\/\"},\"author\":{\"name\":\"Nicol\u00e1s Gonz\u00e1lez Casares\",\"@id\":\"https:\/\/nicogcasares.eu\/gl\/#\/schema\/person\/75361477143e596646d48598a3778163\"},\"headline\":\"Casares avoga por acelerar os permisos de renovables coa participaci\u00f3n cidad\u00e1 para &#8220;alcanzar os obxectivos clim\u00e1ticos e baixar a factura da enerx\u00eda&#8221;\",\"datePublished\":\"2022-12-14T20:55:59+00:00\",\"dateModified\":\"2022-12-14T21:01:08+00:00\",\"mainEntityOfPage\":{\"@id\":\"https:\/\/nicogcasares.eu\/gl\/casares-avoga-acelerar-permisos-renovables-coa-participacion-cidada-para\/\"},\"wordCount\":576,\"publisher\":{\"@id\":\"https:\/\/nicogcasares.eu\/gl\/#\/schema\/person\/75361477143e596646d48598a3778163\"},\"image\":{\"@id\":\"https:\/\/nicogcasares.eu\/gl\/casares-avoga-acelerar-permisos-renovables-coa-participacion-cidada-para\/#primaryimage\"},\"thumbnailUrl\":\"https:\/\/nicogcasares.eu\/wp-content\/uploads\/2022\/12\/Nicolas-Gonzalez-Casares-este-martes.-scaled.jpg\",\"keywords\":[\"Nicol\u00e1s Gonz\u00e1lez Casares\",\"Parlamento Europeo\",\"transporte\"],\"articleSection\":[\"Actividad\",\"Actividade\",\"Energ\u00eda\",\"Enerx\u00eda\",\"Noticias\",\"Novas\"],\"inLanguage\":\"gl-ES\"},{\"@type\":\"WebPage\",\"@id\":\"https:\/\/nicogcasares.eu\/gl\/casares-avoga-acelerar-permisos-renovables-coa-participacion-cidada-para\/\",\"url\":\"https:\/\/nicogcasares.eu\/gl\/casares-avoga-acelerar-permisos-renovables-coa-participacion-cidada-para\/\",\"name\":\"Casares avoga por acelerar os permisos de renovables coa participaci\u00f3n cidad\u00e1 para \\\"alcanzar os obxectivos clim\u00e1ticos e baixar a factura da enerx\u00eda\\\" - Nico G. Casares\",\"isPartOf\":{\"@id\":\"https:\/\/nicogcasares.eu\/gl\/#website\"},\"primaryImageOfPage\":{\"@id\":\"https:\/\/nicogcasares.eu\/gl\/casares-avoga-acelerar-permisos-renovables-coa-participacion-cidada-para\/#primaryimage\"},\"image\":{\"@id\":\"https:\/\/nicogcasares.eu\/gl\/casares-avoga-acelerar-permisos-renovables-coa-participacion-cidada-para\/#primaryimage\"},\"thumbnailUrl\":\"https:\/\/nicogcasares.eu\/wp-content\/uploads\/2022\/12\/Nicolas-Gonzalez-Casares-este-martes.-scaled.jpg\",\"datePublished\":\"2022-12-14T20:55:59+00:00\",\"dateModified\":\"2022-12-14T21:01:08+00:00\",\"description\":\"Casares avoga por acelerar os permisos de renovables coa participaci\u00f3n cidad\u00e1\",\"breadcrumb\":{\"@id\":\"https:\/\/nicogcasares.eu\/gl\/casares-avoga-acelerar-permisos-renovables-coa-participacion-cidada-para\/#breadcrumb\"},\"inLanguage\":\"gl-ES\",\"potentialAction\":[{\"@type\":\"ReadAction\",\"target\":[\"https:\/\/nicogcasares.eu\/gl\/casares-avoga-acelerar-permisos-renovables-coa-participacion-cidada-para\/\"]}]},{\"@type\":\"ImageObject\",\"inLanguage\":\"gl-ES\",\"@id\":\"https:\/\/nicogcasares.eu\/gl\/casares-avoga-acelerar-permisos-renovables-coa-participacion-cidada-para\/#primaryimage\",\"url\":\"https:\/\/nicogcasares.eu\/wp-content\/uploads\/2022\/12\/Nicolas-Gonzalez-Casares-este-martes.-scaled.jpg\",\"contentUrl\":\"https:\/\/nicogcasares.eu\/wp-content\/uploads\/2022\/12\/Nicolas-Gonzalez-Casares-este-martes.-scaled.jpg\",\"width\":2560,\"height\":1707,\"caption\":\"EP Plenary session - Renewable Energy, Energy Performance of Buildings and Energy Efficiency Directives: amendments (REPowerEU)\"},{\"@type\":\"BreadcrumbList\",\"@id\":\"https:\/\/nicogcasares.eu\/gl\/casares-avoga-acelerar-permisos-renovables-coa-participacion-cidada-para\/#breadcrumb\",\"itemListElement\":[{\"@type\":\"ListItem\",\"position\":1,\"name\":\"Portada\",\"item\":\"https:\/\/nicogcasares.eu\/gl\/\"},{\"@type\":\"ListItem\",\"position\":2,\"name\":\"Casares avoga por acelerar os permisos de renovables coa participaci\u00f3n cidad\u00e1 para \u00abalcanzar os obxectivos clim\u00e1ticos e baixar a factura da enerx\u00eda\u00bb\"}]},{\"@type\":\"WebSite\",\"@id\":\"https:\/\/nicogcasares.eu\/gl\/#website\",\"url\":\"https:\/\/nicogcasares.eu\/gl\/\",\"name\":\"Nico G. Casares\",\"description\":\"Diputado socialista en el parlamento europeo\",\"publisher\":{\"@id\":\"https:\/\/nicogcasares.eu\/gl\/#\/schema\/person\/75361477143e596646d48598a3778163\"},\"potentialAction\":[{\"@type\":\"SearchAction\",\"target\":{\"@type\":\"EntryPoint\",\"urlTemplate\":\"https:\/\/nicogcasares.eu\/gl\/?s={search_term_string}\"},\"query-input\":\"required name=search_term_string\"}],\"inLanguage\":\"gl-ES\"},{\"@type\":[\"Person\",\"Organization\"],\"@id\":\"https:\/\/nicogcasares.eu\/gl\/#\/schema\/person\/75361477143e596646d48598a3778163\",\"name\":\"Nicol\u00e1s Gonz\u00e1lez Casares\",\"image\":{\"@type\":\"ImageObject\",\"inLanguage\":\"gl-ES\",\"@id\":\"https:\/\/nicogcasares.eu\/gl\/#\/schema\/person\/image\/\",\"url\":\"https:\/\/nicogcasares.eu\/wp-content\/uploads\/2021\/11\/20211006_EP-119139A_FMA_0895_RESIZED_S.jpg\",\"contentUrl\":\"https:\/\/nicogcasares.eu\/wp-content\/uploads\/2021\/11\/20211006_EP-119139A_FMA_0895_RESIZED_S.jpg\",\"width\":639,\"height\":426,\"caption\":\"Nicol\u00e1s Gonz\u00e1lez Casares\"},\"logo\":{\"@id\":\"https:\/\/nicogcasares.eu\/gl\/#\/schema\/person\/image\/\"},\"url\":\"https:\/\/nicogcasares.eu\/gl\/author\/nico\/\"}]}<\/script>\n<!-- \/ Yoast SEO plugin. -->","yoast_head_json":{"title":"Casares avoga por acelerar os permisos de renovables coa participaci\u00f3n cidad\u00e1 para \"alcanzar os obxectivos clim\u00e1ticos e baixar a factura da enerx\u00eda\" - Nico G. Casares","description":"Casares avoga por acelerar os permisos de renovables coa participaci\u00f3n cidad\u00e1","robots":{"index":"index","follow":"follow","max-snippet":"max-snippet:-1","max-image-preview":"max-image-preview:large","max-video-preview":"max-video-preview:-1"},"canonical":"https:\/\/nicogcasares.eu\/gl\/casares-avoga-acelerar-permisos-renovables-coa-participacion-cidada-para\/","og_locale":"gl_ES","og_type":"article","og_title":"Casares avoga por acelerar os permisos de renovables coa participaci\u00f3n cidad\u00e1 para \"alcanzar os obxectivos clim\u00e1ticos e baixar a factura da enerx\u00eda\"","og_description":"O Pleno do Parlamento Europeo debate sobre a modificaci\u00f3n da Directiva de enerx\u00edas renovables, que ser\u00e1 sometida a votaci\u00f3n este m\u00e9rcores","og_url":"https:\/\/nicogcasares.eu\/gl\/casares-avoga-acelerar-permisos-renovables-coa-participacion-cidada-para\/","og_site_name":"Nico G. Casares","article_published_time":"2022-12-14T20:55:59+00:00","article_modified_time":"2022-12-14T21:01:08+00:00","og_image":[{"width":2560,"height":1707,"url":"https:\/\/nicogcasares.eu\/wp-content\/uploads\/2022\/12\/Nicolas-Gonzalez-Casares-este-martes.-scaled.jpg","type":"image\/jpeg"}],"author":"Nicol\u00e1s Gonz\u00e1lez Casares","twitter_card":"summary_large_image","twitter_title":"Casares avoga por acelerar os permisos de renovables coa participaci\u00f3n cidad\u00e1 para \"alcanzar os obxectivos clim\u00e1ticos e baixar a factura da enerx\u00eda\"","twitter_description":"O Pleno do Parlamento Europeo debate sobre a modificaci\u00f3n da Directiva de enerx\u00edas renovables, que ser\u00e1 sometida a votaci\u00f3n este m\u00e9rcores","twitter_image":"https:\/\/nicogcasares.eu\/wp-content\/uploads\/2022\/12\/Nicolas-Gonzalez-Casares-este-martes.-scaled.jpg","twitter_creator":"@nicogoncas","twitter_site":"@nicogoncas","twitter_misc":{"Escrito por":"Nicol\u00e1s Gonz\u00e1lez Casares","Tempo de lectura":"3 minutos"},"schema":{"@context":"https:\/\/schema.org","@graph":[{"@type":"Article","@id":"https:\/\/nicogcasares.eu\/gl\/casares-avoga-acelerar-permisos-renovables-coa-participacion-cidada-para\/#article","isPartOf":{"@id":"https:\/\/nicogcasares.eu\/gl\/casares-avoga-acelerar-permisos-renovables-coa-participacion-cidada-para\/"},"author":{"name":"Nicol\u00e1s Gonz\u00e1lez Casares","@id":"https:\/\/nicogcasares.eu\/gl\/#\/schema\/person\/75361477143e596646d48598a3778163"},"headline":"Casares avoga por acelerar os permisos de renovables coa participaci\u00f3n cidad\u00e1 para &#8220;alcanzar os obxectivos clim\u00e1ticos e baixar a factura da enerx\u00eda&#8221;","datePublished":"2022-12-14T20:55:59+00:00","dateModified":"2022-12-14T21:01:08+00:00","mainEntityOfPage":{"@id":"https:\/\/nicogcasares.eu\/gl\/casares-avoga-acelerar-permisos-renovables-coa-participacion-cidada-para\/"},"wordCount":576,"publisher":{"@id":"https:\/\/nicogcasares.eu\/gl\/#\/schema\/person\/75361477143e596646d48598a3778163"},"image":{"@id":"https:\/\/nicogcasares.eu\/gl\/casares-avoga-acelerar-permisos-renovables-coa-participacion-cidada-para\/#primaryimage"},"thumbnailUrl":"https:\/\/nicogcasares.eu\/wp-content\/uploads\/2022\/12\/Nicolas-Gonzalez-Casares-este-martes.-scaled.jpg","keywords":["Nicol\u00e1s Gonz\u00e1lez Casares","Parlamento Europeo","transporte"],"articleSection":["Actividad","Actividade","Energ\u00eda","Enerx\u00eda","Noticias","Novas"],"inLanguage":"gl-ES"},{"@type":"WebPage","@id":"https:\/\/nicogcasares.eu\/gl\/casares-avoga-acelerar-permisos-renovables-coa-participacion-cidada-para\/","url":"https:\/\/nicogcasares.eu\/gl\/casares-avoga-acelerar-permisos-renovables-coa-participacion-cidada-para\/","name":"Casares avoga por acelerar os permisos de renovables coa participaci\u00f3n cidad\u00e1 para \"alcanzar os obxectivos clim\u00e1ticos e baixar a factura da enerx\u00eda\" - Nico G. Casares","isPartOf":{"@id":"https:\/\/nicogcasares.eu\/gl\/#website"},"primaryImageOfPage":{"@id":"https:\/\/nicogcasares.eu\/gl\/casares-avoga-acelerar-permisos-renovables-coa-participacion-cidada-para\/#primaryimage"},"image":{"@id":"https:\/\/nicogcasares.eu\/gl\/casares-avoga-acelerar-permisos-renovables-coa-participacion-cidada-para\/#primaryimage"},"thumbnailUrl":"https:\/\/nicogcasares.eu\/wp-content\/uploads\/2022\/12\/Nicolas-Gonzalez-Casares-este-martes.-scaled.jpg","datePublished":"2022-12-14T20:55:59+00:00","dateModified":"2022-12-14T21:01:08+00:00","description":"Casares avoga por acelerar os permisos de renovables coa participaci\u00f3n cidad\u00e1","breadcrumb":{"@id":"https:\/\/nicogcasares.eu\/gl\/casares-avoga-acelerar-permisos-renovables-coa-participacion-cidada-para\/#breadcrumb"},"inLanguage":"gl-ES","potentialAction":[{"@type":"ReadAction","target":["https:\/\/nicogcasares.eu\/gl\/casares-avoga-acelerar-permisos-renovables-coa-participacion-cidada-para\/"]}]},{"@type":"ImageObject","inLanguage":"gl-ES","@id":"https:\/\/nicogcasares.eu\/gl\/casares-avoga-acelerar-permisos-renovables-coa-participacion-cidada-para\/#primaryimage","url":"https:\/\/nicogcasares.eu\/wp-content\/uploads\/2022\/12\/Nicolas-Gonzalez-Casares-este-martes.-scaled.jpg","contentUrl":"https:\/\/nicogcasares.eu\/wp-content\/uploads\/2022\/12\/Nicolas-Gonzalez-Casares-este-martes.-scaled.jpg","width":2560,"height":1707,"caption":"EP Plenary session - Renewable Energy, Energy Performance of Buildings and Energy Efficiency Directives: amendments (REPowerEU)"},{"@type":"BreadcrumbList","@id":"https:\/\/nicogcasares.eu\/gl\/casares-avoga-acelerar-permisos-renovables-coa-participacion-cidada-para\/#breadcrumb","itemListElement":[{"@type":"ListItem","position":1,"name":"Portada","item":"https:\/\/nicogcasares.eu\/gl\/"},{"@type":"ListItem","position":2,"name":"Casares avoga por acelerar os permisos de renovables coa participaci\u00f3n cidad\u00e1 para \u00abalcanzar os obxectivos clim\u00e1ticos e baixar a factura da enerx\u00eda\u00bb"}]},{"@type":"WebSite","@id":"https:\/\/nicogcasares.eu\/gl\/#website","url":"https:\/\/nicogcasares.eu\/gl\/","name":"Nico G. Casares","description":"Diputado socialista en el parlamento europeo","publisher":{"@id":"https:\/\/nicogcasares.eu\/gl\/#\/schema\/person\/75361477143e596646d48598a3778163"},"potentialAction":[{"@type":"SearchAction","target":{"@type":"EntryPoint","urlTemplate":"https:\/\/nicogcasares.eu\/gl\/?s={search_term_string}"},"query-input":"required name=search_term_string"}],"inLanguage":"gl-ES"},{"@type":["Person","Organization"],"@id":"https:\/\/nicogcasares.eu\/gl\/#\/schema\/person\/75361477143e596646d48598a3778163","name":"Nicol\u00e1s Gonz\u00e1lez Casares","image":{"@type":"ImageObject","inLanguage":"gl-ES","@id":"https:\/\/nicogcasares.eu\/gl\/#\/schema\/person\/image\/","url":"https:\/\/nicogcasares.eu\/wp-content\/uploads\/2021\/11\/20211006_EP-119139A_FMA_0895_RESIZED_S.jpg","contentUrl":"https:\/\/nicogcasares.eu\/wp-content\/uploads\/2021\/11\/20211006_EP-119139A_FMA_0895_RESIZED_S.jpg","width":639,"height":426,"caption":"Nicol\u00e1s Gonz\u00e1lez Casares"},"logo":{"@id":"https:\/\/nicogcasares.eu\/gl\/#\/schema\/person\/image\/"},"url":"https:\/\/nicogcasares.eu\/gl\/author\/nico\/"}]}},"_links":{"self":[{"href":"https:\/\/nicogcasares.eu\/gl\/wp-json\/wp\/v2\/posts\/5067"}],"collection":[{"href":"https:\/\/nicogcasares.eu\/gl\/wp-json\/wp\/v2\/posts"}],"about":[{"href":"https:\/\/nicogcasares.eu\/gl\/wp-json\/wp\/v2\/types\/post"}],"author":[{"embeddable":true,"href":"https:\/\/nicogcasares.eu\/gl\/wp-json\/wp\/v2\/users\/4"}],"replies":[{"embeddable":true,"href":"https:\/\/nicogcasares.eu\/gl\/wp-json\/wp\/v2\/comments?post=5067"}],"version-history":[{"count":2,"href":"https:\/\/nicogcasares.eu\/gl\/wp-json\/wp\/v2\/posts\/5067\/revisions"}],"predecessor-version":[{"id":5069,"href":"https:\/\/nicogcasares.eu\/gl\/wp-json\/wp\/v2\/posts\/5067\/revisions\/5069"}],"wp:featuredmedia":[{"embeddable":true,"href":"https:\/\/nicogcasares.eu\/gl\/wp-json\/wp\/v2\/media\/5058"}],"wp:attachment":[{"href":"https:\/\/nicogcasares.eu\/gl\/wp-json\/wp\/v2\/media?parent=5067"}],"wp:term":[{"taxonomy":"category","embeddable":true,"href":"https:\/\/nicogcasares.eu\/gl\/wp-json\/wp\/v2\/categories?post=5067"},{"taxonomy":"post_tag","embeddable":true,"href":"https:\/\/nicogcasares.eu\/gl\/wp-json\/wp\/v2\/tags?post=5067"}],"curies":[{"name":"wp","href":"https:\/\/api.w.org\/{rel}","templated":true}]}}