{"id":5185,"date":"2023-02-09T13:20:34","date_gmt":"2023-02-09T11:20:34","guid":{"rendered":"https:\/\/nicogcasares.eu\/?p=5185"},"modified":"2023-02-09T13:23:47","modified_gmt":"2023-02-09T11:23:47","slug":"ya-hay-empresas-que-se-estan-yendo-a-eeuu-por-la-ira-de-biden","status":"publish","type":"post","link":"https:\/\/nicogcasares.eu\/gl\/ya-hay-empresas-que-se-estan-yendo-a-eeuu-por-la-ira-de-biden\/","title":{"rendered":"&#8220;Ya hay empresas que se est\u00e1n yendo a EEUU por la IRA de Biden&#8221;"},"content":{"rendered":"\n<p>ESTA ENTREVISTA FUE PUBLICADA EN El Plural EL 9 DE FEBRERO. <a href=\"https:\/\/www.elplural.com\/economia\/nicolas-gonzalez-comision-energia-europea-hay-empresas-estan-yendo-eeuu-ira-biden_305714102\" target=\"_blank\" rel=\"noreferrer noopener\">AQU\u00cd PUEDES LEERLO<\/a><\/p>\n\n\n\n<p><strong>El eurodiputado pide que el tema se aborde desde la coordinaci\u00f3n europea: &#8220;Debe haber una respuesta adecuada, no vale de nada que solo la tenga Alemania&#8221;<\/strong><\/p>\n\n\n\n<p><strong>Nicol\u00e1s Gonz\u00e1lez<\/strong>, eurodiputado socialista y miembro de la Comisi\u00f3n de Energ\u00eda, ha atendido a EPlural.com para esclarecer el debate que se est\u00e1 produciendo esta semana en Bruselas como consecuencia de la Ley de la Reducci\u00f3n de la Inflaci\u00f3n (IRA, por sus siglas en ingl\u00e9s) aprobada por Estados Unidos. Esta norma pretende favorecer y atraer las inversiones verdes a trav\u00e9s de subsidios para la transici\u00f3n ecol\u00f3gica por valor de 400.000 millones de euros, lo que <a href=\"https:\/\/www.elplural.com\/economia\/europa-desunida-prepara-responder-competencia-verde-eeuu_305629102\" target=\"_blank\" rel=\"noreferrer noopener\">perjudica a las empresas europeas<\/a>, puede propiciar fugas de inversiones, tanto nuevas como ya instaladas en Europa, y podr\u00eda ser una muestra de <strong>competencia desleal <\/strong>por parte de uno de los socios comerciales m\u00e1s importantes de Europa. <\/p>\n\n\n\n<p><strong>Pregunta: \u00bfEn qu\u00e9 momento se encuentra actualmente el debate en Europa?<\/strong> <\/p>\n\n\n\n<p>Respuesta: La propuesta de la comisi\u00f3n se va a discutir y yo creo que tiene algunos puntos buenos, pero le falta alguna cosa importante: el riesgo de desequilibrio del mercado interior. Al relajar el esquema de las ayudas de Estado, los pa\u00edses con m\u00e1s pulm\u00f3n, tipo Alemania y Francia, pero sobre todo Alemania, se pueden beneficiar de que ellos tienen facilidad para poner deuda y dar ayudas de Estado. Otros pa\u00edses son m\u00e1s peque\u00f1os o est\u00e1n peor financieramente. <\/p>\n\n\n\n<p><strong>P: \u00bfSe puede producir una descompensaci\u00f3n, una desigualdad, entre pa\u00edses de la propia Uni\u00f3n? <\/strong><\/p>\n\n\n\n<p>Exactamente. Desde que empez\u00f3 la guerra de Ucrania, de todas las ayudas de Estado permitidas por la Comisi\u00f3n, m\u00e1s del 50% son de Alemania. Esto quiere decir que Alemania utiliza ese poder financiero, lo que provoca que una empresa alemana pueda recibir m\u00e1s ayudas que una Italia, espa\u00f1ola o belga. Esto fragmenta el mercado y para eso se necesitan tambi\u00e9n otros instrumentos que compensen esto. Se habla de un fondo de soberan\u00eda como respuesta a la IRA, pero no se sabe c\u00f3mo se va a hacer esto. <\/p>\n\n\n\n<p><strong>P: Un fondo de soberan\u00eda conjunto y consensuado ha recibido la negativa de los pa\u00edses frugales, con Pa\u00edses Bajos a la cabeza. \u00bfC\u00f3mo ha sentado esto? <\/strong><\/p>\n\n\n\n<p>R: Siempre van a hacer lo mismo, decir que no se pone ese dinero. Aducen que a\u00fan quedan fondos de next generation, sobre todo de la parte de pr\u00e9stamos, que pueden tomar los pa\u00edses. El problema es que, aunque quedan pr\u00e9stamos, y Espa\u00f1a fue el primero en solicitarlos, para liberar esos fondos a veces la burocracia es muy amplia y aqu\u00ed lo que se necesita es una respuesta r\u00e1pida. Una de las discusiones que va a haber es de qu\u00e9 manera se puede agilizar esa burocracia. <\/p>\n\n\n\n<p><strong>P: \u00bfSe est\u00e1n produciendo ya fugas a EEUU por la implantaci\u00f3n de su pol\u00edtica? <\/strong><\/p>\n\n\n\n<p>R: S\u00ed. O dirigir inversiones que iban a hacerse en la UE a EEUU. Eso ya est\u00e1 pasando. Con empresas energ\u00e9ticas grandes, y con otras no tan grandes, y soluciones innovadoras en la descarbonizaci\u00f3n que est\u00e1n teniendo ofertas para irse. Hay empresas que est\u00e1n dirigiendo sus inversiones a EEUU por la IRA y esto hay que pararlo. A parte, las que tienen la tentaci\u00f3n de irse son empresas de tecnolog\u00edas limpias y algunas de ellas bastante innovadoras. Es una doble p\u00e9rdida, se va la empresa y la innovaci\u00f3n. <\/p>\n\n\n\n<p><strong>P: \u00bfSe ha recibido en Bruselas la pol\u00edtica estadounidense como un acto de competencia desleal? <\/strong><\/p>\n\n\n\n<p>Desde luego no ha gustado. Hay muchas dudas de hacer exactamente lo mismo y entrar en una guerra comercial, lo que no tendr\u00eda sentido. Nos perjudicamos todos. Pero Europa tiene que mantener sus actos en esta transici\u00f3n energ\u00e9tica. Ha empezado con unos compromisos clim\u00e1ticos a largo m\u00e1s ambiciosos que el resto, ha ido haciendo los deberes. En el sector de la transici\u00f3n energ\u00e9tica y ecol\u00f3gica somos l\u00edderes y no podemos perder este momento. Tenemos que protegerlo como sea. <\/p>\n\n\n\n<p><strong>&#8220;Es una doble p\u00e9rdida, se va la empresa y la innovaci\u00f3n&#8221;<\/strong><\/p>\n\n\n\n<p><strong>P: \u00bfY qu\u00e9 se puede hacer? <\/strong><\/p>\n\n\n\n<p>R: El comisario Thierry Breton apuntaba que ir cambiando las ayudas de Estado tambi\u00e9n genera inseguridad. Est\u00e1 bien ir relaj\u00e1ndolas, pero hay que tener algo alternativo. Hablaba de que el Banco Europeo de Inversiones (BEI) movilizara inversiones. El debate ahora es c\u00f3mo se puede hacer que todos los pa\u00edses tengan una respuesta adecuada, no vale de nada que solo la tengan Alemania o Francia. Adem\u00e1s, hay que favorecer los proyectos transnacionales para que eso ayude a cohesionar el mercado anterior.<\/p>\n\n\n\n<p><strong>P: En torno a esto, \u00bfqu\u00e9 posiciones hay ahora mismo en Bruselas? \u00bfCu\u00e1l cree que ser\u00e1 la soluci\u00f3n elegida) <\/strong><\/p>\n\n\n\n<p>R: Francia, aunque puede tener intereses comunes con Alemania, no est\u00e1 exactamente en eso (relajar las ayudas de Estado \u00fanicamente), sino en una posici\u00f3n intermedia m\u00e1s cercana a la espa\u00f1ola. Al final lo que se busca es que el dinero llegue a las empresas, pero a todas las europeas. <\/p>\n\n\n\n<p>La soluci\u00f3n va a pasar porque se relajen las ayudas de Estado, que ya se est\u00e1 pactando, pero tambi\u00e9n se va a buscar la manera de que todos los fondos disponibles y existentes se puedan agilizar y concentrar en estas tecnolog\u00edas limpias para la transici\u00f3n ecol\u00f3gica. Es decir, que todo el dinero dirigido ah\u00ed no sufra tantos controles para ser liberado. <\/p>\n\n\n\n<p><strong>Reforma del mercado energ\u00e9tico <\/strong><\/p>\n\n\n\n<p><strong>P: En otro orden de cosas, aunque relacionadas, \u00bfqu\u00e9 nos puede decir sobre la reforma del mercado energ\u00e9tico europeo? <\/strong><\/p>\n\n\n\n<p>Estamos en momento de consultas. La Comisi\u00f3n dijo que lanzar\u00eda la propuesta en el primer trimestre, supongo que a finales de marzo. Yo creo que debe ser una reforma profunda para adaptar al verdadero marco que nos espera, donde las renovables cada vez tendr\u00e1n m\u00e1s parte en el mercado. Tambi\u00e9n debe darse el debate sobre el precio de los consumidores y la autonom\u00eda energ\u00e9tica europea. <\/p>\n\n\n\n<p><strong>P: \u00bfExiste alg\u00fan aspecto que se est\u00e9 enquistando en el \u00e1mbito de las renovables? <\/strong><\/p>\n\n\n\n<p>R: En una de las propuestas, la primera subasta de hidr\u00f3geno renovable por valor de 800 millones de euros, que lanzar\u00eda la consulta en junio y se har\u00eda la subasta en septiembre. Eso est\u00e1 muy bien, pero la Comisi\u00f3n a\u00fan no ha definido lo que ese hidr\u00f3geno renovable. Lleva un a\u00f1o de retraso y, por ejemplo, hoy quer\u00edamos mantener un tr\u00edlogo (reuni\u00f3n tripartita) y el ponente del Parlamento ha decidido, unilateralmente, suspenderlo por no contar con esa definici\u00f3n. La Comisi\u00f3n no avanza y eso est\u00e1 avanzando al marco legislativo que van a tener las energ\u00edas limpias en los pr\u00f3ximos a\u00f1os. Como el perro y el gato, la Comisi\u00f3n tiene unas disputas internas importantes. <\/p>\n\n\n\n<p><strong>P: Retornado a la reforma amplia del mercado energ\u00e9tico, \u00bfc\u00f3mo ha sido acogida la propuesta espa\u00f1ola? <\/strong><\/p>\n\n\n\n<p>R: Ese debate se est\u00e1 produciendo ahora. La propuesta espa\u00f1ola ha sido bien recibida por algunos y mal por otros. Hay alguna similar, la francesa y la griega tienen puntos parecidos. El parlamento est\u00e1 preparando el debate que va a ser uno de los elementos clave de esta legislatura. La presidencia espa\u00f1ola va a ser clave, porque va a ser la que fije la posici\u00f3n del Consejo. <\/p>\n\n\n\n<p>El primer objetivo, cuando comenz\u00f3 el debate, era desacoplar el precio de los f\u00f3siles del precio de la electricidad. Hay un informe del Tribunal de Cuentas Europeo donde dec\u00eda que el regulador europeo ACER (Agencia de Cooperaci\u00f3n de los Reguladores de la Energ\u00eda) no hab\u00eda sido capaz de ver las anomal\u00edas que hab\u00eda en el mercado y tener subidas de precios que parec\u00eda especulativas. Lo que subyace es la ortodoxia de algunos actores por defender las anteriores reglas y otros que estamos defendiendo que eso tiene que cambiar porque no se adaptan a la realidad. <\/p>\n\n\n\n<p><strong>&#8220;Como el perro y el gato, la Comisi\u00f3n tiene unas disputas internas importantes&#8221;<\/strong><\/p>\n\n\n\n<p><strong>P: Has mencionado anteriormente que la presidencia espa\u00f1ola ser\u00e1 clave. \u00bfC\u00f3mo crees que se est\u00e1 preparando la presidencia de Espa\u00f1a del Consejo Europeo para el segundo semestre de este a\u00f1o? <\/strong><\/p>\n\n\n\n<p>Llega en un momento en el que hay much\u00edsimas cosas, de gran importancia y de gran inter\u00e9s, en las que se van a fijar posiciones durante la presidencia espa\u00f1ola. Es la \u00faltima h\u00e1bil antes de las elecciones europeas, la siguiente tiene un semestre en el que coinciden comicios en 2024. Por tanto, esta es una presidencia que requiere much\u00edsimo trabajo y atenci\u00f3n. La reforma del mercado el\u00e9ctrico, el marco fiscal, tambi\u00e9n en el campo de la salud con las principales legislaciones farmac\u00e9uticas que se van a abrir, los materiales cr\u00edticos para la transici\u00f3n energ\u00e9tica. Son cuestiones muy importantes, ser\u00e1 una presidencia con mucha exigencia, pero tambi\u00e9n con muchas oportunidades para que el pa\u00eds demuestre que un socio potente e importante.<\/p>\n","protected":false},"excerpt":{"rendered":"<p>El eurodiputado pide que el tema se aborde desde la coordinaci\u00f3n europea: &#8220;Debe haber una respuesta adecuada, no vale de nada que solo la tenga Alemania&#8221;<\/p>\n","protected":false},"author":4,"featured_media":5181,"comment_status":"closed","ping_status":"closed","sticky":true,"template":"","format":"standard","meta":{"footnotes":""},"categories":[2,34,77,82],"tags":[57,473,357],"yoast_head":"<!-- This site is optimized with the Yoast SEO plugin v22.3 - https:\/\/yoast.com\/wordpress\/plugins\/seo\/ -->\n<title>&quot;Ya hay empresas que se est\u00e1n yendo a EEUU por la IRA de Biden&quot; - Nico G. Casares<\/title>\n<meta name=\"description\" content=\"Nicol\u00e1s G. Casares pide que el tema se aborde desde la coordinaci\u00f3n europea: &quot;Debe haber una respuesta adecuada, no vale de nada que solo la tenga Alemania&quot;\" \/>\n<meta name=\"robots\" content=\"index, follow, max-snippet:-1, max-image-preview:large, max-video-preview:-1\" \/>\n<link rel=\"canonical\" href=\"https:\/\/nicogcasares.eu\/gl\/ya-hay-empresas-que-se-estan-yendo-a-eeuu-por-la-ira-de-biden\/\" \/>\n<meta property=\"og:locale\" content=\"gl_ES\" \/>\n<meta property=\"og:type\" content=\"article\" \/>\n<meta property=\"og:title\" content=\"&quot;Ya hay empresas que se est\u00e1n yendo a EEUU por la IRA de Biden&quot;\" \/>\n<meta property=\"og:description\" content=\"El eurodiputado pide que el tema se aborde desde la coordinaci\u00f3n europea: &quot;Debe haber una respuesta adecuada, no vale de nada que solo la tenga Alemania&quot;\" \/>\n<meta property=\"og:url\" content=\"https:\/\/nicogcasares.eu\/gl\/ya-hay-empresas-que-se-estan-yendo-a-eeuu-por-la-ira-de-biden\/\" \/>\n<meta property=\"og:site_name\" content=\"Nico G. Casares\" \/>\n<meta property=\"article:published_time\" content=\"2023-02-09T11:20:34+00:00\" \/>\n<meta property=\"article:modified_time\" content=\"2023-02-09T11:23:47+00:00\" \/>\n<meta property=\"og:image\" content=\"https:\/\/nicogcasares.eu\/wp-content\/uploads\/2023\/02\/Nicolas-Gonzalez-eurodiputado-socialista-y-miembro-de-la-Comision-de-Energia.jpeg\" \/>\n\t<meta property=\"og:image:width\" content=\"800\" \/>\n\t<meta property=\"og:image:height\" content=\"450\" \/>\n\t<meta property=\"og:image:type\" content=\"image\/jpeg\" \/>\n<meta name=\"author\" content=\"Nicol\u00e1s Gonz\u00e1lez Casares\" \/>\n<meta name=\"twitter:card\" content=\"summary_large_image\" \/>\n<meta name=\"twitter:title\" content=\"&quot;Ya hay empresas que se est\u00e1n yendo a EEUU por la IRA de Biden&quot;\" \/>\n<meta name=\"twitter:description\" content=\"El eurodiputado pide que el tema se aborde desde la coordinaci\u00f3n europea: &quot;Debe haber una respuesta adecuada, no vale de nada que solo la tenga Alemania&quot;\" \/>\n<meta name=\"twitter:image\" content=\"https:\/\/nicogcasares.eu\/wp-content\/uploads\/2023\/02\/Nicolas-Gonzalez-eurodiputado-socialista-y-miembro-de-la-Comision-de-Energia.jpeg\" \/>\n<meta name=\"twitter:creator\" content=\"@nicogoncas\" \/>\n<meta name=\"twitter:site\" content=\"@nicogoncas\" \/>\n<meta name=\"twitter:label1\" content=\"Escrito por\" \/>\n\t<meta name=\"twitter:data1\" content=\"Nicol\u00e1s Gonz\u00e1lez Casares\" \/>\n\t<meta name=\"twitter:label2\" content=\"Tempo de lectura\" \/>\n\t<meta name=\"twitter:data2\" content=\"7 minutos\" \/>\n<script type=\"application\/ld+json\" class=\"yoast-schema-graph\">{\"@context\":\"https:\/\/schema.org\",\"@graph\":[{\"@type\":\"Article\",\"@id\":\"https:\/\/nicogcasares.eu\/gl\/ya-hay-empresas-que-se-estan-yendo-a-eeuu-por-la-ira-de-biden\/#article\",\"isPartOf\":{\"@id\":\"https:\/\/nicogcasares.eu\/gl\/ya-hay-empresas-que-se-estan-yendo-a-eeuu-por-la-ira-de-biden\/\"},\"author\":{\"name\":\"Nicol\u00e1s Gonz\u00e1lez Casares\",\"@id\":\"https:\/\/nicogcasares.eu\/gl\/#\/schema\/person\/75361477143e596646d48598a3778163\"},\"headline\":\"&#8220;Ya hay empresas que se est\u00e1n yendo a EEUU por la IRA de Biden&#8221;\",\"datePublished\":\"2023-02-09T11:20:34+00:00\",\"dateModified\":\"2023-02-09T11:23:47+00:00\",\"mainEntityOfPage\":{\"@id\":\"https:\/\/nicogcasares.eu\/gl\/ya-hay-empresas-que-se-estan-yendo-a-eeuu-por-la-ira-de-biden\/\"},\"wordCount\":1579,\"publisher\":{\"@id\":\"https:\/\/nicogcasares.eu\/gl\/#\/schema\/person\/75361477143e596646d48598a3778163\"},\"image\":{\"@id\":\"https:\/\/nicogcasares.eu\/gl\/ya-hay-empresas-que-se-estan-yendo-a-eeuu-por-la-ira-de-biden\/#primaryimage\"},\"thumbnailUrl\":\"https:\/\/nicogcasares.eu\/wp-content\/uploads\/2023\/02\/Nicolas-Gonzalez-eurodiputado-socialista-y-miembro-de-la-Comision-de-Energia.jpeg\",\"keywords\":[\"Comisi\u00f3n Europea\",\"Joe Biden\",\"Nicol\u00e1s Gonz\u00e1lez Casares\"],\"articleSection\":[\"Actividad\",\"Actividade\",\"Entrevistas\",\"Entrevistas\"],\"inLanguage\":\"gl-ES\"},{\"@type\":\"WebPage\",\"@id\":\"https:\/\/nicogcasares.eu\/gl\/ya-hay-empresas-que-se-estan-yendo-a-eeuu-por-la-ira-de-biden\/\",\"url\":\"https:\/\/nicogcasares.eu\/gl\/ya-hay-empresas-que-se-estan-yendo-a-eeuu-por-la-ira-de-biden\/\",\"name\":\"\\\"Ya hay empresas que se est\u00e1n yendo a EEUU por la IRA de Biden\\\" - Nico G. Casares\",\"isPartOf\":{\"@id\":\"https:\/\/nicogcasares.eu\/gl\/#website\"},\"primaryImageOfPage\":{\"@id\":\"https:\/\/nicogcasares.eu\/gl\/ya-hay-empresas-que-se-estan-yendo-a-eeuu-por-la-ira-de-biden\/#primaryimage\"},\"image\":{\"@id\":\"https:\/\/nicogcasares.eu\/gl\/ya-hay-empresas-que-se-estan-yendo-a-eeuu-por-la-ira-de-biden\/#primaryimage\"},\"thumbnailUrl\":\"https:\/\/nicogcasares.eu\/wp-content\/uploads\/2023\/02\/Nicolas-Gonzalez-eurodiputado-socialista-y-miembro-de-la-Comision-de-Energia.jpeg\",\"datePublished\":\"2023-02-09T11:20:34+00:00\",\"dateModified\":\"2023-02-09T11:23:47+00:00\",\"description\":\"Nicol\u00e1s G. Casares pide que el tema se aborde desde la coordinaci\u00f3n europea: \\\"Debe haber una respuesta adecuada, no vale de nada que solo la tenga Alemania\\\"\",\"breadcrumb\":{\"@id\":\"https:\/\/nicogcasares.eu\/gl\/ya-hay-empresas-que-se-estan-yendo-a-eeuu-por-la-ira-de-biden\/#breadcrumb\"},\"inLanguage\":\"gl-ES\",\"potentialAction\":[{\"@type\":\"ReadAction\",\"target\":[\"https:\/\/nicogcasares.eu\/gl\/ya-hay-empresas-que-se-estan-yendo-a-eeuu-por-la-ira-de-biden\/\"]}]},{\"@type\":\"ImageObject\",\"inLanguage\":\"gl-ES\",\"@id\":\"https:\/\/nicogcasares.eu\/gl\/ya-hay-empresas-que-se-estan-yendo-a-eeuu-por-la-ira-de-biden\/#primaryimage\",\"url\":\"https:\/\/nicogcasares.eu\/wp-content\/uploads\/2023\/02\/Nicolas-Gonzalez-eurodiputado-socialista-y-miembro-de-la-Comision-de-Energia.jpeg\",\"contentUrl\":\"https:\/\/nicogcasares.eu\/wp-content\/uploads\/2023\/02\/Nicolas-Gonzalez-eurodiputado-socialista-y-miembro-de-la-Comision-de-Energia.jpeg\",\"width\":800,\"height\":450},{\"@type\":\"BreadcrumbList\",\"@id\":\"https:\/\/nicogcasares.eu\/gl\/ya-hay-empresas-que-se-estan-yendo-a-eeuu-por-la-ira-de-biden\/#breadcrumb\",\"itemListElement\":[{\"@type\":\"ListItem\",\"position\":1,\"name\":\"Portada\",\"item\":\"https:\/\/nicogcasares.eu\/gl\/\"},{\"@type\":\"ListItem\",\"position\":2,\"name\":\"\u00abYa hay empresas que se est\u00e1n yendo a EEUU por la IRA de Biden\u00bb\"}]},{\"@type\":\"WebSite\",\"@id\":\"https:\/\/nicogcasares.eu\/gl\/#website\",\"url\":\"https:\/\/nicogcasares.eu\/gl\/\",\"name\":\"Nico G. Casares\",\"description\":\"Diputado socialista en el parlamento europeo\",\"publisher\":{\"@id\":\"https:\/\/nicogcasares.eu\/gl\/#\/schema\/person\/75361477143e596646d48598a3778163\"},\"potentialAction\":[{\"@type\":\"SearchAction\",\"target\":{\"@type\":\"EntryPoint\",\"urlTemplate\":\"https:\/\/nicogcasares.eu\/gl\/?s={search_term_string}\"},\"query-input\":\"required name=search_term_string\"}],\"inLanguage\":\"gl-ES\"},{\"@type\":[\"Person\",\"Organization\"],\"@id\":\"https:\/\/nicogcasares.eu\/gl\/#\/schema\/person\/75361477143e596646d48598a3778163\",\"name\":\"Nicol\u00e1s Gonz\u00e1lez Casares\",\"image\":{\"@type\":\"ImageObject\",\"inLanguage\":\"gl-ES\",\"@id\":\"https:\/\/nicogcasares.eu\/gl\/#\/schema\/person\/image\/\",\"url\":\"https:\/\/nicogcasares.eu\/wp-content\/uploads\/2021\/11\/20211006_EP-119139A_FMA_0895_RESIZED_S.jpg\",\"contentUrl\":\"https:\/\/nicogcasares.eu\/wp-content\/uploads\/2021\/11\/20211006_EP-119139A_FMA_0895_RESIZED_S.jpg\",\"width\":639,\"height\":426,\"caption\":\"Nicol\u00e1s Gonz\u00e1lez Casares\"},\"logo\":{\"@id\":\"https:\/\/nicogcasares.eu\/gl\/#\/schema\/person\/image\/\"},\"url\":\"https:\/\/nicogcasares.eu\/gl\/author\/nico\/\"}]}<\/script>\n<!-- \/ Yoast SEO plugin. -->","yoast_head_json":{"title":"\"Ya hay empresas que se est\u00e1n yendo a EEUU por la IRA de Biden\" - Nico G. Casares","description":"Nicol\u00e1s G. Casares pide que el tema se aborde desde la coordinaci\u00f3n europea: \"Debe haber una respuesta adecuada, no vale de nada que solo la tenga Alemania\"","robots":{"index":"index","follow":"follow","max-snippet":"max-snippet:-1","max-image-preview":"max-image-preview:large","max-video-preview":"max-video-preview:-1"},"canonical":"https:\/\/nicogcasares.eu\/gl\/ya-hay-empresas-que-se-estan-yendo-a-eeuu-por-la-ira-de-biden\/","og_locale":"gl_ES","og_type":"article","og_title":"\"Ya hay empresas que se est\u00e1n yendo a EEUU por la IRA de Biden\"","og_description":"El eurodiputado pide que el tema se aborde desde la coordinaci\u00f3n europea: \"Debe haber una respuesta adecuada, no vale de nada que solo la tenga Alemania\"","og_url":"https:\/\/nicogcasares.eu\/gl\/ya-hay-empresas-que-se-estan-yendo-a-eeuu-por-la-ira-de-biden\/","og_site_name":"Nico G. Casares","article_published_time":"2023-02-09T11:20:34+00:00","article_modified_time":"2023-02-09T11:23:47+00:00","og_image":[{"width":800,"height":450,"url":"https:\/\/nicogcasares.eu\/wp-content\/uploads\/2023\/02\/Nicolas-Gonzalez-eurodiputado-socialista-y-miembro-de-la-Comision-de-Energia.jpeg","type":"image\/jpeg"}],"author":"Nicol\u00e1s Gonz\u00e1lez Casares","twitter_card":"summary_large_image","twitter_title":"\"Ya hay empresas que se est\u00e1n yendo a EEUU por la IRA de Biden\"","twitter_description":"El eurodiputado pide que el tema se aborde desde la coordinaci\u00f3n europea: \"Debe haber una respuesta adecuada, no vale de nada que solo la tenga Alemania\"","twitter_image":"https:\/\/nicogcasares.eu\/wp-content\/uploads\/2023\/02\/Nicolas-Gonzalez-eurodiputado-socialista-y-miembro-de-la-Comision-de-Energia.jpeg","twitter_creator":"@nicogoncas","twitter_site":"@nicogoncas","twitter_misc":{"Escrito por":"Nicol\u00e1s Gonz\u00e1lez Casares","Tempo de lectura":"7 minutos"},"schema":{"@context":"https:\/\/schema.org","@graph":[{"@type":"Article","@id":"https:\/\/nicogcasares.eu\/gl\/ya-hay-empresas-que-se-estan-yendo-a-eeuu-por-la-ira-de-biden\/#article","isPartOf":{"@id":"https:\/\/nicogcasares.eu\/gl\/ya-hay-empresas-que-se-estan-yendo-a-eeuu-por-la-ira-de-biden\/"},"author":{"name":"Nicol\u00e1s Gonz\u00e1lez Casares","@id":"https:\/\/nicogcasares.eu\/gl\/#\/schema\/person\/75361477143e596646d48598a3778163"},"headline":"&#8220;Ya hay empresas que se est\u00e1n yendo a EEUU por la IRA de Biden&#8221;","datePublished":"2023-02-09T11:20:34+00:00","dateModified":"2023-02-09T11:23:47+00:00","mainEntityOfPage":{"@id":"https:\/\/nicogcasares.eu\/gl\/ya-hay-empresas-que-se-estan-yendo-a-eeuu-por-la-ira-de-biden\/"},"wordCount":1579,"publisher":{"@id":"https:\/\/nicogcasares.eu\/gl\/#\/schema\/person\/75361477143e596646d48598a3778163"},"image":{"@id":"https:\/\/nicogcasares.eu\/gl\/ya-hay-empresas-que-se-estan-yendo-a-eeuu-por-la-ira-de-biden\/#primaryimage"},"thumbnailUrl":"https:\/\/nicogcasares.eu\/wp-content\/uploads\/2023\/02\/Nicolas-Gonzalez-eurodiputado-socialista-y-miembro-de-la-Comision-de-Energia.jpeg","keywords":["Comisi\u00f3n Europea","Joe Biden","Nicol\u00e1s Gonz\u00e1lez Casares"],"articleSection":["Actividad","Actividade","Entrevistas","Entrevistas"],"inLanguage":"gl-ES"},{"@type":"WebPage","@id":"https:\/\/nicogcasares.eu\/gl\/ya-hay-empresas-que-se-estan-yendo-a-eeuu-por-la-ira-de-biden\/","url":"https:\/\/nicogcasares.eu\/gl\/ya-hay-empresas-que-se-estan-yendo-a-eeuu-por-la-ira-de-biden\/","name":"\"Ya hay empresas que se est\u00e1n yendo a EEUU por la IRA de Biden\" - Nico G. Casares","isPartOf":{"@id":"https:\/\/nicogcasares.eu\/gl\/#website"},"primaryImageOfPage":{"@id":"https:\/\/nicogcasares.eu\/gl\/ya-hay-empresas-que-se-estan-yendo-a-eeuu-por-la-ira-de-biden\/#primaryimage"},"image":{"@id":"https:\/\/nicogcasares.eu\/gl\/ya-hay-empresas-que-se-estan-yendo-a-eeuu-por-la-ira-de-biden\/#primaryimage"},"thumbnailUrl":"https:\/\/nicogcasares.eu\/wp-content\/uploads\/2023\/02\/Nicolas-Gonzalez-eurodiputado-socialista-y-miembro-de-la-Comision-de-Energia.jpeg","datePublished":"2023-02-09T11:20:34+00:00","dateModified":"2023-02-09T11:23:47+00:00","description":"Nicol\u00e1s G. Casares pide que el tema se aborde desde la coordinaci\u00f3n europea: \"Debe haber una respuesta adecuada, no vale de nada que solo la tenga Alemania\"","breadcrumb":{"@id":"https:\/\/nicogcasares.eu\/gl\/ya-hay-empresas-que-se-estan-yendo-a-eeuu-por-la-ira-de-biden\/#breadcrumb"},"inLanguage":"gl-ES","potentialAction":[{"@type":"ReadAction","target":["https:\/\/nicogcasares.eu\/gl\/ya-hay-empresas-que-se-estan-yendo-a-eeuu-por-la-ira-de-biden\/"]}]},{"@type":"ImageObject","inLanguage":"gl-ES","@id":"https:\/\/nicogcasares.eu\/gl\/ya-hay-empresas-que-se-estan-yendo-a-eeuu-por-la-ira-de-biden\/#primaryimage","url":"https:\/\/nicogcasares.eu\/wp-content\/uploads\/2023\/02\/Nicolas-Gonzalez-eurodiputado-socialista-y-miembro-de-la-Comision-de-Energia.jpeg","contentUrl":"https:\/\/nicogcasares.eu\/wp-content\/uploads\/2023\/02\/Nicolas-Gonzalez-eurodiputado-socialista-y-miembro-de-la-Comision-de-Energia.jpeg","width":800,"height":450},{"@type":"BreadcrumbList","@id":"https:\/\/nicogcasares.eu\/gl\/ya-hay-empresas-que-se-estan-yendo-a-eeuu-por-la-ira-de-biden\/#breadcrumb","itemListElement":[{"@type":"ListItem","position":1,"name":"Portada","item":"https:\/\/nicogcasares.eu\/gl\/"},{"@type":"ListItem","position":2,"name":"\u00abYa hay empresas que se est\u00e1n yendo a EEUU por la IRA de Biden\u00bb"}]},{"@type":"WebSite","@id":"https:\/\/nicogcasares.eu\/gl\/#website","url":"https:\/\/nicogcasares.eu\/gl\/","name":"Nico G. Casares","description":"Diputado socialista en el parlamento europeo","publisher":{"@id":"https:\/\/nicogcasares.eu\/gl\/#\/schema\/person\/75361477143e596646d48598a3778163"},"potentialAction":[{"@type":"SearchAction","target":{"@type":"EntryPoint","urlTemplate":"https:\/\/nicogcasares.eu\/gl\/?s={search_term_string}"},"query-input":"required name=search_term_string"}],"inLanguage":"gl-ES"},{"@type":["Person","Organization"],"@id":"https:\/\/nicogcasares.eu\/gl\/#\/schema\/person\/75361477143e596646d48598a3778163","name":"Nicol\u00e1s Gonz\u00e1lez Casares","image":{"@type":"ImageObject","inLanguage":"gl-ES","@id":"https:\/\/nicogcasares.eu\/gl\/#\/schema\/person\/image\/","url":"https:\/\/nicogcasares.eu\/wp-content\/uploads\/2021\/11\/20211006_EP-119139A_FMA_0895_RESIZED_S.jpg","contentUrl":"https:\/\/nicogcasares.eu\/wp-content\/uploads\/2021\/11\/20211006_EP-119139A_FMA_0895_RESIZED_S.jpg","width":639,"height":426,"caption":"Nicol\u00e1s Gonz\u00e1lez Casares"},"logo":{"@id":"https:\/\/nicogcasares.eu\/gl\/#\/schema\/person\/image\/"},"url":"https:\/\/nicogcasares.eu\/gl\/author\/nico\/"}]}},"_links":{"self":[{"href":"https:\/\/nicogcasares.eu\/gl\/wp-json\/wp\/v2\/posts\/5185"}],"collection":[{"href":"https:\/\/nicogcasares.eu\/gl\/wp-json\/wp\/v2\/posts"}],"about":[{"href":"https:\/\/nicogcasares.eu\/gl\/wp-json\/wp\/v2\/types\/post"}],"author":[{"embeddable":true,"href":"https:\/\/nicogcasares.eu\/gl\/wp-json\/wp\/v2\/users\/4"}],"replies":[{"embeddable":true,"href":"https:\/\/nicogcasares.eu\/gl\/wp-json\/wp\/v2\/comments?post=5185"}],"version-history":[{"count":1,"href":"https:\/\/nicogcasares.eu\/gl\/wp-json\/wp\/v2\/posts\/5185\/revisions"}],"predecessor-version":[{"id":5186,"href":"https:\/\/nicogcasares.eu\/gl\/wp-json\/wp\/v2\/posts\/5185\/revisions\/5186"}],"wp:featuredmedia":[{"embeddable":true,"href":"https:\/\/nicogcasares.eu\/gl\/wp-json\/wp\/v2\/media\/5181"}],"wp:attachment":[{"href":"https:\/\/nicogcasares.eu\/gl\/wp-json\/wp\/v2\/media?parent=5185"}],"wp:term":[{"taxonomy":"category","embeddable":true,"href":"https:\/\/nicogcasares.eu\/gl\/wp-json\/wp\/v2\/categories?post=5185"},{"taxonomy":"post_tag","embeddable":true,"href":"https:\/\/nicogcasares.eu\/gl\/wp-json\/wp\/v2\/tags?post=5185"}],"curies":[{"name":"wp","href":"https:\/\/api.w.org\/{rel}","templated":true}]}}