{"id":5212,"date":"2023-02-16T14:17:40","date_gmt":"2023-02-16T12:17:40","guid":{"rendered":"https:\/\/nicogcasares.eu\/?p=5212"},"modified":"2023-02-16T14:22:12","modified_gmt":"2023-02-16T12:22:12","slug":"europarlamentarios-destacan-valor-estrategia-farmaceutica-mas-concrecion-legislativa","status":"publish","type":"post","link":"https:\/\/nicogcasares.eu\/gl\/europarlamentarios-destacan-valor-estrategia-farmaceutica-mas-concrecion-legislativa\/","title":{"rendered":"Los europarlamentarios destacan el valor de la Estrategia Farmac\u00e9utica, pero piden m\u00e1s concreci\u00f3n legislativa"},"content":{"rendered":"\n<p>(ESTRATO) O ARTIGO COMPLETO FOI PUBLICADO EN Diariofarma O 8 DE FEBREIRO. <a href=\"https:\/\/diariofarma.com\/2023\/02\/08\/los-europarlamentarios-destacan-el-valor-de-la-estrategia-farmaceutica-pero-piden-mas-concrecion-legislativa\" target=\"_blank\" rel=\"noreferrer noopener\">AQU\u00cd PODES LELO<\/a><\/p>\n\n\n\n<p>Con el objetivo de ahondar en la importancia de la <strong>Estrategia Farmac\u00e9utica Europea<\/strong> y la visi\u00f3n que tienen los europarlamentarios espa\u00f1oles acerca de las propuestas incluidas en la misma, el <strong>III encuentro del ciclo &#8216;Impacto en Espa\u00f1a de la Estrategia Farmac\u00e9utica Europea&#8217; (<\/strong>EFE) ha contado con la participaci\u00f3n de Nicol\u00e1s Gonz\u00e1lez Casares del Grupo parlamentario Socialista; Dolors Montserrat, Grupo parlamentario Popular; Susana Sol\u00eds, Grupo parlamentario Renew Europe (Ciudadanos) y Margarita de la Pisa, Grupo parlamentario Conservadores y Reformistas Europeos (Vox).<\/p>\n\n\n\n<p>Para Gonz\u00e1lez Casares es fundamental destacar la<strong> importancia de la industria farmac\u00e9utica en Espa\u00f1a<\/strong>, siendo un sector muy potente al igual que a nivel europeo. No obstante, se\u00f1al\u00f3 la necesidad de<strong> realizar cambios<\/strong> en este \u00e1mbito. Por un lado, abord\u00f3 la problem\u00e1tica del <strong>desabastecimiento de f\u00e1rmaco<\/strong>s y, por otro, la necesidad de avanzar &#8220;en un camino que asegure el acceso a los medicamentos a todos los europeos en condiciones de igualdad&#8221;. <\/p>\n\n\n\n<p>El eurodiputado destac\u00f3 tambi\u00e9n que, pol\u00edticamente, la tramitaci\u00f3n de la EFE es muy importante para Espa\u00f1a y consider\u00f3 que cuando nuestro pa\u00eds asuma la presidencia del Consejo en el segundo semestre de este a\u00f1o, tendr\u00e1 la responsabilidad de &#8220;precisar y fijar la posici\u00f3n europea&#8221;, en las claves de la estrategia. Por ello, y ante esta situaci\u00f3n, hizo un llamamiento a todos los implicados y, en concreto, a la industria farmac\u00e9utica, para ser proactivos, apoyar esta reforma, y proponer soluciones concretas.<\/p>\n\n\n\n<p><strong>Efectos de los &#8216;incentivos&#8217; de la EFE<\/strong><\/p>\n\n\n\n<p>Una de las cuestiones relevantes que fueron debatidas durante el encuentro fue la formulaci\u00f3n de algunos incentivos para la comercializaci\u00f3n de los medicamentos en los 27 Estados miembro, as\u00ed como para el desarrollo de medicamentos que cubran lagunas terap\u00e9uticas. En algunos de estos casos, la industria plantea sus quejas y los posibles efectos perniciosos.<\/p>\n\n\n\n<p>El representante socialista apunt\u00f3 la necesidad de buscar un equilibrio entre incentivos y la definici\u00f3n de necesidades no cubiertas. &#8220;Aqu\u00ed est\u00e1 la cuesti\u00f3n y la creatividad de las enmiendas y donde se encontrar\u00e1n los recovecos para lograr consensos&#8221;, consider\u00f3 Gonz\u00e1lez Casares. Seg\u00fan dijo, la Comisi\u00f3n Europea quiere mantener un cierto esquema de protecci\u00f3n, que se reduce, por un lado, pero posibilita su extensi\u00f3n mediante incentivos por el cumplimiento de objetivos. <\/p>\n\n\n\n<p>En este contexto, a\u00f1adi\u00f3 que es necesaria una reflexi\u00f3n, ya que hace 20 a\u00f1os Europa protagonizaba el 44% de la innovaci\u00f3n, mientras que, al d\u00eda de hoy, s\u00f3lo supone un 20%, pese a contar con un sistema de incentivos. Por ello, seg\u00fan Gonz\u00e1lez Casares, es probable, tal como contempla la evaluaci\u00f3n del impacto realizada por la Comisi\u00f3n, que &#8220;hayamos dirigido los incentivos, no siempre de manera muy precisa&#8221;, por lo que abogar\u00eda por &#8220;revisar el sistema&#8221;.<\/p>\n\n\n\n<p><strong>\u00bfQu\u00e9 es una necesidad no cubierta en la EFE?<\/strong><\/p>\n\n\n\n<p>Uno de los aspectos que aborda la EFE son las necesidades no cubiertas ya que se plantea como objetivo prioritario y se establecen incentivos para avanzar en ello. No obstante, la EFE no incluye una definici\u00f3n clara sobre esta cuesti\u00f3n, aspecto por el que se pregunt\u00f3 a los participantes en el debate, que plantearon diferentes visiones.<\/p>\n\n\n\n<p>Gonz\u00e1lez Casares dej\u00f3 clara su posici\u00f3n y se\u00f1al\u00f3 que \u201ces necesaria una buena definici\u00f3n\u201d. En palabras del representante socialista, \u201ces dif\u00edcil precisar si se mejora al contar con dos definiciones\u201d. Para \u00e9l, formar\u00e1 parte del debate, as\u00ed como las prevalencias respecto a medicamentos hu\u00e9rfanos, enfermedades raras y resistencias antimicrobianas. Es fundamental \u201cser muy claros ya que es un problema creciente\u201d.<\/p>\n\n\n\n<p>Respecto a la necesidad de incorporar al sistema sanitario de forma \u00e1gil medicamentos han sido desarrollados de forma acelerada, los ponentes aportaron diferentes medidas para avanzar en este aspecto. Para Gonz\u00e1lez Casares es fundamental ser m\u00e1s r\u00e1pidos no solo en las autorizaciones regulatorias y en la burocracia, tanto a nivel europeo como nacional. Seg\u00fan dijo, hay que utilizar el poder del mercado \u00fanico y empezar a ser m\u00e1s exigentes \u201ccon nosotros mismos\u201d, y no solo en Espa\u00f1a. De esta forma, consider\u00f3 que se conseguir\u00e1n precios m\u00e1s justos y conseguir un retorno para la industria farmac\u00e9utica.<\/p>\n","protected":false},"excerpt":{"rendered":"<p>Con el objetivo de ahondar en la importancia de la Estrategia Farmac\u00e9utica Europea y la visi\u00f3n que tienen los europarlamentarios espa\u00f1oles acerca de las propuestas incluidas en la misma, el III encuentro del ciclo &#8216;Impacto en Espa\u00f1a de la Estrategia Farmac\u00e9utica Europea&#8217;<\/p>\n","protected":false},"author":4,"featured_media":5206,"comment_status":"closed","ping_status":"closed","sticky":false,"template":"","format":"standard","meta":{"footnotes":""},"categories":[2,34,32,69,25,42],"tags":[478,414,357,65],"yoast_head":"<!-- This site is optimized with the Yoast SEO plugin v22.3 - https:\/\/yoast.com\/wordpress\/plugins\/seo\/ -->\n<title>Los europarlamentarios destacan el valor de la Estrategia Farmac\u00e9utica, pero piden m\u00e1s concreci\u00f3n legislativa - Nico G. Casares<\/title>\n<meta name=\"description\" content=\"Con el objetivo de ahondar en la importancia de la Estrategia Farmac\u00e9utica Europea y la visi\u00f3n que tienen los europarlamentarios espa\u00f1oles acerca de las propuestas incluidas en la misma, el III encuentro del ciclo &#039;Impacto en Espa\u00f1a de la Estrategia Farmac\u00e9utica Europea&#039;\" \/>\n<meta name=\"robots\" content=\"index, follow, max-snippet:-1, max-image-preview:large, max-video-preview:-1\" \/>\n<link rel=\"canonical\" href=\"https:\/\/nicogcasares.eu\/gl\/europarlamentarios-destacan-valor-estrategia-farmaceutica-mas-concrecion-legislativa\/\" \/>\n<meta property=\"og:locale\" content=\"gl_ES\" \/>\n<meta property=\"og:type\" content=\"article\" \/>\n<meta property=\"og:title\" content=\"Los europarlamentarios destacan el valor de la Estrategia Farmac\u00e9utica, pero piden m\u00e1s concreci\u00f3n legislativa\" \/>\n<meta property=\"og:description\" content=\"Con el objetivo de ahondar en la importancia de la Estrategia Farmac\u00e9utica Europea y la visi\u00f3n que tienen los europarlamentarios espa\u00f1oles acerca de las propuestas incluidas en la misma, el III encuentro del ciclo &#039;Impacto en Espa\u00f1a de la Estrategia Farmac\u00e9utica Europea&#039;\" \/>\n<meta property=\"og:url\" content=\"https:\/\/nicogcasares.eu\/gl\/europarlamentarios-destacan-valor-estrategia-farmaceutica-mas-concrecion-legislativa\/\" \/>\n<meta property=\"og:site_name\" content=\"Nico G. Casares\" \/>\n<meta property=\"article:published_time\" content=\"2023-02-16T12:17:40+00:00\" \/>\n<meta property=\"article:modified_time\" content=\"2023-02-16T12:22:12+00:00\" \/>\n<meta property=\"og:image\" content=\"https:\/\/nicogcasares.eu\/wp-content\/uploads\/2023\/02\/III-encuentro-del-ciclo-Impacto-en-Espana-de-la-Estrategia-Farmaceutica-Europea.jpg\" \/>\n\t<meta property=\"og:image:width\" content=\"1200\" \/>\n\t<meta property=\"og:image:height\" content=\"800\" \/>\n\t<meta property=\"og:image:type\" content=\"image\/jpeg\" \/>\n<meta name=\"author\" content=\"Nicol\u00e1s Gonz\u00e1lez Casares\" \/>\n<meta name=\"twitter:card\" content=\"summary_large_image\" \/>\n<meta name=\"twitter:title\" content=\"Los europarlamentarios destacan el valor de la Estrategia Farmac\u00e9utica, pero piden m\u00e1s concreci\u00f3n legislativa\" \/>\n<meta name=\"twitter:description\" content=\"Con el objetivo de ahondar en la importancia de la Estrategia Farmac\u00e9utica Europea y la visi\u00f3n que tienen los europarlamentarios espa\u00f1oles acerca de las propuestas incluidas en la misma, el III encuentro del ciclo &#039;Impacto en Espa\u00f1a de la Estrategia Farmac\u00e9utica Europea&#039;\" \/>\n<meta name=\"twitter:image\" content=\"https:\/\/nicogcasares.eu\/wp-content\/uploads\/2023\/02\/III-encuentro-del-ciclo-Impacto-en-Espana-de-la-Estrategia-Farmaceutica-Europea.jpg\" \/>\n<meta name=\"twitter:creator\" content=\"@nicogoncas\" \/>\n<meta name=\"twitter:site\" content=\"@nicogoncas\" \/>\n<meta name=\"twitter:label1\" content=\"Escrito por\" \/>\n\t<meta name=\"twitter:data1\" content=\"Nicol\u00e1s Gonz\u00e1lez Casares\" \/>\n\t<meta name=\"twitter:label2\" content=\"Tempo de lectura\" \/>\n\t<meta name=\"twitter:data2\" content=\"4 minutos\" \/>\n<script type=\"application\/ld+json\" class=\"yoast-schema-graph\">{\"@context\":\"https:\/\/schema.org\",\"@graph\":[{\"@type\":\"Article\",\"@id\":\"https:\/\/nicogcasares.eu\/gl\/europarlamentarios-destacan-valor-estrategia-farmaceutica-mas-concrecion-legislativa\/#article\",\"isPartOf\":{\"@id\":\"https:\/\/nicogcasares.eu\/gl\/europarlamentarios-destacan-valor-estrategia-farmaceutica-mas-concrecion-legislativa\/\"},\"author\":{\"name\":\"Nicol\u00e1s Gonz\u00e1lez Casares\",\"@id\":\"https:\/\/nicogcasares.eu\/gl\/#\/schema\/person\/75361477143e596646d48598a3778163\"},\"headline\":\"Los europarlamentarios destacan el valor de la Estrategia Farmac\u00e9utica, pero piden m\u00e1s concreci\u00f3n legislativa\",\"datePublished\":\"2023-02-16T12:17:40+00:00\",\"dateModified\":\"2023-02-16T12:22:12+00:00\",\"mainEntityOfPage\":{\"@id\":\"https:\/\/nicogcasares.eu\/gl\/europarlamentarios-destacan-valor-estrategia-farmaceutica-mas-concrecion-legislativa\/\"},\"wordCount\":748,\"publisher\":{\"@id\":\"https:\/\/nicogcasares.eu\/gl\/#\/schema\/person\/75361477143e596646d48598a3778163\"},\"image\":{\"@id\":\"https:\/\/nicogcasares.eu\/gl\/europarlamentarios-destacan-valor-estrategia-farmaceutica-mas-concrecion-legislativa\/#primaryimage\"},\"thumbnailUrl\":\"https:\/\/nicogcasares.eu\/wp-content\/uploads\/2023\/02\/III-encuentro-del-ciclo-Impacto-en-Espana-de-la-Estrategia-Farmaceutica-Europea.jpg\",\"keywords\":[\"farmacia\",\"medicamentos\",\"Nicol\u00e1s Gonz\u00e1lez Casares\",\"sa\u00fade\"],\"articleSection\":[\"Actividad\",\"Actividade\",\"Novas\",\"Prensa\",\"Salud\",\"Sa\u00fade\"],\"inLanguage\":\"gl-ES\"},{\"@type\":\"WebPage\",\"@id\":\"https:\/\/nicogcasares.eu\/gl\/europarlamentarios-destacan-valor-estrategia-farmaceutica-mas-concrecion-legislativa\/\",\"url\":\"https:\/\/nicogcasares.eu\/gl\/europarlamentarios-destacan-valor-estrategia-farmaceutica-mas-concrecion-legislativa\/\",\"name\":\"Los europarlamentarios destacan el valor de la Estrategia Farmac\u00e9utica, pero piden m\u00e1s concreci\u00f3n legislativa - Nico G. Casares\",\"isPartOf\":{\"@id\":\"https:\/\/nicogcasares.eu\/gl\/#website\"},\"primaryImageOfPage\":{\"@id\":\"https:\/\/nicogcasares.eu\/gl\/europarlamentarios-destacan-valor-estrategia-farmaceutica-mas-concrecion-legislativa\/#primaryimage\"},\"image\":{\"@id\":\"https:\/\/nicogcasares.eu\/gl\/europarlamentarios-destacan-valor-estrategia-farmaceutica-mas-concrecion-legislativa\/#primaryimage\"},\"thumbnailUrl\":\"https:\/\/nicogcasares.eu\/wp-content\/uploads\/2023\/02\/III-encuentro-del-ciclo-Impacto-en-Espana-de-la-Estrategia-Farmaceutica-Europea.jpg\",\"datePublished\":\"2023-02-16T12:17:40+00:00\",\"dateModified\":\"2023-02-16T12:22:12+00:00\",\"description\":\"Con el objetivo de ahondar en la importancia de la Estrategia Farmac\u00e9utica Europea y la visi\u00f3n que tienen los europarlamentarios espa\u00f1oles acerca de las propuestas incluidas en la misma, el III encuentro del ciclo 'Impacto en Espa\u00f1a de la Estrategia Farmac\u00e9utica Europea'\",\"breadcrumb\":{\"@id\":\"https:\/\/nicogcasares.eu\/gl\/europarlamentarios-destacan-valor-estrategia-farmaceutica-mas-concrecion-legislativa\/#breadcrumb\"},\"inLanguage\":\"gl-ES\",\"potentialAction\":[{\"@type\":\"ReadAction\",\"target\":[\"https:\/\/nicogcasares.eu\/gl\/europarlamentarios-destacan-valor-estrategia-farmaceutica-mas-concrecion-legislativa\/\"]}]},{\"@type\":\"ImageObject\",\"inLanguage\":\"gl-ES\",\"@id\":\"https:\/\/nicogcasares.eu\/gl\/europarlamentarios-destacan-valor-estrategia-farmaceutica-mas-concrecion-legislativa\/#primaryimage\",\"url\":\"https:\/\/nicogcasares.eu\/wp-content\/uploads\/2023\/02\/III-encuentro-del-ciclo-Impacto-en-Espana-de-la-Estrategia-Farmaceutica-Europea.jpg\",\"contentUrl\":\"https:\/\/nicogcasares.eu\/wp-content\/uploads\/2023\/02\/III-encuentro-del-ciclo-Impacto-en-Espana-de-la-Estrategia-Farmaceutica-Europea.jpg\",\"width\":1200,\"height\":800},{\"@type\":\"BreadcrumbList\",\"@id\":\"https:\/\/nicogcasares.eu\/gl\/europarlamentarios-destacan-valor-estrategia-farmaceutica-mas-concrecion-legislativa\/#breadcrumb\",\"itemListElement\":[{\"@type\":\"ListItem\",\"position\":1,\"name\":\"Portada\",\"item\":\"https:\/\/nicogcasares.eu\/gl\/\"},{\"@type\":\"ListItem\",\"position\":2,\"name\":\"Los europarlamentarios destacan el valor de la Estrategia Farmac\u00e9utica, pero piden m\u00e1s concreci\u00f3n legislativa\"}]},{\"@type\":\"WebSite\",\"@id\":\"https:\/\/nicogcasares.eu\/gl\/#website\",\"url\":\"https:\/\/nicogcasares.eu\/gl\/\",\"name\":\"Nico G. Casares\",\"description\":\"Diputado socialista en el parlamento europeo\",\"publisher\":{\"@id\":\"https:\/\/nicogcasares.eu\/gl\/#\/schema\/person\/75361477143e596646d48598a3778163\"},\"potentialAction\":[{\"@type\":\"SearchAction\",\"target\":{\"@type\":\"EntryPoint\",\"urlTemplate\":\"https:\/\/nicogcasares.eu\/gl\/?s={search_term_string}\"},\"query-input\":\"required name=search_term_string\"}],\"inLanguage\":\"gl-ES\"},{\"@type\":[\"Person\",\"Organization\"],\"@id\":\"https:\/\/nicogcasares.eu\/gl\/#\/schema\/person\/75361477143e596646d48598a3778163\",\"name\":\"Nicol\u00e1s Gonz\u00e1lez Casares\",\"image\":{\"@type\":\"ImageObject\",\"inLanguage\":\"gl-ES\",\"@id\":\"https:\/\/nicogcasares.eu\/gl\/#\/schema\/person\/image\/\",\"url\":\"https:\/\/nicogcasares.eu\/wp-content\/uploads\/2021\/11\/20211006_EP-119139A_FMA_0895_RESIZED_S.jpg\",\"contentUrl\":\"https:\/\/nicogcasares.eu\/wp-content\/uploads\/2021\/11\/20211006_EP-119139A_FMA_0895_RESIZED_S.jpg\",\"width\":639,\"height\":426,\"caption\":\"Nicol\u00e1s Gonz\u00e1lez Casares\"},\"logo\":{\"@id\":\"https:\/\/nicogcasares.eu\/gl\/#\/schema\/person\/image\/\"},\"url\":\"https:\/\/nicogcasares.eu\/gl\/author\/nico\/\"}]}<\/script>\n<!-- \/ Yoast SEO plugin. -->","yoast_head_json":{"title":"Los europarlamentarios destacan el valor de la Estrategia Farmac\u00e9utica, pero piden m\u00e1s concreci\u00f3n legislativa - Nico G. Casares","description":"Con el objetivo de ahondar en la importancia de la Estrategia Farmac\u00e9utica Europea y la visi\u00f3n que tienen los europarlamentarios espa\u00f1oles acerca de las propuestas incluidas en la misma, el III encuentro del ciclo 'Impacto en Espa\u00f1a de la Estrategia Farmac\u00e9utica Europea'","robots":{"index":"index","follow":"follow","max-snippet":"max-snippet:-1","max-image-preview":"max-image-preview:large","max-video-preview":"max-video-preview:-1"},"canonical":"https:\/\/nicogcasares.eu\/gl\/europarlamentarios-destacan-valor-estrategia-farmaceutica-mas-concrecion-legislativa\/","og_locale":"gl_ES","og_type":"article","og_title":"Los europarlamentarios destacan el valor de la Estrategia Farmac\u00e9utica, pero piden m\u00e1s concreci\u00f3n legislativa","og_description":"Con el objetivo de ahondar en la importancia de la Estrategia Farmac\u00e9utica Europea y la visi\u00f3n que tienen los europarlamentarios espa\u00f1oles acerca de las propuestas incluidas en la misma, el III encuentro del ciclo 'Impacto en Espa\u00f1a de la Estrategia Farmac\u00e9utica Europea'","og_url":"https:\/\/nicogcasares.eu\/gl\/europarlamentarios-destacan-valor-estrategia-farmaceutica-mas-concrecion-legislativa\/","og_site_name":"Nico G. Casares","article_published_time":"2023-02-16T12:17:40+00:00","article_modified_time":"2023-02-16T12:22:12+00:00","og_image":[{"width":1200,"height":800,"url":"https:\/\/nicogcasares.eu\/wp-content\/uploads\/2023\/02\/III-encuentro-del-ciclo-Impacto-en-Espana-de-la-Estrategia-Farmaceutica-Europea.jpg","type":"image\/jpeg"}],"author":"Nicol\u00e1s Gonz\u00e1lez Casares","twitter_card":"summary_large_image","twitter_title":"Los europarlamentarios destacan el valor de la Estrategia Farmac\u00e9utica, pero piden m\u00e1s concreci\u00f3n legislativa","twitter_description":"Con el objetivo de ahondar en la importancia de la Estrategia Farmac\u00e9utica Europea y la visi\u00f3n que tienen los europarlamentarios espa\u00f1oles acerca de las propuestas incluidas en la misma, el III encuentro del ciclo 'Impacto en Espa\u00f1a de la Estrategia Farmac\u00e9utica Europea'","twitter_image":"https:\/\/nicogcasares.eu\/wp-content\/uploads\/2023\/02\/III-encuentro-del-ciclo-Impacto-en-Espana-de-la-Estrategia-Farmaceutica-Europea.jpg","twitter_creator":"@nicogoncas","twitter_site":"@nicogoncas","twitter_misc":{"Escrito por":"Nicol\u00e1s Gonz\u00e1lez Casares","Tempo de lectura":"4 minutos"},"schema":{"@context":"https:\/\/schema.org","@graph":[{"@type":"Article","@id":"https:\/\/nicogcasares.eu\/gl\/europarlamentarios-destacan-valor-estrategia-farmaceutica-mas-concrecion-legislativa\/#article","isPartOf":{"@id":"https:\/\/nicogcasares.eu\/gl\/europarlamentarios-destacan-valor-estrategia-farmaceutica-mas-concrecion-legislativa\/"},"author":{"name":"Nicol\u00e1s Gonz\u00e1lez Casares","@id":"https:\/\/nicogcasares.eu\/gl\/#\/schema\/person\/75361477143e596646d48598a3778163"},"headline":"Los europarlamentarios destacan el valor de la Estrategia Farmac\u00e9utica, pero piden m\u00e1s concreci\u00f3n legislativa","datePublished":"2023-02-16T12:17:40+00:00","dateModified":"2023-02-16T12:22:12+00:00","mainEntityOfPage":{"@id":"https:\/\/nicogcasares.eu\/gl\/europarlamentarios-destacan-valor-estrategia-farmaceutica-mas-concrecion-legislativa\/"},"wordCount":748,"publisher":{"@id":"https:\/\/nicogcasares.eu\/gl\/#\/schema\/person\/75361477143e596646d48598a3778163"},"image":{"@id":"https:\/\/nicogcasares.eu\/gl\/europarlamentarios-destacan-valor-estrategia-farmaceutica-mas-concrecion-legislativa\/#primaryimage"},"thumbnailUrl":"https:\/\/nicogcasares.eu\/wp-content\/uploads\/2023\/02\/III-encuentro-del-ciclo-Impacto-en-Espana-de-la-Estrategia-Farmaceutica-Europea.jpg","keywords":["farmacia","medicamentos","Nicol\u00e1s Gonz\u00e1lez Casares","sa\u00fade"],"articleSection":["Actividad","Actividade","Novas","Prensa","Salud","Sa\u00fade"],"inLanguage":"gl-ES"},{"@type":"WebPage","@id":"https:\/\/nicogcasares.eu\/gl\/europarlamentarios-destacan-valor-estrategia-farmaceutica-mas-concrecion-legislativa\/","url":"https:\/\/nicogcasares.eu\/gl\/europarlamentarios-destacan-valor-estrategia-farmaceutica-mas-concrecion-legislativa\/","name":"Los europarlamentarios destacan el valor de la Estrategia Farmac\u00e9utica, pero piden m\u00e1s concreci\u00f3n legislativa - Nico G. Casares","isPartOf":{"@id":"https:\/\/nicogcasares.eu\/gl\/#website"},"primaryImageOfPage":{"@id":"https:\/\/nicogcasares.eu\/gl\/europarlamentarios-destacan-valor-estrategia-farmaceutica-mas-concrecion-legislativa\/#primaryimage"},"image":{"@id":"https:\/\/nicogcasares.eu\/gl\/europarlamentarios-destacan-valor-estrategia-farmaceutica-mas-concrecion-legislativa\/#primaryimage"},"thumbnailUrl":"https:\/\/nicogcasares.eu\/wp-content\/uploads\/2023\/02\/III-encuentro-del-ciclo-Impacto-en-Espana-de-la-Estrategia-Farmaceutica-Europea.jpg","datePublished":"2023-02-16T12:17:40+00:00","dateModified":"2023-02-16T12:22:12+00:00","description":"Con el objetivo de ahondar en la importancia de la Estrategia Farmac\u00e9utica Europea y la visi\u00f3n que tienen los europarlamentarios espa\u00f1oles acerca de las propuestas incluidas en la misma, el III encuentro del ciclo 'Impacto en Espa\u00f1a de la Estrategia Farmac\u00e9utica Europea'","breadcrumb":{"@id":"https:\/\/nicogcasares.eu\/gl\/europarlamentarios-destacan-valor-estrategia-farmaceutica-mas-concrecion-legislativa\/#breadcrumb"},"inLanguage":"gl-ES","potentialAction":[{"@type":"ReadAction","target":["https:\/\/nicogcasares.eu\/gl\/europarlamentarios-destacan-valor-estrategia-farmaceutica-mas-concrecion-legislativa\/"]}]},{"@type":"ImageObject","inLanguage":"gl-ES","@id":"https:\/\/nicogcasares.eu\/gl\/europarlamentarios-destacan-valor-estrategia-farmaceutica-mas-concrecion-legislativa\/#primaryimage","url":"https:\/\/nicogcasares.eu\/wp-content\/uploads\/2023\/02\/III-encuentro-del-ciclo-Impacto-en-Espana-de-la-Estrategia-Farmaceutica-Europea.jpg","contentUrl":"https:\/\/nicogcasares.eu\/wp-content\/uploads\/2023\/02\/III-encuentro-del-ciclo-Impacto-en-Espana-de-la-Estrategia-Farmaceutica-Europea.jpg","width":1200,"height":800},{"@type":"BreadcrumbList","@id":"https:\/\/nicogcasares.eu\/gl\/europarlamentarios-destacan-valor-estrategia-farmaceutica-mas-concrecion-legislativa\/#breadcrumb","itemListElement":[{"@type":"ListItem","position":1,"name":"Portada","item":"https:\/\/nicogcasares.eu\/gl\/"},{"@type":"ListItem","position":2,"name":"Los europarlamentarios destacan el valor de la Estrategia Farmac\u00e9utica, pero piden m\u00e1s concreci\u00f3n legislativa"}]},{"@type":"WebSite","@id":"https:\/\/nicogcasares.eu\/gl\/#website","url":"https:\/\/nicogcasares.eu\/gl\/","name":"Nico G. Casares","description":"Diputado socialista en el parlamento europeo","publisher":{"@id":"https:\/\/nicogcasares.eu\/gl\/#\/schema\/person\/75361477143e596646d48598a3778163"},"potentialAction":[{"@type":"SearchAction","target":{"@type":"EntryPoint","urlTemplate":"https:\/\/nicogcasares.eu\/gl\/?s={search_term_string}"},"query-input":"required name=search_term_string"}],"inLanguage":"gl-ES"},{"@type":["Person","Organization"],"@id":"https:\/\/nicogcasares.eu\/gl\/#\/schema\/person\/75361477143e596646d48598a3778163","name":"Nicol\u00e1s Gonz\u00e1lez Casares","image":{"@type":"ImageObject","inLanguage":"gl-ES","@id":"https:\/\/nicogcasares.eu\/gl\/#\/schema\/person\/image\/","url":"https:\/\/nicogcasares.eu\/wp-content\/uploads\/2021\/11\/20211006_EP-119139A_FMA_0895_RESIZED_S.jpg","contentUrl":"https:\/\/nicogcasares.eu\/wp-content\/uploads\/2021\/11\/20211006_EP-119139A_FMA_0895_RESIZED_S.jpg","width":639,"height":426,"caption":"Nicol\u00e1s Gonz\u00e1lez Casares"},"logo":{"@id":"https:\/\/nicogcasares.eu\/gl\/#\/schema\/person\/image\/"},"url":"https:\/\/nicogcasares.eu\/gl\/author\/nico\/"}]}},"_links":{"self":[{"href":"https:\/\/nicogcasares.eu\/gl\/wp-json\/wp\/v2\/posts\/5212"}],"collection":[{"href":"https:\/\/nicogcasares.eu\/gl\/wp-json\/wp\/v2\/posts"}],"about":[{"href":"https:\/\/nicogcasares.eu\/gl\/wp-json\/wp\/v2\/types\/post"}],"author":[{"embeddable":true,"href":"https:\/\/nicogcasares.eu\/gl\/wp-json\/wp\/v2\/users\/4"}],"replies":[{"embeddable":true,"href":"https:\/\/nicogcasares.eu\/gl\/wp-json\/wp\/v2\/comments?post=5212"}],"version-history":[{"count":1,"href":"https:\/\/nicogcasares.eu\/gl\/wp-json\/wp\/v2\/posts\/5212\/revisions"}],"predecessor-version":[{"id":5213,"href":"https:\/\/nicogcasares.eu\/gl\/wp-json\/wp\/v2\/posts\/5212\/revisions\/5213"}],"wp:featuredmedia":[{"embeddable":true,"href":"https:\/\/nicogcasares.eu\/gl\/wp-json\/wp\/v2\/media\/5206"}],"wp:attachment":[{"href":"https:\/\/nicogcasares.eu\/gl\/wp-json\/wp\/v2\/media?parent=5212"}],"wp:term":[{"taxonomy":"category","embeddable":true,"href":"https:\/\/nicogcasares.eu\/gl\/wp-json\/wp\/v2\/categories?post=5212"},{"taxonomy":"post_tag","embeddable":true,"href":"https:\/\/nicogcasares.eu\/gl\/wp-json\/wp\/v2\/tags?post=5212"}],"curies":[{"name":"wp","href":"https:\/\/api.w.org\/{rel}","templated":true}]}}