{"id":5241,"date":"2023-03-02T01:08:48","date_gmt":"2023-03-01T23:08:48","guid":{"rendered":"https:\/\/nicogcasares.eu\/?p=5241"},"modified":"2023-03-02T01:10:44","modified_gmt":"2023-03-01T23:10:44","slug":"discusiones-sobre-el-marco-europeo-para-el-hidrogeno-renovable","status":"publish","type":"post","link":"https:\/\/nicogcasares.eu\/gl\/discusiones-sobre-el-marco-europeo-para-el-hidrogeno-renovable\/","title":{"rendered":"Discusiones sobre el marco europeo para el hidr\u00f3geno renovable"},"content":{"rendered":"\n<p>ESTE ARTIGO FOI PUBLICADO EN Review Energy O 27 DE FEBREIRO. <a href=\"https:\/\/www.review-energy.com\/opinion\/discusiones-sobre-el-marco-europeo-para-el-hidrogeno-renovable\" target=\"_blank\" rel=\"noreferrer noopener\">AQU\u00cd PODES LELO<\/a><\/p>\n\n\n\n<p>La Directiva de Renovables vigente obligaba a la Comisi\u00f3n Europea a presentar un Acto Delegado sobre <strong>las caracter\u00edsticas que deben cumplir los combustibles renovables de origen no biol\u00f3gico<\/strong> (Renewables Fuels of Non Biological Origin, RFNBOs en sus siglas inglesas) fijando las reglas de utilizaci\u00f3n de la electricidad renovable usada para su producci\u00f3n. <\/p>\n\n\n\n<p>Con <strong>catorce meses de retraso<\/strong> y tras las reiteradas solicitudes de parlamentarios entre los que me encuentro, tras meses de borradores que iban y ven\u00edan o varios anuncios fallidos de aprobaci\u00f3n y una fuerte discusi\u00f3n interna en el seno de la Comisi\u00f3n Europea lugar la aprobaci\u00f3n del llamado<strong> \u201cActo Delegado de adicionalidad del Hidr\u00f3geno\u201d<\/strong>. <\/p>\n\n\n\n<p>Sin duda, se trata de un texto complejo y t\u00e9cnico que precisa de un an\u00e1lisis detallado pero, tras su presentaci\u00f3n, la primera reacci\u00f3n mayoritaria fue de cierto alivio. Por fin ve\u00eda la luz el texto que debe funcionar como marco legal para el despegue de la producci\u00f3n de Hidr\u00f3geno renovable en la UE. <\/p>\n\n\n\n<p>Tras los primeros an\u00e1lisis, llama la atenci\u00f3n un elemento que no estaba presente en borradores previos; el relativo a la posibilidad de uso de electricidad de origen no renovable en funci\u00f3n de las emisiones del mix energ\u00e9tico de los Estados miembros. En concreto el texto recoge que, si la intensidad de emisiones del mix el\u00e9ctrico de un pa\u00eds est\u00e1 por debajo un a\u00f1o de 18 gC02eq\/MJ, se podr\u00e1 considerar toda la electricidad que provenga de la red durante los siguientes cinco a\u00f1os. Esta es una puerta abierta a pa\u00edses con mixes el\u00e9ctricos bajos en carbono, que normalmente corresponden a pa\u00edses con una alta representatividad en su mix de una elevada generaci\u00f3n nuclear. Es decir ,<strong> se facilita la posibilidad de que los RFNBOs puedan ser producidos con electricidad de origen nuclear<\/strong>. \u00bfPero es esta opci\u00f3n una simple ventana o una puerta abierta de par en par a los intereses nucleares de pa\u00edses como Francia? <\/p>\n\n\n\n<p>Sin lugar a dudas, se trata de una victoria que el pa\u00eds galo se anota, pero no se puede entender como barra libre para la producci\u00f3n de hidr\u00f3geno nuclear disfrazado de renovables. Existen una serie de restricciones para que se pueda dar esta contabilizaci\u00f3n: se deben firmar acuerdos de compra bilaterales de electricidad renovable (Renewable Power Purchase Agreements, RPPAs) por la cantidad equivalente y se deben cumplir los criterios de correlaci\u00f3n temporal y geogr\u00e1fica, aunque no la adicionalidad (incrementar la capacidad de generaci\u00f3n de electricidad nueva adicional). Por tanto, <strong>aunque se da una mayor flexibilidad, no se nombra como renovable algo que no lo es<\/strong>. <\/p>\n\n\n\n<p>En mi opini\u00f3n, <strong>esta mayor flexibilidad es un error<\/strong>. Y es que el <strong>producir hidr\u00f3geno sin promover nueva generaci\u00f3n renovable<\/strong>,<strong> no ayuda a descarbonizar<\/strong>. Simplemente se est\u00e1 cambiando el \u201cuso\u201d de la electricidad renovable hacia otra demanda; la producci\u00f3n de hidr\u00f3geno. Si esa electricidad renovable francesa contabiliza para la producci\u00f3n de hidr\u00f3geno, \u00bfqui\u00e9n va a generar la electricidad que se deja de suministrar a la demanda existente que va para el hidr\u00f3geno? Podr\u00eda darse el caso que sea electricidad con una alta intensidad de emisiones de pa\u00edses lim\u00edtrofes\u2026 <\/p>\n\n\n\n<p>La pol\u00e9mica est\u00e1 servida, pero no puede hacernos olvidar que <strong>este Acto Delegado tiene concesiones en muchas direcciones y que en cuanto a los criterios de correlaci\u00f3n temporal y geogr\u00e1fica o la adicionalidad est\u00e1 m\u00e1s equilibrado que borradores previos<\/strong>. Asimismo, es preciso recalcar otro importante a\u00f1adido de \u00faltima hora. Se dispone de un nuevo art\u00edculo para la evaluaci\u00f3n de impacto de este Acto Delegado por la cual, en julio de 2028, la Comisi\u00f3n Europea debe presentar un informe de evaluaci\u00f3n del impacto de los requisitos de establecidos (incluido el impacto de la correlaci\u00f3n temporal, impacto en costes, la reducci\u00f3n de emisiones, etc). No es en s\u00ed misma una cl\u00e1usula de revisi\u00f3n, pero puede considerarse como una medida en esa direcci\u00f3n. Esta posibilidad ha sido una de los factores que como ponente de renovables he aportado a la Comisi\u00f3n para hacer m\u00e1s aceptable el texto por todas las partes interesadas. <\/p>\n\n\n\n<p>La presentaci\u00f3n de este Acto Delegado ahora dar\u00e1 paso a una valoraci\u00f3n por los colegisladores (Parlamento Europeo y Consejo) que tendr\u00e1n que decidir si permiten que se convierta en norma o deciden objetar al mismo. En mi opini\u00f3n, su publicaci\u00f3n\/aprobaci\u00f3n debe servir para agilizar las negociaciones de la Revisi\u00f3n de la Directiva de Renovables. <\/p>\n\n\n\n<p>En el curso de estas negociaciones de la Directiva de Renovables, adem\u00e1s de las tensiones vividas por la falta de acto Delegado del hidr\u00f3geno, se han dado otras. <strong>Francia ha tratado de introducir en el debate la posibilidad de que la tecnolog\u00eda nuclear tambi\u00e9n se abra espacio en la producci\u00f3n de hidr\u00f3geno renovable<\/strong> en la propia Directiva de Renovables. Algo que en s\u00ed pone en riesgo la integridad de la Directiva y el buen discurrir de las negociaciones ahora en proceso de tr\u00edlogos. <\/p>\n\n\n\n<p>A todas luces, el intento de apostar por tecnolog\u00eda nuclear desde la propia Directiva de Renovables es inaceptable. Se debe fomentar el H2 bajo el carbono tambi\u00e9n, pero no en esta Directiva. El etiquetarlo como renovable o el contabilizar una fuente como renovable cuando en realidad no lo es, afectar\u00eda gravemente a la consistencia de la norma, al paquete legislativo de descarbonizaci\u00f3n Fit For 55 y a las inversiones en renovables. <strong>Debilitar\u00eda las herramientas para crear el mercado de hidr\u00f3geno renovable<\/strong>. Adem\u00e1s, quebrar\u00eda la confianza de la sociedad en la transici\u00f3n energ\u00e9tica. Recordemos que las fuentes de energ\u00edas renovables son la mejor y m\u00e1s barata herramienta, junto a la eficiencia energ\u00e9tica, para la reducci\u00f3n de emisiones, la lucha contra el cambio clim\u00e1tico y para avanzar en la autonom\u00eda energ\u00e9tica de Europa.<\/p>\n","protected":false},"excerpt":{"rendered":"<p>La Directiva de Renovables vigente obligaba a la Comisi\u00f3n Europea a presentar un Acto Delegado sobre las caracter\u00edsticas que deben cumplir los combustibles renovables de origen no biol\u00f3gico fijando las reglas de utilizaci\u00f3n de la electricidad renovable usada para su producci\u00f3n<\/p>\n","protected":false},"author":4,"featured_media":4113,"comment_status":"closed","ping_status":"closed","sticky":false,"template":"","format":"standard","meta":{"footnotes":""},"categories":[2,34,27,30,32,69,71],"tags":[164,345,355,357,374,245],"yoast_head":"<!-- This site is optimized with the Yoast SEO plugin v22.3 - https:\/\/yoast.com\/wordpress\/plugins\/seo\/ -->\n<title>Discusiones sobre el marco europeo para el hidr\u00f3geno renovable - Nico G. Casares<\/title>\n<meta name=\"description\" content=\"Discusiones sobre el marco europeo para el hidr\u00f3geno renovable\" \/>\n<meta name=\"robots\" content=\"index, follow, max-snippet:-1, max-image-preview:large, max-video-preview:-1\" \/>\n<link rel=\"canonical\" href=\"https:\/\/nicogcasares.eu\/gl\/discusiones-sobre-el-marco-europeo-para-el-hidrogeno-renovable\/\" \/>\n<meta property=\"og:locale\" content=\"gl_ES\" \/>\n<meta property=\"og:type\" content=\"article\" \/>\n<meta property=\"og:title\" content=\"Discusiones sobre el marco europeo para el hidr\u00f3geno renovable\" \/>\n<meta property=\"og:description\" content=\"La Directiva de Renovables vigente obligaba a la Comisi\u00f3n Europea a presentar un Acto Delegado sobre las caracter\u00edsticas que deben cumplir los combustibles renovables de origen no biol\u00f3gico fijando las reglas de utilizaci\u00f3n de la electricidad renovable usada para su producci\u00f3n\" \/>\n<meta property=\"og:url\" content=\"https:\/\/nicogcasares.eu\/gl\/discusiones-sobre-el-marco-europeo-para-el-hidrogeno-renovable\/\" \/>\n<meta property=\"og:site_name\" content=\"Nico G. Casares\" \/>\n<meta property=\"article:published_time\" content=\"2023-03-01T23:08:48+00:00\" \/>\n<meta property=\"article:modified_time\" content=\"2023-03-01T23:10:44+00:00\" \/>\n<meta property=\"og:image\" content=\"https:\/\/nicogcasares.eu\/wp-content\/uploads\/2022\/03\/Nicolas-Gonzalez-Casares.-ERIC-VIDAL-PARLAMENTO-EUROPEO.jpg\" \/>\n\t<meta property=\"og:image:width\" content=\"1919\" \/>\n\t<meta property=\"og:image:height\" content=\"1277\" \/>\n\t<meta property=\"og:image:type\" content=\"image\/jpeg\" \/>\n<meta name=\"author\" content=\"Nicol\u00e1s Gonz\u00e1lez Casares\" \/>\n<meta name=\"twitter:card\" content=\"summary_large_image\" \/>\n<meta name=\"twitter:title\" content=\"Discusiones sobre el marco europeo para el hidr\u00f3geno renovable\" \/>\n<meta name=\"twitter:description\" content=\"La Directiva de Renovables vigente obligaba a la Comisi\u00f3n Europea a presentar un Acto Delegado sobre las caracter\u00edsticas que deben cumplir los combustibles renovables de origen no biol\u00f3gico fijando las reglas de utilizaci\u00f3n de la electricidad renovable usada para su producci\u00f3n\" \/>\n<meta name=\"twitter:image\" content=\"https:\/\/nicogcasares.eu\/wp-content\/uploads\/2022\/02\/6.jpg\" \/>\n<meta name=\"twitter:creator\" content=\"@nicogoncas\" \/>\n<meta name=\"twitter:site\" content=\"@nicogoncas\" \/>\n<meta name=\"twitter:label1\" content=\"Escrito por\" \/>\n\t<meta name=\"twitter:data1\" content=\"Nicol\u00e1s Gonz\u00e1lez Casares\" \/>\n\t<meta name=\"twitter:label2\" content=\"Tempo de lectura\" \/>\n\t<meta name=\"twitter:data2\" content=\"5 minutos\" \/>\n<script type=\"application\/ld+json\" class=\"yoast-schema-graph\">{\"@context\":\"https:\/\/schema.org\",\"@graph\":[{\"@type\":\"Article\",\"@id\":\"https:\/\/nicogcasares.eu\/gl\/discusiones-sobre-el-marco-europeo-para-el-hidrogeno-renovable\/#article\",\"isPartOf\":{\"@id\":\"https:\/\/nicogcasares.eu\/gl\/discusiones-sobre-el-marco-europeo-para-el-hidrogeno-renovable\/\"},\"author\":{\"name\":\"Nicol\u00e1s Gonz\u00e1lez Casares\",\"@id\":\"https:\/\/nicogcasares.eu\/gl\/#\/schema\/person\/75361477143e596646d48598a3778163\"},\"headline\":\"Discusiones sobre el marco europeo para el hidr\u00f3geno renovable\",\"datePublished\":\"2023-03-01T23:08:48+00:00\",\"dateModified\":\"2023-03-01T23:10:44+00:00\",\"mainEntityOfPage\":{\"@id\":\"https:\/\/nicogcasares.eu\/gl\/discusiones-sobre-el-marco-europeo-para-el-hidrogeno-renovable\/\"},\"wordCount\":1043,\"publisher\":{\"@id\":\"https:\/\/nicogcasares.eu\/gl\/#\/schema\/person\/75361477143e596646d48598a3778163\"},\"image\":{\"@id\":\"https:\/\/nicogcasares.eu\/gl\/discusiones-sobre-el-marco-europeo-para-el-hidrogeno-renovable\/#primaryimage\"},\"thumbnailUrl\":\"https:\/\/nicogcasares.eu\/wp-content\/uploads\/2022\/03\/Nicolas-Gonzalez-Casares.-ERIC-VIDAL-PARLAMENTO-EUROPEO.jpg\",\"keywords\":[\"Energ\u00eda\",\"enerx\u00eda\",\"Nicol\u00e1s Gonz\u00e1lez Casares\",\"Nicol\u00e1s Gonz\u00e1lez Casares\",\"renovables\",\"renovables\"],\"articleSection\":[\"Actividad\",\"Actividade\",\"Energ\u00eda\",\"Industria\",\"Novas\",\"Prensa\",\"Prensa\"],\"inLanguage\":\"gl-ES\"},{\"@type\":\"WebPage\",\"@id\":\"https:\/\/nicogcasares.eu\/gl\/discusiones-sobre-el-marco-europeo-para-el-hidrogeno-renovable\/\",\"url\":\"https:\/\/nicogcasares.eu\/gl\/discusiones-sobre-el-marco-europeo-para-el-hidrogeno-renovable\/\",\"name\":\"Discusiones sobre el marco europeo para el hidr\u00f3geno renovable - Nico G. Casares\",\"isPartOf\":{\"@id\":\"https:\/\/nicogcasares.eu\/gl\/#website\"},\"primaryImageOfPage\":{\"@id\":\"https:\/\/nicogcasares.eu\/gl\/discusiones-sobre-el-marco-europeo-para-el-hidrogeno-renovable\/#primaryimage\"},\"image\":{\"@id\":\"https:\/\/nicogcasares.eu\/gl\/discusiones-sobre-el-marco-europeo-para-el-hidrogeno-renovable\/#primaryimage\"},\"thumbnailUrl\":\"https:\/\/nicogcasares.eu\/wp-content\/uploads\/2022\/03\/Nicolas-Gonzalez-Casares.-ERIC-VIDAL-PARLAMENTO-EUROPEO.jpg\",\"datePublished\":\"2023-03-01T23:08:48+00:00\",\"dateModified\":\"2023-03-01T23:10:44+00:00\",\"description\":\"Discusiones sobre el marco europeo para el hidr\u00f3geno renovable\",\"breadcrumb\":{\"@id\":\"https:\/\/nicogcasares.eu\/gl\/discusiones-sobre-el-marco-europeo-para-el-hidrogeno-renovable\/#breadcrumb\"},\"inLanguage\":\"gl-ES\",\"potentialAction\":[{\"@type\":\"ReadAction\",\"target\":[\"https:\/\/nicogcasares.eu\/gl\/discusiones-sobre-el-marco-europeo-para-el-hidrogeno-renovable\/\"]}]},{\"@type\":\"ImageObject\",\"inLanguage\":\"gl-ES\",\"@id\":\"https:\/\/nicogcasares.eu\/gl\/discusiones-sobre-el-marco-europeo-para-el-hidrogeno-renovable\/#primaryimage\",\"url\":\"https:\/\/nicogcasares.eu\/wp-content\/uploads\/2022\/03\/Nicolas-Gonzalez-Casares.-ERIC-VIDAL-PARLAMENTO-EUROPEO.jpg\",\"contentUrl\":\"https:\/\/nicogcasares.eu\/wp-content\/uploads\/2022\/03\/Nicolas-Gonzalez-Casares.-ERIC-VIDAL-PARLAMENTO-EUROPEO.jpg\",\"width\":1919,\"height\":1277},{\"@type\":\"BreadcrumbList\",\"@id\":\"https:\/\/nicogcasares.eu\/gl\/discusiones-sobre-el-marco-europeo-para-el-hidrogeno-renovable\/#breadcrumb\",\"itemListElement\":[{\"@type\":\"ListItem\",\"position\":1,\"name\":\"Portada\",\"item\":\"https:\/\/nicogcasares.eu\/gl\/\"},{\"@type\":\"ListItem\",\"position\":2,\"name\":\"Discusiones sobre el marco europeo para el hidr\u00f3geno renovable\"}]},{\"@type\":\"WebSite\",\"@id\":\"https:\/\/nicogcasares.eu\/gl\/#website\",\"url\":\"https:\/\/nicogcasares.eu\/gl\/\",\"name\":\"Nico G. Casares\",\"description\":\"Diputado socialista en el parlamento europeo\",\"publisher\":{\"@id\":\"https:\/\/nicogcasares.eu\/gl\/#\/schema\/person\/75361477143e596646d48598a3778163\"},\"potentialAction\":[{\"@type\":\"SearchAction\",\"target\":{\"@type\":\"EntryPoint\",\"urlTemplate\":\"https:\/\/nicogcasares.eu\/gl\/?s={search_term_string}\"},\"query-input\":\"required name=search_term_string\"}],\"inLanguage\":\"gl-ES\"},{\"@type\":[\"Person\",\"Organization\"],\"@id\":\"https:\/\/nicogcasares.eu\/gl\/#\/schema\/person\/75361477143e596646d48598a3778163\",\"name\":\"Nicol\u00e1s Gonz\u00e1lez Casares\",\"image\":{\"@type\":\"ImageObject\",\"inLanguage\":\"gl-ES\",\"@id\":\"https:\/\/nicogcasares.eu\/gl\/#\/schema\/person\/image\/\",\"url\":\"https:\/\/nicogcasares.eu\/wp-content\/uploads\/2021\/11\/20211006_EP-119139A_FMA_0895_RESIZED_S.jpg\",\"contentUrl\":\"https:\/\/nicogcasares.eu\/wp-content\/uploads\/2021\/11\/20211006_EP-119139A_FMA_0895_RESIZED_S.jpg\",\"width\":639,\"height\":426,\"caption\":\"Nicol\u00e1s Gonz\u00e1lez Casares\"},\"logo\":{\"@id\":\"https:\/\/nicogcasares.eu\/gl\/#\/schema\/person\/image\/\"},\"url\":\"https:\/\/nicogcasares.eu\/gl\/author\/nico\/\"}]}<\/script>\n<!-- \/ Yoast SEO plugin. -->","yoast_head_json":{"title":"Discusiones sobre el marco europeo para el hidr\u00f3geno renovable - Nico G. Casares","description":"Discusiones sobre el marco europeo para el hidr\u00f3geno renovable","robots":{"index":"index","follow":"follow","max-snippet":"max-snippet:-1","max-image-preview":"max-image-preview:large","max-video-preview":"max-video-preview:-1"},"canonical":"https:\/\/nicogcasares.eu\/gl\/discusiones-sobre-el-marco-europeo-para-el-hidrogeno-renovable\/","og_locale":"gl_ES","og_type":"article","og_title":"Discusiones sobre el marco europeo para el hidr\u00f3geno renovable","og_description":"La Directiva de Renovables vigente obligaba a la Comisi\u00f3n Europea a presentar un Acto Delegado sobre las caracter\u00edsticas que deben cumplir los combustibles renovables de origen no biol\u00f3gico fijando las reglas de utilizaci\u00f3n de la electricidad renovable usada para su producci\u00f3n","og_url":"https:\/\/nicogcasares.eu\/gl\/discusiones-sobre-el-marco-europeo-para-el-hidrogeno-renovable\/","og_site_name":"Nico G. Casares","article_published_time":"2023-03-01T23:08:48+00:00","article_modified_time":"2023-03-01T23:10:44+00:00","og_image":[{"width":1919,"height":1277,"url":"https:\/\/nicogcasares.eu\/wp-content\/uploads\/2022\/03\/Nicolas-Gonzalez-Casares.-ERIC-VIDAL-PARLAMENTO-EUROPEO.jpg","type":"image\/jpeg"}],"author":"Nicol\u00e1s Gonz\u00e1lez Casares","twitter_card":"summary_large_image","twitter_title":"Discusiones sobre el marco europeo para el hidr\u00f3geno renovable","twitter_description":"La Directiva de Renovables vigente obligaba a la Comisi\u00f3n Europea a presentar un Acto Delegado sobre las caracter\u00edsticas que deben cumplir los combustibles renovables de origen no biol\u00f3gico fijando las reglas de utilizaci\u00f3n de la electricidad renovable usada para su producci\u00f3n","twitter_image":"https:\/\/nicogcasares.eu\/wp-content\/uploads\/2022\/02\/6.jpg","twitter_creator":"@nicogoncas","twitter_site":"@nicogoncas","twitter_misc":{"Escrito por":"Nicol\u00e1s Gonz\u00e1lez Casares","Tempo de lectura":"5 minutos"},"schema":{"@context":"https:\/\/schema.org","@graph":[{"@type":"Article","@id":"https:\/\/nicogcasares.eu\/gl\/discusiones-sobre-el-marco-europeo-para-el-hidrogeno-renovable\/#article","isPartOf":{"@id":"https:\/\/nicogcasares.eu\/gl\/discusiones-sobre-el-marco-europeo-para-el-hidrogeno-renovable\/"},"author":{"name":"Nicol\u00e1s Gonz\u00e1lez Casares","@id":"https:\/\/nicogcasares.eu\/gl\/#\/schema\/person\/75361477143e596646d48598a3778163"},"headline":"Discusiones sobre el marco europeo para el hidr\u00f3geno renovable","datePublished":"2023-03-01T23:08:48+00:00","dateModified":"2023-03-01T23:10:44+00:00","mainEntityOfPage":{"@id":"https:\/\/nicogcasares.eu\/gl\/discusiones-sobre-el-marco-europeo-para-el-hidrogeno-renovable\/"},"wordCount":1043,"publisher":{"@id":"https:\/\/nicogcasares.eu\/gl\/#\/schema\/person\/75361477143e596646d48598a3778163"},"image":{"@id":"https:\/\/nicogcasares.eu\/gl\/discusiones-sobre-el-marco-europeo-para-el-hidrogeno-renovable\/#primaryimage"},"thumbnailUrl":"https:\/\/nicogcasares.eu\/wp-content\/uploads\/2022\/03\/Nicolas-Gonzalez-Casares.-ERIC-VIDAL-PARLAMENTO-EUROPEO.jpg","keywords":["Energ\u00eda","enerx\u00eda","Nicol\u00e1s Gonz\u00e1lez Casares","Nicol\u00e1s Gonz\u00e1lez Casares","renovables","renovables"],"articleSection":["Actividad","Actividade","Energ\u00eda","Industria","Novas","Prensa","Prensa"],"inLanguage":"gl-ES"},{"@type":"WebPage","@id":"https:\/\/nicogcasares.eu\/gl\/discusiones-sobre-el-marco-europeo-para-el-hidrogeno-renovable\/","url":"https:\/\/nicogcasares.eu\/gl\/discusiones-sobre-el-marco-europeo-para-el-hidrogeno-renovable\/","name":"Discusiones sobre el marco europeo para el hidr\u00f3geno renovable - Nico G. Casares","isPartOf":{"@id":"https:\/\/nicogcasares.eu\/gl\/#website"},"primaryImageOfPage":{"@id":"https:\/\/nicogcasares.eu\/gl\/discusiones-sobre-el-marco-europeo-para-el-hidrogeno-renovable\/#primaryimage"},"image":{"@id":"https:\/\/nicogcasares.eu\/gl\/discusiones-sobre-el-marco-europeo-para-el-hidrogeno-renovable\/#primaryimage"},"thumbnailUrl":"https:\/\/nicogcasares.eu\/wp-content\/uploads\/2022\/03\/Nicolas-Gonzalez-Casares.-ERIC-VIDAL-PARLAMENTO-EUROPEO.jpg","datePublished":"2023-03-01T23:08:48+00:00","dateModified":"2023-03-01T23:10:44+00:00","description":"Discusiones sobre el marco europeo para el hidr\u00f3geno renovable","breadcrumb":{"@id":"https:\/\/nicogcasares.eu\/gl\/discusiones-sobre-el-marco-europeo-para-el-hidrogeno-renovable\/#breadcrumb"},"inLanguage":"gl-ES","potentialAction":[{"@type":"ReadAction","target":["https:\/\/nicogcasares.eu\/gl\/discusiones-sobre-el-marco-europeo-para-el-hidrogeno-renovable\/"]}]},{"@type":"ImageObject","inLanguage":"gl-ES","@id":"https:\/\/nicogcasares.eu\/gl\/discusiones-sobre-el-marco-europeo-para-el-hidrogeno-renovable\/#primaryimage","url":"https:\/\/nicogcasares.eu\/wp-content\/uploads\/2022\/03\/Nicolas-Gonzalez-Casares.-ERIC-VIDAL-PARLAMENTO-EUROPEO.jpg","contentUrl":"https:\/\/nicogcasares.eu\/wp-content\/uploads\/2022\/03\/Nicolas-Gonzalez-Casares.-ERIC-VIDAL-PARLAMENTO-EUROPEO.jpg","width":1919,"height":1277},{"@type":"BreadcrumbList","@id":"https:\/\/nicogcasares.eu\/gl\/discusiones-sobre-el-marco-europeo-para-el-hidrogeno-renovable\/#breadcrumb","itemListElement":[{"@type":"ListItem","position":1,"name":"Portada","item":"https:\/\/nicogcasares.eu\/gl\/"},{"@type":"ListItem","position":2,"name":"Discusiones sobre el marco europeo para el hidr\u00f3geno renovable"}]},{"@type":"WebSite","@id":"https:\/\/nicogcasares.eu\/gl\/#website","url":"https:\/\/nicogcasares.eu\/gl\/","name":"Nico G. Casares","description":"Diputado socialista en el parlamento europeo","publisher":{"@id":"https:\/\/nicogcasares.eu\/gl\/#\/schema\/person\/75361477143e596646d48598a3778163"},"potentialAction":[{"@type":"SearchAction","target":{"@type":"EntryPoint","urlTemplate":"https:\/\/nicogcasares.eu\/gl\/?s={search_term_string}"},"query-input":"required name=search_term_string"}],"inLanguage":"gl-ES"},{"@type":["Person","Organization"],"@id":"https:\/\/nicogcasares.eu\/gl\/#\/schema\/person\/75361477143e596646d48598a3778163","name":"Nicol\u00e1s Gonz\u00e1lez Casares","image":{"@type":"ImageObject","inLanguage":"gl-ES","@id":"https:\/\/nicogcasares.eu\/gl\/#\/schema\/person\/image\/","url":"https:\/\/nicogcasares.eu\/wp-content\/uploads\/2021\/11\/20211006_EP-119139A_FMA_0895_RESIZED_S.jpg","contentUrl":"https:\/\/nicogcasares.eu\/wp-content\/uploads\/2021\/11\/20211006_EP-119139A_FMA_0895_RESIZED_S.jpg","width":639,"height":426,"caption":"Nicol\u00e1s Gonz\u00e1lez Casares"},"logo":{"@id":"https:\/\/nicogcasares.eu\/gl\/#\/schema\/person\/image\/"},"url":"https:\/\/nicogcasares.eu\/gl\/author\/nico\/"}]}},"_links":{"self":[{"href":"https:\/\/nicogcasares.eu\/gl\/wp-json\/wp\/v2\/posts\/5241"}],"collection":[{"href":"https:\/\/nicogcasares.eu\/gl\/wp-json\/wp\/v2\/posts"}],"about":[{"href":"https:\/\/nicogcasares.eu\/gl\/wp-json\/wp\/v2\/types\/post"}],"author":[{"embeddable":true,"href":"https:\/\/nicogcasares.eu\/gl\/wp-json\/wp\/v2\/users\/4"}],"replies":[{"embeddable":true,"href":"https:\/\/nicogcasares.eu\/gl\/wp-json\/wp\/v2\/comments?post=5241"}],"version-history":[{"count":1,"href":"https:\/\/nicogcasares.eu\/gl\/wp-json\/wp\/v2\/posts\/5241\/revisions"}],"predecessor-version":[{"id":5242,"href":"https:\/\/nicogcasares.eu\/gl\/wp-json\/wp\/v2\/posts\/5241\/revisions\/5242"}],"wp:featuredmedia":[{"embeddable":true,"href":"https:\/\/nicogcasares.eu\/gl\/wp-json\/wp\/v2\/media\/4113"}],"wp:attachment":[{"href":"https:\/\/nicogcasares.eu\/gl\/wp-json\/wp\/v2\/media?parent=5241"}],"wp:term":[{"taxonomy":"category","embeddable":true,"href":"https:\/\/nicogcasares.eu\/gl\/wp-json\/wp\/v2\/categories?post=5241"},{"taxonomy":"post_tag","embeddable":true,"href":"https:\/\/nicogcasares.eu\/gl\/wp-json\/wp\/v2\/tags?post=5241"}],"curies":[{"name":"wp","href":"https:\/\/api.w.org\/{rel}","templated":true}]}}