{"id":5251,"date":"2023-03-09T20:59:57","date_gmt":"2023-03-09T18:59:57","guid":{"rendered":"https:\/\/nicogcasares.eu\/?p=5251"},"modified":"2023-03-09T23:56:20","modified_gmt":"2023-03-09T21:56:20","slug":"gonzalez-casares-en-rne-hai-que-traballar-en-compatibilizar-os-usos-do-espazo-maritimo-e-era-preciso-ordenalo","status":"publish","type":"post","link":"https:\/\/nicogcasares.eu\/gl\/gonzalez-casares-en-rne-hai-que-traballar-en-compatibilizar-os-usos-do-espazo-maritimo-e-era-preciso-ordenalo\/","title":{"rendered":"Gonz\u00e1lez Casares, en RNE: &#8220;Hai que traballar en compatibilizar os usos do espazo mar\u00edtimo e era preciso ordenalo&#8221;"},"content":{"rendered":"\n<p><strong>O eurodeputado Nicol\u00e1s Gonz\u00e1lez Casares aborda a actualidade da enerx\u00eda e a pesca nesta entrevista en RNE Galicia<\/strong><\/p>\n\n\n\n<p>Recentemente o Consello de Ministros aprobou o <strong>Plan de Ordenaci\u00f3n do Espazo Mar\u00edtimo<\/strong>, un acordo que chega despois dun longo periodo de negociaci\u00f3ns. Esta estratexia aborda as necesidades de uso do espazo mar\u00edtimo desde a \u00f3ptica de manter o <strong>equilibrio<\/strong> entre o uso pesqueiro, enerx\u00e9tico ou de transporte. Tal e como apunta o eurodeputado Nicol\u00e1s Gonz\u00e1lez Casares, &#8220;hai que traballar en compatibilizar os usos do espazo mar\u00edtimo e era preciso ordenalo&#8221;. <\/p>\n\n\n\n<p>O eurodeputado explica que<strong> &#8220;s\u00f3 un 0,48 % dese espazo mar\u00edtimo vai ser potencialmente utilizado para a enerx\u00eda&#8221;<\/strong> e avoga polo di\u00e1logo para compatilizar os diversos usos, tendo en conta que &#8220;os mui\u00f1os m\u00e1is pr\u00f3ximos estar\u00e1n a 21 quil\u00f3metros da costa&#8221;. &#8220;Queremos tam\u00e9n ter unha<strong> industria galega<\/strong> que surta a Europa dos compo\u00f1ente industriais necesarios&#8221; para as instalaci\u00f3ns offshore, lembra o socialista. <\/p>\n\n\n\n<p>Nesta entrevista a RNE Galicia, o parlamentario incide na postura do seu partido a rebaixar a <strong>protecci\u00f3n medioambiental <\/strong>e insta \u00e1 Xunta de Galicia a comprometerse na protecci\u00f3n da Rede Natura, tanto no mar como na terra. <\/p>\n\n\n\n<p>Na seguinte <a href=\"https:\/\/www.rtve.es\/play\/audios\/informativo-de-galicia\/entrevista-nicolas-gonzalez-casares-03-03-23-escuchar-ahora\/6826091\/\" target=\"_blank\" rel=\"noreferrer noopener\">ligaz\u00f3n<\/a> podes escoitar a conversa completa na que tam\u00e9n se fala sobre a nova Directiva de Renovables ou a mina de San Fins, en Lousame.<\/p>\n","protected":false},"excerpt":{"rendered":"<p>O eurodeputado aborda a actualidade da enerx\u00eda e a pesca nesta entrevista<\/p>\n","protected":false},"author":4,"featured_media":4085,"comment_status":"closed","ping_status":"closed","sticky":true,"template":"","format":"standard","meta":{"footnotes":""},"categories":[2,27,29,82,32,40,22,71,69],"tags":[345,357],"yoast_head":"<!-- This site is optimized with the Yoast SEO plugin v22.3 - https:\/\/yoast.com\/wordpress\/plugins\/seo\/ -->\n<title>Gonz\u00e1lez Casares, en RNE: &quot;Hai que traballar en compatibilizar os usos do espazo mar\u00edtimo e era preciso ordenalo&quot; - Nico G. Casares<\/title>\n<meta name=\"description\" content=\"Gonz\u00e1lez Casares, en RNE: &quot;Hai que traballar en compatibilizar os usos do espazo mar\u00edtimo e era preciso ordenalo&quot;\" \/>\n<meta name=\"robots\" content=\"index, follow, max-snippet:-1, max-image-preview:large, max-video-preview:-1\" \/>\n<link rel=\"canonical\" href=\"https:\/\/nicogcasares.eu\/gl\/gonzalez-casares-en-rne-hai-que-traballar-en-compatibilizar-os-usos-do-espazo-maritimo-e-era-preciso-ordenalo\/\" \/>\n<meta property=\"og:locale\" content=\"gl_ES\" \/>\n<meta property=\"og:type\" content=\"article\" \/>\n<meta property=\"og:title\" content=\"Gonz\u00e1lez Casares, en RNE: &quot;Hai que traballar en compatibilizar os usos do espazo mar\u00edtimo e era preciso ordenalo&quot;\" \/>\n<meta property=\"og:description\" content=\"O eurodeputado Nicol\u00e1s Gonz\u00e1lez Casares aborda a actualidade da enerx\u00eda e a pesca nesta entrevista\" \/>\n<meta property=\"og:url\" content=\"https:\/\/nicogcasares.eu\/gl\/gonzalez-casares-en-rne-hai-que-traballar-en-compatibilizar-os-usos-do-espazo-maritimo-e-era-preciso-ordenalo\/\" \/>\n<meta property=\"og:site_name\" content=\"Nico G. Casares\" \/>\n<meta property=\"article:published_time\" content=\"2023-03-09T18:59:57+00:00\" \/>\n<meta property=\"article:modified_time\" content=\"2023-03-09T21:56:20+00:00\" \/>\n<meta property=\"og:image\" content=\"https:\/\/nicogcasares.eu\/wp-content\/uploads\/2022\/03\/Nicolas-Gonzalez-Casares-1.jpg\" \/>\n\t<meta property=\"og:image:width\" content=\"874\" \/>\n\t<meta property=\"og:image:height\" content=\"586\" \/>\n\t<meta property=\"og:image:type\" content=\"image\/jpeg\" \/>\n<meta name=\"author\" content=\"Nicol\u00e1s Gonz\u00e1lez Casares\" \/>\n<meta name=\"twitter:card\" content=\"summary_large_image\" \/>\n<meta name=\"twitter:title\" content=\"Gonz\u00e1lez Casares, en RNE: &quot;Hai que traballar en compatibilizar os usos do espazo mar\u00edtimo e era preciso ordenalo&quot;\" \/>\n<meta name=\"twitter:description\" content=\"O eurodeputado Nicol\u00e1s Gonz\u00e1lez Casares aborda a actualidade da enerx\u00eda e a pesca nesta entrevista\" \/>\n<meta name=\"twitter:image\" content=\"https:\/\/nicogcasares.eu\/wp-content\/uploads\/2022\/03\/Nicolas-Gonzalez-Casares-1.jpg\" \/>\n<meta name=\"twitter:creator\" content=\"@nicogoncas\" \/>\n<meta name=\"twitter:site\" content=\"@nicogoncas\" \/>\n<meta name=\"twitter:label1\" content=\"Escrito por\" \/>\n\t<meta name=\"twitter:data1\" content=\"Nicol\u00e1s Gonz\u00e1lez Casares\" \/>\n\t<meta name=\"twitter:label2\" content=\"Tempo de lectura\" \/>\n\t<meta name=\"twitter:data2\" content=\"1 minuto\" \/>\n<script type=\"application\/ld+json\" class=\"yoast-schema-graph\">{\"@context\":\"https:\/\/schema.org\",\"@graph\":[{\"@type\":\"Article\",\"@id\":\"https:\/\/nicogcasares.eu\/gl\/gonzalez-casares-en-rne-hai-que-traballar-en-compatibilizar-os-usos-do-espazo-maritimo-e-era-preciso-ordenalo\/#article\",\"isPartOf\":{\"@id\":\"https:\/\/nicogcasares.eu\/gl\/gonzalez-casares-en-rne-hai-que-traballar-en-compatibilizar-os-usos-do-espazo-maritimo-e-era-preciso-ordenalo\/\"},\"author\":{\"name\":\"Nicol\u00e1s Gonz\u00e1lez Casares\",\"@id\":\"https:\/\/nicogcasares.eu\/gl\/#\/schema\/person\/75361477143e596646d48598a3778163\"},\"headline\":\"Gonz\u00e1lez Casares, en RNE: &#8220;Hai que traballar en compatibilizar os usos do espazo mar\u00edtimo e era preciso ordenalo&#8221;\",\"datePublished\":\"2023-03-09T18:59:57+00:00\",\"dateModified\":\"2023-03-09T21:56:20+00:00\",\"mainEntityOfPage\":{\"@id\":\"https:\/\/nicogcasares.eu\/gl\/gonzalez-casares-en-rne-hai-que-traballar-en-compatibilizar-os-usos-do-espazo-maritimo-e-era-preciso-ordenalo\/\"},\"wordCount\":257,\"publisher\":{\"@id\":\"https:\/\/nicogcasares.eu\/gl\/#\/schema\/person\/75361477143e596646d48598a3778163\"},\"image\":{\"@id\":\"https:\/\/nicogcasares.eu\/gl\/gonzalez-casares-en-rne-hai-que-traballar-en-compatibilizar-os-usos-do-espazo-maritimo-e-era-preciso-ordenalo\/#primaryimage\"},\"thumbnailUrl\":\"https:\/\/nicogcasares.eu\/wp-content\/uploads\/2022\/03\/Nicolas-Gonzalez-Casares-1.jpg\",\"keywords\":[\"enerx\u00eda\",\"Nicol\u00e1s Gonz\u00e1lez Casares\"],\"articleSection\":[\"Actividad\",\"Energ\u00eda\",\"Enerx\u00eda\",\"Entrevistas\",\"Novas\",\"Pesca\",\"Pesca\",\"Prensa\",\"Prensa\"],\"inLanguage\":\"gl-ES\"},{\"@type\":\"WebPage\",\"@id\":\"https:\/\/nicogcasares.eu\/gl\/gonzalez-casares-en-rne-hai-que-traballar-en-compatibilizar-os-usos-do-espazo-maritimo-e-era-preciso-ordenalo\/\",\"url\":\"https:\/\/nicogcasares.eu\/gl\/gonzalez-casares-en-rne-hai-que-traballar-en-compatibilizar-os-usos-do-espazo-maritimo-e-era-preciso-ordenalo\/\",\"name\":\"Gonz\u00e1lez Casares, en RNE: \\\"Hai que traballar en compatibilizar os usos do espazo mar\u00edtimo e era preciso ordenalo\\\" - Nico G. Casares\",\"isPartOf\":{\"@id\":\"https:\/\/nicogcasares.eu\/gl\/#website\"},\"primaryImageOfPage\":{\"@id\":\"https:\/\/nicogcasares.eu\/gl\/gonzalez-casares-en-rne-hai-que-traballar-en-compatibilizar-os-usos-do-espazo-maritimo-e-era-preciso-ordenalo\/#primaryimage\"},\"image\":{\"@id\":\"https:\/\/nicogcasares.eu\/gl\/gonzalez-casares-en-rne-hai-que-traballar-en-compatibilizar-os-usos-do-espazo-maritimo-e-era-preciso-ordenalo\/#primaryimage\"},\"thumbnailUrl\":\"https:\/\/nicogcasares.eu\/wp-content\/uploads\/2022\/03\/Nicolas-Gonzalez-Casares-1.jpg\",\"datePublished\":\"2023-03-09T18:59:57+00:00\",\"dateModified\":\"2023-03-09T21:56:20+00:00\",\"description\":\"Gonz\u00e1lez Casares, en RNE: \\\"Hai que traballar en compatibilizar os usos do espazo mar\u00edtimo e era preciso ordenalo\\\"\",\"breadcrumb\":{\"@id\":\"https:\/\/nicogcasares.eu\/gl\/gonzalez-casares-en-rne-hai-que-traballar-en-compatibilizar-os-usos-do-espazo-maritimo-e-era-preciso-ordenalo\/#breadcrumb\"},\"inLanguage\":\"gl-ES\",\"potentialAction\":[{\"@type\":\"ReadAction\",\"target\":[\"https:\/\/nicogcasares.eu\/gl\/gonzalez-casares-en-rne-hai-que-traballar-en-compatibilizar-os-usos-do-espazo-maritimo-e-era-preciso-ordenalo\/\"]}]},{\"@type\":\"ImageObject\",\"inLanguage\":\"gl-ES\",\"@id\":\"https:\/\/nicogcasares.eu\/gl\/gonzalez-casares-en-rne-hai-que-traballar-en-compatibilizar-os-usos-do-espazo-maritimo-e-era-preciso-ordenalo\/#primaryimage\",\"url\":\"https:\/\/nicogcasares.eu\/wp-content\/uploads\/2022\/03\/Nicolas-Gonzalez-Casares-1.jpg\",\"contentUrl\":\"https:\/\/nicogcasares.eu\/wp-content\/uploads\/2022\/03\/Nicolas-Gonzalez-Casares-1.jpg\",\"width\":874,\"height\":586},{\"@type\":\"BreadcrumbList\",\"@id\":\"https:\/\/nicogcasares.eu\/gl\/gonzalez-casares-en-rne-hai-que-traballar-en-compatibilizar-os-usos-do-espazo-maritimo-e-era-preciso-ordenalo\/#breadcrumb\",\"itemListElement\":[{\"@type\":\"ListItem\",\"position\":1,\"name\":\"Portada\",\"item\":\"https:\/\/nicogcasares.eu\/gl\/\"},{\"@type\":\"ListItem\",\"position\":2,\"name\":\"Gonz\u00e1lez Casares, en RNE: \u00abHai que traballar en compatibilizar os usos do espazo mar\u00edtimo e era preciso ordenalo\u00bb\"}]},{\"@type\":\"WebSite\",\"@id\":\"https:\/\/nicogcasares.eu\/gl\/#website\",\"url\":\"https:\/\/nicogcasares.eu\/gl\/\",\"name\":\"Nico G. Casares\",\"description\":\"Diputado socialista en el parlamento europeo\",\"publisher\":{\"@id\":\"https:\/\/nicogcasares.eu\/gl\/#\/schema\/person\/75361477143e596646d48598a3778163\"},\"potentialAction\":[{\"@type\":\"SearchAction\",\"target\":{\"@type\":\"EntryPoint\",\"urlTemplate\":\"https:\/\/nicogcasares.eu\/gl\/?s={search_term_string}\"},\"query-input\":\"required name=search_term_string\"}],\"inLanguage\":\"gl-ES\"},{\"@type\":[\"Person\",\"Organization\"],\"@id\":\"https:\/\/nicogcasares.eu\/gl\/#\/schema\/person\/75361477143e596646d48598a3778163\",\"name\":\"Nicol\u00e1s Gonz\u00e1lez Casares\",\"image\":{\"@type\":\"ImageObject\",\"inLanguage\":\"gl-ES\",\"@id\":\"https:\/\/nicogcasares.eu\/gl\/#\/schema\/person\/image\/\",\"url\":\"https:\/\/nicogcasares.eu\/wp-content\/uploads\/2021\/11\/20211006_EP-119139A_FMA_0895_RESIZED_S.jpg\",\"contentUrl\":\"https:\/\/nicogcasares.eu\/wp-content\/uploads\/2021\/11\/20211006_EP-119139A_FMA_0895_RESIZED_S.jpg\",\"width\":639,\"height\":426,\"caption\":\"Nicol\u00e1s Gonz\u00e1lez Casares\"},\"logo\":{\"@id\":\"https:\/\/nicogcasares.eu\/gl\/#\/schema\/person\/image\/\"},\"url\":\"https:\/\/nicogcasares.eu\/gl\/author\/nico\/\"}]}<\/script>\n<!-- \/ Yoast SEO plugin. -->","yoast_head_json":{"title":"Gonz\u00e1lez Casares, en RNE: \"Hai que traballar en compatibilizar os usos do espazo mar\u00edtimo e era preciso ordenalo\" - Nico G. Casares","description":"Gonz\u00e1lez Casares, en RNE: \"Hai que traballar en compatibilizar os usos do espazo mar\u00edtimo e era preciso ordenalo\"","robots":{"index":"index","follow":"follow","max-snippet":"max-snippet:-1","max-image-preview":"max-image-preview:large","max-video-preview":"max-video-preview:-1"},"canonical":"https:\/\/nicogcasares.eu\/gl\/gonzalez-casares-en-rne-hai-que-traballar-en-compatibilizar-os-usos-do-espazo-maritimo-e-era-preciso-ordenalo\/","og_locale":"gl_ES","og_type":"article","og_title":"Gonz\u00e1lez Casares, en RNE: \"Hai que traballar en compatibilizar os usos do espazo mar\u00edtimo e era preciso ordenalo\"","og_description":"O eurodeputado Nicol\u00e1s Gonz\u00e1lez Casares aborda a actualidade da enerx\u00eda e a pesca nesta entrevista","og_url":"https:\/\/nicogcasares.eu\/gl\/gonzalez-casares-en-rne-hai-que-traballar-en-compatibilizar-os-usos-do-espazo-maritimo-e-era-preciso-ordenalo\/","og_site_name":"Nico G. Casares","article_published_time":"2023-03-09T18:59:57+00:00","article_modified_time":"2023-03-09T21:56:20+00:00","og_image":[{"width":874,"height":586,"url":"https:\/\/nicogcasares.eu\/wp-content\/uploads\/2022\/03\/Nicolas-Gonzalez-Casares-1.jpg","type":"image\/jpeg"}],"author":"Nicol\u00e1s Gonz\u00e1lez Casares","twitter_card":"summary_large_image","twitter_title":"Gonz\u00e1lez Casares, en RNE: \"Hai que traballar en compatibilizar os usos do espazo mar\u00edtimo e era preciso ordenalo\"","twitter_description":"O eurodeputado Nicol\u00e1s Gonz\u00e1lez Casares aborda a actualidade da enerx\u00eda e a pesca nesta entrevista","twitter_image":"https:\/\/nicogcasares.eu\/wp-content\/uploads\/2022\/03\/Nicolas-Gonzalez-Casares-1.jpg","twitter_creator":"@nicogoncas","twitter_site":"@nicogoncas","twitter_misc":{"Escrito por":"Nicol\u00e1s Gonz\u00e1lez Casares","Tempo de lectura":"1 minuto"},"schema":{"@context":"https:\/\/schema.org","@graph":[{"@type":"Article","@id":"https:\/\/nicogcasares.eu\/gl\/gonzalez-casares-en-rne-hai-que-traballar-en-compatibilizar-os-usos-do-espazo-maritimo-e-era-preciso-ordenalo\/#article","isPartOf":{"@id":"https:\/\/nicogcasares.eu\/gl\/gonzalez-casares-en-rne-hai-que-traballar-en-compatibilizar-os-usos-do-espazo-maritimo-e-era-preciso-ordenalo\/"},"author":{"name":"Nicol\u00e1s Gonz\u00e1lez Casares","@id":"https:\/\/nicogcasares.eu\/gl\/#\/schema\/person\/75361477143e596646d48598a3778163"},"headline":"Gonz\u00e1lez Casares, en RNE: &#8220;Hai que traballar en compatibilizar os usos do espazo mar\u00edtimo e era preciso ordenalo&#8221;","datePublished":"2023-03-09T18:59:57+00:00","dateModified":"2023-03-09T21:56:20+00:00","mainEntityOfPage":{"@id":"https:\/\/nicogcasares.eu\/gl\/gonzalez-casares-en-rne-hai-que-traballar-en-compatibilizar-os-usos-do-espazo-maritimo-e-era-preciso-ordenalo\/"},"wordCount":257,"publisher":{"@id":"https:\/\/nicogcasares.eu\/gl\/#\/schema\/person\/75361477143e596646d48598a3778163"},"image":{"@id":"https:\/\/nicogcasares.eu\/gl\/gonzalez-casares-en-rne-hai-que-traballar-en-compatibilizar-os-usos-do-espazo-maritimo-e-era-preciso-ordenalo\/#primaryimage"},"thumbnailUrl":"https:\/\/nicogcasares.eu\/wp-content\/uploads\/2022\/03\/Nicolas-Gonzalez-Casares-1.jpg","keywords":["enerx\u00eda","Nicol\u00e1s Gonz\u00e1lez Casares"],"articleSection":["Actividad","Energ\u00eda","Enerx\u00eda","Entrevistas","Novas","Pesca","Pesca","Prensa","Prensa"],"inLanguage":"gl-ES"},{"@type":"WebPage","@id":"https:\/\/nicogcasares.eu\/gl\/gonzalez-casares-en-rne-hai-que-traballar-en-compatibilizar-os-usos-do-espazo-maritimo-e-era-preciso-ordenalo\/","url":"https:\/\/nicogcasares.eu\/gl\/gonzalez-casares-en-rne-hai-que-traballar-en-compatibilizar-os-usos-do-espazo-maritimo-e-era-preciso-ordenalo\/","name":"Gonz\u00e1lez Casares, en RNE: \"Hai que traballar en compatibilizar os usos do espazo mar\u00edtimo e era preciso ordenalo\" - Nico G. Casares","isPartOf":{"@id":"https:\/\/nicogcasares.eu\/gl\/#website"},"primaryImageOfPage":{"@id":"https:\/\/nicogcasares.eu\/gl\/gonzalez-casares-en-rne-hai-que-traballar-en-compatibilizar-os-usos-do-espazo-maritimo-e-era-preciso-ordenalo\/#primaryimage"},"image":{"@id":"https:\/\/nicogcasares.eu\/gl\/gonzalez-casares-en-rne-hai-que-traballar-en-compatibilizar-os-usos-do-espazo-maritimo-e-era-preciso-ordenalo\/#primaryimage"},"thumbnailUrl":"https:\/\/nicogcasares.eu\/wp-content\/uploads\/2022\/03\/Nicolas-Gonzalez-Casares-1.jpg","datePublished":"2023-03-09T18:59:57+00:00","dateModified":"2023-03-09T21:56:20+00:00","description":"Gonz\u00e1lez Casares, en RNE: \"Hai que traballar en compatibilizar os usos do espazo mar\u00edtimo e era preciso ordenalo\"","breadcrumb":{"@id":"https:\/\/nicogcasares.eu\/gl\/gonzalez-casares-en-rne-hai-que-traballar-en-compatibilizar-os-usos-do-espazo-maritimo-e-era-preciso-ordenalo\/#breadcrumb"},"inLanguage":"gl-ES","potentialAction":[{"@type":"ReadAction","target":["https:\/\/nicogcasares.eu\/gl\/gonzalez-casares-en-rne-hai-que-traballar-en-compatibilizar-os-usos-do-espazo-maritimo-e-era-preciso-ordenalo\/"]}]},{"@type":"ImageObject","inLanguage":"gl-ES","@id":"https:\/\/nicogcasares.eu\/gl\/gonzalez-casares-en-rne-hai-que-traballar-en-compatibilizar-os-usos-do-espazo-maritimo-e-era-preciso-ordenalo\/#primaryimage","url":"https:\/\/nicogcasares.eu\/wp-content\/uploads\/2022\/03\/Nicolas-Gonzalez-Casares-1.jpg","contentUrl":"https:\/\/nicogcasares.eu\/wp-content\/uploads\/2022\/03\/Nicolas-Gonzalez-Casares-1.jpg","width":874,"height":586},{"@type":"BreadcrumbList","@id":"https:\/\/nicogcasares.eu\/gl\/gonzalez-casares-en-rne-hai-que-traballar-en-compatibilizar-os-usos-do-espazo-maritimo-e-era-preciso-ordenalo\/#breadcrumb","itemListElement":[{"@type":"ListItem","position":1,"name":"Portada","item":"https:\/\/nicogcasares.eu\/gl\/"},{"@type":"ListItem","position":2,"name":"Gonz\u00e1lez Casares, en RNE: \u00abHai que traballar en compatibilizar os usos do espazo mar\u00edtimo e era preciso ordenalo\u00bb"}]},{"@type":"WebSite","@id":"https:\/\/nicogcasares.eu\/gl\/#website","url":"https:\/\/nicogcasares.eu\/gl\/","name":"Nico G. Casares","description":"Diputado socialista en el parlamento europeo","publisher":{"@id":"https:\/\/nicogcasares.eu\/gl\/#\/schema\/person\/75361477143e596646d48598a3778163"},"potentialAction":[{"@type":"SearchAction","target":{"@type":"EntryPoint","urlTemplate":"https:\/\/nicogcasares.eu\/gl\/?s={search_term_string}"},"query-input":"required name=search_term_string"}],"inLanguage":"gl-ES"},{"@type":["Person","Organization"],"@id":"https:\/\/nicogcasares.eu\/gl\/#\/schema\/person\/75361477143e596646d48598a3778163","name":"Nicol\u00e1s Gonz\u00e1lez Casares","image":{"@type":"ImageObject","inLanguage":"gl-ES","@id":"https:\/\/nicogcasares.eu\/gl\/#\/schema\/person\/image\/","url":"https:\/\/nicogcasares.eu\/wp-content\/uploads\/2021\/11\/20211006_EP-119139A_FMA_0895_RESIZED_S.jpg","contentUrl":"https:\/\/nicogcasares.eu\/wp-content\/uploads\/2021\/11\/20211006_EP-119139A_FMA_0895_RESIZED_S.jpg","width":639,"height":426,"caption":"Nicol\u00e1s Gonz\u00e1lez Casares"},"logo":{"@id":"https:\/\/nicogcasares.eu\/gl\/#\/schema\/person\/image\/"},"url":"https:\/\/nicogcasares.eu\/gl\/author\/nico\/"}]}},"_links":{"self":[{"href":"https:\/\/nicogcasares.eu\/gl\/wp-json\/wp\/v2\/posts\/5251"}],"collection":[{"href":"https:\/\/nicogcasares.eu\/gl\/wp-json\/wp\/v2\/posts"}],"about":[{"href":"https:\/\/nicogcasares.eu\/gl\/wp-json\/wp\/v2\/types\/post"}],"author":[{"embeddable":true,"href":"https:\/\/nicogcasares.eu\/gl\/wp-json\/wp\/v2\/users\/4"}],"replies":[{"embeddable":true,"href":"https:\/\/nicogcasares.eu\/gl\/wp-json\/wp\/v2\/comments?post=5251"}],"version-history":[{"count":3,"href":"https:\/\/nicogcasares.eu\/gl\/wp-json\/wp\/v2\/posts\/5251\/revisions"}],"predecessor-version":[{"id":5290,"href":"https:\/\/nicogcasares.eu\/gl\/wp-json\/wp\/v2\/posts\/5251\/revisions\/5290"}],"wp:featuredmedia":[{"embeddable":true,"href":"https:\/\/nicogcasares.eu\/gl\/wp-json\/wp\/v2\/media\/4085"}],"wp:attachment":[{"href":"https:\/\/nicogcasares.eu\/gl\/wp-json\/wp\/v2\/media?parent=5251"}],"wp:term":[{"taxonomy":"category","embeddable":true,"href":"https:\/\/nicogcasares.eu\/gl\/wp-json\/wp\/v2\/categories?post=5251"},{"taxonomy":"post_tag","embeddable":true,"href":"https:\/\/nicogcasares.eu\/gl\/wp-json\/wp\/v2\/tags?post=5251"}],"curies":[{"name":"wp","href":"https:\/\/api.w.org\/{rel}","templated":true}]}}