{"id":5253,"date":"2023-03-09T21:16:11","date_gmt":"2023-03-09T19:16:11","guid":{"rendered":"https:\/\/nicogcasares.eu\/?p=5253"},"modified":"2023-03-09T21:16:45","modified_gmt":"2023-03-09T19:16:45","slug":"nicolas-gonzalez-destaca-dende-poio-a-imparable-chegada-de-fondos-europeos-a-comarca-de-pontevedra-gracias-a-xestion-dos-gobernos-socialistas","status":"publish","type":"post","link":"https:\/\/nicogcasares.eu\/gl\/nicolas-gonzalez-destaca-dende-poio-a-imparable-chegada-de-fondos-europeos-a-comarca-de-pontevedra-gracias-a-xestion-dos-gobernos-socialistas\/","title":{"rendered":"Nicol\u00e1s Gonz\u00e1lez destaca, dende Poio, a imparable chegada de fondos europeos \u00e1 comarca de Pontevedra gracias \u00e1 xesti\u00f3n dos gobernos socialistas"},"content":{"rendered":"\n<p><strong>&#8220;Europa est\u00e1 preto de t\u00f3dolos concellos porque hai un Goberno do Estado que aposta polo municipalismo e unha Deputaci\u00f3n que est\u00e1 a facer un esforzo enorme por captar recursos&#8221;<\/strong><\/p>\n\n\n\n<p><strong>Os candidatos socialistas en Mar\u00edn, Manuel Pazos; Campo Lameiro, Adri\u00e1n Vidal; Cerdedo-Cotobade, Ana Couto e Vilaboa, C\u00e9sar Poza, participan no acto<\/strong><\/p>\n\n\n\n<p>Os fondos europeos est\u00e1n a chegar \u00e1 comarca de Pontevedra cos distintos programas que puxo en marcha o Goberno de Espa\u00f1a e que se est\u00e1n a traducir en proxectos innovadores que servir\u00e1n para avanzar na calidade urbana, no turismo sostible e na mellora da calidade de vida da veci\u00f1anza, contribu\u00edndo tam\u00e9n ao asentamento da poboaci\u00f3n nas zonas m\u00e1is rurais. As\u00ed o puxo de manifesto o eurodeputado <strong>Nicol\u00e1s Gonz\u00e1lez Casares<\/strong> nun encontro celebrado en Poio e no que participaron os candidatos socialistas \u00e1s alcald\u00edas de Mar\u00edn, <strong>Manuel Pazos<\/strong>; Campo Lameiro, <strong>Adri\u00e1n Vidal<\/strong>; Cerdedo-Cotobade,<strong> Ana Couto<\/strong> e Vilaboa,<strong> C\u00e9sar Poza<\/strong>. <\/p>\n\n\n\n<p>Gonz\u00e1lez Casares destacou que os <strong>140.000 mill\u00f3ns de euros que a Uni\u00f3n Europea puxo a disposici\u00f3n de Espa\u00f1a<\/strong> son froito do esforzo do presidente do Goberno, Pedro S\u00e1nchez, a pesar do intento de boicot do Partido Popular. Ademais, engadiu, Espa\u00f1a \u00e9 o pa\u00eds m\u00e1is avanzado na execuci\u00f3n e est\u00e1 a servir de modelo para outros pa\u00edses, a pesar, unha vez m\u00e1is, dos intentos da dereita por frear a chegada deste torrente de recursos. <\/p>\n\n\n\n<p>O eurodeputado <strong>lamentou que o impacto non sexa maior por causa da negativa da Xunta de Galicia a distribu\u00edr os fondos europeos que xestiona <\/strong>directamente a trav\u00e9s dos concellos. Non obstante, engadiu, a Deputaci\u00f3n est\u00e1 a compensar esa eiva, pois est\u00e1 logrando captar fondos europeos de maneira constante. Un \u00faltimo exemplo \u00e9 o esforzo que est\u00e1 a facer o organismo provincial a trav\u00e9s do <strong>programa DepoInnova<\/strong> que, concorre ao PERTE do ciclo da auga e vai permitir realizar obras de mellora das redes en case t\u00f3dolos pequenos e medianos concellos da provincia. <strong>O papel da Deputaci\u00f3n est\u00e1 a ser determinante<\/strong>, engadiu Casares, pois xa conseguiu captar nos \u00faltimos 7 anos e medio case 4,2 mill\u00f3ns de euros en proxectos europeos que serviron para renovar a tecnolox\u00eda led boa parte da iluminaci\u00f3n p\u00fablica dos concellos da contorna de Pontevedra e mellorar a eficiencia enerx\u00e9tica de sistemas de calefacci\u00f3n, ademais de adaptar o punto limpo da Lama \u00e1 recollida de residuos el\u00e9ctricos e electr\u00f3nicos. Ademais, os fondos europeos financiaron as obras nas estradas provinciais de Campelo (Poio) e Parada (Ponte Caldelas). <\/p>\n\n\n\n<p>Gonz\u00e1lez Casares falou da \u00faltima convocatoria do plan de rehabilitaci\u00f3n de edificios p\u00fablicos (PIREP) que achegou 1,7 mill\u00f3ns de euros para a pr\u00f3xima rehabilitaci\u00f3n do colexio Dar\u00eda Gonz\u00e1lez, no Pr\u00edncipe Felipe; 922.817 euros para reformar o antigo Conservatorio de Pontevedra e outros 776.099 euros para acondicionar o edificio municipal de Churruchaos, tam\u00e9n en Pontevedra. Ademais, a comarca recibe outros 677.550 euros para o acondicionamento do colexio do Sequelo, en Mar\u00edn. <\/p>\n\n\n\n<p>Os fondos europeos achegaron tam\u00e9n catro mill\u00f3ns de euros para desenvolver os <strong>Plans de Sostibilidade Tur\u00edstica en Destino (PSTD)<\/strong> en Pontevedra e Mar\u00edn, con dous mill\u00f3ns de euros en cada concello. En breve, deber\u00e1n comezar a licitar as actuaci\u00f3ns previstas para avanzar nun turismo verde, intelixente e dixitalizado. A cidade de Pontevedra tam\u00e9n dispor\u00e1 doutro mill\u00f3n de euros para a posta en valor e acondicionamento das marxes do r\u00edo L\u00e9rez, que xestionar\u00e1 a conceller\u00eda de Medio Natural. <\/p>\n\n\n\n<p>O eurodeputado recalcou o impacto transformador dos fondos europeos nos pequenos concellos a trav\u00e9s do programa DUS5000, encaixado na Estratexia de Espa\u00f1a polo Reto Demogr\u00e1fico. Barro (223.000 euros), Cuntis (490.000 euros) e Mora\u00f1a (814.056 euros) son alg\u00fans dos concellos que xa se beneficiaron dunhas axudas que a\u00ednda est\u00e1n en fase de aprobaci\u00f3n e que achegar\u00e1n m\u00e1is investimentos a municipios de menos de 5.000 habitantes. <\/p>\n\n\n\n<p>A <strong>transformaci\u00f3n dixital da econom\u00eda<\/strong> da man do Goberno de Espa\u00f1a est\u00e1 a ter un impacto enorme na contorna de Pontevedra, destacou Gonz\u00e1lez Casares. As\u00ed, o plan \u00daNICO de Banda Ancha posibilitar\u00e1 que o 100% das vivendas estean conectadas por fibra \u00f3ptica ou por sat\u00e9lite 5G antes de 2025. O Goberno de Espa\u00f1a far\u00e1 posible que as zonas onde non sexa posible o tendido de fibra te\u00f1an acceso de banda ancha a un prezo fixo de 35 euros ao mes gracias ao macrocontrato asinado con Hispasat. <\/p>\n\n\n\n<p>Ademais incidiu no impacto do <strong>programa Kit Digital<\/strong>, o maior despregue de colaboraci\u00f3n p\u00fablico-privada da historia, e que ten como obxectivo a transformaci\u00f3n dixital das empresas, asign\u00e1ndolles axudas que van dos 2.000 euros aos 12.000 euros e do que se est\u00e1n a beneficiar ducias de empresas da comarca.<\/p>\n","protected":false},"excerpt":{"rendered":"<p>&#8220;Europa est\u00e1 preto de t\u00f3dolos concellos porque hai un Goberno do Estado que aposta polo municipalismo e unha Deputaci\u00f3n que est\u00e1 a facer un esforzo enorme por captar recursos&#8221;<\/p>\n","protected":false},"author":4,"featured_media":5254,"comment_status":"closed","ping_status":"closed","sticky":true,"template":"","format":"standard","meta":{"footnotes":""},"categories":[34,32],"tags":[481,484,357,483,486,76],"yoast_head":"<!-- This site is optimized with the Yoast SEO plugin v22.3 - https:\/\/yoast.com\/wordpress\/plugins\/seo\/ -->\n<title>Nicol\u00e1s Gonz\u00e1lez destaca, dende Poio, a imparable chegada de fondos europeos \u00e1 comarca de Pontevedra gracias \u00e1 xesti\u00f3n dos gobernos socialistas - Nico G. Casares<\/title>\n<meta name=\"description\" content=\"&quot;Europa est\u00e1 preto de t\u00f3dolos concellos porque hai un Goberno do Estado que aposta polo municipalismo e unha Deputaci\u00f3n que est\u00e1 a facer un esforzo enorme por captar recursos&quot;\" \/>\n<meta name=\"robots\" content=\"index, follow, max-snippet:-1, max-image-preview:large, max-video-preview:-1\" \/>\n<link rel=\"canonical\" href=\"https:\/\/nicogcasares.eu\/gl\/nicolas-gonzalez-destaca-dende-poio-a-imparable-chegada-de-fondos-europeos-a-comarca-de-pontevedra-gracias-a-xestion-dos-gobernos-socialistas\/\" \/>\n<meta property=\"og:locale\" content=\"gl_ES\" \/>\n<meta property=\"og:type\" content=\"article\" \/>\n<meta property=\"og:title\" content=\"Nicol\u00e1s Gonz\u00e1lez destaca, dende Poio, a imparable chegada de fondos europeos \u00e1 comarca de Pontevedra gracias \u00e1 xesti\u00f3n dos gobernos socialistas\" \/>\n<meta property=\"og:description\" content=\"&quot;Europa est\u00e1 preto de t\u00f3dolos concellos porque hai un Goberno do Estado que aposta polo municipalismo e unha Deputaci\u00f3n que est\u00e1 a facer un esforzo enorme por captar recursos&quot;\" \/>\n<meta property=\"og:url\" content=\"https:\/\/nicogcasares.eu\/gl\/nicolas-gonzalez-destaca-dende-poio-a-imparable-chegada-de-fondos-europeos-a-comarca-de-pontevedra-gracias-a-xestion-dos-gobernos-socialistas\/\" \/>\n<meta property=\"og:site_name\" content=\"Nico G. Casares\" \/>\n<meta property=\"article:published_time\" content=\"2023-03-09T19:16:11+00:00\" \/>\n<meta property=\"article:modified_time\" content=\"2023-03-09T19:16:45+00:00\" \/>\n<meta property=\"og:image\" content=\"https:\/\/nicogcasares.eu\/wp-content\/uploads\/2023\/03\/Reunion-socialista-en-Poio.jpg\" \/>\n\t<meta property=\"og:image:width\" content=\"1200\" \/>\n\t<meta property=\"og:image:height\" content=\"675\" \/>\n\t<meta property=\"og:image:type\" content=\"image\/jpeg\" \/>\n<meta name=\"author\" content=\"Nicol\u00e1s Gonz\u00e1lez Casares\" \/>\n<meta name=\"twitter:card\" content=\"summary_large_image\" \/>\n<meta name=\"twitter:title\" content=\"Nicol\u00e1s Gonz\u00e1lez destaca, dende Poio, a imparable chegada de fondos europeos \u00e1 comarca de Pontevedra gracias \u00e1 xesti\u00f3n dos gobernos socialistas\" \/>\n<meta name=\"twitter:description\" content=\"&quot;Europa est\u00e1 preto de t\u00f3dolos concellos porque hai un Goberno do Estado que aposta polo municipalismo e unha Deputaci\u00f3n que est\u00e1 a facer un esforzo enorme por captar recursos&quot;\" \/>\n<meta name=\"twitter:image\" content=\"https:\/\/nicogcasares.eu\/wp-content\/uploads\/2023\/03\/Reunion-socialista-en-Poio.jpg\" \/>\n<meta name=\"twitter:creator\" content=\"@nicogoncas\" \/>\n<meta name=\"twitter:site\" content=\"@nicogoncas\" \/>\n<meta name=\"twitter:label1\" content=\"Escrito por\" \/>\n\t<meta name=\"twitter:data1\" content=\"Nicol\u00e1s Gonz\u00e1lez Casares\" \/>\n\t<meta name=\"twitter:label2\" content=\"Tempo de lectura\" \/>\n\t<meta name=\"twitter:data2\" content=\"4 minutos\" \/>\n<script type=\"application\/ld+json\" class=\"yoast-schema-graph\">{\"@context\":\"https:\/\/schema.org\",\"@graph\":[{\"@type\":\"Article\",\"@id\":\"https:\/\/nicogcasares.eu\/gl\/nicolas-gonzalez-destaca-dende-poio-a-imparable-chegada-de-fondos-europeos-a-comarca-de-pontevedra-gracias-a-xestion-dos-gobernos-socialistas\/#article\",\"isPartOf\":{\"@id\":\"https:\/\/nicogcasares.eu\/gl\/nicolas-gonzalez-destaca-dende-poio-a-imparable-chegada-de-fondos-europeos-a-comarca-de-pontevedra-gracias-a-xestion-dos-gobernos-socialistas\/\"},\"author\":{\"name\":\"Nicol\u00e1s Gonz\u00e1lez Casares\",\"@id\":\"https:\/\/nicogcasares.eu\/gl\/#\/schema\/person\/75361477143e596646d48598a3778163\"},\"headline\":\"Nicol\u00e1s Gonz\u00e1lez destaca, dende Poio, a imparable chegada de fondos europeos \u00e1 comarca de Pontevedra gracias \u00e1 xesti\u00f3n dos gobernos socialistas\",\"datePublished\":\"2023-03-09T19:16:11+00:00\",\"dateModified\":\"2023-03-09T19:16:45+00:00\",\"mainEntityOfPage\":{\"@id\":\"https:\/\/nicogcasares.eu\/gl\/nicolas-gonzalez-destaca-dende-poio-a-imparable-chegada-de-fondos-europeos-a-comarca-de-pontevedra-gracias-a-xestion-dos-gobernos-socialistas\/\"},\"wordCount\":838,\"publisher\":{\"@id\":\"https:\/\/nicogcasares.eu\/gl\/#\/schema\/person\/75361477143e596646d48598a3778163\"},\"image\":{\"@id\":\"https:\/\/nicogcasares.eu\/gl\/nicolas-gonzalez-destaca-dende-poio-a-imparable-chegada-de-fondos-europeos-a-comarca-de-pontevedra-gracias-a-xestion-dos-gobernos-socialistas\/#primaryimage\"},\"thumbnailUrl\":\"https:\/\/nicogcasares.eu\/wp-content\/uploads\/2023\/03\/Reunion-socialista-en-Poio.jpg\",\"keywords\":[\"kit dixital\",\"Mar\u00edn\",\"Nicol\u00e1s Gonz\u00e1lez Casares\",\"Poio\",\"Pontevedra\",\"Uni\u00f3n Europea\"],\"articleSection\":[\"Actividade\",\"Novas\"],\"inLanguage\":\"gl-ES\"},{\"@type\":\"WebPage\",\"@id\":\"https:\/\/nicogcasares.eu\/gl\/nicolas-gonzalez-destaca-dende-poio-a-imparable-chegada-de-fondos-europeos-a-comarca-de-pontevedra-gracias-a-xestion-dos-gobernos-socialistas\/\",\"url\":\"https:\/\/nicogcasares.eu\/gl\/nicolas-gonzalez-destaca-dende-poio-a-imparable-chegada-de-fondos-europeos-a-comarca-de-pontevedra-gracias-a-xestion-dos-gobernos-socialistas\/\",\"name\":\"Nicol\u00e1s Gonz\u00e1lez destaca, dende Poio, a imparable chegada de fondos europeos \u00e1 comarca de Pontevedra gracias \u00e1 xesti\u00f3n dos gobernos socialistas - Nico G. Casares\",\"isPartOf\":{\"@id\":\"https:\/\/nicogcasares.eu\/gl\/#website\"},\"primaryImageOfPage\":{\"@id\":\"https:\/\/nicogcasares.eu\/gl\/nicolas-gonzalez-destaca-dende-poio-a-imparable-chegada-de-fondos-europeos-a-comarca-de-pontevedra-gracias-a-xestion-dos-gobernos-socialistas\/#primaryimage\"},\"image\":{\"@id\":\"https:\/\/nicogcasares.eu\/gl\/nicolas-gonzalez-destaca-dende-poio-a-imparable-chegada-de-fondos-europeos-a-comarca-de-pontevedra-gracias-a-xestion-dos-gobernos-socialistas\/#primaryimage\"},\"thumbnailUrl\":\"https:\/\/nicogcasares.eu\/wp-content\/uploads\/2023\/03\/Reunion-socialista-en-Poio.jpg\",\"datePublished\":\"2023-03-09T19:16:11+00:00\",\"dateModified\":\"2023-03-09T19:16:45+00:00\",\"description\":\"\\\"Europa est\u00e1 preto de t\u00f3dolos concellos porque hai un Goberno do Estado que aposta polo municipalismo e unha Deputaci\u00f3n que est\u00e1 a facer un esforzo enorme por captar recursos\\\"\",\"breadcrumb\":{\"@id\":\"https:\/\/nicogcasares.eu\/gl\/nicolas-gonzalez-destaca-dende-poio-a-imparable-chegada-de-fondos-europeos-a-comarca-de-pontevedra-gracias-a-xestion-dos-gobernos-socialistas\/#breadcrumb\"},\"inLanguage\":\"gl-ES\",\"potentialAction\":[{\"@type\":\"ReadAction\",\"target\":[\"https:\/\/nicogcasares.eu\/gl\/nicolas-gonzalez-destaca-dende-poio-a-imparable-chegada-de-fondos-europeos-a-comarca-de-pontevedra-gracias-a-xestion-dos-gobernos-socialistas\/\"]}]},{\"@type\":\"ImageObject\",\"inLanguage\":\"gl-ES\",\"@id\":\"https:\/\/nicogcasares.eu\/gl\/nicolas-gonzalez-destaca-dende-poio-a-imparable-chegada-de-fondos-europeos-a-comarca-de-pontevedra-gracias-a-xestion-dos-gobernos-socialistas\/#primaryimage\",\"url\":\"https:\/\/nicogcasares.eu\/wp-content\/uploads\/2023\/03\/Reunion-socialista-en-Poio.jpg\",\"contentUrl\":\"https:\/\/nicogcasares.eu\/wp-content\/uploads\/2023\/03\/Reunion-socialista-en-Poio.jpg\",\"width\":1200,\"height\":675},{\"@type\":\"BreadcrumbList\",\"@id\":\"https:\/\/nicogcasares.eu\/gl\/nicolas-gonzalez-destaca-dende-poio-a-imparable-chegada-de-fondos-europeos-a-comarca-de-pontevedra-gracias-a-xestion-dos-gobernos-socialistas\/#breadcrumb\",\"itemListElement\":[{\"@type\":\"ListItem\",\"position\":1,\"name\":\"Portada\",\"item\":\"https:\/\/nicogcasares.eu\/gl\/\"},{\"@type\":\"ListItem\",\"position\":2,\"name\":\"Nicol\u00e1s Gonz\u00e1lez destaca, dende Poio, a imparable chegada de fondos europeos \u00e1 comarca de Pontevedra gracias \u00e1 xesti\u00f3n dos gobernos socialistas\"}]},{\"@type\":\"WebSite\",\"@id\":\"https:\/\/nicogcasares.eu\/gl\/#website\",\"url\":\"https:\/\/nicogcasares.eu\/gl\/\",\"name\":\"Nico G. Casares\",\"description\":\"Diputado socialista en el parlamento europeo\",\"publisher\":{\"@id\":\"https:\/\/nicogcasares.eu\/gl\/#\/schema\/person\/75361477143e596646d48598a3778163\"},\"potentialAction\":[{\"@type\":\"SearchAction\",\"target\":{\"@type\":\"EntryPoint\",\"urlTemplate\":\"https:\/\/nicogcasares.eu\/gl\/?s={search_term_string}\"},\"query-input\":\"required name=search_term_string\"}],\"inLanguage\":\"gl-ES\"},{\"@type\":[\"Person\",\"Organization\"],\"@id\":\"https:\/\/nicogcasares.eu\/gl\/#\/schema\/person\/75361477143e596646d48598a3778163\",\"name\":\"Nicol\u00e1s Gonz\u00e1lez Casares\",\"image\":{\"@type\":\"ImageObject\",\"inLanguage\":\"gl-ES\",\"@id\":\"https:\/\/nicogcasares.eu\/gl\/#\/schema\/person\/image\/\",\"url\":\"https:\/\/nicogcasares.eu\/wp-content\/uploads\/2021\/11\/20211006_EP-119139A_FMA_0895_RESIZED_S.jpg\",\"contentUrl\":\"https:\/\/nicogcasares.eu\/wp-content\/uploads\/2021\/11\/20211006_EP-119139A_FMA_0895_RESIZED_S.jpg\",\"width\":639,\"height\":426,\"caption\":\"Nicol\u00e1s Gonz\u00e1lez Casares\"},\"logo\":{\"@id\":\"https:\/\/nicogcasares.eu\/gl\/#\/schema\/person\/image\/\"},\"url\":\"https:\/\/nicogcasares.eu\/gl\/author\/nico\/\"}]}<\/script>\n<!-- \/ Yoast SEO plugin. -->","yoast_head_json":{"title":"Nicol\u00e1s Gonz\u00e1lez destaca, dende Poio, a imparable chegada de fondos europeos \u00e1 comarca de Pontevedra gracias \u00e1 xesti\u00f3n dos gobernos socialistas - Nico G. Casares","description":"\"Europa est\u00e1 preto de t\u00f3dolos concellos porque hai un Goberno do Estado que aposta polo municipalismo e unha Deputaci\u00f3n que est\u00e1 a facer un esforzo enorme por captar recursos\"","robots":{"index":"index","follow":"follow","max-snippet":"max-snippet:-1","max-image-preview":"max-image-preview:large","max-video-preview":"max-video-preview:-1"},"canonical":"https:\/\/nicogcasares.eu\/gl\/nicolas-gonzalez-destaca-dende-poio-a-imparable-chegada-de-fondos-europeos-a-comarca-de-pontevedra-gracias-a-xestion-dos-gobernos-socialistas\/","og_locale":"gl_ES","og_type":"article","og_title":"Nicol\u00e1s Gonz\u00e1lez destaca, dende Poio, a imparable chegada de fondos europeos \u00e1 comarca de Pontevedra gracias \u00e1 xesti\u00f3n dos gobernos socialistas","og_description":"\"Europa est\u00e1 preto de t\u00f3dolos concellos porque hai un Goberno do Estado que aposta polo municipalismo e unha Deputaci\u00f3n que est\u00e1 a facer un esforzo enorme por captar recursos\"","og_url":"https:\/\/nicogcasares.eu\/gl\/nicolas-gonzalez-destaca-dende-poio-a-imparable-chegada-de-fondos-europeos-a-comarca-de-pontevedra-gracias-a-xestion-dos-gobernos-socialistas\/","og_site_name":"Nico G. Casares","article_published_time":"2023-03-09T19:16:11+00:00","article_modified_time":"2023-03-09T19:16:45+00:00","og_image":[{"width":1200,"height":675,"url":"https:\/\/nicogcasares.eu\/wp-content\/uploads\/2023\/03\/Reunion-socialista-en-Poio.jpg","type":"image\/jpeg"}],"author":"Nicol\u00e1s Gonz\u00e1lez Casares","twitter_card":"summary_large_image","twitter_title":"Nicol\u00e1s Gonz\u00e1lez destaca, dende Poio, a imparable chegada de fondos europeos \u00e1 comarca de Pontevedra gracias \u00e1 xesti\u00f3n dos gobernos socialistas","twitter_description":"\"Europa est\u00e1 preto de t\u00f3dolos concellos porque hai un Goberno do Estado que aposta polo municipalismo e unha Deputaci\u00f3n que est\u00e1 a facer un esforzo enorme por captar recursos\"","twitter_image":"https:\/\/nicogcasares.eu\/wp-content\/uploads\/2023\/03\/Reunion-socialista-en-Poio.jpg","twitter_creator":"@nicogoncas","twitter_site":"@nicogoncas","twitter_misc":{"Escrito por":"Nicol\u00e1s Gonz\u00e1lez Casares","Tempo de lectura":"4 minutos"},"schema":{"@context":"https:\/\/schema.org","@graph":[{"@type":"Article","@id":"https:\/\/nicogcasares.eu\/gl\/nicolas-gonzalez-destaca-dende-poio-a-imparable-chegada-de-fondos-europeos-a-comarca-de-pontevedra-gracias-a-xestion-dos-gobernos-socialistas\/#article","isPartOf":{"@id":"https:\/\/nicogcasares.eu\/gl\/nicolas-gonzalez-destaca-dende-poio-a-imparable-chegada-de-fondos-europeos-a-comarca-de-pontevedra-gracias-a-xestion-dos-gobernos-socialistas\/"},"author":{"name":"Nicol\u00e1s Gonz\u00e1lez Casares","@id":"https:\/\/nicogcasares.eu\/gl\/#\/schema\/person\/75361477143e596646d48598a3778163"},"headline":"Nicol\u00e1s Gonz\u00e1lez destaca, dende Poio, a imparable chegada de fondos europeos \u00e1 comarca de Pontevedra gracias \u00e1 xesti\u00f3n dos gobernos socialistas","datePublished":"2023-03-09T19:16:11+00:00","dateModified":"2023-03-09T19:16:45+00:00","mainEntityOfPage":{"@id":"https:\/\/nicogcasares.eu\/gl\/nicolas-gonzalez-destaca-dende-poio-a-imparable-chegada-de-fondos-europeos-a-comarca-de-pontevedra-gracias-a-xestion-dos-gobernos-socialistas\/"},"wordCount":838,"publisher":{"@id":"https:\/\/nicogcasares.eu\/gl\/#\/schema\/person\/75361477143e596646d48598a3778163"},"image":{"@id":"https:\/\/nicogcasares.eu\/gl\/nicolas-gonzalez-destaca-dende-poio-a-imparable-chegada-de-fondos-europeos-a-comarca-de-pontevedra-gracias-a-xestion-dos-gobernos-socialistas\/#primaryimage"},"thumbnailUrl":"https:\/\/nicogcasares.eu\/wp-content\/uploads\/2023\/03\/Reunion-socialista-en-Poio.jpg","keywords":["kit dixital","Mar\u00edn","Nicol\u00e1s Gonz\u00e1lez Casares","Poio","Pontevedra","Uni\u00f3n Europea"],"articleSection":["Actividade","Novas"],"inLanguage":"gl-ES"},{"@type":"WebPage","@id":"https:\/\/nicogcasares.eu\/gl\/nicolas-gonzalez-destaca-dende-poio-a-imparable-chegada-de-fondos-europeos-a-comarca-de-pontevedra-gracias-a-xestion-dos-gobernos-socialistas\/","url":"https:\/\/nicogcasares.eu\/gl\/nicolas-gonzalez-destaca-dende-poio-a-imparable-chegada-de-fondos-europeos-a-comarca-de-pontevedra-gracias-a-xestion-dos-gobernos-socialistas\/","name":"Nicol\u00e1s Gonz\u00e1lez destaca, dende Poio, a imparable chegada de fondos europeos \u00e1 comarca de Pontevedra gracias \u00e1 xesti\u00f3n dos gobernos socialistas - Nico G. Casares","isPartOf":{"@id":"https:\/\/nicogcasares.eu\/gl\/#website"},"primaryImageOfPage":{"@id":"https:\/\/nicogcasares.eu\/gl\/nicolas-gonzalez-destaca-dende-poio-a-imparable-chegada-de-fondos-europeos-a-comarca-de-pontevedra-gracias-a-xestion-dos-gobernos-socialistas\/#primaryimage"},"image":{"@id":"https:\/\/nicogcasares.eu\/gl\/nicolas-gonzalez-destaca-dende-poio-a-imparable-chegada-de-fondos-europeos-a-comarca-de-pontevedra-gracias-a-xestion-dos-gobernos-socialistas\/#primaryimage"},"thumbnailUrl":"https:\/\/nicogcasares.eu\/wp-content\/uploads\/2023\/03\/Reunion-socialista-en-Poio.jpg","datePublished":"2023-03-09T19:16:11+00:00","dateModified":"2023-03-09T19:16:45+00:00","description":"\"Europa est\u00e1 preto de t\u00f3dolos concellos porque hai un Goberno do Estado que aposta polo municipalismo e unha Deputaci\u00f3n que est\u00e1 a facer un esforzo enorme por captar recursos\"","breadcrumb":{"@id":"https:\/\/nicogcasares.eu\/gl\/nicolas-gonzalez-destaca-dende-poio-a-imparable-chegada-de-fondos-europeos-a-comarca-de-pontevedra-gracias-a-xestion-dos-gobernos-socialistas\/#breadcrumb"},"inLanguage":"gl-ES","potentialAction":[{"@type":"ReadAction","target":["https:\/\/nicogcasares.eu\/gl\/nicolas-gonzalez-destaca-dende-poio-a-imparable-chegada-de-fondos-europeos-a-comarca-de-pontevedra-gracias-a-xestion-dos-gobernos-socialistas\/"]}]},{"@type":"ImageObject","inLanguage":"gl-ES","@id":"https:\/\/nicogcasares.eu\/gl\/nicolas-gonzalez-destaca-dende-poio-a-imparable-chegada-de-fondos-europeos-a-comarca-de-pontevedra-gracias-a-xestion-dos-gobernos-socialistas\/#primaryimage","url":"https:\/\/nicogcasares.eu\/wp-content\/uploads\/2023\/03\/Reunion-socialista-en-Poio.jpg","contentUrl":"https:\/\/nicogcasares.eu\/wp-content\/uploads\/2023\/03\/Reunion-socialista-en-Poio.jpg","width":1200,"height":675},{"@type":"BreadcrumbList","@id":"https:\/\/nicogcasares.eu\/gl\/nicolas-gonzalez-destaca-dende-poio-a-imparable-chegada-de-fondos-europeos-a-comarca-de-pontevedra-gracias-a-xestion-dos-gobernos-socialistas\/#breadcrumb","itemListElement":[{"@type":"ListItem","position":1,"name":"Portada","item":"https:\/\/nicogcasares.eu\/gl\/"},{"@type":"ListItem","position":2,"name":"Nicol\u00e1s Gonz\u00e1lez destaca, dende Poio, a imparable chegada de fondos europeos \u00e1 comarca de Pontevedra gracias \u00e1 xesti\u00f3n dos gobernos socialistas"}]},{"@type":"WebSite","@id":"https:\/\/nicogcasares.eu\/gl\/#website","url":"https:\/\/nicogcasares.eu\/gl\/","name":"Nico G. Casares","description":"Diputado socialista en el parlamento europeo","publisher":{"@id":"https:\/\/nicogcasares.eu\/gl\/#\/schema\/person\/75361477143e596646d48598a3778163"},"potentialAction":[{"@type":"SearchAction","target":{"@type":"EntryPoint","urlTemplate":"https:\/\/nicogcasares.eu\/gl\/?s={search_term_string}"},"query-input":"required name=search_term_string"}],"inLanguage":"gl-ES"},{"@type":["Person","Organization"],"@id":"https:\/\/nicogcasares.eu\/gl\/#\/schema\/person\/75361477143e596646d48598a3778163","name":"Nicol\u00e1s Gonz\u00e1lez Casares","image":{"@type":"ImageObject","inLanguage":"gl-ES","@id":"https:\/\/nicogcasares.eu\/gl\/#\/schema\/person\/image\/","url":"https:\/\/nicogcasares.eu\/wp-content\/uploads\/2021\/11\/20211006_EP-119139A_FMA_0895_RESIZED_S.jpg","contentUrl":"https:\/\/nicogcasares.eu\/wp-content\/uploads\/2021\/11\/20211006_EP-119139A_FMA_0895_RESIZED_S.jpg","width":639,"height":426,"caption":"Nicol\u00e1s Gonz\u00e1lez Casares"},"logo":{"@id":"https:\/\/nicogcasares.eu\/gl\/#\/schema\/person\/image\/"},"url":"https:\/\/nicogcasares.eu\/gl\/author\/nico\/"}]}},"_links":{"self":[{"href":"https:\/\/nicogcasares.eu\/gl\/wp-json\/wp\/v2\/posts\/5253"}],"collection":[{"href":"https:\/\/nicogcasares.eu\/gl\/wp-json\/wp\/v2\/posts"}],"about":[{"href":"https:\/\/nicogcasares.eu\/gl\/wp-json\/wp\/v2\/types\/post"}],"author":[{"embeddable":true,"href":"https:\/\/nicogcasares.eu\/gl\/wp-json\/wp\/v2\/users\/4"}],"replies":[{"embeddable":true,"href":"https:\/\/nicogcasares.eu\/gl\/wp-json\/wp\/v2\/comments?post=5253"}],"version-history":[{"count":1,"href":"https:\/\/nicogcasares.eu\/gl\/wp-json\/wp\/v2\/posts\/5253\/revisions"}],"predecessor-version":[{"id":5257,"href":"https:\/\/nicogcasares.eu\/gl\/wp-json\/wp\/v2\/posts\/5253\/revisions\/5257"}],"wp:featuredmedia":[{"embeddable":true,"href":"https:\/\/nicogcasares.eu\/gl\/wp-json\/wp\/v2\/media\/5254"}],"wp:attachment":[{"href":"https:\/\/nicogcasares.eu\/gl\/wp-json\/wp\/v2\/media?parent=5253"}],"wp:term":[{"taxonomy":"category","embeddable":true,"href":"https:\/\/nicogcasares.eu\/gl\/wp-json\/wp\/v2\/categories?post=5253"},{"taxonomy":"post_tag","embeddable":true,"href":"https:\/\/nicogcasares.eu\/gl\/wp-json\/wp\/v2\/tags?post=5253"}],"curies":[{"name":"wp","href":"https:\/\/api.w.org\/{rel}","templated":true}]}}