{"id":5278,"date":"2023-03-09T22:46:13","date_gmt":"2023-03-09T20:46:13","guid":{"rendered":"https:\/\/nicogcasares.eu\/?p=5278"},"modified":"2023-03-15T13:38:46","modified_gmt":"2023-03-15T11:38:46","slug":"a-reforma-do-mercado-electrico-debe-reverter-os-altos-prezos-da-enerxia","status":"publish","type":"post","link":"https:\/\/nicogcasares.eu\/gl\/a-reforma-do-mercado-electrico-debe-reverter-os-altos-prezos-da-enerxia\/","title":{"rendered":"&#8220;A reforma do mercado el\u00e9ctrico debe reverter os altos prezos da enerx\u00eda&#8221;"},"content":{"rendered":"\n<p>O eurodeputado Nicol\u00e1s Gonz\u00e1lez Casares convoca en Bruxelas a expertos no sector el\u00e9ctrico para debater sobre a reforma.<\/p>\n\n\n\n<p>En v\u00e9speras de que cristalice a <strong>reforma do sector el\u00e9ctrico europeo<\/strong>, c\u00f3mpre constru\u00edr espazos nos que compartir e achegar posturas antes de que a Comisi\u00f3n Europea publique a s\u00faa proposta completa. Con este obxectivo, o eurodeputado <strong>Nicol\u00e1s Gonz\u00e1lez Casares <\/strong>organizou un <strong>debate en Bruxelas<\/strong> no que sentar a personalidades de diverso perfil, <strong>desde a academia, a investigaci\u00f3n especializada, o sector ou a industria el\u00e9ctrica ata a Comisi\u00f3n<\/strong>. <strong>Albert Riera<\/strong>, asesor do Ministerio para a Transici\u00f3n Ecol\u00f3xica espa\u00f1ol; <strong>Georg Zachmann<\/strong>, investigador principal de Bruegel; <strong>Michael Villa<\/strong>, director executivo de smartEN; <strong>Kristian Ruby<\/strong>, secretario xeral de Eurelectric; <strong>Natalia Fabra<\/strong>, profesora do Departamento de Econom\u00eda da Universidade Carlos III; e <strong>Catharina Sikow-Magny<\/strong>, directora de Transici\u00f3n verde e Integraci\u00f3n de sistemas enerx\u00e9ticos na Direcci\u00f3n Xeral de Enerx\u00eda da Comisi\u00f3n, debullaron os factores a valorar de cara ao dese\u00f1o do novo mercado el\u00e9ctrico europeo. <\/p>\n\n\n\n<p>Como relator socialista da Revisi\u00f3n da Directiva de Renovables, Casares destacou o papel da electricidade como <strong>&#8220;un dos sectores m\u00e1is accesibles para descarbonizar e integrar as renovables&#8221;<\/strong>, co que debe ser competitiva. &#8220;Debemos traballar por un dese\u00f1o de mercado a proba de futuro: para resolver por defecto as situaci\u00f3ns expostas por esta crise enerx\u00e9tica, acelerar o despregamento de enerx\u00edas renovables e mellorar a nosa competitividade e seguridade enerx\u00e9tica&#8221;, exp\u00f3n. Para o parlamentario, a reforma debe <strong>&#8220;dar soluci\u00f3ns para que non se repitan os altos prezos vividos&#8221; <\/strong>e para desacoplar os prezos dos f\u00f3siles do prezo final dos recibos dos consumidores e se beneficien das vantaxes das renovables, m\u00e1is al\u00e1 da descarbonizaci\u00f3n. Neste sentido Gonz\u00e1lez Casares sinalou que &#8220;o que co\u00f1ecemos da proposta da reforma non \u00e9 suficientemente profunda, non ten ambici\u00f3n e non vai po\u00f1er os mecanismos necesarios se se volve producir unha crise de prezos nos f\u00f3siles que poida contaminar os prezos da electricidade&#8221;. <\/p>\n\n\n\n<p>A adopci\u00f3n de medidas que axudan \u00e1 estabilidade dos prezos da enerx\u00eda, como son os PPA (acordos de compra bilateral de electricidade renovable) e os CFDs (contratos por diferencia de enerx\u00eda renovable), son insuficientes para mellorar a competitividade das empresas. &#8220;Prec\u00edsanse <strong>mecanismos de capacidade <\/strong>para cando as renovables non poidan producir o suficiente, as\u00ed como un mercado que reco\u00f1eza a necesidade de investir en almacenamento de electricidade&#8221;, engade Casares. <\/p>\n\n\n\n<p>Para o eurodeputado a <strong>autonom\u00eda enerx\u00e9tica<\/strong> \u00e9 fundamental e, por iso, congratulouse de que a Comisi\u00f3n contemple a posibilidade de que os veci\u00f1os poidan auto producir e compartir electricidade. Unha medida que vai un paso m\u00e1is al\u00e1 das comunidades enerx\u00e9ticas, pois contemplar &#8220;o <strong>dereito a compartir enerx\u00eda<\/strong> no articulado da proposta&#8221; vai supo\u00f1er un cambio de calado na descentralizaci\u00f3n do sistema el\u00e9ctrico.<\/p>\n","protected":false},"excerpt":{"rendered":"<p>O eurodeputado Nicol\u00e1s Gonz\u00e1lez Casares convoca en Bruxelas a expertos no sector el\u00e9ctrico para debater sobre a reforma<\/p>\n","protected":false},"author":4,"featured_media":5276,"comment_status":"closed","ping_status":"closed","sticky":true,"template":"","format":"standard","meta":{"footnotes":""},"categories":[34,29,32],"tags":[57,345,357,374],"yoast_head":"<!-- This site is optimized with the Yoast SEO plugin v22.3 - https:\/\/yoast.com\/wordpress\/plugins\/seo\/ -->\n<title>&quot;A reforma do mercado el\u00e9ctrico debe reverter os altos prezos da enerx\u00eda&quot; - Nico G. Casares<\/title>\n<meta name=\"description\" content=\"O eurodeputado Nicol\u00e1s Gonz\u00e1lez Casares convoca en Bruxelas a expertos no sector el\u00e9ctrico para debater sobre a reforma\" \/>\n<meta name=\"robots\" content=\"index, follow, max-snippet:-1, max-image-preview:large, max-video-preview:-1\" \/>\n<link rel=\"canonical\" href=\"https:\/\/nicogcasares.eu\/la-reforma-del-mercado-electrico-debe-revertir-los-altos-precios-de-la-energia\/\" \/>\n<meta property=\"og:locale\" content=\"gl_ES\" \/>\n<meta property=\"og:type\" content=\"article\" \/>\n<meta property=\"og:title\" content=\"&quot;A reforma do mercado el\u00e9ctrico debe reverter os altos prezos da enerx\u00eda&quot;\" \/>\n<meta property=\"og:description\" content=\"O eurodeputado Nicol\u00e1s Gonz\u00e1lez Casares convoca en Bruxelas a expertos no sector el\u00e9ctrico para debater sobre a reforma\" \/>\n<meta property=\"og:url\" content=\"https:\/\/nicogcasares.eu\/la-reforma-del-mercado-electrico-debe-revertir-los-altos-precios-de-la-energia\/\" \/>\n<meta property=\"og:site_name\" content=\"Nico G. Casares\" \/>\n<meta property=\"article:published_time\" content=\"2023-03-09T20:46:13+00:00\" \/>\n<meta property=\"article:modified_time\" content=\"2023-03-15T11:38:46+00:00\" \/>\n<meta property=\"og:image\" content=\"https:\/\/nicogcasares.eu\/wp-content\/uploads\/2023\/03\/Asistentes-al-debate-sobre-el-mercado-electrico.jpg\" \/>\n\t<meta property=\"og:image:width\" content=\"2016\" \/>\n\t<meta property=\"og:image:height\" content=\"1512\" \/>\n\t<meta property=\"og:image:type\" content=\"image\/jpeg\" \/>\n<meta name=\"author\" content=\"Nicol\u00e1s Gonz\u00e1lez Casares\" \/>\n<meta name=\"twitter:card\" content=\"summary_large_image\" \/>\n<meta name=\"twitter:title\" content=\"&quot;A reforma do mercado el\u00e9ctrico debe reverter os altos prezos da enerx\u00eda&quot;\" \/>\n<meta name=\"twitter:description\" content=\"O eurodeputado Nicol\u00e1s Gonz\u00e1lez Casares convoca en Bruxelas a expertos no sector el\u00e9ctrico para debater sobre a reforma\" \/>\n<meta name=\"twitter:image\" content=\"https:\/\/nicogcasares.eu\/wp-content\/uploads\/2023\/03\/Asistentes-al-debate-sobre-el-mercado-electrico.jpg\" \/>\n<meta name=\"twitter:creator\" content=\"@nicogoncas\" \/>\n<meta name=\"twitter:site\" content=\"@nicogoncas\" \/>\n<meta name=\"twitter:label1\" content=\"Escrito por\" \/>\n\t<meta name=\"twitter:data1\" content=\"Nicol\u00e1s Gonz\u00e1lez Casares\" \/>\n\t<meta name=\"twitter:label2\" content=\"Tempo de lectura\" \/>\n\t<meta name=\"twitter:data2\" content=\"3 minutos\" \/>\n<script type=\"application\/ld+json\" class=\"yoast-schema-graph\">{\"@context\":\"https:\/\/schema.org\",\"@graph\":[{\"@type\":\"Article\",\"@id\":\"https:\/\/nicogcasares.eu\/la-reforma-del-mercado-electrico-debe-revertir-los-altos-precios-de-la-energia\/#article\",\"isPartOf\":{\"@id\":\"https:\/\/nicogcasares.eu\/la-reforma-del-mercado-electrico-debe-revertir-los-altos-precios-de-la-energia\/\"},\"author\":{\"name\":\"Nicol\u00e1s Gonz\u00e1lez Casares\",\"@id\":\"https:\/\/nicogcasares.eu\/gl\/#\/schema\/person\/75361477143e596646d48598a3778163\"},\"headline\":\"&#8220;A reforma do mercado el\u00e9ctrico debe reverter os altos prezos da enerx\u00eda&#8221;\",\"datePublished\":\"2023-03-09T20:46:13+00:00\",\"dateModified\":\"2023-03-15T11:38:46+00:00\",\"mainEntityOfPage\":{\"@id\":\"https:\/\/nicogcasares.eu\/la-reforma-del-mercado-electrico-debe-revertir-los-altos-precios-de-la-energia\/\"},\"wordCount\":512,\"publisher\":{\"@id\":\"https:\/\/nicogcasares.eu\/gl\/#\/schema\/person\/75361477143e596646d48598a3778163\"},\"image\":{\"@id\":\"https:\/\/nicogcasares.eu\/la-reforma-del-mercado-electrico-debe-revertir-los-altos-precios-de-la-energia\/#primaryimage\"},\"thumbnailUrl\":\"https:\/\/nicogcasares.eu\/wp-content\/uploads\/2023\/03\/Asistentes-al-debate-sobre-el-mercado-electrico.jpg\",\"keywords\":[\"Comisi\u00f3n Europea\",\"enerx\u00eda\",\"Nicol\u00e1s Gonz\u00e1lez Casares\",\"renovables\"],\"articleSection\":[\"Actividade\",\"Enerx\u00eda\",\"Novas\"],\"inLanguage\":\"gl-ES\"},{\"@type\":\"WebPage\",\"@id\":\"https:\/\/nicogcasares.eu\/la-reforma-del-mercado-electrico-debe-revertir-los-altos-precios-de-la-energia\/\",\"url\":\"https:\/\/nicogcasares.eu\/la-reforma-del-mercado-electrico-debe-revertir-los-altos-precios-de-la-energia\/\",\"name\":\"\\\"A reforma do mercado el\u00e9ctrico debe reverter os altos prezos da enerx\u00eda\\\" - Nico G. Casares\",\"isPartOf\":{\"@id\":\"https:\/\/nicogcasares.eu\/gl\/#website\"},\"primaryImageOfPage\":{\"@id\":\"https:\/\/nicogcasares.eu\/la-reforma-del-mercado-electrico-debe-revertir-los-altos-precios-de-la-energia\/#primaryimage\"},\"image\":{\"@id\":\"https:\/\/nicogcasares.eu\/la-reforma-del-mercado-electrico-debe-revertir-los-altos-precios-de-la-energia\/#primaryimage\"},\"thumbnailUrl\":\"https:\/\/nicogcasares.eu\/wp-content\/uploads\/2023\/03\/Asistentes-al-debate-sobre-el-mercado-electrico.jpg\",\"datePublished\":\"2023-03-09T20:46:13+00:00\",\"dateModified\":\"2023-03-15T11:38:46+00:00\",\"description\":\"O eurodeputado Nicol\u00e1s Gonz\u00e1lez Casares convoca en Bruxelas a expertos no sector el\u00e9ctrico para debater sobre a reforma\",\"breadcrumb\":{\"@id\":\"https:\/\/nicogcasares.eu\/la-reforma-del-mercado-electrico-debe-revertir-los-altos-precios-de-la-energia\/#breadcrumb\"},\"inLanguage\":\"gl-ES\",\"potentialAction\":[{\"@type\":\"ReadAction\",\"target\":[\"https:\/\/nicogcasares.eu\/la-reforma-del-mercado-electrico-debe-revertir-los-altos-precios-de-la-energia\/\"]}]},{\"@type\":\"ImageObject\",\"inLanguage\":\"gl-ES\",\"@id\":\"https:\/\/nicogcasares.eu\/la-reforma-del-mercado-electrico-debe-revertir-los-altos-precios-de-la-energia\/#primaryimage\",\"url\":\"https:\/\/nicogcasares.eu\/wp-content\/uploads\/2023\/03\/Asistentes-al-debate-sobre-el-mercado-electrico.jpg\",\"contentUrl\":\"https:\/\/nicogcasares.eu\/wp-content\/uploads\/2023\/03\/Asistentes-al-debate-sobre-el-mercado-electrico.jpg\",\"width\":2016,\"height\":1512},{\"@type\":\"BreadcrumbList\",\"@id\":\"https:\/\/nicogcasares.eu\/la-reforma-del-mercado-electrico-debe-revertir-los-altos-precios-de-la-energia\/#breadcrumb\",\"itemListElement\":[{\"@type\":\"ListItem\",\"position\":1,\"name\":\"Portada\",\"item\":\"https:\/\/nicogcasares.eu\/gl\/\"},{\"@type\":\"ListItem\",\"position\":2,\"name\":\"\u00abA reforma do mercado el\u00e9ctrico debe reverter os altos prezos da enerx\u00eda\u00bb\"}]},{\"@type\":\"WebSite\",\"@id\":\"https:\/\/nicogcasares.eu\/gl\/#website\",\"url\":\"https:\/\/nicogcasares.eu\/gl\/\",\"name\":\"Nico G. Casares\",\"description\":\"Diputado socialista en el parlamento europeo\",\"publisher\":{\"@id\":\"https:\/\/nicogcasares.eu\/gl\/#\/schema\/person\/75361477143e596646d48598a3778163\"},\"potentialAction\":[{\"@type\":\"SearchAction\",\"target\":{\"@type\":\"EntryPoint\",\"urlTemplate\":\"https:\/\/nicogcasares.eu\/gl\/?s={search_term_string}\"},\"query-input\":\"required name=search_term_string\"}],\"inLanguage\":\"gl-ES\"},{\"@type\":[\"Person\",\"Organization\"],\"@id\":\"https:\/\/nicogcasares.eu\/gl\/#\/schema\/person\/75361477143e596646d48598a3778163\",\"name\":\"Nicol\u00e1s Gonz\u00e1lez Casares\",\"image\":{\"@type\":\"ImageObject\",\"inLanguage\":\"gl-ES\",\"@id\":\"https:\/\/nicogcasares.eu\/gl\/#\/schema\/person\/image\/\",\"url\":\"https:\/\/nicogcasares.eu\/wp-content\/uploads\/2021\/11\/20211006_EP-119139A_FMA_0895_RESIZED_S.jpg\",\"contentUrl\":\"https:\/\/nicogcasares.eu\/wp-content\/uploads\/2021\/11\/20211006_EP-119139A_FMA_0895_RESIZED_S.jpg\",\"width\":639,\"height\":426,\"caption\":\"Nicol\u00e1s Gonz\u00e1lez Casares\"},\"logo\":{\"@id\":\"https:\/\/nicogcasares.eu\/gl\/#\/schema\/person\/image\/\"},\"url\":\"https:\/\/nicogcasares.eu\/gl\/author\/nico\/\"}]}<\/script>\n<!-- \/ Yoast SEO plugin. -->","yoast_head_json":{"title":"\"A reforma do mercado el\u00e9ctrico debe reverter os altos prezos da enerx\u00eda\" - Nico G. Casares","description":"O eurodeputado Nicol\u00e1s Gonz\u00e1lez Casares convoca en Bruxelas a expertos no sector el\u00e9ctrico para debater sobre a reforma","robots":{"index":"index","follow":"follow","max-snippet":"max-snippet:-1","max-image-preview":"max-image-preview:large","max-video-preview":"max-video-preview:-1"},"canonical":"https:\/\/nicogcasares.eu\/la-reforma-del-mercado-electrico-debe-revertir-los-altos-precios-de-la-energia\/","og_locale":"gl_ES","og_type":"article","og_title":"\"A reforma do mercado el\u00e9ctrico debe reverter os altos prezos da enerx\u00eda\"","og_description":"O eurodeputado Nicol\u00e1s Gonz\u00e1lez Casares convoca en Bruxelas a expertos no sector el\u00e9ctrico para debater sobre a reforma","og_url":"https:\/\/nicogcasares.eu\/la-reforma-del-mercado-electrico-debe-revertir-los-altos-precios-de-la-energia\/","og_site_name":"Nico G. Casares","article_published_time":"2023-03-09T20:46:13+00:00","article_modified_time":"2023-03-15T11:38:46+00:00","og_image":[{"width":2016,"height":1512,"url":"https:\/\/nicogcasares.eu\/wp-content\/uploads\/2023\/03\/Asistentes-al-debate-sobre-el-mercado-electrico.jpg","type":"image\/jpeg"}],"author":"Nicol\u00e1s Gonz\u00e1lez Casares","twitter_card":"summary_large_image","twitter_title":"\"A reforma do mercado el\u00e9ctrico debe reverter os altos prezos da enerx\u00eda\"","twitter_description":"O eurodeputado Nicol\u00e1s Gonz\u00e1lez Casares convoca en Bruxelas a expertos no sector el\u00e9ctrico para debater sobre a reforma","twitter_image":"https:\/\/nicogcasares.eu\/wp-content\/uploads\/2023\/03\/Asistentes-al-debate-sobre-el-mercado-electrico.jpg","twitter_creator":"@nicogoncas","twitter_site":"@nicogoncas","twitter_misc":{"Escrito por":"Nicol\u00e1s Gonz\u00e1lez Casares","Tempo de lectura":"3 minutos"},"schema":{"@context":"https:\/\/schema.org","@graph":[{"@type":"Article","@id":"https:\/\/nicogcasares.eu\/la-reforma-del-mercado-electrico-debe-revertir-los-altos-precios-de-la-energia\/#article","isPartOf":{"@id":"https:\/\/nicogcasares.eu\/la-reforma-del-mercado-electrico-debe-revertir-los-altos-precios-de-la-energia\/"},"author":{"name":"Nicol\u00e1s Gonz\u00e1lez Casares","@id":"https:\/\/nicogcasares.eu\/gl\/#\/schema\/person\/75361477143e596646d48598a3778163"},"headline":"&#8220;A reforma do mercado el\u00e9ctrico debe reverter os altos prezos da enerx\u00eda&#8221;","datePublished":"2023-03-09T20:46:13+00:00","dateModified":"2023-03-15T11:38:46+00:00","mainEntityOfPage":{"@id":"https:\/\/nicogcasares.eu\/la-reforma-del-mercado-electrico-debe-revertir-los-altos-precios-de-la-energia\/"},"wordCount":512,"publisher":{"@id":"https:\/\/nicogcasares.eu\/gl\/#\/schema\/person\/75361477143e596646d48598a3778163"},"image":{"@id":"https:\/\/nicogcasares.eu\/la-reforma-del-mercado-electrico-debe-revertir-los-altos-precios-de-la-energia\/#primaryimage"},"thumbnailUrl":"https:\/\/nicogcasares.eu\/wp-content\/uploads\/2023\/03\/Asistentes-al-debate-sobre-el-mercado-electrico.jpg","keywords":["Comisi\u00f3n Europea","enerx\u00eda","Nicol\u00e1s Gonz\u00e1lez Casares","renovables"],"articleSection":["Actividade","Enerx\u00eda","Novas"],"inLanguage":"gl-ES"},{"@type":"WebPage","@id":"https:\/\/nicogcasares.eu\/la-reforma-del-mercado-electrico-debe-revertir-los-altos-precios-de-la-energia\/","url":"https:\/\/nicogcasares.eu\/la-reforma-del-mercado-electrico-debe-revertir-los-altos-precios-de-la-energia\/","name":"\"A reforma do mercado el\u00e9ctrico debe reverter os altos prezos da enerx\u00eda\" - Nico G. Casares","isPartOf":{"@id":"https:\/\/nicogcasares.eu\/gl\/#website"},"primaryImageOfPage":{"@id":"https:\/\/nicogcasares.eu\/la-reforma-del-mercado-electrico-debe-revertir-los-altos-precios-de-la-energia\/#primaryimage"},"image":{"@id":"https:\/\/nicogcasares.eu\/la-reforma-del-mercado-electrico-debe-revertir-los-altos-precios-de-la-energia\/#primaryimage"},"thumbnailUrl":"https:\/\/nicogcasares.eu\/wp-content\/uploads\/2023\/03\/Asistentes-al-debate-sobre-el-mercado-electrico.jpg","datePublished":"2023-03-09T20:46:13+00:00","dateModified":"2023-03-15T11:38:46+00:00","description":"O eurodeputado Nicol\u00e1s Gonz\u00e1lez Casares convoca en Bruxelas a expertos no sector el\u00e9ctrico para debater sobre a reforma","breadcrumb":{"@id":"https:\/\/nicogcasares.eu\/la-reforma-del-mercado-electrico-debe-revertir-los-altos-precios-de-la-energia\/#breadcrumb"},"inLanguage":"gl-ES","potentialAction":[{"@type":"ReadAction","target":["https:\/\/nicogcasares.eu\/la-reforma-del-mercado-electrico-debe-revertir-los-altos-precios-de-la-energia\/"]}]},{"@type":"ImageObject","inLanguage":"gl-ES","@id":"https:\/\/nicogcasares.eu\/la-reforma-del-mercado-electrico-debe-revertir-los-altos-precios-de-la-energia\/#primaryimage","url":"https:\/\/nicogcasares.eu\/wp-content\/uploads\/2023\/03\/Asistentes-al-debate-sobre-el-mercado-electrico.jpg","contentUrl":"https:\/\/nicogcasares.eu\/wp-content\/uploads\/2023\/03\/Asistentes-al-debate-sobre-el-mercado-electrico.jpg","width":2016,"height":1512},{"@type":"BreadcrumbList","@id":"https:\/\/nicogcasares.eu\/la-reforma-del-mercado-electrico-debe-revertir-los-altos-precios-de-la-energia\/#breadcrumb","itemListElement":[{"@type":"ListItem","position":1,"name":"Portada","item":"https:\/\/nicogcasares.eu\/gl\/"},{"@type":"ListItem","position":2,"name":"\u00abA reforma do mercado el\u00e9ctrico debe reverter os altos prezos da enerx\u00eda\u00bb"}]},{"@type":"WebSite","@id":"https:\/\/nicogcasares.eu\/gl\/#website","url":"https:\/\/nicogcasares.eu\/gl\/","name":"Nico G. Casares","description":"Diputado socialista en el parlamento europeo","publisher":{"@id":"https:\/\/nicogcasares.eu\/gl\/#\/schema\/person\/75361477143e596646d48598a3778163"},"potentialAction":[{"@type":"SearchAction","target":{"@type":"EntryPoint","urlTemplate":"https:\/\/nicogcasares.eu\/gl\/?s={search_term_string}"},"query-input":"required name=search_term_string"}],"inLanguage":"gl-ES"},{"@type":["Person","Organization"],"@id":"https:\/\/nicogcasares.eu\/gl\/#\/schema\/person\/75361477143e596646d48598a3778163","name":"Nicol\u00e1s Gonz\u00e1lez Casares","image":{"@type":"ImageObject","inLanguage":"gl-ES","@id":"https:\/\/nicogcasares.eu\/gl\/#\/schema\/person\/image\/","url":"https:\/\/nicogcasares.eu\/wp-content\/uploads\/2021\/11\/20211006_EP-119139A_FMA_0895_RESIZED_S.jpg","contentUrl":"https:\/\/nicogcasares.eu\/wp-content\/uploads\/2021\/11\/20211006_EP-119139A_FMA_0895_RESIZED_S.jpg","width":639,"height":426,"caption":"Nicol\u00e1s Gonz\u00e1lez Casares"},"logo":{"@id":"https:\/\/nicogcasares.eu\/gl\/#\/schema\/person\/image\/"},"url":"https:\/\/nicogcasares.eu\/gl\/author\/nico\/"}]}},"_links":{"self":[{"href":"https:\/\/nicogcasares.eu\/gl\/wp-json\/wp\/v2\/posts\/5278"}],"collection":[{"href":"https:\/\/nicogcasares.eu\/gl\/wp-json\/wp\/v2\/posts"}],"about":[{"href":"https:\/\/nicogcasares.eu\/gl\/wp-json\/wp\/v2\/types\/post"}],"author":[{"embeddable":true,"href":"https:\/\/nicogcasares.eu\/gl\/wp-json\/wp\/v2\/users\/4"}],"replies":[{"embeddable":true,"href":"https:\/\/nicogcasares.eu\/gl\/wp-json\/wp\/v2\/comments?post=5278"}],"version-history":[{"count":2,"href":"https:\/\/nicogcasares.eu\/gl\/wp-json\/wp\/v2\/posts\/5278\/revisions"}],"predecessor-version":[{"id":5304,"href":"https:\/\/nicogcasares.eu\/gl\/wp-json\/wp\/v2\/posts\/5278\/revisions\/5304"}],"wp:featuredmedia":[{"embeddable":true,"href":"https:\/\/nicogcasares.eu\/gl\/wp-json\/wp\/v2\/media\/5276"}],"wp:attachment":[{"href":"https:\/\/nicogcasares.eu\/gl\/wp-json\/wp\/v2\/media?parent=5278"}],"wp:term":[{"taxonomy":"category","embeddable":true,"href":"https:\/\/nicogcasares.eu\/gl\/wp-json\/wp\/v2\/categories?post=5278"},{"taxonomy":"post_tag","embeddable":true,"href":"https:\/\/nicogcasares.eu\/gl\/wp-json\/wp\/v2\/tags?post=5278"}],"curies":[{"name":"wp","href":"https:\/\/api.w.org\/{rel}","templated":true}]}}