{"id":5305,"date":"2023-03-15T14:43:27","date_gmt":"2023-03-15T12:43:27","guid":{"rendered":"https:\/\/nicogcasares.eu\/blog\/2023\/03\/15\/gonzalez-casares-a-reforma-do-mercado-electrico-na-ue-vai-ben-encaminada-pero-pode-ser-mais-ambiciosa\/"},"modified":"2023-03-15T14:56:08","modified_gmt":"2023-03-15T12:56:08","slug":"gonzalez-casares-a-reforma-do-mercado-electrico-na-ue-vai-ben-encaminada-pero-pode-ser-mais-ambiciosa","status":"publish","type":"post","link":"https:\/\/nicogcasares.eu\/gl\/gonzalez-casares-a-reforma-do-mercado-electrico-na-ue-vai-ben-encaminada-pero-pode-ser-mais-ambiciosa\/","title":{"rendered":"Gonz\u00e1lez Casares: &#8220;A reforma do mercado el\u00e9ctrico na UE vai ben encami\u00f1ada pero pode ser m\u00e1is ambiciosa&#8221;"},"content":{"rendered":"\n<p>O eurodeputado conf\u00eda en influ\u00edr para conseguir un desacople dos prezos dos f\u00f3siles dos que pagan os consumidores<\/p>\n\n\n\n<p>\u201cCelebramos que por fin te\u00f1amos unha <strong>proposta de reforma do mercado el\u00e9ctrico<\/strong> na Uni\u00f3n Europa, \u00e9 unha boa noticia ter unha proposta coa que traballar. Algo reclamado polos socialistas desde antes do comezo da crise de prezos da electricidade. Pero non \u00e9 o suficientemente ambiciosa&#8221;, asegurou o eurodeputado <strong>Nicol\u00e1s Gonz\u00e1lez Casares<\/strong>. <\/p>\n\n\n\n<p>O eurodeputado socialista espera que se mellore no tr\u00e1mite parlamentario onde conf\u00eda en influ\u00edr para conseguir un <strong>desacople dos prezos dos f\u00f3siles<\/strong> dos que pagan os consumidores. <\/p>\n\n\n\n<p>O parlamentario considera que hai <strong>aspectos positivos<\/strong> na proposta, como o reforzo das medidas para <strong>impulsar a liquidez dos mercados a prazos<\/strong> (inclu\u00eddos os contratos por diferenza) e para <strong>protexer aos consumidores<\/strong>. Con todo, lamenta que o obxectivo de reducir a volatilidade dos prezos non sexa o n\u00facleo principal da reforma. &#8220;A reforma exposta non dar\u00eda unha resposta firme \u00e1 crise de prezos da electricidade sufrida&#8221;, insiste. <\/p>\n\n\n\n<p>\u201cPara ter m\u00e1is seguridade enerx\u00e9tica, <strong>necesitamos m\u00e1is enerx\u00edas renovables e menos f\u00f3siles<\/strong>&#8220;. As renovables requiren capacidade firme que sirva de respaldo cando estas non estean dispo\u00f1ibles. Na proposta non se abordou a utilizaci\u00f3n dos <strong>mecanismos de capacidade <\/strong>para asegurar a seguridade de subministraci\u00f3n. &#8220;Esta reforma do mercado debe dar o sinal de que as enerx\u00edas renovables son a fonte m\u00e1is barata e preoc\u00fapanos que as enerx\u00edas nucleares poidan ter demasiado apoio financeiro con esta proposta e quitarllo \u00e1s renovables que dan enerx\u00eda m\u00e1is limpa e barata en menos tempo&#8221;, apunta o socialista. <\/p>\n\n\n\n<p>Gonz\u00e1lez Casares celebra o visto e prace ao <strong>dereito a compartir enerx\u00eda<\/strong> que se prop\u00f3n para os cidad\u00e1ns, os cales van ser cada vez m\u00e1is unha parte activa do sistema el\u00e9ctrico. &#8220;Damos a benvida a esta posibilidade que est\u00e1 no articulado, creo que abre unha nova posibilidade para a descentralizaci\u00f3n e democratizaci\u00f3n do sistema el\u00e9ctrico, abrindo novas posibilidades para o desenvolvemento do autoconsumo&#8221;, engade. <\/p>\n\n\n\n<p>Para o eurodeputado, os<strong> prezos da electricidade competitivos &#8220;son imprescindibles&#8221;<\/strong> e, neste sentido, os socialistas non consideran que a proposta recolla &#8220;medidas contundentes para abordar outra crise de prezos&#8221;. &#8220;Temos medidas de emerxencia positivas que conseguiron desacoplar o prezo do gas da electricidade. Poden ser valiosas para axudar a reformular o dese\u00f1o para facelo resiliente por defecto a situaci\u00f3ns de alta volatilidade. As centrais inframarginales seguir\u00edan obtendo rendas excesivas nos casos de crises de prezos&#8221;, explica.<\/p>\n\n\n\n<figure class=\"wp-block-embed is-type-video is-provider-youtube wp-block-embed-youtube wp-embed-aspect-16-9 wp-has-aspect-ratio\"><div class=\"wp-block-embed__wrapper\">\n<iframe title=\"\u201cLa reforma del mercado el\u00e9ctrico en la UE va bien encaminada pero puede ser m\u00e1s ambiciosa\u201d\" width=\"960\" height=\"540\" src=\"https:\/\/www.youtube.com\/embed\/jdcFNsV4VTI?feature=oembed\" frameborder=\"0\" allow=\"accelerometer; autoplay; clipboard-write; encrypted-media; gyroscope; picture-in-picture; web-share\" referrerpolicy=\"strict-origin-when-cross-origin\" allowfullscreen><\/iframe>\n<\/div><\/figure>\n","protected":false},"excerpt":{"rendered":"<p>O eurodeputado conf\u00eda en influ\u00edr para conseguir un desacople dos prezos dos f\u00f3siles dos que pagan os consumidores<\/p>\n","protected":false},"author":4,"featured_media":5297,"comment_status":"closed","ping_status":"closed","sticky":true,"template":"","format":"standard","meta":{"footnotes":""},"categories":[34,29,32],"tags":[168,494,369,493,76],"yoast_head":"<!-- This site is optimized with the Yoast SEO plugin v22.3 - https:\/\/yoast.com\/wordpress\/plugins\/seo\/ -->\n<title>Gonz\u00e1lez Casares: &quot;A reforma do mercado el\u00e9ctrico na UE vai ben encami\u00f1ada pero pode ser m\u00e1is ambiciosa&quot; - Nico G. Casares<\/title>\n<meta name=\"description\" content=\"O eurodeputado conf\u00eda en influ\u00edr para conseguir un desacople dos prezos dos f\u00f3siles dos que pagan os consumidores\" \/>\n<meta name=\"robots\" content=\"index, follow, max-snippet:-1, max-image-preview:large, max-video-preview:-1\" \/>\n<link rel=\"canonical\" href=\"https:\/\/nicogcasares.eu\/gonzalez-casares-reforma-del-mercado-electrico-en-ue-va-bien-pero-puede-ser-mas-ambiciosa\/\" \/>\n<meta property=\"og:locale\" content=\"gl_ES\" \/>\n<meta property=\"og:type\" content=\"article\" \/>\n<meta property=\"og:title\" content=\"Gonz\u00e1lez Casares: &quot;A reforma do mercado el\u00e9ctrico na UE vai ben encami\u00f1ada pero pode ser m\u00e1is ambiciosa&quot;\" \/>\n<meta property=\"og:description\" content=\"O eurodeputado conf\u00eda en influ\u00edr para conseguir un desacople dos prezos dos f\u00f3siles dos que pagan os consumidores\" \/>\n<meta property=\"og:url\" content=\"https:\/\/nicogcasares.eu\/gonzalez-casares-reforma-del-mercado-electrico-en-ue-va-bien-pero-puede-ser-mas-ambiciosa\/\" \/>\n<meta property=\"og:site_name\" content=\"Nico G. Casares\" \/>\n<meta property=\"article:published_time\" content=\"2023-03-15T12:43:27+00:00\" \/>\n<meta property=\"article:modified_time\" content=\"2023-03-15T12:56:08+00:00\" \/>\n<meta property=\"og:image\" content=\"https:\/\/nicogcasares.eu\/wp-content\/uploads\/2023\/03\/Gonzalez-Casares-este-martes-durante-el-pleno.-Frederic-MARVAUX.jpg\" \/>\n\t<meta property=\"og:image:width\" content=\"768\" \/>\n\t<meta property=\"og:image:height\" content=\"512\" \/>\n\t<meta property=\"og:image:type\" content=\"image\/jpeg\" \/>\n<meta name=\"author\" content=\"Nicol\u00e1s Gonz\u00e1lez Casares\" \/>\n<meta name=\"twitter:card\" content=\"summary_large_image\" \/>\n<meta name=\"twitter:title\" content=\"Gonz\u00e1lez Casares: &quot;A reforma do mercado el\u00e9ctrico na UE vai ben encami\u00f1ada pero pode ser m\u00e1is ambiciosa&quot;\" \/>\n<meta name=\"twitter:description\" content=\"O eurodeputado conf\u00eda en influ\u00edr para conseguir un desacople dos prezos dos f\u00f3siles dos que pagan os consumidores\" \/>\n<meta name=\"twitter:image\" content=\"https:\/\/nicogcasares.eu\/wp-content\/uploads\/2023\/03\/Gonzalez-Casares-este-martes-durante-el-pleno.-Frederic-MARVAUX.jpg\" \/>\n<meta name=\"twitter:creator\" content=\"@nicogoncas\" \/>\n<meta name=\"twitter:site\" content=\"@nicogoncas\" \/>\n<meta name=\"twitter:label1\" content=\"Escrito por\" \/>\n\t<meta name=\"twitter:data1\" content=\"Nicol\u00e1s Gonz\u00e1lez Casares\" \/>\n\t<meta name=\"twitter:label2\" content=\"Tempo de lectura\" \/>\n\t<meta name=\"twitter:data2\" content=\"2 minutos\" \/>\n<script type=\"application\/ld+json\" class=\"yoast-schema-graph\">{\"@context\":\"https:\/\/schema.org\",\"@graph\":[{\"@type\":\"Article\",\"@id\":\"https:\/\/nicogcasares.eu\/gonzalez-casares-reforma-del-mercado-electrico-en-ue-va-bien-pero-puede-ser-mas-ambiciosa\/#article\",\"isPartOf\":{\"@id\":\"https:\/\/nicogcasares.eu\/gonzalez-casares-reforma-del-mercado-electrico-en-ue-va-bien-pero-puede-ser-mas-ambiciosa\/\"},\"author\":{\"name\":\"Nicol\u00e1s Gonz\u00e1lez Casares\",\"@id\":\"https:\/\/nicogcasares.eu\/gl\/#\/schema\/person\/75361477143e596646d48598a3778163\"},\"headline\":\"Gonz\u00e1lez Casares: &#8220;A reforma do mercado el\u00e9ctrico na UE vai ben encami\u00f1ada pero pode ser m\u00e1is ambiciosa&#8221;\",\"datePublished\":\"2023-03-15T12:43:27+00:00\",\"dateModified\":\"2023-03-15T12:56:08+00:00\",\"mainEntityOfPage\":{\"@id\":\"https:\/\/nicogcasares.eu\/gonzalez-casares-reforma-del-mercado-electrico-en-ue-va-bien-pero-puede-ser-mas-ambiciosa\/\"},\"wordCount\":462,\"publisher\":{\"@id\":\"https:\/\/nicogcasares.eu\/gl\/#\/schema\/person\/75361477143e596646d48598a3778163\"},\"image\":{\"@id\":\"https:\/\/nicogcasares.eu\/gonzalez-casares-reforma-del-mercado-electrico-en-ue-va-bien-pero-puede-ser-mas-ambiciosa\/#primaryimage\"},\"thumbnailUrl\":\"https:\/\/nicogcasares.eu\/wp-content\/uploads\/2023\/03\/Gonzalez-Casares-este-martes-durante-el-pleno.-Frederic-MARVAUX.jpg\",\"keywords\":[\"Energ\u00eda\",\"mercado el\u00e9ctrico\",\"Nicol\u00e1s Gonz\u00e1lez Casares\",\"renovables\",\"Uni\u00f3n Europea\"],\"articleSection\":[\"Actividade\",\"Enerx\u00eda\",\"Novas\"],\"inLanguage\":\"gl-ES\"},{\"@type\":\"WebPage\",\"@id\":\"https:\/\/nicogcasares.eu\/gonzalez-casares-reforma-del-mercado-electrico-en-ue-va-bien-pero-puede-ser-mas-ambiciosa\/\",\"url\":\"https:\/\/nicogcasares.eu\/gonzalez-casares-reforma-del-mercado-electrico-en-ue-va-bien-pero-puede-ser-mas-ambiciosa\/\",\"name\":\"Gonz\u00e1lez Casares: \\\"A reforma do mercado el\u00e9ctrico na UE vai ben encami\u00f1ada pero pode ser m\u00e1is ambiciosa\\\" - Nico G. Casares\",\"isPartOf\":{\"@id\":\"https:\/\/nicogcasares.eu\/gl\/#website\"},\"primaryImageOfPage\":{\"@id\":\"https:\/\/nicogcasares.eu\/gonzalez-casares-reforma-del-mercado-electrico-en-ue-va-bien-pero-puede-ser-mas-ambiciosa\/#primaryimage\"},\"image\":{\"@id\":\"https:\/\/nicogcasares.eu\/gonzalez-casares-reforma-del-mercado-electrico-en-ue-va-bien-pero-puede-ser-mas-ambiciosa\/#primaryimage\"},\"thumbnailUrl\":\"https:\/\/nicogcasares.eu\/wp-content\/uploads\/2023\/03\/Gonzalez-Casares-este-martes-durante-el-pleno.-Frederic-MARVAUX.jpg\",\"datePublished\":\"2023-03-15T12:43:27+00:00\",\"dateModified\":\"2023-03-15T12:56:08+00:00\",\"description\":\"O eurodeputado conf\u00eda en influ\u00edr para conseguir un desacople dos prezos dos f\u00f3siles dos que pagan os consumidores\",\"breadcrumb\":{\"@id\":\"https:\/\/nicogcasares.eu\/gonzalez-casares-reforma-del-mercado-electrico-en-ue-va-bien-pero-puede-ser-mas-ambiciosa\/#breadcrumb\"},\"inLanguage\":\"gl-ES\",\"potentialAction\":[{\"@type\":\"ReadAction\",\"target\":[\"https:\/\/nicogcasares.eu\/gonzalez-casares-reforma-del-mercado-electrico-en-ue-va-bien-pero-puede-ser-mas-ambiciosa\/\"]}]},{\"@type\":\"ImageObject\",\"inLanguage\":\"gl-ES\",\"@id\":\"https:\/\/nicogcasares.eu\/gonzalez-casares-reforma-del-mercado-electrico-en-ue-va-bien-pero-puede-ser-mas-ambiciosa\/#primaryimage\",\"url\":\"https:\/\/nicogcasares.eu\/wp-content\/uploads\/2023\/03\/Gonzalez-Casares-este-martes-durante-el-pleno.-Frederic-MARVAUX.jpg\",\"contentUrl\":\"https:\/\/nicogcasares.eu\/wp-content\/uploads\/2023\/03\/Gonzalez-Casares-este-martes-durante-el-pleno.-Frederic-MARVAUX.jpg\",\"width\":768,\"height\":512,\"caption\":\"EP Plenary session - Question Time (Commission) - How to ensure energy security in the EU in 2023\"},{\"@type\":\"BreadcrumbList\",\"@id\":\"https:\/\/nicogcasares.eu\/gonzalez-casares-reforma-del-mercado-electrico-en-ue-va-bien-pero-puede-ser-mas-ambiciosa\/#breadcrumb\",\"itemListElement\":[{\"@type\":\"ListItem\",\"position\":1,\"name\":\"Portada\",\"item\":\"https:\/\/nicogcasares.eu\/gl\/\"},{\"@type\":\"ListItem\",\"position\":2,\"name\":\"Gonz\u00e1lez Casares: \u00abA reforma do mercado el\u00e9ctrico na UE vai ben encami\u00f1ada pero pode ser m\u00e1is ambiciosa\u00bb\"}]},{\"@type\":\"WebSite\",\"@id\":\"https:\/\/nicogcasares.eu\/gl\/#website\",\"url\":\"https:\/\/nicogcasares.eu\/gl\/\",\"name\":\"Nico G. Casares\",\"description\":\"Diputado socialista en el parlamento europeo\",\"publisher\":{\"@id\":\"https:\/\/nicogcasares.eu\/gl\/#\/schema\/person\/75361477143e596646d48598a3778163\"},\"potentialAction\":[{\"@type\":\"SearchAction\",\"target\":{\"@type\":\"EntryPoint\",\"urlTemplate\":\"https:\/\/nicogcasares.eu\/gl\/?s={search_term_string}\"},\"query-input\":\"required name=search_term_string\"}],\"inLanguage\":\"gl-ES\"},{\"@type\":[\"Person\",\"Organization\"],\"@id\":\"https:\/\/nicogcasares.eu\/gl\/#\/schema\/person\/75361477143e596646d48598a3778163\",\"name\":\"Nicol\u00e1s Gonz\u00e1lez Casares\",\"image\":{\"@type\":\"ImageObject\",\"inLanguage\":\"gl-ES\",\"@id\":\"https:\/\/nicogcasares.eu\/gl\/#\/schema\/person\/image\/\",\"url\":\"https:\/\/nicogcasares.eu\/wp-content\/uploads\/2021\/11\/20211006_EP-119139A_FMA_0895_RESIZED_S.jpg\",\"contentUrl\":\"https:\/\/nicogcasares.eu\/wp-content\/uploads\/2021\/11\/20211006_EP-119139A_FMA_0895_RESIZED_S.jpg\",\"width\":639,\"height\":426,\"caption\":\"Nicol\u00e1s Gonz\u00e1lez Casares\"},\"logo\":{\"@id\":\"https:\/\/nicogcasares.eu\/gl\/#\/schema\/person\/image\/\"},\"url\":\"https:\/\/nicogcasares.eu\/gl\/author\/nico\/\"}]}<\/script>\n<!-- \/ Yoast SEO plugin. -->","yoast_head_json":{"title":"Gonz\u00e1lez Casares: \"A reforma do mercado el\u00e9ctrico na UE vai ben encami\u00f1ada pero pode ser m\u00e1is ambiciosa\" - Nico G. Casares","description":"O eurodeputado conf\u00eda en influ\u00edr para conseguir un desacople dos prezos dos f\u00f3siles dos que pagan os consumidores","robots":{"index":"index","follow":"follow","max-snippet":"max-snippet:-1","max-image-preview":"max-image-preview:large","max-video-preview":"max-video-preview:-1"},"canonical":"https:\/\/nicogcasares.eu\/gonzalez-casares-reforma-del-mercado-electrico-en-ue-va-bien-pero-puede-ser-mas-ambiciosa\/","og_locale":"gl_ES","og_type":"article","og_title":"Gonz\u00e1lez Casares: \"A reforma do mercado el\u00e9ctrico na UE vai ben encami\u00f1ada pero pode ser m\u00e1is ambiciosa\"","og_description":"O eurodeputado conf\u00eda en influ\u00edr para conseguir un desacople dos prezos dos f\u00f3siles dos que pagan os consumidores","og_url":"https:\/\/nicogcasares.eu\/gonzalez-casares-reforma-del-mercado-electrico-en-ue-va-bien-pero-puede-ser-mas-ambiciosa\/","og_site_name":"Nico G. Casares","article_published_time":"2023-03-15T12:43:27+00:00","article_modified_time":"2023-03-15T12:56:08+00:00","og_image":[{"width":768,"height":512,"url":"https:\/\/nicogcasares.eu\/wp-content\/uploads\/2023\/03\/Gonzalez-Casares-este-martes-durante-el-pleno.-Frederic-MARVAUX.jpg","type":"image\/jpeg"}],"author":"Nicol\u00e1s Gonz\u00e1lez Casares","twitter_card":"summary_large_image","twitter_title":"Gonz\u00e1lez Casares: \"A reforma do mercado el\u00e9ctrico na UE vai ben encami\u00f1ada pero pode ser m\u00e1is ambiciosa\"","twitter_description":"O eurodeputado conf\u00eda en influ\u00edr para conseguir un desacople dos prezos dos f\u00f3siles dos que pagan os consumidores","twitter_image":"https:\/\/nicogcasares.eu\/wp-content\/uploads\/2023\/03\/Gonzalez-Casares-este-martes-durante-el-pleno.-Frederic-MARVAUX.jpg","twitter_creator":"@nicogoncas","twitter_site":"@nicogoncas","twitter_misc":{"Escrito por":"Nicol\u00e1s Gonz\u00e1lez Casares","Tempo de lectura":"2 minutos"},"schema":{"@context":"https:\/\/schema.org","@graph":[{"@type":"Article","@id":"https:\/\/nicogcasares.eu\/gonzalez-casares-reforma-del-mercado-electrico-en-ue-va-bien-pero-puede-ser-mas-ambiciosa\/#article","isPartOf":{"@id":"https:\/\/nicogcasares.eu\/gonzalez-casares-reforma-del-mercado-electrico-en-ue-va-bien-pero-puede-ser-mas-ambiciosa\/"},"author":{"name":"Nicol\u00e1s Gonz\u00e1lez Casares","@id":"https:\/\/nicogcasares.eu\/gl\/#\/schema\/person\/75361477143e596646d48598a3778163"},"headline":"Gonz\u00e1lez Casares: &#8220;A reforma do mercado el\u00e9ctrico na UE vai ben encami\u00f1ada pero pode ser m\u00e1is ambiciosa&#8221;","datePublished":"2023-03-15T12:43:27+00:00","dateModified":"2023-03-15T12:56:08+00:00","mainEntityOfPage":{"@id":"https:\/\/nicogcasares.eu\/gonzalez-casares-reforma-del-mercado-electrico-en-ue-va-bien-pero-puede-ser-mas-ambiciosa\/"},"wordCount":462,"publisher":{"@id":"https:\/\/nicogcasares.eu\/gl\/#\/schema\/person\/75361477143e596646d48598a3778163"},"image":{"@id":"https:\/\/nicogcasares.eu\/gonzalez-casares-reforma-del-mercado-electrico-en-ue-va-bien-pero-puede-ser-mas-ambiciosa\/#primaryimage"},"thumbnailUrl":"https:\/\/nicogcasares.eu\/wp-content\/uploads\/2023\/03\/Gonzalez-Casares-este-martes-durante-el-pleno.-Frederic-MARVAUX.jpg","keywords":["Energ\u00eda","mercado el\u00e9ctrico","Nicol\u00e1s Gonz\u00e1lez Casares","renovables","Uni\u00f3n Europea"],"articleSection":["Actividade","Enerx\u00eda","Novas"],"inLanguage":"gl-ES"},{"@type":"WebPage","@id":"https:\/\/nicogcasares.eu\/gonzalez-casares-reforma-del-mercado-electrico-en-ue-va-bien-pero-puede-ser-mas-ambiciosa\/","url":"https:\/\/nicogcasares.eu\/gonzalez-casares-reforma-del-mercado-electrico-en-ue-va-bien-pero-puede-ser-mas-ambiciosa\/","name":"Gonz\u00e1lez Casares: \"A reforma do mercado el\u00e9ctrico na UE vai ben encami\u00f1ada pero pode ser m\u00e1is ambiciosa\" - Nico G. Casares","isPartOf":{"@id":"https:\/\/nicogcasares.eu\/gl\/#website"},"primaryImageOfPage":{"@id":"https:\/\/nicogcasares.eu\/gonzalez-casares-reforma-del-mercado-electrico-en-ue-va-bien-pero-puede-ser-mas-ambiciosa\/#primaryimage"},"image":{"@id":"https:\/\/nicogcasares.eu\/gonzalez-casares-reforma-del-mercado-electrico-en-ue-va-bien-pero-puede-ser-mas-ambiciosa\/#primaryimage"},"thumbnailUrl":"https:\/\/nicogcasares.eu\/wp-content\/uploads\/2023\/03\/Gonzalez-Casares-este-martes-durante-el-pleno.-Frederic-MARVAUX.jpg","datePublished":"2023-03-15T12:43:27+00:00","dateModified":"2023-03-15T12:56:08+00:00","description":"O eurodeputado conf\u00eda en influ\u00edr para conseguir un desacople dos prezos dos f\u00f3siles dos que pagan os consumidores","breadcrumb":{"@id":"https:\/\/nicogcasares.eu\/gonzalez-casares-reforma-del-mercado-electrico-en-ue-va-bien-pero-puede-ser-mas-ambiciosa\/#breadcrumb"},"inLanguage":"gl-ES","potentialAction":[{"@type":"ReadAction","target":["https:\/\/nicogcasares.eu\/gonzalez-casares-reforma-del-mercado-electrico-en-ue-va-bien-pero-puede-ser-mas-ambiciosa\/"]}]},{"@type":"ImageObject","inLanguage":"gl-ES","@id":"https:\/\/nicogcasares.eu\/gonzalez-casares-reforma-del-mercado-electrico-en-ue-va-bien-pero-puede-ser-mas-ambiciosa\/#primaryimage","url":"https:\/\/nicogcasares.eu\/wp-content\/uploads\/2023\/03\/Gonzalez-Casares-este-martes-durante-el-pleno.-Frederic-MARVAUX.jpg","contentUrl":"https:\/\/nicogcasares.eu\/wp-content\/uploads\/2023\/03\/Gonzalez-Casares-este-martes-durante-el-pleno.-Frederic-MARVAUX.jpg","width":768,"height":512,"caption":"EP Plenary session - Question Time (Commission) - How to ensure energy security in the EU in 2023"},{"@type":"BreadcrumbList","@id":"https:\/\/nicogcasares.eu\/gonzalez-casares-reforma-del-mercado-electrico-en-ue-va-bien-pero-puede-ser-mas-ambiciosa\/#breadcrumb","itemListElement":[{"@type":"ListItem","position":1,"name":"Portada","item":"https:\/\/nicogcasares.eu\/gl\/"},{"@type":"ListItem","position":2,"name":"Gonz\u00e1lez Casares: \u00abA reforma do mercado el\u00e9ctrico na UE vai ben encami\u00f1ada pero pode ser m\u00e1is ambiciosa\u00bb"}]},{"@type":"WebSite","@id":"https:\/\/nicogcasares.eu\/gl\/#website","url":"https:\/\/nicogcasares.eu\/gl\/","name":"Nico G. Casares","description":"Diputado socialista en el parlamento europeo","publisher":{"@id":"https:\/\/nicogcasares.eu\/gl\/#\/schema\/person\/75361477143e596646d48598a3778163"},"potentialAction":[{"@type":"SearchAction","target":{"@type":"EntryPoint","urlTemplate":"https:\/\/nicogcasares.eu\/gl\/?s={search_term_string}"},"query-input":"required name=search_term_string"}],"inLanguage":"gl-ES"},{"@type":["Person","Organization"],"@id":"https:\/\/nicogcasares.eu\/gl\/#\/schema\/person\/75361477143e596646d48598a3778163","name":"Nicol\u00e1s Gonz\u00e1lez Casares","image":{"@type":"ImageObject","inLanguage":"gl-ES","@id":"https:\/\/nicogcasares.eu\/gl\/#\/schema\/person\/image\/","url":"https:\/\/nicogcasares.eu\/wp-content\/uploads\/2021\/11\/20211006_EP-119139A_FMA_0895_RESIZED_S.jpg","contentUrl":"https:\/\/nicogcasares.eu\/wp-content\/uploads\/2021\/11\/20211006_EP-119139A_FMA_0895_RESIZED_S.jpg","width":639,"height":426,"caption":"Nicol\u00e1s Gonz\u00e1lez Casares"},"logo":{"@id":"https:\/\/nicogcasares.eu\/gl\/#\/schema\/person\/image\/"},"url":"https:\/\/nicogcasares.eu\/gl\/author\/nico\/"}]}},"_links":{"self":[{"href":"https:\/\/nicogcasares.eu\/gl\/wp-json\/wp\/v2\/posts\/5305"}],"collection":[{"href":"https:\/\/nicogcasares.eu\/gl\/wp-json\/wp\/v2\/posts"}],"about":[{"href":"https:\/\/nicogcasares.eu\/gl\/wp-json\/wp\/v2\/types\/post"}],"author":[{"embeddable":true,"href":"https:\/\/nicogcasares.eu\/gl\/wp-json\/wp\/v2\/users\/4"}],"replies":[{"embeddable":true,"href":"https:\/\/nicogcasares.eu\/gl\/wp-json\/wp\/v2\/comments?post=5305"}],"version-history":[{"count":2,"href":"https:\/\/nicogcasares.eu\/gl\/wp-json\/wp\/v2\/posts\/5305\/revisions"}],"predecessor-version":[{"id":5308,"href":"https:\/\/nicogcasares.eu\/gl\/wp-json\/wp\/v2\/posts\/5305\/revisions\/5308"}],"wp:featuredmedia":[{"embeddable":true,"href":"https:\/\/nicogcasares.eu\/gl\/wp-json\/wp\/v2\/media\/5297"}],"wp:attachment":[{"href":"https:\/\/nicogcasares.eu\/gl\/wp-json\/wp\/v2\/media?parent=5305"}],"wp:term":[{"taxonomy":"category","embeddable":true,"href":"https:\/\/nicogcasares.eu\/gl\/wp-json\/wp\/v2\/categories?post=5305"},{"taxonomy":"post_tag","embeddable":true,"href":"https:\/\/nicogcasares.eu\/gl\/wp-json\/wp\/v2\/tags?post=5305"}],"curies":[{"name":"wp","href":"https:\/\/api.w.org\/{rel}","templated":true}]}}