{"id":5566,"date":"2023-11-29T19:32:31","date_gmt":"2023-11-29T17:32:31","guid":{"rendered":"https:\/\/nicogcasares.eu\/blog\/2023\/11\/29\/gonzalez-casares-rueda-deja-a-galicia-sin-desarrollo-renovable\/"},"modified":"2024-03-27T00:08:51","modified_gmt":"2024-03-26T22:08:51","slug":"gonzalez-casares-rueda-deja-a-galicia-sin-desarrollo-renovable","status":"publish","type":"post","link":"https:\/\/nicogcasares.eu\/gl\/gonzalez-casares-rueda-deja-a-galicia-sin-desarrollo-renovable\/","title":{"rendered":"Gonzalez Casares: \u201cRueda deixa a Galicia sen desenvolvemento renovable\u201d"},"content":{"rendered":"\n<p>O eurodeputado critica a falta de compromiso e traballo do mandatario galego trala exclusi\u00f3n do hidroducto galego dos fondos europeos<\/p>\n\n\n\n<p>O eurodeputado <strong>Nicol\u00e1s Gonz\u00e1lez Casares <\/strong>po\u00f1\u00eda este m\u00e9rcores de manifesto a<strong> ineficacia da Xunta de Galicia<\/strong> na captaci\u00f3n de proxectos de enerx\u00edas renovables de impacto para a comunidade. O socialista responsabiliza ao presidente Alfonso Rueda de \u201cintentar tapar a s\u00faa propia incompetencia\u201d ao quedar f\u00f3ra dos fondos europeos o proxecto do <strong>hidroducto Guitiriz-Zamora<\/strong>. <\/p>\n\n\n\n<p>Casares destaca o <strong>compromiso de Enag\u00e1s e Reganosa<\/strong> de encargarse da construci\u00f3n do hidroducto e di que as cr\u00edticas de Rueda cara ao mapa enerx\u00e9tico da Comisi\u00f3n Europea s\u00f3 son unha escusa para desviar a atenci\u00f3n da s\u00faa falta de traballo coas instituci\u00f3ns europeas. O eurodeputado salienta que a decisi\u00f3n sobre o hidroducto \u00e9 &#8220;puramente europea e baseada no seu regulamento&#8221; e non est\u00e1 suxeita \u00e1 influencia do goberno espa\u00f1ol. <\/p>\n\n\n\n<p>Casares lamenta a falta de co\u00f1ecemento e habilidade negociadora do presidente da Xunta en asuntos europeos, pois a falta de poder e influencia de Rueda evid\u00e9nciase na decisi\u00f3n tomada en Bruxelas. \u201cVese como anda desorientado en todas as decisi\u00f3ns europeas\u201d, apunta.<\/p>\n\n\n\n<p>Por outra banda, Casares ac\u00fasao de \u201comitir deliberadamente\u201d o respaldo da Comisi\u00f3n Europea \u00e1 interconexi\u00f3n el\u00e9ctrica do norte de Portugal con Galicia, un proxecto que resultar\u00eda moi beneficioso para a produci\u00f3n de hidr\u00f3xeno verde e reforzar\u00eda a seguridade dos seus produtores na comunidade. Outro dos proxectos que a Xunta tam\u00e9n pasou por alto foi o dos electrolizadores (para transformar a auga en hidr\u00f3xeno). As\u00ed pois, Nicol\u00e1s Gonz\u00e1lez insta ao goberno galego a facer autocr\u00edtica sobre a s\u00faa xesti\u00f3n cando proxectos tan cruciais para Galicia, como estes, est\u00e1n en xogo.<\/p>\n","protected":false},"excerpt":{"rendered":"<p>O eurodeputado critica a falta de compromiso e traballo do mandatario galego trala exclusi\u00f3n do hidroducto galego dos fondos europeos<\/p>\n","protected":false},"author":4,"featured_media":5162,"comment_status":"closed","ping_status":"closed","sticky":true,"template":"","format":"standard","meta":{"footnotes":""},"categories":[34,29,32],"tags":[333,180,355,80,245,73],"yoast_head":"<!-- This site is optimized with the Yoast SEO plugin v22.3 - https:\/\/yoast.com\/wordpress\/plugins\/seo\/ -->\n<title>Gonzalez Casares: \u201cRueda deixa a Galicia sen desenvolvemento renovable\u201d - Nico G. Casares<\/title>\n<meta name=\"description\" content=\"Gonzalez Casares: \u201cRueda deixa a Galicia sen desenvolvemento renovable\u201d\" \/>\n<meta name=\"robots\" content=\"index, follow, max-snippet:-1, max-image-preview:large, max-video-preview:-1\" \/>\n<link rel=\"canonical\" href=\"https:\/\/nicogcasares.eu\/gl\/gonzalez-casares-rueda-deja-a-galicia-sin-desarrollo-renovable\/\" \/>\n<meta property=\"og:locale\" content=\"gl_ES\" \/>\n<meta property=\"og:type\" content=\"article\" \/>\n<meta property=\"og:title\" content=\"Gonzalez Casares: \u201cRueda deixa a Galicia sen desenvolvemento renovable\u201d\" \/>\n<meta property=\"og:description\" content=\"O eurodeputado critica a falta de compromiso e traballo do mandatario galego trala exclusi\u00f3n do hidroducto galego dos fondos europeos\" \/>\n<meta property=\"og:url\" content=\"https:\/\/nicogcasares.eu\/gl\/gonzalez-casares-rueda-deja-a-galicia-sin-desarrollo-renovable\/\" \/>\n<meta property=\"og:site_name\" content=\"Nico G. Casares\" \/>\n<meta property=\"article:published_time\" content=\"2023-11-29T17:32:31+00:00\" \/>\n<meta property=\"article:modified_time\" content=\"2024-03-26T22:08:51+00:00\" \/>\n<meta property=\"og:image\" content=\"https:\/\/nicogcasares.eu\/wp-content\/uploads\/2023\/02\/Nicolas-Gonzalez-Casares.jpg\" \/>\n\t<meta property=\"og:image:width\" content=\"768\" \/>\n\t<meta property=\"og:image:height\" content=\"512\" \/>\n\t<meta property=\"og:image:type\" content=\"image\/jpeg\" \/>\n<meta name=\"author\" content=\"Nicol\u00e1s Gonz\u00e1lez Casares\" \/>\n<meta name=\"twitter:card\" content=\"summary_large_image\" \/>\n<meta name=\"twitter:title\" content=\"Gonzalez Casares: \u201cRueda deixa a Galicia sen desenvolvemento renovable\u201d\" \/>\n<meta name=\"twitter:description\" content=\"O eurodeputado critica a falta de compromiso e traballo do mandatario galego trala exclusi\u00f3n do hidroducto galego dos fondos europeos\" \/>\n<meta name=\"twitter:image\" content=\"https:\/\/nicogcasares.eu\/wp-content\/uploads\/2023\/02\/Nicolas-Gonzalez-Casares.jpg\" \/>\n<meta name=\"twitter:creator\" content=\"@nicogoncas\" \/>\n<meta name=\"twitter:site\" content=\"@nicogoncas\" \/>\n<meta name=\"twitter:label1\" content=\"Escrito por\" \/>\n\t<meta name=\"twitter:data1\" content=\"Nicol\u00e1s Gonz\u00e1lez Casares\" \/>\n\t<meta name=\"twitter:label2\" content=\"Tempo de lectura\" \/>\n\t<meta name=\"twitter:data2\" content=\"2 minutos\" \/>\n<script type=\"application\/ld+json\" class=\"yoast-schema-graph\">{\"@context\":\"https:\/\/schema.org\",\"@graph\":[{\"@type\":\"Article\",\"@id\":\"https:\/\/nicogcasares.eu\/gl\/gonzalez-casares-rueda-deja-a-galicia-sin-desarrollo-renovable\/#article\",\"isPartOf\":{\"@id\":\"https:\/\/nicogcasares.eu\/gl\/gonzalez-casares-rueda-deja-a-galicia-sin-desarrollo-renovable\/\"},\"author\":{\"name\":\"Nicol\u00e1s Gonz\u00e1lez Casares\",\"@id\":\"https:\/\/nicogcasares.eu\/gl\/#\/schema\/person\/75361477143e596646d48598a3778163\"},\"headline\":\"Gonzalez Casares: \u201cRueda deixa a Galicia sen desenvolvemento renovable\u201d\",\"datePublished\":\"2023-11-29T17:32:31+00:00\",\"dateModified\":\"2024-03-26T22:08:51+00:00\",\"mainEntityOfPage\":{\"@id\":\"https:\/\/nicogcasares.eu\/gl\/gonzalez-casares-rueda-deja-a-galicia-sin-desarrollo-renovable\/\"},\"wordCount\":318,\"publisher\":{\"@id\":\"https:\/\/nicogcasares.eu\/gl\/#\/schema\/person\/75361477143e596646d48598a3778163\"},\"image\":{\"@id\":\"https:\/\/nicogcasares.eu\/gl\/gonzalez-casares-rueda-deja-a-galicia-sin-desarrollo-renovable\/#primaryimage\"},\"thumbnailUrl\":\"https:\/\/nicogcasares.eu\/wp-content\/uploads\/2023\/02\/Nicolas-Gonzalez-Casares.jpg\",\"keywords\":[\"enerxia\",\"Galicia\",\"Nicol\u00e1s Gonz\u00e1lez Casares\",\"Parlamento Europeo\",\"renovables\",\"Uni\u00f3n Europea\"],\"articleSection\":[\"Actividade\",\"Enerx\u00eda\",\"Novas\"],\"inLanguage\":\"gl-ES\"},{\"@type\":\"WebPage\",\"@id\":\"https:\/\/nicogcasares.eu\/gl\/gonzalez-casares-rueda-deja-a-galicia-sin-desarrollo-renovable\/\",\"url\":\"https:\/\/nicogcasares.eu\/gl\/gonzalez-casares-rueda-deja-a-galicia-sin-desarrollo-renovable\/\",\"name\":\"Gonzalez Casares: \u201cRueda deixa a Galicia sen desenvolvemento renovable\u201d - Nico G. Casares\",\"isPartOf\":{\"@id\":\"https:\/\/nicogcasares.eu\/gl\/#website\"},\"primaryImageOfPage\":{\"@id\":\"https:\/\/nicogcasares.eu\/gl\/gonzalez-casares-rueda-deja-a-galicia-sin-desarrollo-renovable\/#primaryimage\"},\"image\":{\"@id\":\"https:\/\/nicogcasares.eu\/gl\/gonzalez-casares-rueda-deja-a-galicia-sin-desarrollo-renovable\/#primaryimage\"},\"thumbnailUrl\":\"https:\/\/nicogcasares.eu\/wp-content\/uploads\/2023\/02\/Nicolas-Gonzalez-Casares.jpg\",\"datePublished\":\"2023-11-29T17:32:31+00:00\",\"dateModified\":\"2024-03-26T22:08:51+00:00\",\"description\":\"Gonzalez Casares: \u201cRueda deixa a Galicia sen desenvolvemento renovable\u201d\",\"breadcrumb\":{\"@id\":\"https:\/\/nicogcasares.eu\/gl\/gonzalez-casares-rueda-deja-a-galicia-sin-desarrollo-renovable\/#breadcrumb\"},\"inLanguage\":\"gl-ES\",\"potentialAction\":[{\"@type\":\"ReadAction\",\"target\":[\"https:\/\/nicogcasares.eu\/gl\/gonzalez-casares-rueda-deja-a-galicia-sin-desarrollo-renovable\/\"]}]},{\"@type\":\"ImageObject\",\"inLanguage\":\"gl-ES\",\"@id\":\"https:\/\/nicogcasares.eu\/gl\/gonzalez-casares-rueda-deja-a-galicia-sin-desarrollo-renovable\/#primaryimage\",\"url\":\"https:\/\/nicogcasares.eu\/wp-content\/uploads\/2023\/02\/Nicolas-Gonzalez-Casares.jpg\",\"contentUrl\":\"https:\/\/nicogcasares.eu\/wp-content\/uploads\/2023\/02\/Nicolas-Gonzalez-Casares.jpg\",\"width\":768,\"height\":512,\"caption\":\"EP Plenary session - Developing an EU Cycling Strategy - O.Q.\"},{\"@type\":\"BreadcrumbList\",\"@id\":\"https:\/\/nicogcasares.eu\/gl\/gonzalez-casares-rueda-deja-a-galicia-sin-desarrollo-renovable\/#breadcrumb\",\"itemListElement\":[{\"@type\":\"ListItem\",\"position\":1,\"name\":\"Portada\",\"item\":\"https:\/\/nicogcasares.eu\/gl\/\"},{\"@type\":\"ListItem\",\"position\":2,\"name\":\"Gonzalez Casares: \u201cRueda deixa a Galicia sen desenvolvemento renovable\u201d\"}]},{\"@type\":\"WebSite\",\"@id\":\"https:\/\/nicogcasares.eu\/gl\/#website\",\"url\":\"https:\/\/nicogcasares.eu\/gl\/\",\"name\":\"Nico G. Casares\",\"description\":\"Diputado socialista en el parlamento europeo\",\"publisher\":{\"@id\":\"https:\/\/nicogcasares.eu\/gl\/#\/schema\/person\/75361477143e596646d48598a3778163\"},\"potentialAction\":[{\"@type\":\"SearchAction\",\"target\":{\"@type\":\"EntryPoint\",\"urlTemplate\":\"https:\/\/nicogcasares.eu\/gl\/?s={search_term_string}\"},\"query-input\":\"required name=search_term_string\"}],\"inLanguage\":\"gl-ES\"},{\"@type\":[\"Person\",\"Organization\"],\"@id\":\"https:\/\/nicogcasares.eu\/gl\/#\/schema\/person\/75361477143e596646d48598a3778163\",\"name\":\"Nicol\u00e1s Gonz\u00e1lez Casares\",\"image\":{\"@type\":\"ImageObject\",\"inLanguage\":\"gl-ES\",\"@id\":\"https:\/\/nicogcasares.eu\/gl\/#\/schema\/person\/image\/\",\"url\":\"https:\/\/nicogcasares.eu\/wp-content\/uploads\/2021\/11\/20211006_EP-119139A_FMA_0895_RESIZED_S.jpg\",\"contentUrl\":\"https:\/\/nicogcasares.eu\/wp-content\/uploads\/2021\/11\/20211006_EP-119139A_FMA_0895_RESIZED_S.jpg\",\"width\":639,\"height\":426,\"caption\":\"Nicol\u00e1s Gonz\u00e1lez Casares\"},\"logo\":{\"@id\":\"https:\/\/nicogcasares.eu\/gl\/#\/schema\/person\/image\/\"},\"url\":\"https:\/\/nicogcasares.eu\/gl\/author\/nico\/\"}]}<\/script>\n<!-- \/ Yoast SEO plugin. -->","yoast_head_json":{"title":"Gonzalez Casares: \u201cRueda deixa a Galicia sen desenvolvemento renovable\u201d - Nico G. Casares","description":"Gonzalez Casares: \u201cRueda deixa a Galicia sen desenvolvemento renovable\u201d","robots":{"index":"index","follow":"follow","max-snippet":"max-snippet:-1","max-image-preview":"max-image-preview:large","max-video-preview":"max-video-preview:-1"},"canonical":"https:\/\/nicogcasares.eu\/gl\/gonzalez-casares-rueda-deja-a-galicia-sin-desarrollo-renovable\/","og_locale":"gl_ES","og_type":"article","og_title":"Gonzalez Casares: \u201cRueda deixa a Galicia sen desenvolvemento renovable\u201d","og_description":"O eurodeputado critica a falta de compromiso e traballo do mandatario galego trala exclusi\u00f3n do hidroducto galego dos fondos europeos","og_url":"https:\/\/nicogcasares.eu\/gl\/gonzalez-casares-rueda-deja-a-galicia-sin-desarrollo-renovable\/","og_site_name":"Nico G. Casares","article_published_time":"2023-11-29T17:32:31+00:00","article_modified_time":"2024-03-26T22:08:51+00:00","og_image":[{"width":768,"height":512,"url":"https:\/\/nicogcasares.eu\/wp-content\/uploads\/2023\/02\/Nicolas-Gonzalez-Casares.jpg","type":"image\/jpeg"}],"author":"Nicol\u00e1s Gonz\u00e1lez Casares","twitter_card":"summary_large_image","twitter_title":"Gonzalez Casares: \u201cRueda deixa a Galicia sen desenvolvemento renovable\u201d","twitter_description":"O eurodeputado critica a falta de compromiso e traballo do mandatario galego trala exclusi\u00f3n do hidroducto galego dos fondos europeos","twitter_image":"https:\/\/nicogcasares.eu\/wp-content\/uploads\/2023\/02\/Nicolas-Gonzalez-Casares.jpg","twitter_creator":"@nicogoncas","twitter_site":"@nicogoncas","twitter_misc":{"Escrito por":"Nicol\u00e1s Gonz\u00e1lez Casares","Tempo de lectura":"2 minutos"},"schema":{"@context":"https:\/\/schema.org","@graph":[{"@type":"Article","@id":"https:\/\/nicogcasares.eu\/gl\/gonzalez-casares-rueda-deja-a-galicia-sin-desarrollo-renovable\/#article","isPartOf":{"@id":"https:\/\/nicogcasares.eu\/gl\/gonzalez-casares-rueda-deja-a-galicia-sin-desarrollo-renovable\/"},"author":{"name":"Nicol\u00e1s Gonz\u00e1lez Casares","@id":"https:\/\/nicogcasares.eu\/gl\/#\/schema\/person\/75361477143e596646d48598a3778163"},"headline":"Gonzalez Casares: \u201cRueda deixa a Galicia sen desenvolvemento renovable\u201d","datePublished":"2023-11-29T17:32:31+00:00","dateModified":"2024-03-26T22:08:51+00:00","mainEntityOfPage":{"@id":"https:\/\/nicogcasares.eu\/gl\/gonzalez-casares-rueda-deja-a-galicia-sin-desarrollo-renovable\/"},"wordCount":318,"publisher":{"@id":"https:\/\/nicogcasares.eu\/gl\/#\/schema\/person\/75361477143e596646d48598a3778163"},"image":{"@id":"https:\/\/nicogcasares.eu\/gl\/gonzalez-casares-rueda-deja-a-galicia-sin-desarrollo-renovable\/#primaryimage"},"thumbnailUrl":"https:\/\/nicogcasares.eu\/wp-content\/uploads\/2023\/02\/Nicolas-Gonzalez-Casares.jpg","keywords":["enerxia","Galicia","Nicol\u00e1s Gonz\u00e1lez Casares","Parlamento Europeo","renovables","Uni\u00f3n Europea"],"articleSection":["Actividade","Enerx\u00eda","Novas"],"inLanguage":"gl-ES"},{"@type":"WebPage","@id":"https:\/\/nicogcasares.eu\/gl\/gonzalez-casares-rueda-deja-a-galicia-sin-desarrollo-renovable\/","url":"https:\/\/nicogcasares.eu\/gl\/gonzalez-casares-rueda-deja-a-galicia-sin-desarrollo-renovable\/","name":"Gonzalez Casares: \u201cRueda deixa a Galicia sen desenvolvemento renovable\u201d - Nico G. Casares","isPartOf":{"@id":"https:\/\/nicogcasares.eu\/gl\/#website"},"primaryImageOfPage":{"@id":"https:\/\/nicogcasares.eu\/gl\/gonzalez-casares-rueda-deja-a-galicia-sin-desarrollo-renovable\/#primaryimage"},"image":{"@id":"https:\/\/nicogcasares.eu\/gl\/gonzalez-casares-rueda-deja-a-galicia-sin-desarrollo-renovable\/#primaryimage"},"thumbnailUrl":"https:\/\/nicogcasares.eu\/wp-content\/uploads\/2023\/02\/Nicolas-Gonzalez-Casares.jpg","datePublished":"2023-11-29T17:32:31+00:00","dateModified":"2024-03-26T22:08:51+00:00","description":"Gonzalez Casares: \u201cRueda deixa a Galicia sen desenvolvemento renovable\u201d","breadcrumb":{"@id":"https:\/\/nicogcasares.eu\/gl\/gonzalez-casares-rueda-deja-a-galicia-sin-desarrollo-renovable\/#breadcrumb"},"inLanguage":"gl-ES","potentialAction":[{"@type":"ReadAction","target":["https:\/\/nicogcasares.eu\/gl\/gonzalez-casares-rueda-deja-a-galicia-sin-desarrollo-renovable\/"]}]},{"@type":"ImageObject","inLanguage":"gl-ES","@id":"https:\/\/nicogcasares.eu\/gl\/gonzalez-casares-rueda-deja-a-galicia-sin-desarrollo-renovable\/#primaryimage","url":"https:\/\/nicogcasares.eu\/wp-content\/uploads\/2023\/02\/Nicolas-Gonzalez-Casares.jpg","contentUrl":"https:\/\/nicogcasares.eu\/wp-content\/uploads\/2023\/02\/Nicolas-Gonzalez-Casares.jpg","width":768,"height":512,"caption":"EP Plenary session - Developing an EU Cycling Strategy - O.Q."},{"@type":"BreadcrumbList","@id":"https:\/\/nicogcasares.eu\/gl\/gonzalez-casares-rueda-deja-a-galicia-sin-desarrollo-renovable\/#breadcrumb","itemListElement":[{"@type":"ListItem","position":1,"name":"Portada","item":"https:\/\/nicogcasares.eu\/gl\/"},{"@type":"ListItem","position":2,"name":"Gonzalez Casares: \u201cRueda deixa a Galicia sen desenvolvemento renovable\u201d"}]},{"@type":"WebSite","@id":"https:\/\/nicogcasares.eu\/gl\/#website","url":"https:\/\/nicogcasares.eu\/gl\/","name":"Nico G. Casares","description":"Diputado socialista en el parlamento europeo","publisher":{"@id":"https:\/\/nicogcasares.eu\/gl\/#\/schema\/person\/75361477143e596646d48598a3778163"},"potentialAction":[{"@type":"SearchAction","target":{"@type":"EntryPoint","urlTemplate":"https:\/\/nicogcasares.eu\/gl\/?s={search_term_string}"},"query-input":"required name=search_term_string"}],"inLanguage":"gl-ES"},{"@type":["Person","Organization"],"@id":"https:\/\/nicogcasares.eu\/gl\/#\/schema\/person\/75361477143e596646d48598a3778163","name":"Nicol\u00e1s Gonz\u00e1lez Casares","image":{"@type":"ImageObject","inLanguage":"gl-ES","@id":"https:\/\/nicogcasares.eu\/gl\/#\/schema\/person\/image\/","url":"https:\/\/nicogcasares.eu\/wp-content\/uploads\/2021\/11\/20211006_EP-119139A_FMA_0895_RESIZED_S.jpg","contentUrl":"https:\/\/nicogcasares.eu\/wp-content\/uploads\/2021\/11\/20211006_EP-119139A_FMA_0895_RESIZED_S.jpg","width":639,"height":426,"caption":"Nicol\u00e1s Gonz\u00e1lez Casares"},"logo":{"@id":"https:\/\/nicogcasares.eu\/gl\/#\/schema\/person\/image\/"},"url":"https:\/\/nicogcasares.eu\/gl\/author\/nico\/"}]}},"_links":{"self":[{"href":"https:\/\/nicogcasares.eu\/gl\/wp-json\/wp\/v2\/posts\/5566"}],"collection":[{"href":"https:\/\/nicogcasares.eu\/gl\/wp-json\/wp\/v2\/posts"}],"about":[{"href":"https:\/\/nicogcasares.eu\/gl\/wp-json\/wp\/v2\/types\/post"}],"author":[{"embeddable":true,"href":"https:\/\/nicogcasares.eu\/gl\/wp-json\/wp\/v2\/users\/4"}],"replies":[{"embeddable":true,"href":"https:\/\/nicogcasares.eu\/gl\/wp-json\/wp\/v2\/comments?post=5566"}],"version-history":[{"count":1,"href":"https:\/\/nicogcasares.eu\/gl\/wp-json\/wp\/v2\/posts\/5566\/revisions"}],"predecessor-version":[{"id":5568,"href":"https:\/\/nicogcasares.eu\/gl\/wp-json\/wp\/v2\/posts\/5566\/revisions\/5568"}],"wp:featuredmedia":[{"embeddable":true,"href":"https:\/\/nicogcasares.eu\/gl\/wp-json\/wp\/v2\/media\/5162"}],"wp:attachment":[{"href":"https:\/\/nicogcasares.eu\/gl\/wp-json\/wp\/v2\/media?parent=5566"}],"wp:term":[{"taxonomy":"category","embeddable":true,"href":"https:\/\/nicogcasares.eu\/gl\/wp-json\/wp\/v2\/categories?post=5566"},{"taxonomy":"post_tag","embeddable":true,"href":"https:\/\/nicogcasares.eu\/gl\/wp-json\/wp\/v2\/tags?post=5566"}],"curies":[{"name":"wp","href":"https:\/\/api.w.org\/{rel}","templated":true}]}}