{"id":5610,"date":"2023-12-14T16:20:37","date_gmt":"2023-12-14T14:20:37","guid":{"rendered":"https:\/\/nicogcasares.eu\/blog\/2023\/12\/14\/gonzalez-casares-esta-no-es-solo-una-reforma-sino-un-paso-significativo-hacia-un-mercado-electrico-mas-resiliente-estable-y-sostenible-para-europa\/"},"modified":"2023-12-26T20:27:27","modified_gmt":"2023-12-26T18:27:27","slug":"gonzalez-casares-esta-no-es-solo-una-reforma-sino-un-paso-significativo-hacia-un-mercado-electrico-mas-resiliente-estable-y-sostenible-para-europa-2","status":"publish","type":"post","link":"https:\/\/nicogcasares.eu\/gl\/gonzalez-casares-esta-no-es-solo-una-reforma-sino-un-paso-significativo-hacia-un-mercado-electrico-mas-resiliente-estable-y-sostenible-para-europa-2\/","title":{"rendered":"Gonz\u00e1lez Casares: \u201cEsta non \u00e9 s\u00f3 unha reforma, sen\u00f3n un paso significativo cara a un mercado el\u00e9ctrico m\u00e1is resiliente, estable e sostible para Europa\u201d"},"content":{"rendered":"\n<p><strong>Na madrugada deste xoves aprob\u00e1base a reforma do mercado el\u00e9ctrico, liderada polo eurodeputado socialista Nicol\u00e1s Gonz\u00e1lez Casares<\/strong><\/p>\n\n\n\n<p>Este xoves, o Parlamento Europeo, tras nove meses de intenso traballo, alcanzaban un acordo co Consello sobre a <strong>reforma do mercado el\u00e9ctrico<\/strong>, presentada pola Comisi\u00f3n o pasado 14 de marzo. <\/p>\n\n\n\n<p>O eurodeputado <strong>Nicol\u00e1s Gonz\u00e1lez Casares<\/strong>, relator da Euroc\u00e1mara para a reforma, sinalaba esta ma\u00f1\u00e1 en rolda de prensa a capacidade do Parlamento para chegar a acordos de maneira eficiente. \u201cD\u00edxeno no seu d\u00eda e rep\u00edtoo hoxe: isto \u00e9 un aviso que senta un precedente para Consello e Comisi\u00f3n: <strong>que ningu\u00e9n volva deixar de lado ao Parlamento,<\/strong> a \u00fanica instituci\u00f3n elixida directamente polos cidad\u00e1ns, como se fixo co abuso do artigo 122\u201d, apuntaba. <\/p>\n\n\n\n<p>Ao arranque do proceso, o socialista marc\u00e1base <strong>tres obxectivos clave<\/strong>: garantir a resistencia de Europa e a s\u00faa cidadan\u00eda ante unha crise enerx\u00e9tica, previr os picos de prezos e reforzar a competitividade a trav\u00e9s de enerx\u00edas renovables. Hoxe, tras un arduo traballo de negociaci\u00f3ns, o acordado co Consello axudar\u00e1 a cumprir estas metas. \u201cEsta non \u00e9 s\u00f3 unha reforma, sen\u00f3n un paso significativo cara a un mercado el\u00e9ctrico m\u00e1is resiliente, estable e sostible para Europa e a s\u00faa cidadan\u00eda\u201d, afirmaba. <\/p>\n\n\n\n<p>A <strong>protecci\u00f3n \u00e1s persoas consumidoras<\/strong> sae reforzada coa introduci\u00f3n de medidas concretas como a prohibici\u00f3n de cambios unilaterais nos contratos, a protecci\u00f3n total aos consumidores vulnerables e en situaci\u00f3n de pobreza enerx\u00e9tica fronte \u00e1s desconexi\u00f3ns ou a ampliaci\u00f3n do dereito para compartir enerx\u00eda (tam\u00e9n aplicable para as grandes empresas). En canto \u00e1s <strong>crises de prezos<\/strong>, establ\u00e9cense criterios claros para declarar unha crise de prezos da electricidade, con medidas espec\u00edficas para abordar tales situaci\u00f3ns. <\/p>\n\n\n\n<p>O <strong>impulso \u00e1s renovables <\/strong>trad\u00facese nun fomento de instrumentos como os PPAs e os contratos por diferenzas para promover os mercados a prazo e o desenvolvemento das enerx\u00edas renovables con seguridade para os investidores e coa garant\u00eda de que consumidores e empresas se beneficien do seu menor custo. Con esta negociaci\u00f3n complem\u00e9ntase, ademais, o acordo alcanzado hai uns meses en relaci\u00f3n \u00e1 <strong>Directiva de Enerx\u00edas Renovables<\/strong>, abrindo a porta a que a Comisi\u00f3n estude a posibilidade de utilizar o Mecanismo de financiamento de enerx\u00edas renovables da Uni\u00f3n para organizar poxas a nivel europeo que axuden a alcanzar o obxectivo de renovables a 2030. <\/p>\n\n\n\n<p>O acordo recolle tam\u00e9n a modificaci\u00f3n do artigo 19b sobre os <strong>contratos por diferenza<\/strong>, tras ser aceptada polo Consello, e que implica admitir a referencia aos esquemas equivalentes e as cl\u00e1usulas de penalizaci\u00f3n como un elemento do dese\u00f1o destes contratos. <\/p>\n\n\n\n<p>\u201cDesde logo, chegar a acordos implica logros e renuncias, por todas partes\u201d, engad\u00eda Casares para reco\u00f1ecer que a derrogaci\u00f3n introducida polo Consello sobre a participaci\u00f3n de activos que exceden os l\u00edmites de emisi\u00f3ns non \u00e9 do seu agrado. Un punto que aceptaron dadas \u201cas dificultades que pretenden afrontarse con esta derrogaci\u00f3n e do cambio na realidade xeopol\u00edtica que vivimos trala invasi\u00f3n rusa de Ucra\u00edna\u201d. <\/p>\n\n\n\n<p>Gonz\u00e1lez Casares agradeceu o esforzo dos equipos negociadores e do equipo negociador do Parlamento, de todos os <em>shadows,<\/em> da Comisi\u00f3n e da Presidencia Espa\u00f1ola: \u201cSe hoxe estamos a falar deste acordo \u00e9 pola <strong>implicaci\u00f3n decidida do Goberno de Espa\u00f1a e do Grupo dos Socialistas e Dem\u00f3cratas do Parlamento Europeo <\/strong>para que se abordase unha reforma do dese\u00f1o do mercado el\u00e9ctrico ante os fallos postos en evidencia durante a crise que sufrimos\u201d. <\/p>\n\n\n\n<p>O acordo ter\u00e1 que ser aprobado polo Consello e o Parlamento Europeo.<\/p>\n","protected":false},"excerpt":{"rendered":"<p>Na madrugada deste xoves aprob\u00e1base a reforma do mercado el\u00e9ctrico, liderada polo eurodeputado socialista Nicol\u00e1s Gonz\u00e1lez Casares<\/p>\n","protected":false},"author":4,"featured_media":5608,"comment_status":"closed","ping_status":"closed","sticky":true,"template":"","format":"standard","meta":{"footnotes":""},"categories":[34,29,32],"tags":[164,333,489,355,80,245,73],"yoast_head":"<!-- This site is optimized with the Yoast SEO plugin v22.3 - https:\/\/yoast.com\/wordpress\/plugins\/seo\/ -->\n<title>Gonz\u00e1lez Casares: \u201cEsta non \u00e9 s\u00f3 unha reforma, sen\u00f3n un paso significativo cara a un mercado el\u00e9ctrico m\u00e1is resiliente, estable e sostible para Europa\u201d - Nico G. Casares<\/title>\n<meta name=\"description\" content=\"Esta non \u00e9 s\u00f3 unha reforma, sen\u00f3n un paso significativo cara a un mercado el\u00e9ctrico m\u00e1is resiliente, estable e sostible para Europa\" \/>\n<meta name=\"robots\" content=\"index, follow, max-snippet:-1, max-image-preview:large, max-video-preview:-1\" \/>\n<link rel=\"canonical\" href=\"https:\/\/nicogcasares.eu\/gonzalez-casares-esta-no-es-solo-una-reforma-sino-un-paso-significativo-hacia-un-mercado-electrico-mas-resiliente-estable-y-sostenible-para-europa\/\" \/>\n<meta property=\"og:locale\" content=\"gl_ES\" \/>\n<meta property=\"og:type\" content=\"article\" \/>\n<meta property=\"og:title\" content=\"Gonz\u00e1lez Casares: \u201cEsta non \u00e9 s\u00f3 unha reforma, sen\u00f3n un paso significativo cara a un mercado el\u00e9ctrico m\u00e1is resiliente, estable e sostible para Europa\u201d\" \/>\n<meta property=\"og:description\" content=\"Na madrugada deste xoves aprob\u00e1base a reforma do mercado el\u00e9ctrico, liderada polo eurodeputado socialista Nicol\u00e1s Gonz\u00e1lez Casares\" \/>\n<meta property=\"og:url\" content=\"https:\/\/nicogcasares.eu\/gonzalez-casares-esta-no-es-solo-una-reforma-sino-un-paso-significativo-hacia-un-mercado-electrico-mas-resiliente-estable-y-sostenible-para-europa\/\" \/>\n<meta property=\"og:site_name\" content=\"Nico G. Casares\" \/>\n<meta property=\"article:published_time\" content=\"2023-12-14T14:20:37+00:00\" \/>\n<meta property=\"article:modified_time\" content=\"2023-12-26T18:27:27+00:00\" \/>\n<meta property=\"og:image\" content=\"https:\/\/nicogcasares.eu\/wp-content\/uploads\/2023\/12\/Foto-de-familia.jpg\" \/>\n\t<meta property=\"og:image:width\" content=\"1599\" \/>\n\t<meta property=\"og:image:height\" content=\"1305\" \/>\n\t<meta property=\"og:image:type\" content=\"image\/jpeg\" \/>\n<meta name=\"author\" content=\"Nicol\u00e1s Gonz\u00e1lez Casares\" \/>\n<meta name=\"twitter:card\" content=\"summary_large_image\" \/>\n<meta name=\"twitter:title\" content=\"Gonz\u00e1lez Casares: \u201cEsta non \u00e9 s\u00f3 unha reforma, sen\u00f3n un paso significativo cara a un mercado el\u00e9ctrico m\u00e1is resiliente, estable e sostible para Europa\u201d\" \/>\n<meta name=\"twitter:description\" content=\"Na madrugada deste xoves aprob\u00e1base a reforma do mercado el\u00e9ctrico, liderada polo eurodeputado socialista Nicol\u00e1s Gonz\u00e1lez Casares\" \/>\n<meta name=\"twitter:image\" content=\"https:\/\/nicogcasares.eu\/wp-content\/uploads\/2023\/12\/Foto-de-familia.jpg\" \/>\n<meta name=\"twitter:creator\" content=\"@nicogoncas\" \/>\n<meta name=\"twitter:site\" content=\"@nicogoncas\" \/>\n<meta name=\"twitter:label1\" content=\"Escrito por\" \/>\n\t<meta name=\"twitter:data1\" content=\"Nicol\u00e1s Gonz\u00e1lez Casares\" \/>\n\t<meta name=\"twitter:label2\" content=\"Tempo de lectura\" \/>\n\t<meta name=\"twitter:data2\" content=\"3 minutos\" \/>\n<script type=\"application\/ld+json\" class=\"yoast-schema-graph\">{\"@context\":\"https:\/\/schema.org\",\"@graph\":[{\"@type\":\"Article\",\"@id\":\"https:\/\/nicogcasares.eu\/gonzalez-casares-esta-no-es-solo-una-reforma-sino-un-paso-significativo-hacia-un-mercado-electrico-mas-resiliente-estable-y-sostenible-para-europa\/#article\",\"isPartOf\":{\"@id\":\"https:\/\/nicogcasares.eu\/gonzalez-casares-esta-no-es-solo-una-reforma-sino-un-paso-significativo-hacia-un-mercado-electrico-mas-resiliente-estable-y-sostenible-para-europa\/\"},\"author\":{\"name\":\"Nicol\u00e1s Gonz\u00e1lez Casares\",\"@id\":\"https:\/\/nicogcasares.eu\/gl\/#\/schema\/person\/75361477143e596646d48598a3778163\"},\"headline\":\"Gonz\u00e1lez Casares: \u201cEsta non \u00e9 s\u00f3 unha reforma, sen\u00f3n un paso significativo cara a un mercado el\u00e9ctrico m\u00e1is resiliente, estable e sostible para Europa\u201d\",\"datePublished\":\"2023-12-14T14:20:37+00:00\",\"dateModified\":\"2023-12-26T18:27:27+00:00\",\"mainEntityOfPage\":{\"@id\":\"https:\/\/nicogcasares.eu\/gonzalez-casares-esta-no-es-solo-una-reforma-sino-un-paso-significativo-hacia-un-mercado-electrico-mas-resiliente-estable-y-sostenible-para-europa\/\"},\"wordCount\":655,\"publisher\":{\"@id\":\"https:\/\/nicogcasares.eu\/gl\/#\/schema\/person\/75361477143e596646d48598a3778163\"},\"image\":{\"@id\":\"https:\/\/nicogcasares.eu\/gonzalez-casares-esta-no-es-solo-una-reforma-sino-un-paso-significativo-hacia-un-mercado-electrico-mas-resiliente-estable-y-sostenible-para-europa\/#primaryimage\"},\"thumbnailUrl\":\"https:\/\/nicogcasares.eu\/wp-content\/uploads\/2023\/12\/Foto-de-familia.jpg\",\"keywords\":[\"Energ\u00eda\",\"enerxia\",\"mercado el\u00e9ctrico\",\"Nicol\u00e1s Gonz\u00e1lez Casares\",\"Parlamento Europeo\",\"renovables\",\"Uni\u00f3n Europea\"],\"articleSection\":[\"Actividade\",\"Enerx\u00eda\",\"Novas\"],\"inLanguage\":\"gl-ES\"},{\"@type\":\"WebPage\",\"@id\":\"https:\/\/nicogcasares.eu\/gonzalez-casares-esta-no-es-solo-una-reforma-sino-un-paso-significativo-hacia-un-mercado-electrico-mas-resiliente-estable-y-sostenible-para-europa\/\",\"url\":\"https:\/\/nicogcasares.eu\/gonzalez-casares-esta-no-es-solo-una-reforma-sino-un-paso-significativo-hacia-un-mercado-electrico-mas-resiliente-estable-y-sostenible-para-europa\/\",\"name\":\"Gonz\u00e1lez Casares: \u201cEsta non \u00e9 s\u00f3 unha reforma, sen\u00f3n un paso significativo cara a un mercado el\u00e9ctrico m\u00e1is resiliente, estable e sostible para Europa\u201d - Nico G. Casares\",\"isPartOf\":{\"@id\":\"https:\/\/nicogcasares.eu\/gl\/#website\"},\"primaryImageOfPage\":{\"@id\":\"https:\/\/nicogcasares.eu\/gonzalez-casares-esta-no-es-solo-una-reforma-sino-un-paso-significativo-hacia-un-mercado-electrico-mas-resiliente-estable-y-sostenible-para-europa\/#primaryimage\"},\"image\":{\"@id\":\"https:\/\/nicogcasares.eu\/gonzalez-casares-esta-no-es-solo-una-reforma-sino-un-paso-significativo-hacia-un-mercado-electrico-mas-resiliente-estable-y-sostenible-para-europa\/#primaryimage\"},\"thumbnailUrl\":\"https:\/\/nicogcasares.eu\/wp-content\/uploads\/2023\/12\/Foto-de-familia.jpg\",\"datePublished\":\"2023-12-14T14:20:37+00:00\",\"dateModified\":\"2023-12-26T18:27:27+00:00\",\"description\":\"Esta non \u00e9 s\u00f3 unha reforma, sen\u00f3n un paso significativo cara a un mercado el\u00e9ctrico m\u00e1is resiliente, estable e sostible para Europa\",\"breadcrumb\":{\"@id\":\"https:\/\/nicogcasares.eu\/gonzalez-casares-esta-no-es-solo-una-reforma-sino-un-paso-significativo-hacia-un-mercado-electrico-mas-resiliente-estable-y-sostenible-para-europa\/#breadcrumb\"},\"inLanguage\":\"gl-ES\",\"potentialAction\":[{\"@type\":\"ReadAction\",\"target\":[\"https:\/\/nicogcasares.eu\/gonzalez-casares-esta-no-es-solo-una-reforma-sino-un-paso-significativo-hacia-un-mercado-electrico-mas-resiliente-estable-y-sostenible-para-europa\/\"]}]},{\"@type\":\"ImageObject\",\"inLanguage\":\"gl-ES\",\"@id\":\"https:\/\/nicogcasares.eu\/gonzalez-casares-esta-no-es-solo-una-reforma-sino-un-paso-significativo-hacia-un-mercado-electrico-mas-resiliente-estable-y-sostenible-para-europa\/#primaryimage\",\"url\":\"https:\/\/nicogcasares.eu\/wp-content\/uploads\/2023\/12\/Foto-de-familia.jpg\",\"contentUrl\":\"https:\/\/nicogcasares.eu\/wp-content\/uploads\/2023\/12\/Foto-de-familia.jpg\",\"width\":1599,\"height\":1305},{\"@type\":\"BreadcrumbList\",\"@id\":\"https:\/\/nicogcasares.eu\/gonzalez-casares-esta-no-es-solo-una-reforma-sino-un-paso-significativo-hacia-un-mercado-electrico-mas-resiliente-estable-y-sostenible-para-europa\/#breadcrumb\",\"itemListElement\":[{\"@type\":\"ListItem\",\"position\":1,\"name\":\"Portada\",\"item\":\"https:\/\/nicogcasares.eu\/gl\/\"},{\"@type\":\"ListItem\",\"position\":2,\"name\":\"Gonz\u00e1lez Casares: \u201cEsta non \u00e9 s\u00f3 unha reforma, sen\u00f3n un paso significativo cara a un mercado el\u00e9ctrico m\u00e1is resiliente, estable e sostible para Europa\u201d\"}]},{\"@type\":\"WebSite\",\"@id\":\"https:\/\/nicogcasares.eu\/gl\/#website\",\"url\":\"https:\/\/nicogcasares.eu\/gl\/\",\"name\":\"Nico G. Casares\",\"description\":\"Diputado socialista en el parlamento europeo\",\"publisher\":{\"@id\":\"https:\/\/nicogcasares.eu\/gl\/#\/schema\/person\/75361477143e596646d48598a3778163\"},\"potentialAction\":[{\"@type\":\"SearchAction\",\"target\":{\"@type\":\"EntryPoint\",\"urlTemplate\":\"https:\/\/nicogcasares.eu\/gl\/?s={search_term_string}\"},\"query-input\":\"required name=search_term_string\"}],\"inLanguage\":\"gl-ES\"},{\"@type\":[\"Person\",\"Organization\"],\"@id\":\"https:\/\/nicogcasares.eu\/gl\/#\/schema\/person\/75361477143e596646d48598a3778163\",\"name\":\"Nicol\u00e1s Gonz\u00e1lez Casares\",\"image\":{\"@type\":\"ImageObject\",\"inLanguage\":\"gl-ES\",\"@id\":\"https:\/\/nicogcasares.eu\/gl\/#\/schema\/person\/image\/\",\"url\":\"https:\/\/nicogcasares.eu\/wp-content\/uploads\/2021\/11\/20211006_EP-119139A_FMA_0895_RESIZED_S.jpg\",\"contentUrl\":\"https:\/\/nicogcasares.eu\/wp-content\/uploads\/2021\/11\/20211006_EP-119139A_FMA_0895_RESIZED_S.jpg\",\"width\":639,\"height\":426,\"caption\":\"Nicol\u00e1s Gonz\u00e1lez Casares\"},\"logo\":{\"@id\":\"https:\/\/nicogcasares.eu\/gl\/#\/schema\/person\/image\/\"},\"url\":\"https:\/\/nicogcasares.eu\/gl\/author\/nico\/\"}]}<\/script>\n<!-- \/ Yoast SEO plugin. -->","yoast_head_json":{"title":"Gonz\u00e1lez Casares: \u201cEsta non \u00e9 s\u00f3 unha reforma, sen\u00f3n un paso significativo cara a un mercado el\u00e9ctrico m\u00e1is resiliente, estable e sostible para Europa\u201d - Nico G. Casares","description":"Esta non \u00e9 s\u00f3 unha reforma, sen\u00f3n un paso significativo cara a un mercado el\u00e9ctrico m\u00e1is resiliente, estable e sostible para Europa","robots":{"index":"index","follow":"follow","max-snippet":"max-snippet:-1","max-image-preview":"max-image-preview:large","max-video-preview":"max-video-preview:-1"},"canonical":"https:\/\/nicogcasares.eu\/gonzalez-casares-esta-no-es-solo-una-reforma-sino-un-paso-significativo-hacia-un-mercado-electrico-mas-resiliente-estable-y-sostenible-para-europa\/","og_locale":"gl_ES","og_type":"article","og_title":"Gonz\u00e1lez Casares: \u201cEsta non \u00e9 s\u00f3 unha reforma, sen\u00f3n un paso significativo cara a un mercado el\u00e9ctrico m\u00e1is resiliente, estable e sostible para Europa\u201d","og_description":"Na madrugada deste xoves aprob\u00e1base a reforma do mercado el\u00e9ctrico, liderada polo eurodeputado socialista Nicol\u00e1s Gonz\u00e1lez Casares","og_url":"https:\/\/nicogcasares.eu\/gonzalez-casares-esta-no-es-solo-una-reforma-sino-un-paso-significativo-hacia-un-mercado-electrico-mas-resiliente-estable-y-sostenible-para-europa\/","og_site_name":"Nico G. Casares","article_published_time":"2023-12-14T14:20:37+00:00","article_modified_time":"2023-12-26T18:27:27+00:00","og_image":[{"width":1599,"height":1305,"url":"https:\/\/nicogcasares.eu\/wp-content\/uploads\/2023\/12\/Foto-de-familia.jpg","type":"image\/jpeg"}],"author":"Nicol\u00e1s Gonz\u00e1lez Casares","twitter_card":"summary_large_image","twitter_title":"Gonz\u00e1lez Casares: \u201cEsta non \u00e9 s\u00f3 unha reforma, sen\u00f3n un paso significativo cara a un mercado el\u00e9ctrico m\u00e1is resiliente, estable e sostible para Europa\u201d","twitter_description":"Na madrugada deste xoves aprob\u00e1base a reforma do mercado el\u00e9ctrico, liderada polo eurodeputado socialista Nicol\u00e1s Gonz\u00e1lez Casares","twitter_image":"https:\/\/nicogcasares.eu\/wp-content\/uploads\/2023\/12\/Foto-de-familia.jpg","twitter_creator":"@nicogoncas","twitter_site":"@nicogoncas","twitter_misc":{"Escrito por":"Nicol\u00e1s Gonz\u00e1lez Casares","Tempo de lectura":"3 minutos"},"schema":{"@context":"https:\/\/schema.org","@graph":[{"@type":"Article","@id":"https:\/\/nicogcasares.eu\/gonzalez-casares-esta-no-es-solo-una-reforma-sino-un-paso-significativo-hacia-un-mercado-electrico-mas-resiliente-estable-y-sostenible-para-europa\/#article","isPartOf":{"@id":"https:\/\/nicogcasares.eu\/gonzalez-casares-esta-no-es-solo-una-reforma-sino-un-paso-significativo-hacia-un-mercado-electrico-mas-resiliente-estable-y-sostenible-para-europa\/"},"author":{"name":"Nicol\u00e1s Gonz\u00e1lez Casares","@id":"https:\/\/nicogcasares.eu\/gl\/#\/schema\/person\/75361477143e596646d48598a3778163"},"headline":"Gonz\u00e1lez Casares: \u201cEsta non \u00e9 s\u00f3 unha reforma, sen\u00f3n un paso significativo cara a un mercado el\u00e9ctrico m\u00e1is resiliente, estable e sostible para Europa\u201d","datePublished":"2023-12-14T14:20:37+00:00","dateModified":"2023-12-26T18:27:27+00:00","mainEntityOfPage":{"@id":"https:\/\/nicogcasares.eu\/gonzalez-casares-esta-no-es-solo-una-reforma-sino-un-paso-significativo-hacia-un-mercado-electrico-mas-resiliente-estable-y-sostenible-para-europa\/"},"wordCount":655,"publisher":{"@id":"https:\/\/nicogcasares.eu\/gl\/#\/schema\/person\/75361477143e596646d48598a3778163"},"image":{"@id":"https:\/\/nicogcasares.eu\/gonzalez-casares-esta-no-es-solo-una-reforma-sino-un-paso-significativo-hacia-un-mercado-electrico-mas-resiliente-estable-y-sostenible-para-europa\/#primaryimage"},"thumbnailUrl":"https:\/\/nicogcasares.eu\/wp-content\/uploads\/2023\/12\/Foto-de-familia.jpg","keywords":["Energ\u00eda","enerxia","mercado el\u00e9ctrico","Nicol\u00e1s Gonz\u00e1lez Casares","Parlamento Europeo","renovables","Uni\u00f3n Europea"],"articleSection":["Actividade","Enerx\u00eda","Novas"],"inLanguage":"gl-ES"},{"@type":"WebPage","@id":"https:\/\/nicogcasares.eu\/gonzalez-casares-esta-no-es-solo-una-reforma-sino-un-paso-significativo-hacia-un-mercado-electrico-mas-resiliente-estable-y-sostenible-para-europa\/","url":"https:\/\/nicogcasares.eu\/gonzalez-casares-esta-no-es-solo-una-reforma-sino-un-paso-significativo-hacia-un-mercado-electrico-mas-resiliente-estable-y-sostenible-para-europa\/","name":"Gonz\u00e1lez Casares: \u201cEsta non \u00e9 s\u00f3 unha reforma, sen\u00f3n un paso significativo cara a un mercado el\u00e9ctrico m\u00e1is resiliente, estable e sostible para Europa\u201d - Nico G. Casares","isPartOf":{"@id":"https:\/\/nicogcasares.eu\/gl\/#website"},"primaryImageOfPage":{"@id":"https:\/\/nicogcasares.eu\/gonzalez-casares-esta-no-es-solo-una-reforma-sino-un-paso-significativo-hacia-un-mercado-electrico-mas-resiliente-estable-y-sostenible-para-europa\/#primaryimage"},"image":{"@id":"https:\/\/nicogcasares.eu\/gonzalez-casares-esta-no-es-solo-una-reforma-sino-un-paso-significativo-hacia-un-mercado-electrico-mas-resiliente-estable-y-sostenible-para-europa\/#primaryimage"},"thumbnailUrl":"https:\/\/nicogcasares.eu\/wp-content\/uploads\/2023\/12\/Foto-de-familia.jpg","datePublished":"2023-12-14T14:20:37+00:00","dateModified":"2023-12-26T18:27:27+00:00","description":"Esta non \u00e9 s\u00f3 unha reforma, sen\u00f3n un paso significativo cara a un mercado el\u00e9ctrico m\u00e1is resiliente, estable e sostible para Europa","breadcrumb":{"@id":"https:\/\/nicogcasares.eu\/gonzalez-casares-esta-no-es-solo-una-reforma-sino-un-paso-significativo-hacia-un-mercado-electrico-mas-resiliente-estable-y-sostenible-para-europa\/#breadcrumb"},"inLanguage":"gl-ES","potentialAction":[{"@type":"ReadAction","target":["https:\/\/nicogcasares.eu\/gonzalez-casares-esta-no-es-solo-una-reforma-sino-un-paso-significativo-hacia-un-mercado-electrico-mas-resiliente-estable-y-sostenible-para-europa\/"]}]},{"@type":"ImageObject","inLanguage":"gl-ES","@id":"https:\/\/nicogcasares.eu\/gonzalez-casares-esta-no-es-solo-una-reforma-sino-un-paso-significativo-hacia-un-mercado-electrico-mas-resiliente-estable-y-sostenible-para-europa\/#primaryimage","url":"https:\/\/nicogcasares.eu\/wp-content\/uploads\/2023\/12\/Foto-de-familia.jpg","contentUrl":"https:\/\/nicogcasares.eu\/wp-content\/uploads\/2023\/12\/Foto-de-familia.jpg","width":1599,"height":1305},{"@type":"BreadcrumbList","@id":"https:\/\/nicogcasares.eu\/gonzalez-casares-esta-no-es-solo-una-reforma-sino-un-paso-significativo-hacia-un-mercado-electrico-mas-resiliente-estable-y-sostenible-para-europa\/#breadcrumb","itemListElement":[{"@type":"ListItem","position":1,"name":"Portada","item":"https:\/\/nicogcasares.eu\/gl\/"},{"@type":"ListItem","position":2,"name":"Gonz\u00e1lez Casares: \u201cEsta non \u00e9 s\u00f3 unha reforma, sen\u00f3n un paso significativo cara a un mercado el\u00e9ctrico m\u00e1is resiliente, estable e sostible para Europa\u201d"}]},{"@type":"WebSite","@id":"https:\/\/nicogcasares.eu\/gl\/#website","url":"https:\/\/nicogcasares.eu\/gl\/","name":"Nico G. Casares","description":"Diputado socialista en el parlamento europeo","publisher":{"@id":"https:\/\/nicogcasares.eu\/gl\/#\/schema\/person\/75361477143e596646d48598a3778163"},"potentialAction":[{"@type":"SearchAction","target":{"@type":"EntryPoint","urlTemplate":"https:\/\/nicogcasares.eu\/gl\/?s={search_term_string}"},"query-input":"required name=search_term_string"}],"inLanguage":"gl-ES"},{"@type":["Person","Organization"],"@id":"https:\/\/nicogcasares.eu\/gl\/#\/schema\/person\/75361477143e596646d48598a3778163","name":"Nicol\u00e1s Gonz\u00e1lez Casares","image":{"@type":"ImageObject","inLanguage":"gl-ES","@id":"https:\/\/nicogcasares.eu\/gl\/#\/schema\/person\/image\/","url":"https:\/\/nicogcasares.eu\/wp-content\/uploads\/2021\/11\/20211006_EP-119139A_FMA_0895_RESIZED_S.jpg","contentUrl":"https:\/\/nicogcasares.eu\/wp-content\/uploads\/2021\/11\/20211006_EP-119139A_FMA_0895_RESIZED_S.jpg","width":639,"height":426,"caption":"Nicol\u00e1s Gonz\u00e1lez Casares"},"logo":{"@id":"https:\/\/nicogcasares.eu\/gl\/#\/schema\/person\/image\/"},"url":"https:\/\/nicogcasares.eu\/gl\/author\/nico\/"}]}},"_links":{"self":[{"href":"https:\/\/nicogcasares.eu\/gl\/wp-json\/wp\/v2\/posts\/5610"}],"collection":[{"href":"https:\/\/nicogcasares.eu\/gl\/wp-json\/wp\/v2\/posts"}],"about":[{"href":"https:\/\/nicogcasares.eu\/gl\/wp-json\/wp\/v2\/types\/post"}],"author":[{"embeddable":true,"href":"https:\/\/nicogcasares.eu\/gl\/wp-json\/wp\/v2\/users\/4"}],"replies":[{"embeddable":true,"href":"https:\/\/nicogcasares.eu\/gl\/wp-json\/wp\/v2\/comments?post=5610"}],"version-history":[{"count":2,"href":"https:\/\/nicogcasares.eu\/gl\/wp-json\/wp\/v2\/posts\/5610\/revisions"}],"predecessor-version":[{"id":5613,"href":"https:\/\/nicogcasares.eu\/gl\/wp-json\/wp\/v2\/posts\/5610\/revisions\/5613"}],"wp:featuredmedia":[{"embeddable":true,"href":"https:\/\/nicogcasares.eu\/gl\/wp-json\/wp\/v2\/media\/5608"}],"wp:attachment":[{"href":"https:\/\/nicogcasares.eu\/gl\/wp-json\/wp\/v2\/media?parent=5610"}],"wp:term":[{"taxonomy":"category","embeddable":true,"href":"https:\/\/nicogcasares.eu\/gl\/wp-json\/wp\/v2\/categories?post=5610"},{"taxonomy":"post_tag","embeddable":true,"href":"https:\/\/nicogcasares.eu\/gl\/wp-json\/wp\/v2\/tags?post=5610"}],"curies":[{"name":"wp","href":"https:\/\/api.w.org\/{rel}","templated":true}]}}