{"id":5940,"date":"2024-05-10T12:56:14","date_gmt":"2024-05-10T10:56:14","guid":{"rendered":"https:\/\/nicogcasares.eu\/?p=5940"},"modified":"2024-05-10T12:56:15","modified_gmt":"2024-05-10T10:56:15","slug":"nicolas-gonzalez-visita-verin-dia-europa","status":"publish","type":"post","link":"https:\/\/nicogcasares.eu\/gl\/nicolas-gonzalez-visita-verin-dia-europa\/","title":{"rendered":"Encontro do eurodeputado Nicol\u00e1s Gonz\u00e1lez co alumnado do IES Xes\u00fas Taboada Chivite de Ver\u00edn polo D\u00eda de Europa"},"content":{"rendered":"\n<p><strong><strong>O socialista resalta a importancia da integraci\u00f3n europea e celebra o traballo das Escolas Embaixadoras do Parlamento Europeo en Galicia<\/strong><\/strong><\/p>\n\n\n\n<p>O eurodeputado galego <strong>Nicol\u00e1s Gonz\u00e1lez Casares<\/strong> achegouse esta ma\u00f1\u00e1 ata <strong>o IES Xes\u00fas Taboada Chivite de Ver\u00edn<\/strong> para celebrar o D\u00eda de Europa, po\u00f1endo de relevo o impacto positivo dos valores europeos nas novas xeraci\u00f3ns.<\/p>\n\n\n\n<p>Durante o seu encontro co estudantado, Gonz\u00e1lez resaltou o legado da<strong> Declaraci\u00f3n Schuman<\/strong> como un piar fundamental na construci\u00f3n dunha Europa unida e pac\u00edfica. &#8220;A Declaraci\u00f3n Schuman marcou o inicio dunha era de cooperaci\u00f3n pol\u00edtica que promoveu a estabilidade e o desenvolvemento no noso continente&#8221;, expresou o eurodeputado, salientando a importancia de lembrar e celebrar este fito hist\u00f3rico.<\/p>\n\n\n\n<p>O socialista subli\u00f1ou a relevancia dos <strong>valores europeos<\/strong>, tales como a solidariedade, a diversidade e o respecto polos dereitos humanos, compartidos polo <strong>IES Xes\u00fas Taboada Chivite como unha das dez Escolas Embaixadoras do Parlamento Europeo en Galicia<\/strong>. &#8220;\u00c9 esencial que os mozos e mozas interioricen estes principios, pois son primordiais para o futuro de Europa&#8221;, engadiu.<\/p>\n\n\n\n<p>O eurodeputado tam\u00e9n fixo fincap\u00e9 na eliminaci\u00f3n das fronteiras dentro da Uni\u00f3n Europea como un s\u00edmbolo tanxible da integraci\u00f3n e a cooperaci\u00f3n entre os estados membros. <strong>&#8220;Ata hai pouco, cruzar de Ver\u00edn a Chaves implicaba atravesar unha fronteira f\u00edsica. Hoxe, esa barreira desapareceu&#8221;<\/strong>, apuntou.<\/p>\n\n\n\n<p>A visita de Nicol\u00e1s Gonz\u00e1lez Casares ao IES Xes\u00fas Taboada Chivite reafirma o seu compromiso coa promoci\u00f3n dos valores europeos e o importante que \u00e9 a colaboraci\u00f3n entre as instituci\u00f3ns educativas e pol\u00edticas para fortalecer o esp\u00edrito da UE.<\/p>\n","protected":false},"excerpt":{"rendered":"<p>Encontro do eurodeputado Nicol\u00e1s Gonz\u00e1lez co alumnado do IES Xes\u00fas Taboada Chivite de Ver\u00edn polo D\u00eda de Europa<\/p>\n","protected":false},"author":4,"featured_media":5943,"comment_status":"closed","ping_status":"closed","sticky":false,"template":"","format":"standard","meta":{"footnotes":""},"categories":[34,32],"tags":[605,602,369,606],"yoast_head":"<!-- This site is optimized with the Yoast SEO plugin v22.3 - https:\/\/yoast.com\/wordpress\/plugins\/seo\/ -->\n<title>Encontro do eurodeputado Nicol\u00e1s Gonz\u00e1lez co alumnado do IES Xes\u00fas Taboada Chivite de Ver\u00edn polo D\u00eda de Europa - Nico G. Casares<\/title>\n<meta name=\"description\" content=\"Encontro do eurodeputado Nicol\u00e1s Gonz\u00e1lez co alumnado do IES Xes\u00fas Taboada Chivite de Ver\u00edn polo D\u00eda de Europa\" \/>\n<meta name=\"robots\" content=\"index, follow, max-snippet:-1, max-image-preview:large, max-video-preview:-1\" \/>\n<link rel=\"canonical\" href=\"https:\/\/nicogcasares.eu\/nicolas-gonzalez-visita-verin-dia-europa\/\" \/>\n<meta property=\"og:locale\" content=\"gl_ES\" \/>\n<meta property=\"og:type\" content=\"article\" \/>\n<meta property=\"og:title\" content=\"Encontro do eurodeputado Nicol\u00e1s Gonz\u00e1lez co alumnado do IES Xes\u00fas Taboada Chivite de Ver\u00edn polo D\u00eda de Europa\" \/>\n<meta property=\"og:description\" content=\"O socialista resalta a importancia da integraci\u00f3n europea e celebra o traballo das Escolas Embaixadoras do Parlamento Europeo en Galicia\" \/>\n<meta property=\"og:url\" content=\"https:\/\/nicogcasares.eu\/nicolas-gonzalez-visita-verin-dia-europa\/\" \/>\n<meta property=\"og:site_name\" content=\"Nico G. Casares\" \/>\n<meta property=\"article:published_time\" content=\"2024-05-10T10:56:14+00:00\" \/>\n<meta property=\"article:modified_time\" content=\"2024-05-10T10:56:15+00:00\" \/>\n<meta property=\"og:image\" content=\"https:\/\/nicogcasares.eu\/wp-content\/uploads\/2024\/05\/Visita-Nicolas-Gonzalez-Verin1.jpeg\" \/>\n\t<meta property=\"og:image:width\" content=\"1600\" \/>\n\t<meta property=\"og:image:height\" content=\"1200\" \/>\n\t<meta property=\"og:image:type\" content=\"image\/jpeg\" \/>\n<meta name=\"author\" content=\"Nicol\u00e1s Gonz\u00e1lez Casares\" \/>\n<meta name=\"twitter:card\" content=\"summary_large_image\" \/>\n<meta name=\"twitter:title\" content=\"Encontro do eurodeputado Nicol\u00e1s Gonz\u00e1lez co alumnado do IES Xes\u00fas Taboada Chivite de Ver\u00edn polo D\u00eda de Europa\" \/>\n<meta name=\"twitter:description\" content=\"O socialista resalta a importancia da integraci\u00f3n europea e celebra o traballo das Escolas Embaixadoras do Parlamento Europeo en Galicia\" \/>\n<meta name=\"twitter:image\" content=\"https:\/\/nicogcasares.eu\/wp-content\/uploads\/2024\/05\/Visita-Nicolas-Gonzalez-Verin1.jpeg\" \/>\n<meta name=\"twitter:creator\" content=\"@nicogoncas\" \/>\n<meta name=\"twitter:site\" content=\"@nicogoncas\" \/>\n<meta name=\"twitter:label1\" content=\"Escrito por\" \/>\n\t<meta name=\"twitter:data1\" content=\"Nicol\u00e1s Gonz\u00e1lez Casares\" \/>\n\t<meta name=\"twitter:label2\" content=\"Tempo de lectura\" \/>\n\t<meta name=\"twitter:data2\" content=\"2 minutos\" \/>\n<script type=\"application\/ld+json\" class=\"yoast-schema-graph\">{\"@context\":\"https:\/\/schema.org\",\"@graph\":[{\"@type\":\"Article\",\"@id\":\"https:\/\/nicogcasares.eu\/nicolas-gonzalez-visita-verin-dia-europa\/#article\",\"isPartOf\":{\"@id\":\"https:\/\/nicogcasares.eu\/nicolas-gonzalez-visita-verin-dia-europa\/\"},\"author\":{\"name\":\"Nicol\u00e1s Gonz\u00e1lez Casares\",\"@id\":\"https:\/\/nicogcasares.eu\/gl\/#\/schema\/person\/75361477143e596646d48598a3778163\"},\"headline\":\"Encontro do eurodeputado Nicol\u00e1s Gonz\u00e1lez co alumnado do IES Xes\u00fas Taboada Chivite de Ver\u00edn polo D\u00eda de Europa\",\"datePublished\":\"2024-05-10T10:56:14+00:00\",\"dateModified\":\"2024-05-10T10:56:15+00:00\",\"mainEntityOfPage\":{\"@id\":\"https:\/\/nicogcasares.eu\/nicolas-gonzalez-visita-verin-dia-europa\/\"},\"wordCount\":307,\"publisher\":{\"@id\":\"https:\/\/nicogcasares.eu\/gl\/#\/schema\/person\/75361477143e596646d48598a3778163\"},\"image\":{\"@id\":\"https:\/\/nicogcasares.eu\/nicolas-gonzalez-visita-verin-dia-europa\/#primaryimage\"},\"thumbnailUrl\":\"https:\/\/nicogcasares.eu\/wp-content\/uploads\/2024\/05\/Visita-Nicolas-Gonzalez-Verin1.jpeg\",\"keywords\":[\"D\u00eda de Europa\",\"Estudantado\",\"Nicol\u00e1s Gonz\u00e1lez Casares\",\"Ver\u00edn\"],\"articleSection\":[\"Actividade\",\"Novas\"],\"inLanguage\":\"gl-ES\"},{\"@type\":\"WebPage\",\"@id\":\"https:\/\/nicogcasares.eu\/nicolas-gonzalez-visita-verin-dia-europa\/\",\"url\":\"https:\/\/nicogcasares.eu\/nicolas-gonzalez-visita-verin-dia-europa\/\",\"name\":\"Encontro do eurodeputado Nicol\u00e1s Gonz\u00e1lez co alumnado do IES Xes\u00fas Taboada Chivite de Ver\u00edn polo D\u00eda de Europa - Nico G. Casares\",\"isPartOf\":{\"@id\":\"https:\/\/nicogcasares.eu\/gl\/#website\"},\"primaryImageOfPage\":{\"@id\":\"https:\/\/nicogcasares.eu\/nicolas-gonzalez-visita-verin-dia-europa\/#primaryimage\"},\"image\":{\"@id\":\"https:\/\/nicogcasares.eu\/nicolas-gonzalez-visita-verin-dia-europa\/#primaryimage\"},\"thumbnailUrl\":\"https:\/\/nicogcasares.eu\/wp-content\/uploads\/2024\/05\/Visita-Nicolas-Gonzalez-Verin1.jpeg\",\"datePublished\":\"2024-05-10T10:56:14+00:00\",\"dateModified\":\"2024-05-10T10:56:15+00:00\",\"description\":\"Encontro do eurodeputado Nicol\u00e1s Gonz\u00e1lez co alumnado do IES Xes\u00fas Taboada Chivite de Ver\u00edn polo D\u00eda de Europa\",\"breadcrumb\":{\"@id\":\"https:\/\/nicogcasares.eu\/nicolas-gonzalez-visita-verin-dia-europa\/#breadcrumb\"},\"inLanguage\":\"gl-ES\",\"potentialAction\":[{\"@type\":\"ReadAction\",\"target\":[\"https:\/\/nicogcasares.eu\/nicolas-gonzalez-visita-verin-dia-europa\/\"]}]},{\"@type\":\"ImageObject\",\"inLanguage\":\"gl-ES\",\"@id\":\"https:\/\/nicogcasares.eu\/nicolas-gonzalez-visita-verin-dia-europa\/#primaryimage\",\"url\":\"https:\/\/nicogcasares.eu\/wp-content\/uploads\/2024\/05\/Visita-Nicolas-Gonzalez-Verin1.jpeg\",\"contentUrl\":\"https:\/\/nicogcasares.eu\/wp-content\/uploads\/2024\/05\/Visita-Nicolas-Gonzalez-Verin1.jpeg\",\"width\":1600,\"height\":1200},{\"@type\":\"BreadcrumbList\",\"@id\":\"https:\/\/nicogcasares.eu\/nicolas-gonzalez-visita-verin-dia-europa\/#breadcrumb\",\"itemListElement\":[{\"@type\":\"ListItem\",\"position\":1,\"name\":\"Portada\",\"item\":\"https:\/\/nicogcasares.eu\/gl\/\"},{\"@type\":\"ListItem\",\"position\":2,\"name\":\"Encontro do eurodeputado Nicol\u00e1s Gonz\u00e1lez co alumnado do IES Xes\u00fas Taboada Chivite de Ver\u00edn polo D\u00eda de Europa\"}]},{\"@type\":\"WebSite\",\"@id\":\"https:\/\/nicogcasares.eu\/gl\/#website\",\"url\":\"https:\/\/nicogcasares.eu\/gl\/\",\"name\":\"Nico G. Casares\",\"description\":\"Diputado socialista en el parlamento europeo\",\"publisher\":{\"@id\":\"https:\/\/nicogcasares.eu\/gl\/#\/schema\/person\/75361477143e596646d48598a3778163\"},\"potentialAction\":[{\"@type\":\"SearchAction\",\"target\":{\"@type\":\"EntryPoint\",\"urlTemplate\":\"https:\/\/nicogcasares.eu\/gl\/?s={search_term_string}\"},\"query-input\":\"required name=search_term_string\"}],\"inLanguage\":\"gl-ES\"},{\"@type\":[\"Person\",\"Organization\"],\"@id\":\"https:\/\/nicogcasares.eu\/gl\/#\/schema\/person\/75361477143e596646d48598a3778163\",\"name\":\"Nicol\u00e1s Gonz\u00e1lez Casares\",\"image\":{\"@type\":\"ImageObject\",\"inLanguage\":\"gl-ES\",\"@id\":\"https:\/\/nicogcasares.eu\/gl\/#\/schema\/person\/image\/\",\"url\":\"https:\/\/nicogcasares.eu\/wp-content\/uploads\/2021\/11\/20211006_EP-119139A_FMA_0895_RESIZED_S.jpg\",\"contentUrl\":\"https:\/\/nicogcasares.eu\/wp-content\/uploads\/2021\/11\/20211006_EP-119139A_FMA_0895_RESIZED_S.jpg\",\"width\":639,\"height\":426,\"caption\":\"Nicol\u00e1s Gonz\u00e1lez Casares\"},\"logo\":{\"@id\":\"https:\/\/nicogcasares.eu\/gl\/#\/schema\/person\/image\/\"},\"url\":\"https:\/\/nicogcasares.eu\/gl\/author\/nico\/\"}]}<\/script>\n<!-- \/ Yoast SEO plugin. -->","yoast_head_json":{"title":"Encontro do eurodeputado Nicol\u00e1s Gonz\u00e1lez co alumnado do IES Xes\u00fas Taboada Chivite de Ver\u00edn polo D\u00eda de Europa - Nico G. Casares","description":"Encontro do eurodeputado Nicol\u00e1s Gonz\u00e1lez co alumnado do IES Xes\u00fas Taboada Chivite de Ver\u00edn polo D\u00eda de Europa","robots":{"index":"index","follow":"follow","max-snippet":"max-snippet:-1","max-image-preview":"max-image-preview:large","max-video-preview":"max-video-preview:-1"},"canonical":"https:\/\/nicogcasares.eu\/nicolas-gonzalez-visita-verin-dia-europa\/","og_locale":"gl_ES","og_type":"article","og_title":"Encontro do eurodeputado Nicol\u00e1s Gonz\u00e1lez co alumnado do IES Xes\u00fas Taboada Chivite de Ver\u00edn polo D\u00eda de Europa","og_description":"O socialista resalta a importancia da integraci\u00f3n europea e celebra o traballo das Escolas Embaixadoras do Parlamento Europeo en Galicia","og_url":"https:\/\/nicogcasares.eu\/nicolas-gonzalez-visita-verin-dia-europa\/","og_site_name":"Nico G. Casares","article_published_time":"2024-05-10T10:56:14+00:00","article_modified_time":"2024-05-10T10:56:15+00:00","og_image":[{"width":1600,"height":1200,"url":"https:\/\/nicogcasares.eu\/wp-content\/uploads\/2024\/05\/Visita-Nicolas-Gonzalez-Verin1.jpeg","type":"image\/jpeg"}],"author":"Nicol\u00e1s Gonz\u00e1lez Casares","twitter_card":"summary_large_image","twitter_title":"Encontro do eurodeputado Nicol\u00e1s Gonz\u00e1lez co alumnado do IES Xes\u00fas Taboada Chivite de Ver\u00edn polo D\u00eda de Europa","twitter_description":"O socialista resalta a importancia da integraci\u00f3n europea e celebra o traballo das Escolas Embaixadoras do Parlamento Europeo en Galicia","twitter_image":"https:\/\/nicogcasares.eu\/wp-content\/uploads\/2024\/05\/Visita-Nicolas-Gonzalez-Verin1.jpeg","twitter_creator":"@nicogoncas","twitter_site":"@nicogoncas","twitter_misc":{"Escrito por":"Nicol\u00e1s Gonz\u00e1lez Casares","Tempo de lectura":"2 minutos"},"schema":{"@context":"https:\/\/schema.org","@graph":[{"@type":"Article","@id":"https:\/\/nicogcasares.eu\/nicolas-gonzalez-visita-verin-dia-europa\/#article","isPartOf":{"@id":"https:\/\/nicogcasares.eu\/nicolas-gonzalez-visita-verin-dia-europa\/"},"author":{"name":"Nicol\u00e1s Gonz\u00e1lez Casares","@id":"https:\/\/nicogcasares.eu\/gl\/#\/schema\/person\/75361477143e596646d48598a3778163"},"headline":"Encontro do eurodeputado Nicol\u00e1s Gonz\u00e1lez co alumnado do IES Xes\u00fas Taboada Chivite de Ver\u00edn polo D\u00eda de Europa","datePublished":"2024-05-10T10:56:14+00:00","dateModified":"2024-05-10T10:56:15+00:00","mainEntityOfPage":{"@id":"https:\/\/nicogcasares.eu\/nicolas-gonzalez-visita-verin-dia-europa\/"},"wordCount":307,"publisher":{"@id":"https:\/\/nicogcasares.eu\/gl\/#\/schema\/person\/75361477143e596646d48598a3778163"},"image":{"@id":"https:\/\/nicogcasares.eu\/nicolas-gonzalez-visita-verin-dia-europa\/#primaryimage"},"thumbnailUrl":"https:\/\/nicogcasares.eu\/wp-content\/uploads\/2024\/05\/Visita-Nicolas-Gonzalez-Verin1.jpeg","keywords":["D\u00eda de Europa","Estudantado","Nicol\u00e1s Gonz\u00e1lez Casares","Ver\u00edn"],"articleSection":["Actividade","Novas"],"inLanguage":"gl-ES"},{"@type":"WebPage","@id":"https:\/\/nicogcasares.eu\/nicolas-gonzalez-visita-verin-dia-europa\/","url":"https:\/\/nicogcasares.eu\/nicolas-gonzalez-visita-verin-dia-europa\/","name":"Encontro do eurodeputado Nicol\u00e1s Gonz\u00e1lez co alumnado do IES Xes\u00fas Taboada Chivite de Ver\u00edn polo D\u00eda de Europa - Nico G. Casares","isPartOf":{"@id":"https:\/\/nicogcasares.eu\/gl\/#website"},"primaryImageOfPage":{"@id":"https:\/\/nicogcasares.eu\/nicolas-gonzalez-visita-verin-dia-europa\/#primaryimage"},"image":{"@id":"https:\/\/nicogcasares.eu\/nicolas-gonzalez-visita-verin-dia-europa\/#primaryimage"},"thumbnailUrl":"https:\/\/nicogcasares.eu\/wp-content\/uploads\/2024\/05\/Visita-Nicolas-Gonzalez-Verin1.jpeg","datePublished":"2024-05-10T10:56:14+00:00","dateModified":"2024-05-10T10:56:15+00:00","description":"Encontro do eurodeputado Nicol\u00e1s Gonz\u00e1lez co alumnado do IES Xes\u00fas Taboada Chivite de Ver\u00edn polo D\u00eda de Europa","breadcrumb":{"@id":"https:\/\/nicogcasares.eu\/nicolas-gonzalez-visita-verin-dia-europa\/#breadcrumb"},"inLanguage":"gl-ES","potentialAction":[{"@type":"ReadAction","target":["https:\/\/nicogcasares.eu\/nicolas-gonzalez-visita-verin-dia-europa\/"]}]},{"@type":"ImageObject","inLanguage":"gl-ES","@id":"https:\/\/nicogcasares.eu\/nicolas-gonzalez-visita-verin-dia-europa\/#primaryimage","url":"https:\/\/nicogcasares.eu\/wp-content\/uploads\/2024\/05\/Visita-Nicolas-Gonzalez-Verin1.jpeg","contentUrl":"https:\/\/nicogcasares.eu\/wp-content\/uploads\/2024\/05\/Visita-Nicolas-Gonzalez-Verin1.jpeg","width":1600,"height":1200},{"@type":"BreadcrumbList","@id":"https:\/\/nicogcasares.eu\/nicolas-gonzalez-visita-verin-dia-europa\/#breadcrumb","itemListElement":[{"@type":"ListItem","position":1,"name":"Portada","item":"https:\/\/nicogcasares.eu\/gl\/"},{"@type":"ListItem","position":2,"name":"Encontro do eurodeputado Nicol\u00e1s Gonz\u00e1lez co alumnado do IES Xes\u00fas Taboada Chivite de Ver\u00edn polo D\u00eda de Europa"}]},{"@type":"WebSite","@id":"https:\/\/nicogcasares.eu\/gl\/#website","url":"https:\/\/nicogcasares.eu\/gl\/","name":"Nico G. Casares","description":"Diputado socialista en el parlamento europeo","publisher":{"@id":"https:\/\/nicogcasares.eu\/gl\/#\/schema\/person\/75361477143e596646d48598a3778163"},"potentialAction":[{"@type":"SearchAction","target":{"@type":"EntryPoint","urlTemplate":"https:\/\/nicogcasares.eu\/gl\/?s={search_term_string}"},"query-input":"required name=search_term_string"}],"inLanguage":"gl-ES"},{"@type":["Person","Organization"],"@id":"https:\/\/nicogcasares.eu\/gl\/#\/schema\/person\/75361477143e596646d48598a3778163","name":"Nicol\u00e1s Gonz\u00e1lez Casares","image":{"@type":"ImageObject","inLanguage":"gl-ES","@id":"https:\/\/nicogcasares.eu\/gl\/#\/schema\/person\/image\/","url":"https:\/\/nicogcasares.eu\/wp-content\/uploads\/2021\/11\/20211006_EP-119139A_FMA_0895_RESIZED_S.jpg","contentUrl":"https:\/\/nicogcasares.eu\/wp-content\/uploads\/2021\/11\/20211006_EP-119139A_FMA_0895_RESIZED_S.jpg","width":639,"height":426,"caption":"Nicol\u00e1s Gonz\u00e1lez Casares"},"logo":{"@id":"https:\/\/nicogcasares.eu\/gl\/#\/schema\/person\/image\/"},"url":"https:\/\/nicogcasares.eu\/gl\/author\/nico\/"}]}},"_links":{"self":[{"href":"https:\/\/nicogcasares.eu\/gl\/wp-json\/wp\/v2\/posts\/5940"}],"collection":[{"href":"https:\/\/nicogcasares.eu\/gl\/wp-json\/wp\/v2\/posts"}],"about":[{"href":"https:\/\/nicogcasares.eu\/gl\/wp-json\/wp\/v2\/types\/post"}],"author":[{"embeddable":true,"href":"https:\/\/nicogcasares.eu\/gl\/wp-json\/wp\/v2\/users\/4"}],"replies":[{"embeddable":true,"href":"https:\/\/nicogcasares.eu\/gl\/wp-json\/wp\/v2\/comments?post=5940"}],"version-history":[{"count":1,"href":"https:\/\/nicogcasares.eu\/gl\/wp-json\/wp\/v2\/posts\/5940\/revisions"}],"predecessor-version":[{"id":5948,"href":"https:\/\/nicogcasares.eu\/gl\/wp-json\/wp\/v2\/posts\/5940\/revisions\/5948"}],"wp:featuredmedia":[{"embeddable":true,"href":"https:\/\/nicogcasares.eu\/gl\/wp-json\/wp\/v2\/media\/5943"}],"wp:attachment":[{"href":"https:\/\/nicogcasares.eu\/gl\/wp-json\/wp\/v2\/media?parent=5940"}],"wp:term":[{"taxonomy":"category","embeddable":true,"href":"https:\/\/nicogcasares.eu\/gl\/wp-json\/wp\/v2\/categories?post=5940"},{"taxonomy":"post_tag","embeddable":true,"href":"https:\/\/nicogcasares.eu\/gl\/wp-json\/wp\/v2\/tags?post=5940"}],"curies":[{"name":"wp","href":"https:\/\/api.w.org\/{rel}","templated":true}]}}