{"id":6016,"date":"2024-07-03T01:25:10","date_gmt":"2024-07-02T23:25:10","guid":{"rendered":"https:\/\/nicogcasares.eu\/?p=6016"},"modified":"2024-07-03T01:58:53","modified_gmt":"2024-07-02T23:58:53","slug":"prioridades-en-clave-galega-para-a-nova-lexislatura-europea","status":"publish","type":"post","link":"https:\/\/nicogcasares.eu\/gl\/prioridades-en-clave-galega-para-a-nova-lexislatura-europea\/","title":{"rendered":"Prioridades en clave galega para a nova lexislatura europea"},"content":{"rendered":"\n<p><\/p>\n\n\n\n<p class=\"has-black-color has-text-color has-link-color has-medium-font-size wp-elements-f30d1e7f3fb1fd15759e7861611f2867\">A nova lexislatura europea ser\u00e1 unha lexislatura chea de desaf\u00edos: o Parlamento nacido das elecci\u00f3ns do 9 de xu\u00f1o marca un aumento de forzas que non cren no proxecto europeo e iso, xunto cun contexto mundial complexo, plantexar\u00e1 maiores dificultades \u00e1 hora de acadar maior\u00edas para facer avanzar o proxecto comunitario.<\/p>\n\n\n\n<p class=\"has-black-color has-text-color has-link-color has-medium-font-size wp-elements-001e59bb901ae934e0034d0dd1969a9a\">Se en toda lexislatura, ser quen de constru\u00edr maior\u00edas \u00e9 un valor en s\u00ed mesmo, nesta lexislatura <strong>o feito de ser influ\u00ednte nun grande grupo como o Grupo Socialista<\/strong>, o segundo a nivel europeo e presidido por unha socialista espa\u00f1ola que repite como<a href=\"https:\/\/www.iratxegarcia.es\/\"> Iratxe Garc\u00eda<\/a> , ser\u00e1 crucial para que Galicia est\u00e9 presente na axenda comunitaria.<\/p>\n\n\n\n<p class=\"has-black-color has-text-color has-link-color has-medium-font-size wp-elements-673bfd320e716b8a26bdfa248b65443f\">Para acadar logros reais para Galicia hai que ter una visi\u00f3n europe\u00edsta, compartir intereses ou buscar aliados para a influencia \u00e9 algo esencial e tam\u00e9n no seo da Comisi\u00f3n Europea grazas tam\u00e9n \u00e1 coordinaci\u00f3n e o traballo do resto de compa\u00f1eiros e compa\u00f1eiras da Delegaci\u00f3n Socialista Espa\u00f1ola e do Grupo a nivel europeo.<\/p>\n\n\n\n<p class=\"has-black-color has-text-color has-link-color has-medium-font-size wp-elements-cff983150f696af0502cfb1b441315d6\">\u00a0<strong>Non imos facer Galicia se non facemos Europa.<\/strong> <\/p>\n\n\n\n<p class=\"has-black-color has-text-color has-link-color has-medium-font-size wp-elements-7b4cfb39a0d785164e47a54ab3e86f18\"> Hai que ter presencia en todos os comit\u00e9s e adem\u00e1is de non renegar do grupo ao que pertences, o cal leva a que se perda influencia no propio grupo. En primeiro lugar felicitarnos hoxe pola aprobaci\u00f3n da Lei de restauraci\u00f3n da Natureza que finalmente tras moitas vicisitudes foi ratificado hoxe polo Consello da UE. No Parlamento Europeo foi apoiada por Socialistas, Liberais, Verdes e unha parte importante do PPE polo que non se entende que tanto desde o PPdeG como desde o BNG non se tivera apoiado esta Lei que vai obrigar a recuperaci\u00f3n progresiva de espazos naturais degradados como poden ser as nosas r\u00edas ou os nosos r\u00edos. Parafraseando a Teresa Ribera \u201cnon vai haber emprego nas r\u00edas se eses ecosistemas morren\u201d polo tanto esa obriga de coidar e recuperar ser\u00e1 beneficiosa para a nosa xente do mar, por exemplo.<\/p>\n\n\n\n<p class=\"has-black-color has-text-color has-link-color has-medium-font-size wp-elements-2d5d1ea5db6d0eda45e001889c0d05fc\">E vou centrarme en algo importante: desde o PSdeG vou defender o<strong> Pacto Verde Europeo, <\/strong>porque \u00e9 a estratexia de crecemento m\u00e1is aca\u00edda para Galicia, con m\u00e1is beneficios que riscos, con m\u00e1is oportunidades que amenazas. Ese Pacto Verde para un pa\u00eds coas potencialidades que temos \u00e9 una aposta de futuro e por una sociedade m\u00e1is pr\u00f3spera. <strong>Deter o Pacto Verde Europeo ser\u00eda o \u201cErro do S\u00e9culo\u201d para Europa e tam\u00e9n para pa\u00edses como o noso.<\/strong><\/p>\n\n\n\n<p class=\"has-black-color has-text-color has-link-color has-medium-font-size wp-elements-541e15d426dee593cef4d878c0a58e2f\">Tal e como vi\u00f1emos explicando en campa\u00f1a, os socialistas galegos temos prioridades claras desde o punto de vista do pa\u00eds no \u00e1mbito da enerx\u00eda e a industria ,da agricultura e da pesca,  as infraestruturas ou o financiamento.<\/p>\n\n\n\n<p class=\"has-black-color has-text-color has-link-color has-medium-font-size wp-elements-2e3386d5a115ca8d9a4d84d16579d6ed\"><strong>En materia enerx\u00e9tica e industrial<\/strong> , defend\u00e9molo xa en campa\u00f1a, Galicia ten que aproveitar a ventaxa competitiva que a riqueza en renovables nos ofrece para impulsar un novo modelo de crecemento e emprego baseado en enerx\u00eda limpa e asequible. Aproveitar ese potencial ser\u00e1 crucial para atraer investimentos tanto para a produci\u00f3n de enerx\u00eda renovable e o aproveitamento de novos vectores como o hidr\u00f3xeno verde. Pero tam\u00e9n para atraer industria ao pa\u00eds que xere emprego de calidade no territorio. Unha industria que queremos que sexa apoiada pola UE pero sempre cumprindo os m\u00e1ximos par\u00e1metros de sostibilidade.<\/p>\n\n\n\n<p class=\"has-black-color has-text-color has-link-color has-medium-font-size wp-elements-8a0b0ca7b8e2c798a6eccac6eb0e0c4d\">Seguiremos a apostar polo desenvolvemento dun Pacto Verde xusto, que siga a crear oportunidades en Galicia, como xa o est\u00e1 a facer en diversos sectores cruciais para o pa\u00eds como a construci\u00f3n de jackets en Ferrol, a automoci\u00f3n e o sector aeron\u00e1utico en Vigo, a intelixencia artificial na Coru\u00f1a, o hidr\u00f3xeno verde nas Pontes e Cerceda, etc\u00e9tera, etc\u00e9tera, da man dos fondos comunitarios de recuperaci\u00f3n.<\/p>\n\n\n\n<p class=\"has-black-color has-text-color has-link-color has-medium-font-size wp-elements-d5d9b71f70c73bb42e203f6e94135e83\">Para os socialistas galegos a clave, e para iso traballaremos, est\u00e1 na creaci\u00f3n dun novo fondo para tecnolox\u00edas verdes que catapulte as nosas capacidades nas industrias que marcar\u00e1n o futuro.<\/p>\n\n\n\n<p class=\"has-black-color has-text-color has-link-color has-medium-font-size wp-elements-feb09c713fdfc9dce303ecae12bc7fe1\">En canto aos <strong>sectores primarios<\/strong>, os socialistas galegos marc\u00e1monos como obxectivo que a carteira de <strong>Pesca volva ser unha carteira independente<\/strong> de Medio Ambiente. O sector necesita ese reco\u00f1ecemento e un comisario ou comisaria que te\u00f1a por obxectivo o fortalecemento e o apoio ao sector, tam\u00e9n neste proceso de transici\u00f3n enerx\u00e9tica e adaptaci\u00f3n ao cambio clim\u00e1tico. O noso obxectivo prioritario ser\u00e1 impulsar unha reforma da pol\u00edtica com\u00fan de pesca na que a dimensi\u00f3n social e econ\u00f3mica estea en p\u00e9 de igualdade coa ambiental. \u00c9 innegociable.<\/p>\n\n\n\n<p class=\"has-black-color has-text-color has-link-color has-medium-font-size wp-elements-5ba67cd56f80ba58bd6a2ca439738050\"><strong>No tocante \u00e1 PAC<\/strong>, imos seguir empuxando por unha pol\u00edtica com\u00fan que reforce o papel dos nosos agricultores e gandeiros como garantes da soberan\u00eda alimentaria. Imos seguir impulsando a simplificaci\u00f3n administrativa, o apoio aos nosos agricultores e gandeiros fronte ao desaf\u00edo do cambio clim\u00e1tico e, no marco do futuro marco financieiro posterior a 2027, unha PAC reforzada tam\u00e9n na s\u00faa dotaci\u00f3n econ\u00f3mica. Para n\u00f3s ser\u00e1 fundamental tam\u00e9n incluir cl\u00e1usulas de salvagarda e cl\u00e1usulas espello nos futuros acordos con terceiros pa\u00edses, no que atinxe \u00e1 agricultura, pero tam\u00e9n \u00e1 pesca. Non poden ser moeda de cambio.<\/p>\n\n\n\n<p class=\"has-black-color has-text-color has-link-color has-medium-font-size wp-elements-c68403c4356bdc06946763fc22f400ec\">Un terceiro \u00e1mbito de prioridades v\u00e9n marcado polas <strong>infraestruturas de transporte<\/strong>. Os socialistas seremos os garantes da plena integraci\u00f3n de Galicia no <strong>Corredor Atl\u00e1ntico <\/strong>ferroviario.<\/p>\n\n\n\n<p class=\"has-black-color has-text-color has-link-color has-medium-font-size wp-elements-b9999e7f096460e3e515955bec83a398\">No s\u00f3 porque fomos os \u00fanicos que votamos a favor do reglamento que o far\u00e1 posible (fronte a un PP e BNG que votaron en contra), sen\u00f3n porque o compromiso do Goberno socialista \u00e9 absoluto: a trav\u00e9s do Plan Director do Corredor Atl\u00e1ntico de Galicia, o Goberno socialista investir\u00e1 4.561 mill\u00f3ns de euros ata 2030 para o seu desenvolvemento, acelerando a 2030 as obras tanto da rede b\u00e1sica como da rede global para mellorar a conectividade e a intermodalidade de Galicia.<\/p>\n\n\n\n<p class=\"has-black-color has-text-color has-link-color has-medium-font-size wp-elements-9debd6253e6e4bb5de0ee810ab8a8775\">Isto permitir\u00e1 conectar Galicia co resto de Europa a trav\u00e9s da Meseta, pero tam\u00e9n facendo realidade dunha vez a conexi\u00f3n ferroviaria de alta velocidade con Portugal.<\/p>\n\n\n\n<p class=\"has-black-color has-text-color has-link-color has-medium-font-size wp-elements-e0303cecb0784651fc9b6fc7fd6a71a1\">Tam\u00e9n imos reclamar \u00e1 Comisi\u00f3n Europea que se chegue ao fondo do expediente aberto \u00e1 <strong>pr\u00f3rroga da AP-9 <\/strong>levada a cabo polo Goberno de Aznar e que ten visos de ser declarada ilegal. Estaremos alerta e do lado das necesidades de Galicia. Sen dubida.<\/p>\n\n\n\n<p class=\"has-black-color has-text-color has-link-color has-medium-font-size wp-elements-167e34f696ef6348bfd4904b07e3d0d8\">Pero para lograr estas prioridades hai un fito que marcar\u00e1 a segunda parte da lexislatura: a negociaci\u00f3n do <strong>novo presuposto comunitario 2027-2033<\/strong>. E, unha vez m\u00e1is, os socialistas seremos os garantes dun presuposto suficiente e \u00e1 altura das circunstancias.<\/p>\n\n\n\n<p class=\"has-black-color has-text-color has-link-color has-medium-font-size wp-elements-dfc5abe5faff6e3832b5d9d4cbfce503\">O presuposto vixente supuxo un xiro copernicano grazas ao impulso dos socialistas europeos e do Goberno socialista de Espa\u00f1a, que logrou a aprobaci\u00f3n dos fondos de recuperaci\u00f3n e resiliencia financiados con d\u00e9beda com\u00fan.<\/p>\n\n\n\n<p class=\"has-black-color has-text-color has-link-color has-medium-font-size wp-elements-3a64a11cf3710177142350b0d18baa72\">Os socialistas puxaremos por darlle continuidade aos fondos extraordinarios como forma de facer fronte \u00e1s necesidades de investimento derivadas das transici\u00f3ns ecol\u00f3xica e dixital.<\/p>\n\n\n\n<p class=\"has-black-color has-text-color has-link-color has-medium-font-size wp-elements-cb16a469b663c01f6993d751dee78ef3\">Igualmente, e dentro das prioridades de financiamento, loitaremos para que as <strong>pol\u00edticas de cohesi\u00f3n e desenvolvemento rexional, os fondos para agricultura e desenvolvemento rural<\/strong> e o <strong>financiamento das pol\u00edticas mar\u00edtimas e pesqueiras<\/strong>, claves para para o desenvolvemento de Galicia, sigan a manter un nivel de financiamento suficiente para seguir impulsando un modelo de crecemento sustentable, xusto e integrador, que contrib\u00faa a reducir os desequilibrios da Uni\u00f3n Europea.<\/p>\n\n\n\n<p class=\"has-black-color has-text-color has-link-color has-medium-font-size wp-elements-b4222e00f12d9ac7d4328199b905b456\"><strong>Pero isto non s\u00f3 vai de lograr fondos: vai de executalos.<\/strong> Non pode ser que o esforzo en lograr fondos se malogre logo cunha Xunta incapaz de executar os fondos comunitarios, con niveis de pago arredor do 50%. Cidadan\u00eda e empresas necesitan que se executen os investimentos previstos para mellorar o benestar social e incrementar o crecemento potencial da nosa econom\u00eda.<\/p>\n\n\n\n<p class=\"has-black-color has-text-color has-link-color has-medium-font-size wp-elements-ae96dedd2630431436fc36b49552a27f\">Son algunhas das prioridades con que enfocamos o traballo parlamentario europeo, xunto co reco\u00f1ecemento da <strong>nosa lingua<\/strong> no Parlamento Europeo, para o que pido, unha vez m\u00e1is, o apoio do PP para facer do galego lingua oficial na Euroc\u00e1mara. Se eles o desbloquean, podemos logralo.<\/p>\n\n\n\n<p class=\"has-black-color has-text-color has-link-color has-medium-font-size wp-elements-243789252107d6314bfe786bbaf5cc64\">Pero insisto unha vez m\u00e1is: os socialistas galegos imos seguir impulsando a axenda galega en todas e cada unha das comisi\u00f3ns do Parlamento Europeo, en todas e cada unha das pol\u00edticas de interese para Galicia a trav\u00e9s da nosa influencia no Grupo dos Socialistas e Dem\u00f3cratas no Parlamento Europeo. Galicia precisa peso en Europa e iso \u00e9 o que imos seguir aportando os socialistas galegos en Europa: traballo, influencia e peso nas decisi\u00f3ns comunitarias.<\/p>\n\n\n\n<p class=\"has-black-color has-text-color has-link-color has-medium-font-size wp-elements-166ce9b40726bbad9a419284da2e1fca\"><strong>Presencia institucional ,social e empresarial<\/strong><\/p>\n\n\n\n<p class=\"has-black-color has-text-color has-link-color has-medium-font-size wp-elements-8680529b0e5974c961fe88b1025f6345\">&nbsp;As instituci\u00f3n europeas como fonte de grandes decisi\u00f3n precisan tam\u00e9n da presenza institucional dos representantes p\u00fablicos a nivel auton\u00f3mico e local. Como ata o de agora desde o PSdeG pola presencia regular e continuada do Secretario Xeral e da CENG e por suposto dos alcaldes e representantes institucionais do noso partido.<\/p>\n\n\n\n<p class=\"has-black-color has-text-color has-link-color has-medium-font-size wp-elements-af068a484a6b200d7d5e17519d5db7c9\">&nbsp;E non imos esquecer ,porque xa o levamos facendo nestes \u00faltimos 5 anos, a\u00ednda que con serias dificultades pola pandemia da COVID, que continuaremos levando a voz da sociedade galega a Bruxelas naqueles asuntos que precisen de influencia europea. Neses asuntos inclu\u00edmos \u00e1s empresas de Galicia, a nosa industria vai ter en Bruxelas a uns aliados, xa na pasada lexislatura foron deceas as empresas que atoparon no PSdeG informaci\u00f3n e influencia na UE e imos perseverar por esa senda<\/p>\n","protected":false},"excerpt":{"rendered":"<p>prioridades galegas lexislatura europea<\/p>\n","protected":false},"author":4,"featured_media":6018,"comment_status":"closed","ping_status":"closed","sticky":true,"template":"","format":"gallery","meta":{"footnotes":""},"categories":[2,34,27,29,26,30,31,24,20,32,22,40,71,69,25,42],"tags":[345,150,160,369,355,357,80,65,74,76,73],"yoast_head":"<!-- This site is optimized with the Yoast SEO plugin v22.3 - https:\/\/yoast.com\/wordpress\/plugins\/seo\/ -->\n<title>Prioridades en clave galega para a nova lexislatura europea - Nico G. Casares<\/title>\n<meta name=\"description\" content=\"Non imos facer Galicia se non facemos Europa. Hai que ter presencia en todos os comit\u00e9s e adem\u00e1is de non renegar do grupo ao que pertences, o cal leva a que se perda influencia no propio grupo.\" \/>\n<meta name=\"robots\" content=\"index, follow, max-snippet:-1, max-image-preview:large, max-video-preview:-1\" \/>\n<link rel=\"canonical\" href=\"https:\/\/nicogcasares.eu\/prioridades-en-clave-galega-para-a-nova-lexislatura-europea\/\" \/>\n<meta property=\"og:locale\" content=\"gl_ES\" \/>\n<meta property=\"og:type\" content=\"article\" \/>\n<meta property=\"og:title\" content=\"Prioridades en clave galega para a nova lexislatura europea\" \/>\n<meta property=\"og:description\" content=\"Vou centrarme en algo importante: desde o PSdeG vou defender o Pacto Verde Europeo, porque \u00e9 a estratexia de crecemento m\u00e1is aca\u00edda para Galicia\" \/>\n<meta property=\"og:url\" content=\"https:\/\/nicogcasares.eu\/prioridades-en-clave-galega-para-a-nova-lexislatura-europea\/\" \/>\n<meta property=\"og:site_name\" content=\"Nico G. Casares\" \/>\n<meta property=\"article:published_time\" content=\"2024-07-02T23:25:10+00:00\" \/>\n<meta property=\"article:modified_time\" content=\"2024-07-02T23:58:53+00:00\" \/>\n<meta property=\"og:image\" content=\"https:\/\/nicogcasares.eu\/wp-content\/uploads\/2024\/07\/WhatsApp-Image-2024-07-03-at-01.11.54-scaled.jpeg\" \/>\n\t<meta property=\"og:image:width\" content=\"2560\" \/>\n\t<meta property=\"og:image:height\" content=\"1707\" \/>\n\t<meta property=\"og:image:type\" content=\"image\/jpeg\" \/>\n<meta name=\"author\" content=\"Nicol\u00e1s Gonz\u00e1lez Casares\" \/>\n<meta name=\"twitter:card\" content=\"summary_large_image\" \/>\n<meta name=\"twitter:title\" content=\"Prioridades en clave galega para a nova lexislatura europea\" \/>\n<meta name=\"twitter:description\" content=\"Vou centrarme en algo importante: desde o PSdeG vou defender o Pacto Verde Europeo, porque \u00e9 a estratexia de crecemento m\u00e1is aca\u00edda para Galicia\" \/>\n<meta name=\"twitter:image\" content=\"https:\/\/nicogcasares.eu\/wp-content\/uploads\/2024\/07\/WhatsApp-Image-2024-07-03-at-01.11.54-scaled.jpeg\" \/>\n<meta name=\"twitter:creator\" content=\"@nicogoncas\" \/>\n<meta name=\"twitter:site\" content=\"@nicogoncas\" \/>\n<meta name=\"twitter:label1\" content=\"Escrito por\" \/>\n\t<meta name=\"twitter:data1\" content=\"Nicol\u00e1s Gonz\u00e1lez Casares\" \/>\n\t<meta name=\"twitter:label2\" content=\"Tempo de lectura\" \/>\n\t<meta name=\"twitter:data2\" content=\"7 minutos\" \/>\n<script type=\"application\/ld+json\" class=\"yoast-schema-graph\">{\"@context\":\"https:\/\/schema.org\",\"@graph\":[{\"@type\":\"Article\",\"@id\":\"https:\/\/nicogcasares.eu\/prioridades-en-clave-galega-para-a-nova-lexislatura-europea\/#article\",\"isPartOf\":{\"@id\":\"https:\/\/nicogcasares.eu\/prioridades-en-clave-galega-para-a-nova-lexislatura-europea\/\"},\"author\":{\"name\":\"Nicol\u00e1s Gonz\u00e1lez Casares\",\"@id\":\"https:\/\/nicogcasares.eu\/gl\/#\/schema\/person\/75361477143e596646d48598a3778163\"},\"headline\":\"Prioridades en clave galega para a nova lexislatura europea\",\"datePublished\":\"2024-07-02T23:25:10+00:00\",\"dateModified\":\"2024-07-02T23:58:53+00:00\",\"mainEntityOfPage\":{\"@id\":\"https:\/\/nicogcasares.eu\/prioridades-en-clave-galega-para-a-nova-lexislatura-europea\/\"},\"wordCount\":1573,\"publisher\":{\"@id\":\"https:\/\/nicogcasares.eu\/gl\/#\/schema\/person\/75361477143e596646d48598a3778163\"},\"image\":{\"@id\":\"https:\/\/nicogcasares.eu\/prioridades-en-clave-galega-para-a-nova-lexislatura-europea\/#primaryimage\"},\"thumbnailUrl\":\"https:\/\/nicogcasares.eu\/wp-content\/uploads\/2024\/07\/WhatsApp-Image-2024-07-03-at-01.11.54-scaled.jpeg\",\"keywords\":[\"enerx\u00eda\",\"Europa\",\"Europa\",\"Nicol\u00e1s Gonz\u00e1lez Casares\",\"Nicol\u00e1s Gonz\u00e1lez Casares\",\"Nicol\u00e1s Gonz\u00e1lez Casares\",\"Parlamento Europeo\",\"sa\u00fade\",\"UE\",\"Uni\u00f3n Europea\",\"Uni\u00f3n Europea\"],\"articleSection\":[\"Actividad\",\"Actividade\",\"Energ\u00eda\",\"Enerx\u00eda\",\"Industria\",\"Industria\",\"Medio ambiente\",\"Medioambiente\",\"Noticias\",\"Novas\",\"Pesca\",\"Pesca\",\"Prensa\",\"Prensa\",\"Salud\",\"Sa\u00fade\"],\"inLanguage\":\"gl-ES\"},{\"@type\":\"WebPage\",\"@id\":\"https:\/\/nicogcasares.eu\/prioridades-en-clave-galega-para-a-nova-lexislatura-europea\/\",\"url\":\"https:\/\/nicogcasares.eu\/prioridades-en-clave-galega-para-a-nova-lexislatura-europea\/\",\"name\":\"Prioridades en clave galega para a nova lexislatura europea - Nico G. Casares\",\"isPartOf\":{\"@id\":\"https:\/\/nicogcasares.eu\/gl\/#website\"},\"primaryImageOfPage\":{\"@id\":\"https:\/\/nicogcasares.eu\/prioridades-en-clave-galega-para-a-nova-lexislatura-europea\/#primaryimage\"},\"image\":{\"@id\":\"https:\/\/nicogcasares.eu\/prioridades-en-clave-galega-para-a-nova-lexislatura-europea\/#primaryimage\"},\"thumbnailUrl\":\"https:\/\/nicogcasares.eu\/wp-content\/uploads\/2024\/07\/WhatsApp-Image-2024-07-03-at-01.11.54-scaled.jpeg\",\"datePublished\":\"2024-07-02T23:25:10+00:00\",\"dateModified\":\"2024-07-02T23:58:53+00:00\",\"description\":\"Non imos facer Galicia se non facemos Europa. Hai que ter presencia en todos os comit\u00e9s e adem\u00e1is de non renegar do grupo ao que pertences, o cal leva a que se perda influencia no propio grupo.\",\"breadcrumb\":{\"@id\":\"https:\/\/nicogcasares.eu\/prioridades-en-clave-galega-para-a-nova-lexislatura-europea\/#breadcrumb\"},\"inLanguage\":\"gl-ES\",\"potentialAction\":[{\"@type\":\"ReadAction\",\"target\":[\"https:\/\/nicogcasares.eu\/prioridades-en-clave-galega-para-a-nova-lexislatura-europea\/\"]}]},{\"@type\":\"ImageObject\",\"inLanguage\":\"gl-ES\",\"@id\":\"https:\/\/nicogcasares.eu\/prioridades-en-clave-galega-para-a-nova-lexislatura-europea\/#primaryimage\",\"url\":\"https:\/\/nicogcasares.eu\/wp-content\/uploads\/2024\/07\/WhatsApp-Image-2024-07-03-at-01.11.54-scaled.jpeg\",\"contentUrl\":\"https:\/\/nicogcasares.eu\/wp-content\/uploads\/2024\/07\/WhatsApp-Image-2024-07-03-at-01.11.54-scaled.jpeg\",\"width\":2560,\"height\":1707,\"caption\":\"Nicol\u00e1s G Casares en el Congreso\"},{\"@type\":\"BreadcrumbList\",\"@id\":\"https:\/\/nicogcasares.eu\/prioridades-en-clave-galega-para-a-nova-lexislatura-europea\/#breadcrumb\",\"itemListElement\":[{\"@type\":\"ListItem\",\"position\":1,\"name\":\"Portada\",\"item\":\"https:\/\/nicogcasares.eu\/gl\/\"},{\"@type\":\"ListItem\",\"position\":2,\"name\":\"Prioridades en clave galega para a nova lexislatura europea\"}]},{\"@type\":\"WebSite\",\"@id\":\"https:\/\/nicogcasares.eu\/gl\/#website\",\"url\":\"https:\/\/nicogcasares.eu\/gl\/\",\"name\":\"Nico G. Casares\",\"description\":\"Diputado socialista en el parlamento europeo\",\"publisher\":{\"@id\":\"https:\/\/nicogcasares.eu\/gl\/#\/schema\/person\/75361477143e596646d48598a3778163\"},\"potentialAction\":[{\"@type\":\"SearchAction\",\"target\":{\"@type\":\"EntryPoint\",\"urlTemplate\":\"https:\/\/nicogcasares.eu\/gl\/?s={search_term_string}\"},\"query-input\":\"required name=search_term_string\"}],\"inLanguage\":\"gl-ES\"},{\"@type\":[\"Person\",\"Organization\"],\"@id\":\"https:\/\/nicogcasares.eu\/gl\/#\/schema\/person\/75361477143e596646d48598a3778163\",\"name\":\"Nicol\u00e1s Gonz\u00e1lez Casares\",\"image\":{\"@type\":\"ImageObject\",\"inLanguage\":\"gl-ES\",\"@id\":\"https:\/\/nicogcasares.eu\/gl\/#\/schema\/person\/image\/\",\"url\":\"https:\/\/nicogcasares.eu\/wp-content\/uploads\/2021\/11\/20211006_EP-119139A_FMA_0895_RESIZED_S.jpg\",\"contentUrl\":\"https:\/\/nicogcasares.eu\/wp-content\/uploads\/2021\/11\/20211006_EP-119139A_FMA_0895_RESIZED_S.jpg\",\"width\":639,\"height\":426,\"caption\":\"Nicol\u00e1s Gonz\u00e1lez Casares\"},\"logo\":{\"@id\":\"https:\/\/nicogcasares.eu\/gl\/#\/schema\/person\/image\/\"},\"url\":\"https:\/\/nicogcasares.eu\/gl\/author\/nico\/\"}]}<\/script>\n<!-- \/ Yoast SEO plugin. -->","yoast_head_json":{"title":"Prioridades en clave galega para a nova lexislatura europea - Nico G. Casares","description":"Non imos facer Galicia se non facemos Europa. Hai que ter presencia en todos os comit\u00e9s e adem\u00e1is de non renegar do grupo ao que pertences, o cal leva a que se perda influencia no propio grupo.","robots":{"index":"index","follow":"follow","max-snippet":"max-snippet:-1","max-image-preview":"max-image-preview:large","max-video-preview":"max-video-preview:-1"},"canonical":"https:\/\/nicogcasares.eu\/prioridades-en-clave-galega-para-a-nova-lexislatura-europea\/","og_locale":"gl_ES","og_type":"article","og_title":"Prioridades en clave galega para a nova lexislatura europea","og_description":"Vou centrarme en algo importante: desde o PSdeG vou defender o Pacto Verde Europeo, porque \u00e9 a estratexia de crecemento m\u00e1is aca\u00edda para Galicia","og_url":"https:\/\/nicogcasares.eu\/prioridades-en-clave-galega-para-a-nova-lexislatura-europea\/","og_site_name":"Nico G. Casares","article_published_time":"2024-07-02T23:25:10+00:00","article_modified_time":"2024-07-02T23:58:53+00:00","og_image":[{"width":2560,"height":1707,"url":"https:\/\/nicogcasares.eu\/wp-content\/uploads\/2024\/07\/WhatsApp-Image-2024-07-03-at-01.11.54-scaled.jpeg","type":"image\/jpeg"}],"author":"Nicol\u00e1s Gonz\u00e1lez Casares","twitter_card":"summary_large_image","twitter_title":"Prioridades en clave galega para a nova lexislatura europea","twitter_description":"Vou centrarme en algo importante: desde o PSdeG vou defender o Pacto Verde Europeo, porque \u00e9 a estratexia de crecemento m\u00e1is aca\u00edda para Galicia","twitter_image":"https:\/\/nicogcasares.eu\/wp-content\/uploads\/2024\/07\/WhatsApp-Image-2024-07-03-at-01.11.54-scaled.jpeg","twitter_creator":"@nicogoncas","twitter_site":"@nicogoncas","twitter_misc":{"Escrito por":"Nicol\u00e1s Gonz\u00e1lez Casares","Tempo de lectura":"7 minutos"},"schema":{"@context":"https:\/\/schema.org","@graph":[{"@type":"Article","@id":"https:\/\/nicogcasares.eu\/prioridades-en-clave-galega-para-a-nova-lexislatura-europea\/#article","isPartOf":{"@id":"https:\/\/nicogcasares.eu\/prioridades-en-clave-galega-para-a-nova-lexislatura-europea\/"},"author":{"name":"Nicol\u00e1s Gonz\u00e1lez Casares","@id":"https:\/\/nicogcasares.eu\/gl\/#\/schema\/person\/75361477143e596646d48598a3778163"},"headline":"Prioridades en clave galega para a nova lexislatura europea","datePublished":"2024-07-02T23:25:10+00:00","dateModified":"2024-07-02T23:58:53+00:00","mainEntityOfPage":{"@id":"https:\/\/nicogcasares.eu\/prioridades-en-clave-galega-para-a-nova-lexislatura-europea\/"},"wordCount":1573,"publisher":{"@id":"https:\/\/nicogcasares.eu\/gl\/#\/schema\/person\/75361477143e596646d48598a3778163"},"image":{"@id":"https:\/\/nicogcasares.eu\/prioridades-en-clave-galega-para-a-nova-lexislatura-europea\/#primaryimage"},"thumbnailUrl":"https:\/\/nicogcasares.eu\/wp-content\/uploads\/2024\/07\/WhatsApp-Image-2024-07-03-at-01.11.54-scaled.jpeg","keywords":["enerx\u00eda","Europa","Europa","Nicol\u00e1s Gonz\u00e1lez Casares","Nicol\u00e1s Gonz\u00e1lez Casares","Nicol\u00e1s Gonz\u00e1lez Casares","Parlamento Europeo","sa\u00fade","UE","Uni\u00f3n Europea","Uni\u00f3n Europea"],"articleSection":["Actividad","Actividade","Energ\u00eda","Enerx\u00eda","Industria","Industria","Medio ambiente","Medioambiente","Noticias","Novas","Pesca","Pesca","Prensa","Prensa","Salud","Sa\u00fade"],"inLanguage":"gl-ES"},{"@type":"WebPage","@id":"https:\/\/nicogcasares.eu\/prioridades-en-clave-galega-para-a-nova-lexislatura-europea\/","url":"https:\/\/nicogcasares.eu\/prioridades-en-clave-galega-para-a-nova-lexislatura-europea\/","name":"Prioridades en clave galega para a nova lexislatura europea - Nico G. Casares","isPartOf":{"@id":"https:\/\/nicogcasares.eu\/gl\/#website"},"primaryImageOfPage":{"@id":"https:\/\/nicogcasares.eu\/prioridades-en-clave-galega-para-a-nova-lexislatura-europea\/#primaryimage"},"image":{"@id":"https:\/\/nicogcasares.eu\/prioridades-en-clave-galega-para-a-nova-lexislatura-europea\/#primaryimage"},"thumbnailUrl":"https:\/\/nicogcasares.eu\/wp-content\/uploads\/2024\/07\/WhatsApp-Image-2024-07-03-at-01.11.54-scaled.jpeg","datePublished":"2024-07-02T23:25:10+00:00","dateModified":"2024-07-02T23:58:53+00:00","description":"Non imos facer Galicia se non facemos Europa. Hai que ter presencia en todos os comit\u00e9s e adem\u00e1is de non renegar do grupo ao que pertences, o cal leva a que se perda influencia no propio grupo.","breadcrumb":{"@id":"https:\/\/nicogcasares.eu\/prioridades-en-clave-galega-para-a-nova-lexislatura-europea\/#breadcrumb"},"inLanguage":"gl-ES","potentialAction":[{"@type":"ReadAction","target":["https:\/\/nicogcasares.eu\/prioridades-en-clave-galega-para-a-nova-lexislatura-europea\/"]}]},{"@type":"ImageObject","inLanguage":"gl-ES","@id":"https:\/\/nicogcasares.eu\/prioridades-en-clave-galega-para-a-nova-lexislatura-europea\/#primaryimage","url":"https:\/\/nicogcasares.eu\/wp-content\/uploads\/2024\/07\/WhatsApp-Image-2024-07-03-at-01.11.54-scaled.jpeg","contentUrl":"https:\/\/nicogcasares.eu\/wp-content\/uploads\/2024\/07\/WhatsApp-Image-2024-07-03-at-01.11.54-scaled.jpeg","width":2560,"height":1707,"caption":"Nicol\u00e1s G Casares en el Congreso"},{"@type":"BreadcrumbList","@id":"https:\/\/nicogcasares.eu\/prioridades-en-clave-galega-para-a-nova-lexislatura-europea\/#breadcrumb","itemListElement":[{"@type":"ListItem","position":1,"name":"Portada","item":"https:\/\/nicogcasares.eu\/gl\/"},{"@type":"ListItem","position":2,"name":"Prioridades en clave galega para a nova lexislatura europea"}]},{"@type":"WebSite","@id":"https:\/\/nicogcasares.eu\/gl\/#website","url":"https:\/\/nicogcasares.eu\/gl\/","name":"Nico G. Casares","description":"Diputado socialista en el parlamento europeo","publisher":{"@id":"https:\/\/nicogcasares.eu\/gl\/#\/schema\/person\/75361477143e596646d48598a3778163"},"potentialAction":[{"@type":"SearchAction","target":{"@type":"EntryPoint","urlTemplate":"https:\/\/nicogcasares.eu\/gl\/?s={search_term_string}"},"query-input":"required name=search_term_string"}],"inLanguage":"gl-ES"},{"@type":["Person","Organization"],"@id":"https:\/\/nicogcasares.eu\/gl\/#\/schema\/person\/75361477143e596646d48598a3778163","name":"Nicol\u00e1s Gonz\u00e1lez Casares","image":{"@type":"ImageObject","inLanguage":"gl-ES","@id":"https:\/\/nicogcasares.eu\/gl\/#\/schema\/person\/image\/","url":"https:\/\/nicogcasares.eu\/wp-content\/uploads\/2021\/11\/20211006_EP-119139A_FMA_0895_RESIZED_S.jpg","contentUrl":"https:\/\/nicogcasares.eu\/wp-content\/uploads\/2021\/11\/20211006_EP-119139A_FMA_0895_RESIZED_S.jpg","width":639,"height":426,"caption":"Nicol\u00e1s Gonz\u00e1lez Casares"},"logo":{"@id":"https:\/\/nicogcasares.eu\/gl\/#\/schema\/person\/image\/"},"url":"https:\/\/nicogcasares.eu\/gl\/author\/nico\/"}]}},"_links":{"self":[{"href":"https:\/\/nicogcasares.eu\/gl\/wp-json\/wp\/v2\/posts\/6016"}],"collection":[{"href":"https:\/\/nicogcasares.eu\/gl\/wp-json\/wp\/v2\/posts"}],"about":[{"href":"https:\/\/nicogcasares.eu\/gl\/wp-json\/wp\/v2\/types\/post"}],"author":[{"embeddable":true,"href":"https:\/\/nicogcasares.eu\/gl\/wp-json\/wp\/v2\/users\/4"}],"replies":[{"embeddable":true,"href":"https:\/\/nicogcasares.eu\/gl\/wp-json\/wp\/v2\/comments?post=6016"}],"version-history":[{"count":3,"href":"https:\/\/nicogcasares.eu\/gl\/wp-json\/wp\/v2\/posts\/6016\/revisions"}],"predecessor-version":[{"id":6022,"href":"https:\/\/nicogcasares.eu\/gl\/wp-json\/wp\/v2\/posts\/6016\/revisions\/6022"}],"wp:featuredmedia":[{"embeddable":true,"href":"https:\/\/nicogcasares.eu\/gl\/wp-json\/wp\/v2\/media\/6018"}],"wp:attachment":[{"href":"https:\/\/nicogcasares.eu\/gl\/wp-json\/wp\/v2\/media?parent=6016"}],"wp:term":[{"taxonomy":"category","embeddable":true,"href":"https:\/\/nicogcasares.eu\/gl\/wp-json\/wp\/v2\/categories?post=6016"},{"taxonomy":"post_tag","embeddable":true,"href":"https:\/\/nicogcasares.eu\/gl\/wp-json\/wp\/v2\/tags?post=6016"}],"curies":[{"name":"wp","href":"https:\/\/api.w.org\/{rel}","templated":true}]}}