{"id":6028,"date":"2024-07-18T18:19:16","date_gmt":"2024-07-18T16:19:16","guid":{"rendered":"https:\/\/nicogcasares.eu\/?p=6028"},"modified":"2024-07-18T18:19:17","modified_gmt":"2024-07-18T16:19:17","slug":"nicolas-gonzalez-casares-hoxe-abrimos-unha-lexislatura-crucial-para-o-futuro-de-galicia","status":"publish","type":"post","link":"https:\/\/nicogcasares.eu\/gl\/nicolas-gonzalez-casares-hoxe-abrimos-unha-lexislatura-crucial-para-o-futuro-de-galicia\/","title":{"rendered":"Nicol\u00e1s Gonz\u00e1lez Casares: \u201cHoxe abrimos unha lexislatura crucial para o futuro de Galicia\u201d"},"content":{"rendered":"\n<p class=\"has-black-color has-text-color has-link-color has-medium-font-size wp-elements-e9a2bd0b770faa35c6bd273491e4e4c4\"><strong>O eurodeputado galego considera que o foco na competitividade industrial europea debe servir de panca para o impulso de reindustrializaci\u00f3n verde de Galicia<\/strong><\/p>\n\n\n\n<p class=\"has-black-color has-text-color has-link-color has-medium-font-size wp-elements-9845a0580b2f65d618f32f8fbddc56aa\"><strong>Apoia o compromiso para que haxa un comisario de Pesca espec\u00edfico, tal e como defenderon os socialistas galegos na campa\u00f1a<\/strong><\/p>\n\n\n\n<p class=\"has-medium-font-size\">O eurodeputado socialista galego, Nicol\u00e1s Gonz\u00e1lez Casares, sinalou hoxe que a apertura da X lexislatura do Parlamento Europeo marca o inicio dunha \u201clexislatura crucial para o futuro de Galicia\u201d e considerou que o foco posto na competitividade industrial europea debe permitir impulsar a reindustrializaci\u00f3n verde de Galicia defendida polos socialistas galegos.<\/p>\n\n\n\n<p class=\"has-medium-font-size\">As\u00ed o trasladou Gonz\u00e1lez Casares tras asistir \u00e1 sesi\u00f3n plenaria na que a candidata \u00e1 reelecci\u00f3n como presidenta da Comisi\u00f3n Europea, Ursula Von der Leyen, presentou as s\u00faas orientaci\u00f3ns pol\u00edticas para a nova lexislatura europea, na que puxo o acento na necesidade de impulsar a competitividade e prosperidade europea sobre da base do desenvolvemento sustentable.<\/p>\n\n\n\n<p class=\"has-medium-font-size\">Para Gonz\u00e1lez Casares, o foco na competitividade e sustentabilidade da industria europea e as propostas para impulsar un novo Pacto pola industria limpa ou unha nova Lei de aceleraci\u00f3n da descarbonizaci\u00f3n industrial \u00e9 unha \u201cfiestra aberta\u201d para que floreza a industria verde galega, que conta con \u201cvantaxes competitivas incontestables\u201d en sectores como as enerx\u00edas renovables, a automoci\u00f3n ou a metalurxia.<\/p>\n\n\n\n<p class=\"has-medium-font-size\">O eurodeputado socialista considerou igualmente positivo o compromiso para consagrar na normativa comunitaria os novos obxectivos de descarbonizaci\u00f3n para 2040 no cami\u00f1o para lograr a neutralidade clim\u00e1tica en 2050 e, se ben valorou a defensa do marco desenvolvido na pasada lexislatura ao calor do Pacto Verde, advertiu falta de ambici\u00f3n en materia de sustentabilidade.<\/p>\n\n\n\n<p class=\"has-medium-font-size\">Polo que respecta ao sector primario, Gonz\u00e1lez Casares valorou a aposta por reforzar o di\u00e1logo cos profesionais do sector agrogandeiro e por defender o reforzo da s\u00faa posici\u00f3n para lograr prezos xustos para a produci\u00f3n alimentaria europea. Igualmente, aplaudiu o compromiso para que Europa volva contar cun comisario espec\u00edfico de Pesca, tal e como os socialistas galegos reclamaron e comprometeron na pasada campa\u00f1a das elecci\u00f3ns europeas. \u201cRecuperar esta carteira \u00e9 de sentido com\u00fan dado que unha pol\u00edtica exclusiva da Uni\u00f3n Europea como \u00e9 a pol\u00edtica pesqueira com\u00fan esixe un comisario dedicado a tempo completo a garantir a competitividade, sustentabilidade e futuro do sector\u201d, indicou.<\/p>\n\n\n\n<p class=\"has-medium-font-size\">Con todo, Casares reprochou que, m\u00e1is al\u00e1 deste compromiso, as li\u00f1as pol\u00edticas esbozadas por Ursula Von der Leyen ante o Parlamento Europeo non ofrecen certezas, sen\u00f3n vaguedades, polo que remarcou que os socialistas galegos traballar\u00e1n no Parlamento Europeo para que se reco\u00f1eza o papel que o sector pesqueiro e acu\u00edcola merece \u201cdada a s\u00faa achega clave \u00e1 seguridade alimentaria pero tam\u00e9n en canto \u00e1 xeraci\u00f3n de progreso social e econ\u00f3mico\u201d.<\/p>\n\n\n\n<p class=\"has-medium-font-size\">A este respecto, o eurodeputado galego citou entre as prioridades para a lexislatura neste campo unha revisi\u00f3n da Pol\u00edtica Pesqueira Com\u00fan que devolva o equilibrio \u00e1s s\u00faas tres dimensi\u00f3ns -social, ambiental e econ\u00f3mica-; a esixencia de que as decisi\u00f3ns se baseen en an\u00e1lises de impacto socioecon\u00f3mico serios para evitar decisi\u00f3ns arbitrarias como o peche de \u00e1reas \u00e1 pesca de fondo, ou a protecci\u00f3n do sector marisqueiro en p\u00e9 de igualdade co resto de sectores pesqueiros, pero tam\u00e9n destinando recursos para estudar as causas detr\u00e1s da perda de produtividade das nosas r\u00edas.<\/p>\n","protected":false},"excerpt":{"rendered":"<p>O eurodeputado galego considera que o foco na competitividade industrial europea debe servir de panca para o impulso de reindustrializaci\u00f3n verde de Galicia<\/p>\n","protected":false},"author":4,"featured_media":6029,"comment_status":"closed","ping_status":"closed","sticky":true,"template":"","format":"gallery","meta":{"footnotes":""},"categories":[2,27,26,24,20,22],"tags":[164,355,80,73,626],"yoast_head":"<!-- This site is optimized with the Yoast SEO plugin v22.3 - https:\/\/yoast.com\/wordpress\/plugins\/seo\/ -->\n<title>Nicol\u00e1s Gonz\u00e1lez Casares: \u201cHoxe abrimos unha lexislatura crucial para o futuro de Galicia\u201d - Nico G. Casares<\/title>\n<meta name=\"description\" content=\"Casares considera que o foco na competitividade industrial europea debe servir de panca para o impulso de reindustrializaci\u00f3n de Galicia\" \/>\n<meta name=\"robots\" content=\"index, follow, max-snippet:-1, max-image-preview:large, max-video-preview:-1\" \/>\n<link rel=\"canonical\" href=\"https:\/\/nicogcasares.eu\/gl\/nicolas-gonzalez-casares-hoxe-abrimos-unha-lexislatura-crucial-para-o-futuro-de-galicia\/\" \/>\n<meta property=\"og:locale\" content=\"gl_ES\" \/>\n<meta property=\"og:type\" content=\"article\" \/>\n<meta property=\"og:title\" content=\"\u201cHoxe abrimos unha lexislatura crucial para o futuro de Galicia\u201d\" \/>\n<meta property=\"og:description\" content=\"O eurodeputado galego considera que o foco na competitividade industrial europea debe servir de panca para o impulso de reindustrializaci\u00f3n verde de GaliciaApoia o compromiso para que haxa un comisario de Pesca espec\u00edfico, tal e como defenderon os socialistas galegos na campa\u00f1a\" \/>\n<meta property=\"og:url\" content=\"https:\/\/nicogcasares.eu\/gl\/nicolas-gonzalez-casares-hoxe-abrimos-unha-lexislatura-crucial-para-o-futuro-de-galicia\/\" \/>\n<meta property=\"og:site_name\" content=\"Nico G. Casares\" \/>\n<meta property=\"article:published_time\" content=\"2024-07-18T16:19:16+00:00\" \/>\n<meta property=\"article:modified_time\" content=\"2024-07-18T16:19:17+00:00\" \/>\n<meta property=\"og:image\" content=\"https:\/\/nicogcasares.eu\/wp-content\/uploads\/2024\/07\/WhatsApp-Image-2024-07-16-at-12.25.19-scaled.jpeg\" \/>\n\t<meta property=\"og:image:width\" content=\"2560\" \/>\n\t<meta property=\"og:image:height\" content=\"1327\" \/>\n\t<meta property=\"og:image:type\" content=\"image\/jpeg\" \/>\n<meta name=\"author\" content=\"Nicol\u00e1s Gonz\u00e1lez Casares\" \/>\n<meta name=\"twitter:card\" content=\"summary_large_image\" \/>\n<meta name=\"twitter:title\" content=\"\u201cHoxe abrimos unha lexislatura crucial para o futuro de Galicia\u201d\" \/>\n<meta name=\"twitter:description\" content=\"O eurodeputado galego considera que o foco na competitividade industrial europea debe servir de panca para o impulso de reindustrializaci\u00f3n verde de GaliciaApoia o compromiso para que haxa un comisario de Pesca espec\u00edfico, tal e como defenderon os socialistas galegos na campa\u00f1a\" \/>\n<meta name=\"twitter:image\" content=\"https:\/\/nicogcasares.eu\/wp-content\/uploads\/2024\/07\/WhatsApp-Image-2024-07-16-at-12.25.19-scaled.jpeg\" \/>\n<meta name=\"twitter:creator\" content=\"@nicogoncas\" \/>\n<meta name=\"twitter:site\" content=\"@nicogoncas\" \/>\n<meta name=\"twitter:label1\" content=\"Escrito por\" \/>\n\t<meta name=\"twitter:data1\" content=\"Nicol\u00e1s Gonz\u00e1lez Casares\" \/>\n\t<meta name=\"twitter:label2\" content=\"Tempo de lectura\" \/>\n\t<meta name=\"twitter:data2\" content=\"3 minutos\" \/>\n<script type=\"application\/ld+json\" class=\"yoast-schema-graph\">{\"@context\":\"https:\/\/schema.org\",\"@graph\":[{\"@type\":\"Article\",\"@id\":\"https:\/\/nicogcasares.eu\/gl\/nicolas-gonzalez-casares-hoxe-abrimos-unha-lexislatura-crucial-para-o-futuro-de-galicia\/#article\",\"isPartOf\":{\"@id\":\"https:\/\/nicogcasares.eu\/gl\/nicolas-gonzalez-casares-hoxe-abrimos-unha-lexislatura-crucial-para-o-futuro-de-galicia\/\"},\"author\":{\"name\":\"Nicol\u00e1s Gonz\u00e1lez Casares\",\"@id\":\"https:\/\/nicogcasares.eu\/gl\/#\/schema\/person\/75361477143e596646d48598a3778163\"},\"headline\":\"Nicol\u00e1s Gonz\u00e1lez Casares: \u201cHoxe abrimos unha lexislatura crucial para o futuro de Galicia\u201d\",\"datePublished\":\"2024-07-18T16:19:16+00:00\",\"dateModified\":\"2024-07-18T16:19:17+00:00\",\"mainEntityOfPage\":{\"@id\":\"https:\/\/nicogcasares.eu\/gl\/nicolas-gonzalez-casares-hoxe-abrimos-unha-lexislatura-crucial-para-o-futuro-de-galicia\/\"},\"wordCount\":593,\"publisher\":{\"@id\":\"https:\/\/nicogcasares.eu\/gl\/#\/schema\/person\/75361477143e596646d48598a3778163\"},\"image\":{\"@id\":\"https:\/\/nicogcasares.eu\/gl\/nicolas-gonzalez-casares-hoxe-abrimos-unha-lexislatura-crucial-para-o-futuro-de-galicia\/#primaryimage\"},\"thumbnailUrl\":\"https:\/\/nicogcasares.eu\/wp-content\/uploads\/2024\/07\/WhatsApp-Image-2024-07-16-at-12.25.19-scaled.jpeg\",\"keywords\":[\"Energ\u00eda\",\"Nicol\u00e1s Gonz\u00e1lez Casares\",\"Parlamento Europeo\",\"Uni\u00f3n Europea\",\"von der leyen\"],\"articleSection\":[\"Actividad\",\"Energ\u00eda\",\"Industria\",\"Medioambiente\",\"Noticias\",\"Pesca\"],\"inLanguage\":\"gl-ES\"},{\"@type\":\"WebPage\",\"@id\":\"https:\/\/nicogcasares.eu\/gl\/nicolas-gonzalez-casares-hoxe-abrimos-unha-lexislatura-crucial-para-o-futuro-de-galicia\/\",\"url\":\"https:\/\/nicogcasares.eu\/gl\/nicolas-gonzalez-casares-hoxe-abrimos-unha-lexislatura-crucial-para-o-futuro-de-galicia\/\",\"name\":\"Nicol\u00e1s Gonz\u00e1lez Casares: \u201cHoxe abrimos unha lexislatura crucial para o futuro de Galicia\u201d - Nico G. Casares\",\"isPartOf\":{\"@id\":\"https:\/\/nicogcasares.eu\/gl\/#website\"},\"primaryImageOfPage\":{\"@id\":\"https:\/\/nicogcasares.eu\/gl\/nicolas-gonzalez-casares-hoxe-abrimos-unha-lexislatura-crucial-para-o-futuro-de-galicia\/#primaryimage\"},\"image\":{\"@id\":\"https:\/\/nicogcasares.eu\/gl\/nicolas-gonzalez-casares-hoxe-abrimos-unha-lexislatura-crucial-para-o-futuro-de-galicia\/#primaryimage\"},\"thumbnailUrl\":\"https:\/\/nicogcasares.eu\/wp-content\/uploads\/2024\/07\/WhatsApp-Image-2024-07-16-at-12.25.19-scaled.jpeg\",\"datePublished\":\"2024-07-18T16:19:16+00:00\",\"dateModified\":\"2024-07-18T16:19:17+00:00\",\"description\":\"Casares considera que o foco na competitividade industrial europea debe servir de panca para o impulso de reindustrializaci\u00f3n de Galicia\",\"breadcrumb\":{\"@id\":\"https:\/\/nicogcasares.eu\/gl\/nicolas-gonzalez-casares-hoxe-abrimos-unha-lexislatura-crucial-para-o-futuro-de-galicia\/#breadcrumb\"},\"inLanguage\":\"gl-ES\",\"potentialAction\":[{\"@type\":\"ReadAction\",\"target\":[\"https:\/\/nicogcasares.eu\/gl\/nicolas-gonzalez-casares-hoxe-abrimos-unha-lexislatura-crucial-para-o-futuro-de-galicia\/\"]}]},{\"@type\":\"ImageObject\",\"inLanguage\":\"gl-ES\",\"@id\":\"https:\/\/nicogcasares.eu\/gl\/nicolas-gonzalez-casares-hoxe-abrimos-unha-lexislatura-crucial-para-o-futuro-de-galicia\/#primaryimage\",\"url\":\"https:\/\/nicogcasares.eu\/wp-content\/uploads\/2024\/07\/WhatsApp-Image-2024-07-16-at-12.25.19-scaled.jpeg\",\"contentUrl\":\"https:\/\/nicogcasares.eu\/wp-content\/uploads\/2024\/07\/WhatsApp-Image-2024-07-16-at-12.25.19-scaled.jpeg\",\"width\":2560,\"height\":1327,\"caption\":\"Nicolas G Casares en el primer dia de esta legislatura\"},{\"@type\":\"BreadcrumbList\",\"@id\":\"https:\/\/nicogcasares.eu\/gl\/nicolas-gonzalez-casares-hoxe-abrimos-unha-lexislatura-crucial-para-o-futuro-de-galicia\/#breadcrumb\",\"itemListElement\":[{\"@type\":\"ListItem\",\"position\":1,\"name\":\"Portada\",\"item\":\"https:\/\/nicogcasares.eu\/gl\/\"},{\"@type\":\"ListItem\",\"position\":2,\"name\":\"Nicol\u00e1s Gonz\u00e1lez Casares: \u201cHoxe abrimos unha lexislatura crucial para o futuro de Galicia\u201d\"}]},{\"@type\":\"WebSite\",\"@id\":\"https:\/\/nicogcasares.eu\/gl\/#website\",\"url\":\"https:\/\/nicogcasares.eu\/gl\/\",\"name\":\"Nico G. Casares\",\"description\":\"Diputado socialista en el parlamento europeo\",\"publisher\":{\"@id\":\"https:\/\/nicogcasares.eu\/gl\/#\/schema\/person\/75361477143e596646d48598a3778163\"},\"potentialAction\":[{\"@type\":\"SearchAction\",\"target\":{\"@type\":\"EntryPoint\",\"urlTemplate\":\"https:\/\/nicogcasares.eu\/gl\/?s={search_term_string}\"},\"query-input\":\"required name=search_term_string\"}],\"inLanguage\":\"gl-ES\"},{\"@type\":[\"Person\",\"Organization\"],\"@id\":\"https:\/\/nicogcasares.eu\/gl\/#\/schema\/person\/75361477143e596646d48598a3778163\",\"name\":\"Nicol\u00e1s Gonz\u00e1lez Casares\",\"image\":{\"@type\":\"ImageObject\",\"inLanguage\":\"gl-ES\",\"@id\":\"https:\/\/nicogcasares.eu\/gl\/#\/schema\/person\/image\/\",\"url\":\"https:\/\/nicogcasares.eu\/wp-content\/uploads\/2021\/11\/20211006_EP-119139A_FMA_0895_RESIZED_S.jpg\",\"contentUrl\":\"https:\/\/nicogcasares.eu\/wp-content\/uploads\/2021\/11\/20211006_EP-119139A_FMA_0895_RESIZED_S.jpg\",\"width\":639,\"height\":426,\"caption\":\"Nicol\u00e1s Gonz\u00e1lez Casares\"},\"logo\":{\"@id\":\"https:\/\/nicogcasares.eu\/gl\/#\/schema\/person\/image\/\"},\"url\":\"https:\/\/nicogcasares.eu\/gl\/author\/nico\/\"}]}<\/script>\n<!-- \/ Yoast SEO plugin. -->","yoast_head_json":{"title":"Nicol\u00e1s Gonz\u00e1lez Casares: \u201cHoxe abrimos unha lexislatura crucial para o futuro de Galicia\u201d - Nico G. Casares","description":"Casares considera que o foco na competitividade industrial europea debe servir de panca para o impulso de reindustrializaci\u00f3n de Galicia","robots":{"index":"index","follow":"follow","max-snippet":"max-snippet:-1","max-image-preview":"max-image-preview:large","max-video-preview":"max-video-preview:-1"},"canonical":"https:\/\/nicogcasares.eu\/gl\/nicolas-gonzalez-casares-hoxe-abrimos-unha-lexislatura-crucial-para-o-futuro-de-galicia\/","og_locale":"gl_ES","og_type":"article","og_title":"\u201cHoxe abrimos unha lexislatura crucial para o futuro de Galicia\u201d","og_description":"O eurodeputado galego considera que o foco na competitividade industrial europea debe servir de panca para o impulso de reindustrializaci\u00f3n verde de GaliciaApoia o compromiso para que haxa un comisario de Pesca espec\u00edfico, tal e como defenderon os socialistas galegos na campa\u00f1a","og_url":"https:\/\/nicogcasares.eu\/gl\/nicolas-gonzalez-casares-hoxe-abrimos-unha-lexislatura-crucial-para-o-futuro-de-galicia\/","og_site_name":"Nico G. Casares","article_published_time":"2024-07-18T16:19:16+00:00","article_modified_time":"2024-07-18T16:19:17+00:00","og_image":[{"width":2560,"height":1327,"url":"https:\/\/nicogcasares.eu\/wp-content\/uploads\/2024\/07\/WhatsApp-Image-2024-07-16-at-12.25.19-scaled.jpeg","type":"image\/jpeg"}],"author":"Nicol\u00e1s Gonz\u00e1lez Casares","twitter_card":"summary_large_image","twitter_title":"\u201cHoxe abrimos unha lexislatura crucial para o futuro de Galicia\u201d","twitter_description":"O eurodeputado galego considera que o foco na competitividade industrial europea debe servir de panca para o impulso de reindustrializaci\u00f3n verde de GaliciaApoia o compromiso para que haxa un comisario de Pesca espec\u00edfico, tal e como defenderon os socialistas galegos na campa\u00f1a","twitter_image":"https:\/\/nicogcasares.eu\/wp-content\/uploads\/2024\/07\/WhatsApp-Image-2024-07-16-at-12.25.19-scaled.jpeg","twitter_creator":"@nicogoncas","twitter_site":"@nicogoncas","twitter_misc":{"Escrito por":"Nicol\u00e1s Gonz\u00e1lez Casares","Tempo de lectura":"3 minutos"},"schema":{"@context":"https:\/\/schema.org","@graph":[{"@type":"Article","@id":"https:\/\/nicogcasares.eu\/gl\/nicolas-gonzalez-casares-hoxe-abrimos-unha-lexislatura-crucial-para-o-futuro-de-galicia\/#article","isPartOf":{"@id":"https:\/\/nicogcasares.eu\/gl\/nicolas-gonzalez-casares-hoxe-abrimos-unha-lexislatura-crucial-para-o-futuro-de-galicia\/"},"author":{"name":"Nicol\u00e1s Gonz\u00e1lez Casares","@id":"https:\/\/nicogcasares.eu\/gl\/#\/schema\/person\/75361477143e596646d48598a3778163"},"headline":"Nicol\u00e1s Gonz\u00e1lez Casares: \u201cHoxe abrimos unha lexislatura crucial para o futuro de Galicia\u201d","datePublished":"2024-07-18T16:19:16+00:00","dateModified":"2024-07-18T16:19:17+00:00","mainEntityOfPage":{"@id":"https:\/\/nicogcasares.eu\/gl\/nicolas-gonzalez-casares-hoxe-abrimos-unha-lexislatura-crucial-para-o-futuro-de-galicia\/"},"wordCount":593,"publisher":{"@id":"https:\/\/nicogcasares.eu\/gl\/#\/schema\/person\/75361477143e596646d48598a3778163"},"image":{"@id":"https:\/\/nicogcasares.eu\/gl\/nicolas-gonzalez-casares-hoxe-abrimos-unha-lexislatura-crucial-para-o-futuro-de-galicia\/#primaryimage"},"thumbnailUrl":"https:\/\/nicogcasares.eu\/wp-content\/uploads\/2024\/07\/WhatsApp-Image-2024-07-16-at-12.25.19-scaled.jpeg","keywords":["Energ\u00eda","Nicol\u00e1s Gonz\u00e1lez Casares","Parlamento Europeo","Uni\u00f3n Europea","von der leyen"],"articleSection":["Actividad","Energ\u00eda","Industria","Medioambiente","Noticias","Pesca"],"inLanguage":"gl-ES"},{"@type":"WebPage","@id":"https:\/\/nicogcasares.eu\/gl\/nicolas-gonzalez-casares-hoxe-abrimos-unha-lexislatura-crucial-para-o-futuro-de-galicia\/","url":"https:\/\/nicogcasares.eu\/gl\/nicolas-gonzalez-casares-hoxe-abrimos-unha-lexislatura-crucial-para-o-futuro-de-galicia\/","name":"Nicol\u00e1s Gonz\u00e1lez Casares: \u201cHoxe abrimos unha lexislatura crucial para o futuro de Galicia\u201d - Nico G. Casares","isPartOf":{"@id":"https:\/\/nicogcasares.eu\/gl\/#website"},"primaryImageOfPage":{"@id":"https:\/\/nicogcasares.eu\/gl\/nicolas-gonzalez-casares-hoxe-abrimos-unha-lexislatura-crucial-para-o-futuro-de-galicia\/#primaryimage"},"image":{"@id":"https:\/\/nicogcasares.eu\/gl\/nicolas-gonzalez-casares-hoxe-abrimos-unha-lexislatura-crucial-para-o-futuro-de-galicia\/#primaryimage"},"thumbnailUrl":"https:\/\/nicogcasares.eu\/wp-content\/uploads\/2024\/07\/WhatsApp-Image-2024-07-16-at-12.25.19-scaled.jpeg","datePublished":"2024-07-18T16:19:16+00:00","dateModified":"2024-07-18T16:19:17+00:00","description":"Casares considera que o foco na competitividade industrial europea debe servir de panca para o impulso de reindustrializaci\u00f3n de Galicia","breadcrumb":{"@id":"https:\/\/nicogcasares.eu\/gl\/nicolas-gonzalez-casares-hoxe-abrimos-unha-lexislatura-crucial-para-o-futuro-de-galicia\/#breadcrumb"},"inLanguage":"gl-ES","potentialAction":[{"@type":"ReadAction","target":["https:\/\/nicogcasares.eu\/gl\/nicolas-gonzalez-casares-hoxe-abrimos-unha-lexislatura-crucial-para-o-futuro-de-galicia\/"]}]},{"@type":"ImageObject","inLanguage":"gl-ES","@id":"https:\/\/nicogcasares.eu\/gl\/nicolas-gonzalez-casares-hoxe-abrimos-unha-lexislatura-crucial-para-o-futuro-de-galicia\/#primaryimage","url":"https:\/\/nicogcasares.eu\/wp-content\/uploads\/2024\/07\/WhatsApp-Image-2024-07-16-at-12.25.19-scaled.jpeg","contentUrl":"https:\/\/nicogcasares.eu\/wp-content\/uploads\/2024\/07\/WhatsApp-Image-2024-07-16-at-12.25.19-scaled.jpeg","width":2560,"height":1327,"caption":"Nicolas G Casares en el primer dia de esta legislatura"},{"@type":"BreadcrumbList","@id":"https:\/\/nicogcasares.eu\/gl\/nicolas-gonzalez-casares-hoxe-abrimos-unha-lexislatura-crucial-para-o-futuro-de-galicia\/#breadcrumb","itemListElement":[{"@type":"ListItem","position":1,"name":"Portada","item":"https:\/\/nicogcasares.eu\/gl\/"},{"@type":"ListItem","position":2,"name":"Nicol\u00e1s Gonz\u00e1lez Casares: \u201cHoxe abrimos unha lexislatura crucial para o futuro de Galicia\u201d"}]},{"@type":"WebSite","@id":"https:\/\/nicogcasares.eu\/gl\/#website","url":"https:\/\/nicogcasares.eu\/gl\/","name":"Nico G. Casares","description":"Diputado socialista en el parlamento europeo","publisher":{"@id":"https:\/\/nicogcasares.eu\/gl\/#\/schema\/person\/75361477143e596646d48598a3778163"},"potentialAction":[{"@type":"SearchAction","target":{"@type":"EntryPoint","urlTemplate":"https:\/\/nicogcasares.eu\/gl\/?s={search_term_string}"},"query-input":"required name=search_term_string"}],"inLanguage":"gl-ES"},{"@type":["Person","Organization"],"@id":"https:\/\/nicogcasares.eu\/gl\/#\/schema\/person\/75361477143e596646d48598a3778163","name":"Nicol\u00e1s Gonz\u00e1lez Casares","image":{"@type":"ImageObject","inLanguage":"gl-ES","@id":"https:\/\/nicogcasares.eu\/gl\/#\/schema\/person\/image\/","url":"https:\/\/nicogcasares.eu\/wp-content\/uploads\/2021\/11\/20211006_EP-119139A_FMA_0895_RESIZED_S.jpg","contentUrl":"https:\/\/nicogcasares.eu\/wp-content\/uploads\/2021\/11\/20211006_EP-119139A_FMA_0895_RESIZED_S.jpg","width":639,"height":426,"caption":"Nicol\u00e1s Gonz\u00e1lez Casares"},"logo":{"@id":"https:\/\/nicogcasares.eu\/gl\/#\/schema\/person\/image\/"},"url":"https:\/\/nicogcasares.eu\/gl\/author\/nico\/"}]}},"_links":{"self":[{"href":"https:\/\/nicogcasares.eu\/gl\/wp-json\/wp\/v2\/posts\/6028"}],"collection":[{"href":"https:\/\/nicogcasares.eu\/gl\/wp-json\/wp\/v2\/posts"}],"about":[{"href":"https:\/\/nicogcasares.eu\/gl\/wp-json\/wp\/v2\/types\/post"}],"author":[{"embeddable":true,"href":"https:\/\/nicogcasares.eu\/gl\/wp-json\/wp\/v2\/users\/4"}],"replies":[{"embeddable":true,"href":"https:\/\/nicogcasares.eu\/gl\/wp-json\/wp\/v2\/comments?post=6028"}],"version-history":[{"count":1,"href":"https:\/\/nicogcasares.eu\/gl\/wp-json\/wp\/v2\/posts\/6028\/revisions"}],"predecessor-version":[{"id":6032,"href":"https:\/\/nicogcasares.eu\/gl\/wp-json\/wp\/v2\/posts\/6028\/revisions\/6032"}],"wp:featuredmedia":[{"embeddable":true,"href":"https:\/\/nicogcasares.eu\/gl\/wp-json\/wp\/v2\/media\/6029"}],"wp:attachment":[{"href":"https:\/\/nicogcasares.eu\/gl\/wp-json\/wp\/v2\/media?parent=6028"}],"wp:term":[{"taxonomy":"category","embeddable":true,"href":"https:\/\/nicogcasares.eu\/gl\/wp-json\/wp\/v2\/categories?post=6028"},{"taxonomy":"post_tag","embeddable":true,"href":"https:\/\/nicogcasares.eu\/gl\/wp-json\/wp\/v2\/tags?post=6028"}],"curies":[{"name":"wp","href":"https:\/\/api.w.org\/{rel}","templated":true}]}}