{"id":8997,"date":"2026-03-13T17:57:00","date_gmt":"2026-03-13T15:57:00","guid":{"rendered":"https:\/\/nicogcasares.eu\/europa-entra-en-las-aulas-del-cep-plurilingue-de-riomaior-de-la-mano-del-eurodiputado-nicolas-gonzalez-casares\/"},"modified":"2026-03-13T17:59:33","modified_gmt":"2026-03-13T15:59:33","slug":"europa-entra-en-las-aulas-del-cep-plurilingue-de-riomaior-de-la-mano-del-eurodiputado-nicolas-gonzalez-casares","status":"publish","type":"post","link":"https:\/\/nicogcasares.eu\/gl\/europa-entra-en-las-aulas-del-cep-plurilingue-de-riomaior-de-la-mano-del-eurodiputado-nicolas-gonzalez-casares\/","title":{"rendered":"Europa entra nas aulas do CEP Pluriling\u00fce de Riomaior da man do eurodeputado Nicol\u00e1s Gonz\u00e1lez Casares"},"content":{"rendered":"\n<p><strong>O socialista compartiu co alumnado de 5\u00ba e 6\u00ba de Primaria o seu labor no Parlamento Europeo<\/strong><\/p>\n\n\n\n<p>O eurodeputado <strong>Nicol\u00e1s Gonz\u00e1lez Casares<\/strong> visitou esta ma\u00f1\u00e1 o <strong>CEP Pluriling\u00fce de Riomaior<\/strong>, en Vilaboa, onde mantivo un encontro co alumnado de <strong>5\u00ba e 6\u00ba de Educaci\u00f3n Primaria<\/strong> para achegarlles a Uni\u00f3n Europea e explicarlles en que consiste o seu traballo como membro do Parlamento Europeo.<\/p>\n\n\n\n<p>Durante a visita, conducida pola directora do centro, <strong>Carmen Negro<\/strong>, e na que tam\u00e9n participou o alcalde de Vilaboa, <strong>C\u00e9sar Poza<\/strong>, Gonz\u00e1lez Casares explicou, de maneira pr\u00f3xima e moi did\u00e1ctica, como funciona a Uni\u00f3n Europea e cal \u00e9 o labor dun eurodeputado. Tam\u00e9n lles contou como foi o seu cami\u00f1o persoal e profesional ata chegar ao Parlamento Europeo e compartiu con eles aspectos da s\u00faa formaci\u00f3n e da s\u00faa vida entre Galicia, Bruxelas e Estrasburgo.<\/p>\n\n\n\n<p>O encontro desenvolveuse nun ambiente participativo no que a rapazada amosou unha gran curiosidade polo funcionamento das instituci\u00f3ns europeas e polo traballo do pol\u00edtico. As\u00ed mesmo, Casares tam\u00e9n puido participar no <strong>podcast do centro \u2018Cobres nas ondas\u2019<\/strong> e asinar no seu Libro de Honra.<\/p>\n\n\n\n<p>\u201cFoi unha visita moi proveitosa. Paseino moi ben compartindo coa rapazada o meu traballo no Parlamento Europeo e respondendo \u00e1s s\u00faas preguntas. Atopeime cuns nenos e unhas nenas con moitas inquedanzas\u201d, sinalou.<\/p>\n\n\n\n<p>O encontro forma parte do traballo de divulgaci\u00f3n que Gonz\u00e1lez Casares desenvolve para <strong>achegar o proxecto europeo \u00e1 xuventude<\/strong>, explicando como funcionan as instituci\u00f3ns da UE e o impacto que te\u00f1en no seu d\u00eda a d\u00eda.<\/p>\n","protected":false},"excerpt":{"rendered":"<p>O socialista compartiu co alumnado de 5\u00ba e 6\u00ba de Primaria o seu labor no Parlamento Europeo<\/p>\n","protected":false},"author":4,"featured_media":8993,"comment_status":"closed","ping_status":"closed","sticky":true,"template":"","format":"standard","meta":{"footnotes":""},"categories":[34,32],"tags":[369,84,833,230,76,834],"yoast_head":"<!-- This site is optimized with the Yoast SEO plugin v22.3 - https:\/\/yoast.com\/wordpress\/plugins\/seo\/ -->\n<title>Europa entra nas aulas do CEP Pluriling\u00fce de Riomaior da man do eurodeputado Nicol\u00e1s Gonz\u00e1lez Casares - Nico G. Casares<\/title>\n<meta name=\"description\" content=\"Europa entra nas aulas do CEP Pluriling\u00fce de Riomaior con Nicol\u00e1s Gonz\u00e1lez Casares\" \/>\n<meta name=\"robots\" content=\"index, follow, max-snippet:-1, max-image-preview:large, max-video-preview:-1\" \/>\n<link rel=\"canonical\" href=\"https:\/\/nicogcasares.eu\/gl\/europa-entra-en-las-aulas-del-cep-plurilingue-de-riomaior-de-la-mano-del-eurodiputado-nicolas-gonzalez-casares\/\" \/>\n<meta property=\"og:locale\" content=\"gl_ES\" \/>\n<meta property=\"og:type\" content=\"article\" \/>\n<meta property=\"og:title\" content=\"Europa entra nas aulas do CEP Pluriling\u00fce de Riomaior da man do eurodeputado Nicol\u00e1s Gonz\u00e1lez Casares\" \/>\n<meta property=\"og:description\" content=\"O socialista compartiu co alumnado de 5\u00ba e 6\u00ba de Primaria o seu labor no Parlamento Europeo\" \/>\n<meta property=\"og:url\" content=\"https:\/\/nicogcasares.eu\/gl\/europa-entra-en-las-aulas-del-cep-plurilingue-de-riomaior-de-la-mano-del-eurodiputado-nicolas-gonzalez-casares\/\" \/>\n<meta property=\"og:site_name\" content=\"Nico G. Casares\" \/>\n<meta property=\"article:published_time\" content=\"2026-03-13T15:57:00+00:00\" \/>\n<meta property=\"article:modified_time\" content=\"2026-03-13T15:59:33+00:00\" \/>\n<meta property=\"og:image\" content=\"https:\/\/nicogcasares.eu\/wp-content\/uploads\/2026\/03\/CEP-Plurilingue-de-Riomaior-2-1024x703.jpeg\" \/>\n<meta name=\"author\" content=\"Nicol\u00e1s Gonz\u00e1lez Casares\" \/>\n<meta name=\"twitter:card\" content=\"summary_large_image\" \/>\n<meta name=\"twitter:title\" content=\"Europa entra nas aulas do CEP Pluriling\u00fce de Riomaior da man do eurodeputado Nicol\u00e1s Gonz\u00e1lez Casares\" \/>\n<meta name=\"twitter:description\" content=\"O socialista compartiu co alumnado de 5\u00ba e 6\u00ba de Primaria o seu labor no Parlamento Europeo\" \/>\n<meta name=\"twitter:image\" content=\"https:\/\/nicogcasares.eu\/wp-content\/uploads\/2026\/03\/CEP-Plurilingue-de-Riomaior-2-1024x703.jpeg\" \/>\n<meta name=\"twitter:creator\" content=\"@nicogoncas\" \/>\n<meta name=\"twitter:site\" content=\"@nicogoncas\" \/>\n<meta name=\"twitter:label1\" content=\"Escrito por\" \/>\n\t<meta name=\"twitter:data1\" content=\"Nicol\u00e1s Gonz\u00e1lez Casares\" \/>\n\t<meta name=\"twitter:label2\" content=\"Tempo de lectura\" \/>\n\t<meta name=\"twitter:data2\" content=\"2 minutos\" \/>\n<script type=\"application\/ld+json\" class=\"yoast-schema-graph\">{\"@context\":\"https:\/\/schema.org\",\"@graph\":[{\"@type\":\"Article\",\"@id\":\"https:\/\/nicogcasares.eu\/gl\/europa-entra-en-las-aulas-del-cep-plurilingue-de-riomaior-de-la-mano-del-eurodiputado-nicolas-gonzalez-casares\/#article\",\"isPartOf\":{\"@id\":\"https:\/\/nicogcasares.eu\/gl\/europa-entra-en-las-aulas-del-cep-plurilingue-de-riomaior-de-la-mano-del-eurodiputado-nicolas-gonzalez-casares\/\"},\"author\":{\"name\":\"Nicol\u00e1s Gonz\u00e1lez Casares\",\"@id\":\"https:\/\/nicogcasares.eu\/gl\/#\/schema\/person\/75361477143e596646d48598a3778163\"},\"headline\":\"Europa entra nas aulas do CEP Pluriling\u00fce de Riomaior da man do eurodeputado Nicol\u00e1s Gonz\u00e1lez Casares\",\"datePublished\":\"2026-03-13T15:57:00+00:00\",\"dateModified\":\"2026-03-13T15:59:33+00:00\",\"mainEntityOfPage\":{\"@id\":\"https:\/\/nicogcasares.eu\/gl\/europa-entra-en-las-aulas-del-cep-plurilingue-de-riomaior-de-la-mano-del-eurodiputado-nicolas-gonzalez-casares\/\"},\"wordCount\":289,\"publisher\":{\"@id\":\"https:\/\/nicogcasares.eu\/gl\/#\/schema\/person\/75361477143e596646d48598a3778163\"},\"image\":{\"@id\":\"https:\/\/nicogcasares.eu\/gl\/europa-entra-en-las-aulas-del-cep-plurilingue-de-riomaior-de-la-mano-del-eurodiputado-nicolas-gonzalez-casares\/#primaryimage\"},\"thumbnailUrl\":\"https:\/\/nicogcasares.eu\/wp-content\/uploads\/2026\/03\/CEP-Plurilingue-de-Riomaior-2.jpeg\",\"keywords\":[\"Nicol\u00e1s Gonz\u00e1lez Casares\",\"Parlamento Europeo\",\"Pontevedra\",\"UE\",\"Uni\u00f3n Europea\",\"Vilaboa\"],\"articleSection\":[\"Actividade\",\"Novas\"],\"inLanguage\":\"gl-ES\"},{\"@type\":\"WebPage\",\"@id\":\"https:\/\/nicogcasares.eu\/gl\/europa-entra-en-las-aulas-del-cep-plurilingue-de-riomaior-de-la-mano-del-eurodiputado-nicolas-gonzalez-casares\/\",\"url\":\"https:\/\/nicogcasares.eu\/gl\/europa-entra-en-las-aulas-del-cep-plurilingue-de-riomaior-de-la-mano-del-eurodiputado-nicolas-gonzalez-casares\/\",\"name\":\"Europa entra nas aulas do CEP Pluriling\u00fce de Riomaior da man do eurodeputado Nicol\u00e1s Gonz\u00e1lez Casares - Nico G. Casares\",\"isPartOf\":{\"@id\":\"https:\/\/nicogcasares.eu\/gl\/#website\"},\"primaryImageOfPage\":{\"@id\":\"https:\/\/nicogcasares.eu\/gl\/europa-entra-en-las-aulas-del-cep-plurilingue-de-riomaior-de-la-mano-del-eurodiputado-nicolas-gonzalez-casares\/#primaryimage\"},\"image\":{\"@id\":\"https:\/\/nicogcasares.eu\/gl\/europa-entra-en-las-aulas-del-cep-plurilingue-de-riomaior-de-la-mano-del-eurodiputado-nicolas-gonzalez-casares\/#primaryimage\"},\"thumbnailUrl\":\"https:\/\/nicogcasares.eu\/wp-content\/uploads\/2026\/03\/CEP-Plurilingue-de-Riomaior-2.jpeg\",\"datePublished\":\"2026-03-13T15:57:00+00:00\",\"dateModified\":\"2026-03-13T15:59:33+00:00\",\"description\":\"Europa entra nas aulas do CEP Pluriling\u00fce de Riomaior con Nicol\u00e1s Gonz\u00e1lez Casares\",\"breadcrumb\":{\"@id\":\"https:\/\/nicogcasares.eu\/gl\/europa-entra-en-las-aulas-del-cep-plurilingue-de-riomaior-de-la-mano-del-eurodiputado-nicolas-gonzalez-casares\/#breadcrumb\"},\"inLanguage\":\"gl-ES\",\"potentialAction\":[{\"@type\":\"ReadAction\",\"target\":[\"https:\/\/nicogcasares.eu\/gl\/europa-entra-en-las-aulas-del-cep-plurilingue-de-riomaior-de-la-mano-del-eurodiputado-nicolas-gonzalez-casares\/\"]}]},{\"@type\":\"ImageObject\",\"inLanguage\":\"gl-ES\",\"@id\":\"https:\/\/nicogcasares.eu\/gl\/europa-entra-en-las-aulas-del-cep-plurilingue-de-riomaior-de-la-mano-del-eurodiputado-nicolas-gonzalez-casares\/#primaryimage\",\"url\":\"https:\/\/nicogcasares.eu\/wp-content\/uploads\/2026\/03\/CEP-Plurilingue-de-Riomaior-2.jpeg\",\"contentUrl\":\"https:\/\/nicogcasares.eu\/wp-content\/uploads\/2026\/03\/CEP-Plurilingue-de-Riomaior-2.jpeg\",\"width\":1432,\"height\":983},{\"@type\":\"BreadcrumbList\",\"@id\":\"https:\/\/nicogcasares.eu\/gl\/europa-entra-en-las-aulas-del-cep-plurilingue-de-riomaior-de-la-mano-del-eurodiputado-nicolas-gonzalez-casares\/#breadcrumb\",\"itemListElement\":[{\"@type\":\"ListItem\",\"position\":1,\"name\":\"Portada\",\"item\":\"https:\/\/nicogcasares.eu\/gl\/\"},{\"@type\":\"ListItem\",\"position\":2,\"name\":\"Europa entra nas aulas do CEP Pluriling\u00fce de Riomaior da man do eurodeputado Nicol\u00e1s Gonz\u00e1lez Casares\"}]},{\"@type\":\"WebSite\",\"@id\":\"https:\/\/nicogcasares.eu\/gl\/#website\",\"url\":\"https:\/\/nicogcasares.eu\/gl\/\",\"name\":\"Nico G. Casares\",\"description\":\"Diputado socialista en el parlamento europeo\",\"publisher\":{\"@id\":\"https:\/\/nicogcasares.eu\/gl\/#\/schema\/person\/75361477143e596646d48598a3778163\"},\"potentialAction\":[{\"@type\":\"SearchAction\",\"target\":{\"@type\":\"EntryPoint\",\"urlTemplate\":\"https:\/\/nicogcasares.eu\/gl\/?s={search_term_string}\"},\"query-input\":\"required name=search_term_string\"}],\"inLanguage\":\"gl-ES\"},{\"@type\":[\"Person\",\"Organization\"],\"@id\":\"https:\/\/nicogcasares.eu\/gl\/#\/schema\/person\/75361477143e596646d48598a3778163\",\"name\":\"Nicol\u00e1s Gonz\u00e1lez Casares\",\"image\":{\"@type\":\"ImageObject\",\"inLanguage\":\"gl-ES\",\"@id\":\"https:\/\/nicogcasares.eu\/gl\/#\/schema\/person\/image\/\",\"url\":\"https:\/\/nicogcasares.eu\/wp-content\/uploads\/2021\/11\/20211006_EP-119139A_FMA_0895_RESIZED_S.jpg\",\"contentUrl\":\"https:\/\/nicogcasares.eu\/wp-content\/uploads\/2021\/11\/20211006_EP-119139A_FMA_0895_RESIZED_S.jpg\",\"width\":639,\"height\":426,\"caption\":\"Nicol\u00e1s Gonz\u00e1lez Casares\"},\"logo\":{\"@id\":\"https:\/\/nicogcasares.eu\/gl\/#\/schema\/person\/image\/\"},\"url\":\"https:\/\/nicogcasares.eu\/gl\/author\/nico\/\"}]}<\/script>\n<!-- \/ Yoast SEO plugin. -->","yoast_head_json":{"title":"Europa entra nas aulas do CEP Pluriling\u00fce de Riomaior da man do eurodeputado Nicol\u00e1s Gonz\u00e1lez Casares - Nico G. Casares","description":"Europa entra nas aulas do CEP Pluriling\u00fce de Riomaior con Nicol\u00e1s Gonz\u00e1lez Casares","robots":{"index":"index","follow":"follow","max-snippet":"max-snippet:-1","max-image-preview":"max-image-preview:large","max-video-preview":"max-video-preview:-1"},"canonical":"https:\/\/nicogcasares.eu\/gl\/europa-entra-en-las-aulas-del-cep-plurilingue-de-riomaior-de-la-mano-del-eurodiputado-nicolas-gonzalez-casares\/","og_locale":"gl_ES","og_type":"article","og_title":"Europa entra nas aulas do CEP Pluriling\u00fce de Riomaior da man do eurodeputado Nicol\u00e1s Gonz\u00e1lez Casares","og_description":"O socialista compartiu co alumnado de 5\u00ba e 6\u00ba de Primaria o seu labor no Parlamento Europeo","og_url":"https:\/\/nicogcasares.eu\/gl\/europa-entra-en-las-aulas-del-cep-plurilingue-de-riomaior-de-la-mano-del-eurodiputado-nicolas-gonzalez-casares\/","og_site_name":"Nico G. Casares","article_published_time":"2026-03-13T15:57:00+00:00","article_modified_time":"2026-03-13T15:59:33+00:00","og_image":[{"url":"https:\/\/nicogcasares.eu\/wp-content\/uploads\/2026\/03\/CEP-Plurilingue-de-Riomaior-2-1024x703.jpeg"}],"author":"Nicol\u00e1s Gonz\u00e1lez Casares","twitter_card":"summary_large_image","twitter_title":"Europa entra nas aulas do CEP Pluriling\u00fce de Riomaior da man do eurodeputado Nicol\u00e1s Gonz\u00e1lez Casares","twitter_description":"O socialista compartiu co alumnado de 5\u00ba e 6\u00ba de Primaria o seu labor no Parlamento Europeo","twitter_image":"https:\/\/nicogcasares.eu\/wp-content\/uploads\/2026\/03\/CEP-Plurilingue-de-Riomaior-2-1024x703.jpeg","twitter_creator":"@nicogoncas","twitter_site":"@nicogoncas","twitter_misc":{"Escrito por":"Nicol\u00e1s Gonz\u00e1lez Casares","Tempo de lectura":"2 minutos"},"schema":{"@context":"https:\/\/schema.org","@graph":[{"@type":"Article","@id":"https:\/\/nicogcasares.eu\/gl\/europa-entra-en-las-aulas-del-cep-plurilingue-de-riomaior-de-la-mano-del-eurodiputado-nicolas-gonzalez-casares\/#article","isPartOf":{"@id":"https:\/\/nicogcasares.eu\/gl\/europa-entra-en-las-aulas-del-cep-plurilingue-de-riomaior-de-la-mano-del-eurodiputado-nicolas-gonzalez-casares\/"},"author":{"name":"Nicol\u00e1s Gonz\u00e1lez Casares","@id":"https:\/\/nicogcasares.eu\/gl\/#\/schema\/person\/75361477143e596646d48598a3778163"},"headline":"Europa entra nas aulas do CEP Pluriling\u00fce de Riomaior da man do eurodeputado Nicol\u00e1s Gonz\u00e1lez Casares","datePublished":"2026-03-13T15:57:00+00:00","dateModified":"2026-03-13T15:59:33+00:00","mainEntityOfPage":{"@id":"https:\/\/nicogcasares.eu\/gl\/europa-entra-en-las-aulas-del-cep-plurilingue-de-riomaior-de-la-mano-del-eurodiputado-nicolas-gonzalez-casares\/"},"wordCount":289,"publisher":{"@id":"https:\/\/nicogcasares.eu\/gl\/#\/schema\/person\/75361477143e596646d48598a3778163"},"image":{"@id":"https:\/\/nicogcasares.eu\/gl\/europa-entra-en-las-aulas-del-cep-plurilingue-de-riomaior-de-la-mano-del-eurodiputado-nicolas-gonzalez-casares\/#primaryimage"},"thumbnailUrl":"https:\/\/nicogcasares.eu\/wp-content\/uploads\/2026\/03\/CEP-Plurilingue-de-Riomaior-2.jpeg","keywords":["Nicol\u00e1s Gonz\u00e1lez Casares","Parlamento Europeo","Pontevedra","UE","Uni\u00f3n Europea","Vilaboa"],"articleSection":["Actividade","Novas"],"inLanguage":"gl-ES"},{"@type":"WebPage","@id":"https:\/\/nicogcasares.eu\/gl\/europa-entra-en-las-aulas-del-cep-plurilingue-de-riomaior-de-la-mano-del-eurodiputado-nicolas-gonzalez-casares\/","url":"https:\/\/nicogcasares.eu\/gl\/europa-entra-en-las-aulas-del-cep-plurilingue-de-riomaior-de-la-mano-del-eurodiputado-nicolas-gonzalez-casares\/","name":"Europa entra nas aulas do CEP Pluriling\u00fce de Riomaior da man do eurodeputado Nicol\u00e1s Gonz\u00e1lez Casares - Nico G. Casares","isPartOf":{"@id":"https:\/\/nicogcasares.eu\/gl\/#website"},"primaryImageOfPage":{"@id":"https:\/\/nicogcasares.eu\/gl\/europa-entra-en-las-aulas-del-cep-plurilingue-de-riomaior-de-la-mano-del-eurodiputado-nicolas-gonzalez-casares\/#primaryimage"},"image":{"@id":"https:\/\/nicogcasares.eu\/gl\/europa-entra-en-las-aulas-del-cep-plurilingue-de-riomaior-de-la-mano-del-eurodiputado-nicolas-gonzalez-casares\/#primaryimage"},"thumbnailUrl":"https:\/\/nicogcasares.eu\/wp-content\/uploads\/2026\/03\/CEP-Plurilingue-de-Riomaior-2.jpeg","datePublished":"2026-03-13T15:57:00+00:00","dateModified":"2026-03-13T15:59:33+00:00","description":"Europa entra nas aulas do CEP Pluriling\u00fce de Riomaior con Nicol\u00e1s Gonz\u00e1lez Casares","breadcrumb":{"@id":"https:\/\/nicogcasares.eu\/gl\/europa-entra-en-las-aulas-del-cep-plurilingue-de-riomaior-de-la-mano-del-eurodiputado-nicolas-gonzalez-casares\/#breadcrumb"},"inLanguage":"gl-ES","potentialAction":[{"@type":"ReadAction","target":["https:\/\/nicogcasares.eu\/gl\/europa-entra-en-las-aulas-del-cep-plurilingue-de-riomaior-de-la-mano-del-eurodiputado-nicolas-gonzalez-casares\/"]}]},{"@type":"ImageObject","inLanguage":"gl-ES","@id":"https:\/\/nicogcasares.eu\/gl\/europa-entra-en-las-aulas-del-cep-plurilingue-de-riomaior-de-la-mano-del-eurodiputado-nicolas-gonzalez-casares\/#primaryimage","url":"https:\/\/nicogcasares.eu\/wp-content\/uploads\/2026\/03\/CEP-Plurilingue-de-Riomaior-2.jpeg","contentUrl":"https:\/\/nicogcasares.eu\/wp-content\/uploads\/2026\/03\/CEP-Plurilingue-de-Riomaior-2.jpeg","width":1432,"height":983},{"@type":"BreadcrumbList","@id":"https:\/\/nicogcasares.eu\/gl\/europa-entra-en-las-aulas-del-cep-plurilingue-de-riomaior-de-la-mano-del-eurodiputado-nicolas-gonzalez-casares\/#breadcrumb","itemListElement":[{"@type":"ListItem","position":1,"name":"Portada","item":"https:\/\/nicogcasares.eu\/gl\/"},{"@type":"ListItem","position":2,"name":"Europa entra nas aulas do CEP Pluriling\u00fce de Riomaior da man do eurodeputado Nicol\u00e1s Gonz\u00e1lez Casares"}]},{"@type":"WebSite","@id":"https:\/\/nicogcasares.eu\/gl\/#website","url":"https:\/\/nicogcasares.eu\/gl\/","name":"Nico G. Casares","description":"Diputado socialista en el parlamento europeo","publisher":{"@id":"https:\/\/nicogcasares.eu\/gl\/#\/schema\/person\/75361477143e596646d48598a3778163"},"potentialAction":[{"@type":"SearchAction","target":{"@type":"EntryPoint","urlTemplate":"https:\/\/nicogcasares.eu\/gl\/?s={search_term_string}"},"query-input":"required name=search_term_string"}],"inLanguage":"gl-ES"},{"@type":["Person","Organization"],"@id":"https:\/\/nicogcasares.eu\/gl\/#\/schema\/person\/75361477143e596646d48598a3778163","name":"Nicol\u00e1s Gonz\u00e1lez Casares","image":{"@type":"ImageObject","inLanguage":"gl-ES","@id":"https:\/\/nicogcasares.eu\/gl\/#\/schema\/person\/image\/","url":"https:\/\/nicogcasares.eu\/wp-content\/uploads\/2021\/11\/20211006_EP-119139A_FMA_0895_RESIZED_S.jpg","contentUrl":"https:\/\/nicogcasares.eu\/wp-content\/uploads\/2021\/11\/20211006_EP-119139A_FMA_0895_RESIZED_S.jpg","width":639,"height":426,"caption":"Nicol\u00e1s Gonz\u00e1lez Casares"},"logo":{"@id":"https:\/\/nicogcasares.eu\/gl\/#\/schema\/person\/image\/"},"url":"https:\/\/nicogcasares.eu\/gl\/author\/nico\/"}]}},"_links":{"self":[{"href":"https:\/\/nicogcasares.eu\/gl\/wp-json\/wp\/v2\/posts\/8997"}],"collection":[{"href":"https:\/\/nicogcasares.eu\/gl\/wp-json\/wp\/v2\/posts"}],"about":[{"href":"https:\/\/nicogcasares.eu\/gl\/wp-json\/wp\/v2\/types\/post"}],"author":[{"embeddable":true,"href":"https:\/\/nicogcasares.eu\/gl\/wp-json\/wp\/v2\/users\/4"}],"replies":[{"embeddable":true,"href":"https:\/\/nicogcasares.eu\/gl\/wp-json\/wp\/v2\/comments?post=8997"}],"version-history":[{"count":3,"href":"https:\/\/nicogcasares.eu\/gl\/wp-json\/wp\/v2\/posts\/8997\/revisions"}],"predecessor-version":[{"id":9001,"href":"https:\/\/nicogcasares.eu\/gl\/wp-json\/wp\/v2\/posts\/8997\/revisions\/9001"}],"wp:featuredmedia":[{"embeddable":true,"href":"https:\/\/nicogcasares.eu\/gl\/wp-json\/wp\/v2\/media\/8993"}],"wp:attachment":[{"href":"https:\/\/nicogcasares.eu\/gl\/wp-json\/wp\/v2\/media?parent=8997"}],"wp:term":[{"taxonomy":"category","embeddable":true,"href":"https:\/\/nicogcasares.eu\/gl\/wp-json\/wp\/v2\/categories?post=8997"},{"taxonomy":"post_tag","embeddable":true,"href":"https:\/\/nicogcasares.eu\/gl\/wp-json\/wp\/v2\/tags?post=8997"}],"curies":[{"name":"wp","href":"https:\/\/api.w.org\/{rel}","templated":true}]}}