{"id":9082,"date":"2026-04-28T12:21:56","date_gmt":"2026-04-28T10:21:56","guid":{"rendered":"https:\/\/nicogcasares.eu\/casares-reclama-un-presupuesto-ambicioso-para-que-europa-pueda-hacer-frente-a-los-retos-colosales-de-un-mundo-que-arde\/"},"modified":"2026-04-28T12:24:28","modified_gmt":"2026-04-28T10:24:28","slug":"casares-reclama-un-presupuesto-ambicioso-para-que-europa-pueda-hacer-frente-a-los-retos-colosales-de-un-mundo-que-arde","status":"publish","type":"post","link":"https:\/\/nicogcasares.eu\/gl\/casares-reclama-un-presupuesto-ambicioso-para-que-europa-pueda-hacer-frente-a-los-retos-colosales-de-un-mundo-que-arde\/","title":{"rendered":"Casares reclama un orzamento \u201cambicioso\u201d para que Europa poida facer fronte aos \u201cretos colosais\u201d dun mundo que \u201carde\u201d"},"content":{"rendered":"\n<p><strong>Critica que a proposta orzamentaria da Comisi\u00f3n \u201csocava o modelo social europeo mediante recortes profundos \u00e1 cohesi\u00f3n, \u00e1 agricultura, \u00e1 pesca ou ao medio ambiente\u201d <\/strong><\/p>\n\n\n\n<p><strong>Enxalza o acordo parlamentario para dedicar m\u00e1is de 7.000 mill\u00f3ns \u00e1 pesca e recuperar a partida orzamentaria para o programa LIFE<\/strong><\/p>\n\n\n\n<p>O eurodeputado socialista galego, <strong>Nicol\u00e1s Gonz\u00e1lez Casares<\/strong>, reclamou esta ma\u00f1\u00e1 que, fronte aos \u201cretos colosais\u201d que enfronta Europa, a Uni\u00f3n Europea se dote dun <strong>orzamento \u201cambicioso\u201d<\/strong> para afrontalos.<\/p>\n\n\n\n<p>Durante a s\u00faa intervenci\u00f3n no debate plenario sobre o futuro Marco financeiro plurianual 2028-2034, Gonz\u00e1lez Casares lembrou que un orzamento \u00e9 a traduci\u00f3n das prioridades pol\u00edticas en realidades econ\u00f3micas, contantes e soantes. Con todo, coa s\u00faa \u201capertada\u201d proposta orzamentaria, a prioridade da Comisi\u00f3n foi \u201c<strong>socavar o modelo social europeo mediante recortes profundos<\/strong> \u00e1 cohesi\u00f3n, \u00e1 agricultura, \u00e1 pesca ou ao medio ambiente\u201d.<\/p>\n\n\n\n<p>A este respecto, lembrou que <strong>a Comisi\u00f3n Europea presentou un orzamento que recorta dous terzos os fondos para pesca<\/strong>, un 20% os orzamentos de cohesi\u00f3n ou agricultura e que elimina o programa LIFE ou o fondo Social Europeo.<\/p>\n\n\n\n<p>\u201cCando o noso mundo arde por culpa de ditadores e aut\u00f3cratas, ou aspirantes a iso, a resposta de Europa non pode ser a rendici\u00f3n plasmada nun orzamento pensado para un mundo que non existe\u201d, afirmou Gonz\u00e1lez Casares, quen contrapuxo \u00e1 proposta da Comisi\u00f3n a \u201cambici\u00f3n\u201d da proposta orzamentaria aprobada polo Parlamento, con m\u00e1is de 7.000 mill\u00f3ns para a pesca (+265%), un 47% m\u00e1is para agricultura e desenvolvemento rural ou a recuperaci\u00f3n dunha partida espec\u00edfica para o programa LIFE.<\/p>\n\n\n\n<p>Fronte aos \u201crecortes\u201d da Comisi\u00f3n, o eurodeputado galego enxalzou o acordo alcanzado polas forzas pro-europeas no Parlamento e que aposta por \u201cunha pol\u00edtica de cohesi\u00f3n reforzada, un impulso \u00e1 soberan\u00eda alimentaria apostando polos nosos agricultores e pescadores, o maior fondo social da historia, avanzar na transici\u00f3n ecol\u00f3xica, o reforzo da competitividade e o fomento da presenza de Europa no mundo\u201d. <strong>\u201cEsa \u00e9 a resposta do Grupo Socialista: avanzar por m\u00e1is Europa, non por menos\u201d<\/strong>, conclu\u00edu.<\/p>\n","protected":false},"excerpt":{"rendered":"<p>Critica que a proposta orzamentaria da Comisi\u00f3n \u201csocava o modelo social europeo mediante recortes profundos \u00e1 cohesi\u00f3n, \u00e1 agricultura, \u00e1 pesca ou ao medio ambiente\u201d <\/p>\n","protected":false},"author":4,"featured_media":9081,"comment_status":"closed","ping_status":"closed","sticky":true,"template":"","format":"standard","meta":{"footnotes":""},"categories":[34,32],"tags":[819,512,160,369,99,844,76],"yoast_head":"<!-- This site is optimized with the Yoast SEO plugin v22.3 - https:\/\/yoast.com\/wordpress\/plugins\/seo\/ -->\n<title>Casares reclama un orzamento \u201cambicioso\u201d para que Europa poida facer fronte aos \u201cretos colosais\u201d dun mundo que \u201carde\u201d - Nico G. Casares<\/title>\n<meta name=\"description\" content=\"Casares reclama un orzamento \u201cambicioso\u201d para que Europa poida facer fronte aos \u201cretos colosais\u201d dun mundo que \u201carde\u201d\" \/>\n<meta name=\"robots\" content=\"index, follow, max-snippet:-1, max-image-preview:large, max-video-preview:-1\" \/>\n<link rel=\"canonical\" href=\"https:\/\/nicogcasares.eu\/gl\/casares-reclama-un-presupuesto-ambicioso-para-que-europa-pueda-hacer-frente-a-los-retos-colosales-de-un-mundo-que-arde\/\" \/>\n<meta property=\"og:locale\" content=\"gl_ES\" \/>\n<meta property=\"og:type\" content=\"article\" \/>\n<meta property=\"og:title\" content=\"Casares reclama un orzamento \u201cambicioso\u201d para que Europa poida facer fronte aos \u201cretos colosais\u201d dun mundo que \u201carde\u201d\" \/>\n<meta property=\"og:description\" content=\"Critica que a proposta orzamentaria da Comisi\u00f3n \u201csocava o modelo social europeo mediante recortes profundos \u00e1 cohesi\u00f3n, \u00e1 agricultura, \u00e1 pesca ou ao medio ambiente\u201d\" \/>\n<meta property=\"og:url\" content=\"https:\/\/nicogcasares.eu\/gl\/casares-reclama-un-presupuesto-ambicioso-para-que-europa-pueda-hacer-frente-a-los-retos-colosales-de-un-mundo-que-arde\/\" \/>\n<meta property=\"og:site_name\" content=\"Nico G. Casares\" \/>\n<meta property=\"article:published_time\" content=\"2026-04-28T10:21:56+00:00\" \/>\n<meta property=\"article:modified_time\" content=\"2026-04-28T10:24:28+00:00\" \/>\n<meta property=\"og:image\" content=\"https:\/\/nicogcasares.eu\/wp-content\/uploads\/2026\/04\/20260428_EP-203512A_PHB_AH_144-SMALL-4-268x300.jpg\" \/>\n<meta name=\"author\" content=\"Nicol\u00e1s Gonz\u00e1lez Casares\" \/>\n<meta name=\"twitter:card\" content=\"summary_large_image\" \/>\n<meta name=\"twitter:title\" content=\"Casares reclama un orzamento \u201cambicioso\u201d para que Europa poida facer fronte aos \u201cretos colosais\u201d dun mundo que \u201carde\u201d\" \/>\n<meta name=\"twitter:description\" content=\"Critica que a proposta orzamentaria da Comisi\u00f3n \u201csocava o modelo social europeo mediante recortes profundos \u00e1 cohesi\u00f3n, \u00e1 agricultura, \u00e1 pesca ou ao medio ambiente\u201d\" \/>\n<meta name=\"twitter:image\" content=\"https:\/\/nicogcasares.eu\/wp-content\/uploads\/2026\/04\/20260428_EP-203512A_PHB_AH_144-SMALL-4.jpg\" \/>\n<meta name=\"twitter:creator\" content=\"@nicogoncas\" \/>\n<meta name=\"twitter:site\" content=\"@nicogoncas\" \/>\n<meta name=\"twitter:label1\" content=\"Escrito por\" \/>\n\t<meta name=\"twitter:data1\" content=\"Nicol\u00e1s Gonz\u00e1lez Casares\" \/>\n\t<meta name=\"twitter:label2\" content=\"Tempo de lectura\" \/>\n\t<meta name=\"twitter:data2\" content=\"2 minutos\" \/>\n<script type=\"application\/ld+json\" class=\"yoast-schema-graph\">{\"@context\":\"https:\/\/schema.org\",\"@graph\":[{\"@type\":\"Article\",\"@id\":\"https:\/\/nicogcasares.eu\/gl\/casares-reclama-un-presupuesto-ambicioso-para-que-europa-pueda-hacer-frente-a-los-retos-colosales-de-un-mundo-que-arde\/#article\",\"isPartOf\":{\"@id\":\"https:\/\/nicogcasares.eu\/gl\/casares-reclama-un-presupuesto-ambicioso-para-que-europa-pueda-hacer-frente-a-los-retos-colosales-de-un-mundo-que-arde\/\"},\"author\":{\"name\":\"Nicol\u00e1s Gonz\u00e1lez Casares\",\"@id\":\"https:\/\/nicogcasares.eu\/gl\/#\/schema\/person\/75361477143e596646d48598a3778163\"},\"headline\":\"Casares reclama un orzamento \u201cambicioso\u201d para que Europa poida facer fronte aos \u201cretos colosais\u201d dun mundo que \u201carde\u201d\",\"datePublished\":\"2026-04-28T10:21:56+00:00\",\"dateModified\":\"2026-04-28T10:24:28+00:00\",\"mainEntityOfPage\":{\"@id\":\"https:\/\/nicogcasares.eu\/gl\/casares-reclama-un-presupuesto-ambicioso-para-que-europa-pueda-hacer-frente-a-los-retos-colosales-de-un-mundo-que-arde\/\"},\"wordCount\":365,\"publisher\":{\"@id\":\"https:\/\/nicogcasares.eu\/gl\/#\/schema\/person\/75361477143e596646d48598a3778163\"},\"image\":{\"@id\":\"https:\/\/nicogcasares.eu\/gl\/casares-reclama-un-presupuesto-ambicioso-para-que-europa-pueda-hacer-frente-a-los-retos-colosales-de-un-mundo-que-arde\/#primaryimage\"},\"thumbnailUrl\":\"https:\/\/nicogcasares.eu\/wp-content\/uploads\/2026\/04\/20260428_EP-203512A_PHB_AH_144-SMALL-4.jpg\",\"keywords\":[\"agricultura\",\"Comisi\u00f3n Europea\",\"Europa\",\"Nicol\u00e1s Gonz\u00e1lez Casares\",\"pesca\",\"presupuestos\",\"Uni\u00f3n Europea\"],\"articleSection\":[\"Actividade\",\"Novas\"],\"inLanguage\":\"gl-ES\"},{\"@type\":\"WebPage\",\"@id\":\"https:\/\/nicogcasares.eu\/gl\/casares-reclama-un-presupuesto-ambicioso-para-que-europa-pueda-hacer-frente-a-los-retos-colosales-de-un-mundo-que-arde\/\",\"url\":\"https:\/\/nicogcasares.eu\/gl\/casares-reclama-un-presupuesto-ambicioso-para-que-europa-pueda-hacer-frente-a-los-retos-colosales-de-un-mundo-que-arde\/\",\"name\":\"Casares reclama un orzamento \u201cambicioso\u201d para que Europa poida facer fronte aos \u201cretos colosais\u201d dun mundo que \u201carde\u201d - Nico G. Casares\",\"isPartOf\":{\"@id\":\"https:\/\/nicogcasares.eu\/gl\/#website\"},\"primaryImageOfPage\":{\"@id\":\"https:\/\/nicogcasares.eu\/gl\/casares-reclama-un-presupuesto-ambicioso-para-que-europa-pueda-hacer-frente-a-los-retos-colosales-de-un-mundo-que-arde\/#primaryimage\"},\"image\":{\"@id\":\"https:\/\/nicogcasares.eu\/gl\/casares-reclama-un-presupuesto-ambicioso-para-que-europa-pueda-hacer-frente-a-los-retos-colosales-de-un-mundo-que-arde\/#primaryimage\"},\"thumbnailUrl\":\"https:\/\/nicogcasares.eu\/wp-content\/uploads\/2026\/04\/20260428_EP-203512A_PHB_AH_144-SMALL-4.jpg\",\"datePublished\":\"2026-04-28T10:21:56+00:00\",\"dateModified\":\"2026-04-28T10:24:28+00:00\",\"description\":\"Casares reclama un orzamento \u201cambicioso\u201d para que Europa poida facer fronte aos \u201cretos colosais\u201d dun mundo que \u201carde\u201d\",\"breadcrumb\":{\"@id\":\"https:\/\/nicogcasares.eu\/gl\/casares-reclama-un-presupuesto-ambicioso-para-que-europa-pueda-hacer-frente-a-los-retos-colosales-de-un-mundo-que-arde\/#breadcrumb\"},\"inLanguage\":\"gl-ES\",\"potentialAction\":[{\"@type\":\"ReadAction\",\"target\":[\"https:\/\/nicogcasares.eu\/gl\/casares-reclama-un-presupuesto-ambicioso-para-que-europa-pueda-hacer-frente-a-los-retos-colosales-de-un-mundo-que-arde\/\"]}]},{\"@type\":\"ImageObject\",\"inLanguage\":\"gl-ES\",\"@id\":\"https:\/\/nicogcasares.eu\/gl\/casares-reclama-un-presupuesto-ambicioso-para-que-europa-pueda-hacer-frente-a-los-retos-colosales-de-un-mundo-que-arde\/#primaryimage\",\"url\":\"https:\/\/nicogcasares.eu\/wp-content\/uploads\/2026\/04\/20260428_EP-203512A_PHB_AH_144-SMALL-4.jpg\",\"contentUrl\":\"https:\/\/nicogcasares.eu\/wp-content\/uploads\/2026\/04\/20260428_EP-203512A_PHB_AH_144-SMALL-4.jpg\",\"width\":736,\"height\":825,\"caption\":\"EP-203512A_Plenary_28_MMF\"},{\"@type\":\"BreadcrumbList\",\"@id\":\"https:\/\/nicogcasares.eu\/gl\/casares-reclama-un-presupuesto-ambicioso-para-que-europa-pueda-hacer-frente-a-los-retos-colosales-de-un-mundo-que-arde\/#breadcrumb\",\"itemListElement\":[{\"@type\":\"ListItem\",\"position\":1,\"name\":\"Portada\",\"item\":\"https:\/\/nicogcasares.eu\/gl\/\"},{\"@type\":\"ListItem\",\"position\":2,\"name\":\"Casares reclama un orzamento \u201cambicioso\u201d para que Europa poida facer fronte aos \u201cretos colosais\u201d dun mundo que \u201carde\u201d\"}]},{\"@type\":\"WebSite\",\"@id\":\"https:\/\/nicogcasares.eu\/gl\/#website\",\"url\":\"https:\/\/nicogcasares.eu\/gl\/\",\"name\":\"Nico G. Casares\",\"description\":\"Diputado socialista en el parlamento europeo\",\"publisher\":{\"@id\":\"https:\/\/nicogcasares.eu\/gl\/#\/schema\/person\/75361477143e596646d48598a3778163\"},\"potentialAction\":[{\"@type\":\"SearchAction\",\"target\":{\"@type\":\"EntryPoint\",\"urlTemplate\":\"https:\/\/nicogcasares.eu\/gl\/?s={search_term_string}\"},\"query-input\":\"required name=search_term_string\"}],\"inLanguage\":\"gl-ES\"},{\"@type\":[\"Person\",\"Organization\"],\"@id\":\"https:\/\/nicogcasares.eu\/gl\/#\/schema\/person\/75361477143e596646d48598a3778163\",\"name\":\"Nicol\u00e1s Gonz\u00e1lez Casares\",\"image\":{\"@type\":\"ImageObject\",\"inLanguage\":\"gl-ES\",\"@id\":\"https:\/\/nicogcasares.eu\/gl\/#\/schema\/person\/image\/\",\"url\":\"https:\/\/nicogcasares.eu\/wp-content\/uploads\/2021\/11\/20211006_EP-119139A_FMA_0895_RESIZED_S.jpg\",\"contentUrl\":\"https:\/\/nicogcasares.eu\/wp-content\/uploads\/2021\/11\/20211006_EP-119139A_FMA_0895_RESIZED_S.jpg\",\"width\":639,\"height\":426,\"caption\":\"Nicol\u00e1s Gonz\u00e1lez Casares\"},\"logo\":{\"@id\":\"https:\/\/nicogcasares.eu\/gl\/#\/schema\/person\/image\/\"},\"url\":\"https:\/\/nicogcasares.eu\/gl\/author\/nico\/\"}]}<\/script>\n<!-- \/ Yoast SEO plugin. -->","yoast_head_json":{"title":"Casares reclama un orzamento \u201cambicioso\u201d para que Europa poida facer fronte aos \u201cretos colosais\u201d dun mundo que \u201carde\u201d - Nico G. Casares","description":"Casares reclama un orzamento \u201cambicioso\u201d para que Europa poida facer fronte aos \u201cretos colosais\u201d dun mundo que \u201carde\u201d","robots":{"index":"index","follow":"follow","max-snippet":"max-snippet:-1","max-image-preview":"max-image-preview:large","max-video-preview":"max-video-preview:-1"},"canonical":"https:\/\/nicogcasares.eu\/gl\/casares-reclama-un-presupuesto-ambicioso-para-que-europa-pueda-hacer-frente-a-los-retos-colosales-de-un-mundo-que-arde\/","og_locale":"gl_ES","og_type":"article","og_title":"Casares reclama un orzamento \u201cambicioso\u201d para que Europa poida facer fronte aos \u201cretos colosais\u201d dun mundo que \u201carde\u201d","og_description":"Critica que a proposta orzamentaria da Comisi\u00f3n \u201csocava o modelo social europeo mediante recortes profundos \u00e1 cohesi\u00f3n, \u00e1 agricultura, \u00e1 pesca ou ao medio ambiente\u201d","og_url":"https:\/\/nicogcasares.eu\/gl\/casares-reclama-un-presupuesto-ambicioso-para-que-europa-pueda-hacer-frente-a-los-retos-colosales-de-un-mundo-que-arde\/","og_site_name":"Nico G. Casares","article_published_time":"2026-04-28T10:21:56+00:00","article_modified_time":"2026-04-28T10:24:28+00:00","og_image":[{"url":"https:\/\/nicogcasares.eu\/wp-content\/uploads\/2026\/04\/20260428_EP-203512A_PHB_AH_144-SMALL-4-268x300.jpg"}],"author":"Nicol\u00e1s Gonz\u00e1lez Casares","twitter_card":"summary_large_image","twitter_title":"Casares reclama un orzamento \u201cambicioso\u201d para que Europa poida facer fronte aos \u201cretos colosais\u201d dun mundo que \u201carde\u201d","twitter_description":"Critica que a proposta orzamentaria da Comisi\u00f3n \u201csocava o modelo social europeo mediante recortes profundos \u00e1 cohesi\u00f3n, \u00e1 agricultura, \u00e1 pesca ou ao medio ambiente\u201d","twitter_image":"https:\/\/nicogcasares.eu\/wp-content\/uploads\/2026\/04\/20260428_EP-203512A_PHB_AH_144-SMALL-4.jpg","twitter_creator":"@nicogoncas","twitter_site":"@nicogoncas","twitter_misc":{"Escrito por":"Nicol\u00e1s Gonz\u00e1lez Casares","Tempo de lectura":"2 minutos"},"schema":{"@context":"https:\/\/schema.org","@graph":[{"@type":"Article","@id":"https:\/\/nicogcasares.eu\/gl\/casares-reclama-un-presupuesto-ambicioso-para-que-europa-pueda-hacer-frente-a-los-retos-colosales-de-un-mundo-que-arde\/#article","isPartOf":{"@id":"https:\/\/nicogcasares.eu\/gl\/casares-reclama-un-presupuesto-ambicioso-para-que-europa-pueda-hacer-frente-a-los-retos-colosales-de-un-mundo-que-arde\/"},"author":{"name":"Nicol\u00e1s Gonz\u00e1lez Casares","@id":"https:\/\/nicogcasares.eu\/gl\/#\/schema\/person\/75361477143e596646d48598a3778163"},"headline":"Casares reclama un orzamento \u201cambicioso\u201d para que Europa poida facer fronte aos \u201cretos colosais\u201d dun mundo que \u201carde\u201d","datePublished":"2026-04-28T10:21:56+00:00","dateModified":"2026-04-28T10:24:28+00:00","mainEntityOfPage":{"@id":"https:\/\/nicogcasares.eu\/gl\/casares-reclama-un-presupuesto-ambicioso-para-que-europa-pueda-hacer-frente-a-los-retos-colosales-de-un-mundo-que-arde\/"},"wordCount":365,"publisher":{"@id":"https:\/\/nicogcasares.eu\/gl\/#\/schema\/person\/75361477143e596646d48598a3778163"},"image":{"@id":"https:\/\/nicogcasares.eu\/gl\/casares-reclama-un-presupuesto-ambicioso-para-que-europa-pueda-hacer-frente-a-los-retos-colosales-de-un-mundo-que-arde\/#primaryimage"},"thumbnailUrl":"https:\/\/nicogcasares.eu\/wp-content\/uploads\/2026\/04\/20260428_EP-203512A_PHB_AH_144-SMALL-4.jpg","keywords":["agricultura","Comisi\u00f3n Europea","Europa","Nicol\u00e1s Gonz\u00e1lez Casares","pesca","presupuestos","Uni\u00f3n Europea"],"articleSection":["Actividade","Novas"],"inLanguage":"gl-ES"},{"@type":"WebPage","@id":"https:\/\/nicogcasares.eu\/gl\/casares-reclama-un-presupuesto-ambicioso-para-que-europa-pueda-hacer-frente-a-los-retos-colosales-de-un-mundo-que-arde\/","url":"https:\/\/nicogcasares.eu\/gl\/casares-reclama-un-presupuesto-ambicioso-para-que-europa-pueda-hacer-frente-a-los-retos-colosales-de-un-mundo-que-arde\/","name":"Casares reclama un orzamento \u201cambicioso\u201d para que Europa poida facer fronte aos \u201cretos colosais\u201d dun mundo que \u201carde\u201d - Nico G. Casares","isPartOf":{"@id":"https:\/\/nicogcasares.eu\/gl\/#website"},"primaryImageOfPage":{"@id":"https:\/\/nicogcasares.eu\/gl\/casares-reclama-un-presupuesto-ambicioso-para-que-europa-pueda-hacer-frente-a-los-retos-colosales-de-un-mundo-que-arde\/#primaryimage"},"image":{"@id":"https:\/\/nicogcasares.eu\/gl\/casares-reclama-un-presupuesto-ambicioso-para-que-europa-pueda-hacer-frente-a-los-retos-colosales-de-un-mundo-que-arde\/#primaryimage"},"thumbnailUrl":"https:\/\/nicogcasares.eu\/wp-content\/uploads\/2026\/04\/20260428_EP-203512A_PHB_AH_144-SMALL-4.jpg","datePublished":"2026-04-28T10:21:56+00:00","dateModified":"2026-04-28T10:24:28+00:00","description":"Casares reclama un orzamento \u201cambicioso\u201d para que Europa poida facer fronte aos \u201cretos colosais\u201d dun mundo que \u201carde\u201d","breadcrumb":{"@id":"https:\/\/nicogcasares.eu\/gl\/casares-reclama-un-presupuesto-ambicioso-para-que-europa-pueda-hacer-frente-a-los-retos-colosales-de-un-mundo-que-arde\/#breadcrumb"},"inLanguage":"gl-ES","potentialAction":[{"@type":"ReadAction","target":["https:\/\/nicogcasares.eu\/gl\/casares-reclama-un-presupuesto-ambicioso-para-que-europa-pueda-hacer-frente-a-los-retos-colosales-de-un-mundo-que-arde\/"]}]},{"@type":"ImageObject","inLanguage":"gl-ES","@id":"https:\/\/nicogcasares.eu\/gl\/casares-reclama-un-presupuesto-ambicioso-para-que-europa-pueda-hacer-frente-a-los-retos-colosales-de-un-mundo-que-arde\/#primaryimage","url":"https:\/\/nicogcasares.eu\/wp-content\/uploads\/2026\/04\/20260428_EP-203512A_PHB_AH_144-SMALL-4.jpg","contentUrl":"https:\/\/nicogcasares.eu\/wp-content\/uploads\/2026\/04\/20260428_EP-203512A_PHB_AH_144-SMALL-4.jpg","width":736,"height":825,"caption":"EP-203512A_Plenary_28_MMF"},{"@type":"BreadcrumbList","@id":"https:\/\/nicogcasares.eu\/gl\/casares-reclama-un-presupuesto-ambicioso-para-que-europa-pueda-hacer-frente-a-los-retos-colosales-de-un-mundo-que-arde\/#breadcrumb","itemListElement":[{"@type":"ListItem","position":1,"name":"Portada","item":"https:\/\/nicogcasares.eu\/gl\/"},{"@type":"ListItem","position":2,"name":"Casares reclama un orzamento \u201cambicioso\u201d para que Europa poida facer fronte aos \u201cretos colosais\u201d dun mundo que \u201carde\u201d"}]},{"@type":"WebSite","@id":"https:\/\/nicogcasares.eu\/gl\/#website","url":"https:\/\/nicogcasares.eu\/gl\/","name":"Nico G. Casares","description":"Diputado socialista en el parlamento europeo","publisher":{"@id":"https:\/\/nicogcasares.eu\/gl\/#\/schema\/person\/75361477143e596646d48598a3778163"},"potentialAction":[{"@type":"SearchAction","target":{"@type":"EntryPoint","urlTemplate":"https:\/\/nicogcasares.eu\/gl\/?s={search_term_string}"},"query-input":"required name=search_term_string"}],"inLanguage":"gl-ES"},{"@type":["Person","Organization"],"@id":"https:\/\/nicogcasares.eu\/gl\/#\/schema\/person\/75361477143e596646d48598a3778163","name":"Nicol\u00e1s Gonz\u00e1lez Casares","image":{"@type":"ImageObject","inLanguage":"gl-ES","@id":"https:\/\/nicogcasares.eu\/gl\/#\/schema\/person\/image\/","url":"https:\/\/nicogcasares.eu\/wp-content\/uploads\/2021\/11\/20211006_EP-119139A_FMA_0895_RESIZED_S.jpg","contentUrl":"https:\/\/nicogcasares.eu\/wp-content\/uploads\/2021\/11\/20211006_EP-119139A_FMA_0895_RESIZED_S.jpg","width":639,"height":426,"caption":"Nicol\u00e1s Gonz\u00e1lez Casares"},"logo":{"@id":"https:\/\/nicogcasares.eu\/gl\/#\/schema\/person\/image\/"},"url":"https:\/\/nicogcasares.eu\/gl\/author\/nico\/"}]}},"_links":{"self":[{"href":"https:\/\/nicogcasares.eu\/gl\/wp-json\/wp\/v2\/posts\/9082"}],"collection":[{"href":"https:\/\/nicogcasares.eu\/gl\/wp-json\/wp\/v2\/posts"}],"about":[{"href":"https:\/\/nicogcasares.eu\/gl\/wp-json\/wp\/v2\/types\/post"}],"author":[{"embeddable":true,"href":"https:\/\/nicogcasares.eu\/gl\/wp-json\/wp\/v2\/users\/4"}],"replies":[{"embeddable":true,"href":"https:\/\/nicogcasares.eu\/gl\/wp-json\/wp\/v2\/comments?post=9082"}],"version-history":[{"count":2,"href":"https:\/\/nicogcasares.eu\/gl\/wp-json\/wp\/v2\/posts\/9082\/revisions"}],"predecessor-version":[{"id":9085,"href":"https:\/\/nicogcasares.eu\/gl\/wp-json\/wp\/v2\/posts\/9082\/revisions\/9085"}],"wp:featuredmedia":[{"embeddable":true,"href":"https:\/\/nicogcasares.eu\/gl\/wp-json\/wp\/v2\/media\/9081"}],"wp:attachment":[{"href":"https:\/\/nicogcasares.eu\/gl\/wp-json\/wp\/v2\/media?parent=9082"}],"wp:term":[{"taxonomy":"category","embeddable":true,"href":"https:\/\/nicogcasares.eu\/gl\/wp-json\/wp\/v2\/categories?post=9082"},{"taxonomy":"post_tag","embeddable":true,"href":"https:\/\/nicogcasares.eu\/gl\/wp-json\/wp\/v2\/tags?post=9082"}],"curies":[{"name":"wp","href":"https:\/\/api.w.org\/{rel}","templated":true}]}}