{"id":9093,"date":"2026-04-30T14:29:41","date_gmt":"2026-04-30T12:29:41","guid":{"rendered":"https:\/\/nicogcasares.eu\/casares-la-evaluacion-de-la-politica-pesquera-comun-ratifica-la-necesidad-de-su-reforma-urgente\/"},"modified":"2026-04-30T14:31:58","modified_gmt":"2026-04-30T12:31:58","slug":"casares-la-evaluacion-de-la-politica-pesquera-comun-ratifica-la-necesidad-de-su-reforma-urgente","status":"publish","type":"post","link":"https:\/\/nicogcasares.eu\/gl\/casares-la-evaluacion-de-la-politica-pesquera-comun-ratifica-la-necesidad-de-su-reforma-urgente\/","title":{"rendered":"Casares: \u201cA avaliaci\u00f3n da Pol\u00edtica Pesqueira Com\u00fan ratifica a necesidade da s\u00faa reforma urxente\u201d"},"content":{"rendered":"\n<p><strong>O eurodeputado galego sinala que o declive na produci\u00f3n pesqueira europea esixe \u201cmedidas inmediatas\u201d<\/strong><\/p>\n\n\n\n<p>O eurodeputado socialista galego, <strong>Nicol\u00e1s Gonz\u00e1lez Casares<\/strong>, asegurou hoxe que a <a href=\"https:\/\/ec.europa.eu\/commission\/presscorner\/detail\/es\/ip_26_938\">avaliaci\u00f3n da <strong>Pol\u00edtica Pesqueira Com\u00fan (PPC)<\/strong><\/a> <strong>\u201cratifica a necesidade da s\u00faa reforma urxente\u201d<\/strong>. \u201cA avaliaci\u00f3n constata o declive na produci\u00f3n pesqueira europea e que os beneficios econ\u00f3micos esperados non se materializaron. O diagn\u00f3stico \u00e9 claro e o remedio debe comezar pola reforma da normativa vixente\u201d, indicou.<\/p>\n\n\n\n<p>A avaliaci\u00f3n, feita p\u00fablica esta ma\u00f1\u00e1 pola Comisi\u00f3n Europea, constata que a PPC non ten logrado os resultados agardados cando foi aprobada no ano 2013. Gonz\u00e1lez Casares salientou \u201cavances positivos\u201d, como o incremento das poboaci\u00f3ns pescadas a niveis sustentables, que pasou do 50% ao 63%, \u201co que \u00e9 mostra do esforzo realizado polos nosos mari\u00f1eiros e mari\u00f1eiras, especialmente na costa atl\u00e1ntica, onde o progreso foi maior\u201d.<\/p>\n\n\n\n<p>Con todo, isto non se traduciu en beneficios palpables para o sector pois, como revela o informe, o valor comercial dos produtos pesqueiros e acu\u00edcolas medrou menos de 2 puntos anuais en termos reais. \u201c<strong>A lei vixente non logrou dar un pulo ao sector: ao contrario, o mercado europeo depende das importaci\u00f3ns pesqueiras m\u00e1is que cando se adoptou a \u00faltima reforma<\/strong>\u201d, incidiu.<\/p>\n\n\n\n<p>O eurodeputado galego tam\u00e9n aludiu aos <strong>\u201cretos persistentes\u201d<\/strong> que sinala o informe, o <strong>envellecemento dos buques<\/strong> e o <strong>aumento dos<\/strong> <strong>custes operativos<\/strong>, como proba da necesidade de impulsar unha nova reforma. A este respecto, Casares fixo fincap\u00e9 no feito de que a propia Comisi\u00f3n reco\u00f1eza na s\u00faa avaliaci\u00f3n que o \u201cexceso de capacidade non conduce necesariamente a una presi\u00f3n pesqueira excesiva\u201d, o cal \u201cdesmonta un dos mantras m\u00e1is asentados\u201d no Executivo comunitario e nos que se basean as limitaci\u00f3ns introducidas \u00e1 renovaci\u00f3n da flota.<\/p>\n\n\n\n<p>\u201cA PPC vixente, xunto coas esixencias do FEMPA, impiden facer fronte a eses retos co m\u00fasculo necesario. Ningu\u00e9n nega a mellora na reduci\u00f3n da sobrepesca nin o impacto positivo de medidas como a rexionalizaci\u00f3n na xesti\u00f3n de stocks, pero \u00e9 tempo de dar un paso adiante e, constru\u00edndo sobre os aspectos positivos, <strong>introducir cambios na normativa que garantan a viabilidade futura do sector<\/strong>\u201d, conclu\u00edu.<\/p>\n","protected":false},"excerpt":{"rendered":"<p>O eurodeputado galego sinala que o declive na produci\u00f3n pesqueira europea esixe \u201cmedidas inmediatas\u201d<\/p>\n","protected":false},"author":4,"featured_media":9091,"comment_status":"closed","ping_status":"closed","sticky":true,"template":"","format":"standard","meta":{"footnotes":""},"categories":[34,32,40],"tags":[369,84,99,846,76],"yoast_head":"<!-- This site is optimized with the Yoast SEO plugin v22.3 - https:\/\/yoast.com\/wordpress\/plugins\/seo\/ -->\n<title>Casares: \u201cA avaliaci\u00f3n da Pol\u00edtica Pesqueira Com\u00fan ratifica a necesidade da s\u00faa reforma urxente\u201d - Nico G. Casares<\/title>\n<meta name=\"description\" content=\"A avaliaci\u00f3n da Pol\u00edtica Pesqueira Com\u00fan ratifica a necesidade da s\u00faa reforma urxente\" \/>\n<meta name=\"robots\" content=\"index, follow, max-snippet:-1, max-image-preview:large, max-video-preview:-1\" \/>\n<link rel=\"canonical\" href=\"https:\/\/nicogcasares.eu\/gl\/casares-la-evaluacion-de-la-politica-pesquera-comun-ratifica-la-necesidad-de-su-reforma-urgente\/\" \/>\n<meta property=\"og:locale\" content=\"gl_ES\" \/>\n<meta property=\"og:type\" content=\"article\" \/>\n<meta property=\"og:title\" content=\"Casares: \u201cA avaliaci\u00f3n da Pol\u00edtica Pesqueira Com\u00fan ratifica a necesidade da s\u00faa reforma urxente\u201d\" \/>\n<meta property=\"og:description\" content=\"O eurodeputado galego sinala que o declive na produci\u00f3n pesqueira europea esixe \u201cmedidas inmediatas\u201d\" \/>\n<meta property=\"og:url\" content=\"https:\/\/nicogcasares.eu\/gl\/casares-la-evaluacion-de-la-politica-pesquera-comun-ratifica-la-necesidad-de-su-reforma-urgente\/\" \/>\n<meta property=\"og:site_name\" content=\"Nico G. Casares\" \/>\n<meta property=\"article:published_time\" content=\"2026-04-30T12:29:41+00:00\" \/>\n<meta property=\"article:modified_time\" content=\"2026-04-30T12:31:58+00:00\" \/>\n<meta property=\"og:image\" content=\"https:\/\/nicogcasares.eu\/wp-content\/uploads\/2026\/04\/Nicolas-Gonzalez-Casares-esta-semana.--1024x682.jpeg\" \/>\n<meta name=\"author\" content=\"Nicol\u00e1s Gonz\u00e1lez Casares\" \/>\n<meta name=\"twitter:card\" content=\"summary_large_image\" \/>\n<meta name=\"twitter:title\" content=\"Casares: \u201cA avaliaci\u00f3n da Pol\u00edtica Pesqueira Com\u00fan ratifica a necesidade da s\u00faa reforma urxente\u201d\" \/>\n<meta name=\"twitter:description\" content=\"O eurodeputado galego sinala que o declive na produci\u00f3n pesqueira europea esixe \u201cmedidas inmediatas\u201d\" \/>\n<meta name=\"twitter:image\" content=\"https:\/\/nicogcasares.eu\/wp-content\/uploads\/2026\/04\/Nicolas-Gonzalez-Casares-esta-semana.--1024x682.jpeg\" \/>\n<meta name=\"twitter:creator\" content=\"@nicogoncas\" \/>\n<meta name=\"twitter:site\" content=\"@nicogoncas\" \/>\n<meta name=\"twitter:label1\" content=\"Escrito por\" \/>\n\t<meta name=\"twitter:data1\" content=\"Nicol\u00e1s Gonz\u00e1lez Casares\" \/>\n\t<meta name=\"twitter:label2\" content=\"Tempo de lectura\" \/>\n\t<meta name=\"twitter:data2\" content=\"2 minutos\" \/>\n<script type=\"application\/ld+json\" class=\"yoast-schema-graph\">{\"@context\":\"https:\/\/schema.org\",\"@graph\":[{\"@type\":\"Article\",\"@id\":\"https:\/\/nicogcasares.eu\/gl\/casares-la-evaluacion-de-la-politica-pesquera-comun-ratifica-la-necesidad-de-su-reforma-urgente\/#article\",\"isPartOf\":{\"@id\":\"https:\/\/nicogcasares.eu\/gl\/casares-la-evaluacion-de-la-politica-pesquera-comun-ratifica-la-necesidad-de-su-reforma-urgente\/\"},\"author\":{\"name\":\"Nicol\u00e1s Gonz\u00e1lez Casares\",\"@id\":\"https:\/\/nicogcasares.eu\/gl\/#\/schema\/person\/75361477143e596646d48598a3778163\"},\"headline\":\"Casares: \u201cA avaliaci\u00f3n da Pol\u00edtica Pesqueira Com\u00fan ratifica a necesidade da s\u00faa reforma urxente\u201d\",\"datePublished\":\"2026-04-30T12:29:41+00:00\",\"dateModified\":\"2026-04-30T12:31:58+00:00\",\"mainEntityOfPage\":{\"@id\":\"https:\/\/nicogcasares.eu\/gl\/casares-la-evaluacion-de-la-politica-pesquera-comun-ratifica-la-necesidad-de-su-reforma-urgente\/\"},\"wordCount\":395,\"publisher\":{\"@id\":\"https:\/\/nicogcasares.eu\/gl\/#\/schema\/person\/75361477143e596646d48598a3778163\"},\"image\":{\"@id\":\"https:\/\/nicogcasares.eu\/gl\/casares-la-evaluacion-de-la-politica-pesquera-comun-ratifica-la-necesidad-de-su-reforma-urgente\/#primaryimage\"},\"thumbnailUrl\":\"https:\/\/nicogcasares.eu\/wp-content\/uploads\/2026\/04\/Nicolas-Gonzalez-Casares-esta-semana.-.jpeg\",\"keywords\":[\"Nicol\u00e1s Gonz\u00e1lez Casares\",\"Parlamento Europeo\",\"pesca\",\"Pol\u00edtica Pesquera Com\u00fan\",\"Uni\u00f3n Europea\"],\"articleSection\":[\"Actividade\",\"Novas\",\"Pesca\"],\"inLanguage\":\"gl-ES\"},{\"@type\":\"WebPage\",\"@id\":\"https:\/\/nicogcasares.eu\/gl\/casares-la-evaluacion-de-la-politica-pesquera-comun-ratifica-la-necesidad-de-su-reforma-urgente\/\",\"url\":\"https:\/\/nicogcasares.eu\/gl\/casares-la-evaluacion-de-la-politica-pesquera-comun-ratifica-la-necesidad-de-su-reforma-urgente\/\",\"name\":\"Casares: \u201cA avaliaci\u00f3n da Pol\u00edtica Pesqueira Com\u00fan ratifica a necesidade da s\u00faa reforma urxente\u201d - Nico G. Casares\",\"isPartOf\":{\"@id\":\"https:\/\/nicogcasares.eu\/gl\/#website\"},\"primaryImageOfPage\":{\"@id\":\"https:\/\/nicogcasares.eu\/gl\/casares-la-evaluacion-de-la-politica-pesquera-comun-ratifica-la-necesidad-de-su-reforma-urgente\/#primaryimage\"},\"image\":{\"@id\":\"https:\/\/nicogcasares.eu\/gl\/casares-la-evaluacion-de-la-politica-pesquera-comun-ratifica-la-necesidad-de-su-reforma-urgente\/#primaryimage\"},\"thumbnailUrl\":\"https:\/\/nicogcasares.eu\/wp-content\/uploads\/2026\/04\/Nicolas-Gonzalez-Casares-esta-semana.-.jpeg\",\"datePublished\":\"2026-04-30T12:29:41+00:00\",\"dateModified\":\"2026-04-30T12:31:58+00:00\",\"description\":\"A avaliaci\u00f3n da Pol\u00edtica Pesqueira Com\u00fan ratifica a necesidade da s\u00faa reforma urxente\",\"breadcrumb\":{\"@id\":\"https:\/\/nicogcasares.eu\/gl\/casares-la-evaluacion-de-la-politica-pesquera-comun-ratifica-la-necesidad-de-su-reforma-urgente\/#breadcrumb\"},\"inLanguage\":\"gl-ES\",\"potentialAction\":[{\"@type\":\"ReadAction\",\"target\":[\"https:\/\/nicogcasares.eu\/gl\/casares-la-evaluacion-de-la-politica-pesquera-comun-ratifica-la-necesidad-de-su-reforma-urgente\/\"]}]},{\"@type\":\"ImageObject\",\"inLanguage\":\"gl-ES\",\"@id\":\"https:\/\/nicogcasares.eu\/gl\/casares-la-evaluacion-de-la-politica-pesquera-comun-ratifica-la-necesidad-de-su-reforma-urgente\/#primaryimage\",\"url\":\"https:\/\/nicogcasares.eu\/wp-content\/uploads\/2026\/04\/Nicolas-Gonzalez-Casares-esta-semana.-.jpeg\",\"contentUrl\":\"https:\/\/nicogcasares.eu\/wp-content\/uploads\/2026\/04\/Nicolas-Gonzalez-Casares-esta-semana.-.jpeg\",\"width\":1600,\"height\":1066},{\"@type\":\"BreadcrumbList\",\"@id\":\"https:\/\/nicogcasares.eu\/gl\/casares-la-evaluacion-de-la-politica-pesquera-comun-ratifica-la-necesidad-de-su-reforma-urgente\/#breadcrumb\",\"itemListElement\":[{\"@type\":\"ListItem\",\"position\":1,\"name\":\"Portada\",\"item\":\"https:\/\/nicogcasares.eu\/gl\/\"},{\"@type\":\"ListItem\",\"position\":2,\"name\":\"Casares: \u201cA avaliaci\u00f3n da Pol\u00edtica Pesqueira Com\u00fan ratifica a necesidade da s\u00faa reforma urxente\u201d\"}]},{\"@type\":\"WebSite\",\"@id\":\"https:\/\/nicogcasares.eu\/gl\/#website\",\"url\":\"https:\/\/nicogcasares.eu\/gl\/\",\"name\":\"Nico G. Casares\",\"description\":\"Diputado socialista en el parlamento europeo\",\"publisher\":{\"@id\":\"https:\/\/nicogcasares.eu\/gl\/#\/schema\/person\/75361477143e596646d48598a3778163\"},\"potentialAction\":[{\"@type\":\"SearchAction\",\"target\":{\"@type\":\"EntryPoint\",\"urlTemplate\":\"https:\/\/nicogcasares.eu\/gl\/?s={search_term_string}\"},\"query-input\":\"required name=search_term_string\"}],\"inLanguage\":\"gl-ES\"},{\"@type\":[\"Person\",\"Organization\"],\"@id\":\"https:\/\/nicogcasares.eu\/gl\/#\/schema\/person\/75361477143e596646d48598a3778163\",\"name\":\"Nicol\u00e1s Gonz\u00e1lez Casares\",\"image\":{\"@type\":\"ImageObject\",\"inLanguage\":\"gl-ES\",\"@id\":\"https:\/\/nicogcasares.eu\/gl\/#\/schema\/person\/image\/\",\"url\":\"https:\/\/nicogcasares.eu\/wp-content\/uploads\/2021\/11\/20211006_EP-119139A_FMA_0895_RESIZED_S.jpg\",\"contentUrl\":\"https:\/\/nicogcasares.eu\/wp-content\/uploads\/2021\/11\/20211006_EP-119139A_FMA_0895_RESIZED_S.jpg\",\"width\":639,\"height\":426,\"caption\":\"Nicol\u00e1s Gonz\u00e1lez Casares\"},\"logo\":{\"@id\":\"https:\/\/nicogcasares.eu\/gl\/#\/schema\/person\/image\/\"},\"url\":\"https:\/\/nicogcasares.eu\/gl\/author\/nico\/\"}]}<\/script>\n<!-- \/ Yoast SEO plugin. -->","yoast_head_json":{"title":"Casares: \u201cA avaliaci\u00f3n da Pol\u00edtica Pesqueira Com\u00fan ratifica a necesidade da s\u00faa reforma urxente\u201d - Nico G. Casares","description":"A avaliaci\u00f3n da Pol\u00edtica Pesqueira Com\u00fan ratifica a necesidade da s\u00faa reforma urxente","robots":{"index":"index","follow":"follow","max-snippet":"max-snippet:-1","max-image-preview":"max-image-preview:large","max-video-preview":"max-video-preview:-1"},"canonical":"https:\/\/nicogcasares.eu\/gl\/casares-la-evaluacion-de-la-politica-pesquera-comun-ratifica-la-necesidad-de-su-reforma-urgente\/","og_locale":"gl_ES","og_type":"article","og_title":"Casares: \u201cA avaliaci\u00f3n da Pol\u00edtica Pesqueira Com\u00fan ratifica a necesidade da s\u00faa reforma urxente\u201d","og_description":"O eurodeputado galego sinala que o declive na produci\u00f3n pesqueira europea esixe \u201cmedidas inmediatas\u201d","og_url":"https:\/\/nicogcasares.eu\/gl\/casares-la-evaluacion-de-la-politica-pesquera-comun-ratifica-la-necesidad-de-su-reforma-urgente\/","og_site_name":"Nico G. Casares","article_published_time":"2026-04-30T12:29:41+00:00","article_modified_time":"2026-04-30T12:31:58+00:00","og_image":[{"url":"https:\/\/nicogcasares.eu\/wp-content\/uploads\/2026\/04\/Nicolas-Gonzalez-Casares-esta-semana.--1024x682.jpeg"}],"author":"Nicol\u00e1s Gonz\u00e1lez Casares","twitter_card":"summary_large_image","twitter_title":"Casares: \u201cA avaliaci\u00f3n da Pol\u00edtica Pesqueira Com\u00fan ratifica a necesidade da s\u00faa reforma urxente\u201d","twitter_description":"O eurodeputado galego sinala que o declive na produci\u00f3n pesqueira europea esixe \u201cmedidas inmediatas\u201d","twitter_image":"https:\/\/nicogcasares.eu\/wp-content\/uploads\/2026\/04\/Nicolas-Gonzalez-Casares-esta-semana.--1024x682.jpeg","twitter_creator":"@nicogoncas","twitter_site":"@nicogoncas","twitter_misc":{"Escrito por":"Nicol\u00e1s Gonz\u00e1lez Casares","Tempo de lectura":"2 minutos"},"schema":{"@context":"https:\/\/schema.org","@graph":[{"@type":"Article","@id":"https:\/\/nicogcasares.eu\/gl\/casares-la-evaluacion-de-la-politica-pesquera-comun-ratifica-la-necesidad-de-su-reforma-urgente\/#article","isPartOf":{"@id":"https:\/\/nicogcasares.eu\/gl\/casares-la-evaluacion-de-la-politica-pesquera-comun-ratifica-la-necesidad-de-su-reforma-urgente\/"},"author":{"name":"Nicol\u00e1s Gonz\u00e1lez Casares","@id":"https:\/\/nicogcasares.eu\/gl\/#\/schema\/person\/75361477143e596646d48598a3778163"},"headline":"Casares: \u201cA avaliaci\u00f3n da Pol\u00edtica Pesqueira Com\u00fan ratifica a necesidade da s\u00faa reforma urxente\u201d","datePublished":"2026-04-30T12:29:41+00:00","dateModified":"2026-04-30T12:31:58+00:00","mainEntityOfPage":{"@id":"https:\/\/nicogcasares.eu\/gl\/casares-la-evaluacion-de-la-politica-pesquera-comun-ratifica-la-necesidad-de-su-reforma-urgente\/"},"wordCount":395,"publisher":{"@id":"https:\/\/nicogcasares.eu\/gl\/#\/schema\/person\/75361477143e596646d48598a3778163"},"image":{"@id":"https:\/\/nicogcasares.eu\/gl\/casares-la-evaluacion-de-la-politica-pesquera-comun-ratifica-la-necesidad-de-su-reforma-urgente\/#primaryimage"},"thumbnailUrl":"https:\/\/nicogcasares.eu\/wp-content\/uploads\/2026\/04\/Nicolas-Gonzalez-Casares-esta-semana.-.jpeg","keywords":["Nicol\u00e1s Gonz\u00e1lez Casares","Parlamento Europeo","pesca","Pol\u00edtica Pesquera Com\u00fan","Uni\u00f3n Europea"],"articleSection":["Actividade","Novas","Pesca"],"inLanguage":"gl-ES"},{"@type":"WebPage","@id":"https:\/\/nicogcasares.eu\/gl\/casares-la-evaluacion-de-la-politica-pesquera-comun-ratifica-la-necesidad-de-su-reforma-urgente\/","url":"https:\/\/nicogcasares.eu\/gl\/casares-la-evaluacion-de-la-politica-pesquera-comun-ratifica-la-necesidad-de-su-reforma-urgente\/","name":"Casares: \u201cA avaliaci\u00f3n da Pol\u00edtica Pesqueira Com\u00fan ratifica a necesidade da s\u00faa reforma urxente\u201d - Nico G. Casares","isPartOf":{"@id":"https:\/\/nicogcasares.eu\/gl\/#website"},"primaryImageOfPage":{"@id":"https:\/\/nicogcasares.eu\/gl\/casares-la-evaluacion-de-la-politica-pesquera-comun-ratifica-la-necesidad-de-su-reforma-urgente\/#primaryimage"},"image":{"@id":"https:\/\/nicogcasares.eu\/gl\/casares-la-evaluacion-de-la-politica-pesquera-comun-ratifica-la-necesidad-de-su-reforma-urgente\/#primaryimage"},"thumbnailUrl":"https:\/\/nicogcasares.eu\/wp-content\/uploads\/2026\/04\/Nicolas-Gonzalez-Casares-esta-semana.-.jpeg","datePublished":"2026-04-30T12:29:41+00:00","dateModified":"2026-04-30T12:31:58+00:00","description":"A avaliaci\u00f3n da Pol\u00edtica Pesqueira Com\u00fan ratifica a necesidade da s\u00faa reforma urxente","breadcrumb":{"@id":"https:\/\/nicogcasares.eu\/gl\/casares-la-evaluacion-de-la-politica-pesquera-comun-ratifica-la-necesidad-de-su-reforma-urgente\/#breadcrumb"},"inLanguage":"gl-ES","potentialAction":[{"@type":"ReadAction","target":["https:\/\/nicogcasares.eu\/gl\/casares-la-evaluacion-de-la-politica-pesquera-comun-ratifica-la-necesidad-de-su-reforma-urgente\/"]}]},{"@type":"ImageObject","inLanguage":"gl-ES","@id":"https:\/\/nicogcasares.eu\/gl\/casares-la-evaluacion-de-la-politica-pesquera-comun-ratifica-la-necesidad-de-su-reforma-urgente\/#primaryimage","url":"https:\/\/nicogcasares.eu\/wp-content\/uploads\/2026\/04\/Nicolas-Gonzalez-Casares-esta-semana.-.jpeg","contentUrl":"https:\/\/nicogcasares.eu\/wp-content\/uploads\/2026\/04\/Nicolas-Gonzalez-Casares-esta-semana.-.jpeg","width":1600,"height":1066},{"@type":"BreadcrumbList","@id":"https:\/\/nicogcasares.eu\/gl\/casares-la-evaluacion-de-la-politica-pesquera-comun-ratifica-la-necesidad-de-su-reforma-urgente\/#breadcrumb","itemListElement":[{"@type":"ListItem","position":1,"name":"Portada","item":"https:\/\/nicogcasares.eu\/gl\/"},{"@type":"ListItem","position":2,"name":"Casares: \u201cA avaliaci\u00f3n da Pol\u00edtica Pesqueira Com\u00fan ratifica a necesidade da s\u00faa reforma urxente\u201d"}]},{"@type":"WebSite","@id":"https:\/\/nicogcasares.eu\/gl\/#website","url":"https:\/\/nicogcasares.eu\/gl\/","name":"Nico G. Casares","description":"Diputado socialista en el parlamento europeo","publisher":{"@id":"https:\/\/nicogcasares.eu\/gl\/#\/schema\/person\/75361477143e596646d48598a3778163"},"potentialAction":[{"@type":"SearchAction","target":{"@type":"EntryPoint","urlTemplate":"https:\/\/nicogcasares.eu\/gl\/?s={search_term_string}"},"query-input":"required name=search_term_string"}],"inLanguage":"gl-ES"},{"@type":["Person","Organization"],"@id":"https:\/\/nicogcasares.eu\/gl\/#\/schema\/person\/75361477143e596646d48598a3778163","name":"Nicol\u00e1s Gonz\u00e1lez Casares","image":{"@type":"ImageObject","inLanguage":"gl-ES","@id":"https:\/\/nicogcasares.eu\/gl\/#\/schema\/person\/image\/","url":"https:\/\/nicogcasares.eu\/wp-content\/uploads\/2021\/11\/20211006_EP-119139A_FMA_0895_RESIZED_S.jpg","contentUrl":"https:\/\/nicogcasares.eu\/wp-content\/uploads\/2021\/11\/20211006_EP-119139A_FMA_0895_RESIZED_S.jpg","width":639,"height":426,"caption":"Nicol\u00e1s Gonz\u00e1lez Casares"},"logo":{"@id":"https:\/\/nicogcasares.eu\/gl\/#\/schema\/person\/image\/"},"url":"https:\/\/nicogcasares.eu\/gl\/author\/nico\/"}]}},"_links":{"self":[{"href":"https:\/\/nicogcasares.eu\/gl\/wp-json\/wp\/v2\/posts\/9093"}],"collection":[{"href":"https:\/\/nicogcasares.eu\/gl\/wp-json\/wp\/v2\/posts"}],"about":[{"href":"https:\/\/nicogcasares.eu\/gl\/wp-json\/wp\/v2\/types\/post"}],"author":[{"embeddable":true,"href":"https:\/\/nicogcasares.eu\/gl\/wp-json\/wp\/v2\/users\/4"}],"replies":[{"embeddable":true,"href":"https:\/\/nicogcasares.eu\/gl\/wp-json\/wp\/v2\/comments?post=9093"}],"version-history":[{"count":2,"href":"https:\/\/nicogcasares.eu\/gl\/wp-json\/wp\/v2\/posts\/9093\/revisions"}],"predecessor-version":[{"id":9096,"href":"https:\/\/nicogcasares.eu\/gl\/wp-json\/wp\/v2\/posts\/9093\/revisions\/9096"}],"wp:featuredmedia":[{"embeddable":true,"href":"https:\/\/nicogcasares.eu\/gl\/wp-json\/wp\/v2\/media\/9091"}],"wp:attachment":[{"href":"https:\/\/nicogcasares.eu\/gl\/wp-json\/wp\/v2\/media?parent=9093"}],"wp:term":[{"taxonomy":"category","embeddable":true,"href":"https:\/\/nicogcasares.eu\/gl\/wp-json\/wp\/v2\/categories?post=9093"},{"taxonomy":"post_tag","embeddable":true,"href":"https:\/\/nicogcasares.eu\/gl\/wp-json\/wp\/v2\/tags?post=9093"}],"curies":[{"name":"wp","href":"https:\/\/api.w.org\/{rel}","templated":true}]}}